{"id":124725,"date":"2017-11-21T18:40:22","date_gmt":"2017-11-21T17:40:22","guid":{"rendered":"http:\/\/kapitalis.com\/tunisie\/?p=124725"},"modified":"2017-11-21T18:40:22","modified_gmt":"2017-11-21T17:40:22","slug":"hammamet-mise-en-depot-de-2-terroristes-presumees","status":"publish","type":"post","link":"https:\/\/kapitalis.com\/tunisie\/2017\/11\/21\/hammamet-mise-en-depot-de-2-terroristes-presumees\/","title":{"rendered":"Hammamet : Mise en d\u00e9p\u00f4t de 2 terroristes pr\u00e9sum\u00e9es"},"content":{"rendered":"<p style=\"text-align: center;\"><img loading=\"lazy\" decoding=\"async\" class=\"alignnone size-full wp-image-88078\" src=\"http:\/\/kapitalis.com\/tunisie\/wp-content\/uploads\/2017\/03\/Niqab-nikah.jpg\" alt=\"\" width=\"626\" height=\"380\" \/><\/p>\n<p><em><strong>La justice a \u00e9mis, ce mardi 21 novembre 2017, un mandat de d\u00e9p\u00f4t contre 2 niqab\u00e9es, arr\u00eat\u00e9es, le mois dernier, \u00e0 Hammamet, pour lien avec un groupe terroriste op\u00e9rant en Libye.<\/strong><\/em><!--more--><\/p>\n<p>Les suspectes, \u00e2g\u00e9s de 24 et 26 ans, originaires de Bir Bouregba, auraient, selon une source, avou\u00e9 avoir \u00e9t\u00e9 en contact avec des terroristes libyens et qu\u2019elles devaient les rejoindre pour se marier, selon la charia.<\/p>\n<p>Elles auraient \u00e9galement indiqu\u00e9 avoir fait all\u00e9geance \u00e0 l\u2019organisation terroriste de l\u2019Etat islamique (Daech), tout en niant avoir recrut\u00e9 d\u2019autres femmes pour les suivre au jihad nikah, bien que les agents aient intercept\u00e9 des \u00e9changes entre elles confirmant le contraire.<\/p>\n<p style=\"text-align: right;\"><strong>Y. N.<\/strong><\/p>\n","protected":false},"excerpt":{"rendered":"<p>La justice a \u00e9mis, ce mardi 21 novembre 2017, un mandat de d\u00e9p\u00f4t contre 2 niqab\u00e9es, arr\u00eat\u00e9es, le mois dernier, \u00e0 Hammamet, pour lien avec un groupe terroriste op\u00e9rant en Libye.<\/p>\n","protected":false},"author":6,"featured_media":0,"comment_status":"open","ping_status":"open","sticky":false,"template":"","format":"standard","meta":{"footnotes":""},"categories":[998,2433],"tags":[2222,4707,258,439,29292,10147,544,2239,899],"class_list":["post-124725","post","type-post","status-publish","format-standard","hentry","category-societe","category-tunisie","tag-bir-bouregba","tag-charia","tag-daech","tag-hammamet","tag-isis","tag-jihad-nikah","tag-libye","tag-niqab","tag-terroristes"],"yoast_head":"<!-- This site is optimized with the Yoast SEO plugin v26.6 - https:\/\/yoast.com\/wordpress\/plugins\/seo\/ -->\n<title>Hammamet : Mise en d\u00e9p\u00f4t de 2 terroristes pr\u00e9sum\u00e9es - Kapitalis<\/title>\n<meta name=\"robots\" content=\"index, follow, max-snippet:-1, max-image-preview:large, max-video-preview:-1\" \/>\n<link rel=\"canonical\" href=\"https:\/\/kapitalis.com\/tunisie\/2017\/11\/21\/hammamet-mise-en-depot-de-2-terroristes-presumees\/\" \/>\n<meta property=\"og:locale\" content=\"fr_FR\" \/>\n<meta property=\"og:type\" content=\"article\" \/>\n<meta property=\"og:title\" content=\"Hammamet : Mise en d\u00e9p\u00f4t de 2 terroristes pr\u00e9sum\u00e9es - Kapitalis\" \/>\n<meta property=\"og:description\" content=\"La justice a \u00e9mis, ce mardi 21 novembre 2017, un mandat de d\u00e9p\u00f4t contre 2 niqab\u00e9es, arr\u00eat\u00e9es, le mois dernier, \u00e0 Hammamet, pour lien avec un groupe terroriste op\u00e9rant en Libye.\" \/>\n<meta property=\"og:url\" content=\"https:\/\/kapitalis.com\/tunisie\/2017\/11\/21\/hammamet-mise-en-depot-de-2-terroristes-presumees\/\" \/>\n<meta property=\"og:site_name\" content=\"Kapitalis\" \/>\n<meta property=\"article:publisher\" content=\"https:\/\/www.facebook.com\/KapitalisInfo\/\" \/>\n<meta property=\"article:published_time\" content=\"2017-11-21T17:40:22+00:00\" \/>\n<meta property=\"og:image\" content=\"http:\/\/kapitalis.com\/tunisie\/wp-content\/uploads\/2017\/03\/Niqab-nikah.jpg\" \/>\n<meta name=\"author\" content=\"Yusra NY\" \/>\n<meta name=\"twitter:card\" content=\"summary_large_image\" \/>\n<meta name=\"twitter:creator\" content=\"@KapitalisInfo\" \/>\n<meta name=\"twitter:site\" content=\"@KapitalisInfo\" \/>\n<meta name=\"twitter:label1\" content=\"\u00c9crit par\" \/>\n\t<meta name=\"twitter:data1\" content=\"Yusra NY\" \/>\n\t<meta name=\"twitter:label2\" content=\"Dur\u00e9e de lecture estim\u00e9e\" \/>\n\t<meta name=\"twitter:data2\" content=\"1 minute\" \/>\n<script type=\"application\/ld+json\" class=\"yoast-schema-graph\">{\"@context\":\"https:\/\/schema.org\",\"@graph\":[{\"@type\":\"Article\",\"@id\":\"https:\/\/kapitalis.com\/tunisie\/2017\/11\/21\/hammamet-mise-en-depot-de-2-terroristes-presumees\/#article\",\"isPartOf\":{\"@id\":\"https:\/\/kapitalis.com\/tunisie\/2017\/11\/21\/hammamet-mise-en-depot-de-2-terroristes-presumees\/\"},\"author\":{\"name\":\"Yusra NY\",\"@id\":\"https:\/\/kapitalis.com\/tunisie\/#\/schema\/person\/74bbde0154d49d790a92aaeac5bc01d5\"},\"headline\":\"Hammamet : Mise en d\u00e9p\u00f4t de 2 terroristes pr\u00e9sum\u00e9es\",\"datePublished\":\"2017-11-21T17:40:22+00:00\",\"mainEntityOfPage\":{\"@id\":\"https:\/\/kapitalis.com\/tunisie\/2017\/11\/21\/hammamet-mise-en-depot-de-2-terroristes-presumees\/\"},\"wordCount\":125,\"commentCount\":1,\"publisher\":{\"@id\":\"https:\/\/kapitalis.com\/tunisie\/#organization\"},\"image\":{\"@id\":\"https:\/\/kapitalis.com\/tunisie\/2017\/11\/21\/hammamet-mise-en-depot-de-2-terroristes-presumees\/#primaryimage\"},\"thumbnailUrl\":\"http:\/\/kapitalis.com\/tunisie\/wp-content\/uploads\/2017\/03\/Niqab-nikah.jpg\",\"keywords\":[\"Bir Bouregba\",\"charia\",\"Daech\",\"Hammamet\",\"Isis\",\"jihad nikah\",\"Libye\",\"niqab\",\"terroristes\"],\"articleSection\":[\"SOCIETE\",\"Tunisie\"],\"inLanguage\":\"fr-FR\",\"potentialAction\":[{\"@type\":\"CommentAction\",\"name\":\"Comment\",\"target\":[\"https:\/\/kapitalis.com\/tunisie\/2017\/11\/21\/hammamet-mise-en-depot-de-2-terroristes-presumees\/#respond\"]}]},{\"@type\":\"WebPage\",\"@id\":\"https:\/\/kapitalis.com\/tunisie\/2017\/11\/21\/hammamet-mise-en-depot-de-2-terroristes-presumees\/\",\"url\":\"https:\/\/kapitalis.com\/tunisie\/2017\/11\/21\/hammamet-mise-en-depot-de-2-terroristes-presumees\/\",\"name\":\"Hammamet : Mise en d\u00e9p\u00f4t de 2 terroristes pr\u00e9sum\u00e9es - Kapitalis\",\"isPartOf\":{\"@id\":\"https:\/\/kapitalis.com\/tunisie\/#website\"},\"primaryImageOfPage\":{\"@id\":\"https:\/\/kapitalis.com\/tunisie\/2017\/11\/21\/hammamet-mise-en-depot-de-2-terroristes-presumees\/#primaryimage\"},\"image\":{\"@id\":\"https:\/\/kapitalis.com\/tunisie\/2017\/11\/21\/hammamet-mise-en-depot-de-2-terroristes-presumees\/#primaryimage\"},\"thumbnailUrl\":\"http:\/\/kapitalis.com\/tunisie\/wp-content\/uploads\/2017\/03\/Niqab-nikah.jpg\",\"datePublished\":\"2017-11-21T17:40:22+00:00\",\"breadcrumb\":{\"@id\":\"https:\/\/kapitalis.com\/tunisie\/2017\/11\/21\/hammamet-mise-en-depot-de-2-terroristes-presumees\/#breadcrumb\"},\"inLanguage\":\"fr-FR\",\"potentialAction\":[{\"@type\":\"ReadAction\",\"target\":[\"https:\/\/kapitalis.com\/tunisie\/2017\/11\/21\/hammamet-mise-en-depot-de-2-terroristes-presumees\/\"]}]},{\"@type\":\"ImageObject\",\"inLanguage\":\"fr-FR\",\"@id\":\"https:\/\/kapitalis.com\/tunisie\/2017\/11\/21\/hammamet-mise-en-depot-de-2-terroristes-presumees\/#primaryimage\",\"url\":\"http:\/\/kapitalis.com\/tunisie\/wp-content\/uploads\/2017\/03\/Niqab-nikah.jpg\",\"contentUrl\":\"http:\/\/kapitalis.com\/tunisie\/wp-content\/uploads\/2017\/03\/Niqab-nikah.jpg\"},{\"@type\":\"BreadcrumbList\",\"@id\":\"https:\/\/kapitalis.com\/tunisie\/2017\/11\/21\/hammamet-mise-en-depot-de-2-terroristes-presumees\/#breadcrumb\",\"itemListElement\":[{\"@type\":\"ListItem\",\"position\":1,\"name\":\"Accueil\",\"item\":\"https:\/\/kapitalis.com\/tunisie\/\"},{\"@type\":\"ListItem\",\"position\":2,\"name\":\"Hammamet : Mise en d\u00e9p\u00f4t de 2 terroristes pr\u00e9sum\u00e9es\"}]},{\"@type\":\"WebSite\",\"@id\":\"https:\/\/kapitalis.com\/tunisie\/#website\",\"url\":\"https:\/\/kapitalis.com\/tunisie\/\",\"name\":\"Kapitalis\",\"description\":\"L&#039;actualit\u00e9 en Tunisie et dans le monde\",\"publisher\":{\"@id\":\"https:\/\/kapitalis.com\/tunisie\/#organization\"},\"potentialAction\":[{\"@type\":\"SearchAction\",\"target\":{\"@type\":\"EntryPoint\",\"urlTemplate\":\"https:\/\/kapitalis.com\/tunisie\/?s={search_term_string}\"},\"query-input\":{\"@type\":\"PropertyValueSpecification\",\"valueRequired\":true,\"valueName\":\"search_term_string\"}}],\"inLanguage\":\"fr-FR\"},{\"@type\":\"Organization\",\"@id\":\"https:\/\/kapitalis.com\/tunisie\/#organization\",\"name\":\"Kapitalis\",\"url\":\"https:\/\/kapitalis.com\/tunisie\/\",\"logo\":{\"@type\":\"ImageObject\",\"inLanguage\":\"fr-FR\",\"@id\":\"https:\/\/kapitalis.com\/tunisie\/#\/schema\/logo\/image\/\",\"url\":\"https:\/\/kapitalis.com\/tunisie\/wp-content\/uploads\/2022\/05\/Kapitalis-big-size.png\",\"contentUrl\":\"https:\/\/kapitalis.com\/tunisie\/wp-content\/uploads\/2022\/05\/Kapitalis-big-size.png\",\"width\":5000,\"height\":1500,\"caption\":\"Kapitalis\"},\"image\":{\"@id\":\"https:\/\/kapitalis.com\/tunisie\/#\/schema\/logo\/image\/\"},\"sameAs\":[\"https:\/\/www.facebook.com\/KapitalisInfo\/\",\"https:\/\/x.com\/KapitalisInfo\",\"https:\/\/www.youtube.com\/channel\/UC-yDYrHyfFBWWZaOw3FPg9Q\"]},{\"@type\":\"Person\",\"@id\":\"https:\/\/kapitalis.com\/tunisie\/#\/schema\/person\/74bbde0154d49d790a92aaeac5bc01d5\",\"name\":\"Yusra NY\",\"url\":\"https:\/\/kapitalis.com\/tunisie\/author\/yuza_adam\/\"}]}<\/script>\n<!-- \/ Yoast SEO plugin. -->","yoast_head_json":{"title":"Hammamet : Mise en d\u00e9p\u00f4t de 2 terroristes pr\u00e9sum\u00e9es - Kapitalis","robots":{"index":"index","follow":"follow","max-snippet":"max-snippet:-1","max-image-preview":"max-image-preview:large","max-video-preview":"max-video-preview:-1"},"canonical":"https:\/\/kapitalis.com\/tunisie\/2017\/11\/21\/hammamet-mise-en-depot-de-2-terroristes-presumees\/","og_locale":"fr_FR","og_type":"article","og_title":"Hammamet : Mise en d\u00e9p\u00f4t de 2 terroristes pr\u00e9sum\u00e9es - Kapitalis","og_description":"La justice a \u00e9mis, ce mardi 21 novembre 2017, un mandat de d\u00e9p\u00f4t contre 2 niqab\u00e9es, arr\u00eat\u00e9es, le mois dernier, \u00e0 Hammamet, pour lien avec un groupe terroriste op\u00e9rant en Libye.","og_url":"https:\/\/kapitalis.com\/tunisie\/2017\/11\/21\/hammamet-mise-en-depot-de-2-terroristes-presumees\/","og_site_name":"Kapitalis","article_publisher":"https:\/\/www.facebook.com\/KapitalisInfo\/","article_published_time":"2017-11-21T17:40:22+00:00","og_image":[{"url":"http:\/\/kapitalis.com\/tunisie\/wp-content\/uploads\/2017\/03\/Niqab-nikah.jpg","type":"","width":"","height":""}],"author":"Yusra NY","twitter_card":"summary_large_image","twitter_creator":"@KapitalisInfo","twitter_site":"@KapitalisInfo","twitter_misc":{"\u00c9crit par":"Yusra NY","Dur\u00e9e de lecture estim\u00e9e":"1 minute"},"schema":{"@context":"https:\/\/schema.org","@graph":[{"@type":"Article","@id":"https:\/\/kapitalis.com\/tunisie\/2017\/11\/21\/hammamet-mise-en-depot-de-2-terroristes-presumees\/#article","isPartOf":{"@id":"https:\/\/kapitalis.com\/tunisie\/2017\/11\/21\/hammamet-mise-en-depot-de-2-terroristes-presumees\/"},"author":{"name":"Yusra NY","@id":"https:\/\/kapitalis.com\/tunisie\/#\/schema\/person\/74bbde0154d49d790a92aaeac5bc01d5"},"headline":"Hammamet : Mise en d\u00e9p\u00f4t de 2 terroristes pr\u00e9sum\u00e9es","datePublished":"2017-11-21T17:40:22+00:00","mainEntityOfPage":{"@id":"https:\/\/kapitalis.com\/tunisie\/2017\/11\/21\/hammamet-mise-en-depot-de-2-terroristes-presumees\/"},"wordCount":125,"commentCount":1,"publisher":{"@id":"https:\/\/kapitalis.com\/tunisie\/#organization"},"image":{"@id":"https:\/\/kapitalis.com\/tunisie\/2017\/11\/21\/hammamet-mise-en-depot-de-2-terroristes-presumees\/#primaryimage"},"thumbnailUrl":"http:\/\/kapitalis.com\/tunisie\/wp-content\/uploads\/2017\/03\/Niqab-nikah.jpg","keywords":["Bir Bouregba","charia","Daech","Hammamet","Isis","jihad nikah","Libye","niqab","terroristes"],"articleSection":["SOCIETE","Tunisie"],"inLanguage":"fr-FR","potentialAction":[{"@type":"CommentAction","name":"Comment","target":["https:\/\/kapitalis.com\/tunisie\/2017\/11\/21\/hammamet-mise-en-depot-de-2-terroristes-presumees\/#respond"]}]},{"@type":"WebPage","@id":"https:\/\/kapitalis.com\/tunisie\/2017\/11\/21\/hammamet-mise-en-depot-de-2-terroristes-presumees\/","url":"https:\/\/kapitalis.com\/tunisie\/2017\/11\/21\/hammamet-mise-en-depot-de-2-terroristes-presumees\/","name":"Hammamet : Mise en d\u00e9p\u00f4t de 2 terroristes pr\u00e9sum\u00e9es - Kapitalis","isPartOf":{"@id":"https:\/\/kapitalis.com\/tunisie\/#website"},"primaryImageOfPage":{"@id":"https:\/\/kapitalis.com\/tunisie\/2017\/11\/21\/hammamet-mise-en-depot-de-2-terroristes-presumees\/#primaryimage"},"image":{"@id":"https:\/\/kapitalis.com\/tunisie\/2017\/11\/21\/hammamet-mise-en-depot-de-2-terroristes-presumees\/#primaryimage"},"thumbnailUrl":"http:\/\/kapitalis.com\/tunisie\/wp-content\/uploads\/2017\/03\/Niqab-nikah.jpg","datePublished":"2017-11-21T17:40:22+00:00","breadcrumb":{"@id":"https:\/\/kapitalis.com\/tunisie\/2017\/11\/21\/hammamet-mise-en-depot-de-2-terroristes-presumees\/#breadcrumb"},"inLanguage":"fr-FR","potentialAction":[{"@type":"ReadAction","target":["https:\/\/kapitalis.com\/tunisie\/2017\/11\/21\/hammamet-mise-en-depot-de-2-terroristes-presumees\/"]}]},{"@type":"ImageObject","inLanguage":"fr-FR","@id":"https:\/\/kapitalis.com\/tunisie\/2017\/11\/21\/hammamet-mise-en-depot-de-2-terroristes-presumees\/#primaryimage","url":"http:\/\/kapitalis.com\/tunisie\/wp-content\/uploads\/2017\/03\/Niqab-nikah.jpg","contentUrl":"http:\/\/kapitalis.com\/tunisie\/wp-content\/uploads\/2017\/03\/Niqab-nikah.jpg"},{"@type":"BreadcrumbList","@id":"https:\/\/kapitalis.com\/tunisie\/2017\/11\/21\/hammamet-mise-en-depot-de-2-terroristes-presumees\/#breadcrumb","itemListElement":[{"@type":"ListItem","position":1,"name":"Accueil","item":"https:\/\/kapitalis.com\/tunisie\/"},{"@type":"ListItem","position":2,"name":"Hammamet : Mise en d\u00e9p\u00f4t de 2 terroristes pr\u00e9sum\u00e9es"}]},{"@type":"WebSite","@id":"https:\/\/kapitalis.com\/tunisie\/#website","url":"https:\/\/kapitalis.com\/tunisie\/","name":"Kapitalis","description":"L&#039;actualit\u00e9 en Tunisie et dans le monde","publisher":{"@id":"https:\/\/kapitalis.com\/tunisie\/#organization"},"potentialAction":[{"@type":"SearchAction","target":{"@type":"EntryPoint","urlTemplate":"https:\/\/kapitalis.com\/tunisie\/?s={search_term_string}"},"query-input":{"@type":"PropertyValueSpecification","valueRequired":true,"valueName":"search_term_string"}}],"inLanguage":"fr-FR"},{"@type":"Organization","@id":"https:\/\/kapitalis.com\/tunisie\/#organization","name":"Kapitalis","url":"https:\/\/kapitalis.com\/tunisie\/","logo":{"@type":"ImageObject","inLanguage":"fr-FR","@id":"https:\/\/kapitalis.com\/tunisie\/#\/schema\/logo\/image\/","url":"https:\/\/kapitalis.com\/tunisie\/wp-content\/uploads\/2022\/05\/Kapitalis-big-size.png","contentUrl":"https:\/\/kapitalis.com\/tunisie\/wp-content\/uploads\/2022\/05\/Kapitalis-big-size.png","width":5000,"height":1500,"caption":"Kapitalis"},"image":{"@id":"https:\/\/kapitalis.com\/tunisie\/#\/schema\/logo\/image\/"},"sameAs":["https:\/\/www.facebook.com\/KapitalisInfo\/","https:\/\/x.com\/KapitalisInfo","https:\/\/www.youtube.com\/channel\/UC-yDYrHyfFBWWZaOw3FPg9Q"]},{"@type":"Person","@id":"https:\/\/kapitalis.com\/tunisie\/#\/schema\/person\/74bbde0154d49d790a92aaeac5bc01d5","name":"Yusra NY","url":"https:\/\/kapitalis.com\/tunisie\/author\/yuza_adam\/"}]}},"_links":{"self":[{"href":"https:\/\/kapitalis.com\/tunisie\/wp-json\/wp\/v2\/posts\/124725","targetHints":{"allow":["GET"]}}],"collection":[{"href":"https:\/\/kapitalis.com\/tunisie\/wp-json\/wp\/v2\/posts"}],"about":[{"href":"https:\/\/kapitalis.com\/tunisie\/wp-json\/wp\/v2\/types\/post"}],"author":[{"embeddable":true,"href":"https:\/\/kapitalis.com\/tunisie\/wp-json\/wp\/v2\/users\/6"}],"replies":[{"embeddable":true,"href":"https:\/\/kapitalis.com\/tunisie\/wp-json\/wp\/v2\/comments?post=124725"}],"version-history":[{"count":0,"href":"https:\/\/kapitalis.com\/tunisie\/wp-json\/wp\/v2\/posts\/124725\/revisions"}],"wp:attachment":[{"href":"https:\/\/kapitalis.com\/tunisie\/wp-json\/wp\/v2\/media?parent=124725"}],"wp:term":[{"taxonomy":"category","embeddable":true,"href":"https:\/\/kapitalis.com\/tunisie\/wp-json\/wp\/v2\/categories?post=124725"},{"taxonomy":"post_tag","embeddable":true,"href":"https:\/\/kapitalis.com\/tunisie\/wp-json\/wp\/v2\/tags?post=124725"}],"curies":[{"name":"wp","href":"https:\/\/api.w.org\/{rel}","templated":true}]}}