{"id":1249128,"date":"2022-06-04T20:50:58","date_gmt":"2022-06-04T19:50:58","guid":{"rendered":"https:\/\/kapitalis.com\/tunisie\/?p=1249128"},"modified":"2022-06-04T20:50:59","modified_gmt":"2022-06-04T19:50:59","slug":"le-parlement-dissous-choque-par-la-revocation-des-57-juges-par-le-president-saied","status":"publish","type":"post","link":"https:\/\/kapitalis.com\/tunisie\/2022\/06\/04\/le-parlement-dissous-choque-par-la-revocation-des-57-juges-par-le-president-saied\/","title":{"rendered":"Le parlement dissous \u00abchoqu\u00e9\u00bb par la r\u00e9vocation des 57 juges par le pr\u00e9sident Sa\u00efed"},"content":{"rendered":"\n<p><strong><em>Le chef du parti islamiste Ennahdha, Rached Ghannouchi a publi\u00e9 un communiqu\u00e9 au nom de la pr\u00e9sidence de l\u2019Assembl\u00e9e des repr\u00e9sentants du peuple (ARP), dont la dissolution a \u00e9t\u00e9 d\u00e9cid\u00e9e par le chef de l\u2019Etat ,le 30 mars 2021, afin de s&rsquo;exprimer sur la r\u00e9vocation de 57 juges par le pr\u00e9sident de la r\u00e9publique Ka\u00efs Sa\u00efed.<\/em><\/strong><\/p>\n\n\n\n<!--more-->\n\n\n\n<p>Ainsi Ghnnouchi qui s&rsquo;exprime au nom de la pr\u00e9sidence du parlement dissous, a affirm\u00e9 avoir \u00ab<em>re\u00e7u la nouvelle avec un grand choc\u00bb<\/em>, tout en d\u00e9non\u00e7ant la promulgation dudit d\u00e9cret, estimant que celui-ci <em>\u00abrepr\u00e9sente une ing\u00e9rence et une atteinte au pouvoir judiciaire ind\u00e9pendant\u00bb.<\/em><\/p>\n\n\n\n<p>La m\u00eame source a, de ce fait, exprim\u00e9 son soutien aux magistrats concern\u00e9s par la r\u00e9vocation, et a appel\u00e9 les partis politiques, les organisations et la soci\u00e9t\u00e9 civile \u00e0 <em>\u00absoutenir les magistrats dans la lutte contre la dictature afin de pr\u00e9server le droit des Tunisiens \u00e0 une justice ind\u00e9pendante\u00bb<\/em>.<\/p>\n\n\n\n<p>Notons que l&rsquo;Association des magistrats tunisiens a annonc\u00e9, quant \u00e0 elle, que les juges observeront une gr\u00e8ve d&rsquo;une semaine (renouvelable), \u00e0 partir de lundi prochain, et ce afin de protester contre la r\u00e9vocation desdits juges.<\/p>\n\n\n\n<p class=\"has-text-align-right\"><strong>Y. N.<\/strong><\/p>\n\n\n\n<figure class=\"wp-block-embed is-type-wp-embed is-provider-kapitalis wp-block-embed-kapitalis\"><div class=\"wp-block-embed__wrapper\">\n<blockquote class=\"wp-embedded-content\" data-secret=\"gDKz8uDmZL\"><a href=\"https:\/\/kapitalis.com\/tunisie\/2022\/06\/04\/association-des-magistrats-les-juges-en-greve-pendant-une-semaine-a-partir-du-lundi-6-juin-2022\/\">Association des magistrats : Les juges en gr\u00e8ve pendant une semaine, \u00e0 partir du lundi 6 juin 2022<\/a><\/blockquote><iframe loading=\"lazy\" class=\"wp-embedded-content\" sandbox=\"allow-scripts\" security=\"restricted\" style=\"position: absolute; clip: rect(1px, 1px, 1px, 1px);\" title=\"\u00ab\u00a0Association des magistrats : Les juges en gr\u00e8ve pendant une semaine, \u00e0 partir du lundi 6 juin 2022\u00a0\u00bb &#8212; Kapitalis\" src=\"https:\/\/kapitalis.com\/tunisie\/2022\/06\/04\/association-des-magistrats-les-juges-en-greve-pendant-une-semaine-a-partir-du-lundi-6-juin-2022\/embed\/#?secret=IlX8c5iocj#?secret=gDKz8uDmZL\" data-secret=\"gDKz8uDmZL\" width=\"600\" height=\"338\" frameborder=\"0\" marginwidth=\"0\" marginheight=\"0\" scrolling=\"no\"><\/iframe>\n<\/div><\/figure>\n","protected":false},"excerpt":{"rendered":"<p>Le parlement dissous \u00abchoqu\u00e9\u00bb par la r\u00e9vocation des 57 juges par le pr\u00e9sident Sa\u00efed<\/p>\n","protected":false},"author":6,"featured_media":1249460,"comment_status":"open","ping_status":"open","sticky":false,"template":"","format":"standard","meta":{"footnotes":""},"categories":[997,2433],"tags":[71,84,93,2319,76012,758,62643],"class_list":["post-1249128","post","type-post","status-publish","format-standard","has-post-thumbnail","hentry","category-politique","category-tunisie","tag-amt","tag-arp","tag-assemblee","tag-juges","tag-kais-saied-2","tag-rached-ghannouchi","tag-tunisie"],"yoast_head":"<!-- This site is optimized with the Yoast SEO plugin v26.6 - https:\/\/yoast.com\/wordpress\/plugins\/seo\/ -->\n<title>Le parlement dissous \u00abchoqu\u00e9\u00bb par la r\u00e9vocation des 57 juges par le pr\u00e9sident Sa\u00efed - Kapitalis<\/title>\n<meta name=\"description\" content=\"Le chef du parti islamiste Ennahdha, Rached Ghannouchi a publi\u00e9 un communiqu\u00e9 au nom de la pr\u00e9sidence de l\u2019Assembl\u00e9e des repr\u00e9sentants du peuple (ARP), dont la dissolution a \u00e9t\u00e9 d\u00e9cid\u00e9e par le chef de l\u2019Etat ,le 30 mars 2021, afin de s&#039;exprimer sur la r\u00e9vocation de 57 juges par le pr\u00e9sident de la r\u00e9publique Ka\u00efs Sa\u00efed.\" \/>\n<meta name=\"robots\" content=\"index, follow, max-snippet:-1, max-image-preview:large, max-video-preview:-1\" \/>\n<link rel=\"canonical\" href=\"https:\/\/kapitalis.com\/tunisie\/2022\/06\/04\/le-parlement-dissous-choque-par-la-revocation-des-57-juges-par-le-president-saied\/\" \/>\n<meta property=\"og:locale\" content=\"fr_FR\" \/>\n<meta property=\"og:type\" content=\"article\" \/>\n<meta property=\"og:title\" content=\"Le parlement dissous \u00abchoqu\u00e9\u00bb par la r\u00e9vocation des 57 juges par le pr\u00e9sident Sa\u00efed - Kapitalis\" \/>\n<meta property=\"og:description\" content=\"Le chef du parti islamiste Ennahdha, Rached Ghannouchi a publi\u00e9 un communiqu\u00e9 au nom de la pr\u00e9sidence de l\u2019Assembl\u00e9e des repr\u00e9sentants du peuple (ARP), dont la dissolution a \u00e9t\u00e9 d\u00e9cid\u00e9e par le chef de l\u2019Etat ,le 30 mars 2021, afin de s&#039;exprimer sur la r\u00e9vocation de 57 juges par le pr\u00e9sident de la r\u00e9publique Ka\u00efs Sa\u00efed.\" \/>\n<meta property=\"og:url\" content=\"https:\/\/kapitalis.com\/tunisie\/2022\/06\/04\/le-parlement-dissous-choque-par-la-revocation-des-57-juges-par-le-president-saied\/\" \/>\n<meta property=\"og:site_name\" content=\"Kapitalis\" \/>\n<meta property=\"article:publisher\" content=\"https:\/\/www.facebook.com\/KapitalisInfo\/\" \/>\n<meta property=\"article:published_time\" content=\"2022-06-04T19:50:58+00:00\" \/>\n<meta property=\"article:modified_time\" content=\"2022-06-04T19:50:59+00:00\" \/>\n<meta property=\"og:image\" content=\"https:\/\/kapitalis.com\/tunisie\/wp-content\/uploads\/2022\/06\/Ghannouchi-magistrats-juges.jpg\" \/>\n\t<meta property=\"og:image:width\" content=\"1200\" \/>\n\t<meta property=\"og:image:height\" content=\"630\" \/>\n\t<meta property=\"og:image:type\" content=\"image\/jpeg\" \/>\n<meta name=\"author\" content=\"Yusra NY\" \/>\n<meta name=\"twitter:card\" content=\"summary_large_image\" \/>\n<meta name=\"twitter:creator\" content=\"@KapitalisInfo\" \/>\n<meta name=\"twitter:site\" content=\"@KapitalisInfo\" \/>\n<meta name=\"twitter:label1\" content=\"\u00c9crit par\" \/>\n\t<meta name=\"twitter:data1\" content=\"Yusra NY\" \/>\n\t<meta name=\"twitter:label2\" content=\"Dur\u00e9e de lecture estim\u00e9e\" \/>\n\t<meta name=\"twitter:data2\" content=\"1 minute\" \/>\n<script type=\"application\/ld+json\" class=\"yoast-schema-graph\">{\"@context\":\"https:\/\/schema.org\",\"@graph\":[{\"@type\":\"Article\",\"@id\":\"https:\/\/kapitalis.com\/tunisie\/2022\/06\/04\/le-parlement-dissous-choque-par-la-revocation-des-57-juges-par-le-president-saied\/#article\",\"isPartOf\":{\"@id\":\"https:\/\/kapitalis.com\/tunisie\/2022\/06\/04\/le-parlement-dissous-choque-par-la-revocation-des-57-juges-par-le-president-saied\/\"},\"author\":{\"name\":\"Yusra NY\",\"@id\":\"https:\/\/kapitalis.com\/tunisie\/#\/schema\/person\/74bbde0154d49d790a92aaeac5bc01d5\"},\"headline\":\"Le parlement dissous \u00abchoqu\u00e9\u00bb par la r\u00e9vocation des 57 juges par le pr\u00e9sident Sa\u00efed\",\"datePublished\":\"2022-06-04T19:50:58+00:00\",\"dateModified\":\"2022-06-04T19:50:59+00:00\",\"mainEntityOfPage\":{\"@id\":\"https:\/\/kapitalis.com\/tunisie\/2022\/06\/04\/le-parlement-dissous-choque-par-la-revocation-des-57-juges-par-le-president-saied\/\"},\"wordCount\":227,\"commentCount\":8,\"publisher\":{\"@id\":\"https:\/\/kapitalis.com\/tunisie\/#organization\"},\"image\":{\"@id\":\"https:\/\/kapitalis.com\/tunisie\/2022\/06\/04\/le-parlement-dissous-choque-par-la-revocation-des-57-juges-par-le-president-saied\/#primaryimage\"},\"thumbnailUrl\":\"https:\/\/kapitalis.com\/tunisie\/wp-content\/uploads\/2022\/06\/Ghannouchi-magistrats-juges.jpg\",\"keywords\":[\"AMT\",\"ARP\",\"Assembl\u00e9e\",\"juges\",\"Ka\u00efs Sa\u00efed\",\"Rached Ghannouchi\",\"Tunisie\"],\"articleSection\":[\"POLITIQUE\",\"Tunisie\"],\"inLanguage\":\"fr-FR\",\"potentialAction\":[{\"@type\":\"CommentAction\",\"name\":\"Comment\",\"target\":[\"https:\/\/kapitalis.com\/tunisie\/2022\/06\/04\/le-parlement-dissous-choque-par-la-revocation-des-57-juges-par-le-president-saied\/#respond\"]}]},{\"@type\":\"WebPage\",\"@id\":\"https:\/\/kapitalis.com\/tunisie\/2022\/06\/04\/le-parlement-dissous-choque-par-la-revocation-des-57-juges-par-le-president-saied\/\",\"url\":\"https:\/\/kapitalis.com\/tunisie\/2022\/06\/04\/le-parlement-dissous-choque-par-la-revocation-des-57-juges-par-le-president-saied\/\",\"name\":\"Le parlement dissous \u00abchoqu\u00e9\u00bb par la r\u00e9vocation des 57 juges par le pr\u00e9sident Sa\u00efed - Kapitalis\",\"isPartOf\":{\"@id\":\"https:\/\/kapitalis.com\/tunisie\/#website\"},\"primaryImageOfPage\":{\"@id\":\"https:\/\/kapitalis.com\/tunisie\/2022\/06\/04\/le-parlement-dissous-choque-par-la-revocation-des-57-juges-par-le-president-saied\/#primaryimage\"},\"image\":{\"@id\":\"https:\/\/kapitalis.com\/tunisie\/2022\/06\/04\/le-parlement-dissous-choque-par-la-revocation-des-57-juges-par-le-president-saied\/#primaryimage\"},\"thumbnailUrl\":\"https:\/\/kapitalis.com\/tunisie\/wp-content\/uploads\/2022\/06\/Ghannouchi-magistrats-juges.jpg\",\"datePublished\":\"2022-06-04T19:50:58+00:00\",\"dateModified\":\"2022-06-04T19:50:59+00:00\",\"description\":\"Le chef du parti islamiste Ennahdha, Rached Ghannouchi a publi\u00e9 un communiqu\u00e9 au nom de la pr\u00e9sidence de l\u2019Assembl\u00e9e des repr\u00e9sentants du peuple (ARP), dont la dissolution a \u00e9t\u00e9 d\u00e9cid\u00e9e par le chef de l\u2019Etat ,le 30 mars 2021, afin de s'exprimer sur la r\u00e9vocation de 57 juges par le pr\u00e9sident de la r\u00e9publique Ka\u00efs Sa\u00efed.\",\"breadcrumb\":{\"@id\":\"https:\/\/kapitalis.com\/tunisie\/2022\/06\/04\/le-parlement-dissous-choque-par-la-revocation-des-57-juges-par-le-president-saied\/#breadcrumb\"},\"inLanguage\":\"fr-FR\",\"potentialAction\":[{\"@type\":\"ReadAction\",\"target\":[\"https:\/\/kapitalis.com\/tunisie\/2022\/06\/04\/le-parlement-dissous-choque-par-la-revocation-des-57-juges-par-le-president-saied\/\"]}]},{\"@type\":\"ImageObject\",\"inLanguage\":\"fr-FR\",\"@id\":\"https:\/\/kapitalis.com\/tunisie\/2022\/06\/04\/le-parlement-dissous-choque-par-la-revocation-des-57-juges-par-le-president-saied\/#primaryimage\",\"url\":\"https:\/\/kapitalis.com\/tunisie\/wp-content\/uploads\/2022\/06\/Ghannouchi-magistrats-juges.jpg\",\"contentUrl\":\"https:\/\/kapitalis.com\/tunisie\/wp-content\/uploads\/2022\/06\/Ghannouchi-magistrats-juges.jpg\",\"width\":1200,\"height\":630},{\"@type\":\"BreadcrumbList\",\"@id\":\"https:\/\/kapitalis.com\/tunisie\/2022\/06\/04\/le-parlement-dissous-choque-par-la-revocation-des-57-juges-par-le-president-saied\/#breadcrumb\",\"itemListElement\":[{\"@type\":\"ListItem\",\"position\":1,\"name\":\"Accueil\",\"item\":\"https:\/\/kapitalis.com\/tunisie\/\"},{\"@type\":\"ListItem\",\"position\":2,\"name\":\"Le parlement dissous \u00abchoqu\u00e9\u00bb par la r\u00e9vocation des 57 juges par le pr\u00e9sident Sa\u00efed\"}]},{\"@type\":\"WebSite\",\"@id\":\"https:\/\/kapitalis.com\/tunisie\/#website\",\"url\":\"https:\/\/kapitalis.com\/tunisie\/\",\"name\":\"Kapitalis\",\"description\":\"L&#039;actualit\u00e9 en Tunisie et dans le monde\",\"publisher\":{\"@id\":\"https:\/\/kapitalis.com\/tunisie\/#organization\"},\"potentialAction\":[{\"@type\":\"SearchAction\",\"target\":{\"@type\":\"EntryPoint\",\"urlTemplate\":\"https:\/\/kapitalis.com\/tunisie\/?s={search_term_string}\"},\"query-input\":{\"@type\":\"PropertyValueSpecification\",\"valueRequired\":true,\"valueName\":\"search_term_string\"}}],\"inLanguage\":\"fr-FR\"},{\"@type\":\"Organization\",\"@id\":\"https:\/\/kapitalis.com\/tunisie\/#organization\",\"name\":\"Kapitalis\",\"url\":\"https:\/\/kapitalis.com\/tunisie\/\",\"logo\":{\"@type\":\"ImageObject\",\"inLanguage\":\"fr-FR\",\"@id\":\"https:\/\/kapitalis.com\/tunisie\/#\/schema\/logo\/image\/\",\"url\":\"https:\/\/kapitalis.com\/tunisie\/wp-content\/uploads\/2022\/05\/Kapitalis-big-size.png\",\"contentUrl\":\"https:\/\/kapitalis.com\/tunisie\/wp-content\/uploads\/2022\/05\/Kapitalis-big-size.png\",\"width\":5000,\"height\":1500,\"caption\":\"Kapitalis\"},\"image\":{\"@id\":\"https:\/\/kapitalis.com\/tunisie\/#\/schema\/logo\/image\/\"},\"sameAs\":[\"https:\/\/www.facebook.com\/KapitalisInfo\/\",\"https:\/\/x.com\/KapitalisInfo\",\"https:\/\/www.youtube.com\/channel\/UC-yDYrHyfFBWWZaOw3FPg9Q\"]},{\"@type\":\"Person\",\"@id\":\"https:\/\/kapitalis.com\/tunisie\/#\/schema\/person\/74bbde0154d49d790a92aaeac5bc01d5\",\"name\":\"Yusra NY\",\"url\":\"https:\/\/kapitalis.com\/tunisie\/author\/yuza_adam\/\"}]}<\/script>\n<!-- \/ Yoast SEO plugin. -->","yoast_head_json":{"title":"Le parlement dissous \u00abchoqu\u00e9\u00bb par la r\u00e9vocation des 57 juges par le pr\u00e9sident Sa\u00efed - Kapitalis","description":"Le chef du parti islamiste Ennahdha, Rached Ghannouchi a publi\u00e9 un communiqu\u00e9 au nom de la pr\u00e9sidence de l\u2019Assembl\u00e9e des repr\u00e9sentants du peuple (ARP), dont la dissolution a \u00e9t\u00e9 d\u00e9cid\u00e9e par le chef de l\u2019Etat ,le 30 mars 2021, afin de s'exprimer sur la r\u00e9vocation de 57 juges par le pr\u00e9sident de la r\u00e9publique Ka\u00efs Sa\u00efed.","robots":{"index":"index","follow":"follow","max-snippet":"max-snippet:-1","max-image-preview":"max-image-preview:large","max-video-preview":"max-video-preview:-1"},"canonical":"https:\/\/kapitalis.com\/tunisie\/2022\/06\/04\/le-parlement-dissous-choque-par-la-revocation-des-57-juges-par-le-president-saied\/","og_locale":"fr_FR","og_type":"article","og_title":"Le parlement dissous \u00abchoqu\u00e9\u00bb par la r\u00e9vocation des 57 juges par le pr\u00e9sident Sa\u00efed - Kapitalis","og_description":"Le chef du parti islamiste Ennahdha, Rached Ghannouchi a publi\u00e9 un communiqu\u00e9 au nom de la pr\u00e9sidence de l\u2019Assembl\u00e9e des repr\u00e9sentants du peuple (ARP), dont la dissolution a \u00e9t\u00e9 d\u00e9cid\u00e9e par le chef de l\u2019Etat ,le 30 mars 2021, afin de s'exprimer sur la r\u00e9vocation de 57 juges par le pr\u00e9sident de la r\u00e9publique Ka\u00efs Sa\u00efed.","og_url":"https:\/\/kapitalis.com\/tunisie\/2022\/06\/04\/le-parlement-dissous-choque-par-la-revocation-des-57-juges-par-le-president-saied\/","og_site_name":"Kapitalis","article_publisher":"https:\/\/www.facebook.com\/KapitalisInfo\/","article_published_time":"2022-06-04T19:50:58+00:00","article_modified_time":"2022-06-04T19:50:59+00:00","og_image":[{"width":1200,"height":630,"url":"https:\/\/kapitalis.com\/tunisie\/wp-content\/uploads\/2022\/06\/Ghannouchi-magistrats-juges.jpg","type":"image\/jpeg"}],"author":"Yusra NY","twitter_card":"summary_large_image","twitter_creator":"@KapitalisInfo","twitter_site":"@KapitalisInfo","twitter_misc":{"\u00c9crit par":"Yusra NY","Dur\u00e9e de lecture estim\u00e9e":"1 minute"},"schema":{"@context":"https:\/\/schema.org","@graph":[{"@type":"Article","@id":"https:\/\/kapitalis.com\/tunisie\/2022\/06\/04\/le-parlement-dissous-choque-par-la-revocation-des-57-juges-par-le-president-saied\/#article","isPartOf":{"@id":"https:\/\/kapitalis.com\/tunisie\/2022\/06\/04\/le-parlement-dissous-choque-par-la-revocation-des-57-juges-par-le-president-saied\/"},"author":{"name":"Yusra NY","@id":"https:\/\/kapitalis.com\/tunisie\/#\/schema\/person\/74bbde0154d49d790a92aaeac5bc01d5"},"headline":"Le parlement dissous \u00abchoqu\u00e9\u00bb par la r\u00e9vocation des 57 juges par le pr\u00e9sident Sa\u00efed","datePublished":"2022-06-04T19:50:58+00:00","dateModified":"2022-06-04T19:50:59+00:00","mainEntityOfPage":{"@id":"https:\/\/kapitalis.com\/tunisie\/2022\/06\/04\/le-parlement-dissous-choque-par-la-revocation-des-57-juges-par-le-president-saied\/"},"wordCount":227,"commentCount":8,"publisher":{"@id":"https:\/\/kapitalis.com\/tunisie\/#organization"},"image":{"@id":"https:\/\/kapitalis.com\/tunisie\/2022\/06\/04\/le-parlement-dissous-choque-par-la-revocation-des-57-juges-par-le-president-saied\/#primaryimage"},"thumbnailUrl":"https:\/\/kapitalis.com\/tunisie\/wp-content\/uploads\/2022\/06\/Ghannouchi-magistrats-juges.jpg","keywords":["AMT","ARP","Assembl\u00e9e","juges","Ka\u00efs Sa\u00efed","Rached Ghannouchi","Tunisie"],"articleSection":["POLITIQUE","Tunisie"],"inLanguage":"fr-FR","potentialAction":[{"@type":"CommentAction","name":"Comment","target":["https:\/\/kapitalis.com\/tunisie\/2022\/06\/04\/le-parlement-dissous-choque-par-la-revocation-des-57-juges-par-le-president-saied\/#respond"]}]},{"@type":"WebPage","@id":"https:\/\/kapitalis.com\/tunisie\/2022\/06\/04\/le-parlement-dissous-choque-par-la-revocation-des-57-juges-par-le-president-saied\/","url":"https:\/\/kapitalis.com\/tunisie\/2022\/06\/04\/le-parlement-dissous-choque-par-la-revocation-des-57-juges-par-le-president-saied\/","name":"Le parlement dissous \u00abchoqu\u00e9\u00bb par la r\u00e9vocation des 57 juges par le pr\u00e9sident Sa\u00efed - Kapitalis","isPartOf":{"@id":"https:\/\/kapitalis.com\/tunisie\/#website"},"primaryImageOfPage":{"@id":"https:\/\/kapitalis.com\/tunisie\/2022\/06\/04\/le-parlement-dissous-choque-par-la-revocation-des-57-juges-par-le-president-saied\/#primaryimage"},"image":{"@id":"https:\/\/kapitalis.com\/tunisie\/2022\/06\/04\/le-parlement-dissous-choque-par-la-revocation-des-57-juges-par-le-president-saied\/#primaryimage"},"thumbnailUrl":"https:\/\/kapitalis.com\/tunisie\/wp-content\/uploads\/2022\/06\/Ghannouchi-magistrats-juges.jpg","datePublished":"2022-06-04T19:50:58+00:00","dateModified":"2022-06-04T19:50:59+00:00","description":"Le chef du parti islamiste Ennahdha, Rached Ghannouchi a publi\u00e9 un communiqu\u00e9 au nom de la pr\u00e9sidence de l\u2019Assembl\u00e9e des repr\u00e9sentants du peuple (ARP), dont la dissolution a \u00e9t\u00e9 d\u00e9cid\u00e9e par le chef de l\u2019Etat ,le 30 mars 2021, afin de s'exprimer sur la r\u00e9vocation de 57 juges par le pr\u00e9sident de la r\u00e9publique Ka\u00efs Sa\u00efed.","breadcrumb":{"@id":"https:\/\/kapitalis.com\/tunisie\/2022\/06\/04\/le-parlement-dissous-choque-par-la-revocation-des-57-juges-par-le-president-saied\/#breadcrumb"},"inLanguage":"fr-FR","potentialAction":[{"@type":"ReadAction","target":["https:\/\/kapitalis.com\/tunisie\/2022\/06\/04\/le-parlement-dissous-choque-par-la-revocation-des-57-juges-par-le-president-saied\/"]}]},{"@type":"ImageObject","inLanguage":"fr-FR","@id":"https:\/\/kapitalis.com\/tunisie\/2022\/06\/04\/le-parlement-dissous-choque-par-la-revocation-des-57-juges-par-le-president-saied\/#primaryimage","url":"https:\/\/kapitalis.com\/tunisie\/wp-content\/uploads\/2022\/06\/Ghannouchi-magistrats-juges.jpg","contentUrl":"https:\/\/kapitalis.com\/tunisie\/wp-content\/uploads\/2022\/06\/Ghannouchi-magistrats-juges.jpg","width":1200,"height":630},{"@type":"BreadcrumbList","@id":"https:\/\/kapitalis.com\/tunisie\/2022\/06\/04\/le-parlement-dissous-choque-par-la-revocation-des-57-juges-par-le-president-saied\/#breadcrumb","itemListElement":[{"@type":"ListItem","position":1,"name":"Accueil","item":"https:\/\/kapitalis.com\/tunisie\/"},{"@type":"ListItem","position":2,"name":"Le parlement dissous \u00abchoqu\u00e9\u00bb par la r\u00e9vocation des 57 juges par le pr\u00e9sident Sa\u00efed"}]},{"@type":"WebSite","@id":"https:\/\/kapitalis.com\/tunisie\/#website","url":"https:\/\/kapitalis.com\/tunisie\/","name":"Kapitalis","description":"L&#039;actualit\u00e9 en Tunisie et dans le monde","publisher":{"@id":"https:\/\/kapitalis.com\/tunisie\/#organization"},"potentialAction":[{"@type":"SearchAction","target":{"@type":"EntryPoint","urlTemplate":"https:\/\/kapitalis.com\/tunisie\/?s={search_term_string}"},"query-input":{"@type":"PropertyValueSpecification","valueRequired":true,"valueName":"search_term_string"}}],"inLanguage":"fr-FR"},{"@type":"Organization","@id":"https:\/\/kapitalis.com\/tunisie\/#organization","name":"Kapitalis","url":"https:\/\/kapitalis.com\/tunisie\/","logo":{"@type":"ImageObject","inLanguage":"fr-FR","@id":"https:\/\/kapitalis.com\/tunisie\/#\/schema\/logo\/image\/","url":"https:\/\/kapitalis.com\/tunisie\/wp-content\/uploads\/2022\/05\/Kapitalis-big-size.png","contentUrl":"https:\/\/kapitalis.com\/tunisie\/wp-content\/uploads\/2022\/05\/Kapitalis-big-size.png","width":5000,"height":1500,"caption":"Kapitalis"},"image":{"@id":"https:\/\/kapitalis.com\/tunisie\/#\/schema\/logo\/image\/"},"sameAs":["https:\/\/www.facebook.com\/KapitalisInfo\/","https:\/\/x.com\/KapitalisInfo","https:\/\/www.youtube.com\/channel\/UC-yDYrHyfFBWWZaOw3FPg9Q"]},{"@type":"Person","@id":"https:\/\/kapitalis.com\/tunisie\/#\/schema\/person\/74bbde0154d49d790a92aaeac5bc01d5","name":"Yusra NY","url":"https:\/\/kapitalis.com\/tunisie\/author\/yuza_adam\/"}]}},"_links":{"self":[{"href":"https:\/\/kapitalis.com\/tunisie\/wp-json\/wp\/v2\/posts\/1249128","targetHints":{"allow":["GET"]}}],"collection":[{"href":"https:\/\/kapitalis.com\/tunisie\/wp-json\/wp\/v2\/posts"}],"about":[{"href":"https:\/\/kapitalis.com\/tunisie\/wp-json\/wp\/v2\/types\/post"}],"author":[{"embeddable":true,"href":"https:\/\/kapitalis.com\/tunisie\/wp-json\/wp\/v2\/users\/6"}],"replies":[{"embeddable":true,"href":"https:\/\/kapitalis.com\/tunisie\/wp-json\/wp\/v2\/comments?post=1249128"}],"version-history":[{"count":0,"href":"https:\/\/kapitalis.com\/tunisie\/wp-json\/wp\/v2\/posts\/1249128\/revisions"}],"wp:featuredmedia":[{"embeddable":true,"href":"https:\/\/kapitalis.com\/tunisie\/wp-json\/wp\/v2\/media\/1249460"}],"wp:attachment":[{"href":"https:\/\/kapitalis.com\/tunisie\/wp-json\/wp\/v2\/media?parent=1249128"}],"wp:term":[{"taxonomy":"category","embeddable":true,"href":"https:\/\/kapitalis.com\/tunisie\/wp-json\/wp\/v2\/categories?post=1249128"},{"taxonomy":"post_tag","embeddable":true,"href":"https:\/\/kapitalis.com\/tunisie\/wp-json\/wp\/v2\/tags?post=1249128"}],"curies":[{"name":"wp","href":"https:\/\/api.w.org\/{rel}","templated":true}]}}