{"id":12492919,"date":"2024-04-17T08:20:04","date_gmt":"2024-04-17T07:20:04","guid":{"rendered":"https:\/\/kapitalis.com\/tunisie\/?p=12492919"},"modified":"2024-04-17T08:20:14","modified_gmt":"2024-04-17T07:20:14","slug":"que-contient-la-note-interne-de-censure-du-new-york-times-sur-gaza","status":"publish","type":"post","link":"https:\/\/kapitalis.com\/tunisie\/2024\/04\/17\/que-contient-la-note-interne-de-censure-du-new-york-times-sur-gaza\/","title":{"rendered":"Que contient la note interne de censure du New York Times sur Gaza?"},"content":{"rendered":"\n<p><strong><em>Une note interne du <\/em>New York Times<em> r\u00e9v\u00e9l\u00e9e par le site d\u2019investigation am\u00e9ricain <a href=\"https:\/\/theintercept.com\/2024\/04\/15\/nyt-israel-gaza-genocide-palestine-coverage\/\" target=\"_blank\" rel=\"noreferrer noopener\">The Intercept<\/a> indique que les dirigeants du journal pratiquent la censure concernant certains termes importants relatifs \u00e0 la guerre \u00e0 Gaza ce qui est de nature \u00e0 balancer la couverture du journal du c\u00f4t\u00e9 du narratif isra\u00e9lien. Cet \u00e9pisode illustre aussi une bataille interne qui secoue le c\u00e9l\u00e8bre journal depuis le 7 octobre. Et prouve, s\u2019il en est besoin, l\u2019inanit\u00e9 des pr\u00e9tentions \u00e0 l\u2019objectivit\u00e9 des m\u00e9dias occidentaux en g\u00e9n\u00e9ral dont le <\/em>NYT<em> reste l\u2019un des embl\u00e8mes. D\u00e9cryptage.\u00a0<\/em><\/strong><\/p>\n\n\n\n<p>Par<strong> Imed Bahri<\/strong><\/p>\n\n\n\n<!--more-->\n\n\n\n<p>L\u2019article du site d\u2019investigation am\u00e9ricain progressiste<em> The Intercept<\/em> \u00e9crit par Jeremy Scahill et Ryan Grimm r\u00e9v\u00e8le que des instructions ont \u00e9t\u00e9 donn\u00e9es aux journalistes couvrant la guerre isra\u00e9lienne dans la bande de Gaza pour restreindre l\u2019utilisation des termes&nbsp;<em>\u00abg\u00e9nocide\u00bb<\/em> et <em>\u00abnettoyage ethnique\u00bb<\/em> et d\u2019\u00e9viter d\u2019utiliser le terme <em>\u00abterritoires occup\u00e9s\u00bb <\/em>quand ils abordent les territoires palestiniens. La r\u00e9v\u00e9lation a \u00e9t\u00e9 faite sur la base d\u2019une note interne du <em>NYT<\/em> dont les journalistes de <em>The Intercept<\/em> ont obtenu une copie.<\/p>\n\n\n\n<p>\u00c7a ne s\u2019arr\u00eate pas l\u00e0. La note exige \u00e9galement des journalistes de ne pas utiliser le terme <em>\u00abPalestine\u00bb<\/em> sauf <em>\u00abdans des cas tr\u00e8s rares\u00bb<\/em> et de ne pas utiliser le terme <em>\u00abcamps de r\u00e9fugi\u00e9s\u00bb<\/em> pour d\u00e9crire les zones de Gaza o\u00f9 les Palestiniens d\u00e9plac\u00e9s et expuls\u00e9s d\u2019autres parties de leur territoire ont cherch\u00e9 refuge lors des pr\u00e9c\u00e9dentes guerres isra\u00e9lo-arabes. Les Nations-Unies reconnaissent ces zones comme des camps de r\u00e9fugi\u00e9s qui abritent des centaines de milliers de r\u00e9fugi\u00e9s enregistr\u00e9s mais ce n\u2019est pas du go\u00fbt de la direction du <em>NYT<\/em>.<\/p>\n\n\n\n<p>La note -r\u00e9dig\u00e9 par Susan Wesling, r\u00e9dactrice en chef des normes du NYT et le r\u00e9dacteur international Philip Pan et leurs adjoints- <em>\u00abfournit des conseils sur certaines des terminologies et d\u2019autres questions avec lesquelles nous sommes aux prises depuis le d\u00e9but du conflit en octobre\u00bb<\/em>.<\/p>\n\n\n\n<h2 class=\"wp-block-heading\">Soumission au narratif isra\u00e9lien<\/h2>\n\n\n\n<p>Alors que le document est pr\u00e9sent\u00e9 comme un aper\u00e7u g\u00e9n\u00e9ral du maintien de principes journalistiques objectifs dans la couverture de la guerre \u00e0 Gaza, plusieurs membres du <em>NYT<\/em> ont d\u00e9clar\u00e9 \u00e0 <em>The Intercept<\/em> que certains de ses contenus montrent la preuve de la soumission du journal au narratif isra\u00e9lien. Une source de la r\u00e9daction du journal qui a requis l\u2019anonymat par crainte de repr\u00e9sailles a d\u00e9clar\u00e9 \u00e0 propos de la note interne: <em>\u00abJe pense que ce genre de chose semble professionnel et logique si vous n\u2019avez aucune connaissance du contexte historique du conflit palestino-isra\u00e9lien. Mais si vous le saviez, vous verriez clairement le degr\u00e9 de justification \u00e0 Isra\u00ebl.\u00bb<\/em><\/p>\n\n\n\n<figure class=\"wp-block-embed is-type-wp-embed is-provider-kapitalis wp-block-embed-kapitalis\"><div class=\"wp-block-embed__wrapper\">\n<blockquote class=\"wp-embedded-content\" data-secret=\"q5ysBdlS0V\"><a href=\"https:\/\/kapitalis.com\/tunisie\/2023\/11\/23\/climat-de-peur-aux-etats-unis-la-harvard-law-review-censure-un-article-sur-le-genocide-a-gaza\/\">Climat de peur aux Etats-Unis\u00a0: la Harvard Law Review censure un article sur le g\u00e9nocide \u00e0 Gaza<\/a><\/blockquote><iframe loading=\"lazy\" class=\"wp-embedded-content\" sandbox=\"allow-scripts\" security=\"restricted\" style=\"position: absolute; clip: rect(1px, 1px, 1px, 1px);\" title=\"\u00ab\u00a0Climat de peur aux Etats-Unis\u00a0: la Harvard Law Review censure un article sur le g\u00e9nocide \u00e0 Gaza\u00a0\u00bb &#8212; Kapitalis\" src=\"https:\/\/kapitalis.com\/tunisie\/2023\/11\/23\/climat-de-peur-aux-etats-unis-la-harvard-law-review-censure-un-article-sur-le-genocide-a-gaza\/embed\/#?secret=MiRglQ0Ty8#?secret=q5ysBdlS0V\" data-secret=\"q5ysBdlS0V\" width=\"600\" height=\"338\" frameborder=\"0\" marginwidth=\"0\" marginheight=\"0\" scrolling=\"no\"><\/iframe>\n<\/div><\/figure>\n\n\n\n<p>Distribu\u00e9es pour la premi\u00e8re fois aux journalistes du <em>NYT <\/em>en novembre, ces lignes directrices \u2013qui rassemblaient et d\u00e9veloppaient les anciennes directives de style concernant le conflit isra\u00e9lo-palestinien\u2013 ont \u00e9t\u00e9 r\u00e9guli\u00e8rement mises \u00e0 jour au cours des mois qui ont suivi. Ils pr\u00e9sentent une fen\u00eatre interne sur la pens\u00e9e des r\u00e9dacteurs internationaux du <em>NYT <\/em>alors qu\u2019ils ont \u00e9t\u00e9 confront\u00e9s \u00e0 des bouleversements au sein de la r\u00e9daction suite \u00e0 la couverture de la guerre \u00e0 Gaza par le journal. <em>\u00abPublier des directives comme celles-ci pour garantir l\u2019exactitude, la coh\u00e9rence et la nuance dans la fa\u00e7on dont nous couvrons l\u2019actualit\u00e9 est une pratique courante\u00bb<\/em>, a d\u00e9clar\u00e9 Charlie Stadtlander, porte-parole du <em>NYT<\/em> avant de poursuivre: <em>\u00abDans tous nos reportages, y compris sur des \u00e9v\u00e9nements complexes comme celui-ci, nous veillons \u00e0 ce que nos choix linguistiques soient sensibles, actuels et clairs pour notre public.\u00bb<\/em><\/p>\n\n\n\n<p>Les questions concernant les orientations stylistiques font partie d\u2019une s\u00e9rie de divisions internes au sein du journal concernant sa couverture m\u00e9diatique de Gaza. En janvier, <em>The Intercept<\/em> a fait \u00e9tat de diff\u00e9rends dans la r\u00e9daction au sujet d\u2019un article d\u2019enqu\u00eate sur les violences sexuelles du 7 octobre. La fuite a donn\u00e9 lieu \u00e0 une enqu\u00eate interne tr\u00e8s inhabituelle. Le <em>NYT<\/em> a fait l\u2019objet de s\u00e9v\u00e8res critiques pour avoir pr\u00e9tendument cibl\u00e9 des travailleurs du journal d\u2019origine moyen-orientale et nord-africaine, ce que les dirigeants ont ni\u00e9. Lundi, le r\u00e9dacteur en chef Joe Kahn a d\u00e9clar\u00e9 au personnel que l\u2019enqu\u00eate sur les fuites avait \u00e9t\u00e9 conclue sans succ\u00e8s.<\/p>\n\n\n\n<h2 class=\"wp-block-heading\">Police de la pens\u00e9e<\/h2>\n\n\n\n<p>Presque imm\u00e9diatement apr\u00e8s le 7 octobre et le lancement de la guerre de la terre br\u00fbl\u00e9e par Isra\u00ebl contre Gaza, les tensions ont commenc\u00e9 \u00e0 monter en \u00e9bullition au sein de la r\u00e9daction \u00e0 propos de la couverture m\u00e9diatique du <em>NYT<\/em>. Certains membres du personnel ont d\u00e9clar\u00e9 qu\u2019ils pensaient que le journal faisait tout son possible pour s\u2019en remettre au r\u00e9cit isra\u00e9lien sur les \u00e9v\u00e9nements et n\u2019appliquait m\u00eame pas les normes dans sa couverture. Les disputes ont commenc\u00e9 \u00e0 fomenter sur le groupe <em>Slack<\/em> (plateforme interne de communication entre coll\u00e8gues) et sur les autres groupes de discussion sur WhatsApp.&nbsp;<\/p>\n\n\n\n<p>Les d\u00e9bats entre journalistes du groupe WhatsApp dirig\u00e9 par le bureau du <em>NYT<\/em> \u00e0 J\u00e9rusalem, qui comprenait \u00e0 un moment donn\u00e9 90 journalistes et r\u00e9dacteurs, sont devenus si intenses que Pan, le r\u00e9dacteur international, est intervenu. Le bureau de J\u00e9rusalem est l\u2019un des plus importants du journal dans le monde et fut dirig\u00e9 il y a quelques d\u00e9cennies par Thomas Friedman apr\u00e8s qu\u2019il ait dirig\u00e9 le bureau de Beyrouth.\u00a0<\/p>\n\n\n\n<figure class=\"wp-block-embed is-type-wp-embed is-provider-kapitalis wp-block-embed-kapitalis\"><div class=\"wp-block-embed__wrapper\">\n<blockquote class=\"wp-embedded-content\" data-secret=\"p5sbz2mPMb\"><a href=\"https:\/\/kapitalis.com\/tunisie\/2023\/12\/21\/hrw-denonce-la-censure-systemique-de-contenus-pro-palestiniens-par-meta\/\">HRW d\u00e9nonce la censure syst\u00e9mique de contenus pro-palestiniens par Meta<\/a><\/blockquote><iframe loading=\"lazy\" class=\"wp-embedded-content\" sandbox=\"allow-scripts\" security=\"restricted\" style=\"position: absolute; clip: rect(1px, 1px, 1px, 1px);\" title=\"\u00ab\u00a0HRW d\u00e9nonce la censure syst\u00e9mique de contenus pro-palestiniens par Meta\u00a0\u00bb &#8212; Kapitalis\" src=\"https:\/\/kapitalis.com\/tunisie\/2023\/12\/21\/hrw-denonce-la-censure-systemique-de-contenus-pro-palestiniens-par-meta\/embed\/#?secret=nyOhC8Vz7R#?secret=p5sbz2mPMb\" data-secret=\"p5sbz2mPMb\" width=\"600\" height=\"338\" frameborder=\"0\" marginwidth=\"0\" marginheight=\"0\" scrolling=\"no\"><\/iframe>\n<\/div><\/figure>\n\n\n\n<p><em>\u00abNous devons mieux communiquer les uns avec les autres lorsque nous rapportons l\u2019actualit\u00e9 afin que nos discussions soient plus productives et nos d\u00e9saccords moins distrayants\u00bb<\/em>, a \u00e9crit Pan dans un message WhatsApp du 28 novembre consult\u00e9 par <em>The Intercept<\/em> et rapport\u00e9 pour la premi\u00e8re fois par le <em>Wall Street Journal<\/em>. <em>\u00ab\u00c0 son meilleur, ce canal de communication a \u00e9t\u00e9 un espace rapide, transparent et productif pour collaborer sur une histoire complexe et en \u00e9volution rapide. Dans le pire des cas, c\u2019est un forum tendu o\u00f9 les questions et les commentaires peuvent para\u00eetre accusateurs et personnels.\u00bb<\/em><\/p>\n\n\n\n<p>Pan a d\u00e9clar\u00e9 sans ambages: <em>\u00abN\u2019utilisez pas ce canal pour exprimer des inqui\u00e9tudes concernant la couverture m\u00e9diatique.\u00bb<\/em><\/p>\n\n\n\n<h2 class=\"wp-block-heading\"><em>Des \u00abvaleurs\u00bb<\/em> \u00e0 la t\u00eate du client<\/h2>\n\n\n\n<p>Parmi les sujets de d\u00e9bat au sein du groupe WhatsApp du bureau de J\u00e9rusalem et d\u2019\u00e9changes sur <em>Slack<\/em>, examin\u00e9s par <em>The Intercept<\/em> et v\u00e9rifi\u00e9s aupr\u00e8s de plusieurs sources de la r\u00e9daction, figuraient les attaques isra\u00e9liennes contre l\u2019h\u00f4pital Al-Shifa, les statistiques sur les morts de civils palestiniens, les all\u00e9gations de conduite g\u00e9nocidaire d\u2019Isra\u00ebl, et la tendance du pr\u00e9sident Joe Biden \u00e0 promouvoir les all\u00e9gations non v\u00e9rifi\u00e9es du gouvernement isra\u00e9lien comme des faits. Pan n\u2019a pas r\u00e9pondu \u00e0 une demande de commentaire.<\/p>\n\n\n\n<p>Entre d\u2019un c\u00f4t\u00e9 l\u2019Allemagne qui pulv\u00e9rise tous les records pour soutenir l\u00e2chement Isra\u00ebl en n\u2019h\u00e9sitant pas \u00e0 jeter \u00e0 la poubelle la libert\u00e9 d\u2019expression et de manifestation quand il s\u2019agit de la Palestine car l\u2019<a href=\"https:\/\/kapitalis.com\/tunisie\/2024\/04\/09\/lallemagne-rend-des-comptes-devant-la-cij-pour-son-soutien-aveugle-a-israel\/\" target=\"_blank\" rel=\"noreferrer noopener\">Allemagne devient tyrannique et r\u00e9pressive <\/a>s\u2019agissant de cette cause, et d\u2019un autre c\u00f4t\u00e9 la police de la pens\u00e9e qui s\u00e9vit dans les plus grands journaux du monde comme le <em>New York Times<\/em>, l\u2019Occident d\u00e9mocratique et droit-de-l\u2019hommiste ne cessera de nous \u00e9pater avec ces <em>\u00abvaleurs\u00bb<\/em> qu\u2019il sert \u00e0 son aise selon la t\u00eate du client!<\/p>\n\n\n\n<figure class=\"wp-block-embed is-type-wp-embed is-provider-kapitalis wp-block-embed-kapitalis\"><div class=\"wp-block-embed__wrapper\">\n<blockquote class=\"wp-embedded-content\" data-secret=\"nYKpudLkga\"><a href=\"https:\/\/kapitalis.com\/tunisie\/2024\/04\/09\/lallemagne-rend-des-comptes-devant-la-cij-pour-son-soutien-aveugle-a-israel\/\">L\u2019Allemagne rend des comptes devant la CIJ pour son soutien aveugle \u00e0 Isra\u00ebl<\/a><\/blockquote><iframe loading=\"lazy\" class=\"wp-embedded-content\" sandbox=\"allow-scripts\" security=\"restricted\" style=\"position: absolute; clip: rect(1px, 1px, 1px, 1px);\" title=\"\u00ab\u00a0L\u2019Allemagne rend des comptes devant la CIJ pour son soutien aveugle \u00e0 Isra\u00ebl\u00a0\u00bb &#8212; Kapitalis\" src=\"https:\/\/kapitalis.com\/tunisie\/2024\/04\/09\/lallemagne-rend-des-comptes-devant-la-cij-pour-son-soutien-aveugle-a-israel\/embed\/#?secret=wR3TWz5bQa#?secret=nYKpudLkga\" data-secret=\"nYKpudLkga\" width=\"600\" height=\"338\" frameborder=\"0\" marginwidth=\"0\" marginheight=\"0\" scrolling=\"no\"><\/iframe>\n<\/div><\/figure>\n","protected":false},"excerpt":{"rendered":"<p>La direction du New York Times pratique la censure concernant certains termes importants relatifs \u00e0 la guerre \u00e0 Gaza. <\/p>\n","protected":false},"author":8,"featured_media":12492975,"comment_status":"open","ping_status":"open","sticky":false,"template":"","format":"standard","meta":{"footnotes":""},"categories":[992,996,997,2433],"tags":[2444,111719,2478,115047,6699,4026,115046,78946,115045],"class_list":["post-12492919","post","type-post","status-publish","format-standard","has-post-thumbnail","hentry","category-a-la-une","category-media","category-politique","category-tunisie","tag-gaza","tag-genocide","tag-israel","tag-joe-kahn","tag-new-york-times","tag-palestine","tag-susan-wesling","tag-territoires-occupes","tag-the-intercept"],"yoast_head":"<!-- This site is optimized with the Yoast SEO plugin v26.6 - https:\/\/yoast.com\/wordpress\/plugins\/seo\/ -->\n<title>Que contient la note interne de censure du New York Times sur Gaza? - Kapitalis<\/title>\n<meta name=\"robots\" content=\"index, follow, max-snippet:-1, max-image-preview:large, max-video-preview:-1\" \/>\n<link rel=\"canonical\" href=\"https:\/\/kapitalis.com\/tunisie\/2024\/04\/17\/que-contient-la-note-interne-de-censure-du-new-york-times-sur-gaza\/\" \/>\n<meta property=\"og:locale\" content=\"fr_FR\" \/>\n<meta property=\"og:type\" content=\"article\" \/>\n<meta property=\"og:title\" content=\"Que contient la note interne de censure du New York Times sur Gaza? - Kapitalis\" \/>\n<meta property=\"og:description\" content=\"La direction du New York Times pratique la censure concernant certains termes importants relatifs \u00e0 la guerre \u00e0 Gaza.\" \/>\n<meta property=\"og:url\" content=\"https:\/\/kapitalis.com\/tunisie\/2024\/04\/17\/que-contient-la-note-interne-de-censure-du-new-york-times-sur-gaza\/\" \/>\n<meta property=\"og:site_name\" content=\"Kapitalis\" \/>\n<meta property=\"article:publisher\" content=\"https:\/\/www.facebook.com\/KapitalisInfo\/\" \/>\n<meta property=\"article:published_time\" content=\"2024-04-17T07:20:04+00:00\" \/>\n<meta property=\"article:modified_time\" content=\"2024-04-17T07:20:14+00:00\" \/>\n<meta property=\"og:image\" content=\"https:\/\/kapitalis.com\/tunisie\/wp-content\/uploads\/2024\/04\/New-York-Times-Palestine.jpg\" \/>\n\t<meta property=\"og:image:width\" content=\"1200\" \/>\n\t<meta property=\"og:image:height\" content=\"630\" \/>\n\t<meta property=\"og:image:type\" content=\"image\/jpeg\" \/>\n<meta name=\"author\" content=\"webmaster kapitalis\" \/>\n<meta name=\"twitter:card\" content=\"summary_large_image\" \/>\n<meta name=\"twitter:creator\" content=\"@KapitalisInfo\" \/>\n<meta name=\"twitter:site\" content=\"@KapitalisInfo\" \/>\n<meta name=\"twitter:label1\" content=\"\u00c9crit par\" \/>\n\t<meta name=\"twitter:data1\" content=\"webmaster kapitalis\" \/>\n\t<meta name=\"twitter:label2\" content=\"Dur\u00e9e de lecture estim\u00e9e\" \/>\n\t<meta name=\"twitter:data2\" content=\"6 minutes\" \/>\n<script type=\"application\/ld+json\" class=\"yoast-schema-graph\">{\"@context\":\"https:\/\/schema.org\",\"@graph\":[{\"@type\":\"Article\",\"@id\":\"https:\/\/kapitalis.com\/tunisie\/2024\/04\/17\/que-contient-la-note-interne-de-censure-du-new-york-times-sur-gaza\/#article\",\"isPartOf\":{\"@id\":\"https:\/\/kapitalis.com\/tunisie\/2024\/04\/17\/que-contient-la-note-interne-de-censure-du-new-york-times-sur-gaza\/\"},\"author\":{\"name\":\"webmaster kapitalis\",\"@id\":\"https:\/\/kapitalis.com\/tunisie\/#\/schema\/person\/d71f33a9ca44f7bad4698210b480c8e9\"},\"headline\":\"Que contient la note interne de censure du New York Times sur Gaza?\",\"datePublished\":\"2024-04-17T07:20:04+00:00\",\"dateModified\":\"2024-04-17T07:20:14+00:00\",\"mainEntityOfPage\":{\"@id\":\"https:\/\/kapitalis.com\/tunisie\/2024\/04\/17\/que-contient-la-note-interne-de-censure-du-new-york-times-sur-gaza\/\"},\"wordCount\":1312,\"commentCount\":1,\"publisher\":{\"@id\":\"https:\/\/kapitalis.com\/tunisie\/#organization\"},\"image\":{\"@id\":\"https:\/\/kapitalis.com\/tunisie\/2024\/04\/17\/que-contient-la-note-interne-de-censure-du-new-york-times-sur-gaza\/#primaryimage\"},\"thumbnailUrl\":\"https:\/\/kapitalis.com\/tunisie\/wp-content\/uploads\/2024\/04\/New-York-Times-Palestine.jpg\",\"keywords\":[\"Gaza\",\"g\u00e9nocide\",\"Isra\u00ebl\",\"Joe Kahn\",\"New York Times\",\"Palestine\",\"Susan Wesling\",\"territoires occup\u00e9s\",\"The Intercept\"],\"articleSection\":[\"A LA UNE\",\"MEDIA\",\"POLITIQUE\",\"Tunisie\"],\"inLanguage\":\"fr-FR\",\"potentialAction\":[{\"@type\":\"CommentAction\",\"name\":\"Comment\",\"target\":[\"https:\/\/kapitalis.com\/tunisie\/2024\/04\/17\/que-contient-la-note-interne-de-censure-du-new-york-times-sur-gaza\/#respond\"]}]},{\"@type\":\"WebPage\",\"@id\":\"https:\/\/kapitalis.com\/tunisie\/2024\/04\/17\/que-contient-la-note-interne-de-censure-du-new-york-times-sur-gaza\/\",\"url\":\"https:\/\/kapitalis.com\/tunisie\/2024\/04\/17\/que-contient-la-note-interne-de-censure-du-new-york-times-sur-gaza\/\",\"name\":\"Que contient la note interne de censure du New York Times sur Gaza? - Kapitalis\",\"isPartOf\":{\"@id\":\"https:\/\/kapitalis.com\/tunisie\/#website\"},\"primaryImageOfPage\":{\"@id\":\"https:\/\/kapitalis.com\/tunisie\/2024\/04\/17\/que-contient-la-note-interne-de-censure-du-new-york-times-sur-gaza\/#primaryimage\"},\"image\":{\"@id\":\"https:\/\/kapitalis.com\/tunisie\/2024\/04\/17\/que-contient-la-note-interne-de-censure-du-new-york-times-sur-gaza\/#primaryimage\"},\"thumbnailUrl\":\"https:\/\/kapitalis.com\/tunisie\/wp-content\/uploads\/2024\/04\/New-York-Times-Palestine.jpg\",\"datePublished\":\"2024-04-17T07:20:04+00:00\",\"dateModified\":\"2024-04-17T07:20:14+00:00\",\"breadcrumb\":{\"@id\":\"https:\/\/kapitalis.com\/tunisie\/2024\/04\/17\/que-contient-la-note-interne-de-censure-du-new-york-times-sur-gaza\/#breadcrumb\"},\"inLanguage\":\"fr-FR\",\"potentialAction\":[{\"@type\":\"ReadAction\",\"target\":[\"https:\/\/kapitalis.com\/tunisie\/2024\/04\/17\/que-contient-la-note-interne-de-censure-du-new-york-times-sur-gaza\/\"]}]},{\"@type\":\"ImageObject\",\"inLanguage\":\"fr-FR\",\"@id\":\"https:\/\/kapitalis.com\/tunisie\/2024\/04\/17\/que-contient-la-note-interne-de-censure-du-new-york-times-sur-gaza\/#primaryimage\",\"url\":\"https:\/\/kapitalis.com\/tunisie\/wp-content\/uploads\/2024\/04\/New-York-Times-Palestine.jpg\",\"contentUrl\":\"https:\/\/kapitalis.com\/tunisie\/wp-content\/uploads\/2024\/04\/New-York-Times-Palestine.jpg\",\"width\":1200,\"height\":630},{\"@type\":\"BreadcrumbList\",\"@id\":\"https:\/\/kapitalis.com\/tunisie\/2024\/04\/17\/que-contient-la-note-interne-de-censure-du-new-york-times-sur-gaza\/#breadcrumb\",\"itemListElement\":[{\"@type\":\"ListItem\",\"position\":1,\"name\":\"Accueil\",\"item\":\"https:\/\/kapitalis.com\/tunisie\/\"},{\"@type\":\"ListItem\",\"position\":2,\"name\":\"Que contient la note interne de censure du New York Times sur Gaza?\"}]},{\"@type\":\"WebSite\",\"@id\":\"https:\/\/kapitalis.com\/tunisie\/#website\",\"url\":\"https:\/\/kapitalis.com\/tunisie\/\",\"name\":\"Kapitalis\",\"description\":\"L&#039;actualit\u00e9 en Tunisie et dans le monde\",\"publisher\":{\"@id\":\"https:\/\/kapitalis.com\/tunisie\/#organization\"},\"potentialAction\":[{\"@type\":\"SearchAction\",\"target\":{\"@type\":\"EntryPoint\",\"urlTemplate\":\"https:\/\/kapitalis.com\/tunisie\/?s={search_term_string}\"},\"query-input\":{\"@type\":\"PropertyValueSpecification\",\"valueRequired\":true,\"valueName\":\"search_term_string\"}}],\"inLanguage\":\"fr-FR\"},{\"@type\":\"Organization\",\"@id\":\"https:\/\/kapitalis.com\/tunisie\/#organization\",\"name\":\"Kapitalis\",\"url\":\"https:\/\/kapitalis.com\/tunisie\/\",\"logo\":{\"@type\":\"ImageObject\",\"inLanguage\":\"fr-FR\",\"@id\":\"https:\/\/kapitalis.com\/tunisie\/#\/schema\/logo\/image\/\",\"url\":\"https:\/\/kapitalis.com\/tunisie\/wp-content\/uploads\/2022\/05\/Kapitalis-big-size.png\",\"contentUrl\":\"https:\/\/kapitalis.com\/tunisie\/wp-content\/uploads\/2022\/05\/Kapitalis-big-size.png\",\"width\":5000,\"height\":1500,\"caption\":\"Kapitalis\"},\"image\":{\"@id\":\"https:\/\/kapitalis.com\/tunisie\/#\/schema\/logo\/image\/\"},\"sameAs\":[\"https:\/\/www.facebook.com\/KapitalisInfo\/\",\"https:\/\/x.com\/KapitalisInfo\",\"https:\/\/www.youtube.com\/channel\/UC-yDYrHyfFBWWZaOw3FPg9Q\"]},{\"@type\":\"Person\",\"@id\":\"https:\/\/kapitalis.com\/tunisie\/#\/schema\/person\/d71f33a9ca44f7bad4698210b480c8e9\",\"name\":\"webmaster kapitalis\",\"url\":\"https:\/\/kapitalis.com\/tunisie\/author\/webmaster-kapitalis\/\"}]}<\/script>\n<!-- \/ Yoast SEO plugin. -->","yoast_head_json":{"title":"Que contient la note interne de censure du New York Times sur Gaza? - Kapitalis","robots":{"index":"index","follow":"follow","max-snippet":"max-snippet:-1","max-image-preview":"max-image-preview:large","max-video-preview":"max-video-preview:-1"},"canonical":"https:\/\/kapitalis.com\/tunisie\/2024\/04\/17\/que-contient-la-note-interne-de-censure-du-new-york-times-sur-gaza\/","og_locale":"fr_FR","og_type":"article","og_title":"Que contient la note interne de censure du New York Times sur Gaza? - Kapitalis","og_description":"La direction du New York Times pratique la censure concernant certains termes importants relatifs \u00e0 la guerre \u00e0 Gaza.","og_url":"https:\/\/kapitalis.com\/tunisie\/2024\/04\/17\/que-contient-la-note-interne-de-censure-du-new-york-times-sur-gaza\/","og_site_name":"Kapitalis","article_publisher":"https:\/\/www.facebook.com\/KapitalisInfo\/","article_published_time":"2024-04-17T07:20:04+00:00","article_modified_time":"2024-04-17T07:20:14+00:00","og_image":[{"width":1200,"height":630,"url":"https:\/\/kapitalis.com\/tunisie\/wp-content\/uploads\/2024\/04\/New-York-Times-Palestine.jpg","type":"image\/jpeg"}],"author":"webmaster kapitalis","twitter_card":"summary_large_image","twitter_creator":"@KapitalisInfo","twitter_site":"@KapitalisInfo","twitter_misc":{"\u00c9crit par":"webmaster kapitalis","Dur\u00e9e de lecture estim\u00e9e":"6 minutes"},"schema":{"@context":"https:\/\/schema.org","@graph":[{"@type":"Article","@id":"https:\/\/kapitalis.com\/tunisie\/2024\/04\/17\/que-contient-la-note-interne-de-censure-du-new-york-times-sur-gaza\/#article","isPartOf":{"@id":"https:\/\/kapitalis.com\/tunisie\/2024\/04\/17\/que-contient-la-note-interne-de-censure-du-new-york-times-sur-gaza\/"},"author":{"name":"webmaster kapitalis","@id":"https:\/\/kapitalis.com\/tunisie\/#\/schema\/person\/d71f33a9ca44f7bad4698210b480c8e9"},"headline":"Que contient la note interne de censure du New York Times sur Gaza?","datePublished":"2024-04-17T07:20:04+00:00","dateModified":"2024-04-17T07:20:14+00:00","mainEntityOfPage":{"@id":"https:\/\/kapitalis.com\/tunisie\/2024\/04\/17\/que-contient-la-note-interne-de-censure-du-new-york-times-sur-gaza\/"},"wordCount":1312,"commentCount":1,"publisher":{"@id":"https:\/\/kapitalis.com\/tunisie\/#organization"},"image":{"@id":"https:\/\/kapitalis.com\/tunisie\/2024\/04\/17\/que-contient-la-note-interne-de-censure-du-new-york-times-sur-gaza\/#primaryimage"},"thumbnailUrl":"https:\/\/kapitalis.com\/tunisie\/wp-content\/uploads\/2024\/04\/New-York-Times-Palestine.jpg","keywords":["Gaza","g\u00e9nocide","Isra\u00ebl","Joe Kahn","New York Times","Palestine","Susan Wesling","territoires occup\u00e9s","The Intercept"],"articleSection":["A LA UNE","MEDIA","POLITIQUE","Tunisie"],"inLanguage":"fr-FR","potentialAction":[{"@type":"CommentAction","name":"Comment","target":["https:\/\/kapitalis.com\/tunisie\/2024\/04\/17\/que-contient-la-note-interne-de-censure-du-new-york-times-sur-gaza\/#respond"]}]},{"@type":"WebPage","@id":"https:\/\/kapitalis.com\/tunisie\/2024\/04\/17\/que-contient-la-note-interne-de-censure-du-new-york-times-sur-gaza\/","url":"https:\/\/kapitalis.com\/tunisie\/2024\/04\/17\/que-contient-la-note-interne-de-censure-du-new-york-times-sur-gaza\/","name":"Que contient la note interne de censure du New York Times sur Gaza? - Kapitalis","isPartOf":{"@id":"https:\/\/kapitalis.com\/tunisie\/#website"},"primaryImageOfPage":{"@id":"https:\/\/kapitalis.com\/tunisie\/2024\/04\/17\/que-contient-la-note-interne-de-censure-du-new-york-times-sur-gaza\/#primaryimage"},"image":{"@id":"https:\/\/kapitalis.com\/tunisie\/2024\/04\/17\/que-contient-la-note-interne-de-censure-du-new-york-times-sur-gaza\/#primaryimage"},"thumbnailUrl":"https:\/\/kapitalis.com\/tunisie\/wp-content\/uploads\/2024\/04\/New-York-Times-Palestine.jpg","datePublished":"2024-04-17T07:20:04+00:00","dateModified":"2024-04-17T07:20:14+00:00","breadcrumb":{"@id":"https:\/\/kapitalis.com\/tunisie\/2024\/04\/17\/que-contient-la-note-interne-de-censure-du-new-york-times-sur-gaza\/#breadcrumb"},"inLanguage":"fr-FR","potentialAction":[{"@type":"ReadAction","target":["https:\/\/kapitalis.com\/tunisie\/2024\/04\/17\/que-contient-la-note-interne-de-censure-du-new-york-times-sur-gaza\/"]}]},{"@type":"ImageObject","inLanguage":"fr-FR","@id":"https:\/\/kapitalis.com\/tunisie\/2024\/04\/17\/que-contient-la-note-interne-de-censure-du-new-york-times-sur-gaza\/#primaryimage","url":"https:\/\/kapitalis.com\/tunisie\/wp-content\/uploads\/2024\/04\/New-York-Times-Palestine.jpg","contentUrl":"https:\/\/kapitalis.com\/tunisie\/wp-content\/uploads\/2024\/04\/New-York-Times-Palestine.jpg","width":1200,"height":630},{"@type":"BreadcrumbList","@id":"https:\/\/kapitalis.com\/tunisie\/2024\/04\/17\/que-contient-la-note-interne-de-censure-du-new-york-times-sur-gaza\/#breadcrumb","itemListElement":[{"@type":"ListItem","position":1,"name":"Accueil","item":"https:\/\/kapitalis.com\/tunisie\/"},{"@type":"ListItem","position":2,"name":"Que contient la note interne de censure du New York Times sur Gaza?"}]},{"@type":"WebSite","@id":"https:\/\/kapitalis.com\/tunisie\/#website","url":"https:\/\/kapitalis.com\/tunisie\/","name":"Kapitalis","description":"L&#039;actualit\u00e9 en Tunisie et dans le monde","publisher":{"@id":"https:\/\/kapitalis.com\/tunisie\/#organization"},"potentialAction":[{"@type":"SearchAction","target":{"@type":"EntryPoint","urlTemplate":"https:\/\/kapitalis.com\/tunisie\/?s={search_term_string}"},"query-input":{"@type":"PropertyValueSpecification","valueRequired":true,"valueName":"search_term_string"}}],"inLanguage":"fr-FR"},{"@type":"Organization","@id":"https:\/\/kapitalis.com\/tunisie\/#organization","name":"Kapitalis","url":"https:\/\/kapitalis.com\/tunisie\/","logo":{"@type":"ImageObject","inLanguage":"fr-FR","@id":"https:\/\/kapitalis.com\/tunisie\/#\/schema\/logo\/image\/","url":"https:\/\/kapitalis.com\/tunisie\/wp-content\/uploads\/2022\/05\/Kapitalis-big-size.png","contentUrl":"https:\/\/kapitalis.com\/tunisie\/wp-content\/uploads\/2022\/05\/Kapitalis-big-size.png","width":5000,"height":1500,"caption":"Kapitalis"},"image":{"@id":"https:\/\/kapitalis.com\/tunisie\/#\/schema\/logo\/image\/"},"sameAs":["https:\/\/www.facebook.com\/KapitalisInfo\/","https:\/\/x.com\/KapitalisInfo","https:\/\/www.youtube.com\/channel\/UC-yDYrHyfFBWWZaOw3FPg9Q"]},{"@type":"Person","@id":"https:\/\/kapitalis.com\/tunisie\/#\/schema\/person\/d71f33a9ca44f7bad4698210b480c8e9","name":"webmaster kapitalis","url":"https:\/\/kapitalis.com\/tunisie\/author\/webmaster-kapitalis\/"}]}},"_links":{"self":[{"href":"https:\/\/kapitalis.com\/tunisie\/wp-json\/wp\/v2\/posts\/12492919","targetHints":{"allow":["GET"]}}],"collection":[{"href":"https:\/\/kapitalis.com\/tunisie\/wp-json\/wp\/v2\/posts"}],"about":[{"href":"https:\/\/kapitalis.com\/tunisie\/wp-json\/wp\/v2\/types\/post"}],"author":[{"embeddable":true,"href":"https:\/\/kapitalis.com\/tunisie\/wp-json\/wp\/v2\/users\/8"}],"replies":[{"embeddable":true,"href":"https:\/\/kapitalis.com\/tunisie\/wp-json\/wp\/v2\/comments?post=12492919"}],"version-history":[{"count":1,"href":"https:\/\/kapitalis.com\/tunisie\/wp-json\/wp\/v2\/posts\/12492919\/revisions"}],"predecessor-version":[{"id":12493013,"href":"https:\/\/kapitalis.com\/tunisie\/wp-json\/wp\/v2\/posts\/12492919\/revisions\/12493013"}],"wp:featuredmedia":[{"embeddable":true,"href":"https:\/\/kapitalis.com\/tunisie\/wp-json\/wp\/v2\/media\/12492975"}],"wp:attachment":[{"href":"https:\/\/kapitalis.com\/tunisie\/wp-json\/wp\/v2\/media?parent=12492919"}],"wp:term":[{"taxonomy":"category","embeddable":true,"href":"https:\/\/kapitalis.com\/tunisie\/wp-json\/wp\/v2\/categories?post=12492919"},{"taxonomy":"post_tag","embeddable":true,"href":"https:\/\/kapitalis.com\/tunisie\/wp-json\/wp\/v2\/tags?post=12492919"}],"curies":[{"name":"wp","href":"https:\/\/api.w.org\/{rel}","templated":true}]}}