{"id":125044,"date":"2017-11-23T14:30:24","date_gmt":"2017-11-23T13:30:24","guid":{"rendered":"http:\/\/kapitalis.com\/tunisie\/?p=125044"},"modified":"2017-11-23T14:13:44","modified_gmt":"2017-11-23T13:13:44","slug":"sorti-recemment-de-lhopital-razi-il-se-pend-a-jendouba","status":"publish","type":"post","link":"https:\/\/kapitalis.com\/tunisie\/2017\/11\/23\/sorti-recemment-de-lhopital-razi-il-se-pend-a-jendouba\/","title":{"rendered":"Sorti r\u00e9cemment de l\u2019h\u00f4pital Razi, il se pend \u00e0 Jendouba"},"content":{"rendered":"<p style=\"text-align: center;\"><img loading=\"lazy\" decoding=\"async\" class=\"alignnone size-full wp-image-120298\" src=\"http:\/\/kapitalis.com\/tunisie\/wp-content\/uploads\/2017\/10\/Suicide-Tunisie.jpg\" alt=\"\" width=\"626\" height=\"380\" \/><\/p>\n<p><em><strong>Un homme de 32 ans, souffrant de troubles psychiatriques, a \u00e9t\u00e9 d\u00e9couvert pendu, aujourd&rsquo;hui \u00e0 l\u2019aube, jeudi 23 novembre 2017, \u00e0 Jendouba.<\/strong><\/em><!--more--><\/p>\n<p>Selon la famille du d\u00e9funt, il a souvent s\u00e9journ\u00e9 \u00e0 l\u2019h\u00f4pital psychiatrique Razi, \u00e0 Manouba (Tunis), mais son \u00e9tat a continu\u00e9 \u00e0 se d\u00e9t\u00e9riorer. Son dernier s\u00e9jour remonte \u00e0 l\u2019\u00e9t\u00e9 dernier, et les m\u00e9decins ont d\u00e9cid\u00e9 de le laisser sortir, il y a 3 jours, lundi 20 novembre.<\/p>\n<p>Toujours selon la m\u00eame source, l\u2019homme aurait fait des crises \u00e0 r\u00e9p\u00e9tition et menac\u00e9 de mettre fin \u00e0 ses jours\u2026<\/p>\n<p>La piste du suicide est privil\u00e9gi\u00e9e, mais le corps du d\u00e9funt a \u00e9t\u00e9 transport\u00e9 \u00e0 l&rsquo;h\u00f4pital pour autopsie.<\/p>\n<p style=\"text-align: right;\"><strong>Y. N.<\/strong><\/p>\n","protected":false},"excerpt":{"rendered":"<p>Un homme de 32 ans, souffrant de troubles psychiatriques, a \u00e9t\u00e9 d\u00e9couvert pendu, aujourd&rsquo;hui \u00e0 l\u2019aube, jeudi 23 novembre 2017, \u00e0 Jendouba.<\/p>\n","protected":false},"author":6,"featured_media":0,"comment_status":"open","ping_status":"open","sticky":false,"template":"","format":"standard","meta":{"footnotes":""},"categories":[998,2433],"tags":[112,571,865],"class_list":["post-125044","post","type-post","status-publish","format-standard","hentry","category-societe","category-tunisie","tag-autopsie","tag-manouba","tag-suicide"],"yoast_head":"<!-- This site is optimized with the Yoast SEO plugin v26.6 - https:\/\/yoast.com\/wordpress\/plugins\/seo\/ -->\n<title>Sorti r\u00e9cemment de l\u2019h\u00f4pital Razi, il se pend \u00e0 Jendouba - Kapitalis<\/title>\n<meta name=\"robots\" content=\"index, follow, max-snippet:-1, max-image-preview:large, max-video-preview:-1\" \/>\n<link rel=\"canonical\" href=\"https:\/\/kapitalis.com\/tunisie\/2017\/11\/23\/sorti-recemment-de-lhopital-razi-il-se-pend-a-jendouba\/\" \/>\n<meta property=\"og:locale\" content=\"fr_FR\" \/>\n<meta property=\"og:type\" content=\"article\" \/>\n<meta property=\"og:title\" content=\"Sorti r\u00e9cemment de l\u2019h\u00f4pital Razi, il se pend \u00e0 Jendouba - Kapitalis\" \/>\n<meta property=\"og:description\" content=\"Un homme de 32 ans, souffrant de troubles psychiatriques, a \u00e9t\u00e9 d\u00e9couvert pendu, aujourd&rsquo;hui \u00e0 l\u2019aube, jeudi 23 novembre 2017, \u00e0 Jendouba.\" \/>\n<meta property=\"og:url\" content=\"https:\/\/kapitalis.com\/tunisie\/2017\/11\/23\/sorti-recemment-de-lhopital-razi-il-se-pend-a-jendouba\/\" \/>\n<meta property=\"og:site_name\" content=\"Kapitalis\" \/>\n<meta property=\"article:publisher\" content=\"https:\/\/www.facebook.com\/KapitalisInfo\/\" \/>\n<meta property=\"article:published_time\" content=\"2017-11-23T13:30:24+00:00\" \/>\n<meta property=\"og:image\" content=\"http:\/\/kapitalis.com\/tunisie\/wp-content\/uploads\/2017\/10\/Suicide-Tunisie.jpg\" \/>\n<meta name=\"author\" content=\"Yusra NY\" \/>\n<meta name=\"twitter:card\" content=\"summary_large_image\" \/>\n<meta name=\"twitter:creator\" content=\"@KapitalisInfo\" \/>\n<meta name=\"twitter:site\" content=\"@KapitalisInfo\" \/>\n<meta name=\"twitter:label1\" content=\"\u00c9crit par\" \/>\n\t<meta name=\"twitter:data1\" content=\"Yusra NY\" \/>\n\t<meta name=\"twitter:label2\" content=\"Dur\u00e9e de lecture estim\u00e9e\" \/>\n\t<meta name=\"twitter:data2\" content=\"1 minute\" \/>\n<script type=\"application\/ld+json\" class=\"yoast-schema-graph\">{\"@context\":\"https:\/\/schema.org\",\"@graph\":[{\"@type\":\"Article\",\"@id\":\"https:\/\/kapitalis.com\/tunisie\/2017\/11\/23\/sorti-recemment-de-lhopital-razi-il-se-pend-a-jendouba\/#article\",\"isPartOf\":{\"@id\":\"https:\/\/kapitalis.com\/tunisie\/2017\/11\/23\/sorti-recemment-de-lhopital-razi-il-se-pend-a-jendouba\/\"},\"author\":{\"name\":\"Yusra NY\",\"@id\":\"https:\/\/kapitalis.com\/tunisie\/#\/schema\/person\/74bbde0154d49d790a92aaeac5bc01d5\"},\"headline\":\"Sorti r\u00e9cemment de l\u2019h\u00f4pital Razi, il se pend \u00e0 Jendouba\",\"datePublished\":\"2017-11-23T13:30:24+00:00\",\"mainEntityOfPage\":{\"@id\":\"https:\/\/kapitalis.com\/tunisie\/2017\/11\/23\/sorti-recemment-de-lhopital-razi-il-se-pend-a-jendouba\/\"},\"wordCount\":128,\"commentCount\":1,\"publisher\":{\"@id\":\"https:\/\/kapitalis.com\/tunisie\/#organization\"},\"image\":{\"@id\":\"https:\/\/kapitalis.com\/tunisie\/2017\/11\/23\/sorti-recemment-de-lhopital-razi-il-se-pend-a-jendouba\/#primaryimage\"},\"thumbnailUrl\":\"http:\/\/kapitalis.com\/tunisie\/wp-content\/uploads\/2017\/10\/Suicide-Tunisie.jpg\",\"keywords\":[\"autopsie\",\"Manouba\",\"suicide\"],\"articleSection\":[\"SOCIETE\",\"Tunisie\"],\"inLanguage\":\"fr-FR\",\"potentialAction\":[{\"@type\":\"CommentAction\",\"name\":\"Comment\",\"target\":[\"https:\/\/kapitalis.com\/tunisie\/2017\/11\/23\/sorti-recemment-de-lhopital-razi-il-se-pend-a-jendouba\/#respond\"]}]},{\"@type\":\"WebPage\",\"@id\":\"https:\/\/kapitalis.com\/tunisie\/2017\/11\/23\/sorti-recemment-de-lhopital-razi-il-se-pend-a-jendouba\/\",\"url\":\"https:\/\/kapitalis.com\/tunisie\/2017\/11\/23\/sorti-recemment-de-lhopital-razi-il-se-pend-a-jendouba\/\",\"name\":\"Sorti r\u00e9cemment de l\u2019h\u00f4pital Razi, il se pend \u00e0 Jendouba - Kapitalis\",\"isPartOf\":{\"@id\":\"https:\/\/kapitalis.com\/tunisie\/#website\"},\"primaryImageOfPage\":{\"@id\":\"https:\/\/kapitalis.com\/tunisie\/2017\/11\/23\/sorti-recemment-de-lhopital-razi-il-se-pend-a-jendouba\/#primaryimage\"},\"image\":{\"@id\":\"https:\/\/kapitalis.com\/tunisie\/2017\/11\/23\/sorti-recemment-de-lhopital-razi-il-se-pend-a-jendouba\/#primaryimage\"},\"thumbnailUrl\":\"http:\/\/kapitalis.com\/tunisie\/wp-content\/uploads\/2017\/10\/Suicide-Tunisie.jpg\",\"datePublished\":\"2017-11-23T13:30:24+00:00\",\"breadcrumb\":{\"@id\":\"https:\/\/kapitalis.com\/tunisie\/2017\/11\/23\/sorti-recemment-de-lhopital-razi-il-se-pend-a-jendouba\/#breadcrumb\"},\"inLanguage\":\"fr-FR\",\"potentialAction\":[{\"@type\":\"ReadAction\",\"target\":[\"https:\/\/kapitalis.com\/tunisie\/2017\/11\/23\/sorti-recemment-de-lhopital-razi-il-se-pend-a-jendouba\/\"]}]},{\"@type\":\"ImageObject\",\"inLanguage\":\"fr-FR\",\"@id\":\"https:\/\/kapitalis.com\/tunisie\/2017\/11\/23\/sorti-recemment-de-lhopital-razi-il-se-pend-a-jendouba\/#primaryimage\",\"url\":\"http:\/\/kapitalis.com\/tunisie\/wp-content\/uploads\/2017\/10\/Suicide-Tunisie.jpg\",\"contentUrl\":\"http:\/\/kapitalis.com\/tunisie\/wp-content\/uploads\/2017\/10\/Suicide-Tunisie.jpg\"},{\"@type\":\"BreadcrumbList\",\"@id\":\"https:\/\/kapitalis.com\/tunisie\/2017\/11\/23\/sorti-recemment-de-lhopital-razi-il-se-pend-a-jendouba\/#breadcrumb\",\"itemListElement\":[{\"@type\":\"ListItem\",\"position\":1,\"name\":\"Accueil\",\"item\":\"https:\/\/kapitalis.com\/tunisie\/\"},{\"@type\":\"ListItem\",\"position\":2,\"name\":\"Sorti r\u00e9cemment de l\u2019h\u00f4pital Razi, il se pend \u00e0 Jendouba\"}]},{\"@type\":\"WebSite\",\"@id\":\"https:\/\/kapitalis.com\/tunisie\/#website\",\"url\":\"https:\/\/kapitalis.com\/tunisie\/\",\"name\":\"Kapitalis\",\"description\":\"L&#039;actualit\u00e9 en Tunisie et dans le monde\",\"publisher\":{\"@id\":\"https:\/\/kapitalis.com\/tunisie\/#organization\"},\"potentialAction\":[{\"@type\":\"SearchAction\",\"target\":{\"@type\":\"EntryPoint\",\"urlTemplate\":\"https:\/\/kapitalis.com\/tunisie\/?s={search_term_string}\"},\"query-input\":{\"@type\":\"PropertyValueSpecification\",\"valueRequired\":true,\"valueName\":\"search_term_string\"}}],\"inLanguage\":\"fr-FR\"},{\"@type\":\"Organization\",\"@id\":\"https:\/\/kapitalis.com\/tunisie\/#organization\",\"name\":\"Kapitalis\",\"url\":\"https:\/\/kapitalis.com\/tunisie\/\",\"logo\":{\"@type\":\"ImageObject\",\"inLanguage\":\"fr-FR\",\"@id\":\"https:\/\/kapitalis.com\/tunisie\/#\/schema\/logo\/image\/\",\"url\":\"https:\/\/kapitalis.com\/tunisie\/wp-content\/uploads\/2022\/05\/Kapitalis-big-size.png\",\"contentUrl\":\"https:\/\/kapitalis.com\/tunisie\/wp-content\/uploads\/2022\/05\/Kapitalis-big-size.png\",\"width\":5000,\"height\":1500,\"caption\":\"Kapitalis\"},\"image\":{\"@id\":\"https:\/\/kapitalis.com\/tunisie\/#\/schema\/logo\/image\/\"},\"sameAs\":[\"https:\/\/www.facebook.com\/KapitalisInfo\/\",\"https:\/\/x.com\/KapitalisInfo\",\"https:\/\/www.youtube.com\/channel\/UC-yDYrHyfFBWWZaOw3FPg9Q\"]},{\"@type\":\"Person\",\"@id\":\"https:\/\/kapitalis.com\/tunisie\/#\/schema\/person\/74bbde0154d49d790a92aaeac5bc01d5\",\"name\":\"Yusra NY\",\"url\":\"https:\/\/kapitalis.com\/tunisie\/author\/yuza_adam\/\"}]}<\/script>\n<!-- \/ Yoast SEO plugin. -->","yoast_head_json":{"title":"Sorti r\u00e9cemment de l\u2019h\u00f4pital Razi, il se pend \u00e0 Jendouba - Kapitalis","robots":{"index":"index","follow":"follow","max-snippet":"max-snippet:-1","max-image-preview":"max-image-preview:large","max-video-preview":"max-video-preview:-1"},"canonical":"https:\/\/kapitalis.com\/tunisie\/2017\/11\/23\/sorti-recemment-de-lhopital-razi-il-se-pend-a-jendouba\/","og_locale":"fr_FR","og_type":"article","og_title":"Sorti r\u00e9cemment de l\u2019h\u00f4pital Razi, il se pend \u00e0 Jendouba - Kapitalis","og_description":"Un homme de 32 ans, souffrant de troubles psychiatriques, a \u00e9t\u00e9 d\u00e9couvert pendu, aujourd&rsquo;hui \u00e0 l\u2019aube, jeudi 23 novembre 2017, \u00e0 Jendouba.","og_url":"https:\/\/kapitalis.com\/tunisie\/2017\/11\/23\/sorti-recemment-de-lhopital-razi-il-se-pend-a-jendouba\/","og_site_name":"Kapitalis","article_publisher":"https:\/\/www.facebook.com\/KapitalisInfo\/","article_published_time":"2017-11-23T13:30:24+00:00","og_image":[{"url":"http:\/\/kapitalis.com\/tunisie\/wp-content\/uploads\/2017\/10\/Suicide-Tunisie.jpg","type":"","width":"","height":""}],"author":"Yusra NY","twitter_card":"summary_large_image","twitter_creator":"@KapitalisInfo","twitter_site":"@KapitalisInfo","twitter_misc":{"\u00c9crit par":"Yusra NY","Dur\u00e9e de lecture estim\u00e9e":"1 minute"},"schema":{"@context":"https:\/\/schema.org","@graph":[{"@type":"Article","@id":"https:\/\/kapitalis.com\/tunisie\/2017\/11\/23\/sorti-recemment-de-lhopital-razi-il-se-pend-a-jendouba\/#article","isPartOf":{"@id":"https:\/\/kapitalis.com\/tunisie\/2017\/11\/23\/sorti-recemment-de-lhopital-razi-il-se-pend-a-jendouba\/"},"author":{"name":"Yusra NY","@id":"https:\/\/kapitalis.com\/tunisie\/#\/schema\/person\/74bbde0154d49d790a92aaeac5bc01d5"},"headline":"Sorti r\u00e9cemment de l\u2019h\u00f4pital Razi, il se pend \u00e0 Jendouba","datePublished":"2017-11-23T13:30:24+00:00","mainEntityOfPage":{"@id":"https:\/\/kapitalis.com\/tunisie\/2017\/11\/23\/sorti-recemment-de-lhopital-razi-il-se-pend-a-jendouba\/"},"wordCount":128,"commentCount":1,"publisher":{"@id":"https:\/\/kapitalis.com\/tunisie\/#organization"},"image":{"@id":"https:\/\/kapitalis.com\/tunisie\/2017\/11\/23\/sorti-recemment-de-lhopital-razi-il-se-pend-a-jendouba\/#primaryimage"},"thumbnailUrl":"http:\/\/kapitalis.com\/tunisie\/wp-content\/uploads\/2017\/10\/Suicide-Tunisie.jpg","keywords":["autopsie","Manouba","suicide"],"articleSection":["SOCIETE","Tunisie"],"inLanguage":"fr-FR","potentialAction":[{"@type":"CommentAction","name":"Comment","target":["https:\/\/kapitalis.com\/tunisie\/2017\/11\/23\/sorti-recemment-de-lhopital-razi-il-se-pend-a-jendouba\/#respond"]}]},{"@type":"WebPage","@id":"https:\/\/kapitalis.com\/tunisie\/2017\/11\/23\/sorti-recemment-de-lhopital-razi-il-se-pend-a-jendouba\/","url":"https:\/\/kapitalis.com\/tunisie\/2017\/11\/23\/sorti-recemment-de-lhopital-razi-il-se-pend-a-jendouba\/","name":"Sorti r\u00e9cemment de l\u2019h\u00f4pital Razi, il se pend \u00e0 Jendouba - Kapitalis","isPartOf":{"@id":"https:\/\/kapitalis.com\/tunisie\/#website"},"primaryImageOfPage":{"@id":"https:\/\/kapitalis.com\/tunisie\/2017\/11\/23\/sorti-recemment-de-lhopital-razi-il-se-pend-a-jendouba\/#primaryimage"},"image":{"@id":"https:\/\/kapitalis.com\/tunisie\/2017\/11\/23\/sorti-recemment-de-lhopital-razi-il-se-pend-a-jendouba\/#primaryimage"},"thumbnailUrl":"http:\/\/kapitalis.com\/tunisie\/wp-content\/uploads\/2017\/10\/Suicide-Tunisie.jpg","datePublished":"2017-11-23T13:30:24+00:00","breadcrumb":{"@id":"https:\/\/kapitalis.com\/tunisie\/2017\/11\/23\/sorti-recemment-de-lhopital-razi-il-se-pend-a-jendouba\/#breadcrumb"},"inLanguage":"fr-FR","potentialAction":[{"@type":"ReadAction","target":["https:\/\/kapitalis.com\/tunisie\/2017\/11\/23\/sorti-recemment-de-lhopital-razi-il-se-pend-a-jendouba\/"]}]},{"@type":"ImageObject","inLanguage":"fr-FR","@id":"https:\/\/kapitalis.com\/tunisie\/2017\/11\/23\/sorti-recemment-de-lhopital-razi-il-se-pend-a-jendouba\/#primaryimage","url":"http:\/\/kapitalis.com\/tunisie\/wp-content\/uploads\/2017\/10\/Suicide-Tunisie.jpg","contentUrl":"http:\/\/kapitalis.com\/tunisie\/wp-content\/uploads\/2017\/10\/Suicide-Tunisie.jpg"},{"@type":"BreadcrumbList","@id":"https:\/\/kapitalis.com\/tunisie\/2017\/11\/23\/sorti-recemment-de-lhopital-razi-il-se-pend-a-jendouba\/#breadcrumb","itemListElement":[{"@type":"ListItem","position":1,"name":"Accueil","item":"https:\/\/kapitalis.com\/tunisie\/"},{"@type":"ListItem","position":2,"name":"Sorti r\u00e9cemment de l\u2019h\u00f4pital Razi, il se pend \u00e0 Jendouba"}]},{"@type":"WebSite","@id":"https:\/\/kapitalis.com\/tunisie\/#website","url":"https:\/\/kapitalis.com\/tunisie\/","name":"Kapitalis","description":"L&#039;actualit\u00e9 en Tunisie et dans le monde","publisher":{"@id":"https:\/\/kapitalis.com\/tunisie\/#organization"},"potentialAction":[{"@type":"SearchAction","target":{"@type":"EntryPoint","urlTemplate":"https:\/\/kapitalis.com\/tunisie\/?s={search_term_string}"},"query-input":{"@type":"PropertyValueSpecification","valueRequired":true,"valueName":"search_term_string"}}],"inLanguage":"fr-FR"},{"@type":"Organization","@id":"https:\/\/kapitalis.com\/tunisie\/#organization","name":"Kapitalis","url":"https:\/\/kapitalis.com\/tunisie\/","logo":{"@type":"ImageObject","inLanguage":"fr-FR","@id":"https:\/\/kapitalis.com\/tunisie\/#\/schema\/logo\/image\/","url":"https:\/\/kapitalis.com\/tunisie\/wp-content\/uploads\/2022\/05\/Kapitalis-big-size.png","contentUrl":"https:\/\/kapitalis.com\/tunisie\/wp-content\/uploads\/2022\/05\/Kapitalis-big-size.png","width":5000,"height":1500,"caption":"Kapitalis"},"image":{"@id":"https:\/\/kapitalis.com\/tunisie\/#\/schema\/logo\/image\/"},"sameAs":["https:\/\/www.facebook.com\/KapitalisInfo\/","https:\/\/x.com\/KapitalisInfo","https:\/\/www.youtube.com\/channel\/UC-yDYrHyfFBWWZaOw3FPg9Q"]},{"@type":"Person","@id":"https:\/\/kapitalis.com\/tunisie\/#\/schema\/person\/74bbde0154d49d790a92aaeac5bc01d5","name":"Yusra NY","url":"https:\/\/kapitalis.com\/tunisie\/author\/yuza_adam\/"}]}},"_links":{"self":[{"href":"https:\/\/kapitalis.com\/tunisie\/wp-json\/wp\/v2\/posts\/125044","targetHints":{"allow":["GET"]}}],"collection":[{"href":"https:\/\/kapitalis.com\/tunisie\/wp-json\/wp\/v2\/posts"}],"about":[{"href":"https:\/\/kapitalis.com\/tunisie\/wp-json\/wp\/v2\/types\/post"}],"author":[{"embeddable":true,"href":"https:\/\/kapitalis.com\/tunisie\/wp-json\/wp\/v2\/users\/6"}],"replies":[{"embeddable":true,"href":"https:\/\/kapitalis.com\/tunisie\/wp-json\/wp\/v2\/comments?post=125044"}],"version-history":[{"count":0,"href":"https:\/\/kapitalis.com\/tunisie\/wp-json\/wp\/v2\/posts\/125044\/revisions"}],"wp:attachment":[{"href":"https:\/\/kapitalis.com\/tunisie\/wp-json\/wp\/v2\/media?parent=125044"}],"wp:term":[{"taxonomy":"category","embeddable":true,"href":"https:\/\/kapitalis.com\/tunisie\/wp-json\/wp\/v2\/categories?post=125044"},{"taxonomy":"post_tag","embeddable":true,"href":"https:\/\/kapitalis.com\/tunisie\/wp-json\/wp\/v2\/tags?post=125044"}],"curies":[{"name":"wp","href":"https:\/\/api.w.org\/{rel}","templated":true}]}}