{"id":12509111,"date":"2024-04-18T07:40:01","date_gmt":"2024-04-18T06:40:01","guid":{"rendered":"https:\/\/kapitalis.com\/tunisie\/?p=12509111"},"modified":"2024-04-18T07:40:02","modified_gmt":"2024-04-18T06:40:02","slug":"le-soutien-a-la-palestine-est-il-devenu-une-raison-de-refus-du-visa-pour-la-france","status":"publish","type":"post","link":"https:\/\/kapitalis.com\/tunisie\/2024\/04\/18\/le-soutien-a-la-palestine-est-il-devenu-une-raison-de-refus-du-visa-pour-la-france\/","title":{"rendered":"Le soutien \u00e0 la Palestine est-il devenu une raison de refus du visa pour la France?"},"content":{"rendered":"\n<p><strong><em>Dans sa lettre ouverte publi\u00e9e ci-dessous, l\u2019auteur, militant des droits humains, s\u2019interroge sur les raisons qui ont amen\u00e9 les services consulaires fran\u00e7ais \u00e0 lui refuser \u00e0 trois reprises un visa pour la France.<\/em><\/strong><\/p>\n\n\n\n<p><strong>Fathi Hammami\u00a0<\/strong>*<\/p>\n\n\n\n<!--more-->\n\n\n<div class=\"wp-block-image\">\n<figure class=\"alignleft size-full\"><img loading=\"lazy\" decoding=\"async\" width=\"200\" height=\"200\" src=\"https:\/\/kapitalis.com\/tunisie\/wp-content\/uploads\/2024\/04\/Fathi-Hammami.gif\" alt=\"\" class=\"wp-image-12509152\"\/><\/figure>\n<\/div>\n\n\n<p>Pour la troisi\u00e8me fois cons\u00e9cutive en l\u2019espace d\u2019une ann\u00e9e et quelques mois, je me suis vu refuser&nbsp;un visa pour entrer en France. Pourtant, \u00e0 chaque d\u00e9p\u00f4t de dossier, tous mes papiers \u00e9taient en r\u00e8gle et je r\u00e9pondais parfaitement \u00e0 toutes les conditions requises.<\/p>\n\n\n\n<p>Pour&nbsp; justifier ce refus, le consulat de France en Tunisie&nbsp;n\u2019a pas cru devoir m\u2019en notifier les raisons sur un bout de papier, m\u00eame en termes ternes et superficiels.&nbsp;<\/p>\n\n\n\n<p>Mon nom figure-t-il sur une quelconque liste <em>\u00abnoire\u00bb<\/em> \u00e9labor\u00e9e par les services&nbsp; consulaires o\u00f9 je ne sais quel autre service public fran\u00e7ais?<\/p>\n\n\n\n<p>Cette fin de non-recevoir est-elle motiv\u00e9e par des consid\u00e9rations purement politiques \u00e0 cause\u00a0de mon soutien actif \u00e0 la cause palestinienne, qui compte beaucoup pour moi, et c\u2019est la raison pour laquelle j\u2019ai publi\u00e9 une <a href=\"https:\/\/kapitalis.com\/tunisie\/2023\/10\/24\/face-au-martyre-des-palestiniens-les-occidentaux-ne-sont-pas-tous-sourds-et-aveugles\/\" target=\"_blank\" rel=\"noreferrer noopener\">lettre ouverte sur Kapitalis <\/a>appuyant un syndicaliste fran\u00e7ais poursuivi injustement en justice en France \u00e0 cause de son soutien au peuple palestinien martyris\u00e9? Est-ce parce que je me suis souvent exprim\u00e9 dans les forums des sites d\u2019informations fran\u00e7ais pour d\u00e9noncer la guerre men\u00e9e par Isra\u00ebl contre les Palestiniens \u00e0 Gaza?<\/p>\n\n\n\n<p>Mon soutien \u00e0 la cause palestinienne est d\u00e9risoire face au drame humanitaire v\u00e9cu par le peuple palestinien depuis 7 mois, mais les autorit\u00e9s fran\u00e7aises ont souvent mal agi, en France m\u00eame, ci-devant <em>\u00abpays des droits et des libert\u00e9s\u00bb<\/em>, envers ceux qui manifestaient le moindre soutien au peuple palestinien.&nbsp;Il ne serait donc pas \u00e9tonnant de voir la France appliquer cette m\u00eame politique hors du territoire fran\u00e7ais&nbsp;envers tous les d\u00e9fenseurs de la cause palestinienne.<\/p>\n\n\n\n<p>En ce qui me concerne, je maintiens ma position, et continue ma modeste lutte pour la libert\u00e9 du peuple palestinien, tout en r\u00e9clamant ma libert\u00e9 de circuler garantie par la d\u00e9claration universelle des droits de l\u2019homme depuis 1948.<\/p>\n\n\n\n<p>* <em>Ancien membre de la Ligue tunisienne de d\u00e9fense des droits l\u2019homme (LTDH).<\/em><\/p>\n\n\n\n<figure class=\"wp-block-embed is-type-wp-embed is-provider-kapitalis wp-block-embed-kapitalis\"><div class=\"wp-block-embed__wrapper\">\n<blockquote class=\"wp-embedded-content\" data-secret=\"3T9A3M0u07\"><a href=\"https:\/\/kapitalis.com\/tunisie\/2023\/10\/24\/face-au-martyre-des-palestiniens-les-occidentaux-ne-sont-pas-tous-sourds-et-aveugles\/\">Face au martyre des Palestiniens, les Occidentaux ne sont pas tous sourds et aveugles<\/a><\/blockquote><iframe loading=\"lazy\" class=\"wp-embedded-content\" sandbox=\"allow-scripts\" security=\"restricted\" style=\"position: absolute; clip: rect(1px, 1px, 1px, 1px);\" title=\"\u00ab\u00a0Face au martyre des Palestiniens, les Occidentaux ne sont pas tous sourds et aveugles\u00a0\u00bb &#8212; Kapitalis\" src=\"https:\/\/kapitalis.com\/tunisie\/2023\/10\/24\/face-au-martyre-des-palestiniens-les-occidentaux-ne-sont-pas-tous-sourds-et-aveugles\/embed\/#?secret=mlfD10Y7oh#?secret=3T9A3M0u07\" data-secret=\"3T9A3M0u07\" width=\"600\" height=\"338\" frameborder=\"0\" marginwidth=\"0\" marginheight=\"0\" scrolling=\"no\"><\/iframe>\n<\/div><\/figure>\n","protected":false},"excerpt":{"rendered":"<p>Les services consulaires fran\u00e7ais auraient-ils \u00e9tabli une liste noire des personnes soutenant les droits des palestiniens pour leur refuser le visa d&rsquo;entr\u00e9e en France ?  <\/p>\n","protected":false},"author":8,"featured_media":7354960,"comment_status":"open","ping_status":"open","sticky":false,"template":"","format":"standard","meta":{"footnotes":""},"categories":[992,997,1000,2433],"tags":[2070,111748,395,2444,2478,4026,2739,955],"class_list":["post-12509111","post","type-post","status-publish","format-standard","has-post-thumbnail","hentry","category-a-la-une","category-politique","category-tribune","category-tunisie","tag-consulat","tag-fathi-hammami","tag-france","tag-gaza","tag-israel","tag-palestine","tag-palestiniens","tag-visa"],"yoast_head":"<!-- This site is optimized with the Yoast SEO plugin v26.6 - https:\/\/yoast.com\/wordpress\/plugins\/seo\/ -->\n<title>Le soutien \u00e0 la Palestine est-il devenu une raison de refus du visa pour la France? - Kapitalis<\/title>\n<meta name=\"robots\" content=\"index, follow, max-snippet:-1, max-image-preview:large, max-video-preview:-1\" \/>\n<link rel=\"canonical\" href=\"https:\/\/kapitalis.com\/tunisie\/2024\/04\/18\/le-soutien-a-la-palestine-est-il-devenu-une-raison-de-refus-du-visa-pour-la-france\/\" \/>\n<meta property=\"og:locale\" content=\"fr_FR\" \/>\n<meta property=\"og:type\" content=\"article\" \/>\n<meta property=\"og:title\" content=\"Le soutien \u00e0 la Palestine est-il devenu une raison de refus du visa pour la France? - Kapitalis\" \/>\n<meta property=\"og:description\" content=\"Les services consulaires fran\u00e7ais auraient-ils \u00e9tabli une liste noire des personnes soutenant les droits des palestiniens pour leur refuser le visa d&#039;entr\u00e9e en France ?\" \/>\n<meta property=\"og:url\" content=\"https:\/\/kapitalis.com\/tunisie\/2024\/04\/18\/le-soutien-a-la-palestine-est-il-devenu-une-raison-de-refus-du-visa-pour-la-france\/\" \/>\n<meta property=\"og:site_name\" content=\"Kapitalis\" \/>\n<meta property=\"article:publisher\" content=\"https:\/\/www.facebook.com\/KapitalisInfo\/\" \/>\n<meta property=\"article:published_time\" content=\"2024-04-18T06:40:01+00:00\" \/>\n<meta property=\"article:modified_time\" content=\"2024-04-18T06:40:02+00:00\" \/>\n<meta property=\"og:image\" content=\"https:\/\/kapitalis.com\/tunisie\/wp-content\/uploads\/2023\/04\/Visa-Schengen.jpg\" \/>\n\t<meta property=\"og:image:width\" content=\"1200\" \/>\n\t<meta property=\"og:image:height\" content=\"630\" \/>\n\t<meta property=\"og:image:type\" content=\"image\/jpeg\" \/>\n<meta name=\"author\" content=\"webmaster kapitalis\" \/>\n<meta name=\"twitter:card\" content=\"summary_large_image\" \/>\n<meta name=\"twitter:creator\" content=\"@KapitalisInfo\" \/>\n<meta name=\"twitter:site\" content=\"@KapitalisInfo\" \/>\n<meta name=\"twitter:label1\" content=\"\u00c9crit par\" \/>\n\t<meta name=\"twitter:data1\" content=\"webmaster kapitalis\" \/>\n\t<meta name=\"twitter:label2\" content=\"Dur\u00e9e de lecture estim\u00e9e\" \/>\n\t<meta name=\"twitter:data2\" content=\"3 minutes\" \/>\n<script type=\"application\/ld+json\" class=\"yoast-schema-graph\">{\"@context\":\"https:\/\/schema.org\",\"@graph\":[{\"@type\":\"Article\",\"@id\":\"https:\/\/kapitalis.com\/tunisie\/2024\/04\/18\/le-soutien-a-la-palestine-est-il-devenu-une-raison-de-refus-du-visa-pour-la-france\/#article\",\"isPartOf\":{\"@id\":\"https:\/\/kapitalis.com\/tunisie\/2024\/04\/18\/le-soutien-a-la-palestine-est-il-devenu-une-raison-de-refus-du-visa-pour-la-france\/\"},\"author\":{\"name\":\"webmaster kapitalis\",\"@id\":\"https:\/\/kapitalis.com\/tunisie\/#\/schema\/person\/d71f33a9ca44f7bad4698210b480c8e9\"},\"headline\":\"Le soutien \u00e0 la Palestine est-il devenu une raison de refus du visa pour la France?\",\"datePublished\":\"2024-04-18T06:40:01+00:00\",\"dateModified\":\"2024-04-18T06:40:02+00:00\",\"mainEntityOfPage\":{\"@id\":\"https:\/\/kapitalis.com\/tunisie\/2024\/04\/18\/le-soutien-a-la-palestine-est-il-devenu-une-raison-de-refus-du-visa-pour-la-france\/\"},\"wordCount\":397,\"commentCount\":3,\"publisher\":{\"@id\":\"https:\/\/kapitalis.com\/tunisie\/#organization\"},\"image\":{\"@id\":\"https:\/\/kapitalis.com\/tunisie\/2024\/04\/18\/le-soutien-a-la-palestine-est-il-devenu-une-raison-de-refus-du-visa-pour-la-france\/#primaryimage\"},\"thumbnailUrl\":\"https:\/\/kapitalis.com\/tunisie\/wp-content\/uploads\/2023\/04\/Visa-Schengen.jpg\",\"keywords\":[\"consulat\",\"Fathi Hammami\",\"France\",\"Gaza\",\"Isra\u00ebl\",\"Palestine\",\"Palestiniens\",\"visa\"],\"articleSection\":[\"A LA UNE\",\"POLITIQUE\",\"TRIBUNE\",\"Tunisie\"],\"inLanguage\":\"fr-FR\",\"potentialAction\":[{\"@type\":\"CommentAction\",\"name\":\"Comment\",\"target\":[\"https:\/\/kapitalis.com\/tunisie\/2024\/04\/18\/le-soutien-a-la-palestine-est-il-devenu-une-raison-de-refus-du-visa-pour-la-france\/#respond\"]}]},{\"@type\":\"WebPage\",\"@id\":\"https:\/\/kapitalis.com\/tunisie\/2024\/04\/18\/le-soutien-a-la-palestine-est-il-devenu-une-raison-de-refus-du-visa-pour-la-france\/\",\"url\":\"https:\/\/kapitalis.com\/tunisie\/2024\/04\/18\/le-soutien-a-la-palestine-est-il-devenu-une-raison-de-refus-du-visa-pour-la-france\/\",\"name\":\"Le soutien \u00e0 la Palestine est-il devenu une raison de refus du visa pour la France? - Kapitalis\",\"isPartOf\":{\"@id\":\"https:\/\/kapitalis.com\/tunisie\/#website\"},\"primaryImageOfPage\":{\"@id\":\"https:\/\/kapitalis.com\/tunisie\/2024\/04\/18\/le-soutien-a-la-palestine-est-il-devenu-une-raison-de-refus-du-visa-pour-la-france\/#primaryimage\"},\"image\":{\"@id\":\"https:\/\/kapitalis.com\/tunisie\/2024\/04\/18\/le-soutien-a-la-palestine-est-il-devenu-une-raison-de-refus-du-visa-pour-la-france\/#primaryimage\"},\"thumbnailUrl\":\"https:\/\/kapitalis.com\/tunisie\/wp-content\/uploads\/2023\/04\/Visa-Schengen.jpg\",\"datePublished\":\"2024-04-18T06:40:01+00:00\",\"dateModified\":\"2024-04-18T06:40:02+00:00\",\"breadcrumb\":{\"@id\":\"https:\/\/kapitalis.com\/tunisie\/2024\/04\/18\/le-soutien-a-la-palestine-est-il-devenu-une-raison-de-refus-du-visa-pour-la-france\/#breadcrumb\"},\"inLanguage\":\"fr-FR\",\"potentialAction\":[{\"@type\":\"ReadAction\",\"target\":[\"https:\/\/kapitalis.com\/tunisie\/2024\/04\/18\/le-soutien-a-la-palestine-est-il-devenu-une-raison-de-refus-du-visa-pour-la-france\/\"]}]},{\"@type\":\"ImageObject\",\"inLanguage\":\"fr-FR\",\"@id\":\"https:\/\/kapitalis.com\/tunisie\/2024\/04\/18\/le-soutien-a-la-palestine-est-il-devenu-une-raison-de-refus-du-visa-pour-la-france\/#primaryimage\",\"url\":\"https:\/\/kapitalis.com\/tunisie\/wp-content\/uploads\/2023\/04\/Visa-Schengen.jpg\",\"contentUrl\":\"https:\/\/kapitalis.com\/tunisie\/wp-content\/uploads\/2023\/04\/Visa-Schengen.jpg\",\"width\":1200,\"height\":630},{\"@type\":\"BreadcrumbList\",\"@id\":\"https:\/\/kapitalis.com\/tunisie\/2024\/04\/18\/le-soutien-a-la-palestine-est-il-devenu-une-raison-de-refus-du-visa-pour-la-france\/#breadcrumb\",\"itemListElement\":[{\"@type\":\"ListItem\",\"position\":1,\"name\":\"Accueil\",\"item\":\"https:\/\/kapitalis.com\/tunisie\/\"},{\"@type\":\"ListItem\",\"position\":2,\"name\":\"Le soutien \u00e0 la Palestine est-il devenu une raison de refus du visa pour la France?\"}]},{\"@type\":\"WebSite\",\"@id\":\"https:\/\/kapitalis.com\/tunisie\/#website\",\"url\":\"https:\/\/kapitalis.com\/tunisie\/\",\"name\":\"Kapitalis\",\"description\":\"L&#039;actualit\u00e9 en Tunisie et dans le monde\",\"publisher\":{\"@id\":\"https:\/\/kapitalis.com\/tunisie\/#organization\"},\"potentialAction\":[{\"@type\":\"SearchAction\",\"target\":{\"@type\":\"EntryPoint\",\"urlTemplate\":\"https:\/\/kapitalis.com\/tunisie\/?s={search_term_string}\"},\"query-input\":{\"@type\":\"PropertyValueSpecification\",\"valueRequired\":true,\"valueName\":\"search_term_string\"}}],\"inLanguage\":\"fr-FR\"},{\"@type\":\"Organization\",\"@id\":\"https:\/\/kapitalis.com\/tunisie\/#organization\",\"name\":\"Kapitalis\",\"url\":\"https:\/\/kapitalis.com\/tunisie\/\",\"logo\":{\"@type\":\"ImageObject\",\"inLanguage\":\"fr-FR\",\"@id\":\"https:\/\/kapitalis.com\/tunisie\/#\/schema\/logo\/image\/\",\"url\":\"https:\/\/kapitalis.com\/tunisie\/wp-content\/uploads\/2022\/05\/Kapitalis-big-size.png\",\"contentUrl\":\"https:\/\/kapitalis.com\/tunisie\/wp-content\/uploads\/2022\/05\/Kapitalis-big-size.png\",\"width\":5000,\"height\":1500,\"caption\":\"Kapitalis\"},\"image\":{\"@id\":\"https:\/\/kapitalis.com\/tunisie\/#\/schema\/logo\/image\/\"},\"sameAs\":[\"https:\/\/www.facebook.com\/KapitalisInfo\/\",\"https:\/\/x.com\/KapitalisInfo\",\"https:\/\/www.youtube.com\/channel\/UC-yDYrHyfFBWWZaOw3FPg9Q\"]},{\"@type\":\"Person\",\"@id\":\"https:\/\/kapitalis.com\/tunisie\/#\/schema\/person\/d71f33a9ca44f7bad4698210b480c8e9\",\"name\":\"webmaster kapitalis\",\"url\":\"https:\/\/kapitalis.com\/tunisie\/author\/webmaster-kapitalis\/\"}]}<\/script>\n<!-- \/ Yoast SEO plugin. -->","yoast_head_json":{"title":"Le soutien \u00e0 la Palestine est-il devenu une raison de refus du visa pour la France? - Kapitalis","robots":{"index":"index","follow":"follow","max-snippet":"max-snippet:-1","max-image-preview":"max-image-preview:large","max-video-preview":"max-video-preview:-1"},"canonical":"https:\/\/kapitalis.com\/tunisie\/2024\/04\/18\/le-soutien-a-la-palestine-est-il-devenu-une-raison-de-refus-du-visa-pour-la-france\/","og_locale":"fr_FR","og_type":"article","og_title":"Le soutien \u00e0 la Palestine est-il devenu une raison de refus du visa pour la France? - Kapitalis","og_description":"Les services consulaires fran\u00e7ais auraient-ils \u00e9tabli une liste noire des personnes soutenant les droits des palestiniens pour leur refuser le visa d'entr\u00e9e en France ?","og_url":"https:\/\/kapitalis.com\/tunisie\/2024\/04\/18\/le-soutien-a-la-palestine-est-il-devenu-une-raison-de-refus-du-visa-pour-la-france\/","og_site_name":"Kapitalis","article_publisher":"https:\/\/www.facebook.com\/KapitalisInfo\/","article_published_time":"2024-04-18T06:40:01+00:00","article_modified_time":"2024-04-18T06:40:02+00:00","og_image":[{"width":1200,"height":630,"url":"https:\/\/kapitalis.com\/tunisie\/wp-content\/uploads\/2023\/04\/Visa-Schengen.jpg","type":"image\/jpeg"}],"author":"webmaster kapitalis","twitter_card":"summary_large_image","twitter_creator":"@KapitalisInfo","twitter_site":"@KapitalisInfo","twitter_misc":{"\u00c9crit par":"webmaster kapitalis","Dur\u00e9e de lecture estim\u00e9e":"3 minutes"},"schema":{"@context":"https:\/\/schema.org","@graph":[{"@type":"Article","@id":"https:\/\/kapitalis.com\/tunisie\/2024\/04\/18\/le-soutien-a-la-palestine-est-il-devenu-une-raison-de-refus-du-visa-pour-la-france\/#article","isPartOf":{"@id":"https:\/\/kapitalis.com\/tunisie\/2024\/04\/18\/le-soutien-a-la-palestine-est-il-devenu-une-raison-de-refus-du-visa-pour-la-france\/"},"author":{"name":"webmaster kapitalis","@id":"https:\/\/kapitalis.com\/tunisie\/#\/schema\/person\/d71f33a9ca44f7bad4698210b480c8e9"},"headline":"Le soutien \u00e0 la Palestine est-il devenu une raison de refus du visa pour la France?","datePublished":"2024-04-18T06:40:01+00:00","dateModified":"2024-04-18T06:40:02+00:00","mainEntityOfPage":{"@id":"https:\/\/kapitalis.com\/tunisie\/2024\/04\/18\/le-soutien-a-la-palestine-est-il-devenu-une-raison-de-refus-du-visa-pour-la-france\/"},"wordCount":397,"commentCount":3,"publisher":{"@id":"https:\/\/kapitalis.com\/tunisie\/#organization"},"image":{"@id":"https:\/\/kapitalis.com\/tunisie\/2024\/04\/18\/le-soutien-a-la-palestine-est-il-devenu-une-raison-de-refus-du-visa-pour-la-france\/#primaryimage"},"thumbnailUrl":"https:\/\/kapitalis.com\/tunisie\/wp-content\/uploads\/2023\/04\/Visa-Schengen.jpg","keywords":["consulat","Fathi Hammami","France","Gaza","Isra\u00ebl","Palestine","Palestiniens","visa"],"articleSection":["A LA UNE","POLITIQUE","TRIBUNE","Tunisie"],"inLanguage":"fr-FR","potentialAction":[{"@type":"CommentAction","name":"Comment","target":["https:\/\/kapitalis.com\/tunisie\/2024\/04\/18\/le-soutien-a-la-palestine-est-il-devenu-une-raison-de-refus-du-visa-pour-la-france\/#respond"]}]},{"@type":"WebPage","@id":"https:\/\/kapitalis.com\/tunisie\/2024\/04\/18\/le-soutien-a-la-palestine-est-il-devenu-une-raison-de-refus-du-visa-pour-la-france\/","url":"https:\/\/kapitalis.com\/tunisie\/2024\/04\/18\/le-soutien-a-la-palestine-est-il-devenu-une-raison-de-refus-du-visa-pour-la-france\/","name":"Le soutien \u00e0 la Palestine est-il devenu une raison de refus du visa pour la France? - Kapitalis","isPartOf":{"@id":"https:\/\/kapitalis.com\/tunisie\/#website"},"primaryImageOfPage":{"@id":"https:\/\/kapitalis.com\/tunisie\/2024\/04\/18\/le-soutien-a-la-palestine-est-il-devenu-une-raison-de-refus-du-visa-pour-la-france\/#primaryimage"},"image":{"@id":"https:\/\/kapitalis.com\/tunisie\/2024\/04\/18\/le-soutien-a-la-palestine-est-il-devenu-une-raison-de-refus-du-visa-pour-la-france\/#primaryimage"},"thumbnailUrl":"https:\/\/kapitalis.com\/tunisie\/wp-content\/uploads\/2023\/04\/Visa-Schengen.jpg","datePublished":"2024-04-18T06:40:01+00:00","dateModified":"2024-04-18T06:40:02+00:00","breadcrumb":{"@id":"https:\/\/kapitalis.com\/tunisie\/2024\/04\/18\/le-soutien-a-la-palestine-est-il-devenu-une-raison-de-refus-du-visa-pour-la-france\/#breadcrumb"},"inLanguage":"fr-FR","potentialAction":[{"@type":"ReadAction","target":["https:\/\/kapitalis.com\/tunisie\/2024\/04\/18\/le-soutien-a-la-palestine-est-il-devenu-une-raison-de-refus-du-visa-pour-la-france\/"]}]},{"@type":"ImageObject","inLanguage":"fr-FR","@id":"https:\/\/kapitalis.com\/tunisie\/2024\/04\/18\/le-soutien-a-la-palestine-est-il-devenu-une-raison-de-refus-du-visa-pour-la-france\/#primaryimage","url":"https:\/\/kapitalis.com\/tunisie\/wp-content\/uploads\/2023\/04\/Visa-Schengen.jpg","contentUrl":"https:\/\/kapitalis.com\/tunisie\/wp-content\/uploads\/2023\/04\/Visa-Schengen.jpg","width":1200,"height":630},{"@type":"BreadcrumbList","@id":"https:\/\/kapitalis.com\/tunisie\/2024\/04\/18\/le-soutien-a-la-palestine-est-il-devenu-une-raison-de-refus-du-visa-pour-la-france\/#breadcrumb","itemListElement":[{"@type":"ListItem","position":1,"name":"Accueil","item":"https:\/\/kapitalis.com\/tunisie\/"},{"@type":"ListItem","position":2,"name":"Le soutien \u00e0 la Palestine est-il devenu une raison de refus du visa pour la France?"}]},{"@type":"WebSite","@id":"https:\/\/kapitalis.com\/tunisie\/#website","url":"https:\/\/kapitalis.com\/tunisie\/","name":"Kapitalis","description":"L&#039;actualit\u00e9 en Tunisie et dans le monde","publisher":{"@id":"https:\/\/kapitalis.com\/tunisie\/#organization"},"potentialAction":[{"@type":"SearchAction","target":{"@type":"EntryPoint","urlTemplate":"https:\/\/kapitalis.com\/tunisie\/?s={search_term_string}"},"query-input":{"@type":"PropertyValueSpecification","valueRequired":true,"valueName":"search_term_string"}}],"inLanguage":"fr-FR"},{"@type":"Organization","@id":"https:\/\/kapitalis.com\/tunisie\/#organization","name":"Kapitalis","url":"https:\/\/kapitalis.com\/tunisie\/","logo":{"@type":"ImageObject","inLanguage":"fr-FR","@id":"https:\/\/kapitalis.com\/tunisie\/#\/schema\/logo\/image\/","url":"https:\/\/kapitalis.com\/tunisie\/wp-content\/uploads\/2022\/05\/Kapitalis-big-size.png","contentUrl":"https:\/\/kapitalis.com\/tunisie\/wp-content\/uploads\/2022\/05\/Kapitalis-big-size.png","width":5000,"height":1500,"caption":"Kapitalis"},"image":{"@id":"https:\/\/kapitalis.com\/tunisie\/#\/schema\/logo\/image\/"},"sameAs":["https:\/\/www.facebook.com\/KapitalisInfo\/","https:\/\/x.com\/KapitalisInfo","https:\/\/www.youtube.com\/channel\/UC-yDYrHyfFBWWZaOw3FPg9Q"]},{"@type":"Person","@id":"https:\/\/kapitalis.com\/tunisie\/#\/schema\/person\/d71f33a9ca44f7bad4698210b480c8e9","name":"webmaster kapitalis","url":"https:\/\/kapitalis.com\/tunisie\/author\/webmaster-kapitalis\/"}]}},"_links":{"self":[{"href":"https:\/\/kapitalis.com\/tunisie\/wp-json\/wp\/v2\/posts\/12509111","targetHints":{"allow":["GET"]}}],"collection":[{"href":"https:\/\/kapitalis.com\/tunisie\/wp-json\/wp\/v2\/posts"}],"about":[{"href":"https:\/\/kapitalis.com\/tunisie\/wp-json\/wp\/v2\/types\/post"}],"author":[{"embeddable":true,"href":"https:\/\/kapitalis.com\/tunisie\/wp-json\/wp\/v2\/users\/8"}],"replies":[{"embeddable":true,"href":"https:\/\/kapitalis.com\/tunisie\/wp-json\/wp\/v2\/comments?post=12509111"}],"version-history":[{"count":1,"href":"https:\/\/kapitalis.com\/tunisie\/wp-json\/wp\/v2\/posts\/12509111\/revisions"}],"predecessor-version":[{"id":12509184,"href":"https:\/\/kapitalis.com\/tunisie\/wp-json\/wp\/v2\/posts\/12509111\/revisions\/12509184"}],"wp:featuredmedia":[{"embeddable":true,"href":"https:\/\/kapitalis.com\/tunisie\/wp-json\/wp\/v2\/media\/7354960"}],"wp:attachment":[{"href":"https:\/\/kapitalis.com\/tunisie\/wp-json\/wp\/v2\/media?parent=12509111"}],"wp:term":[{"taxonomy":"category","embeddable":true,"href":"https:\/\/kapitalis.com\/tunisie\/wp-json\/wp\/v2\/categories?post=12509111"},{"taxonomy":"post_tag","embeddable":true,"href":"https:\/\/kapitalis.com\/tunisie\/wp-json\/wp\/v2\/tags?post=12509111"}],"curies":[{"name":"wp","href":"https:\/\/api.w.org\/{rel}","templated":true}]}}