{"id":12516468,"date":"2024-04-19T07:24:42","date_gmt":"2024-04-19T06:24:42","guid":{"rendered":"https:\/\/kapitalis.com\/tunisie\/?p=12516468"},"modified":"2024-04-19T07:24:44","modified_gmt":"2024-04-19T06:24:44","slug":"tunisie-le-crldht-denonce-un-deni-de-justice-dans-laffaire-du-complot","status":"publish","type":"post","link":"https:\/\/kapitalis.com\/tunisie\/2024\/04\/19\/tunisie-le-crldht-denonce-un-deni-de-justice-dans-laffaire-du-complot\/","title":{"rendered":"Tunisie\u00a0: Le CRLDHT d\u00e9nonce un \u00abd\u00e9ni de justice\u00bb dans l\u2019affaire du \u00abcomplot\u00bb"},"content":{"rendered":"\n<p><strong><em>Dans le communiqu\u00e9 suivant, publi\u00e9 le 17 avril 2024, le Comit\u00e9 pour le respect des libert\u00e9s et des droits de l\u2019homme en Tunisie (CRLDHT) d\u00e9nonce ce qu\u2019il consid\u00e8re comme \u00abviolation des proc\u00e9dures judiciaires, ing\u00e9rence manifeste du pouvoir ex\u00e9cutif et d\u00e9ni de justice\u00bb dans l\u2019affaire dite de complot contre la s\u00fbret\u00e9 de l\u2019Etat. \u00a0\u00a0<\/em><\/strong><\/p>\n\n\n\n<!--more-->\n\n\n\n<p>Quatorze mois apr\u00e8s l\u2019arrestation de personnalit\u00e9s politiques dans l\u2019affaire dite du&nbsp; <em>\u00abcomplot contre la s\u00e9curit\u00e9 de l\u2019\u00c9tat\u00bb<\/em> et la fabrication de graves chefs d\u2019inculpation \u00e0 leur encontre, le pouvoir ex\u00e9cutif continue&nbsp;<em>via&nbsp;<\/em>des juges aux ordres de d\u00e9tourner les proc\u00e9dures judiciaires, d\u2019enfreindre le droit \u00e0 la d\u00e9fense prouvant de la sorte qu\u2019il a partie li\u00e9e avec ces d\u00e9nis de justice manifestes.<\/p>\n\n\n\n<p>Mardi 16 avril 2024, le Comit\u00e9 de d\u00e9fense (avocats)&nbsp; des accus\u00e9s fait \u00e9tat des violations flagrantes relevant que le juge d\u2019instruction avait finalement d\u00e9cid\u00e9 dans la pr\u00e9cipitation de cl\u00f4turer l\u2019enqu\u00eate alors qu\u2019il avait \u00e9t\u00e9 inform\u00e9 par \u00e9crit, qu\u2019en vertu du code de proc\u00e9dure p\u00e9nale, aucune d\u00e9cision ne pouvait \u00eatre prise compte tenu du fait que le dossier \u00e9tait au niveau de la Chambre d\u2019appel.<\/p>\n\n\n\n<p>Pas moins de 42 personnes sont cit\u00e9es dans cette affaire dite du complot\u00a0: sept sont en d\u00e9tention pr\u00e9ventive qui prend normalement fin \u00e0 compter du vendredi 19 avril 2024 (Khayem Turki, Kamel Letaief, Abdelhamid Jelassi, Issam Chebbi, Jaouher Ben Mbarek, Ghazi Chaouachi et Ridha Belhadj; le juge a obstin\u00e9ment refus\u00e9 leur lib\u00e9ration alors qu\u2019ils ne constituent aucunement une menace ou un risque de fuite); Chaima A\u00efssa, premi\u00e8re femme prisonni\u00e8re politique depuis la r\u00e9volution\u00a0et Lazhar Akremi ont \u00e9t\u00e9 mis en libert\u00e9 apr\u00e8s plusieurs mois de d\u00e9tention pr\u00e9ventive; 33 autres personnalit\u00e9s, dont la f\u00e9ministe Bochra Belhaj Hamida et le d\u00e9fenseur des droits humains Kamel Jendoubi, sont poursuivies. Les dix-sept chefs d\u2019inculpation apparaissent totalement d\u00e9mesur\u00e9s voire extravagants pouvant aboutir \u00e0 plusieurs titres \u00e0 des condamnations \u00e0 la peine de mort.<\/p>\n\n\n\n<figure class=\"wp-block-embed is-type-wp-embed is-provider-kapitalis wp-block-embed-kapitalis\"><div class=\"wp-block-embed__wrapper\">\n<blockquote class=\"wp-embedded-content\" data-secret=\"2ekOSRvHwI\"><a href=\"https:\/\/kapitalis.com\/tunisie\/2024\/04\/18\/tunisie-controverse-autour-des-procedures-dans-laffaire-de-complot\/\">Tunisie\u00a0: controverse autour des proc\u00e9dures dans l\u2019\u00abaffaire de complot\u00bb<\/a><\/blockquote><iframe loading=\"lazy\" class=\"wp-embedded-content\" sandbox=\"allow-scripts\" security=\"restricted\" style=\"position: absolute; clip: rect(1px, 1px, 1px, 1px);\" title=\"\u00ab\u00a0Tunisie\u00a0: controverse autour des proc\u00e9dures dans l\u2019\u00abaffaire de complot\u00bb\u00a0\u00bb &#8212; Kapitalis\" src=\"https:\/\/kapitalis.com\/tunisie\/2024\/04\/18\/tunisie-controverse-autour-des-procedures-dans-laffaire-de-complot\/embed\/#?secret=9EO8o9w1Eo#?secret=2ekOSRvHwI\" data-secret=\"2ekOSRvHwI\" width=\"600\" height=\"338\" frameborder=\"0\" marginwidth=\"0\" marginheight=\"0\" scrolling=\"no\"><\/iframe>\n<\/div><\/figure>\n\n\n\n<p>Le Pr\u00e9sident de la R\u00e9publique intervient \u00e9galement directement dans le dossier au cours de ses d\u00e9clarations publiques. Apr\u00e8s avoir d\u00e9clar\u00e9 que <em>\u00abcelui qui les acquitterait \u00e9tait leur complice dans le crime\u00bb<\/em>, le voici affirmant, le 15 avril 2024, lors du Conseil national de s\u00e9curit\u00e9, que <em>\u00ables proc\u00e9dures judiciaires<\/em> (dans cette affaire) <em>sont int\u00e8gres\u00bb<\/em>. Comment le chef du pouvoir ex\u00e9cutif peut-il s\u2019exprimer sur un dossier judiciaire qui est strictement du ressort des tribunaux s\u2019il croit vraiment \u00e0 l\u2019ind\u00e9pendance du pouvoir judiciaire ? Preuve suppl\u00e9mentaire s\u2019il en est besoin que la d\u00e9cision d\u2019arr\u00eater ces personnalit\u00e9s \u00e9tait et demeure politique.<\/p>\n\n\n\n<p>Le Comit\u00e9 pour le respect des libert\u00e9s et des droits de l&rsquo;homme en Tunisie (CRLDHT) joint sa voix \u00e0 celle de la d\u00e9fense pour exiger la lib\u00e9ration de ces prisonniers politiques au terme de la p\u00e9riode maximale l\u00e9gale de la d\u00e9tention pr\u00e9ventive.<\/p>\n\n\n\n<p>Il appelle le pr\u00e9sident de la R\u00e9publique \u00e0 cesser de s\u2019immiscer directement dans le fonctionnement du pouvoir judiciaire en mena\u00e7ant les juges et en intimidant les citoyen-e-s par la fabrication de pr\u00e9tendus complots aux fins de taire toute voix dissidente s\u2019opposant \u00e0 son r\u00e9gime personnel et appelant \u00e0 la d\u00e9mocratie et la libert\u00e9 d&rsquo;expression.<\/p>\n\n\n\n<p>Enfin, le CRLDHT renouvelle son soutien total \u00e0 tous les prisonniers d\u2019opinion, \u00e0 tous les prisonniers politiques, appelle \u00e0 leur lib\u00e9ration imm\u00e9diate et au retour de la d\u00e9mocratie et de la libert\u00e9 pour lesquelles des g\u00e9n\u00e9rations de Tunisiennes et de Tunisiens se sont sacrifi\u00e9es.<\/p>\n\n\n\n<p><strong><em>Communiqu\u00e9.<\/em><\/strong><\/p>\n\n\n\n<figure class=\"wp-block-embed is-type-wp-embed is-provider-kapitalis wp-block-embed-kapitalis\"><div class=\"wp-block-embed__wrapper\">\n<blockquote class=\"wp-embedded-content\" data-secret=\"olGF7ip9nx\"><a href=\"https:\/\/kapitalis.com\/tunisie\/2024\/04\/18\/tunisie-dalila-msaddek-denonce-un-grave-precedent-judiciaire\/\">Tunisie\u00a0: Dalila Msaddek d\u00e9nonce un grave pr\u00e9c\u00e9dent judiciaire<\/a><\/blockquote><iframe loading=\"lazy\" class=\"wp-embedded-content\" sandbox=\"allow-scripts\" security=\"restricted\" style=\"position: absolute; clip: rect(1px, 1px, 1px, 1px);\" title=\"\u00ab\u00a0Tunisie\u00a0: Dalila Msaddek d\u00e9nonce un grave pr\u00e9c\u00e9dent judiciaire\u00a0\u00bb &#8212; Kapitalis\" src=\"https:\/\/kapitalis.com\/tunisie\/2024\/04\/18\/tunisie-dalila-msaddek-denonce-un-grave-precedent-judiciaire\/embed\/#?secret=QMPkE4KgTu#?secret=olGF7ip9nx\" data-secret=\"olGF7ip9nx\" width=\"600\" height=\"338\" frameborder=\"0\" marginwidth=\"0\" marginheight=\"0\" scrolling=\"no\"><\/iframe>\n<\/div><\/figure>\n","protected":false},"excerpt":{"rendered":"<p>Le CRLDHT d\u00e9nonce ce qu\u2019il consid\u00e8re comme \u00abviolation des proc\u00e9dures judiciaires\u00bb dans l\u2019affaire dite de complot contre la s\u00fbret\u00e9 de l\u2019Etat. \u00a0\u00a0<\/p>\n","protected":false},"author":8,"featured_media":12516491,"comment_status":"open","ping_status":"open","sticky":false,"template":"","format":"standard","meta":{"footnotes":""},"categories":[997,2433],"tags":[1584,109837,109673,15936,8314,93868,115085,81131,88479,62643],"class_list":["post-12516468","post","type-post","status-publish","format-standard","has-post-thumbnail","hentry","category-politique","category-tunisie","tag-abdelhamid-jelassi","tag-affaire-du-complot","tag-crldht","tag-ghazi-chaouachi","tag-issam-chebbi","tag-jaouher-ben-mbarek","tag-kamel-letaief","tag-khayem-turki","tag-ridha-belhadj","tag-tunisie"],"yoast_head":"<!-- This site is optimized with the Yoast SEO plugin v26.6 - https:\/\/yoast.com\/wordpress\/plugins\/seo\/ -->\n<title>Tunisie\u00a0: Le CRLDHT d\u00e9nonce un \u00abd\u00e9ni de justice\u00bb dans l\u2019affaire du \u00abcomplot\u00bb - Kapitalis<\/title>\n<meta name=\"robots\" content=\"index, follow, max-snippet:-1, max-image-preview:large, max-video-preview:-1\" \/>\n<link rel=\"canonical\" href=\"https:\/\/kapitalis.com\/tunisie\/2024\/04\/19\/tunisie-le-crldht-denonce-un-deni-de-justice-dans-laffaire-du-complot\/\" \/>\n<meta property=\"og:locale\" content=\"fr_FR\" \/>\n<meta property=\"og:type\" content=\"article\" \/>\n<meta property=\"og:title\" content=\"Tunisie\u00a0: Le CRLDHT d\u00e9nonce un \u00abd\u00e9ni de justice\u00bb dans l\u2019affaire du \u00abcomplot\u00bb - Kapitalis\" \/>\n<meta property=\"og:description\" content=\"Le CRLDHT d\u00e9nonce ce qu\u2019il consid\u00e8re comme \u00abviolation des proc\u00e9dures judiciaires\u00bb dans l\u2019affaire dite de complot contre la s\u00fbret\u00e9 de l\u2019Etat. \u00a0\u00a0\" \/>\n<meta property=\"og:url\" content=\"https:\/\/kapitalis.com\/tunisie\/2024\/04\/19\/tunisie-le-crldht-denonce-un-deni-de-justice-dans-laffaire-du-complot\/\" \/>\n<meta property=\"og:site_name\" content=\"Kapitalis\" \/>\n<meta property=\"article:publisher\" content=\"https:\/\/www.facebook.com\/KapitalisInfo\/\" \/>\n<meta property=\"article:published_time\" content=\"2024-04-19T06:24:42+00:00\" \/>\n<meta property=\"article:modified_time\" content=\"2024-04-19T06:24:44+00:00\" \/>\n<meta property=\"og:image\" content=\"https:\/\/kapitalis.com\/tunisie\/wp-content\/uploads\/2024\/04\/Free-Them-Now.jpg\" \/>\n\t<meta property=\"og:image:width\" content=\"1200\" \/>\n\t<meta property=\"og:image:height\" content=\"630\" \/>\n\t<meta property=\"og:image:type\" content=\"image\/jpeg\" \/>\n<meta name=\"author\" content=\"webmaster kapitalis\" \/>\n<meta name=\"twitter:card\" content=\"summary_large_image\" \/>\n<meta name=\"twitter:creator\" content=\"@KapitalisInfo\" \/>\n<meta name=\"twitter:site\" content=\"@KapitalisInfo\" \/>\n<meta name=\"twitter:label1\" content=\"\u00c9crit par\" \/>\n\t<meta name=\"twitter:data1\" content=\"webmaster kapitalis\" \/>\n\t<meta name=\"twitter:label2\" content=\"Dur\u00e9e de lecture estim\u00e9e\" \/>\n\t<meta name=\"twitter:data2\" content=\"3 minutes\" \/>\n<script type=\"application\/ld+json\" class=\"yoast-schema-graph\">{\"@context\":\"https:\/\/schema.org\",\"@graph\":[{\"@type\":\"Article\",\"@id\":\"https:\/\/kapitalis.com\/tunisie\/2024\/04\/19\/tunisie-le-crldht-denonce-un-deni-de-justice-dans-laffaire-du-complot\/#article\",\"isPartOf\":{\"@id\":\"https:\/\/kapitalis.com\/tunisie\/2024\/04\/19\/tunisie-le-crldht-denonce-un-deni-de-justice-dans-laffaire-du-complot\/\"},\"author\":{\"name\":\"webmaster kapitalis\",\"@id\":\"https:\/\/kapitalis.com\/tunisie\/#\/schema\/person\/d71f33a9ca44f7bad4698210b480c8e9\"},\"headline\":\"Tunisie\u00a0: Le CRLDHT d\u00e9nonce un \u00abd\u00e9ni de justice\u00bb dans l\u2019affaire du \u00abcomplot\u00bb\",\"datePublished\":\"2024-04-19T06:24:42+00:00\",\"dateModified\":\"2024-04-19T06:24:44+00:00\",\"mainEntityOfPage\":{\"@id\":\"https:\/\/kapitalis.com\/tunisie\/2024\/04\/19\/tunisie-le-crldht-denonce-un-deni-de-justice-dans-laffaire-du-complot\/\"},\"wordCount\":648,\"commentCount\":1,\"publisher\":{\"@id\":\"https:\/\/kapitalis.com\/tunisie\/#organization\"},\"image\":{\"@id\":\"https:\/\/kapitalis.com\/tunisie\/2024\/04\/19\/tunisie-le-crldht-denonce-un-deni-de-justice-dans-laffaire-du-complot\/#primaryimage\"},\"thumbnailUrl\":\"https:\/\/kapitalis.com\/tunisie\/wp-content\/uploads\/2024\/04\/Free-Them-Now.jpg\",\"keywords\":[\"Abdelhamid Jelassi\",\"affaire du complot\",\"CRLDHT\",\"Ghazi Chaouachi\",\"Issam Chebbi\",\"Jaouher Ben Mbarek\",\"Kamel Letaief\",\"Khayem Turki\",\"Ridha Belhadj\",\"Tunisie\"],\"articleSection\":[\"POLITIQUE\",\"Tunisie\"],\"inLanguage\":\"fr-FR\",\"potentialAction\":[{\"@type\":\"CommentAction\",\"name\":\"Comment\",\"target\":[\"https:\/\/kapitalis.com\/tunisie\/2024\/04\/19\/tunisie-le-crldht-denonce-un-deni-de-justice-dans-laffaire-du-complot\/#respond\"]}]},{\"@type\":\"WebPage\",\"@id\":\"https:\/\/kapitalis.com\/tunisie\/2024\/04\/19\/tunisie-le-crldht-denonce-un-deni-de-justice-dans-laffaire-du-complot\/\",\"url\":\"https:\/\/kapitalis.com\/tunisie\/2024\/04\/19\/tunisie-le-crldht-denonce-un-deni-de-justice-dans-laffaire-du-complot\/\",\"name\":\"Tunisie\u00a0: Le CRLDHT d\u00e9nonce un \u00abd\u00e9ni de justice\u00bb dans l\u2019affaire du \u00abcomplot\u00bb - Kapitalis\",\"isPartOf\":{\"@id\":\"https:\/\/kapitalis.com\/tunisie\/#website\"},\"primaryImageOfPage\":{\"@id\":\"https:\/\/kapitalis.com\/tunisie\/2024\/04\/19\/tunisie-le-crldht-denonce-un-deni-de-justice-dans-laffaire-du-complot\/#primaryimage\"},\"image\":{\"@id\":\"https:\/\/kapitalis.com\/tunisie\/2024\/04\/19\/tunisie-le-crldht-denonce-un-deni-de-justice-dans-laffaire-du-complot\/#primaryimage\"},\"thumbnailUrl\":\"https:\/\/kapitalis.com\/tunisie\/wp-content\/uploads\/2024\/04\/Free-Them-Now.jpg\",\"datePublished\":\"2024-04-19T06:24:42+00:00\",\"dateModified\":\"2024-04-19T06:24:44+00:00\",\"breadcrumb\":{\"@id\":\"https:\/\/kapitalis.com\/tunisie\/2024\/04\/19\/tunisie-le-crldht-denonce-un-deni-de-justice-dans-laffaire-du-complot\/#breadcrumb\"},\"inLanguage\":\"fr-FR\",\"potentialAction\":[{\"@type\":\"ReadAction\",\"target\":[\"https:\/\/kapitalis.com\/tunisie\/2024\/04\/19\/tunisie-le-crldht-denonce-un-deni-de-justice-dans-laffaire-du-complot\/\"]}]},{\"@type\":\"ImageObject\",\"inLanguage\":\"fr-FR\",\"@id\":\"https:\/\/kapitalis.com\/tunisie\/2024\/04\/19\/tunisie-le-crldht-denonce-un-deni-de-justice-dans-laffaire-du-complot\/#primaryimage\",\"url\":\"https:\/\/kapitalis.com\/tunisie\/wp-content\/uploads\/2024\/04\/Free-Them-Now.jpg\",\"contentUrl\":\"https:\/\/kapitalis.com\/tunisie\/wp-content\/uploads\/2024\/04\/Free-Them-Now.jpg\",\"width\":1200,\"height\":630},{\"@type\":\"BreadcrumbList\",\"@id\":\"https:\/\/kapitalis.com\/tunisie\/2024\/04\/19\/tunisie-le-crldht-denonce-un-deni-de-justice-dans-laffaire-du-complot\/#breadcrumb\",\"itemListElement\":[{\"@type\":\"ListItem\",\"position\":1,\"name\":\"Accueil\",\"item\":\"https:\/\/kapitalis.com\/tunisie\/\"},{\"@type\":\"ListItem\",\"position\":2,\"name\":\"Tunisie\u00a0: Le CRLDHT d\u00e9nonce un \u00abd\u00e9ni de justice\u00bb dans l\u2019affaire du \u00abcomplot\u00bb\"}]},{\"@type\":\"WebSite\",\"@id\":\"https:\/\/kapitalis.com\/tunisie\/#website\",\"url\":\"https:\/\/kapitalis.com\/tunisie\/\",\"name\":\"Kapitalis\",\"description\":\"L&#039;actualit\u00e9 en Tunisie et dans le monde\",\"publisher\":{\"@id\":\"https:\/\/kapitalis.com\/tunisie\/#organization\"},\"potentialAction\":[{\"@type\":\"SearchAction\",\"target\":{\"@type\":\"EntryPoint\",\"urlTemplate\":\"https:\/\/kapitalis.com\/tunisie\/?s={search_term_string}\"},\"query-input\":{\"@type\":\"PropertyValueSpecification\",\"valueRequired\":true,\"valueName\":\"search_term_string\"}}],\"inLanguage\":\"fr-FR\"},{\"@type\":\"Organization\",\"@id\":\"https:\/\/kapitalis.com\/tunisie\/#organization\",\"name\":\"Kapitalis\",\"url\":\"https:\/\/kapitalis.com\/tunisie\/\",\"logo\":{\"@type\":\"ImageObject\",\"inLanguage\":\"fr-FR\",\"@id\":\"https:\/\/kapitalis.com\/tunisie\/#\/schema\/logo\/image\/\",\"url\":\"https:\/\/kapitalis.com\/tunisie\/wp-content\/uploads\/2022\/05\/Kapitalis-big-size.png\",\"contentUrl\":\"https:\/\/kapitalis.com\/tunisie\/wp-content\/uploads\/2022\/05\/Kapitalis-big-size.png\",\"width\":5000,\"height\":1500,\"caption\":\"Kapitalis\"},\"image\":{\"@id\":\"https:\/\/kapitalis.com\/tunisie\/#\/schema\/logo\/image\/\"},\"sameAs\":[\"https:\/\/www.facebook.com\/KapitalisInfo\/\",\"https:\/\/x.com\/KapitalisInfo\",\"https:\/\/www.youtube.com\/channel\/UC-yDYrHyfFBWWZaOw3FPg9Q\"]},{\"@type\":\"Person\",\"@id\":\"https:\/\/kapitalis.com\/tunisie\/#\/schema\/person\/d71f33a9ca44f7bad4698210b480c8e9\",\"name\":\"webmaster kapitalis\",\"url\":\"https:\/\/kapitalis.com\/tunisie\/author\/webmaster-kapitalis\/\"}]}<\/script>\n<!-- \/ Yoast SEO plugin. -->","yoast_head_json":{"title":"Tunisie\u00a0: Le CRLDHT d\u00e9nonce un \u00abd\u00e9ni de justice\u00bb dans l\u2019affaire du \u00abcomplot\u00bb - Kapitalis","robots":{"index":"index","follow":"follow","max-snippet":"max-snippet:-1","max-image-preview":"max-image-preview:large","max-video-preview":"max-video-preview:-1"},"canonical":"https:\/\/kapitalis.com\/tunisie\/2024\/04\/19\/tunisie-le-crldht-denonce-un-deni-de-justice-dans-laffaire-du-complot\/","og_locale":"fr_FR","og_type":"article","og_title":"Tunisie\u00a0: Le CRLDHT d\u00e9nonce un \u00abd\u00e9ni de justice\u00bb dans l\u2019affaire du \u00abcomplot\u00bb - Kapitalis","og_description":"Le CRLDHT d\u00e9nonce ce qu\u2019il consid\u00e8re comme \u00abviolation des proc\u00e9dures judiciaires\u00bb dans l\u2019affaire dite de complot contre la s\u00fbret\u00e9 de l\u2019Etat. \u00a0\u00a0","og_url":"https:\/\/kapitalis.com\/tunisie\/2024\/04\/19\/tunisie-le-crldht-denonce-un-deni-de-justice-dans-laffaire-du-complot\/","og_site_name":"Kapitalis","article_publisher":"https:\/\/www.facebook.com\/KapitalisInfo\/","article_published_time":"2024-04-19T06:24:42+00:00","article_modified_time":"2024-04-19T06:24:44+00:00","og_image":[{"width":1200,"height":630,"url":"https:\/\/kapitalis.com\/tunisie\/wp-content\/uploads\/2024\/04\/Free-Them-Now.jpg","type":"image\/jpeg"}],"author":"webmaster kapitalis","twitter_card":"summary_large_image","twitter_creator":"@KapitalisInfo","twitter_site":"@KapitalisInfo","twitter_misc":{"\u00c9crit par":"webmaster kapitalis","Dur\u00e9e de lecture estim\u00e9e":"3 minutes"},"schema":{"@context":"https:\/\/schema.org","@graph":[{"@type":"Article","@id":"https:\/\/kapitalis.com\/tunisie\/2024\/04\/19\/tunisie-le-crldht-denonce-un-deni-de-justice-dans-laffaire-du-complot\/#article","isPartOf":{"@id":"https:\/\/kapitalis.com\/tunisie\/2024\/04\/19\/tunisie-le-crldht-denonce-un-deni-de-justice-dans-laffaire-du-complot\/"},"author":{"name":"webmaster kapitalis","@id":"https:\/\/kapitalis.com\/tunisie\/#\/schema\/person\/d71f33a9ca44f7bad4698210b480c8e9"},"headline":"Tunisie\u00a0: Le CRLDHT d\u00e9nonce un \u00abd\u00e9ni de justice\u00bb dans l\u2019affaire du \u00abcomplot\u00bb","datePublished":"2024-04-19T06:24:42+00:00","dateModified":"2024-04-19T06:24:44+00:00","mainEntityOfPage":{"@id":"https:\/\/kapitalis.com\/tunisie\/2024\/04\/19\/tunisie-le-crldht-denonce-un-deni-de-justice-dans-laffaire-du-complot\/"},"wordCount":648,"commentCount":1,"publisher":{"@id":"https:\/\/kapitalis.com\/tunisie\/#organization"},"image":{"@id":"https:\/\/kapitalis.com\/tunisie\/2024\/04\/19\/tunisie-le-crldht-denonce-un-deni-de-justice-dans-laffaire-du-complot\/#primaryimage"},"thumbnailUrl":"https:\/\/kapitalis.com\/tunisie\/wp-content\/uploads\/2024\/04\/Free-Them-Now.jpg","keywords":["Abdelhamid Jelassi","affaire du complot","CRLDHT","Ghazi Chaouachi","Issam Chebbi","Jaouher Ben Mbarek","Kamel Letaief","Khayem Turki","Ridha Belhadj","Tunisie"],"articleSection":["POLITIQUE","Tunisie"],"inLanguage":"fr-FR","potentialAction":[{"@type":"CommentAction","name":"Comment","target":["https:\/\/kapitalis.com\/tunisie\/2024\/04\/19\/tunisie-le-crldht-denonce-un-deni-de-justice-dans-laffaire-du-complot\/#respond"]}]},{"@type":"WebPage","@id":"https:\/\/kapitalis.com\/tunisie\/2024\/04\/19\/tunisie-le-crldht-denonce-un-deni-de-justice-dans-laffaire-du-complot\/","url":"https:\/\/kapitalis.com\/tunisie\/2024\/04\/19\/tunisie-le-crldht-denonce-un-deni-de-justice-dans-laffaire-du-complot\/","name":"Tunisie\u00a0: Le CRLDHT d\u00e9nonce un \u00abd\u00e9ni de justice\u00bb dans l\u2019affaire du \u00abcomplot\u00bb - Kapitalis","isPartOf":{"@id":"https:\/\/kapitalis.com\/tunisie\/#website"},"primaryImageOfPage":{"@id":"https:\/\/kapitalis.com\/tunisie\/2024\/04\/19\/tunisie-le-crldht-denonce-un-deni-de-justice-dans-laffaire-du-complot\/#primaryimage"},"image":{"@id":"https:\/\/kapitalis.com\/tunisie\/2024\/04\/19\/tunisie-le-crldht-denonce-un-deni-de-justice-dans-laffaire-du-complot\/#primaryimage"},"thumbnailUrl":"https:\/\/kapitalis.com\/tunisie\/wp-content\/uploads\/2024\/04\/Free-Them-Now.jpg","datePublished":"2024-04-19T06:24:42+00:00","dateModified":"2024-04-19T06:24:44+00:00","breadcrumb":{"@id":"https:\/\/kapitalis.com\/tunisie\/2024\/04\/19\/tunisie-le-crldht-denonce-un-deni-de-justice-dans-laffaire-du-complot\/#breadcrumb"},"inLanguage":"fr-FR","potentialAction":[{"@type":"ReadAction","target":["https:\/\/kapitalis.com\/tunisie\/2024\/04\/19\/tunisie-le-crldht-denonce-un-deni-de-justice-dans-laffaire-du-complot\/"]}]},{"@type":"ImageObject","inLanguage":"fr-FR","@id":"https:\/\/kapitalis.com\/tunisie\/2024\/04\/19\/tunisie-le-crldht-denonce-un-deni-de-justice-dans-laffaire-du-complot\/#primaryimage","url":"https:\/\/kapitalis.com\/tunisie\/wp-content\/uploads\/2024\/04\/Free-Them-Now.jpg","contentUrl":"https:\/\/kapitalis.com\/tunisie\/wp-content\/uploads\/2024\/04\/Free-Them-Now.jpg","width":1200,"height":630},{"@type":"BreadcrumbList","@id":"https:\/\/kapitalis.com\/tunisie\/2024\/04\/19\/tunisie-le-crldht-denonce-un-deni-de-justice-dans-laffaire-du-complot\/#breadcrumb","itemListElement":[{"@type":"ListItem","position":1,"name":"Accueil","item":"https:\/\/kapitalis.com\/tunisie\/"},{"@type":"ListItem","position":2,"name":"Tunisie\u00a0: Le CRLDHT d\u00e9nonce un \u00abd\u00e9ni de justice\u00bb dans l\u2019affaire du \u00abcomplot\u00bb"}]},{"@type":"WebSite","@id":"https:\/\/kapitalis.com\/tunisie\/#website","url":"https:\/\/kapitalis.com\/tunisie\/","name":"Kapitalis","description":"L&#039;actualit\u00e9 en Tunisie et dans le monde","publisher":{"@id":"https:\/\/kapitalis.com\/tunisie\/#organization"},"potentialAction":[{"@type":"SearchAction","target":{"@type":"EntryPoint","urlTemplate":"https:\/\/kapitalis.com\/tunisie\/?s={search_term_string}"},"query-input":{"@type":"PropertyValueSpecification","valueRequired":true,"valueName":"search_term_string"}}],"inLanguage":"fr-FR"},{"@type":"Organization","@id":"https:\/\/kapitalis.com\/tunisie\/#organization","name":"Kapitalis","url":"https:\/\/kapitalis.com\/tunisie\/","logo":{"@type":"ImageObject","inLanguage":"fr-FR","@id":"https:\/\/kapitalis.com\/tunisie\/#\/schema\/logo\/image\/","url":"https:\/\/kapitalis.com\/tunisie\/wp-content\/uploads\/2022\/05\/Kapitalis-big-size.png","contentUrl":"https:\/\/kapitalis.com\/tunisie\/wp-content\/uploads\/2022\/05\/Kapitalis-big-size.png","width":5000,"height":1500,"caption":"Kapitalis"},"image":{"@id":"https:\/\/kapitalis.com\/tunisie\/#\/schema\/logo\/image\/"},"sameAs":["https:\/\/www.facebook.com\/KapitalisInfo\/","https:\/\/x.com\/KapitalisInfo","https:\/\/www.youtube.com\/channel\/UC-yDYrHyfFBWWZaOw3FPg9Q"]},{"@type":"Person","@id":"https:\/\/kapitalis.com\/tunisie\/#\/schema\/person\/d71f33a9ca44f7bad4698210b480c8e9","name":"webmaster kapitalis","url":"https:\/\/kapitalis.com\/tunisie\/author\/webmaster-kapitalis\/"}]}},"_links":{"self":[{"href":"https:\/\/kapitalis.com\/tunisie\/wp-json\/wp\/v2\/posts\/12516468","targetHints":{"allow":["GET"]}}],"collection":[{"href":"https:\/\/kapitalis.com\/tunisie\/wp-json\/wp\/v2\/posts"}],"about":[{"href":"https:\/\/kapitalis.com\/tunisie\/wp-json\/wp\/v2\/types\/post"}],"author":[{"embeddable":true,"href":"https:\/\/kapitalis.com\/tunisie\/wp-json\/wp\/v2\/users\/8"}],"replies":[{"embeddable":true,"href":"https:\/\/kapitalis.com\/tunisie\/wp-json\/wp\/v2\/comments?post=12516468"}],"version-history":[{"count":1,"href":"https:\/\/kapitalis.com\/tunisie\/wp-json\/wp\/v2\/posts\/12516468\/revisions"}],"predecessor-version":[{"id":12516500,"href":"https:\/\/kapitalis.com\/tunisie\/wp-json\/wp\/v2\/posts\/12516468\/revisions\/12516500"}],"wp:featuredmedia":[{"embeddable":true,"href":"https:\/\/kapitalis.com\/tunisie\/wp-json\/wp\/v2\/media\/12516491"}],"wp:attachment":[{"href":"https:\/\/kapitalis.com\/tunisie\/wp-json\/wp\/v2\/media?parent=12516468"}],"wp:term":[{"taxonomy":"category","embeddable":true,"href":"https:\/\/kapitalis.com\/tunisie\/wp-json\/wp\/v2\/categories?post=12516468"},{"taxonomy":"post_tag","embeddable":true,"href":"https:\/\/kapitalis.com\/tunisie\/wp-json\/wp\/v2\/tags?post=12516468"}],"curies":[{"name":"wp","href":"https:\/\/api.w.org\/{rel}","templated":true}]}}