{"id":125166,"date":"2017-11-24T11:20:01","date_gmt":"2017-11-24T10:20:01","guid":{"rendered":"http:\/\/kapitalis.com\/tunisie\/?p=125166"},"modified":"2017-11-24T11:21:01","modified_gmt":"2017-11-24T10:21:01","slug":"bct-omrane-ellouze-enterre-aujourdhui-a-g","status":"publish","type":"post","link":"https:\/\/kapitalis.com\/tunisie\/2017\/11\/24\/bct-omrane-ellouze-enterre-aujourdhui-a-g\/","title":{"rendered":"BCT : Omrane Ellouze enterr\u00e9, aujourd\u2019hui, \u00e0 Gammarth"},"content":{"rendered":"<p style=\"text-align: center;\"><img loading=\"lazy\" decoding=\"async\" class=\"alignnone size-full wp-image-125174\" src=\"http:\/\/kapitalis.com\/tunisie\/wp-content\/uploads\/2017\/11\/Omrane-Ellouze.jpg\" alt=\"\" width=\"626\" height=\"380\" \/><\/p>\n<p><em><strong>Omrane Ellouze, ancien directeur g\u00e9n\u00e9ral de la caisse \u00e0 la Banque centrale de Tunisie (BCT) \u00a0est d\u00e9c\u00e9d\u00e9 dans la nuit du jeudi 23 novembre 2017, \u00e0 l\u2019\u00e2ge de 88 ans.<\/strong><\/em><!--more--><\/p>\n<p>Avec son dipl\u00f4me en commerce et comptabilit\u00e9, d\u00e9croch\u00e9 \u00e0 la Facult\u00e9 de Montpellier, Omrane Ellouze avait int\u00e9gr\u00e9, en 1958, la premi\u00e8re \u00e9quipe de jeunes cadres tunisiens form\u00e9s \u00e0 la Banque de France, en vue de constituer le premier noyau de la BCT.<\/p>\n<p>A son retour \u00e0 Tunis, il a occup\u00e9 plusieurs fonctions au sein de la BCT et a notamment supervis\u00e9 la construction de son si\u00e8ge actuel, \u00e0 la rue Hedi Nouira.<\/p>\n<p>Omrane Ellouze, qui\u00a0s\u2019est fait conna\u00eetre pour son d\u00e9vouement et son int\u00e9grit\u00e9, a longtemps \u00e9t\u00e9 membre du conseil d\u2019administration de la BCT.<\/p>\n<p>Apr\u00e8s la retraite, il a int\u00e9gr\u00e9 l\u2019Association des anciens de la BCT o\u00f9 on lui voue un respect particulier.<\/p>\n<p>Il sera accompagn\u00e9 \u00e0 sa derni\u00e8re demeure, aujourd\u2019hui, vendredi 24 novembre, vers 14h, au cimeti\u00e8re de Gammarth.<\/p>\n<p>C\u2019est le 2<sup>e<\/sup> d\u00e9c\u00e8s des anciens de la BCT enregistr\u00e9 depuis le d\u00e9but de ce mois de novembre, apr\u00e8s celui de Ismail Khelil, l&rsquo;ancien gouverneur, le 20 novembre 2017, \u00e0 l\u2019\u00e2ge de 85 ans.<\/p>\n<p style=\"text-align: right;\"><strong>Y. N.<\/strong><\/p>\n<blockquote class=\"wp-embedded-content\" data-secret=\"7x25khL9zq\"><p><a href=\"https:\/\/kapitalis.com\/tunisie\/2017\/11\/21\/enterrement-dismail-khelil-aujourdhui-a-sidi-bou-said\/\">Enterrement d\u2019Isma\u00efl Khelil, aujourd\u2019hui, \u00e0 Sidi Bou Sa\u00efd<\/a><\/p><\/blockquote>\n<p><iframe loading=\"lazy\" class=\"wp-embedded-content\" sandbox=\"allow-scripts\" security=\"restricted\" style=\"position: absolute; clip: rect(1px, 1px, 1px, 1px);\" title=\"\u00ab\u00a0Enterrement d\u2019Isma\u00efl Khelil, aujourd\u2019hui, \u00e0 Sidi Bou Sa\u00efd\u00a0\u00bb &#8212; Kapitalis\" src=\"https:\/\/kapitalis.com\/tunisie\/2017\/11\/21\/enterrement-dismail-khelil-aujourdhui-a-sidi-bou-said\/embed\/#?secret=xmmYlbBTXY#?secret=7x25khL9zq\" data-secret=\"7x25khL9zq\" width=\"600\" height=\"338\" frameborder=\"0\" marginwidth=\"0\" marginheight=\"0\" scrolling=\"no\"><\/iframe><\/p>\n","protected":false},"excerpt":{"rendered":"<p>Omrane Ellouze, ancien directeur g\u00e9n\u00e9ral de la caisse \u00e0 la Banque centrale de Tunisie (BCT) \u00a0est d\u00e9c\u00e9d\u00e9 dans la nuit du jeudi 23 novembre 2017, \u00e0 l\u2019\u00e2ge de 88 ans.<\/p>\n","protected":false},"author":6,"featured_media":125174,"comment_status":"open","ping_status":"open","sticky":false,"template":"","format":"standard","meta":{"footnotes":""},"categories":[995,2433],"tags":[8938,1994],"class_list":["post-125166","post","type-post","status-publish","format-standard","has-post-thumbnail","hentry","category-economie","category-tunisie","tag-banque-centrale-de-tunisie","tag-gammarth"],"yoast_head":"<!-- This site is optimized with the Yoast SEO plugin v26.6 - https:\/\/yoast.com\/wordpress\/plugins\/seo\/ -->\n<title>BCT : Omrane Ellouze enterr\u00e9, aujourd\u2019hui, \u00e0 Gammarth - Kapitalis<\/title>\n<meta name=\"robots\" content=\"index, follow, max-snippet:-1, max-image-preview:large, max-video-preview:-1\" \/>\n<link rel=\"canonical\" href=\"https:\/\/kapitalis.com\/tunisie\/2017\/11\/24\/bct-omrane-ellouze-enterre-aujourdhui-a-g\/\" \/>\n<meta property=\"og:locale\" content=\"fr_FR\" \/>\n<meta property=\"og:type\" content=\"article\" \/>\n<meta property=\"og:title\" content=\"BCT : Omrane Ellouze enterr\u00e9, aujourd\u2019hui, \u00e0 Gammarth - Kapitalis\" \/>\n<meta property=\"og:description\" content=\"Omrane Ellouze, ancien directeur g\u00e9n\u00e9ral de la caisse \u00e0 la Banque centrale de Tunisie (BCT) \u00a0est d\u00e9c\u00e9d\u00e9 dans la nuit du jeudi 23 novembre 2017, \u00e0 l\u2019\u00e2ge de 88 ans.\" \/>\n<meta property=\"og:url\" content=\"https:\/\/kapitalis.com\/tunisie\/2017\/11\/24\/bct-omrane-ellouze-enterre-aujourdhui-a-g\/\" \/>\n<meta property=\"og:site_name\" content=\"Kapitalis\" \/>\n<meta property=\"article:publisher\" content=\"https:\/\/www.facebook.com\/KapitalisInfo\/\" \/>\n<meta property=\"article:published_time\" content=\"2017-11-24T10:20:01+00:00\" \/>\n<meta property=\"article:modified_time\" content=\"2017-11-24T10:21:01+00:00\" \/>\n<meta property=\"og:image\" content=\"https:\/\/kapitalis.com\/tunisie\/wp-content\/uploads\/2022\/05\/kapitalis-logo-fb.png\" \/>\n\t<meta property=\"og:image:width\" content=\"1200\" \/>\n\t<meta property=\"og:image:height\" content=\"630\" \/>\n\t<meta property=\"og:image:type\" content=\"image\/png\" \/>\n<meta name=\"author\" content=\"Yusra NY\" \/>\n<meta name=\"twitter:card\" content=\"summary_large_image\" \/>\n<meta name=\"twitter:creator\" content=\"@KapitalisInfo\" \/>\n<meta name=\"twitter:site\" content=\"@KapitalisInfo\" \/>\n<meta name=\"twitter:label1\" content=\"\u00c9crit par\" \/>\n\t<meta name=\"twitter:data1\" content=\"Yusra NY\" \/>\n\t<meta name=\"twitter:label2\" content=\"Dur\u00e9e de lecture estim\u00e9e\" \/>\n\t<meta name=\"twitter:data2\" content=\"1 minute\" \/>\n<script type=\"application\/ld+json\" class=\"yoast-schema-graph\">{\"@context\":\"https:\/\/schema.org\",\"@graph\":[{\"@type\":\"Article\",\"@id\":\"https:\/\/kapitalis.com\/tunisie\/2017\/11\/24\/bct-omrane-ellouze-enterre-aujourdhui-a-g\/#article\",\"isPartOf\":{\"@id\":\"https:\/\/kapitalis.com\/tunisie\/2017\/11\/24\/bct-omrane-ellouze-enterre-aujourdhui-a-g\/\"},\"author\":{\"name\":\"Yusra NY\",\"@id\":\"https:\/\/kapitalis.com\/tunisie\/#\/schema\/person\/74bbde0154d49d790a92aaeac5bc01d5\"},\"headline\":\"BCT : Omrane Ellouze enterr\u00e9, aujourd\u2019hui, \u00e0 Gammarth\",\"datePublished\":\"2017-11-24T10:20:01+00:00\",\"dateModified\":\"2017-11-24T10:21:01+00:00\",\"mainEntityOfPage\":{\"@id\":\"https:\/\/kapitalis.com\/tunisie\/2017\/11\/24\/bct-omrane-ellouze-enterre-aujourdhui-a-g\/\"},\"wordCount\":220,\"commentCount\":0,\"publisher\":{\"@id\":\"https:\/\/kapitalis.com\/tunisie\/#organization\"},\"image\":{\"@id\":\"https:\/\/kapitalis.com\/tunisie\/2017\/11\/24\/bct-omrane-ellouze-enterre-aujourdhui-a-g\/#primaryimage\"},\"thumbnailUrl\":\"\",\"keywords\":[\"Banque centrale de Tunisie\",\"Gammarth\"],\"articleSection\":[\"ECONOMIE\",\"Tunisie\"],\"inLanguage\":\"fr-FR\",\"potentialAction\":[{\"@type\":\"CommentAction\",\"name\":\"Comment\",\"target\":[\"https:\/\/kapitalis.com\/tunisie\/2017\/11\/24\/bct-omrane-ellouze-enterre-aujourdhui-a-g\/#respond\"]}]},{\"@type\":\"WebPage\",\"@id\":\"https:\/\/kapitalis.com\/tunisie\/2017\/11\/24\/bct-omrane-ellouze-enterre-aujourdhui-a-g\/\",\"url\":\"https:\/\/kapitalis.com\/tunisie\/2017\/11\/24\/bct-omrane-ellouze-enterre-aujourdhui-a-g\/\",\"name\":\"BCT : Omrane Ellouze enterr\u00e9, aujourd\u2019hui, \u00e0 Gammarth - Kapitalis\",\"isPartOf\":{\"@id\":\"https:\/\/kapitalis.com\/tunisie\/#website\"},\"primaryImageOfPage\":{\"@id\":\"https:\/\/kapitalis.com\/tunisie\/2017\/11\/24\/bct-omrane-ellouze-enterre-aujourdhui-a-g\/#primaryimage\"},\"image\":{\"@id\":\"https:\/\/kapitalis.com\/tunisie\/2017\/11\/24\/bct-omrane-ellouze-enterre-aujourdhui-a-g\/#primaryimage\"},\"thumbnailUrl\":\"\",\"datePublished\":\"2017-11-24T10:20:01+00:00\",\"dateModified\":\"2017-11-24T10:21:01+00:00\",\"breadcrumb\":{\"@id\":\"https:\/\/kapitalis.com\/tunisie\/2017\/11\/24\/bct-omrane-ellouze-enterre-aujourdhui-a-g\/#breadcrumb\"},\"inLanguage\":\"fr-FR\",\"potentialAction\":[{\"@type\":\"ReadAction\",\"target\":[\"https:\/\/kapitalis.com\/tunisie\/2017\/11\/24\/bct-omrane-ellouze-enterre-aujourdhui-a-g\/\"]}]},{\"@type\":\"ImageObject\",\"inLanguage\":\"fr-FR\",\"@id\":\"https:\/\/kapitalis.com\/tunisie\/2017\/11\/24\/bct-omrane-ellouze-enterre-aujourdhui-a-g\/#primaryimage\",\"url\":\"\",\"contentUrl\":\"\"},{\"@type\":\"BreadcrumbList\",\"@id\":\"https:\/\/kapitalis.com\/tunisie\/2017\/11\/24\/bct-omrane-ellouze-enterre-aujourdhui-a-g\/#breadcrumb\",\"itemListElement\":[{\"@type\":\"ListItem\",\"position\":1,\"name\":\"Accueil\",\"item\":\"https:\/\/kapitalis.com\/tunisie\/\"},{\"@type\":\"ListItem\",\"position\":2,\"name\":\"BCT : Omrane Ellouze enterr\u00e9, aujourd\u2019hui, \u00e0 Gammarth\"}]},{\"@type\":\"WebSite\",\"@id\":\"https:\/\/kapitalis.com\/tunisie\/#website\",\"url\":\"https:\/\/kapitalis.com\/tunisie\/\",\"name\":\"Kapitalis\",\"description\":\"L&#039;actualit\u00e9 en Tunisie et dans le monde\",\"publisher\":{\"@id\":\"https:\/\/kapitalis.com\/tunisie\/#organization\"},\"potentialAction\":[{\"@type\":\"SearchAction\",\"target\":{\"@type\":\"EntryPoint\",\"urlTemplate\":\"https:\/\/kapitalis.com\/tunisie\/?s={search_term_string}\"},\"query-input\":{\"@type\":\"PropertyValueSpecification\",\"valueRequired\":true,\"valueName\":\"search_term_string\"}}],\"inLanguage\":\"fr-FR\"},{\"@type\":\"Organization\",\"@id\":\"https:\/\/kapitalis.com\/tunisie\/#organization\",\"name\":\"Kapitalis\",\"url\":\"https:\/\/kapitalis.com\/tunisie\/\",\"logo\":{\"@type\":\"ImageObject\",\"inLanguage\":\"fr-FR\",\"@id\":\"https:\/\/kapitalis.com\/tunisie\/#\/schema\/logo\/image\/\",\"url\":\"https:\/\/kapitalis.com\/tunisie\/wp-content\/uploads\/2022\/05\/Kapitalis-big-size.png\",\"contentUrl\":\"https:\/\/kapitalis.com\/tunisie\/wp-content\/uploads\/2022\/05\/Kapitalis-big-size.png\",\"width\":5000,\"height\":1500,\"caption\":\"Kapitalis\"},\"image\":{\"@id\":\"https:\/\/kapitalis.com\/tunisie\/#\/schema\/logo\/image\/\"},\"sameAs\":[\"https:\/\/www.facebook.com\/KapitalisInfo\/\",\"https:\/\/x.com\/KapitalisInfo\",\"https:\/\/www.youtube.com\/channel\/UC-yDYrHyfFBWWZaOw3FPg9Q\"]},{\"@type\":\"Person\",\"@id\":\"https:\/\/kapitalis.com\/tunisie\/#\/schema\/person\/74bbde0154d49d790a92aaeac5bc01d5\",\"name\":\"Yusra NY\",\"url\":\"https:\/\/kapitalis.com\/tunisie\/author\/yuza_adam\/\"}]}<\/script>\n<!-- \/ Yoast SEO plugin. -->","yoast_head_json":{"title":"BCT : Omrane Ellouze enterr\u00e9, aujourd\u2019hui, \u00e0 Gammarth - Kapitalis","robots":{"index":"index","follow":"follow","max-snippet":"max-snippet:-1","max-image-preview":"max-image-preview:large","max-video-preview":"max-video-preview:-1"},"canonical":"https:\/\/kapitalis.com\/tunisie\/2017\/11\/24\/bct-omrane-ellouze-enterre-aujourdhui-a-g\/","og_locale":"fr_FR","og_type":"article","og_title":"BCT : Omrane Ellouze enterr\u00e9, aujourd\u2019hui, \u00e0 Gammarth - Kapitalis","og_description":"Omrane Ellouze, ancien directeur g\u00e9n\u00e9ral de la caisse \u00e0 la Banque centrale de Tunisie (BCT) \u00a0est d\u00e9c\u00e9d\u00e9 dans la nuit du jeudi 23 novembre 2017, \u00e0 l\u2019\u00e2ge de 88 ans.","og_url":"https:\/\/kapitalis.com\/tunisie\/2017\/11\/24\/bct-omrane-ellouze-enterre-aujourdhui-a-g\/","og_site_name":"Kapitalis","article_publisher":"https:\/\/www.facebook.com\/KapitalisInfo\/","article_published_time":"2017-11-24T10:20:01+00:00","article_modified_time":"2017-11-24T10:21:01+00:00","og_image":[{"width":1200,"height":630,"url":"https:\/\/kapitalis.com\/tunisie\/wp-content\/uploads\/2022\/05\/kapitalis-logo-fb.png","type":"image\/png"}],"author":"Yusra NY","twitter_card":"summary_large_image","twitter_creator":"@KapitalisInfo","twitter_site":"@KapitalisInfo","twitter_misc":{"\u00c9crit par":"Yusra NY","Dur\u00e9e de lecture estim\u00e9e":"1 minute"},"schema":{"@context":"https:\/\/schema.org","@graph":[{"@type":"Article","@id":"https:\/\/kapitalis.com\/tunisie\/2017\/11\/24\/bct-omrane-ellouze-enterre-aujourdhui-a-g\/#article","isPartOf":{"@id":"https:\/\/kapitalis.com\/tunisie\/2017\/11\/24\/bct-omrane-ellouze-enterre-aujourdhui-a-g\/"},"author":{"name":"Yusra NY","@id":"https:\/\/kapitalis.com\/tunisie\/#\/schema\/person\/74bbde0154d49d790a92aaeac5bc01d5"},"headline":"BCT : Omrane Ellouze enterr\u00e9, aujourd\u2019hui, \u00e0 Gammarth","datePublished":"2017-11-24T10:20:01+00:00","dateModified":"2017-11-24T10:21:01+00:00","mainEntityOfPage":{"@id":"https:\/\/kapitalis.com\/tunisie\/2017\/11\/24\/bct-omrane-ellouze-enterre-aujourdhui-a-g\/"},"wordCount":220,"commentCount":0,"publisher":{"@id":"https:\/\/kapitalis.com\/tunisie\/#organization"},"image":{"@id":"https:\/\/kapitalis.com\/tunisie\/2017\/11\/24\/bct-omrane-ellouze-enterre-aujourdhui-a-g\/#primaryimage"},"thumbnailUrl":"","keywords":["Banque centrale de Tunisie","Gammarth"],"articleSection":["ECONOMIE","Tunisie"],"inLanguage":"fr-FR","potentialAction":[{"@type":"CommentAction","name":"Comment","target":["https:\/\/kapitalis.com\/tunisie\/2017\/11\/24\/bct-omrane-ellouze-enterre-aujourdhui-a-g\/#respond"]}]},{"@type":"WebPage","@id":"https:\/\/kapitalis.com\/tunisie\/2017\/11\/24\/bct-omrane-ellouze-enterre-aujourdhui-a-g\/","url":"https:\/\/kapitalis.com\/tunisie\/2017\/11\/24\/bct-omrane-ellouze-enterre-aujourdhui-a-g\/","name":"BCT : Omrane Ellouze enterr\u00e9, aujourd\u2019hui, \u00e0 Gammarth - Kapitalis","isPartOf":{"@id":"https:\/\/kapitalis.com\/tunisie\/#website"},"primaryImageOfPage":{"@id":"https:\/\/kapitalis.com\/tunisie\/2017\/11\/24\/bct-omrane-ellouze-enterre-aujourdhui-a-g\/#primaryimage"},"image":{"@id":"https:\/\/kapitalis.com\/tunisie\/2017\/11\/24\/bct-omrane-ellouze-enterre-aujourdhui-a-g\/#primaryimage"},"thumbnailUrl":"","datePublished":"2017-11-24T10:20:01+00:00","dateModified":"2017-11-24T10:21:01+00:00","breadcrumb":{"@id":"https:\/\/kapitalis.com\/tunisie\/2017\/11\/24\/bct-omrane-ellouze-enterre-aujourdhui-a-g\/#breadcrumb"},"inLanguage":"fr-FR","potentialAction":[{"@type":"ReadAction","target":["https:\/\/kapitalis.com\/tunisie\/2017\/11\/24\/bct-omrane-ellouze-enterre-aujourdhui-a-g\/"]}]},{"@type":"ImageObject","inLanguage":"fr-FR","@id":"https:\/\/kapitalis.com\/tunisie\/2017\/11\/24\/bct-omrane-ellouze-enterre-aujourdhui-a-g\/#primaryimage","url":"","contentUrl":""},{"@type":"BreadcrumbList","@id":"https:\/\/kapitalis.com\/tunisie\/2017\/11\/24\/bct-omrane-ellouze-enterre-aujourdhui-a-g\/#breadcrumb","itemListElement":[{"@type":"ListItem","position":1,"name":"Accueil","item":"https:\/\/kapitalis.com\/tunisie\/"},{"@type":"ListItem","position":2,"name":"BCT : Omrane Ellouze enterr\u00e9, aujourd\u2019hui, \u00e0 Gammarth"}]},{"@type":"WebSite","@id":"https:\/\/kapitalis.com\/tunisie\/#website","url":"https:\/\/kapitalis.com\/tunisie\/","name":"Kapitalis","description":"L&#039;actualit\u00e9 en Tunisie et dans le monde","publisher":{"@id":"https:\/\/kapitalis.com\/tunisie\/#organization"},"potentialAction":[{"@type":"SearchAction","target":{"@type":"EntryPoint","urlTemplate":"https:\/\/kapitalis.com\/tunisie\/?s={search_term_string}"},"query-input":{"@type":"PropertyValueSpecification","valueRequired":true,"valueName":"search_term_string"}}],"inLanguage":"fr-FR"},{"@type":"Organization","@id":"https:\/\/kapitalis.com\/tunisie\/#organization","name":"Kapitalis","url":"https:\/\/kapitalis.com\/tunisie\/","logo":{"@type":"ImageObject","inLanguage":"fr-FR","@id":"https:\/\/kapitalis.com\/tunisie\/#\/schema\/logo\/image\/","url":"https:\/\/kapitalis.com\/tunisie\/wp-content\/uploads\/2022\/05\/Kapitalis-big-size.png","contentUrl":"https:\/\/kapitalis.com\/tunisie\/wp-content\/uploads\/2022\/05\/Kapitalis-big-size.png","width":5000,"height":1500,"caption":"Kapitalis"},"image":{"@id":"https:\/\/kapitalis.com\/tunisie\/#\/schema\/logo\/image\/"},"sameAs":["https:\/\/www.facebook.com\/KapitalisInfo\/","https:\/\/x.com\/KapitalisInfo","https:\/\/www.youtube.com\/channel\/UC-yDYrHyfFBWWZaOw3FPg9Q"]},{"@type":"Person","@id":"https:\/\/kapitalis.com\/tunisie\/#\/schema\/person\/74bbde0154d49d790a92aaeac5bc01d5","name":"Yusra NY","url":"https:\/\/kapitalis.com\/tunisie\/author\/yuza_adam\/"}]}},"_links":{"self":[{"href":"https:\/\/kapitalis.com\/tunisie\/wp-json\/wp\/v2\/posts\/125166","targetHints":{"allow":["GET"]}}],"collection":[{"href":"https:\/\/kapitalis.com\/tunisie\/wp-json\/wp\/v2\/posts"}],"about":[{"href":"https:\/\/kapitalis.com\/tunisie\/wp-json\/wp\/v2\/types\/post"}],"author":[{"embeddable":true,"href":"https:\/\/kapitalis.com\/tunisie\/wp-json\/wp\/v2\/users\/6"}],"replies":[{"embeddable":true,"href":"https:\/\/kapitalis.com\/tunisie\/wp-json\/wp\/v2\/comments?post=125166"}],"version-history":[{"count":0,"href":"https:\/\/kapitalis.com\/tunisie\/wp-json\/wp\/v2\/posts\/125166\/revisions"}],"wp:featuredmedia":[{"embeddable":true,"href":"https:\/\/kapitalis.com\/tunisie\/wp-json\/wp\/v2\/media\/125174"}],"wp:attachment":[{"href":"https:\/\/kapitalis.com\/tunisie\/wp-json\/wp\/v2\/media?parent=125166"}],"wp:term":[{"taxonomy":"category","embeddable":true,"href":"https:\/\/kapitalis.com\/tunisie\/wp-json\/wp\/v2\/categories?post=125166"},{"taxonomy":"post_tag","embeddable":true,"href":"https:\/\/kapitalis.com\/tunisie\/wp-json\/wp\/v2\/tags?post=125166"}],"curies":[{"name":"wp","href":"https:\/\/api.w.org\/{rel}","templated":true}]}}