{"id":12529771,"date":"2024-04-20T20:07:33","date_gmt":"2024-04-20T19:07:33","guid":{"rendered":"https:\/\/kapitalis.com\/tunisie\/?p=12529771"},"modified":"2024-04-20T21:27:07","modified_gmt":"2024-04-20T20:27:07","slug":"rassemblement-de-protestation-a-tunis-le-fsn-reclame-la-liberation-des-prisonniers-politiques","status":"publish","type":"post","link":"https:\/\/kapitalis.com\/tunisie\/2024\/04\/20\/rassemblement-de-protestation-a-tunis-le-fsn-reclame-la-liberation-des-prisonniers-politiques\/","title":{"rendered":"Rassemblement de protestation \u00e0 Tunis : Le FSN r\u00e9clame la lib\u00e9ration des prisonniers politiques"},"content":{"rendered":"\n<p><em><strong>Lors d&rsquo;un rassemblement de soutien aux d\u00e9tenus dans l&rsquo;affaire dite de complot contre la s\u00fbret\u00e9 de l\u2019\u00c9tat, le Front du Salut national (FSN) a de nouveau point\u00e9 du doigt les proc\u00e8s politiques visant les opposants et a r\u00e9clam\u00e9 leur lib\u00e9ration.<\/strong><\/em><\/p>\n\n\n\n<!--more-->\n\n\n\n<p>Initi\u00e9 et dirig\u00e9 par Ahmed Nejib Chebbi et regroupant des partis de l\u2019opposition \u00e0 l&rsquo;instar du parti Ennahdha, le FSN a organis\u00e9, comme chaque semaine, un rassemblement au centre ville de Tunis, ce samedi 20 avril 2024, en coordination avec les familles des d\u00e9tenus dans l&rsquo;affaire de complot, afin d\u2019exprimer son soutien absolu aux opposants incarc\u00e9r\u00e9s depuis plus de 14 mois.<\/p>\n\n\n\n<p>Les membres de ce Front ont rappel\u00e9 que la p\u00e9riode de d\u00e9tention provisoire est arriv\u00e9e \u00e0 terme et ont de ce fait appel\u00e9 la justice \u00e0 remettre en libert\u00e9 les d\u00e9tenus politiques.<\/p>\n\n\n\n<p>Notons que la d\u00e9fense desdits d\u00e9tenus a pour sa part soulign\u00e9 la n\u00e9cessit\u00e9 de respecter la loi dans le traitement de cette affaire, consid\u00e9rant que plusieurs violations ont \u00e9t\u00e9 constat\u00e9es, et a appel\u00e9 \u00e0 la lib\u00e9ration de Khayam Turki, Ghazi Chaouachi, Issam Chebbi, Jawher Ben Mbarek, Ridha Belhaj et Abdelhamid Jelassi.<\/p>\n\n\n\n<p>Les avocats affirment qu&rsquo;\u00e0 ce jour, ces derniers \u00absont des prisonniers politiques d\u00e9tenus de force \u00bb et a annonc\u00e9 entamer les consultations n\u00e9cessaires pour d\u00e9terminer les prochaines \u00e9tapes \u00e0 suivre en fonction de la gravit\u00e9 des violations constat\u00e9es et afin d&rsquo;obtenir la lib\u00e9ration des d\u00e9tenus.<\/p>\n","protected":false},"excerpt":{"rendered":"<p>Lors d&rsquo;un rassemblement de soutien aux d\u00e9tenus dans l&rsquo;affaire dite de complot contre la s\u00fbret\u00e9 de l\u2019\u00c9tat, le Front du Salut national (FSN) a de nouveau point\u00e9 du doigt les proc\u00e8s politiques visant les opposants et a r\u00e9clam\u00e9 leur lib\u00e9ration.<\/p>\n","protected":false},"author":6,"featured_media":12529814,"comment_status":"open","ping_status":"open","sticky":false,"template":"","format":"standard","meta":{"footnotes":""},"categories":[997,2433],"tags":[106709,11694,107644,102922,1053,767,64491,62643],"class_list":["post-12529771","post","type-post","status-publish","format-standard","has-post-thumbnail","hentry","category-politique","category-tunisie","tag-complot","tag-detention-provisoire","tag-detenus-politiques","tag-fsn","tag-liberation","tag-rassemblement","tag-tunis","tag-tunisie"],"yoast_head":"<!-- This site is optimized with the Yoast SEO plugin v26.6 - https:\/\/yoast.com\/wordpress\/plugins\/seo\/ -->\n<title>Rassemblement de protestation \u00e0 Tunis : Le FSN r\u00e9clame la lib\u00e9ration des prisonniers politiques - Kapitalis<\/title>\n<meta name=\"robots\" content=\"index, follow, max-snippet:-1, max-image-preview:large, max-video-preview:-1\" \/>\n<link rel=\"canonical\" href=\"https:\/\/kapitalis.com\/tunisie\/2024\/04\/20\/rassemblement-de-protestation-a-tunis-le-fsn-reclame-la-liberation-des-prisonniers-politiques\/\" \/>\n<meta property=\"og:locale\" content=\"fr_FR\" \/>\n<meta property=\"og:type\" content=\"article\" \/>\n<meta property=\"og:title\" content=\"Rassemblement de protestation \u00e0 Tunis : Le FSN r\u00e9clame la lib\u00e9ration des prisonniers politiques - Kapitalis\" \/>\n<meta property=\"og:description\" content=\"Lors d&rsquo;un rassemblement de soutien aux d\u00e9tenus dans l&rsquo;affaire dite de complot contre la s\u00fbret\u00e9 de l\u2019\u00c9tat, le Front du Salut national (FSN) a de nouveau point\u00e9 du doigt les proc\u00e8s politiques visant les opposants et a r\u00e9clam\u00e9 leur lib\u00e9ration.\" \/>\n<meta property=\"og:url\" content=\"https:\/\/kapitalis.com\/tunisie\/2024\/04\/20\/rassemblement-de-protestation-a-tunis-le-fsn-reclame-la-liberation-des-prisonniers-politiques\/\" \/>\n<meta property=\"og:site_name\" content=\"Kapitalis\" \/>\n<meta property=\"article:publisher\" content=\"https:\/\/www.facebook.com\/KapitalisInfo\/\" \/>\n<meta property=\"article:published_time\" content=\"2024-04-20T19:07:33+00:00\" \/>\n<meta property=\"article:modified_time\" content=\"2024-04-20T20:27:07+00:00\" \/>\n<meta property=\"og:image\" content=\"https:\/\/kapitalis.com\/tunisie\/wp-content\/uploads\/2024\/04\/FSN-rassemblement.jpg\" \/>\n\t<meta property=\"og:image:width\" content=\"1200\" \/>\n\t<meta property=\"og:image:height\" content=\"630\" \/>\n\t<meta property=\"og:image:type\" content=\"image\/jpeg\" \/>\n<meta name=\"author\" content=\"Yusra NY\" \/>\n<meta name=\"twitter:card\" content=\"summary_large_image\" \/>\n<meta name=\"twitter:creator\" content=\"@KapitalisInfo\" \/>\n<meta name=\"twitter:site\" content=\"@KapitalisInfo\" \/>\n<meta name=\"twitter:label1\" content=\"\u00c9crit par\" \/>\n\t<meta name=\"twitter:data1\" content=\"Yusra NY\" \/>\n\t<meta name=\"twitter:label2\" content=\"Dur\u00e9e de lecture estim\u00e9e\" \/>\n\t<meta name=\"twitter:data2\" content=\"2 minutes\" \/>\n<script type=\"application\/ld+json\" class=\"yoast-schema-graph\">{\"@context\":\"https:\/\/schema.org\",\"@graph\":[{\"@type\":\"Article\",\"@id\":\"https:\/\/kapitalis.com\/tunisie\/2024\/04\/20\/rassemblement-de-protestation-a-tunis-le-fsn-reclame-la-liberation-des-prisonniers-politiques\/#article\",\"isPartOf\":{\"@id\":\"https:\/\/kapitalis.com\/tunisie\/2024\/04\/20\/rassemblement-de-protestation-a-tunis-le-fsn-reclame-la-liberation-des-prisonniers-politiques\/\"},\"author\":{\"name\":\"Yusra NY\",\"@id\":\"https:\/\/kapitalis.com\/tunisie\/#\/schema\/person\/74bbde0154d49d790a92aaeac5bc01d5\"},\"headline\":\"Rassemblement de protestation \u00e0 Tunis : Le FSN r\u00e9clame la lib\u00e9ration des prisonniers politiques\",\"datePublished\":\"2024-04-20T19:07:33+00:00\",\"dateModified\":\"2024-04-20T20:27:07+00:00\",\"mainEntityOfPage\":{\"@id\":\"https:\/\/kapitalis.com\/tunisie\/2024\/04\/20\/rassemblement-de-protestation-a-tunis-le-fsn-reclame-la-liberation-des-prisonniers-politiques\/\"},\"wordCount\":261,\"commentCount\":0,\"publisher\":{\"@id\":\"https:\/\/kapitalis.com\/tunisie\/#organization\"},\"image\":{\"@id\":\"https:\/\/kapitalis.com\/tunisie\/2024\/04\/20\/rassemblement-de-protestation-a-tunis-le-fsn-reclame-la-liberation-des-prisonniers-politiques\/#primaryimage\"},\"thumbnailUrl\":\"https:\/\/kapitalis.com\/tunisie\/wp-content\/uploads\/2024\/04\/FSN-rassemblement.jpg\",\"keywords\":[\"complot\",\"d\u00e9tention provisoire\",\"d\u00e9tenus politiques\",\"FSN\",\"lib\u00e9ration\",\"rassemblement\",\"Tunis\",\"Tunisie\"],\"articleSection\":[\"POLITIQUE\",\"Tunisie\"],\"inLanguage\":\"fr-FR\",\"potentialAction\":[{\"@type\":\"CommentAction\",\"name\":\"Comment\",\"target\":[\"https:\/\/kapitalis.com\/tunisie\/2024\/04\/20\/rassemblement-de-protestation-a-tunis-le-fsn-reclame-la-liberation-des-prisonniers-politiques\/#respond\"]}]},{\"@type\":\"WebPage\",\"@id\":\"https:\/\/kapitalis.com\/tunisie\/2024\/04\/20\/rassemblement-de-protestation-a-tunis-le-fsn-reclame-la-liberation-des-prisonniers-politiques\/\",\"url\":\"https:\/\/kapitalis.com\/tunisie\/2024\/04\/20\/rassemblement-de-protestation-a-tunis-le-fsn-reclame-la-liberation-des-prisonniers-politiques\/\",\"name\":\"Rassemblement de protestation \u00e0 Tunis : Le FSN r\u00e9clame la lib\u00e9ration des prisonniers politiques - Kapitalis\",\"isPartOf\":{\"@id\":\"https:\/\/kapitalis.com\/tunisie\/#website\"},\"primaryImageOfPage\":{\"@id\":\"https:\/\/kapitalis.com\/tunisie\/2024\/04\/20\/rassemblement-de-protestation-a-tunis-le-fsn-reclame-la-liberation-des-prisonniers-politiques\/#primaryimage\"},\"image\":{\"@id\":\"https:\/\/kapitalis.com\/tunisie\/2024\/04\/20\/rassemblement-de-protestation-a-tunis-le-fsn-reclame-la-liberation-des-prisonniers-politiques\/#primaryimage\"},\"thumbnailUrl\":\"https:\/\/kapitalis.com\/tunisie\/wp-content\/uploads\/2024\/04\/FSN-rassemblement.jpg\",\"datePublished\":\"2024-04-20T19:07:33+00:00\",\"dateModified\":\"2024-04-20T20:27:07+00:00\",\"breadcrumb\":{\"@id\":\"https:\/\/kapitalis.com\/tunisie\/2024\/04\/20\/rassemblement-de-protestation-a-tunis-le-fsn-reclame-la-liberation-des-prisonniers-politiques\/#breadcrumb\"},\"inLanguage\":\"fr-FR\",\"potentialAction\":[{\"@type\":\"ReadAction\",\"target\":[\"https:\/\/kapitalis.com\/tunisie\/2024\/04\/20\/rassemblement-de-protestation-a-tunis-le-fsn-reclame-la-liberation-des-prisonniers-politiques\/\"]}]},{\"@type\":\"ImageObject\",\"inLanguage\":\"fr-FR\",\"@id\":\"https:\/\/kapitalis.com\/tunisie\/2024\/04\/20\/rassemblement-de-protestation-a-tunis-le-fsn-reclame-la-liberation-des-prisonniers-politiques\/#primaryimage\",\"url\":\"https:\/\/kapitalis.com\/tunisie\/wp-content\/uploads\/2024\/04\/FSN-rassemblement.jpg\",\"contentUrl\":\"https:\/\/kapitalis.com\/tunisie\/wp-content\/uploads\/2024\/04\/FSN-rassemblement.jpg\",\"width\":1200,\"height\":630},{\"@type\":\"BreadcrumbList\",\"@id\":\"https:\/\/kapitalis.com\/tunisie\/2024\/04\/20\/rassemblement-de-protestation-a-tunis-le-fsn-reclame-la-liberation-des-prisonniers-politiques\/#breadcrumb\",\"itemListElement\":[{\"@type\":\"ListItem\",\"position\":1,\"name\":\"Accueil\",\"item\":\"https:\/\/kapitalis.com\/tunisie\/\"},{\"@type\":\"ListItem\",\"position\":2,\"name\":\"Rassemblement de protestation \u00e0 Tunis : Le FSN r\u00e9clame la lib\u00e9ration des prisonniers politiques\"}]},{\"@type\":\"WebSite\",\"@id\":\"https:\/\/kapitalis.com\/tunisie\/#website\",\"url\":\"https:\/\/kapitalis.com\/tunisie\/\",\"name\":\"Kapitalis\",\"description\":\"L&#039;actualit\u00e9 en Tunisie et dans le monde\",\"publisher\":{\"@id\":\"https:\/\/kapitalis.com\/tunisie\/#organization\"},\"potentialAction\":[{\"@type\":\"SearchAction\",\"target\":{\"@type\":\"EntryPoint\",\"urlTemplate\":\"https:\/\/kapitalis.com\/tunisie\/?s={search_term_string}\"},\"query-input\":{\"@type\":\"PropertyValueSpecification\",\"valueRequired\":true,\"valueName\":\"search_term_string\"}}],\"inLanguage\":\"fr-FR\"},{\"@type\":\"Organization\",\"@id\":\"https:\/\/kapitalis.com\/tunisie\/#organization\",\"name\":\"Kapitalis\",\"url\":\"https:\/\/kapitalis.com\/tunisie\/\",\"logo\":{\"@type\":\"ImageObject\",\"inLanguage\":\"fr-FR\",\"@id\":\"https:\/\/kapitalis.com\/tunisie\/#\/schema\/logo\/image\/\",\"url\":\"https:\/\/kapitalis.com\/tunisie\/wp-content\/uploads\/2022\/05\/Kapitalis-big-size.png\",\"contentUrl\":\"https:\/\/kapitalis.com\/tunisie\/wp-content\/uploads\/2022\/05\/Kapitalis-big-size.png\",\"width\":5000,\"height\":1500,\"caption\":\"Kapitalis\"},\"image\":{\"@id\":\"https:\/\/kapitalis.com\/tunisie\/#\/schema\/logo\/image\/\"},\"sameAs\":[\"https:\/\/www.facebook.com\/KapitalisInfo\/\",\"https:\/\/x.com\/KapitalisInfo\",\"https:\/\/www.youtube.com\/channel\/UC-yDYrHyfFBWWZaOw3FPg9Q\"]},{\"@type\":\"Person\",\"@id\":\"https:\/\/kapitalis.com\/tunisie\/#\/schema\/person\/74bbde0154d49d790a92aaeac5bc01d5\",\"name\":\"Yusra NY\",\"url\":\"https:\/\/kapitalis.com\/tunisie\/author\/yuza_adam\/\"}]}<\/script>\n<!-- \/ Yoast SEO plugin. -->","yoast_head_json":{"title":"Rassemblement de protestation \u00e0 Tunis : Le FSN r\u00e9clame la lib\u00e9ration des prisonniers politiques - Kapitalis","robots":{"index":"index","follow":"follow","max-snippet":"max-snippet:-1","max-image-preview":"max-image-preview:large","max-video-preview":"max-video-preview:-1"},"canonical":"https:\/\/kapitalis.com\/tunisie\/2024\/04\/20\/rassemblement-de-protestation-a-tunis-le-fsn-reclame-la-liberation-des-prisonniers-politiques\/","og_locale":"fr_FR","og_type":"article","og_title":"Rassemblement de protestation \u00e0 Tunis : Le FSN r\u00e9clame la lib\u00e9ration des prisonniers politiques - Kapitalis","og_description":"Lors d&rsquo;un rassemblement de soutien aux d\u00e9tenus dans l&rsquo;affaire dite de complot contre la s\u00fbret\u00e9 de l\u2019\u00c9tat, le Front du Salut national (FSN) a de nouveau point\u00e9 du doigt les proc\u00e8s politiques visant les opposants et a r\u00e9clam\u00e9 leur lib\u00e9ration.","og_url":"https:\/\/kapitalis.com\/tunisie\/2024\/04\/20\/rassemblement-de-protestation-a-tunis-le-fsn-reclame-la-liberation-des-prisonniers-politiques\/","og_site_name":"Kapitalis","article_publisher":"https:\/\/www.facebook.com\/KapitalisInfo\/","article_published_time":"2024-04-20T19:07:33+00:00","article_modified_time":"2024-04-20T20:27:07+00:00","og_image":[{"width":1200,"height":630,"url":"https:\/\/kapitalis.com\/tunisie\/wp-content\/uploads\/2024\/04\/FSN-rassemblement.jpg","type":"image\/jpeg"}],"author":"Yusra NY","twitter_card":"summary_large_image","twitter_creator":"@KapitalisInfo","twitter_site":"@KapitalisInfo","twitter_misc":{"\u00c9crit par":"Yusra NY","Dur\u00e9e de lecture estim\u00e9e":"2 minutes"},"schema":{"@context":"https:\/\/schema.org","@graph":[{"@type":"Article","@id":"https:\/\/kapitalis.com\/tunisie\/2024\/04\/20\/rassemblement-de-protestation-a-tunis-le-fsn-reclame-la-liberation-des-prisonniers-politiques\/#article","isPartOf":{"@id":"https:\/\/kapitalis.com\/tunisie\/2024\/04\/20\/rassemblement-de-protestation-a-tunis-le-fsn-reclame-la-liberation-des-prisonniers-politiques\/"},"author":{"name":"Yusra NY","@id":"https:\/\/kapitalis.com\/tunisie\/#\/schema\/person\/74bbde0154d49d790a92aaeac5bc01d5"},"headline":"Rassemblement de protestation \u00e0 Tunis : Le FSN r\u00e9clame la lib\u00e9ration des prisonniers politiques","datePublished":"2024-04-20T19:07:33+00:00","dateModified":"2024-04-20T20:27:07+00:00","mainEntityOfPage":{"@id":"https:\/\/kapitalis.com\/tunisie\/2024\/04\/20\/rassemblement-de-protestation-a-tunis-le-fsn-reclame-la-liberation-des-prisonniers-politiques\/"},"wordCount":261,"commentCount":0,"publisher":{"@id":"https:\/\/kapitalis.com\/tunisie\/#organization"},"image":{"@id":"https:\/\/kapitalis.com\/tunisie\/2024\/04\/20\/rassemblement-de-protestation-a-tunis-le-fsn-reclame-la-liberation-des-prisonniers-politiques\/#primaryimage"},"thumbnailUrl":"https:\/\/kapitalis.com\/tunisie\/wp-content\/uploads\/2024\/04\/FSN-rassemblement.jpg","keywords":["complot","d\u00e9tention provisoire","d\u00e9tenus politiques","FSN","lib\u00e9ration","rassemblement","Tunis","Tunisie"],"articleSection":["POLITIQUE","Tunisie"],"inLanguage":"fr-FR","potentialAction":[{"@type":"CommentAction","name":"Comment","target":["https:\/\/kapitalis.com\/tunisie\/2024\/04\/20\/rassemblement-de-protestation-a-tunis-le-fsn-reclame-la-liberation-des-prisonniers-politiques\/#respond"]}]},{"@type":"WebPage","@id":"https:\/\/kapitalis.com\/tunisie\/2024\/04\/20\/rassemblement-de-protestation-a-tunis-le-fsn-reclame-la-liberation-des-prisonniers-politiques\/","url":"https:\/\/kapitalis.com\/tunisie\/2024\/04\/20\/rassemblement-de-protestation-a-tunis-le-fsn-reclame-la-liberation-des-prisonniers-politiques\/","name":"Rassemblement de protestation \u00e0 Tunis : Le FSN r\u00e9clame la lib\u00e9ration des prisonniers politiques - Kapitalis","isPartOf":{"@id":"https:\/\/kapitalis.com\/tunisie\/#website"},"primaryImageOfPage":{"@id":"https:\/\/kapitalis.com\/tunisie\/2024\/04\/20\/rassemblement-de-protestation-a-tunis-le-fsn-reclame-la-liberation-des-prisonniers-politiques\/#primaryimage"},"image":{"@id":"https:\/\/kapitalis.com\/tunisie\/2024\/04\/20\/rassemblement-de-protestation-a-tunis-le-fsn-reclame-la-liberation-des-prisonniers-politiques\/#primaryimage"},"thumbnailUrl":"https:\/\/kapitalis.com\/tunisie\/wp-content\/uploads\/2024\/04\/FSN-rassemblement.jpg","datePublished":"2024-04-20T19:07:33+00:00","dateModified":"2024-04-20T20:27:07+00:00","breadcrumb":{"@id":"https:\/\/kapitalis.com\/tunisie\/2024\/04\/20\/rassemblement-de-protestation-a-tunis-le-fsn-reclame-la-liberation-des-prisonniers-politiques\/#breadcrumb"},"inLanguage":"fr-FR","potentialAction":[{"@type":"ReadAction","target":["https:\/\/kapitalis.com\/tunisie\/2024\/04\/20\/rassemblement-de-protestation-a-tunis-le-fsn-reclame-la-liberation-des-prisonniers-politiques\/"]}]},{"@type":"ImageObject","inLanguage":"fr-FR","@id":"https:\/\/kapitalis.com\/tunisie\/2024\/04\/20\/rassemblement-de-protestation-a-tunis-le-fsn-reclame-la-liberation-des-prisonniers-politiques\/#primaryimage","url":"https:\/\/kapitalis.com\/tunisie\/wp-content\/uploads\/2024\/04\/FSN-rassemblement.jpg","contentUrl":"https:\/\/kapitalis.com\/tunisie\/wp-content\/uploads\/2024\/04\/FSN-rassemblement.jpg","width":1200,"height":630},{"@type":"BreadcrumbList","@id":"https:\/\/kapitalis.com\/tunisie\/2024\/04\/20\/rassemblement-de-protestation-a-tunis-le-fsn-reclame-la-liberation-des-prisonniers-politiques\/#breadcrumb","itemListElement":[{"@type":"ListItem","position":1,"name":"Accueil","item":"https:\/\/kapitalis.com\/tunisie\/"},{"@type":"ListItem","position":2,"name":"Rassemblement de protestation \u00e0 Tunis : Le FSN r\u00e9clame la lib\u00e9ration des prisonniers politiques"}]},{"@type":"WebSite","@id":"https:\/\/kapitalis.com\/tunisie\/#website","url":"https:\/\/kapitalis.com\/tunisie\/","name":"Kapitalis","description":"L&#039;actualit\u00e9 en Tunisie et dans le monde","publisher":{"@id":"https:\/\/kapitalis.com\/tunisie\/#organization"},"potentialAction":[{"@type":"SearchAction","target":{"@type":"EntryPoint","urlTemplate":"https:\/\/kapitalis.com\/tunisie\/?s={search_term_string}"},"query-input":{"@type":"PropertyValueSpecification","valueRequired":true,"valueName":"search_term_string"}}],"inLanguage":"fr-FR"},{"@type":"Organization","@id":"https:\/\/kapitalis.com\/tunisie\/#organization","name":"Kapitalis","url":"https:\/\/kapitalis.com\/tunisie\/","logo":{"@type":"ImageObject","inLanguage":"fr-FR","@id":"https:\/\/kapitalis.com\/tunisie\/#\/schema\/logo\/image\/","url":"https:\/\/kapitalis.com\/tunisie\/wp-content\/uploads\/2022\/05\/Kapitalis-big-size.png","contentUrl":"https:\/\/kapitalis.com\/tunisie\/wp-content\/uploads\/2022\/05\/Kapitalis-big-size.png","width":5000,"height":1500,"caption":"Kapitalis"},"image":{"@id":"https:\/\/kapitalis.com\/tunisie\/#\/schema\/logo\/image\/"},"sameAs":["https:\/\/www.facebook.com\/KapitalisInfo\/","https:\/\/x.com\/KapitalisInfo","https:\/\/www.youtube.com\/channel\/UC-yDYrHyfFBWWZaOw3FPg9Q"]},{"@type":"Person","@id":"https:\/\/kapitalis.com\/tunisie\/#\/schema\/person\/74bbde0154d49d790a92aaeac5bc01d5","name":"Yusra NY","url":"https:\/\/kapitalis.com\/tunisie\/author\/yuza_adam\/"}]}},"_links":{"self":[{"href":"https:\/\/kapitalis.com\/tunisie\/wp-json\/wp\/v2\/posts\/12529771","targetHints":{"allow":["GET"]}}],"collection":[{"href":"https:\/\/kapitalis.com\/tunisie\/wp-json\/wp\/v2\/posts"}],"about":[{"href":"https:\/\/kapitalis.com\/tunisie\/wp-json\/wp\/v2\/types\/post"}],"author":[{"embeddable":true,"href":"https:\/\/kapitalis.com\/tunisie\/wp-json\/wp\/v2\/users\/6"}],"replies":[{"embeddable":true,"href":"https:\/\/kapitalis.com\/tunisie\/wp-json\/wp\/v2\/comments?post=12529771"}],"version-history":[{"count":1,"href":"https:\/\/kapitalis.com\/tunisie\/wp-json\/wp\/v2\/posts\/12529771\/revisions"}],"predecessor-version":[{"id":12529789,"href":"https:\/\/kapitalis.com\/tunisie\/wp-json\/wp\/v2\/posts\/12529771\/revisions\/12529789"}],"wp:featuredmedia":[{"embeddable":true,"href":"https:\/\/kapitalis.com\/tunisie\/wp-json\/wp\/v2\/media\/12529814"}],"wp:attachment":[{"href":"https:\/\/kapitalis.com\/tunisie\/wp-json\/wp\/v2\/media?parent=12529771"}],"wp:term":[{"taxonomy":"category","embeddable":true,"href":"https:\/\/kapitalis.com\/tunisie\/wp-json\/wp\/v2\/categories?post=12529771"},{"taxonomy":"post_tag","embeddable":true,"href":"https:\/\/kapitalis.com\/tunisie\/wp-json\/wp\/v2\/tags?post=12529771"}],"curies":[{"name":"wp","href":"https:\/\/api.w.org\/{rel}","templated":true}]}}