{"id":12543881,"date":"2024-04-23T00:42:54","date_gmt":"2024-04-22T23:42:54","guid":{"rendered":"https:\/\/kapitalis.com\/tunisie\/?p=12543881"},"modified":"2024-04-23T00:46:00","modified_gmt":"2024-04-22T23:46:00","slug":"korchid-annonce-avoir-quitte-la-tunisie-et-appelle-a-cesser-de-harceler-sa-famille","status":"publish","type":"post","link":"https:\/\/kapitalis.com\/tunisie\/2024\/04\/23\/korchid-annonce-avoir-quitte-la-tunisie-et-appelle-a-cesser-de-harceler-sa-famille\/","title":{"rendered":"Korchid annonce avoir quitt\u00e9 la Tunisie et appelle \u00e0 \u00abcesser de harceler sa famille\u00bb"},"content":{"rendered":"\n<p><em><strong>Tout en annon\u00e7ant avoir quitt\u00e9 la Tunisie, Mabrouk Korchid ancien ministre et pr\u00e9sident du parti Arraya Al-Watania a d\u00e9nonc\u00e9 l&rsquo;ouverture d&rsquo;une instruction contre ses enfants et son \u00e9pouse, accus\u00e9s d\u2019avoir \u00abrefus\u00e9 de r\u00e9v\u00e9ler le lieu o\u00f9 il se trouve\u00bb.<\/strong><\/em><\/p>\n\n\n\n<!--more-->\n\n\n\n<p>Dans un statut partag\u00e9 lundi 22 avril 2024 sur sa page Facebook et adress\u00e9 \u00e0 l&rsquo;opinion publique, Mabrouk Korchid, avocat de son \u00e9tat, a d\u00e9nonc\u00e9 une violation de la loi et des proc\u00e9dures en ce qui concerne l&rsquo;instruction visant les membres de sa famille, qui ont \u00e9t\u00e9 convoqu\u00e9s pour audition : <em>\u00ab Les hommes de loi savent que la famille ne peut \u00eatre poursuivie\u2026 Il s\u2019agit d\u2019un dangereux pr\u00e9c\u00e9dent qu\u2019aucun r\u00e9gime n&rsquo;avait commis\u2026 Et la v\u00e9rit\u00e9 que je ne nie pas, c&rsquo;est que d\u00e9sesp\u00e9r\u00e9 d\u2019obtenir justice, j&rsquo;ai quitt\u00e9 le pays<\/em>\u00bb, a-t-il comment\u00e9.<\/p>\n\n\n\n<p>Korchid Mabrouk a par ailleurs affirm\u00e9 qu&rsquo;il reviendra en Tunisie<em> \u00ablorsque l\u2019injustice cessera enfin \u00bb<\/em> et a appel\u00e9 \u00e0 cesser de harceler sa famille et \u00e0 ne pas l&rsquo;impliquer dans les tiraillements politiques.<\/p>\n\n\n\n<p>\u00ab<em>Rendez \u00e0 mes fils leurs t\u00e9l\u00e9phones et leurs ordinateurs dans lesquels se trouvent leurs cours\u2026 Rendez \u00e0 ma femme les 10.000 dinars qui ont \u00e9t\u00e9 saisis \u00e0 la maison et qui \u00e9taient d\u00e9di\u00e9s aux frais d\u2019\u00e9tudes de mes enfants et pour qu&rsquo;ils subviennent \u00e0 leurs besoins\u2026 La norme dans toutes les \u00e9poques pr\u00e9c\u00e9dentes, \u00e9tait de ne pas impliquer les familles dans les conflits politiques\u2026 \u00bb, <\/em>a-t-il conclu.<\/p>\n\n\n\n<p class=\"has-text-align-right\"><strong>Y. N.<\/strong><\/p>\n","protected":false},"excerpt":{"rendered":"<p>Tout en annon\u00e7ant avoir quitt\u00e9 la Tunisie, Mabrouk Korchid ancien ministre et pr\u00e9sident du parti Arraya Al-Watania a d\u00e9nonc\u00e9 l&rsquo;ouverture d&rsquo;une instruction contre ses enfants et son \u00e9pouse, accus\u00e9s d\u2019avoir \u00abrefus\u00e9 de r\u00e9v\u00e9ler le lieu o\u00f9 il se trouve\u00bb.<\/p>\n","protected":false},"author":6,"featured_media":2028682,"comment_status":"open","ping_status":"open","sticky":false,"template":"","format":"standard","meta":{"footnotes":""},"categories":[997,2433],"tags":[71905,325,64355,23898,115185,62643],"class_list":["post-12543881","post","type-post","status-publish","format-standard","has-post-thumbnail","hentry","category-politique","category-tunisie","tag-ancien-ministre","tag-enquete","tag-justice","tag-mabrouk-korchid","tag-ouverture-instruction","tag-tunisie"],"yoast_head":"<!-- This site is optimized with the Yoast SEO plugin v26.6 - https:\/\/yoast.com\/wordpress\/plugins\/seo\/ -->\n<title>Korchid annonce avoir quitt\u00e9 la Tunisie et appelle \u00e0 \u00abcesser de harceler sa famille\u00bb - Kapitalis<\/title>\n<meta name=\"robots\" content=\"index, follow, max-snippet:-1, max-image-preview:large, max-video-preview:-1\" \/>\n<link rel=\"canonical\" href=\"https:\/\/kapitalis.com\/tunisie\/2024\/04\/23\/korchid-annonce-avoir-quitte-la-tunisie-et-appelle-a-cesser-de-harceler-sa-famille\/\" \/>\n<meta property=\"og:locale\" content=\"fr_FR\" \/>\n<meta property=\"og:type\" content=\"article\" \/>\n<meta property=\"og:title\" content=\"Korchid annonce avoir quitt\u00e9 la Tunisie et appelle \u00e0 \u00abcesser de harceler sa famille\u00bb - Kapitalis\" \/>\n<meta property=\"og:description\" content=\"Tout en annon\u00e7ant avoir quitt\u00e9 la Tunisie, Mabrouk Korchid ancien ministre et pr\u00e9sident du parti Arraya Al-Watania a d\u00e9nonc\u00e9 l&rsquo;ouverture d&rsquo;une instruction contre ses enfants et son \u00e9pouse, accus\u00e9s d\u2019avoir \u00abrefus\u00e9 de r\u00e9v\u00e9ler le lieu o\u00f9 il se trouve\u00bb.\" \/>\n<meta property=\"og:url\" content=\"https:\/\/kapitalis.com\/tunisie\/2024\/04\/23\/korchid-annonce-avoir-quitte-la-tunisie-et-appelle-a-cesser-de-harceler-sa-famille\/\" \/>\n<meta property=\"og:site_name\" content=\"Kapitalis\" \/>\n<meta property=\"article:publisher\" content=\"https:\/\/www.facebook.com\/KapitalisInfo\/\" \/>\n<meta property=\"article:published_time\" content=\"2024-04-22T23:42:54+00:00\" \/>\n<meta property=\"article:modified_time\" content=\"2024-04-22T23:46:00+00:00\" \/>\n<meta property=\"og:image\" content=\"https:\/\/kapitalis.com\/tunisie\/wp-content\/uploads\/2022\/07\/mabrouk-korchid.jpg\" \/>\n\t<meta property=\"og:image:width\" content=\"1200\" \/>\n\t<meta property=\"og:image:height\" content=\"630\" \/>\n\t<meta property=\"og:image:type\" content=\"image\/jpeg\" \/>\n<meta name=\"author\" content=\"Yusra NY\" \/>\n<meta name=\"twitter:card\" content=\"summary_large_image\" \/>\n<meta name=\"twitter:creator\" content=\"@KapitalisInfo\" \/>\n<meta name=\"twitter:site\" content=\"@KapitalisInfo\" \/>\n<meta name=\"twitter:label1\" content=\"\u00c9crit par\" \/>\n\t<meta name=\"twitter:data1\" content=\"Yusra NY\" \/>\n\t<meta name=\"twitter:label2\" content=\"Dur\u00e9e de lecture estim\u00e9e\" \/>\n\t<meta name=\"twitter:data2\" content=\"2 minutes\" \/>\n<script type=\"application\/ld+json\" class=\"yoast-schema-graph\">{\"@context\":\"https:\/\/schema.org\",\"@graph\":[{\"@type\":\"Article\",\"@id\":\"https:\/\/kapitalis.com\/tunisie\/2024\/04\/23\/korchid-annonce-avoir-quitte-la-tunisie-et-appelle-a-cesser-de-harceler-sa-famille\/#article\",\"isPartOf\":{\"@id\":\"https:\/\/kapitalis.com\/tunisie\/2024\/04\/23\/korchid-annonce-avoir-quitte-la-tunisie-et-appelle-a-cesser-de-harceler-sa-famille\/\"},\"author\":{\"name\":\"Yusra NY\",\"@id\":\"https:\/\/kapitalis.com\/tunisie\/#\/schema\/person\/74bbde0154d49d790a92aaeac5bc01d5\"},\"headline\":\"Korchid annonce avoir quitt\u00e9 la Tunisie et appelle \u00e0 \u00abcesser de harceler sa famille\u00bb\",\"datePublished\":\"2024-04-22T23:42:54+00:00\",\"dateModified\":\"2024-04-22T23:46:00+00:00\",\"mainEntityOfPage\":{\"@id\":\"https:\/\/kapitalis.com\/tunisie\/2024\/04\/23\/korchid-annonce-avoir-quitte-la-tunisie-et-appelle-a-cesser-de-harceler-sa-famille\/\"},\"wordCount\":260,\"commentCount\":1,\"publisher\":{\"@id\":\"https:\/\/kapitalis.com\/tunisie\/#organization\"},\"image\":{\"@id\":\"https:\/\/kapitalis.com\/tunisie\/2024\/04\/23\/korchid-annonce-avoir-quitte-la-tunisie-et-appelle-a-cesser-de-harceler-sa-famille\/#primaryimage\"},\"thumbnailUrl\":\"https:\/\/kapitalis.com\/tunisie\/wp-content\/uploads\/2022\/07\/mabrouk-korchid.jpg\",\"keywords\":[\"ancien ministre\",\"enqu\u00eate\",\"justice\",\"Mabrouk Korchid\",\"ouverture instruction\",\"Tunisie\"],\"articleSection\":[\"POLITIQUE\",\"Tunisie\"],\"inLanguage\":\"fr-FR\",\"potentialAction\":[{\"@type\":\"CommentAction\",\"name\":\"Comment\",\"target\":[\"https:\/\/kapitalis.com\/tunisie\/2024\/04\/23\/korchid-annonce-avoir-quitte-la-tunisie-et-appelle-a-cesser-de-harceler-sa-famille\/#respond\"]}]},{\"@type\":\"WebPage\",\"@id\":\"https:\/\/kapitalis.com\/tunisie\/2024\/04\/23\/korchid-annonce-avoir-quitte-la-tunisie-et-appelle-a-cesser-de-harceler-sa-famille\/\",\"url\":\"https:\/\/kapitalis.com\/tunisie\/2024\/04\/23\/korchid-annonce-avoir-quitte-la-tunisie-et-appelle-a-cesser-de-harceler-sa-famille\/\",\"name\":\"Korchid annonce avoir quitt\u00e9 la Tunisie et appelle \u00e0 \u00abcesser de harceler sa famille\u00bb - Kapitalis\",\"isPartOf\":{\"@id\":\"https:\/\/kapitalis.com\/tunisie\/#website\"},\"primaryImageOfPage\":{\"@id\":\"https:\/\/kapitalis.com\/tunisie\/2024\/04\/23\/korchid-annonce-avoir-quitte-la-tunisie-et-appelle-a-cesser-de-harceler-sa-famille\/#primaryimage\"},\"image\":{\"@id\":\"https:\/\/kapitalis.com\/tunisie\/2024\/04\/23\/korchid-annonce-avoir-quitte-la-tunisie-et-appelle-a-cesser-de-harceler-sa-famille\/#primaryimage\"},\"thumbnailUrl\":\"https:\/\/kapitalis.com\/tunisie\/wp-content\/uploads\/2022\/07\/mabrouk-korchid.jpg\",\"datePublished\":\"2024-04-22T23:42:54+00:00\",\"dateModified\":\"2024-04-22T23:46:00+00:00\",\"breadcrumb\":{\"@id\":\"https:\/\/kapitalis.com\/tunisie\/2024\/04\/23\/korchid-annonce-avoir-quitte-la-tunisie-et-appelle-a-cesser-de-harceler-sa-famille\/#breadcrumb\"},\"inLanguage\":\"fr-FR\",\"potentialAction\":[{\"@type\":\"ReadAction\",\"target\":[\"https:\/\/kapitalis.com\/tunisie\/2024\/04\/23\/korchid-annonce-avoir-quitte-la-tunisie-et-appelle-a-cesser-de-harceler-sa-famille\/\"]}]},{\"@type\":\"ImageObject\",\"inLanguage\":\"fr-FR\",\"@id\":\"https:\/\/kapitalis.com\/tunisie\/2024\/04\/23\/korchid-annonce-avoir-quitte-la-tunisie-et-appelle-a-cesser-de-harceler-sa-famille\/#primaryimage\",\"url\":\"https:\/\/kapitalis.com\/tunisie\/wp-content\/uploads\/2022\/07\/mabrouk-korchid.jpg\",\"contentUrl\":\"https:\/\/kapitalis.com\/tunisie\/wp-content\/uploads\/2022\/07\/mabrouk-korchid.jpg\",\"width\":1200,\"height\":630},{\"@type\":\"BreadcrumbList\",\"@id\":\"https:\/\/kapitalis.com\/tunisie\/2024\/04\/23\/korchid-annonce-avoir-quitte-la-tunisie-et-appelle-a-cesser-de-harceler-sa-famille\/#breadcrumb\",\"itemListElement\":[{\"@type\":\"ListItem\",\"position\":1,\"name\":\"Accueil\",\"item\":\"https:\/\/kapitalis.com\/tunisie\/\"},{\"@type\":\"ListItem\",\"position\":2,\"name\":\"Korchid annonce avoir quitt\u00e9 la Tunisie et appelle \u00e0 \u00abcesser de harceler sa famille\u00bb\"}]},{\"@type\":\"WebSite\",\"@id\":\"https:\/\/kapitalis.com\/tunisie\/#website\",\"url\":\"https:\/\/kapitalis.com\/tunisie\/\",\"name\":\"Kapitalis\",\"description\":\"L&#039;actualit\u00e9 en Tunisie et dans le monde\",\"publisher\":{\"@id\":\"https:\/\/kapitalis.com\/tunisie\/#organization\"},\"potentialAction\":[{\"@type\":\"SearchAction\",\"target\":{\"@type\":\"EntryPoint\",\"urlTemplate\":\"https:\/\/kapitalis.com\/tunisie\/?s={search_term_string}\"},\"query-input\":{\"@type\":\"PropertyValueSpecification\",\"valueRequired\":true,\"valueName\":\"search_term_string\"}}],\"inLanguage\":\"fr-FR\"},{\"@type\":\"Organization\",\"@id\":\"https:\/\/kapitalis.com\/tunisie\/#organization\",\"name\":\"Kapitalis\",\"url\":\"https:\/\/kapitalis.com\/tunisie\/\",\"logo\":{\"@type\":\"ImageObject\",\"inLanguage\":\"fr-FR\",\"@id\":\"https:\/\/kapitalis.com\/tunisie\/#\/schema\/logo\/image\/\",\"url\":\"https:\/\/kapitalis.com\/tunisie\/wp-content\/uploads\/2022\/05\/Kapitalis-big-size.png\",\"contentUrl\":\"https:\/\/kapitalis.com\/tunisie\/wp-content\/uploads\/2022\/05\/Kapitalis-big-size.png\",\"width\":5000,\"height\":1500,\"caption\":\"Kapitalis\"},\"image\":{\"@id\":\"https:\/\/kapitalis.com\/tunisie\/#\/schema\/logo\/image\/\"},\"sameAs\":[\"https:\/\/www.facebook.com\/KapitalisInfo\/\",\"https:\/\/x.com\/KapitalisInfo\",\"https:\/\/www.youtube.com\/channel\/UC-yDYrHyfFBWWZaOw3FPg9Q\"]},{\"@type\":\"Person\",\"@id\":\"https:\/\/kapitalis.com\/tunisie\/#\/schema\/person\/74bbde0154d49d790a92aaeac5bc01d5\",\"name\":\"Yusra NY\",\"url\":\"https:\/\/kapitalis.com\/tunisie\/author\/yuza_adam\/\"}]}<\/script>\n<!-- \/ Yoast SEO plugin. -->","yoast_head_json":{"title":"Korchid annonce avoir quitt\u00e9 la Tunisie et appelle \u00e0 \u00abcesser de harceler sa famille\u00bb - Kapitalis","robots":{"index":"index","follow":"follow","max-snippet":"max-snippet:-1","max-image-preview":"max-image-preview:large","max-video-preview":"max-video-preview:-1"},"canonical":"https:\/\/kapitalis.com\/tunisie\/2024\/04\/23\/korchid-annonce-avoir-quitte-la-tunisie-et-appelle-a-cesser-de-harceler-sa-famille\/","og_locale":"fr_FR","og_type":"article","og_title":"Korchid annonce avoir quitt\u00e9 la Tunisie et appelle \u00e0 \u00abcesser de harceler sa famille\u00bb - Kapitalis","og_description":"Tout en annon\u00e7ant avoir quitt\u00e9 la Tunisie, Mabrouk Korchid ancien ministre et pr\u00e9sident du parti Arraya Al-Watania a d\u00e9nonc\u00e9 l&rsquo;ouverture d&rsquo;une instruction contre ses enfants et son \u00e9pouse, accus\u00e9s d\u2019avoir \u00abrefus\u00e9 de r\u00e9v\u00e9ler le lieu o\u00f9 il se trouve\u00bb.","og_url":"https:\/\/kapitalis.com\/tunisie\/2024\/04\/23\/korchid-annonce-avoir-quitte-la-tunisie-et-appelle-a-cesser-de-harceler-sa-famille\/","og_site_name":"Kapitalis","article_publisher":"https:\/\/www.facebook.com\/KapitalisInfo\/","article_published_time":"2024-04-22T23:42:54+00:00","article_modified_time":"2024-04-22T23:46:00+00:00","og_image":[{"width":1200,"height":630,"url":"https:\/\/kapitalis.com\/tunisie\/wp-content\/uploads\/2022\/07\/mabrouk-korchid.jpg","type":"image\/jpeg"}],"author":"Yusra NY","twitter_card":"summary_large_image","twitter_creator":"@KapitalisInfo","twitter_site":"@KapitalisInfo","twitter_misc":{"\u00c9crit par":"Yusra NY","Dur\u00e9e de lecture estim\u00e9e":"2 minutes"},"schema":{"@context":"https:\/\/schema.org","@graph":[{"@type":"Article","@id":"https:\/\/kapitalis.com\/tunisie\/2024\/04\/23\/korchid-annonce-avoir-quitte-la-tunisie-et-appelle-a-cesser-de-harceler-sa-famille\/#article","isPartOf":{"@id":"https:\/\/kapitalis.com\/tunisie\/2024\/04\/23\/korchid-annonce-avoir-quitte-la-tunisie-et-appelle-a-cesser-de-harceler-sa-famille\/"},"author":{"name":"Yusra NY","@id":"https:\/\/kapitalis.com\/tunisie\/#\/schema\/person\/74bbde0154d49d790a92aaeac5bc01d5"},"headline":"Korchid annonce avoir quitt\u00e9 la Tunisie et appelle \u00e0 \u00abcesser de harceler sa famille\u00bb","datePublished":"2024-04-22T23:42:54+00:00","dateModified":"2024-04-22T23:46:00+00:00","mainEntityOfPage":{"@id":"https:\/\/kapitalis.com\/tunisie\/2024\/04\/23\/korchid-annonce-avoir-quitte-la-tunisie-et-appelle-a-cesser-de-harceler-sa-famille\/"},"wordCount":260,"commentCount":1,"publisher":{"@id":"https:\/\/kapitalis.com\/tunisie\/#organization"},"image":{"@id":"https:\/\/kapitalis.com\/tunisie\/2024\/04\/23\/korchid-annonce-avoir-quitte-la-tunisie-et-appelle-a-cesser-de-harceler-sa-famille\/#primaryimage"},"thumbnailUrl":"https:\/\/kapitalis.com\/tunisie\/wp-content\/uploads\/2022\/07\/mabrouk-korchid.jpg","keywords":["ancien ministre","enqu\u00eate","justice","Mabrouk Korchid","ouverture instruction","Tunisie"],"articleSection":["POLITIQUE","Tunisie"],"inLanguage":"fr-FR","potentialAction":[{"@type":"CommentAction","name":"Comment","target":["https:\/\/kapitalis.com\/tunisie\/2024\/04\/23\/korchid-annonce-avoir-quitte-la-tunisie-et-appelle-a-cesser-de-harceler-sa-famille\/#respond"]}]},{"@type":"WebPage","@id":"https:\/\/kapitalis.com\/tunisie\/2024\/04\/23\/korchid-annonce-avoir-quitte-la-tunisie-et-appelle-a-cesser-de-harceler-sa-famille\/","url":"https:\/\/kapitalis.com\/tunisie\/2024\/04\/23\/korchid-annonce-avoir-quitte-la-tunisie-et-appelle-a-cesser-de-harceler-sa-famille\/","name":"Korchid annonce avoir quitt\u00e9 la Tunisie et appelle \u00e0 \u00abcesser de harceler sa famille\u00bb - Kapitalis","isPartOf":{"@id":"https:\/\/kapitalis.com\/tunisie\/#website"},"primaryImageOfPage":{"@id":"https:\/\/kapitalis.com\/tunisie\/2024\/04\/23\/korchid-annonce-avoir-quitte-la-tunisie-et-appelle-a-cesser-de-harceler-sa-famille\/#primaryimage"},"image":{"@id":"https:\/\/kapitalis.com\/tunisie\/2024\/04\/23\/korchid-annonce-avoir-quitte-la-tunisie-et-appelle-a-cesser-de-harceler-sa-famille\/#primaryimage"},"thumbnailUrl":"https:\/\/kapitalis.com\/tunisie\/wp-content\/uploads\/2022\/07\/mabrouk-korchid.jpg","datePublished":"2024-04-22T23:42:54+00:00","dateModified":"2024-04-22T23:46:00+00:00","breadcrumb":{"@id":"https:\/\/kapitalis.com\/tunisie\/2024\/04\/23\/korchid-annonce-avoir-quitte-la-tunisie-et-appelle-a-cesser-de-harceler-sa-famille\/#breadcrumb"},"inLanguage":"fr-FR","potentialAction":[{"@type":"ReadAction","target":["https:\/\/kapitalis.com\/tunisie\/2024\/04\/23\/korchid-annonce-avoir-quitte-la-tunisie-et-appelle-a-cesser-de-harceler-sa-famille\/"]}]},{"@type":"ImageObject","inLanguage":"fr-FR","@id":"https:\/\/kapitalis.com\/tunisie\/2024\/04\/23\/korchid-annonce-avoir-quitte-la-tunisie-et-appelle-a-cesser-de-harceler-sa-famille\/#primaryimage","url":"https:\/\/kapitalis.com\/tunisie\/wp-content\/uploads\/2022\/07\/mabrouk-korchid.jpg","contentUrl":"https:\/\/kapitalis.com\/tunisie\/wp-content\/uploads\/2022\/07\/mabrouk-korchid.jpg","width":1200,"height":630},{"@type":"BreadcrumbList","@id":"https:\/\/kapitalis.com\/tunisie\/2024\/04\/23\/korchid-annonce-avoir-quitte-la-tunisie-et-appelle-a-cesser-de-harceler-sa-famille\/#breadcrumb","itemListElement":[{"@type":"ListItem","position":1,"name":"Accueil","item":"https:\/\/kapitalis.com\/tunisie\/"},{"@type":"ListItem","position":2,"name":"Korchid annonce avoir quitt\u00e9 la Tunisie et appelle \u00e0 \u00abcesser de harceler sa famille\u00bb"}]},{"@type":"WebSite","@id":"https:\/\/kapitalis.com\/tunisie\/#website","url":"https:\/\/kapitalis.com\/tunisie\/","name":"Kapitalis","description":"L&#039;actualit\u00e9 en Tunisie et dans le monde","publisher":{"@id":"https:\/\/kapitalis.com\/tunisie\/#organization"},"potentialAction":[{"@type":"SearchAction","target":{"@type":"EntryPoint","urlTemplate":"https:\/\/kapitalis.com\/tunisie\/?s={search_term_string}"},"query-input":{"@type":"PropertyValueSpecification","valueRequired":true,"valueName":"search_term_string"}}],"inLanguage":"fr-FR"},{"@type":"Organization","@id":"https:\/\/kapitalis.com\/tunisie\/#organization","name":"Kapitalis","url":"https:\/\/kapitalis.com\/tunisie\/","logo":{"@type":"ImageObject","inLanguage":"fr-FR","@id":"https:\/\/kapitalis.com\/tunisie\/#\/schema\/logo\/image\/","url":"https:\/\/kapitalis.com\/tunisie\/wp-content\/uploads\/2022\/05\/Kapitalis-big-size.png","contentUrl":"https:\/\/kapitalis.com\/tunisie\/wp-content\/uploads\/2022\/05\/Kapitalis-big-size.png","width":5000,"height":1500,"caption":"Kapitalis"},"image":{"@id":"https:\/\/kapitalis.com\/tunisie\/#\/schema\/logo\/image\/"},"sameAs":["https:\/\/www.facebook.com\/KapitalisInfo\/","https:\/\/x.com\/KapitalisInfo","https:\/\/www.youtube.com\/channel\/UC-yDYrHyfFBWWZaOw3FPg9Q"]},{"@type":"Person","@id":"https:\/\/kapitalis.com\/tunisie\/#\/schema\/person\/74bbde0154d49d790a92aaeac5bc01d5","name":"Yusra NY","url":"https:\/\/kapitalis.com\/tunisie\/author\/yuza_adam\/"}]}},"_links":{"self":[{"href":"https:\/\/kapitalis.com\/tunisie\/wp-json\/wp\/v2\/posts\/12543881","targetHints":{"allow":["GET"]}}],"collection":[{"href":"https:\/\/kapitalis.com\/tunisie\/wp-json\/wp\/v2\/posts"}],"about":[{"href":"https:\/\/kapitalis.com\/tunisie\/wp-json\/wp\/v2\/types\/post"}],"author":[{"embeddable":true,"href":"https:\/\/kapitalis.com\/tunisie\/wp-json\/wp\/v2\/users\/6"}],"replies":[{"embeddable":true,"href":"https:\/\/kapitalis.com\/tunisie\/wp-json\/wp\/v2\/comments?post=12543881"}],"version-history":[{"count":3,"href":"https:\/\/kapitalis.com\/tunisie\/wp-json\/wp\/v2\/posts\/12543881\/revisions"}],"predecessor-version":[{"id":12543907,"href":"https:\/\/kapitalis.com\/tunisie\/wp-json\/wp\/v2\/posts\/12543881\/revisions\/12543907"}],"wp:featuredmedia":[{"embeddable":true,"href":"https:\/\/kapitalis.com\/tunisie\/wp-json\/wp\/v2\/media\/2028682"}],"wp:attachment":[{"href":"https:\/\/kapitalis.com\/tunisie\/wp-json\/wp\/v2\/media?parent=12543881"}],"wp:term":[{"taxonomy":"category","embeddable":true,"href":"https:\/\/kapitalis.com\/tunisie\/wp-json\/wp\/v2\/categories?post=12543881"},{"taxonomy":"post_tag","embeddable":true,"href":"https:\/\/kapitalis.com\/tunisie\/wp-json\/wp\/v2\/tags?post=12543881"}],"curies":[{"name":"wp","href":"https:\/\/api.w.org\/{rel}","templated":true}]}}