{"id":12572997,"date":"2024-04-25T07:39:22","date_gmt":"2024-04-25T06:39:22","guid":{"rendered":"https:\/\/kapitalis.com\/tunisie\/?p=12572997"},"modified":"2024-04-25T07:39:24","modified_gmt":"2024-04-25T06:39:24","slug":"la-14e-edition-du-salon-bio-expo-du-25-au-27-avril-a-tunis","status":"publish","type":"post","link":"https:\/\/kapitalis.com\/tunisie\/2024\/04\/25\/la-14e-edition-du-salon-bio-expo-du-25-au-27-avril-a-tunis\/","title":{"rendered":"La 14e \u00e9dition du salon Bio Expo du 25 au 27 avril \u00e0 Tunis"},"content":{"rendered":"\n<p><strong><em>La quatorzi\u00e8me \u00e9dition de Bio Expo, le salon de l\u2019agriculture biologique et de l\u2019agroalimentaire, se tiendra \u00e0 Tunis, du 25 au 27 avril 2024, avec la participation de 100 exposants venus de Tunisie, d\u2019Alg\u00e9rie, d\u2019Arabie Saoudite, de France et d\u2019Italie.<\/em><\/strong><\/p>\n\n\n\n<!--more-->\n\n\n\n<p>Cet \u00e9v\u00e9nement, organis\u00e9 en coop\u00e9ration avec le minist\u00e8re de l\u2019Agriculture, des Ressources hydrauliques et de la P\u00eache, comportera des ateliers de sensibilisation des enfants \u00e0 l\u2019importance de l\u2019alimentation biologique, a indiqu\u00e9 la directrice du salon, Lamia Oueslati, dans un entretien \u00e0 l\u2019agence Tap.<\/p>\n\n\n\n<p>Le programme comprend \u00e9galement la 3<sup>e<\/sup> \u00e9dition du concours international de s\u00e9lection de la meilleure huile d\u2019olive biologique et de l\u2019huile d\u2019olive extra vierge avec la participation de plus de 21 produits venus de Tunisie, d\u2019Arabie Saoudite et d\u2019Alg\u00e9rie sous la supervision d\u2019un jury international.<\/p>\n\n\n\n<p>Oueslati a indiqu\u00e9 que divers produits biologiques seront expos\u00e9s, tels que les olives, le miel, les dattes, les fruits secs, la harissa et le couscous, ainsi que des produits cosm\u00e9tiques comme l\u2019huile de figue de barbarie et autres.<\/p>\n\n\n\n<p>La directrice du salon a soulign\u00e9 que les exposants pr\u00e9senteront des produits certifi\u00e9s biologiques ainsi que d\u2019autres en cours de certification, notant que les produits agricoles biologiques sont disponibles sur le march\u00e9 int\u00e9rieur et dans les espaces commerciaux. Selon elle, la production limit\u00e9e de certains produits bio explique leurs prix relativement \u00e9lev\u00e9s.<\/p>\n\n\n\n<p>Dans ce contexte, elle a appel\u00e9 \u00e0 soutenir ce secteur prometteur en termes d\u2019exportation, en plus de ses bienfaits pour la sant\u00e9.<\/p>\n\n\n\n<p>Les recettes d\u2019exportation des produits biologiques ont augment\u00e9 de 65% en 2023 par rapport \u00e0 2022, en raison d\u2019une hausse d\u2019environ 72% de la valeur des huiles biologiques export\u00e9es en 2023, a indiqu\u00e9 Oueslati.<\/p>\n","protected":false},"excerpt":{"rendered":"<p>La quatorzi\u00e8me \u00e9dition de Bio Expo se tiendra du 25 au 27 avril 2024 \u00e0 Tunis. <\/p>\n","protected":false},"author":8,"featured_media":12573050,"comment_status":"open","ping_status":"open","sticky":false,"template":"","format":"standard","meta":{"footnotes":""},"categories":[995,2433],"tags":[14475,48,114417,1452,83220,115222,1199,62643],"class_list":["post-12572997","post","type-post","status-publish","format-standard","has-post-thumbnail","hentry","category-economie","category-tunisie","tag-agriculture-biologique","tag-agroalimentaire","tag-bio-expo-2","tag-harissa","tag-huile-dolive-2","tag-lamia-oueslati","tag-olives","tag-tunisie"],"yoast_head":"<!-- This site is optimized with the Yoast SEO plugin v26.6 - https:\/\/yoast.com\/wordpress\/plugins\/seo\/ -->\n<title>La 14e \u00e9dition du salon Bio Expo du 25 au 27 avril \u00e0 Tunis - Kapitalis<\/title>\n<meta name=\"robots\" content=\"index, follow, max-snippet:-1, max-image-preview:large, max-video-preview:-1\" \/>\n<link rel=\"canonical\" href=\"https:\/\/kapitalis.com\/tunisie\/2024\/04\/25\/la-14e-edition-du-salon-bio-expo-du-25-au-27-avril-a-tunis\/\" \/>\n<meta property=\"og:locale\" content=\"fr_FR\" \/>\n<meta property=\"og:type\" content=\"article\" \/>\n<meta property=\"og:title\" content=\"La 14e \u00e9dition du salon Bio Expo du 25 au 27 avril \u00e0 Tunis - Kapitalis\" \/>\n<meta property=\"og:description\" content=\"La quatorzi\u00e8me \u00e9dition de Bio Expo se tiendra du 25 au 27 avril 2024 \u00e0 Tunis.\" \/>\n<meta property=\"og:url\" content=\"https:\/\/kapitalis.com\/tunisie\/2024\/04\/25\/la-14e-edition-du-salon-bio-expo-du-25-au-27-avril-a-tunis\/\" \/>\n<meta property=\"og:site_name\" content=\"Kapitalis\" \/>\n<meta property=\"article:publisher\" content=\"https:\/\/www.facebook.com\/KapitalisInfo\/\" \/>\n<meta property=\"article:published_time\" content=\"2024-04-25T06:39:22+00:00\" \/>\n<meta property=\"article:modified_time\" content=\"2024-04-25T06:39:24+00:00\" \/>\n<meta property=\"og:image\" content=\"https:\/\/kapitalis.com\/tunisie\/wp-content\/uploads\/2024\/04\/Bio-Expo.jpg\" \/>\n\t<meta property=\"og:image:width\" content=\"1200\" \/>\n\t<meta property=\"og:image:height\" content=\"630\" \/>\n\t<meta property=\"og:image:type\" content=\"image\/jpeg\" \/>\n<meta name=\"author\" content=\"webmaster kapitalis\" \/>\n<meta name=\"twitter:card\" content=\"summary_large_image\" \/>\n<meta name=\"twitter:creator\" content=\"@KapitalisInfo\" \/>\n<meta name=\"twitter:site\" content=\"@KapitalisInfo\" \/>\n<meta name=\"twitter:label1\" content=\"\u00c9crit par\" \/>\n\t<meta name=\"twitter:data1\" content=\"webmaster kapitalis\" \/>\n\t<meta name=\"twitter:label2\" content=\"Dur\u00e9e de lecture estim\u00e9e\" \/>\n\t<meta name=\"twitter:data2\" content=\"2 minutes\" \/>\n<script type=\"application\/ld+json\" class=\"yoast-schema-graph\">{\"@context\":\"https:\/\/schema.org\",\"@graph\":[{\"@type\":\"Article\",\"@id\":\"https:\/\/kapitalis.com\/tunisie\/2024\/04\/25\/la-14e-edition-du-salon-bio-expo-du-25-au-27-avril-a-tunis\/#article\",\"isPartOf\":{\"@id\":\"https:\/\/kapitalis.com\/tunisie\/2024\/04\/25\/la-14e-edition-du-salon-bio-expo-du-25-au-27-avril-a-tunis\/\"},\"author\":{\"name\":\"webmaster kapitalis\",\"@id\":\"https:\/\/kapitalis.com\/tunisie\/#\/schema\/person\/d71f33a9ca44f7bad4698210b480c8e9\"},\"headline\":\"La 14e \u00e9dition du salon Bio Expo du 25 au 27 avril \u00e0 Tunis\",\"datePublished\":\"2024-04-25T06:39:22+00:00\",\"dateModified\":\"2024-04-25T06:39:24+00:00\",\"mainEntityOfPage\":{\"@id\":\"https:\/\/kapitalis.com\/tunisie\/2024\/04\/25\/la-14e-edition-du-salon-bio-expo-du-25-au-27-avril-a-tunis\/\"},\"wordCount\":307,\"commentCount\":0,\"publisher\":{\"@id\":\"https:\/\/kapitalis.com\/tunisie\/#organization\"},\"image\":{\"@id\":\"https:\/\/kapitalis.com\/tunisie\/2024\/04\/25\/la-14e-edition-du-salon-bio-expo-du-25-au-27-avril-a-tunis\/#primaryimage\"},\"thumbnailUrl\":\"https:\/\/kapitalis.com\/tunisie\/wp-content\/uploads\/2024\/04\/Bio-Expo.jpg\",\"keywords\":[\"agriculture biologique\",\"agroalimentaire\",\"Bio Expo\",\"harissa\",\"huile d\u2019olive\",\"Lamia Oueslati\",\"olives\",\"Tunisie\"],\"articleSection\":[\"ECONOMIE\",\"Tunisie\"],\"inLanguage\":\"fr-FR\",\"potentialAction\":[{\"@type\":\"CommentAction\",\"name\":\"Comment\",\"target\":[\"https:\/\/kapitalis.com\/tunisie\/2024\/04\/25\/la-14e-edition-du-salon-bio-expo-du-25-au-27-avril-a-tunis\/#respond\"]}]},{\"@type\":\"WebPage\",\"@id\":\"https:\/\/kapitalis.com\/tunisie\/2024\/04\/25\/la-14e-edition-du-salon-bio-expo-du-25-au-27-avril-a-tunis\/\",\"url\":\"https:\/\/kapitalis.com\/tunisie\/2024\/04\/25\/la-14e-edition-du-salon-bio-expo-du-25-au-27-avril-a-tunis\/\",\"name\":\"La 14e \u00e9dition du salon Bio Expo du 25 au 27 avril \u00e0 Tunis - Kapitalis\",\"isPartOf\":{\"@id\":\"https:\/\/kapitalis.com\/tunisie\/#website\"},\"primaryImageOfPage\":{\"@id\":\"https:\/\/kapitalis.com\/tunisie\/2024\/04\/25\/la-14e-edition-du-salon-bio-expo-du-25-au-27-avril-a-tunis\/#primaryimage\"},\"image\":{\"@id\":\"https:\/\/kapitalis.com\/tunisie\/2024\/04\/25\/la-14e-edition-du-salon-bio-expo-du-25-au-27-avril-a-tunis\/#primaryimage\"},\"thumbnailUrl\":\"https:\/\/kapitalis.com\/tunisie\/wp-content\/uploads\/2024\/04\/Bio-Expo.jpg\",\"datePublished\":\"2024-04-25T06:39:22+00:00\",\"dateModified\":\"2024-04-25T06:39:24+00:00\",\"breadcrumb\":{\"@id\":\"https:\/\/kapitalis.com\/tunisie\/2024\/04\/25\/la-14e-edition-du-salon-bio-expo-du-25-au-27-avril-a-tunis\/#breadcrumb\"},\"inLanguage\":\"fr-FR\",\"potentialAction\":[{\"@type\":\"ReadAction\",\"target\":[\"https:\/\/kapitalis.com\/tunisie\/2024\/04\/25\/la-14e-edition-du-salon-bio-expo-du-25-au-27-avril-a-tunis\/\"]}]},{\"@type\":\"ImageObject\",\"inLanguage\":\"fr-FR\",\"@id\":\"https:\/\/kapitalis.com\/tunisie\/2024\/04\/25\/la-14e-edition-du-salon-bio-expo-du-25-au-27-avril-a-tunis\/#primaryimage\",\"url\":\"https:\/\/kapitalis.com\/tunisie\/wp-content\/uploads\/2024\/04\/Bio-Expo.jpg\",\"contentUrl\":\"https:\/\/kapitalis.com\/tunisie\/wp-content\/uploads\/2024\/04\/Bio-Expo.jpg\",\"width\":1200,\"height\":630},{\"@type\":\"BreadcrumbList\",\"@id\":\"https:\/\/kapitalis.com\/tunisie\/2024\/04\/25\/la-14e-edition-du-salon-bio-expo-du-25-au-27-avril-a-tunis\/#breadcrumb\",\"itemListElement\":[{\"@type\":\"ListItem\",\"position\":1,\"name\":\"Accueil\",\"item\":\"https:\/\/kapitalis.com\/tunisie\/\"},{\"@type\":\"ListItem\",\"position\":2,\"name\":\"La 14e \u00e9dition du salon Bio Expo du 25 au 27 avril \u00e0 Tunis\"}]},{\"@type\":\"WebSite\",\"@id\":\"https:\/\/kapitalis.com\/tunisie\/#website\",\"url\":\"https:\/\/kapitalis.com\/tunisie\/\",\"name\":\"Kapitalis\",\"description\":\"L&#039;actualit\u00e9 en Tunisie et dans le monde\",\"publisher\":{\"@id\":\"https:\/\/kapitalis.com\/tunisie\/#organization\"},\"potentialAction\":[{\"@type\":\"SearchAction\",\"target\":{\"@type\":\"EntryPoint\",\"urlTemplate\":\"https:\/\/kapitalis.com\/tunisie\/?s={search_term_string}\"},\"query-input\":{\"@type\":\"PropertyValueSpecification\",\"valueRequired\":true,\"valueName\":\"search_term_string\"}}],\"inLanguage\":\"fr-FR\"},{\"@type\":\"Organization\",\"@id\":\"https:\/\/kapitalis.com\/tunisie\/#organization\",\"name\":\"Kapitalis\",\"url\":\"https:\/\/kapitalis.com\/tunisie\/\",\"logo\":{\"@type\":\"ImageObject\",\"inLanguage\":\"fr-FR\",\"@id\":\"https:\/\/kapitalis.com\/tunisie\/#\/schema\/logo\/image\/\",\"url\":\"https:\/\/kapitalis.com\/tunisie\/wp-content\/uploads\/2022\/05\/Kapitalis-big-size.png\",\"contentUrl\":\"https:\/\/kapitalis.com\/tunisie\/wp-content\/uploads\/2022\/05\/Kapitalis-big-size.png\",\"width\":5000,\"height\":1500,\"caption\":\"Kapitalis\"},\"image\":{\"@id\":\"https:\/\/kapitalis.com\/tunisie\/#\/schema\/logo\/image\/\"},\"sameAs\":[\"https:\/\/www.facebook.com\/KapitalisInfo\/\",\"https:\/\/x.com\/KapitalisInfo\",\"https:\/\/www.youtube.com\/channel\/UC-yDYrHyfFBWWZaOw3FPg9Q\"]},{\"@type\":\"Person\",\"@id\":\"https:\/\/kapitalis.com\/tunisie\/#\/schema\/person\/d71f33a9ca44f7bad4698210b480c8e9\",\"name\":\"webmaster kapitalis\",\"url\":\"https:\/\/kapitalis.com\/tunisie\/author\/webmaster-kapitalis\/\"}]}<\/script>\n<!-- \/ Yoast SEO plugin. -->","yoast_head_json":{"title":"La 14e \u00e9dition du salon Bio Expo du 25 au 27 avril \u00e0 Tunis - Kapitalis","robots":{"index":"index","follow":"follow","max-snippet":"max-snippet:-1","max-image-preview":"max-image-preview:large","max-video-preview":"max-video-preview:-1"},"canonical":"https:\/\/kapitalis.com\/tunisie\/2024\/04\/25\/la-14e-edition-du-salon-bio-expo-du-25-au-27-avril-a-tunis\/","og_locale":"fr_FR","og_type":"article","og_title":"La 14e \u00e9dition du salon Bio Expo du 25 au 27 avril \u00e0 Tunis - Kapitalis","og_description":"La quatorzi\u00e8me \u00e9dition de Bio Expo se tiendra du 25 au 27 avril 2024 \u00e0 Tunis.","og_url":"https:\/\/kapitalis.com\/tunisie\/2024\/04\/25\/la-14e-edition-du-salon-bio-expo-du-25-au-27-avril-a-tunis\/","og_site_name":"Kapitalis","article_publisher":"https:\/\/www.facebook.com\/KapitalisInfo\/","article_published_time":"2024-04-25T06:39:22+00:00","article_modified_time":"2024-04-25T06:39:24+00:00","og_image":[{"width":1200,"height":630,"url":"https:\/\/kapitalis.com\/tunisie\/wp-content\/uploads\/2024\/04\/Bio-Expo.jpg","type":"image\/jpeg"}],"author":"webmaster kapitalis","twitter_card":"summary_large_image","twitter_creator":"@KapitalisInfo","twitter_site":"@KapitalisInfo","twitter_misc":{"\u00c9crit par":"webmaster kapitalis","Dur\u00e9e de lecture estim\u00e9e":"2 minutes"},"schema":{"@context":"https:\/\/schema.org","@graph":[{"@type":"Article","@id":"https:\/\/kapitalis.com\/tunisie\/2024\/04\/25\/la-14e-edition-du-salon-bio-expo-du-25-au-27-avril-a-tunis\/#article","isPartOf":{"@id":"https:\/\/kapitalis.com\/tunisie\/2024\/04\/25\/la-14e-edition-du-salon-bio-expo-du-25-au-27-avril-a-tunis\/"},"author":{"name":"webmaster kapitalis","@id":"https:\/\/kapitalis.com\/tunisie\/#\/schema\/person\/d71f33a9ca44f7bad4698210b480c8e9"},"headline":"La 14e \u00e9dition du salon Bio Expo du 25 au 27 avril \u00e0 Tunis","datePublished":"2024-04-25T06:39:22+00:00","dateModified":"2024-04-25T06:39:24+00:00","mainEntityOfPage":{"@id":"https:\/\/kapitalis.com\/tunisie\/2024\/04\/25\/la-14e-edition-du-salon-bio-expo-du-25-au-27-avril-a-tunis\/"},"wordCount":307,"commentCount":0,"publisher":{"@id":"https:\/\/kapitalis.com\/tunisie\/#organization"},"image":{"@id":"https:\/\/kapitalis.com\/tunisie\/2024\/04\/25\/la-14e-edition-du-salon-bio-expo-du-25-au-27-avril-a-tunis\/#primaryimage"},"thumbnailUrl":"https:\/\/kapitalis.com\/tunisie\/wp-content\/uploads\/2024\/04\/Bio-Expo.jpg","keywords":["agriculture biologique","agroalimentaire","Bio Expo","harissa","huile d\u2019olive","Lamia Oueslati","olives","Tunisie"],"articleSection":["ECONOMIE","Tunisie"],"inLanguage":"fr-FR","potentialAction":[{"@type":"CommentAction","name":"Comment","target":["https:\/\/kapitalis.com\/tunisie\/2024\/04\/25\/la-14e-edition-du-salon-bio-expo-du-25-au-27-avril-a-tunis\/#respond"]}]},{"@type":"WebPage","@id":"https:\/\/kapitalis.com\/tunisie\/2024\/04\/25\/la-14e-edition-du-salon-bio-expo-du-25-au-27-avril-a-tunis\/","url":"https:\/\/kapitalis.com\/tunisie\/2024\/04\/25\/la-14e-edition-du-salon-bio-expo-du-25-au-27-avril-a-tunis\/","name":"La 14e \u00e9dition du salon Bio Expo du 25 au 27 avril \u00e0 Tunis - Kapitalis","isPartOf":{"@id":"https:\/\/kapitalis.com\/tunisie\/#website"},"primaryImageOfPage":{"@id":"https:\/\/kapitalis.com\/tunisie\/2024\/04\/25\/la-14e-edition-du-salon-bio-expo-du-25-au-27-avril-a-tunis\/#primaryimage"},"image":{"@id":"https:\/\/kapitalis.com\/tunisie\/2024\/04\/25\/la-14e-edition-du-salon-bio-expo-du-25-au-27-avril-a-tunis\/#primaryimage"},"thumbnailUrl":"https:\/\/kapitalis.com\/tunisie\/wp-content\/uploads\/2024\/04\/Bio-Expo.jpg","datePublished":"2024-04-25T06:39:22+00:00","dateModified":"2024-04-25T06:39:24+00:00","breadcrumb":{"@id":"https:\/\/kapitalis.com\/tunisie\/2024\/04\/25\/la-14e-edition-du-salon-bio-expo-du-25-au-27-avril-a-tunis\/#breadcrumb"},"inLanguage":"fr-FR","potentialAction":[{"@type":"ReadAction","target":["https:\/\/kapitalis.com\/tunisie\/2024\/04\/25\/la-14e-edition-du-salon-bio-expo-du-25-au-27-avril-a-tunis\/"]}]},{"@type":"ImageObject","inLanguage":"fr-FR","@id":"https:\/\/kapitalis.com\/tunisie\/2024\/04\/25\/la-14e-edition-du-salon-bio-expo-du-25-au-27-avril-a-tunis\/#primaryimage","url":"https:\/\/kapitalis.com\/tunisie\/wp-content\/uploads\/2024\/04\/Bio-Expo.jpg","contentUrl":"https:\/\/kapitalis.com\/tunisie\/wp-content\/uploads\/2024\/04\/Bio-Expo.jpg","width":1200,"height":630},{"@type":"BreadcrumbList","@id":"https:\/\/kapitalis.com\/tunisie\/2024\/04\/25\/la-14e-edition-du-salon-bio-expo-du-25-au-27-avril-a-tunis\/#breadcrumb","itemListElement":[{"@type":"ListItem","position":1,"name":"Accueil","item":"https:\/\/kapitalis.com\/tunisie\/"},{"@type":"ListItem","position":2,"name":"La 14e \u00e9dition du salon Bio Expo du 25 au 27 avril \u00e0 Tunis"}]},{"@type":"WebSite","@id":"https:\/\/kapitalis.com\/tunisie\/#website","url":"https:\/\/kapitalis.com\/tunisie\/","name":"Kapitalis","description":"L&#039;actualit\u00e9 en Tunisie et dans le monde","publisher":{"@id":"https:\/\/kapitalis.com\/tunisie\/#organization"},"potentialAction":[{"@type":"SearchAction","target":{"@type":"EntryPoint","urlTemplate":"https:\/\/kapitalis.com\/tunisie\/?s={search_term_string}"},"query-input":{"@type":"PropertyValueSpecification","valueRequired":true,"valueName":"search_term_string"}}],"inLanguage":"fr-FR"},{"@type":"Organization","@id":"https:\/\/kapitalis.com\/tunisie\/#organization","name":"Kapitalis","url":"https:\/\/kapitalis.com\/tunisie\/","logo":{"@type":"ImageObject","inLanguage":"fr-FR","@id":"https:\/\/kapitalis.com\/tunisie\/#\/schema\/logo\/image\/","url":"https:\/\/kapitalis.com\/tunisie\/wp-content\/uploads\/2022\/05\/Kapitalis-big-size.png","contentUrl":"https:\/\/kapitalis.com\/tunisie\/wp-content\/uploads\/2022\/05\/Kapitalis-big-size.png","width":5000,"height":1500,"caption":"Kapitalis"},"image":{"@id":"https:\/\/kapitalis.com\/tunisie\/#\/schema\/logo\/image\/"},"sameAs":["https:\/\/www.facebook.com\/KapitalisInfo\/","https:\/\/x.com\/KapitalisInfo","https:\/\/www.youtube.com\/channel\/UC-yDYrHyfFBWWZaOw3FPg9Q"]},{"@type":"Person","@id":"https:\/\/kapitalis.com\/tunisie\/#\/schema\/person\/d71f33a9ca44f7bad4698210b480c8e9","name":"webmaster kapitalis","url":"https:\/\/kapitalis.com\/tunisie\/author\/webmaster-kapitalis\/"}]}},"_links":{"self":[{"href":"https:\/\/kapitalis.com\/tunisie\/wp-json\/wp\/v2\/posts\/12572997","targetHints":{"allow":["GET"]}}],"collection":[{"href":"https:\/\/kapitalis.com\/tunisie\/wp-json\/wp\/v2\/posts"}],"about":[{"href":"https:\/\/kapitalis.com\/tunisie\/wp-json\/wp\/v2\/types\/post"}],"author":[{"embeddable":true,"href":"https:\/\/kapitalis.com\/tunisie\/wp-json\/wp\/v2\/users\/8"}],"replies":[{"embeddable":true,"href":"https:\/\/kapitalis.com\/tunisie\/wp-json\/wp\/v2\/comments?post=12572997"}],"version-history":[{"count":1,"href":"https:\/\/kapitalis.com\/tunisie\/wp-json\/wp\/v2\/posts\/12572997\/revisions"}],"predecessor-version":[{"id":12573067,"href":"https:\/\/kapitalis.com\/tunisie\/wp-json\/wp\/v2\/posts\/12572997\/revisions\/12573067"}],"wp:featuredmedia":[{"embeddable":true,"href":"https:\/\/kapitalis.com\/tunisie\/wp-json\/wp\/v2\/media\/12573050"}],"wp:attachment":[{"href":"https:\/\/kapitalis.com\/tunisie\/wp-json\/wp\/v2\/media?parent=12572997"}],"wp:term":[{"taxonomy":"category","embeddable":true,"href":"https:\/\/kapitalis.com\/tunisie\/wp-json\/wp\/v2\/categories?post=12572997"},{"taxonomy":"post_tag","embeddable":true,"href":"https:\/\/kapitalis.com\/tunisie\/wp-json\/wp\/v2\/tags?post=12572997"}],"curies":[{"name":"wp","href":"https:\/\/api.w.org\/{rel}","templated":true}]}}