{"id":12595868,"date":"2024-04-26T07:17:00","date_gmt":"2024-04-26T06:17:00","guid":{"rendered":"https:\/\/kapitalis.com\/tunisie\/?p=12595868"},"modified":"2024-04-26T07:17:54","modified_gmt":"2024-04-26T06:17:54","slug":"soiree-de-jazz-au-goethe-institut-de-tunis","status":"publish","type":"post","link":"https:\/\/kapitalis.com\/tunisie\/2024\/04\/26\/soiree-de-jazz-au-goethe-institut-de-tunis\/","title":{"rendered":"Soir\u00e9e de jazz au Goethe-Institut de Tunis"},"content":{"rendered":"\n<p><strong><em>\u00c0 l\u00b4occasion de la journ\u00e9e internationale du jazz, le Goethe-Institut Tunis organise une soir\u00e9e exceptionnelle avec Omar El Ouaer Trio, compos\u00e9 d\u2019Omar El Ouaer au piano, Aymen Boujlida \u00e0 la batterie, Fawzi Chekili \u00e0 la guitare, Alia Sellami au chant.<\/em><\/strong><\/p>\n\n\n\n<!--more-->\n\n\n\n<p>Ensemble, ils transporteront dans les amateurs du jazz dans l\u2019univers magique de ce genre musical universel, m\u00ealant harmonieusement leurs talents pour cr\u00e9er une atmosph\u00e8re unique.<\/p>\n\n\n\n<p>Rendez-vous le jeudi 2 mai 2024 \u00e0 20h au jardin du Goethe-Institut Tunis www.goethe.de\/tunisie, au 6, Rue du S\u00e9n\u00e9gal Belv\u00e9d\u00e8re-Tunis, pour une soir\u00e9e qui promet d\u2019\u00eatre m\u00e9morable.<\/p>\n\n\n\n<p>Entr\u00e9e libre et gratuite.<\/p>\n\n\n\n<p>Boycott\u00e9 ces derniers temps par les Tunisiens, qui ne pardonnent pas \u00e0 l&rsquo;Allemagne officielle ses positions hostiles aux Palestiniens, victimes d&rsquo;un g\u00e9nocide perp\u00e9tr\u00e9 par les Isra\u00e9liens depuis le 7 octobre dernier \u00e0 Gaza, Goethe-Institut Tunis esp\u00e8re renouer, \u00e0 cet occasion, avec sa client\u00e8le habituelle. Bonne chance pour les musiciens! <\/p>\n\n\n\n<p class=\"has-text-align-right\"><strong>I. B. <\/strong><\/p>\n","protected":false},"excerpt":{"rendered":"<p>Soir\u00e9e de jazz au Goethe-Institut de Tunis avec Omar El Ouaer, Aymen Boujlida, Fawzi Chekili  et Alia Sellami.<\/p>\n","protected":false},"author":8,"featured_media":12595880,"comment_status":"open","ping_status":"open","sticky":false,"template":"","format":"standard","meta":{"footnotes":""},"categories":[994,2433],"tags":[102119,1096,115236,115237,22212,19362,115235],"class_list":["post-12595868","post","type-post","status-publish","format-standard","has-post-thumbnail","hentry","category-culture","category-tunisie","tag-alia-sellami","tag-allemagne","tag-aymen-boujlida","tag-fawzi-chekili","tag-goethe-institut-tunis","tag-jazz","tag-omar-el-ouaer-2"],"yoast_head":"<!-- This site is optimized with the Yoast SEO plugin v26.6 - https:\/\/yoast.com\/wordpress\/plugins\/seo\/ -->\n<title>Soir\u00e9e de jazz au Goethe-Institut de Tunis - Kapitalis<\/title>\n<meta name=\"robots\" content=\"index, follow, max-snippet:-1, max-image-preview:large, max-video-preview:-1\" \/>\n<link rel=\"canonical\" href=\"https:\/\/kapitalis.com\/tunisie\/2024\/04\/26\/soiree-de-jazz-au-goethe-institut-de-tunis\/\" \/>\n<meta property=\"og:locale\" content=\"fr_FR\" \/>\n<meta property=\"og:type\" content=\"article\" \/>\n<meta property=\"og:title\" content=\"Soir\u00e9e de jazz au Goethe-Institut de Tunis - Kapitalis\" \/>\n<meta property=\"og:description\" content=\"Soir\u00e9e de jazz au Goethe-Institut de Tunis avec Omar El Ouaer, Aymen Boujlida, Fawzi Chekili et Alia Sellami.\" \/>\n<meta property=\"og:url\" content=\"https:\/\/kapitalis.com\/tunisie\/2024\/04\/26\/soiree-de-jazz-au-goethe-institut-de-tunis\/\" \/>\n<meta property=\"og:site_name\" content=\"Kapitalis\" \/>\n<meta property=\"article:publisher\" content=\"https:\/\/www.facebook.com\/KapitalisInfo\/\" \/>\n<meta property=\"article:published_time\" content=\"2024-04-26T06:17:00+00:00\" \/>\n<meta property=\"article:modified_time\" content=\"2024-04-26T06:17:54+00:00\" \/>\n<meta property=\"og:image\" content=\"https:\/\/kapitalis.com\/tunisie\/wp-content\/uploads\/2024\/04\/Omar-El-Ouaer.jpg\" \/>\n\t<meta property=\"og:image:width\" content=\"1200\" \/>\n\t<meta property=\"og:image:height\" content=\"630\" \/>\n\t<meta property=\"og:image:type\" content=\"image\/jpeg\" \/>\n<meta name=\"author\" content=\"webmaster kapitalis\" \/>\n<meta name=\"twitter:card\" content=\"summary_large_image\" \/>\n<meta name=\"twitter:creator\" content=\"@KapitalisInfo\" \/>\n<meta name=\"twitter:site\" content=\"@KapitalisInfo\" \/>\n<meta name=\"twitter:label1\" content=\"\u00c9crit par\" \/>\n\t<meta name=\"twitter:data1\" content=\"webmaster kapitalis\" \/>\n\t<meta name=\"twitter:label2\" content=\"Dur\u00e9e de lecture estim\u00e9e\" \/>\n\t<meta name=\"twitter:data2\" content=\"1 minute\" \/>\n<script type=\"application\/ld+json\" class=\"yoast-schema-graph\">{\"@context\":\"https:\/\/schema.org\",\"@graph\":[{\"@type\":\"Article\",\"@id\":\"https:\/\/kapitalis.com\/tunisie\/2024\/04\/26\/soiree-de-jazz-au-goethe-institut-de-tunis\/#article\",\"isPartOf\":{\"@id\":\"https:\/\/kapitalis.com\/tunisie\/2024\/04\/26\/soiree-de-jazz-au-goethe-institut-de-tunis\/\"},\"author\":{\"name\":\"webmaster kapitalis\",\"@id\":\"https:\/\/kapitalis.com\/tunisie\/#\/schema\/person\/d71f33a9ca44f7bad4698210b480c8e9\"},\"headline\":\"Soir\u00e9e de jazz au Goethe-Institut de Tunis\",\"datePublished\":\"2024-04-26T06:17:00+00:00\",\"dateModified\":\"2024-04-26T06:17:54+00:00\",\"mainEntityOfPage\":{\"@id\":\"https:\/\/kapitalis.com\/tunisie\/2024\/04\/26\/soiree-de-jazz-au-goethe-institut-de-tunis\/\"},\"wordCount\":168,\"commentCount\":0,\"publisher\":{\"@id\":\"https:\/\/kapitalis.com\/tunisie\/#organization\"},\"image\":{\"@id\":\"https:\/\/kapitalis.com\/tunisie\/2024\/04\/26\/soiree-de-jazz-au-goethe-institut-de-tunis\/#primaryimage\"},\"thumbnailUrl\":\"https:\/\/kapitalis.com\/tunisie\/wp-content\/uploads\/2024\/04\/Omar-El-Ouaer.jpg\",\"keywords\":[\"Alia Sellami\",\"Allemagne\",\"Aymen Boujlida\",\"Fawzi Chekili\",\"Goethe-Institut Tunis\",\"jazz\",\"Omar El Ouaer\"],\"articleSection\":[\"CULTURE\",\"Tunisie\"],\"inLanguage\":\"fr-FR\",\"potentialAction\":[{\"@type\":\"CommentAction\",\"name\":\"Comment\",\"target\":[\"https:\/\/kapitalis.com\/tunisie\/2024\/04\/26\/soiree-de-jazz-au-goethe-institut-de-tunis\/#respond\"]}]},{\"@type\":\"WebPage\",\"@id\":\"https:\/\/kapitalis.com\/tunisie\/2024\/04\/26\/soiree-de-jazz-au-goethe-institut-de-tunis\/\",\"url\":\"https:\/\/kapitalis.com\/tunisie\/2024\/04\/26\/soiree-de-jazz-au-goethe-institut-de-tunis\/\",\"name\":\"Soir\u00e9e de jazz au Goethe-Institut de Tunis - Kapitalis\",\"isPartOf\":{\"@id\":\"https:\/\/kapitalis.com\/tunisie\/#website\"},\"primaryImageOfPage\":{\"@id\":\"https:\/\/kapitalis.com\/tunisie\/2024\/04\/26\/soiree-de-jazz-au-goethe-institut-de-tunis\/#primaryimage\"},\"image\":{\"@id\":\"https:\/\/kapitalis.com\/tunisie\/2024\/04\/26\/soiree-de-jazz-au-goethe-institut-de-tunis\/#primaryimage\"},\"thumbnailUrl\":\"https:\/\/kapitalis.com\/tunisie\/wp-content\/uploads\/2024\/04\/Omar-El-Ouaer.jpg\",\"datePublished\":\"2024-04-26T06:17:00+00:00\",\"dateModified\":\"2024-04-26T06:17:54+00:00\",\"breadcrumb\":{\"@id\":\"https:\/\/kapitalis.com\/tunisie\/2024\/04\/26\/soiree-de-jazz-au-goethe-institut-de-tunis\/#breadcrumb\"},\"inLanguage\":\"fr-FR\",\"potentialAction\":[{\"@type\":\"ReadAction\",\"target\":[\"https:\/\/kapitalis.com\/tunisie\/2024\/04\/26\/soiree-de-jazz-au-goethe-institut-de-tunis\/\"]}]},{\"@type\":\"ImageObject\",\"inLanguage\":\"fr-FR\",\"@id\":\"https:\/\/kapitalis.com\/tunisie\/2024\/04\/26\/soiree-de-jazz-au-goethe-institut-de-tunis\/#primaryimage\",\"url\":\"https:\/\/kapitalis.com\/tunisie\/wp-content\/uploads\/2024\/04\/Omar-El-Ouaer.jpg\",\"contentUrl\":\"https:\/\/kapitalis.com\/tunisie\/wp-content\/uploads\/2024\/04\/Omar-El-Ouaer.jpg\",\"width\":1200,\"height\":630},{\"@type\":\"BreadcrumbList\",\"@id\":\"https:\/\/kapitalis.com\/tunisie\/2024\/04\/26\/soiree-de-jazz-au-goethe-institut-de-tunis\/#breadcrumb\",\"itemListElement\":[{\"@type\":\"ListItem\",\"position\":1,\"name\":\"Accueil\",\"item\":\"https:\/\/kapitalis.com\/tunisie\/\"},{\"@type\":\"ListItem\",\"position\":2,\"name\":\"Soir\u00e9e de jazz au Goethe-Institut de Tunis\"}]},{\"@type\":\"WebSite\",\"@id\":\"https:\/\/kapitalis.com\/tunisie\/#website\",\"url\":\"https:\/\/kapitalis.com\/tunisie\/\",\"name\":\"Kapitalis\",\"description\":\"L&#039;actualit\u00e9 en Tunisie et dans le monde\",\"publisher\":{\"@id\":\"https:\/\/kapitalis.com\/tunisie\/#organization\"},\"potentialAction\":[{\"@type\":\"SearchAction\",\"target\":{\"@type\":\"EntryPoint\",\"urlTemplate\":\"https:\/\/kapitalis.com\/tunisie\/?s={search_term_string}\"},\"query-input\":{\"@type\":\"PropertyValueSpecification\",\"valueRequired\":true,\"valueName\":\"search_term_string\"}}],\"inLanguage\":\"fr-FR\"},{\"@type\":\"Organization\",\"@id\":\"https:\/\/kapitalis.com\/tunisie\/#organization\",\"name\":\"Kapitalis\",\"url\":\"https:\/\/kapitalis.com\/tunisie\/\",\"logo\":{\"@type\":\"ImageObject\",\"inLanguage\":\"fr-FR\",\"@id\":\"https:\/\/kapitalis.com\/tunisie\/#\/schema\/logo\/image\/\",\"url\":\"https:\/\/kapitalis.com\/tunisie\/wp-content\/uploads\/2022\/05\/Kapitalis-big-size.png\",\"contentUrl\":\"https:\/\/kapitalis.com\/tunisie\/wp-content\/uploads\/2022\/05\/Kapitalis-big-size.png\",\"width\":5000,\"height\":1500,\"caption\":\"Kapitalis\"},\"image\":{\"@id\":\"https:\/\/kapitalis.com\/tunisie\/#\/schema\/logo\/image\/\"},\"sameAs\":[\"https:\/\/www.facebook.com\/KapitalisInfo\/\",\"https:\/\/x.com\/KapitalisInfo\",\"https:\/\/www.youtube.com\/channel\/UC-yDYrHyfFBWWZaOw3FPg9Q\"]},{\"@type\":\"Person\",\"@id\":\"https:\/\/kapitalis.com\/tunisie\/#\/schema\/person\/d71f33a9ca44f7bad4698210b480c8e9\",\"name\":\"webmaster kapitalis\",\"url\":\"https:\/\/kapitalis.com\/tunisie\/author\/webmaster-kapitalis\/\"}]}<\/script>\n<!-- \/ Yoast SEO plugin. -->","yoast_head_json":{"title":"Soir\u00e9e de jazz au Goethe-Institut de Tunis - Kapitalis","robots":{"index":"index","follow":"follow","max-snippet":"max-snippet:-1","max-image-preview":"max-image-preview:large","max-video-preview":"max-video-preview:-1"},"canonical":"https:\/\/kapitalis.com\/tunisie\/2024\/04\/26\/soiree-de-jazz-au-goethe-institut-de-tunis\/","og_locale":"fr_FR","og_type":"article","og_title":"Soir\u00e9e de jazz au Goethe-Institut de Tunis - Kapitalis","og_description":"Soir\u00e9e de jazz au Goethe-Institut de Tunis avec Omar El Ouaer, Aymen Boujlida, Fawzi Chekili et Alia Sellami.","og_url":"https:\/\/kapitalis.com\/tunisie\/2024\/04\/26\/soiree-de-jazz-au-goethe-institut-de-tunis\/","og_site_name":"Kapitalis","article_publisher":"https:\/\/www.facebook.com\/KapitalisInfo\/","article_published_time":"2024-04-26T06:17:00+00:00","article_modified_time":"2024-04-26T06:17:54+00:00","og_image":[{"width":1200,"height":630,"url":"https:\/\/kapitalis.com\/tunisie\/wp-content\/uploads\/2024\/04\/Omar-El-Ouaer.jpg","type":"image\/jpeg"}],"author":"webmaster kapitalis","twitter_card":"summary_large_image","twitter_creator":"@KapitalisInfo","twitter_site":"@KapitalisInfo","twitter_misc":{"\u00c9crit par":"webmaster kapitalis","Dur\u00e9e de lecture estim\u00e9e":"1 minute"},"schema":{"@context":"https:\/\/schema.org","@graph":[{"@type":"Article","@id":"https:\/\/kapitalis.com\/tunisie\/2024\/04\/26\/soiree-de-jazz-au-goethe-institut-de-tunis\/#article","isPartOf":{"@id":"https:\/\/kapitalis.com\/tunisie\/2024\/04\/26\/soiree-de-jazz-au-goethe-institut-de-tunis\/"},"author":{"name":"webmaster kapitalis","@id":"https:\/\/kapitalis.com\/tunisie\/#\/schema\/person\/d71f33a9ca44f7bad4698210b480c8e9"},"headline":"Soir\u00e9e de jazz au Goethe-Institut de Tunis","datePublished":"2024-04-26T06:17:00+00:00","dateModified":"2024-04-26T06:17:54+00:00","mainEntityOfPage":{"@id":"https:\/\/kapitalis.com\/tunisie\/2024\/04\/26\/soiree-de-jazz-au-goethe-institut-de-tunis\/"},"wordCount":168,"commentCount":0,"publisher":{"@id":"https:\/\/kapitalis.com\/tunisie\/#organization"},"image":{"@id":"https:\/\/kapitalis.com\/tunisie\/2024\/04\/26\/soiree-de-jazz-au-goethe-institut-de-tunis\/#primaryimage"},"thumbnailUrl":"https:\/\/kapitalis.com\/tunisie\/wp-content\/uploads\/2024\/04\/Omar-El-Ouaer.jpg","keywords":["Alia Sellami","Allemagne","Aymen Boujlida","Fawzi Chekili","Goethe-Institut Tunis","jazz","Omar El Ouaer"],"articleSection":["CULTURE","Tunisie"],"inLanguage":"fr-FR","potentialAction":[{"@type":"CommentAction","name":"Comment","target":["https:\/\/kapitalis.com\/tunisie\/2024\/04\/26\/soiree-de-jazz-au-goethe-institut-de-tunis\/#respond"]}]},{"@type":"WebPage","@id":"https:\/\/kapitalis.com\/tunisie\/2024\/04\/26\/soiree-de-jazz-au-goethe-institut-de-tunis\/","url":"https:\/\/kapitalis.com\/tunisie\/2024\/04\/26\/soiree-de-jazz-au-goethe-institut-de-tunis\/","name":"Soir\u00e9e de jazz au Goethe-Institut de Tunis - Kapitalis","isPartOf":{"@id":"https:\/\/kapitalis.com\/tunisie\/#website"},"primaryImageOfPage":{"@id":"https:\/\/kapitalis.com\/tunisie\/2024\/04\/26\/soiree-de-jazz-au-goethe-institut-de-tunis\/#primaryimage"},"image":{"@id":"https:\/\/kapitalis.com\/tunisie\/2024\/04\/26\/soiree-de-jazz-au-goethe-institut-de-tunis\/#primaryimage"},"thumbnailUrl":"https:\/\/kapitalis.com\/tunisie\/wp-content\/uploads\/2024\/04\/Omar-El-Ouaer.jpg","datePublished":"2024-04-26T06:17:00+00:00","dateModified":"2024-04-26T06:17:54+00:00","breadcrumb":{"@id":"https:\/\/kapitalis.com\/tunisie\/2024\/04\/26\/soiree-de-jazz-au-goethe-institut-de-tunis\/#breadcrumb"},"inLanguage":"fr-FR","potentialAction":[{"@type":"ReadAction","target":["https:\/\/kapitalis.com\/tunisie\/2024\/04\/26\/soiree-de-jazz-au-goethe-institut-de-tunis\/"]}]},{"@type":"ImageObject","inLanguage":"fr-FR","@id":"https:\/\/kapitalis.com\/tunisie\/2024\/04\/26\/soiree-de-jazz-au-goethe-institut-de-tunis\/#primaryimage","url":"https:\/\/kapitalis.com\/tunisie\/wp-content\/uploads\/2024\/04\/Omar-El-Ouaer.jpg","contentUrl":"https:\/\/kapitalis.com\/tunisie\/wp-content\/uploads\/2024\/04\/Omar-El-Ouaer.jpg","width":1200,"height":630},{"@type":"BreadcrumbList","@id":"https:\/\/kapitalis.com\/tunisie\/2024\/04\/26\/soiree-de-jazz-au-goethe-institut-de-tunis\/#breadcrumb","itemListElement":[{"@type":"ListItem","position":1,"name":"Accueil","item":"https:\/\/kapitalis.com\/tunisie\/"},{"@type":"ListItem","position":2,"name":"Soir\u00e9e de jazz au Goethe-Institut de Tunis"}]},{"@type":"WebSite","@id":"https:\/\/kapitalis.com\/tunisie\/#website","url":"https:\/\/kapitalis.com\/tunisie\/","name":"Kapitalis","description":"L&#039;actualit\u00e9 en Tunisie et dans le monde","publisher":{"@id":"https:\/\/kapitalis.com\/tunisie\/#organization"},"potentialAction":[{"@type":"SearchAction","target":{"@type":"EntryPoint","urlTemplate":"https:\/\/kapitalis.com\/tunisie\/?s={search_term_string}"},"query-input":{"@type":"PropertyValueSpecification","valueRequired":true,"valueName":"search_term_string"}}],"inLanguage":"fr-FR"},{"@type":"Organization","@id":"https:\/\/kapitalis.com\/tunisie\/#organization","name":"Kapitalis","url":"https:\/\/kapitalis.com\/tunisie\/","logo":{"@type":"ImageObject","inLanguage":"fr-FR","@id":"https:\/\/kapitalis.com\/tunisie\/#\/schema\/logo\/image\/","url":"https:\/\/kapitalis.com\/tunisie\/wp-content\/uploads\/2022\/05\/Kapitalis-big-size.png","contentUrl":"https:\/\/kapitalis.com\/tunisie\/wp-content\/uploads\/2022\/05\/Kapitalis-big-size.png","width":5000,"height":1500,"caption":"Kapitalis"},"image":{"@id":"https:\/\/kapitalis.com\/tunisie\/#\/schema\/logo\/image\/"},"sameAs":["https:\/\/www.facebook.com\/KapitalisInfo\/","https:\/\/x.com\/KapitalisInfo","https:\/\/www.youtube.com\/channel\/UC-yDYrHyfFBWWZaOw3FPg9Q"]},{"@type":"Person","@id":"https:\/\/kapitalis.com\/tunisie\/#\/schema\/person\/d71f33a9ca44f7bad4698210b480c8e9","name":"webmaster kapitalis","url":"https:\/\/kapitalis.com\/tunisie\/author\/webmaster-kapitalis\/"}]}},"_links":{"self":[{"href":"https:\/\/kapitalis.com\/tunisie\/wp-json\/wp\/v2\/posts\/12595868","targetHints":{"allow":["GET"]}}],"collection":[{"href":"https:\/\/kapitalis.com\/tunisie\/wp-json\/wp\/v2\/posts"}],"about":[{"href":"https:\/\/kapitalis.com\/tunisie\/wp-json\/wp\/v2\/types\/post"}],"author":[{"embeddable":true,"href":"https:\/\/kapitalis.com\/tunisie\/wp-json\/wp\/v2\/users\/8"}],"replies":[{"embeddable":true,"href":"https:\/\/kapitalis.com\/tunisie\/wp-json\/wp\/v2\/comments?post=12595868"}],"version-history":[{"count":3,"href":"https:\/\/kapitalis.com\/tunisie\/wp-json\/wp\/v2\/posts\/12595868\/revisions"}],"predecessor-version":[{"id":12595901,"href":"https:\/\/kapitalis.com\/tunisie\/wp-json\/wp\/v2\/posts\/12595868\/revisions\/12595901"}],"wp:featuredmedia":[{"embeddable":true,"href":"https:\/\/kapitalis.com\/tunisie\/wp-json\/wp\/v2\/media\/12595880"}],"wp:attachment":[{"href":"https:\/\/kapitalis.com\/tunisie\/wp-json\/wp\/v2\/media?parent=12595868"}],"wp:term":[{"taxonomy":"category","embeddable":true,"href":"https:\/\/kapitalis.com\/tunisie\/wp-json\/wp\/v2\/categories?post=12595868"},{"taxonomy":"post_tag","embeddable":true,"href":"https:\/\/kapitalis.com\/tunisie\/wp-json\/wp\/v2\/tags?post=12595868"}],"curies":[{"name":"wp","href":"https:\/\/api.w.org\/{rel}","templated":true}]}}