{"id":126000,"date":"2017-11-29T18:40:09","date_gmt":"2017-11-29T17:40:09","guid":{"rendered":"http:\/\/kapitalis.com\/tunisie\/?p=126000"},"modified":"2017-11-29T18:40:09","modified_gmt":"2017-11-29T17:40:09","slug":"prison-de-mornaguia-les-dessous-dune-greve-de-la-faim","status":"publish","type":"post","link":"https:\/\/kapitalis.com\/tunisie\/2017\/11\/29\/prison-de-mornaguia-les-dessous-dune-greve-de-la-faim\/","title":{"rendered":"Prison de Mornaguia : Les dessous d&rsquo;une gr\u00e8ve de la faim"},"content":{"rendered":"<p style=\"text-align: center;\"><img loading=\"lazy\" decoding=\"async\" class=\"alignnone size-full wp-image-126003\" src=\"http:\/\/kapitalis.com\/tunisie\/wp-content\/uploads\/2017\/11\/prison-d\u00e9tenus-t\u00e9rrorisme-.jpg\" alt=\"\" width=\"626\" height=\"380\" \/><\/p>\n<p><em><strong>Condamn\u00e9s dans des affaires terroristes, 80 d\u00e9tenus de la prison de Mornaguia observent, depuis 2 jours, une gr\u00e8ve de la faim. Explications&#8230;<\/strong><\/em><!--more--><\/p>\n<p>Une source aupr\u00e8s de la direction des prisons relevant du minist\u00e8re de la Justice a indiqu\u00e9 \u00e0 Kapitalis, aujourd&rsquo;hui, mercredi 29 novembre 2017, que, contrairement \u00e0 ce qui est relay\u00e9 par des r\u00e9seaux islamistes sur le net, les prisonniers ne font pas la gr\u00e8ve de la faim pour d\u00e9noncer des cas de torture et encore moins le d\u00e9c\u00e8s d\u2019un cod\u00e9tenu, comme ils le pr\u00e9tendent, mais parce qu&rsquo;ils veulent b\u00e9n\u00e9ficier d\u2019un traitement non conforme aux r\u00e8glements. \u00ab<em>Nous n&rsquo;avons enregistr\u00e9 aucun d\u00e9c\u00e8s, ni aucun cas de torture dans la prison\u00bb,<\/em>\u00a0a soulign\u00e9 la m\u00eame source.<\/p>\n<p>Les gr\u00e9vistes r\u00e9clament,\u00a0notamment, certains droits lors des visites des parloirs sp\u00e9ciaux, la possibilit\u00e9 de choisir leur cellule et autres faveurs du m\u00eame genre, qui ne sont par ailleurs accord\u00e9es \u00e0 aucun d\u00e9tenu,\u00a0quelle que soit la nature des d\u00e9lits pour lesquels il est condamn\u00e9, car elles ne\u00a0sont pas pr\u00e9vues dans le r\u00e8glement int\u00e9rieur des prisons.<\/p>\n<p>Notons que les gr\u00e9vistes de la faim b\u00e9n\u00e9ficient d&rsquo;un suivi m\u00e9dical et psychologique et leur \u00e9tat de sant\u00e9 est jug\u00e9 stable pour le moment.<\/p>\n<p style=\"text-align: right;\"><strong>Y. N.<\/strong><\/p>\n","protected":false},"excerpt":{"rendered":"<p>Condamn\u00e9s dans des affaires terroristes, 80 d\u00e9tenus de la prison de Mornaguia observent, depuis 2 jours, une gr\u00e8ve de la faim. Explications&#8230;<\/p>\n","protected":false},"author":6,"featured_media":126003,"comment_status":"open","ping_status":"open","sticky":false,"template":"","format":"standard","meta":{"footnotes":""},"categories":[998,2433],"tags":[1909,4406,24927,1315,1314,897],"class_list":["post-126000","post","type-post","status-publish","format-standard","has-post-thumbnail","hentry","category-societe","category-tunisie","tag-cellule","tag-detenus","tag-greve-faim","tag-mornaguia","tag-prison","tag-terrorisme"],"yoast_head":"<!-- This site is optimized with the Yoast SEO plugin v26.6 - https:\/\/yoast.com\/wordpress\/plugins\/seo\/ -->\n<title>Prison de Mornaguia : Les dessous d&#039;une gr\u00e8ve de la faim - Kapitalis<\/title>\n<meta name=\"robots\" content=\"index, follow, max-snippet:-1, max-image-preview:large, max-video-preview:-1\" \/>\n<link rel=\"canonical\" href=\"https:\/\/kapitalis.com\/tunisie\/2017\/11\/29\/prison-de-mornaguia-les-dessous-dune-greve-de-la-faim\/\" \/>\n<meta property=\"og:locale\" content=\"fr_FR\" \/>\n<meta property=\"og:type\" content=\"article\" \/>\n<meta property=\"og:title\" content=\"Prison de Mornaguia : Les dessous d&#039;une gr\u00e8ve de la faim - Kapitalis\" \/>\n<meta property=\"og:description\" content=\"Condamn\u00e9s dans des affaires terroristes, 80 d\u00e9tenus de la prison de Mornaguia observent, depuis 2 jours, une gr\u00e8ve de la faim. Explications&#8230;\" \/>\n<meta property=\"og:url\" content=\"https:\/\/kapitalis.com\/tunisie\/2017\/11\/29\/prison-de-mornaguia-les-dessous-dune-greve-de-la-faim\/\" \/>\n<meta property=\"og:site_name\" content=\"Kapitalis\" \/>\n<meta property=\"article:publisher\" content=\"https:\/\/www.facebook.com\/KapitalisInfo\/\" \/>\n<meta property=\"article:published_time\" content=\"2017-11-29T17:40:09+00:00\" \/>\n<meta property=\"og:image\" content=\"https:\/\/kapitalis.com\/tunisie\/wp-content\/uploads\/2022\/05\/kapitalis-logo-fb.png\" \/>\n\t<meta property=\"og:image:width\" content=\"1200\" \/>\n\t<meta property=\"og:image:height\" content=\"630\" \/>\n\t<meta property=\"og:image:type\" content=\"image\/png\" \/>\n<meta name=\"author\" content=\"Yusra NY\" \/>\n<meta name=\"twitter:card\" content=\"summary_large_image\" \/>\n<meta name=\"twitter:creator\" content=\"@KapitalisInfo\" \/>\n<meta name=\"twitter:site\" content=\"@KapitalisInfo\" \/>\n<meta name=\"twitter:label1\" content=\"\u00c9crit par\" \/>\n\t<meta name=\"twitter:data1\" content=\"Yusra NY\" \/>\n\t<meta name=\"twitter:label2\" content=\"Dur\u00e9e de lecture estim\u00e9e\" \/>\n\t<meta name=\"twitter:data2\" content=\"1 minute\" \/>\n<script type=\"application\/ld+json\" class=\"yoast-schema-graph\">{\"@context\":\"https:\/\/schema.org\",\"@graph\":[{\"@type\":\"Article\",\"@id\":\"https:\/\/kapitalis.com\/tunisie\/2017\/11\/29\/prison-de-mornaguia-les-dessous-dune-greve-de-la-faim\/#article\",\"isPartOf\":{\"@id\":\"https:\/\/kapitalis.com\/tunisie\/2017\/11\/29\/prison-de-mornaguia-les-dessous-dune-greve-de-la-faim\/\"},\"author\":{\"name\":\"Yusra NY\",\"@id\":\"https:\/\/kapitalis.com\/tunisie\/#\/schema\/person\/74bbde0154d49d790a92aaeac5bc01d5\"},\"headline\":\"Prison de Mornaguia : Les dessous d&rsquo;une gr\u00e8ve de la faim\",\"datePublished\":\"2017-11-29T17:40:09+00:00\",\"mainEntityOfPage\":{\"@id\":\"https:\/\/kapitalis.com\/tunisie\/2017\/11\/29\/prison-de-mornaguia-les-dessous-dune-greve-de-la-faim\/\"},\"wordCount\":236,\"commentCount\":5,\"publisher\":{\"@id\":\"https:\/\/kapitalis.com\/tunisie\/#organization\"},\"image\":{\"@id\":\"https:\/\/kapitalis.com\/tunisie\/2017\/11\/29\/prison-de-mornaguia-les-dessous-dune-greve-de-la-faim\/#primaryimage\"},\"thumbnailUrl\":\"\",\"keywords\":[\"cellule\",\"d\u00e9tenus\",\"gr\u00e8ve faim\",\"Mornaguia\",\"prison\",\"terrorisme\"],\"articleSection\":[\"SOCIETE\",\"Tunisie\"],\"inLanguage\":\"fr-FR\",\"potentialAction\":[{\"@type\":\"CommentAction\",\"name\":\"Comment\",\"target\":[\"https:\/\/kapitalis.com\/tunisie\/2017\/11\/29\/prison-de-mornaguia-les-dessous-dune-greve-de-la-faim\/#respond\"]}]},{\"@type\":\"WebPage\",\"@id\":\"https:\/\/kapitalis.com\/tunisie\/2017\/11\/29\/prison-de-mornaguia-les-dessous-dune-greve-de-la-faim\/\",\"url\":\"https:\/\/kapitalis.com\/tunisie\/2017\/11\/29\/prison-de-mornaguia-les-dessous-dune-greve-de-la-faim\/\",\"name\":\"Prison de Mornaguia : Les dessous d'une gr\u00e8ve de la faim - Kapitalis\",\"isPartOf\":{\"@id\":\"https:\/\/kapitalis.com\/tunisie\/#website\"},\"primaryImageOfPage\":{\"@id\":\"https:\/\/kapitalis.com\/tunisie\/2017\/11\/29\/prison-de-mornaguia-les-dessous-dune-greve-de-la-faim\/#primaryimage\"},\"image\":{\"@id\":\"https:\/\/kapitalis.com\/tunisie\/2017\/11\/29\/prison-de-mornaguia-les-dessous-dune-greve-de-la-faim\/#primaryimage\"},\"thumbnailUrl\":\"\",\"datePublished\":\"2017-11-29T17:40:09+00:00\",\"breadcrumb\":{\"@id\":\"https:\/\/kapitalis.com\/tunisie\/2017\/11\/29\/prison-de-mornaguia-les-dessous-dune-greve-de-la-faim\/#breadcrumb\"},\"inLanguage\":\"fr-FR\",\"potentialAction\":[{\"@type\":\"ReadAction\",\"target\":[\"https:\/\/kapitalis.com\/tunisie\/2017\/11\/29\/prison-de-mornaguia-les-dessous-dune-greve-de-la-faim\/\"]}]},{\"@type\":\"ImageObject\",\"inLanguage\":\"fr-FR\",\"@id\":\"https:\/\/kapitalis.com\/tunisie\/2017\/11\/29\/prison-de-mornaguia-les-dessous-dune-greve-de-la-faim\/#primaryimage\",\"url\":\"\",\"contentUrl\":\"\"},{\"@type\":\"BreadcrumbList\",\"@id\":\"https:\/\/kapitalis.com\/tunisie\/2017\/11\/29\/prison-de-mornaguia-les-dessous-dune-greve-de-la-faim\/#breadcrumb\",\"itemListElement\":[{\"@type\":\"ListItem\",\"position\":1,\"name\":\"Accueil\",\"item\":\"https:\/\/kapitalis.com\/tunisie\/\"},{\"@type\":\"ListItem\",\"position\":2,\"name\":\"Prison de Mornaguia : Les dessous d&rsquo;une gr\u00e8ve de la faim\"}]},{\"@type\":\"WebSite\",\"@id\":\"https:\/\/kapitalis.com\/tunisie\/#website\",\"url\":\"https:\/\/kapitalis.com\/tunisie\/\",\"name\":\"Kapitalis\",\"description\":\"L&#039;actualit\u00e9 en Tunisie et dans le monde\",\"publisher\":{\"@id\":\"https:\/\/kapitalis.com\/tunisie\/#organization\"},\"potentialAction\":[{\"@type\":\"SearchAction\",\"target\":{\"@type\":\"EntryPoint\",\"urlTemplate\":\"https:\/\/kapitalis.com\/tunisie\/?s={search_term_string}\"},\"query-input\":{\"@type\":\"PropertyValueSpecification\",\"valueRequired\":true,\"valueName\":\"search_term_string\"}}],\"inLanguage\":\"fr-FR\"},{\"@type\":\"Organization\",\"@id\":\"https:\/\/kapitalis.com\/tunisie\/#organization\",\"name\":\"Kapitalis\",\"url\":\"https:\/\/kapitalis.com\/tunisie\/\",\"logo\":{\"@type\":\"ImageObject\",\"inLanguage\":\"fr-FR\",\"@id\":\"https:\/\/kapitalis.com\/tunisie\/#\/schema\/logo\/image\/\",\"url\":\"https:\/\/kapitalis.com\/tunisie\/wp-content\/uploads\/2022\/05\/Kapitalis-big-size.png\",\"contentUrl\":\"https:\/\/kapitalis.com\/tunisie\/wp-content\/uploads\/2022\/05\/Kapitalis-big-size.png\",\"width\":5000,\"height\":1500,\"caption\":\"Kapitalis\"},\"image\":{\"@id\":\"https:\/\/kapitalis.com\/tunisie\/#\/schema\/logo\/image\/\"},\"sameAs\":[\"https:\/\/www.facebook.com\/KapitalisInfo\/\",\"https:\/\/x.com\/KapitalisInfo\",\"https:\/\/www.youtube.com\/channel\/UC-yDYrHyfFBWWZaOw3FPg9Q\"]},{\"@type\":\"Person\",\"@id\":\"https:\/\/kapitalis.com\/tunisie\/#\/schema\/person\/74bbde0154d49d790a92aaeac5bc01d5\",\"name\":\"Yusra NY\",\"url\":\"https:\/\/kapitalis.com\/tunisie\/author\/yuza_adam\/\"}]}<\/script>\n<!-- \/ Yoast SEO plugin. -->","yoast_head_json":{"title":"Prison de Mornaguia : Les dessous d'une gr\u00e8ve de la faim - Kapitalis","robots":{"index":"index","follow":"follow","max-snippet":"max-snippet:-1","max-image-preview":"max-image-preview:large","max-video-preview":"max-video-preview:-1"},"canonical":"https:\/\/kapitalis.com\/tunisie\/2017\/11\/29\/prison-de-mornaguia-les-dessous-dune-greve-de-la-faim\/","og_locale":"fr_FR","og_type":"article","og_title":"Prison de Mornaguia : Les dessous d'une gr\u00e8ve de la faim - Kapitalis","og_description":"Condamn\u00e9s dans des affaires terroristes, 80 d\u00e9tenus de la prison de Mornaguia observent, depuis 2 jours, une gr\u00e8ve de la faim. Explications&#8230;","og_url":"https:\/\/kapitalis.com\/tunisie\/2017\/11\/29\/prison-de-mornaguia-les-dessous-dune-greve-de-la-faim\/","og_site_name":"Kapitalis","article_publisher":"https:\/\/www.facebook.com\/KapitalisInfo\/","article_published_time":"2017-11-29T17:40:09+00:00","og_image":[{"width":1200,"height":630,"url":"https:\/\/kapitalis.com\/tunisie\/wp-content\/uploads\/2022\/05\/kapitalis-logo-fb.png","type":"image\/png"}],"author":"Yusra NY","twitter_card":"summary_large_image","twitter_creator":"@KapitalisInfo","twitter_site":"@KapitalisInfo","twitter_misc":{"\u00c9crit par":"Yusra NY","Dur\u00e9e de lecture estim\u00e9e":"1 minute"},"schema":{"@context":"https:\/\/schema.org","@graph":[{"@type":"Article","@id":"https:\/\/kapitalis.com\/tunisie\/2017\/11\/29\/prison-de-mornaguia-les-dessous-dune-greve-de-la-faim\/#article","isPartOf":{"@id":"https:\/\/kapitalis.com\/tunisie\/2017\/11\/29\/prison-de-mornaguia-les-dessous-dune-greve-de-la-faim\/"},"author":{"name":"Yusra NY","@id":"https:\/\/kapitalis.com\/tunisie\/#\/schema\/person\/74bbde0154d49d790a92aaeac5bc01d5"},"headline":"Prison de Mornaguia : Les dessous d&rsquo;une gr\u00e8ve de la faim","datePublished":"2017-11-29T17:40:09+00:00","mainEntityOfPage":{"@id":"https:\/\/kapitalis.com\/tunisie\/2017\/11\/29\/prison-de-mornaguia-les-dessous-dune-greve-de-la-faim\/"},"wordCount":236,"commentCount":5,"publisher":{"@id":"https:\/\/kapitalis.com\/tunisie\/#organization"},"image":{"@id":"https:\/\/kapitalis.com\/tunisie\/2017\/11\/29\/prison-de-mornaguia-les-dessous-dune-greve-de-la-faim\/#primaryimage"},"thumbnailUrl":"","keywords":["cellule","d\u00e9tenus","gr\u00e8ve faim","Mornaguia","prison","terrorisme"],"articleSection":["SOCIETE","Tunisie"],"inLanguage":"fr-FR","potentialAction":[{"@type":"CommentAction","name":"Comment","target":["https:\/\/kapitalis.com\/tunisie\/2017\/11\/29\/prison-de-mornaguia-les-dessous-dune-greve-de-la-faim\/#respond"]}]},{"@type":"WebPage","@id":"https:\/\/kapitalis.com\/tunisie\/2017\/11\/29\/prison-de-mornaguia-les-dessous-dune-greve-de-la-faim\/","url":"https:\/\/kapitalis.com\/tunisie\/2017\/11\/29\/prison-de-mornaguia-les-dessous-dune-greve-de-la-faim\/","name":"Prison de Mornaguia : Les dessous d'une gr\u00e8ve de la faim - Kapitalis","isPartOf":{"@id":"https:\/\/kapitalis.com\/tunisie\/#website"},"primaryImageOfPage":{"@id":"https:\/\/kapitalis.com\/tunisie\/2017\/11\/29\/prison-de-mornaguia-les-dessous-dune-greve-de-la-faim\/#primaryimage"},"image":{"@id":"https:\/\/kapitalis.com\/tunisie\/2017\/11\/29\/prison-de-mornaguia-les-dessous-dune-greve-de-la-faim\/#primaryimage"},"thumbnailUrl":"","datePublished":"2017-11-29T17:40:09+00:00","breadcrumb":{"@id":"https:\/\/kapitalis.com\/tunisie\/2017\/11\/29\/prison-de-mornaguia-les-dessous-dune-greve-de-la-faim\/#breadcrumb"},"inLanguage":"fr-FR","potentialAction":[{"@type":"ReadAction","target":["https:\/\/kapitalis.com\/tunisie\/2017\/11\/29\/prison-de-mornaguia-les-dessous-dune-greve-de-la-faim\/"]}]},{"@type":"ImageObject","inLanguage":"fr-FR","@id":"https:\/\/kapitalis.com\/tunisie\/2017\/11\/29\/prison-de-mornaguia-les-dessous-dune-greve-de-la-faim\/#primaryimage","url":"","contentUrl":""},{"@type":"BreadcrumbList","@id":"https:\/\/kapitalis.com\/tunisie\/2017\/11\/29\/prison-de-mornaguia-les-dessous-dune-greve-de-la-faim\/#breadcrumb","itemListElement":[{"@type":"ListItem","position":1,"name":"Accueil","item":"https:\/\/kapitalis.com\/tunisie\/"},{"@type":"ListItem","position":2,"name":"Prison de Mornaguia : Les dessous d&rsquo;une gr\u00e8ve de la faim"}]},{"@type":"WebSite","@id":"https:\/\/kapitalis.com\/tunisie\/#website","url":"https:\/\/kapitalis.com\/tunisie\/","name":"Kapitalis","description":"L&#039;actualit\u00e9 en Tunisie et dans le monde","publisher":{"@id":"https:\/\/kapitalis.com\/tunisie\/#organization"},"potentialAction":[{"@type":"SearchAction","target":{"@type":"EntryPoint","urlTemplate":"https:\/\/kapitalis.com\/tunisie\/?s={search_term_string}"},"query-input":{"@type":"PropertyValueSpecification","valueRequired":true,"valueName":"search_term_string"}}],"inLanguage":"fr-FR"},{"@type":"Organization","@id":"https:\/\/kapitalis.com\/tunisie\/#organization","name":"Kapitalis","url":"https:\/\/kapitalis.com\/tunisie\/","logo":{"@type":"ImageObject","inLanguage":"fr-FR","@id":"https:\/\/kapitalis.com\/tunisie\/#\/schema\/logo\/image\/","url":"https:\/\/kapitalis.com\/tunisie\/wp-content\/uploads\/2022\/05\/Kapitalis-big-size.png","contentUrl":"https:\/\/kapitalis.com\/tunisie\/wp-content\/uploads\/2022\/05\/Kapitalis-big-size.png","width":5000,"height":1500,"caption":"Kapitalis"},"image":{"@id":"https:\/\/kapitalis.com\/tunisie\/#\/schema\/logo\/image\/"},"sameAs":["https:\/\/www.facebook.com\/KapitalisInfo\/","https:\/\/x.com\/KapitalisInfo","https:\/\/www.youtube.com\/channel\/UC-yDYrHyfFBWWZaOw3FPg9Q"]},{"@type":"Person","@id":"https:\/\/kapitalis.com\/tunisie\/#\/schema\/person\/74bbde0154d49d790a92aaeac5bc01d5","name":"Yusra NY","url":"https:\/\/kapitalis.com\/tunisie\/author\/yuza_adam\/"}]}},"_links":{"self":[{"href":"https:\/\/kapitalis.com\/tunisie\/wp-json\/wp\/v2\/posts\/126000","targetHints":{"allow":["GET"]}}],"collection":[{"href":"https:\/\/kapitalis.com\/tunisie\/wp-json\/wp\/v2\/posts"}],"about":[{"href":"https:\/\/kapitalis.com\/tunisie\/wp-json\/wp\/v2\/types\/post"}],"author":[{"embeddable":true,"href":"https:\/\/kapitalis.com\/tunisie\/wp-json\/wp\/v2\/users\/6"}],"replies":[{"embeddable":true,"href":"https:\/\/kapitalis.com\/tunisie\/wp-json\/wp\/v2\/comments?post=126000"}],"version-history":[{"count":0,"href":"https:\/\/kapitalis.com\/tunisie\/wp-json\/wp\/v2\/posts\/126000\/revisions"}],"wp:featuredmedia":[{"embeddable":true,"href":"https:\/\/kapitalis.com\/tunisie\/wp-json\/wp\/v2\/media\/126003"}],"wp:attachment":[{"href":"https:\/\/kapitalis.com\/tunisie\/wp-json\/wp\/v2\/media?parent=126000"}],"wp:term":[{"taxonomy":"category","embeddable":true,"href":"https:\/\/kapitalis.com\/tunisie\/wp-json\/wp\/v2\/categories?post=126000"},{"taxonomy":"post_tag","embeddable":true,"href":"https:\/\/kapitalis.com\/tunisie\/wp-json\/wp\/v2\/tags?post=126000"}],"curies":[{"name":"wp","href":"https:\/\/api.w.org\/{rel}","templated":true}]}}