{"id":126030,"date":"2017-11-30T12:31:01","date_gmt":"2017-11-30T11:31:01","guid":{"rendered":"http:\/\/kapitalis.com\/tunisie\/?p=126030"},"modified":"2017-11-30T18:12:14","modified_gmt":"2017-11-30T17:12:14","slug":"journees-de-lentreprise-2017-la-decentralisation-en-debat-les-8-et-9-decembre-a-sousse","status":"publish","type":"post","link":"https:\/\/kapitalis.com\/tunisie\/2017\/11\/30\/journees-de-lentreprise-2017-la-decentralisation-en-debat-les-8-et-9-decembre-a-sousse\/","title":{"rendered":"Journ\u00e9es de l\u2019Entreprise 2017: La d\u00e9centralisation en d\u00e9bat les 8 et 9 d\u00e9cembre \u00e0 Sousse"},"content":{"rendered":"<p style=\"text-align: center;\"><img loading=\"lazy\" decoding=\"async\" class=\"alignnone size-full wp-image-126099\" src=\"http:\/\/kapitalis.com\/tunisie\/wp-content\/uploads\/2017\/11\/Majdi-Hassan-Ahmed-Bouzguenda.jpg\" alt=\"\" width=\"626\" height=\"380\" \/><\/p>\n<p><em><strong>La d\u00e9centralisation sera \u00e0 l&rsquo;ordre\u00a0du jour des d\u00e9bats lors des 32e Journ\u00e9es de l\u2019Entreprise (JE) qui auront lieu, les 8 et 9 d\u00e9cembre 2017, \u00e0 Sousse.<\/strong><\/em><\/p>\n<p>Par <strong>Zohra Abid<\/strong><\/p>\n<p><!--more--><br \/>\nLes organisateurs annoncent la pr\u00e9sence de quelque 1000 participants venant de 14 pays, dont de nombreuses personnalit\u00e9s connues du monde \u00e9conomique, issues des secteurs public et priv\u00e9, \u00e0 ce forum qui portera sur les d\u00e9fis, les enjeux et les opportunit\u00e9s de la d\u00e9centralisation de l\u2019entreprise. Et dont les travaux se tiendront \u00e0 l\u2019h\u00f4tel Sousse Palace, qui vient de faire peau neuve et dont la salle de conf\u00e9rence est con\u00e7ue pour contenir un aussi grand nombre de gens, sachant que\u00a0l\u2019h\u00e9bergement et la restauration seront assur\u00e9s notamment par l&rsquo;h\u00f4tel M\u00f6venpick.<\/p>\n<p><strong>Un th\u00e8me inspir\u00e9 par la conjoncture<\/strong><\/p>\n<p>Le th\u00e8me de la d\u00e9centralisation est au c\u0153ur du d\u00e9bat politique et \u00e9conomique en Tunisie, qui souffre d&rsquo;un d\u00e9s\u00e9quilibre structurel de d\u00e9veloppement entre les centres \u00e9conomiques situ\u00e9s sur le littoral (Tunis, Nabeul, Sousse, Sfax&#8230;) et les r\u00e9gions int\u00e9rieures, enregistrant un grand retard \u00e0 tous les niveaux, et notamment celui des infrastructures, ce qui n&rsquo;encourage pas les entreprises \u00e0 y investir.<\/p>\n<p>Pr\u00e9sentant cette 32e \u00e9dition des Journ\u00e9es de l&rsquo;Entreprise,\u00a0Ahmed Bouzguenda, pr\u00e9sident de l\u2019Institut arabe des chefs d\u2019entreprises (IACE), organisateur de cette grande joute, au cours d&rsquo;une conf\u00e9rence de presse,\u00a0mercredi 29 novembre, a indiqu\u00e9 que ce th\u00e8me r\u00e9pond aux d\u00e9fis lanc\u00e9s par la conjoncture actuelle en Tunisie et dans la r\u00e9gion o\u00f9 les \u00e9carts de d\u00e9veloppement provoquent souvent des mouvements sociaux.<\/p>\n<p>Parmi les invit\u00e9s de cette \u00e9dition, qui sera ouverte par le chef du gouvernement Youssef Chahed, en pr\u00e9sence de plusieurs membres de son gouvernement, il y aura plusieurs personnalit\u00e9s du monde politique, \u00e9conomique et entrepreneurial, du nord et du sud de la M\u00e9diterran\u00e9e. Parmi ces invit\u00e9s,\u00a0Bertrand Delano\u00eb, ancien maire de Paris, qui va \u00ab<em>parler \u00e0 double titre : en sa qualit\u00e9 de Tunisien d&rsquo;origine attach\u00e9 \u00e0 son pays natal, et en tant qu\u2019acteur de l\u2019exp\u00e9rience de la d\u00e9centralisation lanc\u00e9e en France par les socialistes sous la pr\u00e9sidence de Mitterrand, dans les ann\u00e9es 1980<\/em>\u00bb, a expliqu\u00e9 M. Bouzguenda.<\/p>\n<p><strong>Un nouvel environnement s\u2019impose<\/strong><\/p>\n<p>Ahmed Ma\u00efteeg, vice-Premier ministre libyen prendra part, lui aussi, aux 32e JE. \u00ab<em>Nous avons des march\u00e9s traditionnels en Europe et en Afrique, mais\u00a0aussi, et surtout, dans la Libye voisine. Nous suivons l&rsquo;\u00e9volution de la situation dans ce pays et nous nous pr\u00e9parons \u00e0 la phase post-conflit. Les responsables politiques libyens sont d&rsquo;ailleurs d\u00e9j\u00e0 en train de travailler sur la d\u00e9centralisation<\/em>\u00bb, a encore expliqu\u00e9 le pr\u00e9sident de l\u2019IACE.<\/p>\n<p>Autres invit\u00e9s de marque, Muriel Targnion, maire de Verviers en Belgique, et Robert Gallardo, ancien ministre de la Planification et des Politiques \u00e9conomiques du Costa Rica, qui parleront, eux aussi, des exp\u00e9riences de d\u00e9centralisation dans leurs pays respectifs, a ajout\u00e9 Majdi Hassan, directeur ex\u00e9cutif de l\u2019IACE.\u00a0<em>\u00abLa d\u00e9centralisation, on le sait,\u00a0suscite autant d\u2019int\u00e9r\u00eat que controverses<\/em>\u00bb, a-t-il ajout\u00e9.<\/p>\n<p style=\"text-align: center;\"><img loading=\"lazy\" decoding=\"async\" class=\"alignnone wp-image-126104\" src=\"http:\/\/kapitalis.com\/tunisie\/wp-content\/uploads\/2017\/11\/Majdi-Hassen-et-Ahmed-Bouzguenda-3.jpg\" alt=\"\" width=\"500\" height=\"304\" \/><\/p>\n<p style=\"text-align: center;\"><em>De gauche \u00e0 droite: Majdi Hassen et Ahmed Bouzguenda.\u00a0<\/em><\/p>\n<p><strong>La responsabilit\u00e9 des autorit\u00e9s locales<\/strong><\/p>\n<p>Pour cette \u00e9dition, un peu sp\u00e9ciale, qui pr\u00e9c\u00e8de les premi\u00e8res \u00e9lections locales de la seconde r\u00e9publique (pr\u00e9vues en mars 2018), il est important de se focaliser sur les r\u00e9gions frontali\u00e8res, qui ont une \u00e9conomie particuli\u00e8re, pour donner plus de libert\u00e9 aux responsables locaux dans la gestion de leurs relations avec leurs voisins imm\u00e9diats au-del\u00e0 des fronti\u00e8res, a poursuivi M. Hassan.<\/p>\n<p>L\u2019un des 6 panels programm\u00e9s durant les 2 journ\u00e9es de travaux,\u00a0on a pr\u00e9vu un d\u00e9bat sur le d\u00e9veloppement r\u00e9gional, le pouvoir des collectivit\u00e9s locales et la strat\u00e9gie de d\u00e9centralisation \u00e0 mettre en route, qui assurera une meilleure gestion des besoins des populations sans pour autant affaiblir le pouvoir de l\u2019Etat. \u00ab<em>L\u2019\u00e9cosyst\u00e8me d\u00e9centralis\u00e9 doit \u00eatre favorable \u00e0 l&rsquo;investissement, la cr\u00e9ation d\u2019emplois et l\u2019accroissement de la valeur ajout\u00e9e des entreprises<\/em>\u00bb, a encore soulign\u00e9 M. Hassan.<\/p>\n<p>Un autre panel se penchera sur le dialogue social, impliquant l\u2019UGTT, la centrale syndicale, et l\u2019Utica, la centrale patronale, chacun selon ses missions, qui vont r\u00e9fl\u00e9chir ensemble sur le r\u00f4le de la d\u00e9centralisation dans l&rsquo;am\u00e9lioration\u00a0de l\u2019environnement des affaires.<\/p>\n<p>La question de la lutte contre la corruption, dont le chef de gouvernement fait l&rsquo;une de ses priorit\u00e9s, sera \u00e9galement au centre des d\u00e9bats. Les pan\u00e9listes examineront les m\u00e9canismes et les outils \u00e0 mettre en place pour y faire face efficacement.<\/p>\n<p><strong>D\u00e9centralisation et appel des r\u00e9gions<\/strong><\/p>\n<p>Puisqu&rsquo;on\u00a0parle de d\u00e9centralisation, pourquoi ne pas avoir chang\u00e9 l\u2019endroit o\u00f9 se tiennent les JE? R\u00e9ponse de M. Bouzguenda : \u00ab<em>On y pense depuis 3 ans. D\u2019ailleurs, plus de 60% des r\u00e9pondants au questionnaire soumis l\u2019an dernier aux participants ont demand\u00e9 le changement du lieu de ces journ\u00e9es. Pourquoi pas ! On peut les d\u00e9placer \u00e0 Hammamet, Tozeur, Tabarka ou Djerba, mais \u00e0 chaque fois, il y a le pour et le contre, et nous avons relev\u00e9 quelques difficult\u00e9s au moins pour cette ann\u00e9e<\/em>\u00bb.<\/p>\n<p>Pour cette ann\u00e9e, les JE resteront donc \u00e0 Sousse, o\u00f9 la logistique se pr\u00eate \u00e0 l\u2019accueil d&rsquo;un \u00e9v\u00e9nement d&rsquo;une telle ampleur, en plus de la position g\u00e9ographique de cette ville, au centre du pays, qui s&rsquo;y pr\u00eate tout naturellement, poursuit le pr\u00e9sident de l\u2019IACE.<\/p>\n<p>M. Bouzguenda n&rsquo;a pas omis, en conclusion, de remercier les sponsors historiques de cet \u00e9v\u00e9nement, \u00e0 savoir la BNA, Llyod, Vivo Energy, Microsoft et Tunisie Telecom. L&rsquo;op\u00e9rateur va d&rsquo;ailleurs contribuer \u00e0 la publication,\u00a0pendant ces journ\u00e9es, de 2 indices, dont un relatif \u00e0 la \u00ab<em>digitalisation r\u00e9gionale<\/em>\u00bb.<\/p>\n<p><a href=\"http:\/\/www.iace.tn\/wp-content\/uploads\/2017\/10\/bulletin_jes_2017.pdf\"><em><strong>Pour s\u2019inscrire.\u00a0<\/strong><\/em><\/a><\/p>\n","protected":false},"excerpt":{"rendered":"<p>La d\u00e9centralisation sera \u00e0 l&rsquo;ordre\u00a0du jour des d\u00e9bats lors des 32e Journ\u00e9es de l\u2019Entreprise (JE) qui auront lieu, les 8 et 9 d\u00e9cembre 2017, \u00e0 Sousse. Par Zohra Abid<\/p>\n","protected":false},"author":7,"featured_media":126099,"comment_status":"open","ping_status":"open","sticky":false,"template":"","format":"standard","meta":{"footnotes":""},"categories":[992,995,2433],"tags":[52,5681,8708,36584],"class_list":["post-126030","post","type-post","status-publish","format-standard","has-post-thumbnail","hentry","category-a-la-une","category-economie","category-tunisie","tag-ahmed-bouzguenda","tag-decentralisation","tag-journees-de-lentreprise","tag-majdi-hassen"],"yoast_head":"<!-- This site is optimized with the Yoast SEO plugin v26.6 - https:\/\/yoast.com\/wordpress\/plugins\/seo\/ -->\n<title>Journ\u00e9es de l\u2019Entreprise 2017: La d\u00e9centralisation en d\u00e9bat les 8 et 9 d\u00e9cembre \u00e0 Sousse - Kapitalis<\/title>\n<meta name=\"robots\" content=\"index, follow, max-snippet:-1, max-image-preview:large, max-video-preview:-1\" \/>\n<link rel=\"canonical\" href=\"https:\/\/kapitalis.com\/tunisie\/2017\/11\/30\/journees-de-lentreprise-2017-la-decentralisation-en-debat-les-8-et-9-decembre-a-sousse\/\" \/>\n<meta property=\"og:locale\" content=\"fr_FR\" \/>\n<meta property=\"og:type\" content=\"article\" \/>\n<meta property=\"og:title\" content=\"Journ\u00e9es de l\u2019Entreprise 2017: La d\u00e9centralisation en d\u00e9bat les 8 et 9 d\u00e9cembre \u00e0 Sousse - Kapitalis\" \/>\n<meta property=\"og:description\" content=\"La d\u00e9centralisation sera \u00e0 l&rsquo;ordre\u00a0du jour des d\u00e9bats lors des 32e Journ\u00e9es de l\u2019Entreprise (JE) qui auront lieu, les 8 et 9 d\u00e9cembre 2017, \u00e0 Sousse. Par Zohra Abid\" \/>\n<meta property=\"og:url\" content=\"https:\/\/kapitalis.com\/tunisie\/2017\/11\/30\/journees-de-lentreprise-2017-la-decentralisation-en-debat-les-8-et-9-decembre-a-sousse\/\" \/>\n<meta property=\"og:site_name\" content=\"Kapitalis\" \/>\n<meta property=\"article:publisher\" content=\"https:\/\/www.facebook.com\/KapitalisInfo\/\" \/>\n<meta property=\"article:published_time\" content=\"2017-11-30T11:31:01+00:00\" \/>\n<meta property=\"article:modified_time\" content=\"2017-11-30T17:12:14+00:00\" \/>\n<meta property=\"og:image\" content=\"https:\/\/kapitalis.com\/tunisie\/wp-content\/uploads\/2022\/05\/kapitalis-logo-fb.png\" \/>\n\t<meta property=\"og:image:width\" content=\"1200\" \/>\n\t<meta property=\"og:image:height\" content=\"630\" \/>\n\t<meta property=\"og:image:type\" content=\"image\/png\" \/>\n<meta name=\"author\" content=\"zohra abid\" \/>\n<meta name=\"twitter:card\" content=\"summary_large_image\" \/>\n<meta name=\"twitter:creator\" content=\"@KapitalisInfo\" \/>\n<meta name=\"twitter:site\" content=\"@KapitalisInfo\" \/>\n<meta name=\"twitter:label1\" content=\"\u00c9crit par\" \/>\n\t<meta name=\"twitter:data1\" content=\"zohra abid\" \/>\n\t<meta name=\"twitter:label2\" content=\"Dur\u00e9e de lecture estim\u00e9e\" \/>\n\t<meta name=\"twitter:data2\" content=\"5 minutes\" \/>\n<script type=\"application\/ld+json\" class=\"yoast-schema-graph\">{\"@context\":\"https:\/\/schema.org\",\"@graph\":[{\"@type\":\"Article\",\"@id\":\"https:\/\/kapitalis.com\/tunisie\/2017\/11\/30\/journees-de-lentreprise-2017-la-decentralisation-en-debat-les-8-et-9-decembre-a-sousse\/#article\",\"isPartOf\":{\"@id\":\"https:\/\/kapitalis.com\/tunisie\/2017\/11\/30\/journees-de-lentreprise-2017-la-decentralisation-en-debat-les-8-et-9-decembre-a-sousse\/\"},\"author\":{\"name\":\"zohra abid\",\"@id\":\"https:\/\/kapitalis.com\/tunisie\/#\/schema\/person\/6fc2988ceb6eacf6836db1d8360b4912\"},\"headline\":\"Journ\u00e9es de l\u2019Entreprise 2017: La d\u00e9centralisation en d\u00e9bat les 8 et 9 d\u00e9cembre \u00e0 Sousse\",\"datePublished\":\"2017-11-30T11:31:01+00:00\",\"dateModified\":\"2017-11-30T17:12:14+00:00\",\"mainEntityOfPage\":{\"@id\":\"https:\/\/kapitalis.com\/tunisie\/2017\/11\/30\/journees-de-lentreprise-2017-la-decentralisation-en-debat-les-8-et-9-decembre-a-sousse\/\"},\"wordCount\":1004,\"commentCount\":0,\"publisher\":{\"@id\":\"https:\/\/kapitalis.com\/tunisie\/#organization\"},\"image\":{\"@id\":\"https:\/\/kapitalis.com\/tunisie\/2017\/11\/30\/journees-de-lentreprise-2017-la-decentralisation-en-debat-les-8-et-9-decembre-a-sousse\/#primaryimage\"},\"thumbnailUrl\":\"\",\"keywords\":[\"Ahmed Bouzguenda\",\"d\u00e9centralisation\",\"Journ\u00e9es de l'entreprise\",\"Majdi Hassen\"],\"articleSection\":[\"A LA UNE\",\"ECONOMIE\",\"Tunisie\"],\"inLanguage\":\"fr-FR\",\"potentialAction\":[{\"@type\":\"CommentAction\",\"name\":\"Comment\",\"target\":[\"https:\/\/kapitalis.com\/tunisie\/2017\/11\/30\/journees-de-lentreprise-2017-la-decentralisation-en-debat-les-8-et-9-decembre-a-sousse\/#respond\"]}]},{\"@type\":\"WebPage\",\"@id\":\"https:\/\/kapitalis.com\/tunisie\/2017\/11\/30\/journees-de-lentreprise-2017-la-decentralisation-en-debat-les-8-et-9-decembre-a-sousse\/\",\"url\":\"https:\/\/kapitalis.com\/tunisie\/2017\/11\/30\/journees-de-lentreprise-2017-la-decentralisation-en-debat-les-8-et-9-decembre-a-sousse\/\",\"name\":\"Journ\u00e9es de l\u2019Entreprise 2017: La d\u00e9centralisation en d\u00e9bat les 8 et 9 d\u00e9cembre \u00e0 Sousse - Kapitalis\",\"isPartOf\":{\"@id\":\"https:\/\/kapitalis.com\/tunisie\/#website\"},\"primaryImageOfPage\":{\"@id\":\"https:\/\/kapitalis.com\/tunisie\/2017\/11\/30\/journees-de-lentreprise-2017-la-decentralisation-en-debat-les-8-et-9-decembre-a-sousse\/#primaryimage\"},\"image\":{\"@id\":\"https:\/\/kapitalis.com\/tunisie\/2017\/11\/30\/journees-de-lentreprise-2017-la-decentralisation-en-debat-les-8-et-9-decembre-a-sousse\/#primaryimage\"},\"thumbnailUrl\":\"\",\"datePublished\":\"2017-11-30T11:31:01+00:00\",\"dateModified\":\"2017-11-30T17:12:14+00:00\",\"breadcrumb\":{\"@id\":\"https:\/\/kapitalis.com\/tunisie\/2017\/11\/30\/journees-de-lentreprise-2017-la-decentralisation-en-debat-les-8-et-9-decembre-a-sousse\/#breadcrumb\"},\"inLanguage\":\"fr-FR\",\"potentialAction\":[{\"@type\":\"ReadAction\",\"target\":[\"https:\/\/kapitalis.com\/tunisie\/2017\/11\/30\/journees-de-lentreprise-2017-la-decentralisation-en-debat-les-8-et-9-decembre-a-sousse\/\"]}]},{\"@type\":\"ImageObject\",\"inLanguage\":\"fr-FR\",\"@id\":\"https:\/\/kapitalis.com\/tunisie\/2017\/11\/30\/journees-de-lentreprise-2017-la-decentralisation-en-debat-les-8-et-9-decembre-a-sousse\/#primaryimage\",\"url\":\"\",\"contentUrl\":\"\"},{\"@type\":\"BreadcrumbList\",\"@id\":\"https:\/\/kapitalis.com\/tunisie\/2017\/11\/30\/journees-de-lentreprise-2017-la-decentralisation-en-debat-les-8-et-9-decembre-a-sousse\/#breadcrumb\",\"itemListElement\":[{\"@type\":\"ListItem\",\"position\":1,\"name\":\"Accueil\",\"item\":\"https:\/\/kapitalis.com\/tunisie\/\"},{\"@type\":\"ListItem\",\"position\":2,\"name\":\"Journ\u00e9es de l\u2019Entreprise 2017: La d\u00e9centralisation en d\u00e9bat les 8 et 9 d\u00e9cembre \u00e0 Sousse\"}]},{\"@type\":\"WebSite\",\"@id\":\"https:\/\/kapitalis.com\/tunisie\/#website\",\"url\":\"https:\/\/kapitalis.com\/tunisie\/\",\"name\":\"Kapitalis\",\"description\":\"L&#039;actualit\u00e9 en Tunisie et dans le monde\",\"publisher\":{\"@id\":\"https:\/\/kapitalis.com\/tunisie\/#organization\"},\"potentialAction\":[{\"@type\":\"SearchAction\",\"target\":{\"@type\":\"EntryPoint\",\"urlTemplate\":\"https:\/\/kapitalis.com\/tunisie\/?s={search_term_string}\"},\"query-input\":{\"@type\":\"PropertyValueSpecification\",\"valueRequired\":true,\"valueName\":\"search_term_string\"}}],\"inLanguage\":\"fr-FR\"},{\"@type\":\"Organization\",\"@id\":\"https:\/\/kapitalis.com\/tunisie\/#organization\",\"name\":\"Kapitalis\",\"url\":\"https:\/\/kapitalis.com\/tunisie\/\",\"logo\":{\"@type\":\"ImageObject\",\"inLanguage\":\"fr-FR\",\"@id\":\"https:\/\/kapitalis.com\/tunisie\/#\/schema\/logo\/image\/\",\"url\":\"https:\/\/kapitalis.com\/tunisie\/wp-content\/uploads\/2022\/05\/Kapitalis-big-size.png\",\"contentUrl\":\"https:\/\/kapitalis.com\/tunisie\/wp-content\/uploads\/2022\/05\/Kapitalis-big-size.png\",\"width\":5000,\"height\":1500,\"caption\":\"Kapitalis\"},\"image\":{\"@id\":\"https:\/\/kapitalis.com\/tunisie\/#\/schema\/logo\/image\/\"},\"sameAs\":[\"https:\/\/www.facebook.com\/KapitalisInfo\/\",\"https:\/\/x.com\/KapitalisInfo\",\"https:\/\/www.youtube.com\/channel\/UC-yDYrHyfFBWWZaOw3FPg9Q\"]},{\"@type\":\"Person\",\"@id\":\"https:\/\/kapitalis.com\/tunisie\/#\/schema\/person\/6fc2988ceb6eacf6836db1d8360b4912\",\"name\":\"zohra abid\",\"url\":\"https:\/\/kapitalis.com\/tunisie\/author\/zohra-abid-2015\/\"}]}<\/script>\n<!-- \/ Yoast SEO plugin. -->","yoast_head_json":{"title":"Journ\u00e9es de l\u2019Entreprise 2017: La d\u00e9centralisation en d\u00e9bat les 8 et 9 d\u00e9cembre \u00e0 Sousse - Kapitalis","robots":{"index":"index","follow":"follow","max-snippet":"max-snippet:-1","max-image-preview":"max-image-preview:large","max-video-preview":"max-video-preview:-1"},"canonical":"https:\/\/kapitalis.com\/tunisie\/2017\/11\/30\/journees-de-lentreprise-2017-la-decentralisation-en-debat-les-8-et-9-decembre-a-sousse\/","og_locale":"fr_FR","og_type":"article","og_title":"Journ\u00e9es de l\u2019Entreprise 2017: La d\u00e9centralisation en d\u00e9bat les 8 et 9 d\u00e9cembre \u00e0 Sousse - Kapitalis","og_description":"La d\u00e9centralisation sera \u00e0 l&rsquo;ordre\u00a0du jour des d\u00e9bats lors des 32e Journ\u00e9es de l\u2019Entreprise (JE) qui auront lieu, les 8 et 9 d\u00e9cembre 2017, \u00e0 Sousse. Par Zohra Abid","og_url":"https:\/\/kapitalis.com\/tunisie\/2017\/11\/30\/journees-de-lentreprise-2017-la-decentralisation-en-debat-les-8-et-9-decembre-a-sousse\/","og_site_name":"Kapitalis","article_publisher":"https:\/\/www.facebook.com\/KapitalisInfo\/","article_published_time":"2017-11-30T11:31:01+00:00","article_modified_time":"2017-11-30T17:12:14+00:00","og_image":[{"width":1200,"height":630,"url":"https:\/\/kapitalis.com\/tunisie\/wp-content\/uploads\/2022\/05\/kapitalis-logo-fb.png","type":"image\/png"}],"author":"zohra abid","twitter_card":"summary_large_image","twitter_creator":"@KapitalisInfo","twitter_site":"@KapitalisInfo","twitter_misc":{"\u00c9crit par":"zohra abid","Dur\u00e9e de lecture estim\u00e9e":"5 minutes"},"schema":{"@context":"https:\/\/schema.org","@graph":[{"@type":"Article","@id":"https:\/\/kapitalis.com\/tunisie\/2017\/11\/30\/journees-de-lentreprise-2017-la-decentralisation-en-debat-les-8-et-9-decembre-a-sousse\/#article","isPartOf":{"@id":"https:\/\/kapitalis.com\/tunisie\/2017\/11\/30\/journees-de-lentreprise-2017-la-decentralisation-en-debat-les-8-et-9-decembre-a-sousse\/"},"author":{"name":"zohra abid","@id":"https:\/\/kapitalis.com\/tunisie\/#\/schema\/person\/6fc2988ceb6eacf6836db1d8360b4912"},"headline":"Journ\u00e9es de l\u2019Entreprise 2017: La d\u00e9centralisation en d\u00e9bat les 8 et 9 d\u00e9cembre \u00e0 Sousse","datePublished":"2017-11-30T11:31:01+00:00","dateModified":"2017-11-30T17:12:14+00:00","mainEntityOfPage":{"@id":"https:\/\/kapitalis.com\/tunisie\/2017\/11\/30\/journees-de-lentreprise-2017-la-decentralisation-en-debat-les-8-et-9-decembre-a-sousse\/"},"wordCount":1004,"commentCount":0,"publisher":{"@id":"https:\/\/kapitalis.com\/tunisie\/#organization"},"image":{"@id":"https:\/\/kapitalis.com\/tunisie\/2017\/11\/30\/journees-de-lentreprise-2017-la-decentralisation-en-debat-les-8-et-9-decembre-a-sousse\/#primaryimage"},"thumbnailUrl":"","keywords":["Ahmed Bouzguenda","d\u00e9centralisation","Journ\u00e9es de l'entreprise","Majdi Hassen"],"articleSection":["A LA UNE","ECONOMIE","Tunisie"],"inLanguage":"fr-FR","potentialAction":[{"@type":"CommentAction","name":"Comment","target":["https:\/\/kapitalis.com\/tunisie\/2017\/11\/30\/journees-de-lentreprise-2017-la-decentralisation-en-debat-les-8-et-9-decembre-a-sousse\/#respond"]}]},{"@type":"WebPage","@id":"https:\/\/kapitalis.com\/tunisie\/2017\/11\/30\/journees-de-lentreprise-2017-la-decentralisation-en-debat-les-8-et-9-decembre-a-sousse\/","url":"https:\/\/kapitalis.com\/tunisie\/2017\/11\/30\/journees-de-lentreprise-2017-la-decentralisation-en-debat-les-8-et-9-decembre-a-sousse\/","name":"Journ\u00e9es de l\u2019Entreprise 2017: La d\u00e9centralisation en d\u00e9bat les 8 et 9 d\u00e9cembre \u00e0 Sousse - Kapitalis","isPartOf":{"@id":"https:\/\/kapitalis.com\/tunisie\/#website"},"primaryImageOfPage":{"@id":"https:\/\/kapitalis.com\/tunisie\/2017\/11\/30\/journees-de-lentreprise-2017-la-decentralisation-en-debat-les-8-et-9-decembre-a-sousse\/#primaryimage"},"image":{"@id":"https:\/\/kapitalis.com\/tunisie\/2017\/11\/30\/journees-de-lentreprise-2017-la-decentralisation-en-debat-les-8-et-9-decembre-a-sousse\/#primaryimage"},"thumbnailUrl":"","datePublished":"2017-11-30T11:31:01+00:00","dateModified":"2017-11-30T17:12:14+00:00","breadcrumb":{"@id":"https:\/\/kapitalis.com\/tunisie\/2017\/11\/30\/journees-de-lentreprise-2017-la-decentralisation-en-debat-les-8-et-9-decembre-a-sousse\/#breadcrumb"},"inLanguage":"fr-FR","potentialAction":[{"@type":"ReadAction","target":["https:\/\/kapitalis.com\/tunisie\/2017\/11\/30\/journees-de-lentreprise-2017-la-decentralisation-en-debat-les-8-et-9-decembre-a-sousse\/"]}]},{"@type":"ImageObject","inLanguage":"fr-FR","@id":"https:\/\/kapitalis.com\/tunisie\/2017\/11\/30\/journees-de-lentreprise-2017-la-decentralisation-en-debat-les-8-et-9-decembre-a-sousse\/#primaryimage","url":"","contentUrl":""},{"@type":"BreadcrumbList","@id":"https:\/\/kapitalis.com\/tunisie\/2017\/11\/30\/journees-de-lentreprise-2017-la-decentralisation-en-debat-les-8-et-9-decembre-a-sousse\/#breadcrumb","itemListElement":[{"@type":"ListItem","position":1,"name":"Accueil","item":"https:\/\/kapitalis.com\/tunisie\/"},{"@type":"ListItem","position":2,"name":"Journ\u00e9es de l\u2019Entreprise 2017: La d\u00e9centralisation en d\u00e9bat les 8 et 9 d\u00e9cembre \u00e0 Sousse"}]},{"@type":"WebSite","@id":"https:\/\/kapitalis.com\/tunisie\/#website","url":"https:\/\/kapitalis.com\/tunisie\/","name":"Kapitalis","description":"L&#039;actualit\u00e9 en Tunisie et dans le monde","publisher":{"@id":"https:\/\/kapitalis.com\/tunisie\/#organization"},"potentialAction":[{"@type":"SearchAction","target":{"@type":"EntryPoint","urlTemplate":"https:\/\/kapitalis.com\/tunisie\/?s={search_term_string}"},"query-input":{"@type":"PropertyValueSpecification","valueRequired":true,"valueName":"search_term_string"}}],"inLanguage":"fr-FR"},{"@type":"Organization","@id":"https:\/\/kapitalis.com\/tunisie\/#organization","name":"Kapitalis","url":"https:\/\/kapitalis.com\/tunisie\/","logo":{"@type":"ImageObject","inLanguage":"fr-FR","@id":"https:\/\/kapitalis.com\/tunisie\/#\/schema\/logo\/image\/","url":"https:\/\/kapitalis.com\/tunisie\/wp-content\/uploads\/2022\/05\/Kapitalis-big-size.png","contentUrl":"https:\/\/kapitalis.com\/tunisie\/wp-content\/uploads\/2022\/05\/Kapitalis-big-size.png","width":5000,"height":1500,"caption":"Kapitalis"},"image":{"@id":"https:\/\/kapitalis.com\/tunisie\/#\/schema\/logo\/image\/"},"sameAs":["https:\/\/www.facebook.com\/KapitalisInfo\/","https:\/\/x.com\/KapitalisInfo","https:\/\/www.youtube.com\/channel\/UC-yDYrHyfFBWWZaOw3FPg9Q"]},{"@type":"Person","@id":"https:\/\/kapitalis.com\/tunisie\/#\/schema\/person\/6fc2988ceb6eacf6836db1d8360b4912","name":"zohra abid","url":"https:\/\/kapitalis.com\/tunisie\/author\/zohra-abid-2015\/"}]}},"_links":{"self":[{"href":"https:\/\/kapitalis.com\/tunisie\/wp-json\/wp\/v2\/posts\/126030","targetHints":{"allow":["GET"]}}],"collection":[{"href":"https:\/\/kapitalis.com\/tunisie\/wp-json\/wp\/v2\/posts"}],"about":[{"href":"https:\/\/kapitalis.com\/tunisie\/wp-json\/wp\/v2\/types\/post"}],"author":[{"embeddable":true,"href":"https:\/\/kapitalis.com\/tunisie\/wp-json\/wp\/v2\/users\/7"}],"replies":[{"embeddable":true,"href":"https:\/\/kapitalis.com\/tunisie\/wp-json\/wp\/v2\/comments?post=126030"}],"version-history":[{"count":0,"href":"https:\/\/kapitalis.com\/tunisie\/wp-json\/wp\/v2\/posts\/126030\/revisions"}],"wp:featuredmedia":[{"embeddable":true,"href":"https:\/\/kapitalis.com\/tunisie\/wp-json\/wp\/v2\/media\/126099"}],"wp:attachment":[{"href":"https:\/\/kapitalis.com\/tunisie\/wp-json\/wp\/v2\/media?parent=126030"}],"wp:term":[{"taxonomy":"category","embeddable":true,"href":"https:\/\/kapitalis.com\/tunisie\/wp-json\/wp\/v2\/categories?post=126030"},{"taxonomy":"post_tag","embeddable":true,"href":"https:\/\/kapitalis.com\/tunisie\/wp-json\/wp\/v2\/tags?post=126030"}],"curies":[{"name":"wp","href":"https:\/\/api.w.org\/{rel}","templated":true}]}}