{"id":12609880,"date":"2024-04-26T23:57:55","date_gmt":"2024-04-26T22:57:55","guid":{"rendered":"https:\/\/kapitalis.com\/tunisie\/?p=12609880"},"modified":"2024-04-27T01:24:30","modified_gmt":"2024-04-27T00:24:30","slug":"la-manouba-arrestation-dune-femme-pour-proxenetisme-impliquant-des-mineures","status":"publish","type":"post","link":"https:\/\/kapitalis.com\/tunisie\/2024\/04\/26\/la-manouba-arrestation-dune-femme-pour-proxenetisme-impliquant-des-mineures\/","title":{"rendered":"La Manouba : Arrestation d\u2019une femme pour prox\u00e9n\u00e9tisme impliquant des mineures"},"content":{"rendered":"\n<p><em><strong>La Direction g\u00e9n\u00e9rale de garde nationale (DGGN) a annonc\u00e9, vendredi 26 avril 2024, l&rsquo;arrestation \u00e0 La Manouba d&rsquo;une femme pour prox\u00e9n\u00e9tisme impliquant des mineures.<\/strong><\/em><\/p>\n\n\n\n<!--more-->\n\n\n\n<p>Faisant l&rsquo;objet de 3 mandats de recherche et condamn\u00e9e \u00e0 10 ans de prison, la suspecte avait transform\u00e9 sa maison en lieu de prostitution, pr\u00e9cise la DGGN, en indiquant que les investigations men\u00e9es ont permis de localiser ledit domicile, o\u00f9 une descente a \u00e9t\u00e9 effectu\u00e9e en coordination avec le Parquet.<\/p>\n\n\n\n<p>Les agents sont parvenus \u00e0 arr\u00eater cette femme qui exploitait des jeunes filles \u00e2g\u00e9es entre 16 et 19 ans et qui a \u00e9t\u00e9 plac\u00e9e en d\u00e9tention sur ordre du Parquet. <\/p>\n\n\n\n<p>Quatre autres suspectes ont \u00e9galement \u00e9t\u00e9 arr\u00eat\u00e9es pour prostitution ill\u00e9gale lors de cette op\u00e9aration, ajoute la DGGN.<\/p>\n\n\n\n<p class=\"has-text-align-right\"><strong>Y. N.<\/strong><\/p>\n","protected":false},"excerpt":{"rendered":"<p>La Direction g\u00e9n\u00e9rale de garde nationale (DGGN) a annonc\u00e9, vendredi 26 avril 2024, l&rsquo;arrestation \u00e0 La Manouba d&rsquo;une femme pour prox\u00e9n\u00e9tisme impliquant des mineures.<\/p>\n","protected":false},"author":6,"featured_media":12609921,"comment_status":"open","ping_status":"open","sticky":false,"template":"","format":"standard","meta":{"footnotes":""},"categories":[998,2433],"tags":[76858,571,24024,1277,17221,64491,62643],"class_list":["post-12609880","post","type-post","status-publish","format-standard","has-post-thumbnail","hentry","category-societe","category-tunisie","tag-dggn","tag-manouba","tag-mineures","tag-prostitution","tag-proxenetisme","tag-tunis","tag-tunisie"],"yoast_head":"<!-- This site is optimized with the Yoast SEO plugin v26.6 - https:\/\/yoast.com\/wordpress\/plugins\/seo\/ -->\n<title>La Manouba : Arrestation d\u2019une femme pour prox\u00e9n\u00e9tisme impliquant des mineures - Kapitalis<\/title>\n<meta name=\"robots\" content=\"index, follow, max-snippet:-1, max-image-preview:large, max-video-preview:-1\" \/>\n<link rel=\"canonical\" href=\"https:\/\/kapitalis.com\/tunisie\/2024\/04\/26\/la-manouba-arrestation-dune-femme-pour-proxenetisme-impliquant-des-mineures\/\" \/>\n<meta property=\"og:locale\" content=\"fr_FR\" \/>\n<meta property=\"og:type\" content=\"article\" \/>\n<meta property=\"og:title\" content=\"La Manouba : Arrestation d\u2019une femme pour prox\u00e9n\u00e9tisme impliquant des mineures - Kapitalis\" \/>\n<meta property=\"og:description\" content=\"La Direction g\u00e9n\u00e9rale de garde nationale (DGGN) a annonc\u00e9, vendredi 26 avril 2024, l&rsquo;arrestation \u00e0 La Manouba d&rsquo;une femme pour prox\u00e9n\u00e9tisme impliquant des mineures.\" \/>\n<meta property=\"og:url\" content=\"https:\/\/kapitalis.com\/tunisie\/2024\/04\/26\/la-manouba-arrestation-dune-femme-pour-proxenetisme-impliquant-des-mineures\/\" \/>\n<meta property=\"og:site_name\" content=\"Kapitalis\" \/>\n<meta property=\"article:publisher\" content=\"https:\/\/www.facebook.com\/KapitalisInfo\/\" \/>\n<meta property=\"article:published_time\" content=\"2024-04-26T22:57:55+00:00\" \/>\n<meta property=\"article:modified_time\" content=\"2024-04-27T00:24:30+00:00\" \/>\n<meta property=\"og:image\" content=\"https:\/\/kapitalis.com\/tunisie\/wp-content\/uploads\/2024\/04\/Manouba-proxenetisme.jpg\" \/>\n\t<meta property=\"og:image:width\" content=\"1200\" \/>\n\t<meta property=\"og:image:height\" content=\"630\" \/>\n\t<meta property=\"og:image:type\" content=\"image\/jpeg\" \/>\n<meta name=\"author\" content=\"Yusra NY\" \/>\n<meta name=\"twitter:card\" content=\"summary_large_image\" \/>\n<meta name=\"twitter:creator\" content=\"@KapitalisInfo\" \/>\n<meta name=\"twitter:site\" content=\"@KapitalisInfo\" \/>\n<meta name=\"twitter:label1\" content=\"\u00c9crit par\" \/>\n\t<meta name=\"twitter:data1\" content=\"Yusra NY\" \/>\n\t<meta name=\"twitter:label2\" content=\"Dur\u00e9e de lecture estim\u00e9e\" \/>\n\t<meta name=\"twitter:data2\" content=\"1 minute\" \/>\n<script type=\"application\/ld+json\" class=\"yoast-schema-graph\">{\"@context\":\"https:\/\/schema.org\",\"@graph\":[{\"@type\":\"Article\",\"@id\":\"https:\/\/kapitalis.com\/tunisie\/2024\/04\/26\/la-manouba-arrestation-dune-femme-pour-proxenetisme-impliquant-des-mineures\/#article\",\"isPartOf\":{\"@id\":\"https:\/\/kapitalis.com\/tunisie\/2024\/04\/26\/la-manouba-arrestation-dune-femme-pour-proxenetisme-impliquant-des-mineures\/\"},\"author\":{\"name\":\"Yusra NY\",\"@id\":\"https:\/\/kapitalis.com\/tunisie\/#\/schema\/person\/74bbde0154d49d790a92aaeac5bc01d5\"},\"headline\":\"La Manouba : Arrestation d\u2019une femme pour prox\u00e9n\u00e9tisme impliquant des mineures\",\"datePublished\":\"2024-04-26T22:57:55+00:00\",\"dateModified\":\"2024-04-27T00:24:30+00:00\",\"mainEntityOfPage\":{\"@id\":\"https:\/\/kapitalis.com\/tunisie\/2024\/04\/26\/la-manouba-arrestation-dune-femme-pour-proxenetisme-impliquant-des-mineures\/\"},\"wordCount\":143,\"commentCount\":0,\"publisher\":{\"@id\":\"https:\/\/kapitalis.com\/tunisie\/#organization\"},\"image\":{\"@id\":\"https:\/\/kapitalis.com\/tunisie\/2024\/04\/26\/la-manouba-arrestation-dune-femme-pour-proxenetisme-impliquant-des-mineures\/#primaryimage\"},\"thumbnailUrl\":\"https:\/\/kapitalis.com\/tunisie\/wp-content\/uploads\/2024\/04\/Manouba-proxenetisme.jpg\",\"keywords\":[\"DGGN\",\"Manouba\",\"mineures\",\"prostitution\",\"prox\u00e9n\u00e9tisme\",\"Tunis\",\"Tunisie\"],\"articleSection\":[\"SOCIETE\",\"Tunisie\"],\"inLanguage\":\"fr-FR\",\"potentialAction\":[{\"@type\":\"CommentAction\",\"name\":\"Comment\",\"target\":[\"https:\/\/kapitalis.com\/tunisie\/2024\/04\/26\/la-manouba-arrestation-dune-femme-pour-proxenetisme-impliquant-des-mineures\/#respond\"]}]},{\"@type\":\"WebPage\",\"@id\":\"https:\/\/kapitalis.com\/tunisie\/2024\/04\/26\/la-manouba-arrestation-dune-femme-pour-proxenetisme-impliquant-des-mineures\/\",\"url\":\"https:\/\/kapitalis.com\/tunisie\/2024\/04\/26\/la-manouba-arrestation-dune-femme-pour-proxenetisme-impliquant-des-mineures\/\",\"name\":\"La Manouba : Arrestation d\u2019une femme pour prox\u00e9n\u00e9tisme impliquant des mineures - Kapitalis\",\"isPartOf\":{\"@id\":\"https:\/\/kapitalis.com\/tunisie\/#website\"},\"primaryImageOfPage\":{\"@id\":\"https:\/\/kapitalis.com\/tunisie\/2024\/04\/26\/la-manouba-arrestation-dune-femme-pour-proxenetisme-impliquant-des-mineures\/#primaryimage\"},\"image\":{\"@id\":\"https:\/\/kapitalis.com\/tunisie\/2024\/04\/26\/la-manouba-arrestation-dune-femme-pour-proxenetisme-impliquant-des-mineures\/#primaryimage\"},\"thumbnailUrl\":\"https:\/\/kapitalis.com\/tunisie\/wp-content\/uploads\/2024\/04\/Manouba-proxenetisme.jpg\",\"datePublished\":\"2024-04-26T22:57:55+00:00\",\"dateModified\":\"2024-04-27T00:24:30+00:00\",\"breadcrumb\":{\"@id\":\"https:\/\/kapitalis.com\/tunisie\/2024\/04\/26\/la-manouba-arrestation-dune-femme-pour-proxenetisme-impliquant-des-mineures\/#breadcrumb\"},\"inLanguage\":\"fr-FR\",\"potentialAction\":[{\"@type\":\"ReadAction\",\"target\":[\"https:\/\/kapitalis.com\/tunisie\/2024\/04\/26\/la-manouba-arrestation-dune-femme-pour-proxenetisme-impliquant-des-mineures\/\"]}]},{\"@type\":\"ImageObject\",\"inLanguage\":\"fr-FR\",\"@id\":\"https:\/\/kapitalis.com\/tunisie\/2024\/04\/26\/la-manouba-arrestation-dune-femme-pour-proxenetisme-impliquant-des-mineures\/#primaryimage\",\"url\":\"https:\/\/kapitalis.com\/tunisie\/wp-content\/uploads\/2024\/04\/Manouba-proxenetisme.jpg\",\"contentUrl\":\"https:\/\/kapitalis.com\/tunisie\/wp-content\/uploads\/2024\/04\/Manouba-proxenetisme.jpg\",\"width\":1200,\"height\":630},{\"@type\":\"BreadcrumbList\",\"@id\":\"https:\/\/kapitalis.com\/tunisie\/2024\/04\/26\/la-manouba-arrestation-dune-femme-pour-proxenetisme-impliquant-des-mineures\/#breadcrumb\",\"itemListElement\":[{\"@type\":\"ListItem\",\"position\":1,\"name\":\"Accueil\",\"item\":\"https:\/\/kapitalis.com\/tunisie\/\"},{\"@type\":\"ListItem\",\"position\":2,\"name\":\"La Manouba : Arrestation d\u2019une femme pour prox\u00e9n\u00e9tisme impliquant des mineures\"}]},{\"@type\":\"WebSite\",\"@id\":\"https:\/\/kapitalis.com\/tunisie\/#website\",\"url\":\"https:\/\/kapitalis.com\/tunisie\/\",\"name\":\"Kapitalis\",\"description\":\"L&#039;actualit\u00e9 en Tunisie et dans le monde\",\"publisher\":{\"@id\":\"https:\/\/kapitalis.com\/tunisie\/#organization\"},\"potentialAction\":[{\"@type\":\"SearchAction\",\"target\":{\"@type\":\"EntryPoint\",\"urlTemplate\":\"https:\/\/kapitalis.com\/tunisie\/?s={search_term_string}\"},\"query-input\":{\"@type\":\"PropertyValueSpecification\",\"valueRequired\":true,\"valueName\":\"search_term_string\"}}],\"inLanguage\":\"fr-FR\"},{\"@type\":\"Organization\",\"@id\":\"https:\/\/kapitalis.com\/tunisie\/#organization\",\"name\":\"Kapitalis\",\"url\":\"https:\/\/kapitalis.com\/tunisie\/\",\"logo\":{\"@type\":\"ImageObject\",\"inLanguage\":\"fr-FR\",\"@id\":\"https:\/\/kapitalis.com\/tunisie\/#\/schema\/logo\/image\/\",\"url\":\"https:\/\/kapitalis.com\/tunisie\/wp-content\/uploads\/2022\/05\/Kapitalis-big-size.png\",\"contentUrl\":\"https:\/\/kapitalis.com\/tunisie\/wp-content\/uploads\/2022\/05\/Kapitalis-big-size.png\",\"width\":5000,\"height\":1500,\"caption\":\"Kapitalis\"},\"image\":{\"@id\":\"https:\/\/kapitalis.com\/tunisie\/#\/schema\/logo\/image\/\"},\"sameAs\":[\"https:\/\/www.facebook.com\/KapitalisInfo\/\",\"https:\/\/x.com\/KapitalisInfo\",\"https:\/\/www.youtube.com\/channel\/UC-yDYrHyfFBWWZaOw3FPg9Q\"]},{\"@type\":\"Person\",\"@id\":\"https:\/\/kapitalis.com\/tunisie\/#\/schema\/person\/74bbde0154d49d790a92aaeac5bc01d5\",\"name\":\"Yusra NY\",\"url\":\"https:\/\/kapitalis.com\/tunisie\/author\/yuza_adam\/\"}]}<\/script>\n<!-- \/ Yoast SEO plugin. -->","yoast_head_json":{"title":"La Manouba : Arrestation d\u2019une femme pour prox\u00e9n\u00e9tisme impliquant des mineures - Kapitalis","robots":{"index":"index","follow":"follow","max-snippet":"max-snippet:-1","max-image-preview":"max-image-preview:large","max-video-preview":"max-video-preview:-1"},"canonical":"https:\/\/kapitalis.com\/tunisie\/2024\/04\/26\/la-manouba-arrestation-dune-femme-pour-proxenetisme-impliquant-des-mineures\/","og_locale":"fr_FR","og_type":"article","og_title":"La Manouba : Arrestation d\u2019une femme pour prox\u00e9n\u00e9tisme impliquant des mineures - Kapitalis","og_description":"La Direction g\u00e9n\u00e9rale de garde nationale (DGGN) a annonc\u00e9, vendredi 26 avril 2024, l&rsquo;arrestation \u00e0 La Manouba d&rsquo;une femme pour prox\u00e9n\u00e9tisme impliquant des mineures.","og_url":"https:\/\/kapitalis.com\/tunisie\/2024\/04\/26\/la-manouba-arrestation-dune-femme-pour-proxenetisme-impliquant-des-mineures\/","og_site_name":"Kapitalis","article_publisher":"https:\/\/www.facebook.com\/KapitalisInfo\/","article_published_time":"2024-04-26T22:57:55+00:00","article_modified_time":"2024-04-27T00:24:30+00:00","og_image":[{"width":1200,"height":630,"url":"https:\/\/kapitalis.com\/tunisie\/wp-content\/uploads\/2024\/04\/Manouba-proxenetisme.jpg","type":"image\/jpeg"}],"author":"Yusra NY","twitter_card":"summary_large_image","twitter_creator":"@KapitalisInfo","twitter_site":"@KapitalisInfo","twitter_misc":{"\u00c9crit par":"Yusra NY","Dur\u00e9e de lecture estim\u00e9e":"1 minute"},"schema":{"@context":"https:\/\/schema.org","@graph":[{"@type":"Article","@id":"https:\/\/kapitalis.com\/tunisie\/2024\/04\/26\/la-manouba-arrestation-dune-femme-pour-proxenetisme-impliquant-des-mineures\/#article","isPartOf":{"@id":"https:\/\/kapitalis.com\/tunisie\/2024\/04\/26\/la-manouba-arrestation-dune-femme-pour-proxenetisme-impliquant-des-mineures\/"},"author":{"name":"Yusra NY","@id":"https:\/\/kapitalis.com\/tunisie\/#\/schema\/person\/74bbde0154d49d790a92aaeac5bc01d5"},"headline":"La Manouba : Arrestation d\u2019une femme pour prox\u00e9n\u00e9tisme impliquant des mineures","datePublished":"2024-04-26T22:57:55+00:00","dateModified":"2024-04-27T00:24:30+00:00","mainEntityOfPage":{"@id":"https:\/\/kapitalis.com\/tunisie\/2024\/04\/26\/la-manouba-arrestation-dune-femme-pour-proxenetisme-impliquant-des-mineures\/"},"wordCount":143,"commentCount":0,"publisher":{"@id":"https:\/\/kapitalis.com\/tunisie\/#organization"},"image":{"@id":"https:\/\/kapitalis.com\/tunisie\/2024\/04\/26\/la-manouba-arrestation-dune-femme-pour-proxenetisme-impliquant-des-mineures\/#primaryimage"},"thumbnailUrl":"https:\/\/kapitalis.com\/tunisie\/wp-content\/uploads\/2024\/04\/Manouba-proxenetisme.jpg","keywords":["DGGN","Manouba","mineures","prostitution","prox\u00e9n\u00e9tisme","Tunis","Tunisie"],"articleSection":["SOCIETE","Tunisie"],"inLanguage":"fr-FR","potentialAction":[{"@type":"CommentAction","name":"Comment","target":["https:\/\/kapitalis.com\/tunisie\/2024\/04\/26\/la-manouba-arrestation-dune-femme-pour-proxenetisme-impliquant-des-mineures\/#respond"]}]},{"@type":"WebPage","@id":"https:\/\/kapitalis.com\/tunisie\/2024\/04\/26\/la-manouba-arrestation-dune-femme-pour-proxenetisme-impliquant-des-mineures\/","url":"https:\/\/kapitalis.com\/tunisie\/2024\/04\/26\/la-manouba-arrestation-dune-femme-pour-proxenetisme-impliquant-des-mineures\/","name":"La Manouba : Arrestation d\u2019une femme pour prox\u00e9n\u00e9tisme impliquant des mineures - Kapitalis","isPartOf":{"@id":"https:\/\/kapitalis.com\/tunisie\/#website"},"primaryImageOfPage":{"@id":"https:\/\/kapitalis.com\/tunisie\/2024\/04\/26\/la-manouba-arrestation-dune-femme-pour-proxenetisme-impliquant-des-mineures\/#primaryimage"},"image":{"@id":"https:\/\/kapitalis.com\/tunisie\/2024\/04\/26\/la-manouba-arrestation-dune-femme-pour-proxenetisme-impliquant-des-mineures\/#primaryimage"},"thumbnailUrl":"https:\/\/kapitalis.com\/tunisie\/wp-content\/uploads\/2024\/04\/Manouba-proxenetisme.jpg","datePublished":"2024-04-26T22:57:55+00:00","dateModified":"2024-04-27T00:24:30+00:00","breadcrumb":{"@id":"https:\/\/kapitalis.com\/tunisie\/2024\/04\/26\/la-manouba-arrestation-dune-femme-pour-proxenetisme-impliquant-des-mineures\/#breadcrumb"},"inLanguage":"fr-FR","potentialAction":[{"@type":"ReadAction","target":["https:\/\/kapitalis.com\/tunisie\/2024\/04\/26\/la-manouba-arrestation-dune-femme-pour-proxenetisme-impliquant-des-mineures\/"]}]},{"@type":"ImageObject","inLanguage":"fr-FR","@id":"https:\/\/kapitalis.com\/tunisie\/2024\/04\/26\/la-manouba-arrestation-dune-femme-pour-proxenetisme-impliquant-des-mineures\/#primaryimage","url":"https:\/\/kapitalis.com\/tunisie\/wp-content\/uploads\/2024\/04\/Manouba-proxenetisme.jpg","contentUrl":"https:\/\/kapitalis.com\/tunisie\/wp-content\/uploads\/2024\/04\/Manouba-proxenetisme.jpg","width":1200,"height":630},{"@type":"BreadcrumbList","@id":"https:\/\/kapitalis.com\/tunisie\/2024\/04\/26\/la-manouba-arrestation-dune-femme-pour-proxenetisme-impliquant-des-mineures\/#breadcrumb","itemListElement":[{"@type":"ListItem","position":1,"name":"Accueil","item":"https:\/\/kapitalis.com\/tunisie\/"},{"@type":"ListItem","position":2,"name":"La Manouba : Arrestation d\u2019une femme pour prox\u00e9n\u00e9tisme impliquant des mineures"}]},{"@type":"WebSite","@id":"https:\/\/kapitalis.com\/tunisie\/#website","url":"https:\/\/kapitalis.com\/tunisie\/","name":"Kapitalis","description":"L&#039;actualit\u00e9 en Tunisie et dans le monde","publisher":{"@id":"https:\/\/kapitalis.com\/tunisie\/#organization"},"potentialAction":[{"@type":"SearchAction","target":{"@type":"EntryPoint","urlTemplate":"https:\/\/kapitalis.com\/tunisie\/?s={search_term_string}"},"query-input":{"@type":"PropertyValueSpecification","valueRequired":true,"valueName":"search_term_string"}}],"inLanguage":"fr-FR"},{"@type":"Organization","@id":"https:\/\/kapitalis.com\/tunisie\/#organization","name":"Kapitalis","url":"https:\/\/kapitalis.com\/tunisie\/","logo":{"@type":"ImageObject","inLanguage":"fr-FR","@id":"https:\/\/kapitalis.com\/tunisie\/#\/schema\/logo\/image\/","url":"https:\/\/kapitalis.com\/tunisie\/wp-content\/uploads\/2022\/05\/Kapitalis-big-size.png","contentUrl":"https:\/\/kapitalis.com\/tunisie\/wp-content\/uploads\/2022\/05\/Kapitalis-big-size.png","width":5000,"height":1500,"caption":"Kapitalis"},"image":{"@id":"https:\/\/kapitalis.com\/tunisie\/#\/schema\/logo\/image\/"},"sameAs":["https:\/\/www.facebook.com\/KapitalisInfo\/","https:\/\/x.com\/KapitalisInfo","https:\/\/www.youtube.com\/channel\/UC-yDYrHyfFBWWZaOw3FPg9Q"]},{"@type":"Person","@id":"https:\/\/kapitalis.com\/tunisie\/#\/schema\/person\/74bbde0154d49d790a92aaeac5bc01d5","name":"Yusra NY","url":"https:\/\/kapitalis.com\/tunisie\/author\/yuza_adam\/"}]}},"_links":{"self":[{"href":"https:\/\/kapitalis.com\/tunisie\/wp-json\/wp\/v2\/posts\/12609880","targetHints":{"allow":["GET"]}}],"collection":[{"href":"https:\/\/kapitalis.com\/tunisie\/wp-json\/wp\/v2\/posts"}],"about":[{"href":"https:\/\/kapitalis.com\/tunisie\/wp-json\/wp\/v2\/types\/post"}],"author":[{"embeddable":true,"href":"https:\/\/kapitalis.com\/tunisie\/wp-json\/wp\/v2\/users\/6"}],"replies":[{"embeddable":true,"href":"https:\/\/kapitalis.com\/tunisie\/wp-json\/wp\/v2\/comments?post=12609880"}],"version-history":[{"count":4,"href":"https:\/\/kapitalis.com\/tunisie\/wp-json\/wp\/v2\/posts\/12609880\/revisions"}],"predecessor-version":[{"id":12610537,"href":"https:\/\/kapitalis.com\/tunisie\/wp-json\/wp\/v2\/posts\/12609880\/revisions\/12610537"}],"wp:featuredmedia":[{"embeddable":true,"href":"https:\/\/kapitalis.com\/tunisie\/wp-json\/wp\/v2\/media\/12609921"}],"wp:attachment":[{"href":"https:\/\/kapitalis.com\/tunisie\/wp-json\/wp\/v2\/media?parent=12609880"}],"wp:term":[{"taxonomy":"category","embeddable":true,"href":"https:\/\/kapitalis.com\/tunisie\/wp-json\/wp\/v2\/categories?post=12609880"},{"taxonomy":"post_tag","embeddable":true,"href":"https:\/\/kapitalis.com\/tunisie\/wp-json\/wp\/v2\/tags?post=12609880"}],"curies":[{"name":"wp","href":"https:\/\/api.w.org\/{rel}","templated":true}]}}