{"id":126124,"date":"2017-11-30T14:02:59","date_gmt":"2017-11-30T13:02:59","guid":{"rendered":"http:\/\/kapitalis.com\/tunisie\/?p=126124"},"modified":"2017-11-30T14:02:59","modified_gmt":"2017-11-30T13:02:59","slug":"naissance-de-la-communaute-tunisienne-de-la-realite-augmentee-et-virtuelle","status":"publish","type":"post","link":"https:\/\/kapitalis.com\/tunisie\/2017\/11\/30\/naissance-de-la-communaute-tunisienne-de-la-realite-augmentee-et-virtuelle\/","title":{"rendered":"Naissance de la communaut\u00e9 tunisienne de la r\u00e9alit\u00e9 augment\u00e9e et virtuelle"},"content":{"rendered":"<p style=\"text-align: center;\"><img loading=\"lazy\" decoding=\"async\" class=\"alignnone size-full wp-image-126125\" src=\"http:\/\/kapitalis.com\/tunisie\/wp-content\/uploads\/2017\/11\/Communaute-tunisienne-de-la-realite-augmentee.jpg\" alt=\"\" width=\"626\" height=\"380\" \/><\/p>\n<p><em><strong>Ines Nasri, fondatrice de \u2018\u2018Tunisia Digital Day\u2019\u2019, vient de lancer \u00abTunisia AR\/VR Community\u00bb, la 1\u00e8re communaut\u00e9 tunisienne d\u00e9di\u00e9e \u00e0 ces deux technologies avanc\u00e9es.<\/strong> <\/em><\/p>\n<p><!--more--><\/p>\n<p>La <em>\u00abr\u00e9alit\u00e9 augment\u00e9e\u00bb<\/em> et <em>\u00abr\u00e9alit\u00e9 virtuelle\u00bb<\/em> sont des concepts nouveaux au niveau mondial. Mais gr\u00e2ce \u00e0 leur \u00e9volution rapide, on en parle de plus en plus \u00e0 l\u2019\u00e9chelle internationale et des g\u00e9ants comme Facebook, Google et autres s\u2019y int\u00e9ressent de plus en plus.<\/p>\n<p>Ines Nasri, experte et consultante en communication et strat\u00e9gies digitales depuis plus de 10 ans, chroniqueuse TV, fondatrice du 1er \u00e9v\u00e9nement d\u00e9di\u00e9 au marketing digital en Tunisie, <em>\u2018\u2018Tunisia Digital Day\u2019\u2019<\/em> et surtout connue pour son <em>\u00abTechnology Optimism\u00bb<\/em> qu\u2019elle affiche \u00e0 chacune de ses apparitions lors des conf\u00e9rences et des workshops\u2026 est \u00e0 l\u2019origine d\u2019une nouvelle initiative : Tunisia AR\/VR Community.<\/p>\n<p>Il s\u2019agit de la 1\u00e8re communaut\u00e9 tunisienne d\u00e9di\u00e9e \u00e0 ces deux technologies ultra avanc\u00e9es. Le but est de rassembler tous les acteurs actuels et potentiels au tour de ces deux technologies, favoriser les rencontres et l\u2019\u00e9change entre \u00e9tudiants, professionnels, professeurs, marketeurs, jeunes entrepreneurs et tous les passionn\u00e9s des technologies futuristes&#8230; Et comme aime le dire Mme Nasri: <em>\u00abShake the market !\u00bb<\/em><\/p>\n<p>C\u2019est dans ce cadre que l\u2019\u00e9cole Esprit en la personne de son fondateur et Pdg, Tahar Ben Lakhdar, a montr\u00e9 un grand enthousiasme pour soutenir et participer activement \u00e0 cette action \u00e0 travers un partenariat strat\u00e9gique avec Mme Nasri pour cr\u00e9er et d\u00e9velopper cette communaut\u00e9.<\/p>\n<p>Le premier \u00e9v\u00e9nement de lancement officiel de la communaut\u00e9 tunisienne de la r\u00e9alit\u00e9 augment\u00e9e et la r\u00e9alit\u00e9 virtuelle, a eu lieu le 22 novembre 2017 \u00e0 l\u2019Ecole sup\u00e9rieure priv\u00e9e d\u2019ing\u00e9nierie et de technologies (Esprit).<\/p>\n<p>Positionner la Tunisie en tant que p\u00f4le producteur de concepts et de sp\u00e9cialistes dans la AR et la VR peut pr\u00e9senter une opportunit\u00e9 pour la Tunisie \u00e0 l\u2019\u00e9chelle r\u00e9gionale et internationale au niveau de l\u2019export d\u2019applications, du march\u00e9 de l\u2019emploi et de l\u2019image du pays.<\/p>\n<p><em><strong>Source<\/strong><\/em> : communiqu\u00e9.<\/p>\n<p><a href=\"https:\/\/www.facebook.com\/Tunisia.ARVR.Community\/\"><em><strong>Page Facebook de la communaut\u00e9.<\/strong>\u00a0<\/em><\/a><\/p>\n","protected":false},"excerpt":{"rendered":"<p>Ines Nasri, fondatrice de \u2018\u2018Tunisia Digital Day\u2019\u2019, vient de lancer \u00abTunisia AR\/VR Community\u00bb, la 1\u00e8re communaut\u00e9 tunisienne d\u00e9di\u00e9e \u00e0 ces deux technologies avanc\u00e9es.<\/p>\n","protected":false},"author":8,"featured_media":126125,"comment_status":"open","ping_status":"open","sticky":false,"template":"","format":"standard","meta":{"footnotes":""},"categories":[995,2433],"tags":[1409],"class_list":["post-126124","post","type-post","status-publish","format-standard","has-post-thumbnail","hentry","category-economie","category-tunisie","tag-esprit"],"yoast_head":"<!-- This site is optimized with the Yoast SEO plugin v26.6 - https:\/\/yoast.com\/wordpress\/plugins\/seo\/ -->\n<title>Naissance de la communaut\u00e9 tunisienne de la r\u00e9alit\u00e9 augment\u00e9e et virtuelle - Kapitalis<\/title>\n<meta name=\"robots\" content=\"index, follow, max-snippet:-1, max-image-preview:large, max-video-preview:-1\" \/>\n<link rel=\"canonical\" href=\"https:\/\/kapitalis.com\/tunisie\/2017\/11\/30\/naissance-de-la-communaute-tunisienne-de-la-realite-augmentee-et-virtuelle\/\" \/>\n<meta property=\"og:locale\" content=\"fr_FR\" \/>\n<meta property=\"og:type\" content=\"article\" \/>\n<meta property=\"og:title\" content=\"Naissance de la communaut\u00e9 tunisienne de la r\u00e9alit\u00e9 augment\u00e9e et virtuelle - Kapitalis\" \/>\n<meta property=\"og:description\" content=\"Ines Nasri, fondatrice de \u2018\u2018Tunisia Digital Day\u2019\u2019, vient de lancer \u00abTunisia AR\/VR Community\u00bb, la 1\u00e8re communaut\u00e9 tunisienne d\u00e9di\u00e9e \u00e0 ces deux technologies avanc\u00e9es.\" \/>\n<meta property=\"og:url\" content=\"https:\/\/kapitalis.com\/tunisie\/2017\/11\/30\/naissance-de-la-communaute-tunisienne-de-la-realite-augmentee-et-virtuelle\/\" \/>\n<meta property=\"og:site_name\" content=\"Kapitalis\" \/>\n<meta property=\"article:publisher\" content=\"https:\/\/www.facebook.com\/KapitalisInfo\/\" \/>\n<meta property=\"article:published_time\" content=\"2017-11-30T13:02:59+00:00\" \/>\n<meta property=\"og:image\" content=\"https:\/\/kapitalis.com\/tunisie\/wp-content\/uploads\/2022\/05\/kapitalis-logo-fb.png\" \/>\n\t<meta property=\"og:image:width\" content=\"1200\" \/>\n\t<meta property=\"og:image:height\" content=\"630\" \/>\n\t<meta property=\"og:image:type\" content=\"image\/png\" \/>\n<meta name=\"author\" content=\"webmaster kapitalis\" \/>\n<meta name=\"twitter:card\" content=\"summary_large_image\" \/>\n<meta name=\"twitter:creator\" content=\"@KapitalisInfo\" \/>\n<meta name=\"twitter:site\" content=\"@KapitalisInfo\" \/>\n<meta name=\"twitter:label1\" content=\"\u00c9crit par\" \/>\n\t<meta name=\"twitter:data1\" content=\"webmaster kapitalis\" \/>\n\t<meta name=\"twitter:label2\" content=\"Dur\u00e9e de lecture estim\u00e9e\" \/>\n\t<meta name=\"twitter:data2\" content=\"2 minutes\" \/>\n<script type=\"application\/ld+json\" class=\"yoast-schema-graph\">{\"@context\":\"https:\/\/schema.org\",\"@graph\":[{\"@type\":\"Article\",\"@id\":\"https:\/\/kapitalis.com\/tunisie\/2017\/11\/30\/naissance-de-la-communaute-tunisienne-de-la-realite-augmentee-et-virtuelle\/#article\",\"isPartOf\":{\"@id\":\"https:\/\/kapitalis.com\/tunisie\/2017\/11\/30\/naissance-de-la-communaute-tunisienne-de-la-realite-augmentee-et-virtuelle\/\"},\"author\":{\"name\":\"webmaster kapitalis\",\"@id\":\"https:\/\/kapitalis.com\/tunisie\/#\/schema\/person\/d71f33a9ca44f7bad4698210b480c8e9\"},\"headline\":\"Naissance de la communaut\u00e9 tunisienne de la r\u00e9alit\u00e9 augment\u00e9e et virtuelle\",\"datePublished\":\"2017-11-30T13:02:59+00:00\",\"mainEntityOfPage\":{\"@id\":\"https:\/\/kapitalis.com\/tunisie\/2017\/11\/30\/naissance-de-la-communaute-tunisienne-de-la-realite-augmentee-et-virtuelle\/\"},\"wordCount\":365,\"commentCount\":0,\"publisher\":{\"@id\":\"https:\/\/kapitalis.com\/tunisie\/#organization\"},\"image\":{\"@id\":\"https:\/\/kapitalis.com\/tunisie\/2017\/11\/30\/naissance-de-la-communaute-tunisienne-de-la-realite-augmentee-et-virtuelle\/#primaryimage\"},\"thumbnailUrl\":\"\",\"keywords\":[\"Esprit\"],\"articleSection\":[\"ECONOMIE\",\"Tunisie\"],\"inLanguage\":\"fr-FR\",\"potentialAction\":[{\"@type\":\"CommentAction\",\"name\":\"Comment\",\"target\":[\"https:\/\/kapitalis.com\/tunisie\/2017\/11\/30\/naissance-de-la-communaute-tunisienne-de-la-realite-augmentee-et-virtuelle\/#respond\"]}]},{\"@type\":\"WebPage\",\"@id\":\"https:\/\/kapitalis.com\/tunisie\/2017\/11\/30\/naissance-de-la-communaute-tunisienne-de-la-realite-augmentee-et-virtuelle\/\",\"url\":\"https:\/\/kapitalis.com\/tunisie\/2017\/11\/30\/naissance-de-la-communaute-tunisienne-de-la-realite-augmentee-et-virtuelle\/\",\"name\":\"Naissance de la communaut\u00e9 tunisienne de la r\u00e9alit\u00e9 augment\u00e9e et virtuelle - Kapitalis\",\"isPartOf\":{\"@id\":\"https:\/\/kapitalis.com\/tunisie\/#website\"},\"primaryImageOfPage\":{\"@id\":\"https:\/\/kapitalis.com\/tunisie\/2017\/11\/30\/naissance-de-la-communaute-tunisienne-de-la-realite-augmentee-et-virtuelle\/#primaryimage\"},\"image\":{\"@id\":\"https:\/\/kapitalis.com\/tunisie\/2017\/11\/30\/naissance-de-la-communaute-tunisienne-de-la-realite-augmentee-et-virtuelle\/#primaryimage\"},\"thumbnailUrl\":\"\",\"datePublished\":\"2017-11-30T13:02:59+00:00\",\"breadcrumb\":{\"@id\":\"https:\/\/kapitalis.com\/tunisie\/2017\/11\/30\/naissance-de-la-communaute-tunisienne-de-la-realite-augmentee-et-virtuelle\/#breadcrumb\"},\"inLanguage\":\"fr-FR\",\"potentialAction\":[{\"@type\":\"ReadAction\",\"target\":[\"https:\/\/kapitalis.com\/tunisie\/2017\/11\/30\/naissance-de-la-communaute-tunisienne-de-la-realite-augmentee-et-virtuelle\/\"]}]},{\"@type\":\"ImageObject\",\"inLanguage\":\"fr-FR\",\"@id\":\"https:\/\/kapitalis.com\/tunisie\/2017\/11\/30\/naissance-de-la-communaute-tunisienne-de-la-realite-augmentee-et-virtuelle\/#primaryimage\",\"url\":\"\",\"contentUrl\":\"\"},{\"@type\":\"BreadcrumbList\",\"@id\":\"https:\/\/kapitalis.com\/tunisie\/2017\/11\/30\/naissance-de-la-communaute-tunisienne-de-la-realite-augmentee-et-virtuelle\/#breadcrumb\",\"itemListElement\":[{\"@type\":\"ListItem\",\"position\":1,\"name\":\"Accueil\",\"item\":\"https:\/\/kapitalis.com\/tunisie\/\"},{\"@type\":\"ListItem\",\"position\":2,\"name\":\"Naissance de la communaut\u00e9 tunisienne de la r\u00e9alit\u00e9 augment\u00e9e et virtuelle\"}]},{\"@type\":\"WebSite\",\"@id\":\"https:\/\/kapitalis.com\/tunisie\/#website\",\"url\":\"https:\/\/kapitalis.com\/tunisie\/\",\"name\":\"Kapitalis\",\"description\":\"L&#039;actualit\u00e9 en Tunisie et dans le monde\",\"publisher\":{\"@id\":\"https:\/\/kapitalis.com\/tunisie\/#organization\"},\"potentialAction\":[{\"@type\":\"SearchAction\",\"target\":{\"@type\":\"EntryPoint\",\"urlTemplate\":\"https:\/\/kapitalis.com\/tunisie\/?s={search_term_string}\"},\"query-input\":{\"@type\":\"PropertyValueSpecification\",\"valueRequired\":true,\"valueName\":\"search_term_string\"}}],\"inLanguage\":\"fr-FR\"},{\"@type\":\"Organization\",\"@id\":\"https:\/\/kapitalis.com\/tunisie\/#organization\",\"name\":\"Kapitalis\",\"url\":\"https:\/\/kapitalis.com\/tunisie\/\",\"logo\":{\"@type\":\"ImageObject\",\"inLanguage\":\"fr-FR\",\"@id\":\"https:\/\/kapitalis.com\/tunisie\/#\/schema\/logo\/image\/\",\"url\":\"https:\/\/kapitalis.com\/tunisie\/wp-content\/uploads\/2022\/05\/Kapitalis-big-size.png\",\"contentUrl\":\"https:\/\/kapitalis.com\/tunisie\/wp-content\/uploads\/2022\/05\/Kapitalis-big-size.png\",\"width\":5000,\"height\":1500,\"caption\":\"Kapitalis\"},\"image\":{\"@id\":\"https:\/\/kapitalis.com\/tunisie\/#\/schema\/logo\/image\/\"},\"sameAs\":[\"https:\/\/www.facebook.com\/KapitalisInfo\/\",\"https:\/\/x.com\/KapitalisInfo\",\"https:\/\/www.youtube.com\/channel\/UC-yDYrHyfFBWWZaOw3FPg9Q\"]},{\"@type\":\"Person\",\"@id\":\"https:\/\/kapitalis.com\/tunisie\/#\/schema\/person\/d71f33a9ca44f7bad4698210b480c8e9\",\"name\":\"webmaster kapitalis\",\"url\":\"https:\/\/kapitalis.com\/tunisie\/author\/webmaster-kapitalis\/\"}]}<\/script>\n<!-- \/ Yoast SEO plugin. -->","yoast_head_json":{"title":"Naissance de la communaut\u00e9 tunisienne de la r\u00e9alit\u00e9 augment\u00e9e et virtuelle - Kapitalis","robots":{"index":"index","follow":"follow","max-snippet":"max-snippet:-1","max-image-preview":"max-image-preview:large","max-video-preview":"max-video-preview:-1"},"canonical":"https:\/\/kapitalis.com\/tunisie\/2017\/11\/30\/naissance-de-la-communaute-tunisienne-de-la-realite-augmentee-et-virtuelle\/","og_locale":"fr_FR","og_type":"article","og_title":"Naissance de la communaut\u00e9 tunisienne de la r\u00e9alit\u00e9 augment\u00e9e et virtuelle - Kapitalis","og_description":"Ines Nasri, fondatrice de \u2018\u2018Tunisia Digital Day\u2019\u2019, vient de lancer \u00abTunisia AR\/VR Community\u00bb, la 1\u00e8re communaut\u00e9 tunisienne d\u00e9di\u00e9e \u00e0 ces deux technologies avanc\u00e9es.","og_url":"https:\/\/kapitalis.com\/tunisie\/2017\/11\/30\/naissance-de-la-communaute-tunisienne-de-la-realite-augmentee-et-virtuelle\/","og_site_name":"Kapitalis","article_publisher":"https:\/\/www.facebook.com\/KapitalisInfo\/","article_published_time":"2017-11-30T13:02:59+00:00","og_image":[{"width":1200,"height":630,"url":"https:\/\/kapitalis.com\/tunisie\/wp-content\/uploads\/2022\/05\/kapitalis-logo-fb.png","type":"image\/png"}],"author":"webmaster kapitalis","twitter_card":"summary_large_image","twitter_creator":"@KapitalisInfo","twitter_site":"@KapitalisInfo","twitter_misc":{"\u00c9crit par":"webmaster kapitalis","Dur\u00e9e de lecture estim\u00e9e":"2 minutes"},"schema":{"@context":"https:\/\/schema.org","@graph":[{"@type":"Article","@id":"https:\/\/kapitalis.com\/tunisie\/2017\/11\/30\/naissance-de-la-communaute-tunisienne-de-la-realite-augmentee-et-virtuelle\/#article","isPartOf":{"@id":"https:\/\/kapitalis.com\/tunisie\/2017\/11\/30\/naissance-de-la-communaute-tunisienne-de-la-realite-augmentee-et-virtuelle\/"},"author":{"name":"webmaster kapitalis","@id":"https:\/\/kapitalis.com\/tunisie\/#\/schema\/person\/d71f33a9ca44f7bad4698210b480c8e9"},"headline":"Naissance de la communaut\u00e9 tunisienne de la r\u00e9alit\u00e9 augment\u00e9e et virtuelle","datePublished":"2017-11-30T13:02:59+00:00","mainEntityOfPage":{"@id":"https:\/\/kapitalis.com\/tunisie\/2017\/11\/30\/naissance-de-la-communaute-tunisienne-de-la-realite-augmentee-et-virtuelle\/"},"wordCount":365,"commentCount":0,"publisher":{"@id":"https:\/\/kapitalis.com\/tunisie\/#organization"},"image":{"@id":"https:\/\/kapitalis.com\/tunisie\/2017\/11\/30\/naissance-de-la-communaute-tunisienne-de-la-realite-augmentee-et-virtuelle\/#primaryimage"},"thumbnailUrl":"","keywords":["Esprit"],"articleSection":["ECONOMIE","Tunisie"],"inLanguage":"fr-FR","potentialAction":[{"@type":"CommentAction","name":"Comment","target":["https:\/\/kapitalis.com\/tunisie\/2017\/11\/30\/naissance-de-la-communaute-tunisienne-de-la-realite-augmentee-et-virtuelle\/#respond"]}]},{"@type":"WebPage","@id":"https:\/\/kapitalis.com\/tunisie\/2017\/11\/30\/naissance-de-la-communaute-tunisienne-de-la-realite-augmentee-et-virtuelle\/","url":"https:\/\/kapitalis.com\/tunisie\/2017\/11\/30\/naissance-de-la-communaute-tunisienne-de-la-realite-augmentee-et-virtuelle\/","name":"Naissance de la communaut\u00e9 tunisienne de la r\u00e9alit\u00e9 augment\u00e9e et virtuelle - Kapitalis","isPartOf":{"@id":"https:\/\/kapitalis.com\/tunisie\/#website"},"primaryImageOfPage":{"@id":"https:\/\/kapitalis.com\/tunisie\/2017\/11\/30\/naissance-de-la-communaute-tunisienne-de-la-realite-augmentee-et-virtuelle\/#primaryimage"},"image":{"@id":"https:\/\/kapitalis.com\/tunisie\/2017\/11\/30\/naissance-de-la-communaute-tunisienne-de-la-realite-augmentee-et-virtuelle\/#primaryimage"},"thumbnailUrl":"","datePublished":"2017-11-30T13:02:59+00:00","breadcrumb":{"@id":"https:\/\/kapitalis.com\/tunisie\/2017\/11\/30\/naissance-de-la-communaute-tunisienne-de-la-realite-augmentee-et-virtuelle\/#breadcrumb"},"inLanguage":"fr-FR","potentialAction":[{"@type":"ReadAction","target":["https:\/\/kapitalis.com\/tunisie\/2017\/11\/30\/naissance-de-la-communaute-tunisienne-de-la-realite-augmentee-et-virtuelle\/"]}]},{"@type":"ImageObject","inLanguage":"fr-FR","@id":"https:\/\/kapitalis.com\/tunisie\/2017\/11\/30\/naissance-de-la-communaute-tunisienne-de-la-realite-augmentee-et-virtuelle\/#primaryimage","url":"","contentUrl":""},{"@type":"BreadcrumbList","@id":"https:\/\/kapitalis.com\/tunisie\/2017\/11\/30\/naissance-de-la-communaute-tunisienne-de-la-realite-augmentee-et-virtuelle\/#breadcrumb","itemListElement":[{"@type":"ListItem","position":1,"name":"Accueil","item":"https:\/\/kapitalis.com\/tunisie\/"},{"@type":"ListItem","position":2,"name":"Naissance de la communaut\u00e9 tunisienne de la r\u00e9alit\u00e9 augment\u00e9e et virtuelle"}]},{"@type":"WebSite","@id":"https:\/\/kapitalis.com\/tunisie\/#website","url":"https:\/\/kapitalis.com\/tunisie\/","name":"Kapitalis","description":"L&#039;actualit\u00e9 en Tunisie et dans le monde","publisher":{"@id":"https:\/\/kapitalis.com\/tunisie\/#organization"},"potentialAction":[{"@type":"SearchAction","target":{"@type":"EntryPoint","urlTemplate":"https:\/\/kapitalis.com\/tunisie\/?s={search_term_string}"},"query-input":{"@type":"PropertyValueSpecification","valueRequired":true,"valueName":"search_term_string"}}],"inLanguage":"fr-FR"},{"@type":"Organization","@id":"https:\/\/kapitalis.com\/tunisie\/#organization","name":"Kapitalis","url":"https:\/\/kapitalis.com\/tunisie\/","logo":{"@type":"ImageObject","inLanguage":"fr-FR","@id":"https:\/\/kapitalis.com\/tunisie\/#\/schema\/logo\/image\/","url":"https:\/\/kapitalis.com\/tunisie\/wp-content\/uploads\/2022\/05\/Kapitalis-big-size.png","contentUrl":"https:\/\/kapitalis.com\/tunisie\/wp-content\/uploads\/2022\/05\/Kapitalis-big-size.png","width":5000,"height":1500,"caption":"Kapitalis"},"image":{"@id":"https:\/\/kapitalis.com\/tunisie\/#\/schema\/logo\/image\/"},"sameAs":["https:\/\/www.facebook.com\/KapitalisInfo\/","https:\/\/x.com\/KapitalisInfo","https:\/\/www.youtube.com\/channel\/UC-yDYrHyfFBWWZaOw3FPg9Q"]},{"@type":"Person","@id":"https:\/\/kapitalis.com\/tunisie\/#\/schema\/person\/d71f33a9ca44f7bad4698210b480c8e9","name":"webmaster kapitalis","url":"https:\/\/kapitalis.com\/tunisie\/author\/webmaster-kapitalis\/"}]}},"_links":{"self":[{"href":"https:\/\/kapitalis.com\/tunisie\/wp-json\/wp\/v2\/posts\/126124","targetHints":{"allow":["GET"]}}],"collection":[{"href":"https:\/\/kapitalis.com\/tunisie\/wp-json\/wp\/v2\/posts"}],"about":[{"href":"https:\/\/kapitalis.com\/tunisie\/wp-json\/wp\/v2\/types\/post"}],"author":[{"embeddable":true,"href":"https:\/\/kapitalis.com\/tunisie\/wp-json\/wp\/v2\/users\/8"}],"replies":[{"embeddable":true,"href":"https:\/\/kapitalis.com\/tunisie\/wp-json\/wp\/v2\/comments?post=126124"}],"version-history":[{"count":0,"href":"https:\/\/kapitalis.com\/tunisie\/wp-json\/wp\/v2\/posts\/126124\/revisions"}],"wp:featuredmedia":[{"embeddable":true,"href":"https:\/\/kapitalis.com\/tunisie\/wp-json\/wp\/v2\/media\/126125"}],"wp:attachment":[{"href":"https:\/\/kapitalis.com\/tunisie\/wp-json\/wp\/v2\/media?parent=126124"}],"wp:term":[{"taxonomy":"category","embeddable":true,"href":"https:\/\/kapitalis.com\/tunisie\/wp-json\/wp\/v2\/categories?post=126124"},{"taxonomy":"post_tag","embeddable":true,"href":"https:\/\/kapitalis.com\/tunisie\/wp-json\/wp\/v2\/tags?post=126124"}],"curies":[{"name":"wp","href":"https:\/\/api.w.org\/{rel}","templated":true}]}}