{"id":126787,"date":"2017-12-05T13:21:50","date_gmt":"2017-12-05T12:21:50","guid":{"rendered":"http:\/\/kapitalis.com\/tunisie\/?p=126787"},"modified":"2017-12-05T13:25:17","modified_gmt":"2017-12-05T12:25:17","slug":"aymen-jouini-toubel-a-promis-de-me-nommer-delegue","status":"publish","type":"post","link":"https:\/\/kapitalis.com\/tunisie\/2017\/12\/05\/aymen-jouini-toubel-a-promis-de-me-nommer-delegue\/","title":{"rendered":"Aymen Jouini : Toubel a promis de me nommer d\u00e9l\u00e9gu\u00e9"},"content":{"rendered":"<p style=\"text-align: center;\"><img loading=\"lazy\" decoding=\"async\" class=\"alignnone size-full wp-image-126794\" src=\"http:\/\/kapitalis.com\/tunisie\/wp-content\/uploads\/2017\/12\/Toubel_Jouni_Chahed.jpg\" alt=\"\" width=\"626\" height=\"380\" \/><\/p>\n<p><em><strong>Le pr\u00e9sident du bloc Nidaa, Sofiene Toubel, aurait demand\u00e9 \u00e0 Youssef Jouini de lui transmettre le CV de son fils Aymen pour qu&rsquo;il soit nomm\u00e9 d\u00e9l\u00e9gu\u00e9 de Mnihla (Ariana).<\/strong><\/em><!--more--><\/p>\n<p>C&rsquo;est ce qu&rsquo;a assur\u00e9 Aymen Jouini lui-m\u00eame, fils du d\u00e9put\u00e9 d\u00e9missionnaire de Nidaa Tounes, Youssef Jouini, dans une intervention t\u00e9l\u00e9phonique dans l&rsquo;\u00e9mission <em>\u00ab\u00a0Le fin mot de l&rsquo;histoire<\/em>\u00a0\u00bb sur la cha\u00eene priv\u00e9e Hannibal TV, hier, lundi 4 d\u00e9cembre 2017, en pr\u00e9cisant que Sofiene Toubel avait contact\u00e9 son p\u00e8re par t\u00e9l\u00e9phone, sur instruction\u00a0de Hafedh Caid Essebsi,\u00a0directeur ex\u00e9cutif autoproclam\u00e9 de Nidaa,\u00a0lui demandant de lui envoyer le CV et le num\u00e9ro de t\u00e9l\u00e9phone de son fils.<\/p>\n<p>\u00ab<em>Hafedh va le nommer d\u00e9l\u00e9gu\u00e9 (sous-pr\u00e9fet, Ndlr)\u00a0<\/em><em>de Mnihla mais ne le dis \u00e0 personne. Envoie-<\/em><em>moi le CV sur Messenger<\/em>\u00bb, a lanc\u00e9\u00a0Sofiene Toubel \u00e0 Youssef Jouini dans\u00a0l&rsquo;enregistrement audio diffus\u00e9\u00a0par Aymen Jouini sur son compte Facebook et rediffus\u00e9 \u00e0 sa demande par l&rsquo;\u00e9mission cit\u00e9e ci-haut.<\/p>\n<div class=\"embed\">\n<div class=\"video\"><iframe loading=\"lazy\" src=\"\/\/www.dailymotion.com\/embed\/video\/x6b3kj5\" width=\"480\" height=\"270\" frameborder=\"0\" allowfullscreen=\"allowfullscreen\"><\/iframe><\/div>\n<\/div>\n<p>Aymen a, par ailleurs, indiqu\u00e9 que ce m\u00eame poste lui avait \u00e9t\u00e9 propos\u00e9, en 2015, lorsqu&rsquo;il \u00e9tait encore membre de l&rsquo;Union patriotique libre (UPL), ajoutant que la pol\u00e9mique a \u00e9t\u00e9 d\u00e9clench\u00e9e suite au retour de Abdelaziz Kotti \u00e0 Nidaa et la signature d&rsquo;une p\u00e9tition pour le limogeage du d\u00e9l\u00e9gu\u00e9 de Mnihla.<\/p>\n<p>A l&rsquo;\u00e9vidence, en bon ex-RCDiste, Toubel pratique le n\u00e9potisme et le client\u00e9lisme comme il respire. C&rsquo;est \u00e0 ces pratiques d&rsquo;un autre \u00e2ge, et qui sont la n\u00e9gation m\u00eame de la d\u00e9mocratie, que ce d\u00e9put\u00e9 confond (et r\u00e9duit) la politique, ou pour \u00eatre plus pr\u00e9cis, la\u00a0\u00ab<em>boulitique<\/em>\u00bb dans toute sa splendeur.<\/p>\n<p style=\"text-align: right;\"><strong>E. B. A.<\/strong><\/p>\n<blockquote class=\"wp-embedded-content\" data-secret=\"azVN3Vs1uS\"><p><a href=\"https:\/\/kapitalis.com\/tunisie\/2017\/11\/29\/le-fils-du-depute-jouini-nomme-delegue-de-mnihla-dementi-du-gouvernement\/\">Le fils du d\u00e9put\u00e9 Jouini nomm\u00e9 d\u00e9l\u00e9gu\u00e9 de Mnihla : D\u00e9menti du gouvernement<\/a><\/p><\/blockquote>\n<p><iframe loading=\"lazy\" class=\"wp-embedded-content\" sandbox=\"allow-scripts\" security=\"restricted\" style=\"position: absolute; clip: rect(1px, 1px, 1px, 1px);\" title=\"\u00ab\u00a0Le fils du d\u00e9put\u00e9 Jouini nomm\u00e9 d\u00e9l\u00e9gu\u00e9 de Mnihla : D\u00e9menti du gouvernement\u00a0\u00bb &#8212; Kapitalis\" src=\"https:\/\/kapitalis.com\/tunisie\/2017\/11\/29\/le-fils-du-depute-jouini-nomme-delegue-de-mnihla-dementi-du-gouvernement\/embed\/#?secret=Q101i333Ci#?secret=azVN3Vs1uS\" data-secret=\"azVN3Vs1uS\" width=\"600\" height=\"338\" frameborder=\"0\" marginwidth=\"0\" marginheight=\"0\" scrolling=\"no\"><\/iframe><\/p>\n","protected":false},"excerpt":{"rendered":"<p>Le pr\u00e9sident du bloc Nidaa, Sofiene Toubel, aurait demand\u00e9 \u00e0 Youssef Jouini de lui transmettre le CV de son fils Aymen pour qu&rsquo;il soit nomm\u00e9 d\u00e9l\u00e9gu\u00e9 de Mnihla (Ariana).<\/p>\n","protected":false},"author":16,"featured_media":126794,"comment_status":"open","ping_status":"open","sticky":false,"template":"","format":"standard","meta":{"footnotes":""},"categories":[997,2433,4806],"tags":[3175,79,8459,19125,12702],"class_list":["post-126787","post","type-post","status-publish","format-standard","has-post-thumbnail","hentry","category-politique","category-tunisie","category-videos","tag-abdelaziz-kotti","tag-ariana","tag-mnihla","tag-sofiene-toubel","tag-youssef-jouini"],"yoast_head":"<!-- This site is optimized with the Yoast SEO plugin v26.6 - https:\/\/yoast.com\/wordpress\/plugins\/seo\/ -->\n<title>Aymen Jouini : Toubel a promis de me nommer d\u00e9l\u00e9gu\u00e9 - Kapitalis<\/title>\n<meta name=\"robots\" content=\"index, follow, max-snippet:-1, max-image-preview:large, max-video-preview:-1\" \/>\n<link rel=\"canonical\" href=\"https:\/\/kapitalis.com\/tunisie\/2017\/12\/05\/aymen-jouini-toubel-a-promis-de-me-nommer-delegue\/\" \/>\n<meta property=\"og:locale\" content=\"fr_FR\" \/>\n<meta property=\"og:type\" content=\"article\" \/>\n<meta property=\"og:title\" content=\"Aymen Jouini : Toubel a promis de me nommer d\u00e9l\u00e9gu\u00e9 - Kapitalis\" \/>\n<meta property=\"og:description\" content=\"Le pr\u00e9sident du bloc Nidaa, Sofiene Toubel, aurait demand\u00e9 \u00e0 Youssef Jouini de lui transmettre le CV de son fils Aymen pour qu&rsquo;il soit nomm\u00e9 d\u00e9l\u00e9gu\u00e9 de Mnihla (Ariana).\" \/>\n<meta property=\"og:url\" content=\"https:\/\/kapitalis.com\/tunisie\/2017\/12\/05\/aymen-jouini-toubel-a-promis-de-me-nommer-delegue\/\" \/>\n<meta property=\"og:site_name\" content=\"Kapitalis\" \/>\n<meta property=\"article:publisher\" content=\"https:\/\/www.facebook.com\/KapitalisInfo\/\" \/>\n<meta property=\"article:published_time\" content=\"2017-12-05T12:21:50+00:00\" \/>\n<meta property=\"article:modified_time\" content=\"2017-12-05T12:25:17+00:00\" \/>\n<meta property=\"og:image\" content=\"https:\/\/kapitalis.com\/tunisie\/wp-content\/uploads\/2022\/05\/kapitalis-logo-fb.png\" \/>\n\t<meta property=\"og:image:width\" content=\"1200\" \/>\n\t<meta property=\"og:image:height\" content=\"630\" \/>\n\t<meta property=\"og:image:type\" content=\"image\/png\" \/>\n<meta name=\"author\" content=\"emna benabdallah\" \/>\n<meta name=\"twitter:card\" content=\"summary_large_image\" \/>\n<meta name=\"twitter:creator\" content=\"@KapitalisInfo\" \/>\n<meta name=\"twitter:site\" content=\"@KapitalisInfo\" \/>\n<meta name=\"twitter:label1\" content=\"\u00c9crit par\" \/>\n\t<meta name=\"twitter:data1\" content=\"emna benabdallah\" \/>\n\t<meta name=\"twitter:label2\" content=\"Dur\u00e9e de lecture estim\u00e9e\" \/>\n\t<meta name=\"twitter:data2\" content=\"1 minute\" \/>\n<script type=\"application\/ld+json\" class=\"yoast-schema-graph\">{\"@context\":\"https:\/\/schema.org\",\"@graph\":[{\"@type\":\"Article\",\"@id\":\"https:\/\/kapitalis.com\/tunisie\/2017\/12\/05\/aymen-jouini-toubel-a-promis-de-me-nommer-delegue\/#article\",\"isPartOf\":{\"@id\":\"https:\/\/kapitalis.com\/tunisie\/2017\/12\/05\/aymen-jouini-toubel-a-promis-de-me-nommer-delegue\/\"},\"author\":{\"name\":\"emna benabdallah\",\"@id\":\"https:\/\/kapitalis.com\/tunisie\/#\/schema\/person\/2c6e134b2f3369dffcd1daf5f087d28b\"},\"headline\":\"Aymen Jouini : Toubel a promis de me nommer d\u00e9l\u00e9gu\u00e9\",\"datePublished\":\"2017-12-05T12:21:50+00:00\",\"dateModified\":\"2017-12-05T12:25:17+00:00\",\"mainEntityOfPage\":{\"@id\":\"https:\/\/kapitalis.com\/tunisie\/2017\/12\/05\/aymen-jouini-toubel-a-promis-de-me-nommer-delegue\/\"},\"wordCount\":304,\"commentCount\":5,\"publisher\":{\"@id\":\"https:\/\/kapitalis.com\/tunisie\/#organization\"},\"image\":{\"@id\":\"https:\/\/kapitalis.com\/tunisie\/2017\/12\/05\/aymen-jouini-toubel-a-promis-de-me-nommer-delegue\/#primaryimage\"},\"thumbnailUrl\":\"\",\"keywords\":[\"Abdelaziz Kotti\",\"Ariana\",\"Mnihla\",\"Sofi\u00e8ne Toubel\",\"Youssef Jouini\"],\"articleSection\":[\"POLITIQUE\",\"Tunisie\",\"VIDEOS\"],\"inLanguage\":\"fr-FR\",\"potentialAction\":[{\"@type\":\"CommentAction\",\"name\":\"Comment\",\"target\":[\"https:\/\/kapitalis.com\/tunisie\/2017\/12\/05\/aymen-jouini-toubel-a-promis-de-me-nommer-delegue\/#respond\"]}]},{\"@type\":\"WebPage\",\"@id\":\"https:\/\/kapitalis.com\/tunisie\/2017\/12\/05\/aymen-jouini-toubel-a-promis-de-me-nommer-delegue\/\",\"url\":\"https:\/\/kapitalis.com\/tunisie\/2017\/12\/05\/aymen-jouini-toubel-a-promis-de-me-nommer-delegue\/\",\"name\":\"Aymen Jouini : Toubel a promis de me nommer d\u00e9l\u00e9gu\u00e9 - Kapitalis\",\"isPartOf\":{\"@id\":\"https:\/\/kapitalis.com\/tunisie\/#website\"},\"primaryImageOfPage\":{\"@id\":\"https:\/\/kapitalis.com\/tunisie\/2017\/12\/05\/aymen-jouini-toubel-a-promis-de-me-nommer-delegue\/#primaryimage\"},\"image\":{\"@id\":\"https:\/\/kapitalis.com\/tunisie\/2017\/12\/05\/aymen-jouini-toubel-a-promis-de-me-nommer-delegue\/#primaryimage\"},\"thumbnailUrl\":\"\",\"datePublished\":\"2017-12-05T12:21:50+00:00\",\"dateModified\":\"2017-12-05T12:25:17+00:00\",\"breadcrumb\":{\"@id\":\"https:\/\/kapitalis.com\/tunisie\/2017\/12\/05\/aymen-jouini-toubel-a-promis-de-me-nommer-delegue\/#breadcrumb\"},\"inLanguage\":\"fr-FR\",\"potentialAction\":[{\"@type\":\"ReadAction\",\"target\":[\"https:\/\/kapitalis.com\/tunisie\/2017\/12\/05\/aymen-jouini-toubel-a-promis-de-me-nommer-delegue\/\"]}]},{\"@type\":\"ImageObject\",\"inLanguage\":\"fr-FR\",\"@id\":\"https:\/\/kapitalis.com\/tunisie\/2017\/12\/05\/aymen-jouini-toubel-a-promis-de-me-nommer-delegue\/#primaryimage\",\"url\":\"\",\"contentUrl\":\"\"},{\"@type\":\"BreadcrumbList\",\"@id\":\"https:\/\/kapitalis.com\/tunisie\/2017\/12\/05\/aymen-jouini-toubel-a-promis-de-me-nommer-delegue\/#breadcrumb\",\"itemListElement\":[{\"@type\":\"ListItem\",\"position\":1,\"name\":\"Accueil\",\"item\":\"https:\/\/kapitalis.com\/tunisie\/\"},{\"@type\":\"ListItem\",\"position\":2,\"name\":\"Aymen Jouini : Toubel a promis de me nommer d\u00e9l\u00e9gu\u00e9\"}]},{\"@type\":\"WebSite\",\"@id\":\"https:\/\/kapitalis.com\/tunisie\/#website\",\"url\":\"https:\/\/kapitalis.com\/tunisie\/\",\"name\":\"Kapitalis\",\"description\":\"L&#039;actualit\u00e9 en Tunisie et dans le monde\",\"publisher\":{\"@id\":\"https:\/\/kapitalis.com\/tunisie\/#organization\"},\"potentialAction\":[{\"@type\":\"SearchAction\",\"target\":{\"@type\":\"EntryPoint\",\"urlTemplate\":\"https:\/\/kapitalis.com\/tunisie\/?s={search_term_string}\"},\"query-input\":{\"@type\":\"PropertyValueSpecification\",\"valueRequired\":true,\"valueName\":\"search_term_string\"}}],\"inLanguage\":\"fr-FR\"},{\"@type\":\"Organization\",\"@id\":\"https:\/\/kapitalis.com\/tunisie\/#organization\",\"name\":\"Kapitalis\",\"url\":\"https:\/\/kapitalis.com\/tunisie\/\",\"logo\":{\"@type\":\"ImageObject\",\"inLanguage\":\"fr-FR\",\"@id\":\"https:\/\/kapitalis.com\/tunisie\/#\/schema\/logo\/image\/\",\"url\":\"https:\/\/kapitalis.com\/tunisie\/wp-content\/uploads\/2022\/05\/Kapitalis-big-size.png\",\"contentUrl\":\"https:\/\/kapitalis.com\/tunisie\/wp-content\/uploads\/2022\/05\/Kapitalis-big-size.png\",\"width\":5000,\"height\":1500,\"caption\":\"Kapitalis\"},\"image\":{\"@id\":\"https:\/\/kapitalis.com\/tunisie\/#\/schema\/logo\/image\/\"},\"sameAs\":[\"https:\/\/www.facebook.com\/KapitalisInfo\/\",\"https:\/\/x.com\/KapitalisInfo\",\"https:\/\/www.youtube.com\/channel\/UC-yDYrHyfFBWWZaOw3FPg9Q\"]},{\"@type\":\"Person\",\"@id\":\"https:\/\/kapitalis.com\/tunisie\/#\/schema\/person\/2c6e134b2f3369dffcd1daf5f087d28b\",\"name\":\"emna benabdallah\",\"url\":\"https:\/\/kapitalis.com\/tunisie\/author\/emna\/\"}]}<\/script>\n<!-- \/ Yoast SEO plugin. -->","yoast_head_json":{"title":"Aymen Jouini : Toubel a promis de me nommer d\u00e9l\u00e9gu\u00e9 - Kapitalis","robots":{"index":"index","follow":"follow","max-snippet":"max-snippet:-1","max-image-preview":"max-image-preview:large","max-video-preview":"max-video-preview:-1"},"canonical":"https:\/\/kapitalis.com\/tunisie\/2017\/12\/05\/aymen-jouini-toubel-a-promis-de-me-nommer-delegue\/","og_locale":"fr_FR","og_type":"article","og_title":"Aymen Jouini : Toubel a promis de me nommer d\u00e9l\u00e9gu\u00e9 - Kapitalis","og_description":"Le pr\u00e9sident du bloc Nidaa, Sofiene Toubel, aurait demand\u00e9 \u00e0 Youssef Jouini de lui transmettre le CV de son fils Aymen pour qu&rsquo;il soit nomm\u00e9 d\u00e9l\u00e9gu\u00e9 de Mnihla (Ariana).","og_url":"https:\/\/kapitalis.com\/tunisie\/2017\/12\/05\/aymen-jouini-toubel-a-promis-de-me-nommer-delegue\/","og_site_name":"Kapitalis","article_publisher":"https:\/\/www.facebook.com\/KapitalisInfo\/","article_published_time":"2017-12-05T12:21:50+00:00","article_modified_time":"2017-12-05T12:25:17+00:00","og_image":[{"width":1200,"height":630,"url":"https:\/\/kapitalis.com\/tunisie\/wp-content\/uploads\/2022\/05\/kapitalis-logo-fb.png","type":"image\/png"}],"author":"emna benabdallah","twitter_card":"summary_large_image","twitter_creator":"@KapitalisInfo","twitter_site":"@KapitalisInfo","twitter_misc":{"\u00c9crit par":"emna benabdallah","Dur\u00e9e de lecture estim\u00e9e":"1 minute"},"schema":{"@context":"https:\/\/schema.org","@graph":[{"@type":"Article","@id":"https:\/\/kapitalis.com\/tunisie\/2017\/12\/05\/aymen-jouini-toubel-a-promis-de-me-nommer-delegue\/#article","isPartOf":{"@id":"https:\/\/kapitalis.com\/tunisie\/2017\/12\/05\/aymen-jouini-toubel-a-promis-de-me-nommer-delegue\/"},"author":{"name":"emna benabdallah","@id":"https:\/\/kapitalis.com\/tunisie\/#\/schema\/person\/2c6e134b2f3369dffcd1daf5f087d28b"},"headline":"Aymen Jouini : Toubel a promis de me nommer d\u00e9l\u00e9gu\u00e9","datePublished":"2017-12-05T12:21:50+00:00","dateModified":"2017-12-05T12:25:17+00:00","mainEntityOfPage":{"@id":"https:\/\/kapitalis.com\/tunisie\/2017\/12\/05\/aymen-jouini-toubel-a-promis-de-me-nommer-delegue\/"},"wordCount":304,"commentCount":5,"publisher":{"@id":"https:\/\/kapitalis.com\/tunisie\/#organization"},"image":{"@id":"https:\/\/kapitalis.com\/tunisie\/2017\/12\/05\/aymen-jouini-toubel-a-promis-de-me-nommer-delegue\/#primaryimage"},"thumbnailUrl":"","keywords":["Abdelaziz Kotti","Ariana","Mnihla","Sofi\u00e8ne Toubel","Youssef Jouini"],"articleSection":["POLITIQUE","Tunisie","VIDEOS"],"inLanguage":"fr-FR","potentialAction":[{"@type":"CommentAction","name":"Comment","target":["https:\/\/kapitalis.com\/tunisie\/2017\/12\/05\/aymen-jouini-toubel-a-promis-de-me-nommer-delegue\/#respond"]}]},{"@type":"WebPage","@id":"https:\/\/kapitalis.com\/tunisie\/2017\/12\/05\/aymen-jouini-toubel-a-promis-de-me-nommer-delegue\/","url":"https:\/\/kapitalis.com\/tunisie\/2017\/12\/05\/aymen-jouini-toubel-a-promis-de-me-nommer-delegue\/","name":"Aymen Jouini : Toubel a promis de me nommer d\u00e9l\u00e9gu\u00e9 - Kapitalis","isPartOf":{"@id":"https:\/\/kapitalis.com\/tunisie\/#website"},"primaryImageOfPage":{"@id":"https:\/\/kapitalis.com\/tunisie\/2017\/12\/05\/aymen-jouini-toubel-a-promis-de-me-nommer-delegue\/#primaryimage"},"image":{"@id":"https:\/\/kapitalis.com\/tunisie\/2017\/12\/05\/aymen-jouini-toubel-a-promis-de-me-nommer-delegue\/#primaryimage"},"thumbnailUrl":"","datePublished":"2017-12-05T12:21:50+00:00","dateModified":"2017-12-05T12:25:17+00:00","breadcrumb":{"@id":"https:\/\/kapitalis.com\/tunisie\/2017\/12\/05\/aymen-jouini-toubel-a-promis-de-me-nommer-delegue\/#breadcrumb"},"inLanguage":"fr-FR","potentialAction":[{"@type":"ReadAction","target":["https:\/\/kapitalis.com\/tunisie\/2017\/12\/05\/aymen-jouini-toubel-a-promis-de-me-nommer-delegue\/"]}]},{"@type":"ImageObject","inLanguage":"fr-FR","@id":"https:\/\/kapitalis.com\/tunisie\/2017\/12\/05\/aymen-jouini-toubel-a-promis-de-me-nommer-delegue\/#primaryimage","url":"","contentUrl":""},{"@type":"BreadcrumbList","@id":"https:\/\/kapitalis.com\/tunisie\/2017\/12\/05\/aymen-jouini-toubel-a-promis-de-me-nommer-delegue\/#breadcrumb","itemListElement":[{"@type":"ListItem","position":1,"name":"Accueil","item":"https:\/\/kapitalis.com\/tunisie\/"},{"@type":"ListItem","position":2,"name":"Aymen Jouini : Toubel a promis de me nommer d\u00e9l\u00e9gu\u00e9"}]},{"@type":"WebSite","@id":"https:\/\/kapitalis.com\/tunisie\/#website","url":"https:\/\/kapitalis.com\/tunisie\/","name":"Kapitalis","description":"L&#039;actualit\u00e9 en Tunisie et dans le monde","publisher":{"@id":"https:\/\/kapitalis.com\/tunisie\/#organization"},"potentialAction":[{"@type":"SearchAction","target":{"@type":"EntryPoint","urlTemplate":"https:\/\/kapitalis.com\/tunisie\/?s={search_term_string}"},"query-input":{"@type":"PropertyValueSpecification","valueRequired":true,"valueName":"search_term_string"}}],"inLanguage":"fr-FR"},{"@type":"Organization","@id":"https:\/\/kapitalis.com\/tunisie\/#organization","name":"Kapitalis","url":"https:\/\/kapitalis.com\/tunisie\/","logo":{"@type":"ImageObject","inLanguage":"fr-FR","@id":"https:\/\/kapitalis.com\/tunisie\/#\/schema\/logo\/image\/","url":"https:\/\/kapitalis.com\/tunisie\/wp-content\/uploads\/2022\/05\/Kapitalis-big-size.png","contentUrl":"https:\/\/kapitalis.com\/tunisie\/wp-content\/uploads\/2022\/05\/Kapitalis-big-size.png","width":5000,"height":1500,"caption":"Kapitalis"},"image":{"@id":"https:\/\/kapitalis.com\/tunisie\/#\/schema\/logo\/image\/"},"sameAs":["https:\/\/www.facebook.com\/KapitalisInfo\/","https:\/\/x.com\/KapitalisInfo","https:\/\/www.youtube.com\/channel\/UC-yDYrHyfFBWWZaOw3FPg9Q"]},{"@type":"Person","@id":"https:\/\/kapitalis.com\/tunisie\/#\/schema\/person\/2c6e134b2f3369dffcd1daf5f087d28b","name":"emna benabdallah","url":"https:\/\/kapitalis.com\/tunisie\/author\/emna\/"}]}},"_links":{"self":[{"href":"https:\/\/kapitalis.com\/tunisie\/wp-json\/wp\/v2\/posts\/126787","targetHints":{"allow":["GET"]}}],"collection":[{"href":"https:\/\/kapitalis.com\/tunisie\/wp-json\/wp\/v2\/posts"}],"about":[{"href":"https:\/\/kapitalis.com\/tunisie\/wp-json\/wp\/v2\/types\/post"}],"author":[{"embeddable":true,"href":"https:\/\/kapitalis.com\/tunisie\/wp-json\/wp\/v2\/users\/16"}],"replies":[{"embeddable":true,"href":"https:\/\/kapitalis.com\/tunisie\/wp-json\/wp\/v2\/comments?post=126787"}],"version-history":[{"count":0,"href":"https:\/\/kapitalis.com\/tunisie\/wp-json\/wp\/v2\/posts\/126787\/revisions"}],"wp:featuredmedia":[{"embeddable":true,"href":"https:\/\/kapitalis.com\/tunisie\/wp-json\/wp\/v2\/media\/126794"}],"wp:attachment":[{"href":"https:\/\/kapitalis.com\/tunisie\/wp-json\/wp\/v2\/media?parent=126787"}],"wp:term":[{"taxonomy":"category","embeddable":true,"href":"https:\/\/kapitalis.com\/tunisie\/wp-json\/wp\/v2\/categories?post=126787"},{"taxonomy":"post_tag","embeddable":true,"href":"https:\/\/kapitalis.com\/tunisie\/wp-json\/wp\/v2\/tags?post=126787"}],"curies":[{"name":"wp","href":"https:\/\/api.w.org\/{rel}","templated":true}]}}