{"id":12694300,"date":"2024-05-19T07:37:00","date_gmt":"2024-05-19T06:37:00","guid":{"rendered":"https:\/\/kapitalis.com\/tunisie\/?p=12694300"},"modified":"2024-05-19T12:39:14","modified_gmt":"2024-05-19T11:39:14","slug":"le-poeme-du-dimanche-ma-bien-aimee-est-noire-par-noureddine-sammoud","status":"publish","type":"post","link":"https:\/\/kapitalis.com\/tunisie\/2024\/05\/19\/le-poeme-du-dimanche-ma-bien-aimee-est-noire-par-noureddine-sammoud\/","title":{"rendered":"Le po\u00e8me du dimanche\u00a0: \u2018\u2018Ma bien-aim\u00e9e est Noire\u2019\u2019 par Noureddine Sammoud"},"content":{"rendered":"\n<p><strong><em>N\u00e9 \u00e0 K\u00e9libia en 1932, Noureddine Sammoud est po\u00e8te, essayiste et universitaire. C\u2019est une voix importante de la po\u00e9sie tunisienne contemporaine.<\/em><\/strong><\/p>\n\n\n\n<!--more-->\n\n\n\n<p>Ayant fait des \u00e9tudes \u00e0 la Zitouna de Tunis, puis au Caire et au Liban, il est l\u2019auteur de nombreux ouvrages dont des recueils (en arabe)&nbsp;: <em>Voyage dans la fragrance<\/em>, 1969&nbsp;; <em>Chansons arabes<\/em>, 1980;<em> Lumi\u00e8re sur lumi\u00e8re<\/em>, 1986.<\/p>\n\n\n\n<p>Son univers m\u00eale po\u00e9sie d\u2019amour\/<em>ghazal<\/em>, attention \u00e0 la nature et patriotisme panarabe, dans une \u00e9criture fine et d\u00e9licate, sans emphase, joignant des formes m\u00e9triques classiques aux vers libres,&nbsp;coulant de source, \u00e0 la musicalit\u00e9 et au rythme rares. Il <a href=\"https:\/\/kapitalis.com\/tunisie\/2022\/01\/11\/deces-de-noureddine-samoud-monument-de-la-poesie-tunisienne-moderne\/\">d\u00e9c\u00e8de <\/a>le 11 janvier 2022.<\/p>\n\n\n\n<p class=\"has-text-align-right\"><strong>Tahar Bekri<\/strong><\/p>\n\n\n\n<p><em>Ma bien-aim\u00e9e est Noire africaine<\/em><\/p>\n\n\n\n<p><em>Du continent du chant<\/em><\/p>\n\n\n\n<p><em>Des profondeurs de la douleur<\/em><\/p>\n\n\n\n<p><em>Tend vers Dieu une paume<\/em><\/p>\n\n\n\n<p><em>Quand elle tambourine<\/em><\/p>\n\n\n\n<p><em>Se tord comme un serpent<\/em><\/p>\n\n\n\n<p><em>Souple et puissante<\/em><\/p>\n\n\n\n<p><em>Son orgueil<\/em><\/p>\n\n\n\n<p><em>Se pr\u00e9senter devant le Cr\u00e9ateur<\/em><\/p>\n\n\n\n<p><em>Presque nue et expressive<\/em><\/p>\n\n\n\n<p><em>Elle l\u00e8ve vers le ciel son nez<\/em><\/p>\n\n\n\n<p><em>Quand elle tambourine<\/em><\/p>\n\n\n\n<p><em>Autour d\u2019elle des Noirs<\/em><\/p>\n\n\n\n<p><em>Au th\u00e9\u00e2tre des verdures<\/em><\/p>\n\n\n\n<p><em>Dans la r\u00e9volte des cymbales<\/em><\/p>\n\n\n\n<p><em>Jaillit une chanson<\/em><\/p>\n\n\n\n<p><em>Dans sa nudit\u00e9 toute la fiert\u00e9<\/em><\/p>\n\n\n\n<p><em>Dans son sourire une g\u00e9n\u00e9rosit\u00e9<\/em><\/p>\n\n\n\n<p><em>Elle offre le chant<\/em><\/p>\n\n\n\n<p><em>Ruisselle de douleur<\/em><\/p>\n\n\n\n<p><em>Dans le continent du chant<\/em><\/p>\n\n\n\n<p><em>Du fond de la douleur<\/em><\/p>\n\n\n\n<p class=\"has-text-align-right\"><em>Le po\u00e8me est chant\u00e9 par Ali Riahi<\/em><\/p>\n\n\n\n<h2 class=\"wp-block-heading has-text-align-center\"><em>L\u2019\u00e9nigme assoiff\u00e9e<\/em><\/h2>\n\n\n\n<p><em>Les visages gracieux<\/em><\/p>\n\n\n\n<p><em>Caress\u00e9s par la lumi\u00e8re<\/em><\/p>\n\n\n\n<p><em>D\u00e9bordent<\/em><\/p>\n\n\n\n<p><em>De s\u00e9ductions blondes<\/em><\/p>\n\n\n\n<p><em>***<\/em><\/p>\n\n\n\n<p><em>Comme j\u2019aurais aim\u00e9<\/em><\/p>\n\n\n\n<p><em>Verser mes l\u00e8vres<\/em><\/p>\n\n\n\n<p><em>Dans celles d\u2019une jeune fille<\/em><\/p>\n\n\n\n<p><em>Ensorceleuse<\/em><\/p>\n\n\n\n<p><em>***<\/em><\/p>\n\n\n\n<p><em>Si je l\u2019embrassais<\/em><\/p>\n\n\n\n<p><em>Avec d\u00e9sir<\/em><\/p>\n\n\n\n<p><em>Et folie<\/em><\/p>\n\n\n\n<p><em>D\u00e9licatesse<\/em><\/p>\n\n\n\n<p><em>Et plaisir<\/em><\/p>\n\n\n\n<p><em>***<\/em><\/p>\n\n\n\n<p><em>J\u2019aurais cru<\/em><\/p>\n\n\n\n<p><em>Eteindre le feu de ma flamme<\/em><\/p>\n\n\n\n<p><em>Le c\u0153ur \u00e9tanche<\/em><\/p>\n\n\n\n<p><em>De sa soif<\/em><\/p>\n\n\n\n<p><em>***<\/em><\/p>\n\n\n\n<p><em>Cueilli la beaut\u00e9<\/em><\/p>\n\n\n\n<p><em>Les d\u00e9sirs<\/em><\/p>\n\n\n\n<p><em>Et la lumi\u00e8re<\/em><\/p>\n\n\n\n<p><em>Des collines lumineuses<\/em><\/p>\n\n\n\n<p><em>***<\/em><\/p>\n\n\n\n<p><em>Mais je vois<\/em><\/p>\n\n\n\n<p><em>La beaut\u00e9 devant moi<\/em><\/p>\n\n\n\n<p><em>Et la folie s\u2019enflamme<\/em><\/p>\n\n\n\n<p><em>Dans mes membres<\/em><\/p>\n\n\n\n<p><em>***<\/em><\/p>\n\n\n\n<p><em>Je suis comme l\u2019abeille<\/em><\/p>\n\n\n\n<p><em>Qui envahit la fleur<\/em><\/p>\n\n\n\n<p><em>Comment peut-elle s\u2019assouvir<\/em><\/p>\n\n\n\n<p><em>De la tentation des fragrances<\/em><\/p>\n\n\n\n<p class=\"has-text-align-right\">Traduits de l\u2019arabe par <strong>Tahar Bekri<\/strong><\/p>\n\n\n\n<p>Revue <em>Al Fikr<\/em>, n\u00b04, 1962.<\/p>\n\n\n\n<figure class=\"wp-block-embed is-type-wp-embed is-provider-kapitalis wp-block-embed-kapitalis\"><div class=\"wp-block-embed__wrapper\">\n<blockquote class=\"wp-embedded-content\" data-secret=\"SzyBOXLubs\"><a href=\"https:\/\/kapitalis.com\/tunisie\/2021\/10\/31\/le-poeme-du-dimanche-les-deux-palmiers-de-ahmed-laghmani\/\">Le po\u00e8me du dimanche : \u00abLes deux palmiers\u00bb de Ahmed Laghmani<\/a><\/blockquote><iframe loading=\"lazy\" class=\"wp-embedded-content\" sandbox=\"allow-scripts\" security=\"restricted\" style=\"position: absolute; clip: rect(1px, 1px, 1px, 1px);\" title=\"\u00ab\u00a0Le po\u00e8me du dimanche : \u00abLes deux palmiers\u00bb de Ahmed Laghmani\u00a0\u00bb &#8212; Kapitalis\" src=\"https:\/\/kapitalis.com\/tunisie\/2021\/10\/31\/le-poeme-du-dimanche-les-deux-palmiers-de-ahmed-laghmani\/embed\/#?secret=fyKivU1qf2#?secret=SzyBOXLubs\" data-secret=\"SzyBOXLubs\" width=\"600\" height=\"338\" frameborder=\"0\" marginwidth=\"0\" marginheight=\"0\" scrolling=\"no\"><\/iframe>\n<\/div><\/figure>\n","protected":false},"excerpt":{"rendered":"<p>Noureddine Sammoud est une voix importante de la po\u00e9sie tunisienne contemporaine.<\/p>\n","protected":false},"author":8,"featured_media":12694388,"comment_status":"open","ping_status":"open","sticky":false,"template":"","format":"standard","meta":{"footnotes":""},"categories":[992,994],"tags":[2975,115434,96696,21267],"class_list":["post-12694300","post","type-post","status-publish","format-standard","has-post-thumbnail","hentry","category-a-la-une","category-culture","tag-kelibia","tag-noureddine-sammoud","tag-poete-tunisien","tag-tahar-bekri"],"yoast_head":"<!-- This site is optimized with the Yoast SEO plugin v26.6 - https:\/\/yoast.com\/wordpress\/plugins\/seo\/ -->\n<title>Le po\u00e8me du dimanche\u00a0: \u2018\u2018Ma bien-aim\u00e9e est Noire\u2019\u2019 par Noureddine Sammoud - Kapitalis<\/title>\n<meta name=\"robots\" content=\"index, follow, max-snippet:-1, max-image-preview:large, max-video-preview:-1\" \/>\n<link rel=\"canonical\" href=\"https:\/\/kapitalis.com\/tunisie\/2024\/05\/19\/le-poeme-du-dimanche-ma-bien-aimee-est-noire-par-noureddine-sammoud\/\" \/>\n<meta property=\"og:locale\" content=\"fr_FR\" \/>\n<meta property=\"og:type\" content=\"article\" \/>\n<meta property=\"og:title\" content=\"Le po\u00e8me du dimanche\u00a0: \u2018\u2018Ma bien-aim\u00e9e est Noire\u2019\u2019 par Noureddine Sammoud - Kapitalis\" \/>\n<meta property=\"og:description\" content=\"Noureddine Sammoud est une voix importante de la po\u00e9sie tunisienne contemporaine.\" \/>\n<meta property=\"og:url\" content=\"https:\/\/kapitalis.com\/tunisie\/2024\/05\/19\/le-poeme-du-dimanche-ma-bien-aimee-est-noire-par-noureddine-sammoud\/\" \/>\n<meta property=\"og:site_name\" content=\"Kapitalis\" \/>\n<meta property=\"article:publisher\" content=\"https:\/\/www.facebook.com\/KapitalisInfo\/\" \/>\n<meta property=\"article:published_time\" content=\"2024-05-19T06:37:00+00:00\" \/>\n<meta property=\"article:modified_time\" content=\"2024-05-19T11:39:14+00:00\" \/>\n<meta property=\"og:image\" content=\"https:\/\/kapitalis.com\/tunisie\/wp-content\/uploads\/2024\/05\/Noureddine-Sammoud.jpg\" \/>\n\t<meta property=\"og:image:width\" content=\"1200\" \/>\n\t<meta property=\"og:image:height\" content=\"630\" \/>\n\t<meta property=\"og:image:type\" content=\"image\/jpeg\" \/>\n<meta name=\"author\" content=\"webmaster kapitalis\" \/>\n<meta name=\"twitter:card\" content=\"summary_large_image\" \/>\n<meta name=\"twitter:creator\" content=\"@KapitalisInfo\" \/>\n<meta name=\"twitter:site\" content=\"@KapitalisInfo\" \/>\n<meta name=\"twitter:label1\" content=\"\u00c9crit par\" \/>\n\t<meta name=\"twitter:data1\" content=\"webmaster kapitalis\" \/>\n\t<meta name=\"twitter:label2\" content=\"Dur\u00e9e de lecture estim\u00e9e\" \/>\n\t<meta name=\"twitter:data2\" content=\"2 minutes\" \/>\n<script type=\"application\/ld+json\" class=\"yoast-schema-graph\">{\"@context\":\"https:\/\/schema.org\",\"@graph\":[{\"@type\":\"Article\",\"@id\":\"https:\/\/kapitalis.com\/tunisie\/2024\/05\/19\/le-poeme-du-dimanche-ma-bien-aimee-est-noire-par-noureddine-sammoud\/#article\",\"isPartOf\":{\"@id\":\"https:\/\/kapitalis.com\/tunisie\/2024\/05\/19\/le-poeme-du-dimanche-ma-bien-aimee-est-noire-par-noureddine-sammoud\/\"},\"author\":{\"name\":\"webmaster kapitalis\",\"@id\":\"https:\/\/kapitalis.com\/tunisie\/#\/schema\/person\/d71f33a9ca44f7bad4698210b480c8e9\"},\"headline\":\"Le po\u00e8me du dimanche\u00a0: \u2018\u2018Ma bien-aim\u00e9e est Noire\u2019\u2019 par Noureddine Sammoud\",\"datePublished\":\"2024-05-19T06:37:00+00:00\",\"dateModified\":\"2024-05-19T11:39:14+00:00\",\"mainEntityOfPage\":{\"@id\":\"https:\/\/kapitalis.com\/tunisie\/2024\/05\/19\/le-poeme-du-dimanche-ma-bien-aimee-est-noire-par-noureddine-sammoud\/\"},\"wordCount\":363,\"commentCount\":0,\"publisher\":{\"@id\":\"https:\/\/kapitalis.com\/tunisie\/#organization\"},\"image\":{\"@id\":\"https:\/\/kapitalis.com\/tunisie\/2024\/05\/19\/le-poeme-du-dimanche-ma-bien-aimee-est-noire-par-noureddine-sammoud\/#primaryimage\"},\"thumbnailUrl\":\"https:\/\/kapitalis.com\/tunisie\/wp-content\/uploads\/2024\/05\/Noureddine-Sammoud.jpg\",\"keywords\":[\"K\u00e9libia\",\"Noureddine Sammoud\",\"po\u00e8te tunisien\",\"Tahar Bekri\"],\"articleSection\":[\"A LA UNE\",\"CULTURE\"],\"inLanguage\":\"fr-FR\",\"potentialAction\":[{\"@type\":\"CommentAction\",\"name\":\"Comment\",\"target\":[\"https:\/\/kapitalis.com\/tunisie\/2024\/05\/19\/le-poeme-du-dimanche-ma-bien-aimee-est-noire-par-noureddine-sammoud\/#respond\"]}]},{\"@type\":\"WebPage\",\"@id\":\"https:\/\/kapitalis.com\/tunisie\/2024\/05\/19\/le-poeme-du-dimanche-ma-bien-aimee-est-noire-par-noureddine-sammoud\/\",\"url\":\"https:\/\/kapitalis.com\/tunisie\/2024\/05\/19\/le-poeme-du-dimanche-ma-bien-aimee-est-noire-par-noureddine-sammoud\/\",\"name\":\"Le po\u00e8me du dimanche\u00a0: \u2018\u2018Ma bien-aim\u00e9e est Noire\u2019\u2019 par Noureddine Sammoud - Kapitalis\",\"isPartOf\":{\"@id\":\"https:\/\/kapitalis.com\/tunisie\/#website\"},\"primaryImageOfPage\":{\"@id\":\"https:\/\/kapitalis.com\/tunisie\/2024\/05\/19\/le-poeme-du-dimanche-ma-bien-aimee-est-noire-par-noureddine-sammoud\/#primaryimage\"},\"image\":{\"@id\":\"https:\/\/kapitalis.com\/tunisie\/2024\/05\/19\/le-poeme-du-dimanche-ma-bien-aimee-est-noire-par-noureddine-sammoud\/#primaryimage\"},\"thumbnailUrl\":\"https:\/\/kapitalis.com\/tunisie\/wp-content\/uploads\/2024\/05\/Noureddine-Sammoud.jpg\",\"datePublished\":\"2024-05-19T06:37:00+00:00\",\"dateModified\":\"2024-05-19T11:39:14+00:00\",\"breadcrumb\":{\"@id\":\"https:\/\/kapitalis.com\/tunisie\/2024\/05\/19\/le-poeme-du-dimanche-ma-bien-aimee-est-noire-par-noureddine-sammoud\/#breadcrumb\"},\"inLanguage\":\"fr-FR\",\"potentialAction\":[{\"@type\":\"ReadAction\",\"target\":[\"https:\/\/kapitalis.com\/tunisie\/2024\/05\/19\/le-poeme-du-dimanche-ma-bien-aimee-est-noire-par-noureddine-sammoud\/\"]}]},{\"@type\":\"ImageObject\",\"inLanguage\":\"fr-FR\",\"@id\":\"https:\/\/kapitalis.com\/tunisie\/2024\/05\/19\/le-poeme-du-dimanche-ma-bien-aimee-est-noire-par-noureddine-sammoud\/#primaryimage\",\"url\":\"https:\/\/kapitalis.com\/tunisie\/wp-content\/uploads\/2024\/05\/Noureddine-Sammoud.jpg\",\"contentUrl\":\"https:\/\/kapitalis.com\/tunisie\/wp-content\/uploads\/2024\/05\/Noureddine-Sammoud.jpg\",\"width\":1200,\"height\":630},{\"@type\":\"BreadcrumbList\",\"@id\":\"https:\/\/kapitalis.com\/tunisie\/2024\/05\/19\/le-poeme-du-dimanche-ma-bien-aimee-est-noire-par-noureddine-sammoud\/#breadcrumb\",\"itemListElement\":[{\"@type\":\"ListItem\",\"position\":1,\"name\":\"Accueil\",\"item\":\"https:\/\/kapitalis.com\/tunisie\/\"},{\"@type\":\"ListItem\",\"position\":2,\"name\":\"Le po\u00e8me du dimanche\u00a0: \u2018\u2018Ma bien-aim\u00e9e est Noire\u2019\u2019 par Noureddine Sammoud\"}]},{\"@type\":\"WebSite\",\"@id\":\"https:\/\/kapitalis.com\/tunisie\/#website\",\"url\":\"https:\/\/kapitalis.com\/tunisie\/\",\"name\":\"Kapitalis\",\"description\":\"L&#039;actualit\u00e9 en Tunisie et dans le monde\",\"publisher\":{\"@id\":\"https:\/\/kapitalis.com\/tunisie\/#organization\"},\"potentialAction\":[{\"@type\":\"SearchAction\",\"target\":{\"@type\":\"EntryPoint\",\"urlTemplate\":\"https:\/\/kapitalis.com\/tunisie\/?s={search_term_string}\"},\"query-input\":{\"@type\":\"PropertyValueSpecification\",\"valueRequired\":true,\"valueName\":\"search_term_string\"}}],\"inLanguage\":\"fr-FR\"},{\"@type\":\"Organization\",\"@id\":\"https:\/\/kapitalis.com\/tunisie\/#organization\",\"name\":\"Kapitalis\",\"url\":\"https:\/\/kapitalis.com\/tunisie\/\",\"logo\":{\"@type\":\"ImageObject\",\"inLanguage\":\"fr-FR\",\"@id\":\"https:\/\/kapitalis.com\/tunisie\/#\/schema\/logo\/image\/\",\"url\":\"https:\/\/kapitalis.com\/tunisie\/wp-content\/uploads\/2022\/05\/Kapitalis-big-size.png\",\"contentUrl\":\"https:\/\/kapitalis.com\/tunisie\/wp-content\/uploads\/2022\/05\/Kapitalis-big-size.png\",\"width\":5000,\"height\":1500,\"caption\":\"Kapitalis\"},\"image\":{\"@id\":\"https:\/\/kapitalis.com\/tunisie\/#\/schema\/logo\/image\/\"},\"sameAs\":[\"https:\/\/www.facebook.com\/KapitalisInfo\/\",\"https:\/\/x.com\/KapitalisInfo\",\"https:\/\/www.youtube.com\/channel\/UC-yDYrHyfFBWWZaOw3FPg9Q\"]},{\"@type\":\"Person\",\"@id\":\"https:\/\/kapitalis.com\/tunisie\/#\/schema\/person\/d71f33a9ca44f7bad4698210b480c8e9\",\"name\":\"webmaster kapitalis\",\"url\":\"https:\/\/kapitalis.com\/tunisie\/author\/webmaster-kapitalis\/\"}]}<\/script>\n<!-- \/ Yoast SEO plugin. -->","yoast_head_json":{"title":"Le po\u00e8me du dimanche\u00a0: \u2018\u2018Ma bien-aim\u00e9e est Noire\u2019\u2019 par Noureddine Sammoud - Kapitalis","robots":{"index":"index","follow":"follow","max-snippet":"max-snippet:-1","max-image-preview":"max-image-preview:large","max-video-preview":"max-video-preview:-1"},"canonical":"https:\/\/kapitalis.com\/tunisie\/2024\/05\/19\/le-poeme-du-dimanche-ma-bien-aimee-est-noire-par-noureddine-sammoud\/","og_locale":"fr_FR","og_type":"article","og_title":"Le po\u00e8me du dimanche\u00a0: \u2018\u2018Ma bien-aim\u00e9e est Noire\u2019\u2019 par Noureddine Sammoud - Kapitalis","og_description":"Noureddine Sammoud est une voix importante de la po\u00e9sie tunisienne contemporaine.","og_url":"https:\/\/kapitalis.com\/tunisie\/2024\/05\/19\/le-poeme-du-dimanche-ma-bien-aimee-est-noire-par-noureddine-sammoud\/","og_site_name":"Kapitalis","article_publisher":"https:\/\/www.facebook.com\/KapitalisInfo\/","article_published_time":"2024-05-19T06:37:00+00:00","article_modified_time":"2024-05-19T11:39:14+00:00","og_image":[{"width":1200,"height":630,"url":"https:\/\/kapitalis.com\/tunisie\/wp-content\/uploads\/2024\/05\/Noureddine-Sammoud.jpg","type":"image\/jpeg"}],"author":"webmaster kapitalis","twitter_card":"summary_large_image","twitter_creator":"@KapitalisInfo","twitter_site":"@KapitalisInfo","twitter_misc":{"\u00c9crit par":"webmaster kapitalis","Dur\u00e9e de lecture estim\u00e9e":"2 minutes"},"schema":{"@context":"https:\/\/schema.org","@graph":[{"@type":"Article","@id":"https:\/\/kapitalis.com\/tunisie\/2024\/05\/19\/le-poeme-du-dimanche-ma-bien-aimee-est-noire-par-noureddine-sammoud\/#article","isPartOf":{"@id":"https:\/\/kapitalis.com\/tunisie\/2024\/05\/19\/le-poeme-du-dimanche-ma-bien-aimee-est-noire-par-noureddine-sammoud\/"},"author":{"name":"webmaster kapitalis","@id":"https:\/\/kapitalis.com\/tunisie\/#\/schema\/person\/d71f33a9ca44f7bad4698210b480c8e9"},"headline":"Le po\u00e8me du dimanche\u00a0: \u2018\u2018Ma bien-aim\u00e9e est Noire\u2019\u2019 par Noureddine Sammoud","datePublished":"2024-05-19T06:37:00+00:00","dateModified":"2024-05-19T11:39:14+00:00","mainEntityOfPage":{"@id":"https:\/\/kapitalis.com\/tunisie\/2024\/05\/19\/le-poeme-du-dimanche-ma-bien-aimee-est-noire-par-noureddine-sammoud\/"},"wordCount":363,"commentCount":0,"publisher":{"@id":"https:\/\/kapitalis.com\/tunisie\/#organization"},"image":{"@id":"https:\/\/kapitalis.com\/tunisie\/2024\/05\/19\/le-poeme-du-dimanche-ma-bien-aimee-est-noire-par-noureddine-sammoud\/#primaryimage"},"thumbnailUrl":"https:\/\/kapitalis.com\/tunisie\/wp-content\/uploads\/2024\/05\/Noureddine-Sammoud.jpg","keywords":["K\u00e9libia","Noureddine Sammoud","po\u00e8te tunisien","Tahar Bekri"],"articleSection":["A LA UNE","CULTURE"],"inLanguage":"fr-FR","potentialAction":[{"@type":"CommentAction","name":"Comment","target":["https:\/\/kapitalis.com\/tunisie\/2024\/05\/19\/le-poeme-du-dimanche-ma-bien-aimee-est-noire-par-noureddine-sammoud\/#respond"]}]},{"@type":"WebPage","@id":"https:\/\/kapitalis.com\/tunisie\/2024\/05\/19\/le-poeme-du-dimanche-ma-bien-aimee-est-noire-par-noureddine-sammoud\/","url":"https:\/\/kapitalis.com\/tunisie\/2024\/05\/19\/le-poeme-du-dimanche-ma-bien-aimee-est-noire-par-noureddine-sammoud\/","name":"Le po\u00e8me du dimanche\u00a0: \u2018\u2018Ma bien-aim\u00e9e est Noire\u2019\u2019 par Noureddine Sammoud - Kapitalis","isPartOf":{"@id":"https:\/\/kapitalis.com\/tunisie\/#website"},"primaryImageOfPage":{"@id":"https:\/\/kapitalis.com\/tunisie\/2024\/05\/19\/le-poeme-du-dimanche-ma-bien-aimee-est-noire-par-noureddine-sammoud\/#primaryimage"},"image":{"@id":"https:\/\/kapitalis.com\/tunisie\/2024\/05\/19\/le-poeme-du-dimanche-ma-bien-aimee-est-noire-par-noureddine-sammoud\/#primaryimage"},"thumbnailUrl":"https:\/\/kapitalis.com\/tunisie\/wp-content\/uploads\/2024\/05\/Noureddine-Sammoud.jpg","datePublished":"2024-05-19T06:37:00+00:00","dateModified":"2024-05-19T11:39:14+00:00","breadcrumb":{"@id":"https:\/\/kapitalis.com\/tunisie\/2024\/05\/19\/le-poeme-du-dimanche-ma-bien-aimee-est-noire-par-noureddine-sammoud\/#breadcrumb"},"inLanguage":"fr-FR","potentialAction":[{"@type":"ReadAction","target":["https:\/\/kapitalis.com\/tunisie\/2024\/05\/19\/le-poeme-du-dimanche-ma-bien-aimee-est-noire-par-noureddine-sammoud\/"]}]},{"@type":"ImageObject","inLanguage":"fr-FR","@id":"https:\/\/kapitalis.com\/tunisie\/2024\/05\/19\/le-poeme-du-dimanche-ma-bien-aimee-est-noire-par-noureddine-sammoud\/#primaryimage","url":"https:\/\/kapitalis.com\/tunisie\/wp-content\/uploads\/2024\/05\/Noureddine-Sammoud.jpg","contentUrl":"https:\/\/kapitalis.com\/tunisie\/wp-content\/uploads\/2024\/05\/Noureddine-Sammoud.jpg","width":1200,"height":630},{"@type":"BreadcrumbList","@id":"https:\/\/kapitalis.com\/tunisie\/2024\/05\/19\/le-poeme-du-dimanche-ma-bien-aimee-est-noire-par-noureddine-sammoud\/#breadcrumb","itemListElement":[{"@type":"ListItem","position":1,"name":"Accueil","item":"https:\/\/kapitalis.com\/tunisie\/"},{"@type":"ListItem","position":2,"name":"Le po\u00e8me du dimanche\u00a0: \u2018\u2018Ma bien-aim\u00e9e est Noire\u2019\u2019 par Noureddine Sammoud"}]},{"@type":"WebSite","@id":"https:\/\/kapitalis.com\/tunisie\/#website","url":"https:\/\/kapitalis.com\/tunisie\/","name":"Kapitalis","description":"L&#039;actualit\u00e9 en Tunisie et dans le monde","publisher":{"@id":"https:\/\/kapitalis.com\/tunisie\/#organization"},"potentialAction":[{"@type":"SearchAction","target":{"@type":"EntryPoint","urlTemplate":"https:\/\/kapitalis.com\/tunisie\/?s={search_term_string}"},"query-input":{"@type":"PropertyValueSpecification","valueRequired":true,"valueName":"search_term_string"}}],"inLanguage":"fr-FR"},{"@type":"Organization","@id":"https:\/\/kapitalis.com\/tunisie\/#organization","name":"Kapitalis","url":"https:\/\/kapitalis.com\/tunisie\/","logo":{"@type":"ImageObject","inLanguage":"fr-FR","@id":"https:\/\/kapitalis.com\/tunisie\/#\/schema\/logo\/image\/","url":"https:\/\/kapitalis.com\/tunisie\/wp-content\/uploads\/2022\/05\/Kapitalis-big-size.png","contentUrl":"https:\/\/kapitalis.com\/tunisie\/wp-content\/uploads\/2022\/05\/Kapitalis-big-size.png","width":5000,"height":1500,"caption":"Kapitalis"},"image":{"@id":"https:\/\/kapitalis.com\/tunisie\/#\/schema\/logo\/image\/"},"sameAs":["https:\/\/www.facebook.com\/KapitalisInfo\/","https:\/\/x.com\/KapitalisInfo","https:\/\/www.youtube.com\/channel\/UC-yDYrHyfFBWWZaOw3FPg9Q"]},{"@type":"Person","@id":"https:\/\/kapitalis.com\/tunisie\/#\/schema\/person\/d71f33a9ca44f7bad4698210b480c8e9","name":"webmaster kapitalis","url":"https:\/\/kapitalis.com\/tunisie\/author\/webmaster-kapitalis\/"}]}},"_links":{"self":[{"href":"https:\/\/kapitalis.com\/tunisie\/wp-json\/wp\/v2\/posts\/12694300","targetHints":{"allow":["GET"]}}],"collection":[{"href":"https:\/\/kapitalis.com\/tunisie\/wp-json\/wp\/v2\/posts"}],"about":[{"href":"https:\/\/kapitalis.com\/tunisie\/wp-json\/wp\/v2\/types\/post"}],"author":[{"embeddable":true,"href":"https:\/\/kapitalis.com\/tunisie\/wp-json\/wp\/v2\/users\/8"}],"replies":[{"embeddable":true,"href":"https:\/\/kapitalis.com\/tunisie\/wp-json\/wp\/v2\/comments?post=12694300"}],"version-history":[{"count":3,"href":"https:\/\/kapitalis.com\/tunisie\/wp-json\/wp\/v2\/posts\/12694300\/revisions"}],"predecessor-version":[{"id":12880580,"href":"https:\/\/kapitalis.com\/tunisie\/wp-json\/wp\/v2\/posts\/12694300\/revisions\/12880580"}],"wp:featuredmedia":[{"embeddable":true,"href":"https:\/\/kapitalis.com\/tunisie\/wp-json\/wp\/v2\/media\/12694388"}],"wp:attachment":[{"href":"https:\/\/kapitalis.com\/tunisie\/wp-json\/wp\/v2\/media?parent=12694300"}],"wp:term":[{"taxonomy":"category","embeddable":true,"href":"https:\/\/kapitalis.com\/tunisie\/wp-json\/wp\/v2\/categories?post=12694300"},{"taxonomy":"post_tag","embeddable":true,"href":"https:\/\/kapitalis.com\/tunisie\/wp-json\/wp\/v2\/tags?post=12694300"}],"curies":[{"name":"wp","href":"https:\/\/api.w.org\/{rel}","templated":true}]}}