{"id":12707906,"date":"2024-05-06T20:11:00","date_gmt":"2024-05-06T19:11:00","guid":{"rendered":"https:\/\/kapitalis.com\/tunisie\/?p=12707906"},"modified":"2024-05-06T20:41:27","modified_gmt":"2024-05-06T19:41:27","slug":"tunisie-jawher-ben-mbarek-determine-a-poursuivre-sa-greve-de-la-faim","status":"publish","type":"post","link":"https:\/\/kapitalis.com\/tunisie\/2024\/05\/06\/tunisie-jawher-ben-mbarek-determine-a-poursuivre-sa-greve-de-la-faim\/","title":{"rendered":"Tunisie : Jawher Ben Mbarek d\u00e9termin\u00e9 \u00e0 poursuivre sa gr\u00e8ve de la faim"},"content":{"rendered":"\n<p><strong><em>Me Dalila Mbarek Msaddek, membre du comit\u00e9 de d\u00e9fense des d\u00e9tenus dans l\u2019affaire dite de complot contre la s\u00fbret\u00e9 de l\u2019\u00c9tat a affirm\u00e9, ce lundi 4 mai 2024, que Jawher Ben Mbarek demeure d\u00e9termin\u00e9 \u00e0 poursuivre sa gr\u00e8ve de la faim malgr\u00e9 la d\u00e9t\u00e9rioration de son \u00e9tat de sant\u00e9.<\/em><\/strong><\/p>\n\n\n\n<!--more-->\n\n\n\n<p>Apr\u00e8s avoir rendu visite \u00e0 son fr\u00e8re, ce jour, Me Mbarek Msaddek a indiqu\u00e9 qu&rsquo;il a \u00e9t\u00e9 transf\u00e9r\u00e9 dans la nuit du vendredi \u00e0 l&rsquo;h\u00f4pital et que son \u00e9tat de sant\u00e9 se d\u00e9grade.<\/p>\n\n\n\n<p>\u00ab<em> Nous avons r\u00e9ussi \u00e0 convaincre Jawher de boire un peu d&rsquo;eau\u2026 Il demeure toutefois d\u00e9termin\u00e9 \u00e0 poursuivre sa gr\u00e8ve sauvage de la faim et ce sans limite <\/em>\u00bb, a comment\u00e9 Dalila Mbarek Msaddek, dans un post publi\u00e9 sur sa page Facebook.<\/p>\n\n\n\n<p>Rappelons que Jawher Ben Mbarek est en gr\u00e8ve de la faim sauvage depuis le 23 avril dernier, afin de d\u00e9noncer sa d\u00e9tention ainsi que celle des autres d\u00e9tenus dans cette affaire, et ce, depuis f\u00e9vrier 2023.<\/p>\n\n\n\n<p class=\"has-text-align-right\"><strong>Y. N.<\/strong><\/p>\n","protected":false},"excerpt":{"rendered":"<p>Me Dalila Mbarek Msaddek, membre du comit\u00e9 de d\u00e9fense des d\u00e9tenus dans l\u2019affaire dite de complot contre la s\u00fbret\u00e9 de l\u2019\u00c9tat a affirm\u00e9, ce lundi 4 mai 2024, que Jawher Ben Mbarek demeure d\u00e9termin\u00e9 \u00e0 poursuivre sa gr\u00e8ve de la faim malgr\u00e9 la d\u00e9t\u00e9rioration de son \u00e9tat de sant\u00e9.<\/p>\n","protected":false},"author":6,"featured_media":2166359,"comment_status":"open","ping_status":"open","sticky":false,"template":"","format":"standard","meta":{"footnotes":""},"categories":[997,2433],"tags":[3927,95835,62643],"class_list":["post-12707906","post","type-post","status-publish","format-standard","has-post-thumbnail","hentry","category-politique","category-tunisie","tag-greve-de-la-faim","tag-jawher-ben-mbarek","tag-tunisie"],"yoast_head":"<!-- This site is optimized with the Yoast SEO plugin v26.6 - https:\/\/yoast.com\/wordpress\/plugins\/seo\/ -->\n<title>Tunisie : Jawher Ben Mbarek d\u00e9termin\u00e9 \u00e0 poursuivre sa gr\u00e8ve de la faim - Kapitalis<\/title>\n<meta name=\"robots\" content=\"index, follow, max-snippet:-1, max-image-preview:large, max-video-preview:-1\" \/>\n<link rel=\"canonical\" href=\"https:\/\/kapitalis.com\/tunisie\/2024\/05\/06\/tunisie-jawher-ben-mbarek-determine-a-poursuivre-sa-greve-de-la-faim\/\" \/>\n<meta property=\"og:locale\" content=\"fr_FR\" \/>\n<meta property=\"og:type\" content=\"article\" \/>\n<meta property=\"og:title\" content=\"Tunisie : Jawher Ben Mbarek d\u00e9termin\u00e9 \u00e0 poursuivre sa gr\u00e8ve de la faim - Kapitalis\" \/>\n<meta property=\"og:description\" content=\"Me Dalila Mbarek Msaddek, membre du comit\u00e9 de d\u00e9fense des d\u00e9tenus dans l\u2019affaire dite de complot contre la s\u00fbret\u00e9 de l\u2019\u00c9tat a affirm\u00e9, ce lundi 4 mai 2024, que Jawher Ben Mbarek demeure d\u00e9termin\u00e9 \u00e0 poursuivre sa gr\u00e8ve de la faim malgr\u00e9 la d\u00e9t\u00e9rioration de son \u00e9tat de sant\u00e9.\" \/>\n<meta property=\"og:url\" content=\"https:\/\/kapitalis.com\/tunisie\/2024\/05\/06\/tunisie-jawher-ben-mbarek-determine-a-poursuivre-sa-greve-de-la-faim\/\" \/>\n<meta property=\"og:site_name\" content=\"Kapitalis\" \/>\n<meta property=\"article:publisher\" content=\"https:\/\/www.facebook.com\/KapitalisInfo\/\" \/>\n<meta property=\"article:published_time\" content=\"2024-05-06T19:11:00+00:00\" \/>\n<meta property=\"article:modified_time\" content=\"2024-05-06T19:41:27+00:00\" \/>\n<meta property=\"og:image\" content=\"https:\/\/kapitalis.com\/tunisie\/wp-content\/uploads\/2022\/07\/jaouhar-ben-mbarek.jpg\" \/>\n\t<meta property=\"og:image:width\" content=\"1200\" \/>\n\t<meta property=\"og:image:height\" content=\"630\" \/>\n\t<meta property=\"og:image:type\" content=\"image\/jpeg\" \/>\n<meta name=\"author\" content=\"Yusra NY\" \/>\n<meta name=\"twitter:card\" content=\"summary_large_image\" \/>\n<meta name=\"twitter:creator\" content=\"@KapitalisInfo\" \/>\n<meta name=\"twitter:site\" content=\"@KapitalisInfo\" \/>\n<meta name=\"twitter:label1\" content=\"\u00c9crit par\" \/>\n\t<meta name=\"twitter:data1\" content=\"Yusra NY\" \/>\n\t<meta name=\"twitter:label2\" content=\"Dur\u00e9e de lecture estim\u00e9e\" \/>\n\t<meta name=\"twitter:data2\" content=\"2 minutes\" \/>\n<script type=\"application\/ld+json\" class=\"yoast-schema-graph\">{\"@context\":\"https:\/\/schema.org\",\"@graph\":[{\"@type\":\"Article\",\"@id\":\"https:\/\/kapitalis.com\/tunisie\/2024\/05\/06\/tunisie-jawher-ben-mbarek-determine-a-poursuivre-sa-greve-de-la-faim\/#article\",\"isPartOf\":{\"@id\":\"https:\/\/kapitalis.com\/tunisie\/2024\/05\/06\/tunisie-jawher-ben-mbarek-determine-a-poursuivre-sa-greve-de-la-faim\/\"},\"author\":{\"name\":\"Yusra NY\",\"@id\":\"https:\/\/kapitalis.com\/tunisie\/#\/schema\/person\/74bbde0154d49d790a92aaeac5bc01d5\"},\"headline\":\"Tunisie : Jawher Ben Mbarek d\u00e9termin\u00e9 \u00e0 poursuivre sa gr\u00e8ve de la faim\",\"datePublished\":\"2024-05-06T19:11:00+00:00\",\"dateModified\":\"2024-05-06T19:41:27+00:00\",\"mainEntityOfPage\":{\"@id\":\"https:\/\/kapitalis.com\/tunisie\/2024\/05\/06\/tunisie-jawher-ben-mbarek-determine-a-poursuivre-sa-greve-de-la-faim\/\"},\"wordCount\":186,\"commentCount\":0,\"publisher\":{\"@id\":\"https:\/\/kapitalis.com\/tunisie\/#organization\"},\"image\":{\"@id\":\"https:\/\/kapitalis.com\/tunisie\/2024\/05\/06\/tunisie-jawher-ben-mbarek-determine-a-poursuivre-sa-greve-de-la-faim\/#primaryimage\"},\"thumbnailUrl\":\"https:\/\/kapitalis.com\/tunisie\/wp-content\/uploads\/2022\/07\/jaouhar-ben-mbarek.jpg\",\"keywords\":[\"gr\u00e8ve de la faim\",\"Jawher Ben Mbarek\",\"Tunisie\"],\"articleSection\":[\"POLITIQUE\",\"Tunisie\"],\"inLanguage\":\"fr-FR\",\"potentialAction\":[{\"@type\":\"CommentAction\",\"name\":\"Comment\",\"target\":[\"https:\/\/kapitalis.com\/tunisie\/2024\/05\/06\/tunisie-jawher-ben-mbarek-determine-a-poursuivre-sa-greve-de-la-faim\/#respond\"]}]},{\"@type\":\"WebPage\",\"@id\":\"https:\/\/kapitalis.com\/tunisie\/2024\/05\/06\/tunisie-jawher-ben-mbarek-determine-a-poursuivre-sa-greve-de-la-faim\/\",\"url\":\"https:\/\/kapitalis.com\/tunisie\/2024\/05\/06\/tunisie-jawher-ben-mbarek-determine-a-poursuivre-sa-greve-de-la-faim\/\",\"name\":\"Tunisie : Jawher Ben Mbarek d\u00e9termin\u00e9 \u00e0 poursuivre sa gr\u00e8ve de la faim - Kapitalis\",\"isPartOf\":{\"@id\":\"https:\/\/kapitalis.com\/tunisie\/#website\"},\"primaryImageOfPage\":{\"@id\":\"https:\/\/kapitalis.com\/tunisie\/2024\/05\/06\/tunisie-jawher-ben-mbarek-determine-a-poursuivre-sa-greve-de-la-faim\/#primaryimage\"},\"image\":{\"@id\":\"https:\/\/kapitalis.com\/tunisie\/2024\/05\/06\/tunisie-jawher-ben-mbarek-determine-a-poursuivre-sa-greve-de-la-faim\/#primaryimage\"},\"thumbnailUrl\":\"https:\/\/kapitalis.com\/tunisie\/wp-content\/uploads\/2022\/07\/jaouhar-ben-mbarek.jpg\",\"datePublished\":\"2024-05-06T19:11:00+00:00\",\"dateModified\":\"2024-05-06T19:41:27+00:00\",\"breadcrumb\":{\"@id\":\"https:\/\/kapitalis.com\/tunisie\/2024\/05\/06\/tunisie-jawher-ben-mbarek-determine-a-poursuivre-sa-greve-de-la-faim\/#breadcrumb\"},\"inLanguage\":\"fr-FR\",\"potentialAction\":[{\"@type\":\"ReadAction\",\"target\":[\"https:\/\/kapitalis.com\/tunisie\/2024\/05\/06\/tunisie-jawher-ben-mbarek-determine-a-poursuivre-sa-greve-de-la-faim\/\"]}]},{\"@type\":\"ImageObject\",\"inLanguage\":\"fr-FR\",\"@id\":\"https:\/\/kapitalis.com\/tunisie\/2024\/05\/06\/tunisie-jawher-ben-mbarek-determine-a-poursuivre-sa-greve-de-la-faim\/#primaryimage\",\"url\":\"https:\/\/kapitalis.com\/tunisie\/wp-content\/uploads\/2022\/07\/jaouhar-ben-mbarek.jpg\",\"contentUrl\":\"https:\/\/kapitalis.com\/tunisie\/wp-content\/uploads\/2022\/07\/jaouhar-ben-mbarek.jpg\",\"width\":1200,\"height\":630},{\"@type\":\"BreadcrumbList\",\"@id\":\"https:\/\/kapitalis.com\/tunisie\/2024\/05\/06\/tunisie-jawher-ben-mbarek-determine-a-poursuivre-sa-greve-de-la-faim\/#breadcrumb\",\"itemListElement\":[{\"@type\":\"ListItem\",\"position\":1,\"name\":\"Accueil\",\"item\":\"https:\/\/kapitalis.com\/tunisie\/\"},{\"@type\":\"ListItem\",\"position\":2,\"name\":\"Tunisie : Jawher Ben Mbarek d\u00e9termin\u00e9 \u00e0 poursuivre sa gr\u00e8ve de la faim\"}]},{\"@type\":\"WebSite\",\"@id\":\"https:\/\/kapitalis.com\/tunisie\/#website\",\"url\":\"https:\/\/kapitalis.com\/tunisie\/\",\"name\":\"Kapitalis\",\"description\":\"L&#039;actualit\u00e9 en Tunisie et dans le monde\",\"publisher\":{\"@id\":\"https:\/\/kapitalis.com\/tunisie\/#organization\"},\"potentialAction\":[{\"@type\":\"SearchAction\",\"target\":{\"@type\":\"EntryPoint\",\"urlTemplate\":\"https:\/\/kapitalis.com\/tunisie\/?s={search_term_string}\"},\"query-input\":{\"@type\":\"PropertyValueSpecification\",\"valueRequired\":true,\"valueName\":\"search_term_string\"}}],\"inLanguage\":\"fr-FR\"},{\"@type\":\"Organization\",\"@id\":\"https:\/\/kapitalis.com\/tunisie\/#organization\",\"name\":\"Kapitalis\",\"url\":\"https:\/\/kapitalis.com\/tunisie\/\",\"logo\":{\"@type\":\"ImageObject\",\"inLanguage\":\"fr-FR\",\"@id\":\"https:\/\/kapitalis.com\/tunisie\/#\/schema\/logo\/image\/\",\"url\":\"https:\/\/kapitalis.com\/tunisie\/wp-content\/uploads\/2022\/05\/Kapitalis-big-size.png\",\"contentUrl\":\"https:\/\/kapitalis.com\/tunisie\/wp-content\/uploads\/2022\/05\/Kapitalis-big-size.png\",\"width\":5000,\"height\":1500,\"caption\":\"Kapitalis\"},\"image\":{\"@id\":\"https:\/\/kapitalis.com\/tunisie\/#\/schema\/logo\/image\/\"},\"sameAs\":[\"https:\/\/www.facebook.com\/KapitalisInfo\/\",\"https:\/\/x.com\/KapitalisInfo\",\"https:\/\/www.youtube.com\/channel\/UC-yDYrHyfFBWWZaOw3FPg9Q\"]},{\"@type\":\"Person\",\"@id\":\"https:\/\/kapitalis.com\/tunisie\/#\/schema\/person\/74bbde0154d49d790a92aaeac5bc01d5\",\"name\":\"Yusra NY\",\"url\":\"https:\/\/kapitalis.com\/tunisie\/author\/yuza_adam\/\"}]}<\/script>\n<!-- \/ Yoast SEO plugin. -->","yoast_head_json":{"title":"Tunisie : Jawher Ben Mbarek d\u00e9termin\u00e9 \u00e0 poursuivre sa gr\u00e8ve de la faim - Kapitalis","robots":{"index":"index","follow":"follow","max-snippet":"max-snippet:-1","max-image-preview":"max-image-preview:large","max-video-preview":"max-video-preview:-1"},"canonical":"https:\/\/kapitalis.com\/tunisie\/2024\/05\/06\/tunisie-jawher-ben-mbarek-determine-a-poursuivre-sa-greve-de-la-faim\/","og_locale":"fr_FR","og_type":"article","og_title":"Tunisie : Jawher Ben Mbarek d\u00e9termin\u00e9 \u00e0 poursuivre sa gr\u00e8ve de la faim - Kapitalis","og_description":"Me Dalila Mbarek Msaddek, membre du comit\u00e9 de d\u00e9fense des d\u00e9tenus dans l\u2019affaire dite de complot contre la s\u00fbret\u00e9 de l\u2019\u00c9tat a affirm\u00e9, ce lundi 4 mai 2024, que Jawher Ben Mbarek demeure d\u00e9termin\u00e9 \u00e0 poursuivre sa gr\u00e8ve de la faim malgr\u00e9 la d\u00e9t\u00e9rioration de son \u00e9tat de sant\u00e9.","og_url":"https:\/\/kapitalis.com\/tunisie\/2024\/05\/06\/tunisie-jawher-ben-mbarek-determine-a-poursuivre-sa-greve-de-la-faim\/","og_site_name":"Kapitalis","article_publisher":"https:\/\/www.facebook.com\/KapitalisInfo\/","article_published_time":"2024-05-06T19:11:00+00:00","article_modified_time":"2024-05-06T19:41:27+00:00","og_image":[{"width":1200,"height":630,"url":"https:\/\/kapitalis.com\/tunisie\/wp-content\/uploads\/2022\/07\/jaouhar-ben-mbarek.jpg","type":"image\/jpeg"}],"author":"Yusra NY","twitter_card":"summary_large_image","twitter_creator":"@KapitalisInfo","twitter_site":"@KapitalisInfo","twitter_misc":{"\u00c9crit par":"Yusra NY","Dur\u00e9e de lecture estim\u00e9e":"2 minutes"},"schema":{"@context":"https:\/\/schema.org","@graph":[{"@type":"Article","@id":"https:\/\/kapitalis.com\/tunisie\/2024\/05\/06\/tunisie-jawher-ben-mbarek-determine-a-poursuivre-sa-greve-de-la-faim\/#article","isPartOf":{"@id":"https:\/\/kapitalis.com\/tunisie\/2024\/05\/06\/tunisie-jawher-ben-mbarek-determine-a-poursuivre-sa-greve-de-la-faim\/"},"author":{"name":"Yusra NY","@id":"https:\/\/kapitalis.com\/tunisie\/#\/schema\/person\/74bbde0154d49d790a92aaeac5bc01d5"},"headline":"Tunisie : Jawher Ben Mbarek d\u00e9termin\u00e9 \u00e0 poursuivre sa gr\u00e8ve de la faim","datePublished":"2024-05-06T19:11:00+00:00","dateModified":"2024-05-06T19:41:27+00:00","mainEntityOfPage":{"@id":"https:\/\/kapitalis.com\/tunisie\/2024\/05\/06\/tunisie-jawher-ben-mbarek-determine-a-poursuivre-sa-greve-de-la-faim\/"},"wordCount":186,"commentCount":0,"publisher":{"@id":"https:\/\/kapitalis.com\/tunisie\/#organization"},"image":{"@id":"https:\/\/kapitalis.com\/tunisie\/2024\/05\/06\/tunisie-jawher-ben-mbarek-determine-a-poursuivre-sa-greve-de-la-faim\/#primaryimage"},"thumbnailUrl":"https:\/\/kapitalis.com\/tunisie\/wp-content\/uploads\/2022\/07\/jaouhar-ben-mbarek.jpg","keywords":["gr\u00e8ve de la faim","Jawher Ben Mbarek","Tunisie"],"articleSection":["POLITIQUE","Tunisie"],"inLanguage":"fr-FR","potentialAction":[{"@type":"CommentAction","name":"Comment","target":["https:\/\/kapitalis.com\/tunisie\/2024\/05\/06\/tunisie-jawher-ben-mbarek-determine-a-poursuivre-sa-greve-de-la-faim\/#respond"]}]},{"@type":"WebPage","@id":"https:\/\/kapitalis.com\/tunisie\/2024\/05\/06\/tunisie-jawher-ben-mbarek-determine-a-poursuivre-sa-greve-de-la-faim\/","url":"https:\/\/kapitalis.com\/tunisie\/2024\/05\/06\/tunisie-jawher-ben-mbarek-determine-a-poursuivre-sa-greve-de-la-faim\/","name":"Tunisie : Jawher Ben Mbarek d\u00e9termin\u00e9 \u00e0 poursuivre sa gr\u00e8ve de la faim - Kapitalis","isPartOf":{"@id":"https:\/\/kapitalis.com\/tunisie\/#website"},"primaryImageOfPage":{"@id":"https:\/\/kapitalis.com\/tunisie\/2024\/05\/06\/tunisie-jawher-ben-mbarek-determine-a-poursuivre-sa-greve-de-la-faim\/#primaryimage"},"image":{"@id":"https:\/\/kapitalis.com\/tunisie\/2024\/05\/06\/tunisie-jawher-ben-mbarek-determine-a-poursuivre-sa-greve-de-la-faim\/#primaryimage"},"thumbnailUrl":"https:\/\/kapitalis.com\/tunisie\/wp-content\/uploads\/2022\/07\/jaouhar-ben-mbarek.jpg","datePublished":"2024-05-06T19:11:00+00:00","dateModified":"2024-05-06T19:41:27+00:00","breadcrumb":{"@id":"https:\/\/kapitalis.com\/tunisie\/2024\/05\/06\/tunisie-jawher-ben-mbarek-determine-a-poursuivre-sa-greve-de-la-faim\/#breadcrumb"},"inLanguage":"fr-FR","potentialAction":[{"@type":"ReadAction","target":["https:\/\/kapitalis.com\/tunisie\/2024\/05\/06\/tunisie-jawher-ben-mbarek-determine-a-poursuivre-sa-greve-de-la-faim\/"]}]},{"@type":"ImageObject","inLanguage":"fr-FR","@id":"https:\/\/kapitalis.com\/tunisie\/2024\/05\/06\/tunisie-jawher-ben-mbarek-determine-a-poursuivre-sa-greve-de-la-faim\/#primaryimage","url":"https:\/\/kapitalis.com\/tunisie\/wp-content\/uploads\/2022\/07\/jaouhar-ben-mbarek.jpg","contentUrl":"https:\/\/kapitalis.com\/tunisie\/wp-content\/uploads\/2022\/07\/jaouhar-ben-mbarek.jpg","width":1200,"height":630},{"@type":"BreadcrumbList","@id":"https:\/\/kapitalis.com\/tunisie\/2024\/05\/06\/tunisie-jawher-ben-mbarek-determine-a-poursuivre-sa-greve-de-la-faim\/#breadcrumb","itemListElement":[{"@type":"ListItem","position":1,"name":"Accueil","item":"https:\/\/kapitalis.com\/tunisie\/"},{"@type":"ListItem","position":2,"name":"Tunisie : Jawher Ben Mbarek d\u00e9termin\u00e9 \u00e0 poursuivre sa gr\u00e8ve de la faim"}]},{"@type":"WebSite","@id":"https:\/\/kapitalis.com\/tunisie\/#website","url":"https:\/\/kapitalis.com\/tunisie\/","name":"Kapitalis","description":"L&#039;actualit\u00e9 en Tunisie et dans le monde","publisher":{"@id":"https:\/\/kapitalis.com\/tunisie\/#organization"},"potentialAction":[{"@type":"SearchAction","target":{"@type":"EntryPoint","urlTemplate":"https:\/\/kapitalis.com\/tunisie\/?s={search_term_string}"},"query-input":{"@type":"PropertyValueSpecification","valueRequired":true,"valueName":"search_term_string"}}],"inLanguage":"fr-FR"},{"@type":"Organization","@id":"https:\/\/kapitalis.com\/tunisie\/#organization","name":"Kapitalis","url":"https:\/\/kapitalis.com\/tunisie\/","logo":{"@type":"ImageObject","inLanguage":"fr-FR","@id":"https:\/\/kapitalis.com\/tunisie\/#\/schema\/logo\/image\/","url":"https:\/\/kapitalis.com\/tunisie\/wp-content\/uploads\/2022\/05\/Kapitalis-big-size.png","contentUrl":"https:\/\/kapitalis.com\/tunisie\/wp-content\/uploads\/2022\/05\/Kapitalis-big-size.png","width":5000,"height":1500,"caption":"Kapitalis"},"image":{"@id":"https:\/\/kapitalis.com\/tunisie\/#\/schema\/logo\/image\/"},"sameAs":["https:\/\/www.facebook.com\/KapitalisInfo\/","https:\/\/x.com\/KapitalisInfo","https:\/\/www.youtube.com\/channel\/UC-yDYrHyfFBWWZaOw3FPg9Q"]},{"@type":"Person","@id":"https:\/\/kapitalis.com\/tunisie\/#\/schema\/person\/74bbde0154d49d790a92aaeac5bc01d5","name":"Yusra NY","url":"https:\/\/kapitalis.com\/tunisie\/author\/yuza_adam\/"}]}},"_links":{"self":[{"href":"https:\/\/kapitalis.com\/tunisie\/wp-json\/wp\/v2\/posts\/12707906","targetHints":{"allow":["GET"]}}],"collection":[{"href":"https:\/\/kapitalis.com\/tunisie\/wp-json\/wp\/v2\/posts"}],"about":[{"href":"https:\/\/kapitalis.com\/tunisie\/wp-json\/wp\/v2\/types\/post"}],"author":[{"embeddable":true,"href":"https:\/\/kapitalis.com\/tunisie\/wp-json\/wp\/v2\/users\/6"}],"replies":[{"embeddable":true,"href":"https:\/\/kapitalis.com\/tunisie\/wp-json\/wp\/v2\/comments?post=12707906"}],"version-history":[{"count":2,"href":"https:\/\/kapitalis.com\/tunisie\/wp-json\/wp\/v2\/posts\/12707906\/revisions"}],"predecessor-version":[{"id":12707947,"href":"https:\/\/kapitalis.com\/tunisie\/wp-json\/wp\/v2\/posts\/12707906\/revisions\/12707947"}],"wp:featuredmedia":[{"embeddable":true,"href":"https:\/\/kapitalis.com\/tunisie\/wp-json\/wp\/v2\/media\/2166359"}],"wp:attachment":[{"href":"https:\/\/kapitalis.com\/tunisie\/wp-json\/wp\/v2\/media?parent=12707906"}],"wp:term":[{"taxonomy":"category","embeddable":true,"href":"https:\/\/kapitalis.com\/tunisie\/wp-json\/wp\/v2\/categories?post=12707906"},{"taxonomy":"post_tag","embeddable":true,"href":"https:\/\/kapitalis.com\/tunisie\/wp-json\/wp\/v2\/tags?post=12707906"}],"curies":[{"name":"wp","href":"https:\/\/api.w.org\/{rel}","templated":true}]}}