{"id":12721732,"date":"2024-05-07T22:21:37","date_gmt":"2024-05-07T21:21:37","guid":{"rendered":"https:\/\/kapitalis.com\/tunisie\/?p=12721732"},"modified":"2024-05-07T22:40:11","modified_gmt":"2024-05-07T21:40:11","slug":"tunisie-latfd-solidaire-avec-saadia-mosbah-presidente-de-lassociation-mnemty","status":"publish","type":"post","link":"https:\/\/kapitalis.com\/tunisie\/2024\/05\/07\/tunisie-latfd-solidaire-avec-saadia-mosbah-presidente-de-lassociation-mnemty\/","title":{"rendered":"Tunisie : L&rsquo;ATFD solidaire avec Sa\u00e2dia Mosbah, pr\u00e9sidente de l\u2019association Mnemty"},"content":{"rendered":"\n<p><strong><em>L&rsquo;Association tunisienne des femmes d\u00e9mocrates (ATFD) a exprim\u00e9 sa solidarit\u00e9 avec la militante et pr\u00e9sidente de l\u2019Association Mnemty contre discrimination raciale en Tunisie, Sa\u00e2dia Mosbah, qui a \u00e9t\u00e9 arr\u00eat\u00e9e hier et plac\u00e9e en garde \u00e0 vue ce mardi 7 mai 2024.<\/em><\/strong><\/p>\n\n\n\n<!--more-->\n\n\n\n<p>L&rsquo;ATFD a appel\u00e9 \u00e0 la solidarit\u00e9 avec Sa\u00e2dia Mosbah et l\u2019association qu&rsquo;elle pr\u00e9side, sachant que Mnemty, qui \u0153uvre notamment, pour une Tunisie plurielle a r\u00e9cemment soulign\u00e9 la n\u00e9cessit\u00e9 de prot\u00e9ger les fronti\u00e8res tunisiennes, tout en respectant les normes internationales en mati\u00e8re de droits de l\u2019homme, et ce, \u00e0 propos de la gestion du flux migratoire.<\/p>\n\n\n\n<p>De ce fait, l&rsquo;ATFD a appel\u00e9 les voix libres, hommes et femmes juristes, \u00e0 faire face aux campagnes racistes, \u00e0 l&rsquo;incitation \u00e0 la haine et aux discours de haineux, estimant que ce qui affecte aujourd&rsquo;hui la paix sociale en Tunisie en ce qui concerne les migrants et les incidents violents r\u00e9cemment eregistr\u00e9, d\u00e9coule de l&rsquo;absence totale d&rsquo;une approche claire pour traiter de cette question : \u00ab <em>seule une approche s\u00e9curitaire et celle-ci est insuffisante et fait de la Tunisie un garde-fronti\u00e8re pour mettre en \u0153uvre les diktats de l&rsquo;Union europ\u00e9enne et de l&rsquo;Italie en particulier <\/em>\u00bb.<\/p>\n\n\n\n<p>De son c\u00f4t\u00e9, l\u2019association Mnemty a rappel\u00e9 son r\u00f4le qui consiste \u00e0 \u0153uvrer pour la coexistence et pour l&rsquo;\u00e9limination de toutes les formes de discrimination raciale, et son attachement \u00e0 la protection des droits humains de tous les individus, quelle que soit leur couleur, leur nationalit\u00e9, leur origine ou leur religion.<\/p>\n\n\n\n<p>\u00ab <em>Mnemty s&rsquo;efforce d&rsquo;y parvenir \u00e0 travers ses diff\u00e9rents programmes et projets\u2026. Nous tenons \u00e0 pr\u00e9ciser \u00e0 l&rsquo;opinion publique, que contrairement \u00e0 ce qui circul\u00e9 sur les r\u00e9seaux sociaux, l&rsquo;association n&rsquo;a pas appel\u00e9, ni secr\u00e8tement ni publiquement, \u00e0 l&rsquo;ouverture des fronti\u00e8res, mais a plut\u00f4t soulign\u00e9 la n\u00e9cessit\u00e9 de prot\u00e9ger les fronti\u00e8res tout en respectant les normes internationales en mati\u00e8re de droits de l\u2019homme <\/em>\u00bb, lit-on dans un communiqu\u00e9 publi\u00e9 ce jour.<\/p>\n\n\n\n<p>La m\u00eame source a \u00e9galement affirm\u00e9 que les membres de l&rsquo;association Mnemty sont ouverts et pr\u00eats \u00e0 traiter avec toutes les administrations tunisiennes en mati\u00e8re de reporting de leurs activit\u00e9s financi\u00e8res avec pr\u00e9cisions et en toute transparence.<\/p>\n\n\n\n<p>Notons que Me Bassem Trifi, pr\u00e9sident de la Ligue tunisienne de d\u00e9fense des droits de l&rsquo;Homme (LTDH), a indiqu\u00e9 sur Express Fm que Saadia Mosbah, a \u00e9t\u00e9 plac\u00e9e en garde \u00e0 vue pour une p\u00e9riode de 5 jours dans le cadre d&rsquo;une affaire qui serait li\u00e9es aux financements re\u00e7us par l&rsquo;association qu&rsquo;elle pr\u00e9side.<\/p>\n\n\n\n<p>Depuis son arrestation hier , Saadia Mosbah a b\u00e9n\u00e9fici\u00e9 d&rsquo;une vague de soutien par diff\u00e9rentes parties, notamment des associations, des activistes de la soci\u00e9t\u00e9 civile et autres militants.  <\/p>\n\n\n\n<p class=\"has-text-align-right\"><strong>Y. N.<\/strong><\/p>\n\n\n\n<figure class=\"wp-block-embed is-type-wp-embed is-provider-kapitalis wp-block-embed-kapitalis\"><div class=\"wp-block-embed__wrapper\">\n<blockquote class=\"wp-embedded-content\" data-secret=\"XvEybTDV60\"><a href=\"https:\/\/kapitalis.com\/tunisie\/2024\/05\/07\/arrestation-de-saadia-mosbah-presidente-de-lassociation-mnemty\/\">Arrestation de Sa\u00e2dia Mosbah, pr\u00e9sidente de l\u2019association Mnemty<\/a><\/blockquote><iframe loading=\"lazy\" class=\"wp-embedded-content\" sandbox=\"allow-scripts\" security=\"restricted\" style=\"position: absolute; clip: rect(1px, 1px, 1px, 1px);\" title=\"\u00ab\u00a0Arrestation de Sa\u00e2dia Mosbah, pr\u00e9sidente de l\u2019association Mnemty\u00a0\u00bb &#8212; Kapitalis\" src=\"https:\/\/kapitalis.com\/tunisie\/2024\/05\/07\/arrestation-de-saadia-mosbah-presidente-de-lassociation-mnemty\/embed\/#?secret=BHbBZRCQwv#?secret=XvEybTDV60\" data-secret=\"XvEybTDV60\" width=\"600\" height=\"338\" frameborder=\"0\" marginwidth=\"0\" marginheight=\"0\" scrolling=\"no\"><\/iframe>\n<\/div><\/figure>\n","protected":false},"excerpt":{"rendered":"<p>L&rsquo;Association tunisienne des femmes d\u00e9mocrates (ATFD) a exprim\u00e9 sa solidarit\u00e9 avec la militante et pr\u00e9sidente de l\u2019Association Mnemty contre discrimination raciale en Tunisie, Sa\u00e2dia Mosbah, qui a \u00e9t\u00e9 arr\u00eat\u00e9e hier et plac\u00e9e en garde \u00e0 vue ce mardi 7 mai 2024.<\/p>\n","protected":false},"author":6,"featured_media":12722203,"comment_status":"open","ping_status":"open","sticky":false,"template":"","format":"standard","meta":{"footnotes":""},"categories":[997,998,2433],"tags":[95,10967,11539,110361,110359,1139,62643],"class_list":["post-12721732","post","type-post","status-publish","format-standard","has-post-thumbnail","hentry","category-politique","category-societe","category-tunisie","tag-association","tag-atfd","tag-discrimination-raciale","tag-mnemty","tag-saadia-mosbah","tag-solidarite","tag-tunisie"],"yoast_head":"<!-- This site is optimized with the Yoast SEO plugin v26.6 - https:\/\/yoast.com\/wordpress\/plugins\/seo\/ -->\n<title>Tunisie : L&#039;ATFD solidaire avec Sa\u00e2dia Mosbah, pr\u00e9sidente de l\u2019association Mnemty - Kapitalis<\/title>\n<meta name=\"robots\" content=\"index, follow, max-snippet:-1, max-image-preview:large, max-video-preview:-1\" \/>\n<link rel=\"canonical\" href=\"https:\/\/kapitalis.com\/tunisie\/2024\/05\/07\/tunisie-latfd-solidaire-avec-saadia-mosbah-presidente-de-lassociation-mnemty\/\" \/>\n<meta property=\"og:locale\" content=\"fr_FR\" \/>\n<meta property=\"og:type\" content=\"article\" \/>\n<meta property=\"og:title\" content=\"Tunisie : L&#039;ATFD solidaire avec Sa\u00e2dia Mosbah, pr\u00e9sidente de l\u2019association Mnemty - Kapitalis\" \/>\n<meta property=\"og:description\" content=\"L&rsquo;Association tunisienne des femmes d\u00e9mocrates (ATFD) a exprim\u00e9 sa solidarit\u00e9 avec la militante et pr\u00e9sidente de l\u2019Association Mnemty contre discrimination raciale en Tunisie, Sa\u00e2dia Mosbah, qui a \u00e9t\u00e9 arr\u00eat\u00e9e hier et plac\u00e9e en garde \u00e0 vue ce mardi 7 mai 2024.\" \/>\n<meta property=\"og:url\" content=\"https:\/\/kapitalis.com\/tunisie\/2024\/05\/07\/tunisie-latfd-solidaire-avec-saadia-mosbah-presidente-de-lassociation-mnemty\/\" \/>\n<meta property=\"og:site_name\" content=\"Kapitalis\" \/>\n<meta property=\"article:publisher\" content=\"https:\/\/www.facebook.com\/KapitalisInfo\/\" \/>\n<meta property=\"article:published_time\" content=\"2024-05-07T21:21:37+00:00\" \/>\n<meta property=\"article:modified_time\" content=\"2024-05-07T21:40:11+00:00\" \/>\n<meta property=\"og:image\" content=\"https:\/\/kapitalis.com\/tunisie\/wp-content\/uploads\/2024\/05\/Saadia-Mosbah-1.jpg\" \/>\n\t<meta property=\"og:image:width\" content=\"1200\" \/>\n\t<meta property=\"og:image:height\" content=\"630\" \/>\n\t<meta property=\"og:image:type\" content=\"image\/jpeg\" \/>\n<meta name=\"author\" content=\"Yusra NY\" \/>\n<meta name=\"twitter:card\" content=\"summary_large_image\" \/>\n<meta name=\"twitter:creator\" content=\"@KapitalisInfo\" \/>\n<meta name=\"twitter:site\" content=\"@KapitalisInfo\" \/>\n<meta name=\"twitter:label1\" content=\"\u00c9crit par\" \/>\n\t<meta name=\"twitter:data1\" content=\"Yusra NY\" \/>\n\t<meta name=\"twitter:label2\" content=\"Dur\u00e9e de lecture estim\u00e9e\" \/>\n\t<meta name=\"twitter:data2\" content=\"3 minutes\" \/>\n<script type=\"application\/ld+json\" class=\"yoast-schema-graph\">{\"@context\":\"https:\/\/schema.org\",\"@graph\":[{\"@type\":\"Article\",\"@id\":\"https:\/\/kapitalis.com\/tunisie\/2024\/05\/07\/tunisie-latfd-solidaire-avec-saadia-mosbah-presidente-de-lassociation-mnemty\/#article\",\"isPartOf\":{\"@id\":\"https:\/\/kapitalis.com\/tunisie\/2024\/05\/07\/tunisie-latfd-solidaire-avec-saadia-mosbah-presidente-de-lassociation-mnemty\/\"},\"author\":{\"name\":\"Yusra NY\",\"@id\":\"https:\/\/kapitalis.com\/tunisie\/#\/schema\/person\/74bbde0154d49d790a92aaeac5bc01d5\"},\"headline\":\"Tunisie : L&rsquo;ATFD solidaire avec Sa\u00e2dia Mosbah, pr\u00e9sidente de l\u2019association Mnemty\",\"datePublished\":\"2024-05-07T21:21:37+00:00\",\"dateModified\":\"2024-05-07T21:40:11+00:00\",\"mainEntityOfPage\":{\"@id\":\"https:\/\/kapitalis.com\/tunisie\/2024\/05\/07\/tunisie-latfd-solidaire-avec-saadia-mosbah-presidente-de-lassociation-mnemty\/\"},\"wordCount\":481,\"commentCount\":0,\"publisher\":{\"@id\":\"https:\/\/kapitalis.com\/tunisie\/#organization\"},\"image\":{\"@id\":\"https:\/\/kapitalis.com\/tunisie\/2024\/05\/07\/tunisie-latfd-solidaire-avec-saadia-mosbah-presidente-de-lassociation-mnemty\/#primaryimage\"},\"thumbnailUrl\":\"https:\/\/kapitalis.com\/tunisie\/wp-content\/uploads\/2024\/05\/Saadia-Mosbah-1.jpg\",\"keywords\":[\"association\",\"ATFD\",\"discrimination raciale\",\"Mnemty\",\"Sa\u00e2dia Mosbah\",\"solidarit\u00e9\",\"Tunisie\"],\"articleSection\":[\"POLITIQUE\",\"SOCIETE\",\"Tunisie\"],\"inLanguage\":\"fr-FR\",\"potentialAction\":[{\"@type\":\"CommentAction\",\"name\":\"Comment\",\"target\":[\"https:\/\/kapitalis.com\/tunisie\/2024\/05\/07\/tunisie-latfd-solidaire-avec-saadia-mosbah-presidente-de-lassociation-mnemty\/#respond\"]}]},{\"@type\":\"WebPage\",\"@id\":\"https:\/\/kapitalis.com\/tunisie\/2024\/05\/07\/tunisie-latfd-solidaire-avec-saadia-mosbah-presidente-de-lassociation-mnemty\/\",\"url\":\"https:\/\/kapitalis.com\/tunisie\/2024\/05\/07\/tunisie-latfd-solidaire-avec-saadia-mosbah-presidente-de-lassociation-mnemty\/\",\"name\":\"Tunisie : L'ATFD solidaire avec Sa\u00e2dia Mosbah, pr\u00e9sidente de l\u2019association Mnemty - Kapitalis\",\"isPartOf\":{\"@id\":\"https:\/\/kapitalis.com\/tunisie\/#website\"},\"primaryImageOfPage\":{\"@id\":\"https:\/\/kapitalis.com\/tunisie\/2024\/05\/07\/tunisie-latfd-solidaire-avec-saadia-mosbah-presidente-de-lassociation-mnemty\/#primaryimage\"},\"image\":{\"@id\":\"https:\/\/kapitalis.com\/tunisie\/2024\/05\/07\/tunisie-latfd-solidaire-avec-saadia-mosbah-presidente-de-lassociation-mnemty\/#primaryimage\"},\"thumbnailUrl\":\"https:\/\/kapitalis.com\/tunisie\/wp-content\/uploads\/2024\/05\/Saadia-Mosbah-1.jpg\",\"datePublished\":\"2024-05-07T21:21:37+00:00\",\"dateModified\":\"2024-05-07T21:40:11+00:00\",\"breadcrumb\":{\"@id\":\"https:\/\/kapitalis.com\/tunisie\/2024\/05\/07\/tunisie-latfd-solidaire-avec-saadia-mosbah-presidente-de-lassociation-mnemty\/#breadcrumb\"},\"inLanguage\":\"fr-FR\",\"potentialAction\":[{\"@type\":\"ReadAction\",\"target\":[\"https:\/\/kapitalis.com\/tunisie\/2024\/05\/07\/tunisie-latfd-solidaire-avec-saadia-mosbah-presidente-de-lassociation-mnemty\/\"]}]},{\"@type\":\"ImageObject\",\"inLanguage\":\"fr-FR\",\"@id\":\"https:\/\/kapitalis.com\/tunisie\/2024\/05\/07\/tunisie-latfd-solidaire-avec-saadia-mosbah-presidente-de-lassociation-mnemty\/#primaryimage\",\"url\":\"https:\/\/kapitalis.com\/tunisie\/wp-content\/uploads\/2024\/05\/Saadia-Mosbah-1.jpg\",\"contentUrl\":\"https:\/\/kapitalis.com\/tunisie\/wp-content\/uploads\/2024\/05\/Saadia-Mosbah-1.jpg\",\"width\":1200,\"height\":630},{\"@type\":\"BreadcrumbList\",\"@id\":\"https:\/\/kapitalis.com\/tunisie\/2024\/05\/07\/tunisie-latfd-solidaire-avec-saadia-mosbah-presidente-de-lassociation-mnemty\/#breadcrumb\",\"itemListElement\":[{\"@type\":\"ListItem\",\"position\":1,\"name\":\"Accueil\",\"item\":\"https:\/\/kapitalis.com\/tunisie\/\"},{\"@type\":\"ListItem\",\"position\":2,\"name\":\"Tunisie : L&rsquo;ATFD solidaire avec Sa\u00e2dia Mosbah, pr\u00e9sidente de l\u2019association Mnemty\"}]},{\"@type\":\"WebSite\",\"@id\":\"https:\/\/kapitalis.com\/tunisie\/#website\",\"url\":\"https:\/\/kapitalis.com\/tunisie\/\",\"name\":\"Kapitalis\",\"description\":\"L&#039;actualit\u00e9 en Tunisie et dans le monde\",\"publisher\":{\"@id\":\"https:\/\/kapitalis.com\/tunisie\/#organization\"},\"potentialAction\":[{\"@type\":\"SearchAction\",\"target\":{\"@type\":\"EntryPoint\",\"urlTemplate\":\"https:\/\/kapitalis.com\/tunisie\/?s={search_term_string}\"},\"query-input\":{\"@type\":\"PropertyValueSpecification\",\"valueRequired\":true,\"valueName\":\"search_term_string\"}}],\"inLanguage\":\"fr-FR\"},{\"@type\":\"Organization\",\"@id\":\"https:\/\/kapitalis.com\/tunisie\/#organization\",\"name\":\"Kapitalis\",\"url\":\"https:\/\/kapitalis.com\/tunisie\/\",\"logo\":{\"@type\":\"ImageObject\",\"inLanguage\":\"fr-FR\",\"@id\":\"https:\/\/kapitalis.com\/tunisie\/#\/schema\/logo\/image\/\",\"url\":\"https:\/\/kapitalis.com\/tunisie\/wp-content\/uploads\/2022\/05\/Kapitalis-big-size.png\",\"contentUrl\":\"https:\/\/kapitalis.com\/tunisie\/wp-content\/uploads\/2022\/05\/Kapitalis-big-size.png\",\"width\":5000,\"height\":1500,\"caption\":\"Kapitalis\"},\"image\":{\"@id\":\"https:\/\/kapitalis.com\/tunisie\/#\/schema\/logo\/image\/\"},\"sameAs\":[\"https:\/\/www.facebook.com\/KapitalisInfo\/\",\"https:\/\/x.com\/KapitalisInfo\",\"https:\/\/www.youtube.com\/channel\/UC-yDYrHyfFBWWZaOw3FPg9Q\"]},{\"@type\":\"Person\",\"@id\":\"https:\/\/kapitalis.com\/tunisie\/#\/schema\/person\/74bbde0154d49d790a92aaeac5bc01d5\",\"name\":\"Yusra NY\",\"url\":\"https:\/\/kapitalis.com\/tunisie\/author\/yuza_adam\/\"}]}<\/script>\n<!-- \/ Yoast SEO plugin. -->","yoast_head_json":{"title":"Tunisie : L'ATFD solidaire avec Sa\u00e2dia Mosbah, pr\u00e9sidente de l\u2019association Mnemty - Kapitalis","robots":{"index":"index","follow":"follow","max-snippet":"max-snippet:-1","max-image-preview":"max-image-preview:large","max-video-preview":"max-video-preview:-1"},"canonical":"https:\/\/kapitalis.com\/tunisie\/2024\/05\/07\/tunisie-latfd-solidaire-avec-saadia-mosbah-presidente-de-lassociation-mnemty\/","og_locale":"fr_FR","og_type":"article","og_title":"Tunisie : L'ATFD solidaire avec Sa\u00e2dia Mosbah, pr\u00e9sidente de l\u2019association Mnemty - Kapitalis","og_description":"L&rsquo;Association tunisienne des femmes d\u00e9mocrates (ATFD) a exprim\u00e9 sa solidarit\u00e9 avec la militante et pr\u00e9sidente de l\u2019Association Mnemty contre discrimination raciale en Tunisie, Sa\u00e2dia Mosbah, qui a \u00e9t\u00e9 arr\u00eat\u00e9e hier et plac\u00e9e en garde \u00e0 vue ce mardi 7 mai 2024.","og_url":"https:\/\/kapitalis.com\/tunisie\/2024\/05\/07\/tunisie-latfd-solidaire-avec-saadia-mosbah-presidente-de-lassociation-mnemty\/","og_site_name":"Kapitalis","article_publisher":"https:\/\/www.facebook.com\/KapitalisInfo\/","article_published_time":"2024-05-07T21:21:37+00:00","article_modified_time":"2024-05-07T21:40:11+00:00","og_image":[{"width":1200,"height":630,"url":"https:\/\/kapitalis.com\/tunisie\/wp-content\/uploads\/2024\/05\/Saadia-Mosbah-1.jpg","type":"image\/jpeg"}],"author":"Yusra NY","twitter_card":"summary_large_image","twitter_creator":"@KapitalisInfo","twitter_site":"@KapitalisInfo","twitter_misc":{"\u00c9crit par":"Yusra NY","Dur\u00e9e de lecture estim\u00e9e":"3 minutes"},"schema":{"@context":"https:\/\/schema.org","@graph":[{"@type":"Article","@id":"https:\/\/kapitalis.com\/tunisie\/2024\/05\/07\/tunisie-latfd-solidaire-avec-saadia-mosbah-presidente-de-lassociation-mnemty\/#article","isPartOf":{"@id":"https:\/\/kapitalis.com\/tunisie\/2024\/05\/07\/tunisie-latfd-solidaire-avec-saadia-mosbah-presidente-de-lassociation-mnemty\/"},"author":{"name":"Yusra NY","@id":"https:\/\/kapitalis.com\/tunisie\/#\/schema\/person\/74bbde0154d49d790a92aaeac5bc01d5"},"headline":"Tunisie : L&rsquo;ATFD solidaire avec Sa\u00e2dia Mosbah, pr\u00e9sidente de l\u2019association Mnemty","datePublished":"2024-05-07T21:21:37+00:00","dateModified":"2024-05-07T21:40:11+00:00","mainEntityOfPage":{"@id":"https:\/\/kapitalis.com\/tunisie\/2024\/05\/07\/tunisie-latfd-solidaire-avec-saadia-mosbah-presidente-de-lassociation-mnemty\/"},"wordCount":481,"commentCount":0,"publisher":{"@id":"https:\/\/kapitalis.com\/tunisie\/#organization"},"image":{"@id":"https:\/\/kapitalis.com\/tunisie\/2024\/05\/07\/tunisie-latfd-solidaire-avec-saadia-mosbah-presidente-de-lassociation-mnemty\/#primaryimage"},"thumbnailUrl":"https:\/\/kapitalis.com\/tunisie\/wp-content\/uploads\/2024\/05\/Saadia-Mosbah-1.jpg","keywords":["association","ATFD","discrimination raciale","Mnemty","Sa\u00e2dia Mosbah","solidarit\u00e9","Tunisie"],"articleSection":["POLITIQUE","SOCIETE","Tunisie"],"inLanguage":"fr-FR","potentialAction":[{"@type":"CommentAction","name":"Comment","target":["https:\/\/kapitalis.com\/tunisie\/2024\/05\/07\/tunisie-latfd-solidaire-avec-saadia-mosbah-presidente-de-lassociation-mnemty\/#respond"]}]},{"@type":"WebPage","@id":"https:\/\/kapitalis.com\/tunisie\/2024\/05\/07\/tunisie-latfd-solidaire-avec-saadia-mosbah-presidente-de-lassociation-mnemty\/","url":"https:\/\/kapitalis.com\/tunisie\/2024\/05\/07\/tunisie-latfd-solidaire-avec-saadia-mosbah-presidente-de-lassociation-mnemty\/","name":"Tunisie : L'ATFD solidaire avec Sa\u00e2dia Mosbah, pr\u00e9sidente de l\u2019association Mnemty - Kapitalis","isPartOf":{"@id":"https:\/\/kapitalis.com\/tunisie\/#website"},"primaryImageOfPage":{"@id":"https:\/\/kapitalis.com\/tunisie\/2024\/05\/07\/tunisie-latfd-solidaire-avec-saadia-mosbah-presidente-de-lassociation-mnemty\/#primaryimage"},"image":{"@id":"https:\/\/kapitalis.com\/tunisie\/2024\/05\/07\/tunisie-latfd-solidaire-avec-saadia-mosbah-presidente-de-lassociation-mnemty\/#primaryimage"},"thumbnailUrl":"https:\/\/kapitalis.com\/tunisie\/wp-content\/uploads\/2024\/05\/Saadia-Mosbah-1.jpg","datePublished":"2024-05-07T21:21:37+00:00","dateModified":"2024-05-07T21:40:11+00:00","breadcrumb":{"@id":"https:\/\/kapitalis.com\/tunisie\/2024\/05\/07\/tunisie-latfd-solidaire-avec-saadia-mosbah-presidente-de-lassociation-mnemty\/#breadcrumb"},"inLanguage":"fr-FR","potentialAction":[{"@type":"ReadAction","target":["https:\/\/kapitalis.com\/tunisie\/2024\/05\/07\/tunisie-latfd-solidaire-avec-saadia-mosbah-presidente-de-lassociation-mnemty\/"]}]},{"@type":"ImageObject","inLanguage":"fr-FR","@id":"https:\/\/kapitalis.com\/tunisie\/2024\/05\/07\/tunisie-latfd-solidaire-avec-saadia-mosbah-presidente-de-lassociation-mnemty\/#primaryimage","url":"https:\/\/kapitalis.com\/tunisie\/wp-content\/uploads\/2024\/05\/Saadia-Mosbah-1.jpg","contentUrl":"https:\/\/kapitalis.com\/tunisie\/wp-content\/uploads\/2024\/05\/Saadia-Mosbah-1.jpg","width":1200,"height":630},{"@type":"BreadcrumbList","@id":"https:\/\/kapitalis.com\/tunisie\/2024\/05\/07\/tunisie-latfd-solidaire-avec-saadia-mosbah-presidente-de-lassociation-mnemty\/#breadcrumb","itemListElement":[{"@type":"ListItem","position":1,"name":"Accueil","item":"https:\/\/kapitalis.com\/tunisie\/"},{"@type":"ListItem","position":2,"name":"Tunisie : L&rsquo;ATFD solidaire avec Sa\u00e2dia Mosbah, pr\u00e9sidente de l\u2019association Mnemty"}]},{"@type":"WebSite","@id":"https:\/\/kapitalis.com\/tunisie\/#website","url":"https:\/\/kapitalis.com\/tunisie\/","name":"Kapitalis","description":"L&#039;actualit\u00e9 en Tunisie et dans le monde","publisher":{"@id":"https:\/\/kapitalis.com\/tunisie\/#organization"},"potentialAction":[{"@type":"SearchAction","target":{"@type":"EntryPoint","urlTemplate":"https:\/\/kapitalis.com\/tunisie\/?s={search_term_string}"},"query-input":{"@type":"PropertyValueSpecification","valueRequired":true,"valueName":"search_term_string"}}],"inLanguage":"fr-FR"},{"@type":"Organization","@id":"https:\/\/kapitalis.com\/tunisie\/#organization","name":"Kapitalis","url":"https:\/\/kapitalis.com\/tunisie\/","logo":{"@type":"ImageObject","inLanguage":"fr-FR","@id":"https:\/\/kapitalis.com\/tunisie\/#\/schema\/logo\/image\/","url":"https:\/\/kapitalis.com\/tunisie\/wp-content\/uploads\/2022\/05\/Kapitalis-big-size.png","contentUrl":"https:\/\/kapitalis.com\/tunisie\/wp-content\/uploads\/2022\/05\/Kapitalis-big-size.png","width":5000,"height":1500,"caption":"Kapitalis"},"image":{"@id":"https:\/\/kapitalis.com\/tunisie\/#\/schema\/logo\/image\/"},"sameAs":["https:\/\/www.facebook.com\/KapitalisInfo\/","https:\/\/x.com\/KapitalisInfo","https:\/\/www.youtube.com\/channel\/UC-yDYrHyfFBWWZaOw3FPg9Q"]},{"@type":"Person","@id":"https:\/\/kapitalis.com\/tunisie\/#\/schema\/person\/74bbde0154d49d790a92aaeac5bc01d5","name":"Yusra NY","url":"https:\/\/kapitalis.com\/tunisie\/author\/yuza_adam\/"}]}},"_links":{"self":[{"href":"https:\/\/kapitalis.com\/tunisie\/wp-json\/wp\/v2\/posts\/12721732","targetHints":{"allow":["GET"]}}],"collection":[{"href":"https:\/\/kapitalis.com\/tunisie\/wp-json\/wp\/v2\/posts"}],"about":[{"href":"https:\/\/kapitalis.com\/tunisie\/wp-json\/wp\/v2\/types\/post"}],"author":[{"embeddable":true,"href":"https:\/\/kapitalis.com\/tunisie\/wp-json\/wp\/v2\/users\/6"}],"replies":[{"embeddable":true,"href":"https:\/\/kapitalis.com\/tunisie\/wp-json\/wp\/v2\/comments?post=12721732"}],"version-history":[{"count":3,"href":"https:\/\/kapitalis.com\/tunisie\/wp-json\/wp\/v2\/posts\/12721732\/revisions"}],"predecessor-version":[{"id":12722680,"href":"https:\/\/kapitalis.com\/tunisie\/wp-json\/wp\/v2\/posts\/12721732\/revisions\/12722680"}],"wp:featuredmedia":[{"embeddable":true,"href":"https:\/\/kapitalis.com\/tunisie\/wp-json\/wp\/v2\/media\/12722203"}],"wp:attachment":[{"href":"https:\/\/kapitalis.com\/tunisie\/wp-json\/wp\/v2\/media?parent=12721732"}],"wp:term":[{"taxonomy":"category","embeddable":true,"href":"https:\/\/kapitalis.com\/tunisie\/wp-json\/wp\/v2\/categories?post=12721732"},{"taxonomy":"post_tag","embeddable":true,"href":"https:\/\/kapitalis.com\/tunisie\/wp-json\/wp\/v2\/tags?post=12721732"}],"curies":[{"name":"wp","href":"https:\/\/api.w.org\/{rel}","templated":true}]}}