{"id":127254,"date":"2017-12-08T10:25:26","date_gmt":"2017-12-08T09:25:26","guid":{"rendered":"http:\/\/kapitalis.com\/tunisie\/?p=127254"},"modified":"2017-12-08T10:27:07","modified_gmt":"2017-12-08T09:27:07","slug":"al-qods-caid-essebsi-convoque-lambassadeur-des-etats-unis","status":"publish","type":"post","link":"https:\/\/kapitalis.com\/tunisie\/2017\/12\/08\/al-qods-caid-essebsi-convoque-lambassadeur-des-etats-unis\/","title":{"rendered":"Al-Qods : Caid Essebsi convoque l&rsquo;ambassadeur des Etats-Unis"},"content":{"rendered":"<p style=\"text-align: center;\"><img loading=\"lazy\" decoding=\"async\" class=\"alignnone size-full wp-image-127255\" src=\"http:\/\/kapitalis.com\/tunisie\/wp-content\/uploads\/2017\/12\/B\u00e9ji-Caid-Essebsi_Daniel-H.-Rubinstein.jpg\" alt=\"\" width=\"626\" height=\"380\" \/><\/p>\n<p><em><b>Le pr\u00e9sident de la r\u00e9publique, B\u00e9ji Caid Essebsi, a convoqu\u00e9 l&rsquo;ambassadeur des Etats-Unis en Tunisie, Daniel H. Rubinstein<\/b><\/em><em><b>.\u00a0<\/b><\/em><!--more--><\/p>\n<p>C&rsquo;est ce qu&rsquo;a indiqu\u00e9 le conseiller politique aupr\u00e8s de la pr\u00e9sidence de la r\u00e9publique, Noureddine Ben Ticha, dans une d\u00e9claration \u00e0 \u00ab\u00a0<em>La Matinale<\/em>\u00a0\u00bb de Shems FM, aujourd&rsquo;hui, vendredi 8 d\u00e9cembre 2017, en pr\u00e9cisant que cette convocation vient suite \u00e0 la d\u00e9cision, annonc\u00e9e il y a 2 jours par pr\u00e9sident am\u00e9ricain, Donald Trump, de reconna\u00eetre Al-Qods (J\u00e9rusalem) comme capitale d\u2019Isra\u00ebl.<\/p>\n<p>\u00ab<em>Le pr\u00e9sident de la r\u00e9publique a convoqu\u00e9 l&rsquo;ambassadeur pour l&rsquo;informer de la position de la Tunisie par rapport \u00e0 cette d\u00e9cision<\/em>\u00bb, a expliqu\u00e9 M. Ben Ticha, ajoutant que le chef de l&rsquo;Etat recevra M. Rubinstein, aujourd&rsquo;hui, au Palais de Carthage.<\/p>\n<p>Le conseiller politique aupr\u00e8s de la pr\u00e9sidence de la r\u00e9publique a, par ailleurs, annonc\u00e9 que M. Caid Essebsi rencontrera le lundi prochain le pr\u00e9sident fran\u00e7ais Emmanuel Macron, pour discuter sur divers sujets d&rsquo;int\u00e9r\u00eat bilat\u00e9ral et multilat\u00e9ral, notamment la question palestinienne et les moyens de faire respecter les r\u00e9solutions internationales relatives \u00e0 la solution de deux Etats: Isra\u00ebl et la Palestine.<\/p>\n<p style=\"text-align: right;\"><strong>E. B. A.<\/strong><\/p>\n","protected":false},"excerpt":{"rendered":"<p>Le pr\u00e9sident de la r\u00e9publique, B\u00e9ji Caid Essebsi, a convoqu\u00e9 l&rsquo;ambassadeur des Etats-Unis en Tunisie, Daniel H. Rubinstein.\u00a0<\/p>\n","protected":false},"author":16,"featured_media":127255,"comment_status":"open","ping_status":"open","sticky":false,"template":"","format":"standard","meta":{"footnotes":""},"categories":[997,2433],"tags":[7520,8464,7847,2922],"class_list":["post-127254","post","type-post","status-publish","format-standard","has-post-thumbnail","hentry","category-politique","category-tunisie","tag-al-qods","tag-daniel-h-rubinstein","tag-jerusalem","tag-noureddine-ben-ticha"],"yoast_head":"<!-- This site is optimized with the Yoast SEO plugin v26.6 - https:\/\/yoast.com\/wordpress\/plugins\/seo\/ -->\n<title>Al-Qods : Caid Essebsi convoque l&#039;ambassadeur des Etats-Unis - Kapitalis<\/title>\n<meta name=\"robots\" content=\"index, follow, max-snippet:-1, max-image-preview:large, max-video-preview:-1\" \/>\n<link rel=\"canonical\" href=\"https:\/\/kapitalis.com\/tunisie\/2017\/12\/08\/al-qods-caid-essebsi-convoque-lambassadeur-des-etats-unis\/\" \/>\n<meta property=\"og:locale\" content=\"fr_FR\" \/>\n<meta property=\"og:type\" content=\"article\" \/>\n<meta property=\"og:title\" content=\"Al-Qods : Caid Essebsi convoque l&#039;ambassadeur des Etats-Unis - Kapitalis\" \/>\n<meta property=\"og:description\" content=\"Le pr\u00e9sident de la r\u00e9publique, B\u00e9ji Caid Essebsi, a convoqu\u00e9 l&rsquo;ambassadeur des Etats-Unis en Tunisie, Daniel H. Rubinstein.\u00a0\" \/>\n<meta property=\"og:url\" content=\"https:\/\/kapitalis.com\/tunisie\/2017\/12\/08\/al-qods-caid-essebsi-convoque-lambassadeur-des-etats-unis\/\" \/>\n<meta property=\"og:site_name\" content=\"Kapitalis\" \/>\n<meta property=\"article:publisher\" content=\"https:\/\/www.facebook.com\/KapitalisInfo\/\" \/>\n<meta property=\"article:published_time\" content=\"2017-12-08T09:25:26+00:00\" \/>\n<meta property=\"article:modified_time\" content=\"2017-12-08T09:27:07+00:00\" \/>\n<meta property=\"og:image\" content=\"https:\/\/kapitalis.com\/tunisie\/wp-content\/uploads\/2022\/05\/kapitalis-logo-fb.png\" \/>\n\t<meta property=\"og:image:width\" content=\"1200\" \/>\n\t<meta property=\"og:image:height\" content=\"630\" \/>\n\t<meta property=\"og:image:type\" content=\"image\/png\" \/>\n<meta name=\"author\" content=\"emna benabdallah\" \/>\n<meta name=\"twitter:card\" content=\"summary_large_image\" \/>\n<meta name=\"twitter:creator\" content=\"@KapitalisInfo\" \/>\n<meta name=\"twitter:site\" content=\"@KapitalisInfo\" \/>\n<meta name=\"twitter:label1\" content=\"\u00c9crit par\" \/>\n\t<meta name=\"twitter:data1\" content=\"emna benabdallah\" \/>\n\t<meta name=\"twitter:label2\" content=\"Dur\u00e9e de lecture estim\u00e9e\" \/>\n\t<meta name=\"twitter:data2\" content=\"1 minute\" \/>\n<script type=\"application\/ld+json\" class=\"yoast-schema-graph\">{\"@context\":\"https:\/\/schema.org\",\"@graph\":[{\"@type\":\"Article\",\"@id\":\"https:\/\/kapitalis.com\/tunisie\/2017\/12\/08\/al-qods-caid-essebsi-convoque-lambassadeur-des-etats-unis\/#article\",\"isPartOf\":{\"@id\":\"https:\/\/kapitalis.com\/tunisie\/2017\/12\/08\/al-qods-caid-essebsi-convoque-lambassadeur-des-etats-unis\/\"},\"author\":{\"name\":\"emna benabdallah\",\"@id\":\"https:\/\/kapitalis.com\/tunisie\/#\/schema\/person\/2c6e134b2f3369dffcd1daf5f087d28b\"},\"headline\":\"Al-Qods : Caid Essebsi convoque l&rsquo;ambassadeur des Etats-Unis\",\"datePublished\":\"2017-12-08T09:25:26+00:00\",\"dateModified\":\"2017-12-08T09:27:07+00:00\",\"mainEntityOfPage\":{\"@id\":\"https:\/\/kapitalis.com\/tunisie\/2017\/12\/08\/al-qods-caid-essebsi-convoque-lambassadeur-des-etats-unis\/\"},\"wordCount\":211,\"commentCount\":1,\"publisher\":{\"@id\":\"https:\/\/kapitalis.com\/tunisie\/#organization\"},\"image\":{\"@id\":\"https:\/\/kapitalis.com\/tunisie\/2017\/12\/08\/al-qods-caid-essebsi-convoque-lambassadeur-des-etats-unis\/#primaryimage\"},\"thumbnailUrl\":\"\",\"keywords\":[\"Al-Qods\",\"Daniel H. Rubinstein\",\"J\u00e9rusalem\",\"Noureddine Ben Ticha\"],\"articleSection\":[\"POLITIQUE\",\"Tunisie\"],\"inLanguage\":\"fr-FR\",\"potentialAction\":[{\"@type\":\"CommentAction\",\"name\":\"Comment\",\"target\":[\"https:\/\/kapitalis.com\/tunisie\/2017\/12\/08\/al-qods-caid-essebsi-convoque-lambassadeur-des-etats-unis\/#respond\"]}]},{\"@type\":\"WebPage\",\"@id\":\"https:\/\/kapitalis.com\/tunisie\/2017\/12\/08\/al-qods-caid-essebsi-convoque-lambassadeur-des-etats-unis\/\",\"url\":\"https:\/\/kapitalis.com\/tunisie\/2017\/12\/08\/al-qods-caid-essebsi-convoque-lambassadeur-des-etats-unis\/\",\"name\":\"Al-Qods : Caid Essebsi convoque l'ambassadeur des Etats-Unis - Kapitalis\",\"isPartOf\":{\"@id\":\"https:\/\/kapitalis.com\/tunisie\/#website\"},\"primaryImageOfPage\":{\"@id\":\"https:\/\/kapitalis.com\/tunisie\/2017\/12\/08\/al-qods-caid-essebsi-convoque-lambassadeur-des-etats-unis\/#primaryimage\"},\"image\":{\"@id\":\"https:\/\/kapitalis.com\/tunisie\/2017\/12\/08\/al-qods-caid-essebsi-convoque-lambassadeur-des-etats-unis\/#primaryimage\"},\"thumbnailUrl\":\"\",\"datePublished\":\"2017-12-08T09:25:26+00:00\",\"dateModified\":\"2017-12-08T09:27:07+00:00\",\"breadcrumb\":{\"@id\":\"https:\/\/kapitalis.com\/tunisie\/2017\/12\/08\/al-qods-caid-essebsi-convoque-lambassadeur-des-etats-unis\/#breadcrumb\"},\"inLanguage\":\"fr-FR\",\"potentialAction\":[{\"@type\":\"ReadAction\",\"target\":[\"https:\/\/kapitalis.com\/tunisie\/2017\/12\/08\/al-qods-caid-essebsi-convoque-lambassadeur-des-etats-unis\/\"]}]},{\"@type\":\"ImageObject\",\"inLanguage\":\"fr-FR\",\"@id\":\"https:\/\/kapitalis.com\/tunisie\/2017\/12\/08\/al-qods-caid-essebsi-convoque-lambassadeur-des-etats-unis\/#primaryimage\",\"url\":\"\",\"contentUrl\":\"\"},{\"@type\":\"BreadcrumbList\",\"@id\":\"https:\/\/kapitalis.com\/tunisie\/2017\/12\/08\/al-qods-caid-essebsi-convoque-lambassadeur-des-etats-unis\/#breadcrumb\",\"itemListElement\":[{\"@type\":\"ListItem\",\"position\":1,\"name\":\"Accueil\",\"item\":\"https:\/\/kapitalis.com\/tunisie\/\"},{\"@type\":\"ListItem\",\"position\":2,\"name\":\"Al-Qods : Caid Essebsi convoque l&rsquo;ambassadeur des Etats-Unis\"}]},{\"@type\":\"WebSite\",\"@id\":\"https:\/\/kapitalis.com\/tunisie\/#website\",\"url\":\"https:\/\/kapitalis.com\/tunisie\/\",\"name\":\"Kapitalis\",\"description\":\"L&#039;actualit\u00e9 en Tunisie et dans le monde\",\"publisher\":{\"@id\":\"https:\/\/kapitalis.com\/tunisie\/#organization\"},\"potentialAction\":[{\"@type\":\"SearchAction\",\"target\":{\"@type\":\"EntryPoint\",\"urlTemplate\":\"https:\/\/kapitalis.com\/tunisie\/?s={search_term_string}\"},\"query-input\":{\"@type\":\"PropertyValueSpecification\",\"valueRequired\":true,\"valueName\":\"search_term_string\"}}],\"inLanguage\":\"fr-FR\"},{\"@type\":\"Organization\",\"@id\":\"https:\/\/kapitalis.com\/tunisie\/#organization\",\"name\":\"Kapitalis\",\"url\":\"https:\/\/kapitalis.com\/tunisie\/\",\"logo\":{\"@type\":\"ImageObject\",\"inLanguage\":\"fr-FR\",\"@id\":\"https:\/\/kapitalis.com\/tunisie\/#\/schema\/logo\/image\/\",\"url\":\"https:\/\/kapitalis.com\/tunisie\/wp-content\/uploads\/2022\/05\/Kapitalis-big-size.png\",\"contentUrl\":\"https:\/\/kapitalis.com\/tunisie\/wp-content\/uploads\/2022\/05\/Kapitalis-big-size.png\",\"width\":5000,\"height\":1500,\"caption\":\"Kapitalis\"},\"image\":{\"@id\":\"https:\/\/kapitalis.com\/tunisie\/#\/schema\/logo\/image\/\"},\"sameAs\":[\"https:\/\/www.facebook.com\/KapitalisInfo\/\",\"https:\/\/x.com\/KapitalisInfo\",\"https:\/\/www.youtube.com\/channel\/UC-yDYrHyfFBWWZaOw3FPg9Q\"]},{\"@type\":\"Person\",\"@id\":\"https:\/\/kapitalis.com\/tunisie\/#\/schema\/person\/2c6e134b2f3369dffcd1daf5f087d28b\",\"name\":\"emna benabdallah\",\"url\":\"https:\/\/kapitalis.com\/tunisie\/author\/emna\/\"}]}<\/script>\n<!-- \/ Yoast SEO plugin. -->","yoast_head_json":{"title":"Al-Qods : Caid Essebsi convoque l'ambassadeur des Etats-Unis - Kapitalis","robots":{"index":"index","follow":"follow","max-snippet":"max-snippet:-1","max-image-preview":"max-image-preview:large","max-video-preview":"max-video-preview:-1"},"canonical":"https:\/\/kapitalis.com\/tunisie\/2017\/12\/08\/al-qods-caid-essebsi-convoque-lambassadeur-des-etats-unis\/","og_locale":"fr_FR","og_type":"article","og_title":"Al-Qods : Caid Essebsi convoque l'ambassadeur des Etats-Unis - Kapitalis","og_description":"Le pr\u00e9sident de la r\u00e9publique, B\u00e9ji Caid Essebsi, a convoqu\u00e9 l&rsquo;ambassadeur des Etats-Unis en Tunisie, Daniel H. Rubinstein.\u00a0","og_url":"https:\/\/kapitalis.com\/tunisie\/2017\/12\/08\/al-qods-caid-essebsi-convoque-lambassadeur-des-etats-unis\/","og_site_name":"Kapitalis","article_publisher":"https:\/\/www.facebook.com\/KapitalisInfo\/","article_published_time":"2017-12-08T09:25:26+00:00","article_modified_time":"2017-12-08T09:27:07+00:00","og_image":[{"width":1200,"height":630,"url":"https:\/\/kapitalis.com\/tunisie\/wp-content\/uploads\/2022\/05\/kapitalis-logo-fb.png","type":"image\/png"}],"author":"emna benabdallah","twitter_card":"summary_large_image","twitter_creator":"@KapitalisInfo","twitter_site":"@KapitalisInfo","twitter_misc":{"\u00c9crit par":"emna benabdallah","Dur\u00e9e de lecture estim\u00e9e":"1 minute"},"schema":{"@context":"https:\/\/schema.org","@graph":[{"@type":"Article","@id":"https:\/\/kapitalis.com\/tunisie\/2017\/12\/08\/al-qods-caid-essebsi-convoque-lambassadeur-des-etats-unis\/#article","isPartOf":{"@id":"https:\/\/kapitalis.com\/tunisie\/2017\/12\/08\/al-qods-caid-essebsi-convoque-lambassadeur-des-etats-unis\/"},"author":{"name":"emna benabdallah","@id":"https:\/\/kapitalis.com\/tunisie\/#\/schema\/person\/2c6e134b2f3369dffcd1daf5f087d28b"},"headline":"Al-Qods : Caid Essebsi convoque l&rsquo;ambassadeur des Etats-Unis","datePublished":"2017-12-08T09:25:26+00:00","dateModified":"2017-12-08T09:27:07+00:00","mainEntityOfPage":{"@id":"https:\/\/kapitalis.com\/tunisie\/2017\/12\/08\/al-qods-caid-essebsi-convoque-lambassadeur-des-etats-unis\/"},"wordCount":211,"commentCount":1,"publisher":{"@id":"https:\/\/kapitalis.com\/tunisie\/#organization"},"image":{"@id":"https:\/\/kapitalis.com\/tunisie\/2017\/12\/08\/al-qods-caid-essebsi-convoque-lambassadeur-des-etats-unis\/#primaryimage"},"thumbnailUrl":"","keywords":["Al-Qods","Daniel H. Rubinstein","J\u00e9rusalem","Noureddine Ben Ticha"],"articleSection":["POLITIQUE","Tunisie"],"inLanguage":"fr-FR","potentialAction":[{"@type":"CommentAction","name":"Comment","target":["https:\/\/kapitalis.com\/tunisie\/2017\/12\/08\/al-qods-caid-essebsi-convoque-lambassadeur-des-etats-unis\/#respond"]}]},{"@type":"WebPage","@id":"https:\/\/kapitalis.com\/tunisie\/2017\/12\/08\/al-qods-caid-essebsi-convoque-lambassadeur-des-etats-unis\/","url":"https:\/\/kapitalis.com\/tunisie\/2017\/12\/08\/al-qods-caid-essebsi-convoque-lambassadeur-des-etats-unis\/","name":"Al-Qods : Caid Essebsi convoque l'ambassadeur des Etats-Unis - Kapitalis","isPartOf":{"@id":"https:\/\/kapitalis.com\/tunisie\/#website"},"primaryImageOfPage":{"@id":"https:\/\/kapitalis.com\/tunisie\/2017\/12\/08\/al-qods-caid-essebsi-convoque-lambassadeur-des-etats-unis\/#primaryimage"},"image":{"@id":"https:\/\/kapitalis.com\/tunisie\/2017\/12\/08\/al-qods-caid-essebsi-convoque-lambassadeur-des-etats-unis\/#primaryimage"},"thumbnailUrl":"","datePublished":"2017-12-08T09:25:26+00:00","dateModified":"2017-12-08T09:27:07+00:00","breadcrumb":{"@id":"https:\/\/kapitalis.com\/tunisie\/2017\/12\/08\/al-qods-caid-essebsi-convoque-lambassadeur-des-etats-unis\/#breadcrumb"},"inLanguage":"fr-FR","potentialAction":[{"@type":"ReadAction","target":["https:\/\/kapitalis.com\/tunisie\/2017\/12\/08\/al-qods-caid-essebsi-convoque-lambassadeur-des-etats-unis\/"]}]},{"@type":"ImageObject","inLanguage":"fr-FR","@id":"https:\/\/kapitalis.com\/tunisie\/2017\/12\/08\/al-qods-caid-essebsi-convoque-lambassadeur-des-etats-unis\/#primaryimage","url":"","contentUrl":""},{"@type":"BreadcrumbList","@id":"https:\/\/kapitalis.com\/tunisie\/2017\/12\/08\/al-qods-caid-essebsi-convoque-lambassadeur-des-etats-unis\/#breadcrumb","itemListElement":[{"@type":"ListItem","position":1,"name":"Accueil","item":"https:\/\/kapitalis.com\/tunisie\/"},{"@type":"ListItem","position":2,"name":"Al-Qods : Caid Essebsi convoque l&rsquo;ambassadeur des Etats-Unis"}]},{"@type":"WebSite","@id":"https:\/\/kapitalis.com\/tunisie\/#website","url":"https:\/\/kapitalis.com\/tunisie\/","name":"Kapitalis","description":"L&#039;actualit\u00e9 en Tunisie et dans le monde","publisher":{"@id":"https:\/\/kapitalis.com\/tunisie\/#organization"},"potentialAction":[{"@type":"SearchAction","target":{"@type":"EntryPoint","urlTemplate":"https:\/\/kapitalis.com\/tunisie\/?s={search_term_string}"},"query-input":{"@type":"PropertyValueSpecification","valueRequired":true,"valueName":"search_term_string"}}],"inLanguage":"fr-FR"},{"@type":"Organization","@id":"https:\/\/kapitalis.com\/tunisie\/#organization","name":"Kapitalis","url":"https:\/\/kapitalis.com\/tunisie\/","logo":{"@type":"ImageObject","inLanguage":"fr-FR","@id":"https:\/\/kapitalis.com\/tunisie\/#\/schema\/logo\/image\/","url":"https:\/\/kapitalis.com\/tunisie\/wp-content\/uploads\/2022\/05\/Kapitalis-big-size.png","contentUrl":"https:\/\/kapitalis.com\/tunisie\/wp-content\/uploads\/2022\/05\/Kapitalis-big-size.png","width":5000,"height":1500,"caption":"Kapitalis"},"image":{"@id":"https:\/\/kapitalis.com\/tunisie\/#\/schema\/logo\/image\/"},"sameAs":["https:\/\/www.facebook.com\/KapitalisInfo\/","https:\/\/x.com\/KapitalisInfo","https:\/\/www.youtube.com\/channel\/UC-yDYrHyfFBWWZaOw3FPg9Q"]},{"@type":"Person","@id":"https:\/\/kapitalis.com\/tunisie\/#\/schema\/person\/2c6e134b2f3369dffcd1daf5f087d28b","name":"emna benabdallah","url":"https:\/\/kapitalis.com\/tunisie\/author\/emna\/"}]}},"_links":{"self":[{"href":"https:\/\/kapitalis.com\/tunisie\/wp-json\/wp\/v2\/posts\/127254","targetHints":{"allow":["GET"]}}],"collection":[{"href":"https:\/\/kapitalis.com\/tunisie\/wp-json\/wp\/v2\/posts"}],"about":[{"href":"https:\/\/kapitalis.com\/tunisie\/wp-json\/wp\/v2\/types\/post"}],"author":[{"embeddable":true,"href":"https:\/\/kapitalis.com\/tunisie\/wp-json\/wp\/v2\/users\/16"}],"replies":[{"embeddable":true,"href":"https:\/\/kapitalis.com\/tunisie\/wp-json\/wp\/v2\/comments?post=127254"}],"version-history":[{"count":0,"href":"https:\/\/kapitalis.com\/tunisie\/wp-json\/wp\/v2\/posts\/127254\/revisions"}],"wp:featuredmedia":[{"embeddable":true,"href":"https:\/\/kapitalis.com\/tunisie\/wp-json\/wp\/v2\/media\/127255"}],"wp:attachment":[{"href":"https:\/\/kapitalis.com\/tunisie\/wp-json\/wp\/v2\/media?parent=127254"}],"wp:term":[{"taxonomy":"category","embeddable":true,"href":"https:\/\/kapitalis.com\/tunisie\/wp-json\/wp\/v2\/categories?post=127254"},{"taxonomy":"post_tag","embeddable":true,"href":"https:\/\/kapitalis.com\/tunisie\/wp-json\/wp\/v2\/tags?post=127254"}],"curies":[{"name":"wp","href":"https:\/\/api.w.org\/{rel}","templated":true}]}}