{"id":127283,"date":"2017-12-08T13:32:14","date_gmt":"2017-12-08T12:32:14","guid":{"rendered":"http:\/\/kapitalis.com\/tunisie\/?p=127283"},"modified":"2017-12-08T13:32:14","modified_gmt":"2017-12-08T12:32:14","slug":"manifestations-sur-al-qods-les-jtc-changent-leurs-programmes","status":"publish","type":"post","link":"https:\/\/kapitalis.com\/tunisie\/2017\/12\/08\/manifestations-sur-al-qods-les-jtc-changent-leurs-programmes\/","title":{"rendered":"Manifestations sur Al-Qods : Les JTC changent leurs programmes"},"content":{"rendered":"<p style=\"text-align: center;\"><img loading=\"lazy\" decoding=\"async\" class=\"alignnone size-full wp-image-127317\" src=\"http:\/\/kapitalis.com\/tunisie\/wp-content\/uploads\/2017\/12\/JTC.jpg\" alt=\"\" width=\"626\" height=\"380\" \/><\/p>\n<p><em><strong>Les Journ\u00e9es th\u00e9\u00e2trales de Carthage (JTC) a d\u00e9cid\u00e9 de reporter leurs programmes pr\u00e9vus aujourd&rsquo;hui, vendredi 8 d\u00e9cembre 2017, \u00e0 cause des manifestations de soutien au peuple palestinien.<\/strong><\/em><!--more--><\/p>\n<p>La direction\u00a0de cet \u00e9v\u00e9nement artistique a annonc\u00e9, dans un communiqu\u00e9 publi\u00e9 hier, l&rsquo;annulation des festivit\u00e9s pr\u00e9vues \u00e0 l&rsquo;avenue Habib Bourguiba, au centre-ville de Tunis, avant l&rsquo;ouverture de sa 19e \u00e9dition.<\/p>\n<p>\u00ab<em>La c\u00e9r\u00e9monie d&rsquo;ouverture se tiendra \u00e0 20h, au Th\u00e9\u00e2tre municipal. Les horaires des repr\u00e9sentations th\u00e9\u00e2trales pr\u00e9vues dans les salles 4e Art, Rio et Mondial seront d\u00e9cal\u00e9es \u00e0 22h<\/em>\u00bb, pr\u00e9cise le communiqu\u00e9.<\/p>\n<p style=\"text-align: right;\"><strong>E. B. A.<\/strong><\/p>\n","protected":false},"excerpt":{"rendered":"<p>Les Journ\u00e9es th\u00e9\u00e2trales de Carthage (JTC) a d\u00e9cid\u00e9 de reporter leurs programmes pr\u00e9vus aujourd&rsquo;hui, vendredi 8 d\u00e9cembre 2017, \u00e0 cause des manifestations de soutien au peuple palestinien.<\/p>\n","protected":false},"author":16,"featured_media":127317,"comment_status":"open","ping_status":"open","sticky":false,"template":"","format":"standard","meta":{"footnotes":""},"categories":[994,2433],"tags":[7520,6870,5972],"class_list":["post-127283","post","type-post","status-publish","format-standard","has-post-thumbnail","hentry","category-culture","category-tunisie","tag-al-qods","tag-association-des-magistrats-tunisiens","tag-journees-theatrales-de-carthage"],"yoast_head":"<!-- This site is optimized with the Yoast SEO plugin v26.6 - https:\/\/yoast.com\/wordpress\/plugins\/seo\/ -->\n<title>Manifestations sur Al-Qods : Les JTC changent leurs programmes - Kapitalis<\/title>\n<meta name=\"robots\" content=\"index, follow, max-snippet:-1, max-image-preview:large, max-video-preview:-1\" \/>\n<link rel=\"canonical\" href=\"https:\/\/kapitalis.com\/tunisie\/2017\/12\/08\/manifestations-sur-al-qods-les-jtc-changent-leurs-programmes\/\" \/>\n<meta property=\"og:locale\" content=\"fr_FR\" \/>\n<meta property=\"og:type\" content=\"article\" \/>\n<meta property=\"og:title\" content=\"Manifestations sur Al-Qods : Les JTC changent leurs programmes - Kapitalis\" \/>\n<meta property=\"og:description\" content=\"Les Journ\u00e9es th\u00e9\u00e2trales de Carthage (JTC) a d\u00e9cid\u00e9 de reporter leurs programmes pr\u00e9vus aujourd&rsquo;hui, vendredi 8 d\u00e9cembre 2017, \u00e0 cause des manifestations de soutien au peuple palestinien.\" \/>\n<meta property=\"og:url\" content=\"https:\/\/kapitalis.com\/tunisie\/2017\/12\/08\/manifestations-sur-al-qods-les-jtc-changent-leurs-programmes\/\" \/>\n<meta property=\"og:site_name\" content=\"Kapitalis\" \/>\n<meta property=\"article:publisher\" content=\"https:\/\/www.facebook.com\/KapitalisInfo\/\" \/>\n<meta property=\"article:published_time\" content=\"2017-12-08T12:32:14+00:00\" \/>\n<meta property=\"og:image\" content=\"https:\/\/kapitalis.com\/tunisie\/wp-content\/uploads\/2022\/05\/kapitalis-logo-fb.png\" \/>\n\t<meta property=\"og:image:width\" content=\"1200\" \/>\n\t<meta property=\"og:image:height\" content=\"630\" \/>\n\t<meta property=\"og:image:type\" content=\"image\/png\" \/>\n<meta name=\"author\" content=\"emna benabdallah\" \/>\n<meta name=\"twitter:card\" content=\"summary_large_image\" \/>\n<meta name=\"twitter:creator\" content=\"@KapitalisInfo\" \/>\n<meta name=\"twitter:site\" content=\"@KapitalisInfo\" \/>\n<meta name=\"twitter:label1\" content=\"\u00c9crit par\" \/>\n\t<meta name=\"twitter:data1\" content=\"emna benabdallah\" \/>\n\t<meta name=\"twitter:label2\" content=\"Dur\u00e9e de lecture estim\u00e9e\" \/>\n\t<meta name=\"twitter:data2\" content=\"1 minute\" \/>\n<script type=\"application\/ld+json\" class=\"yoast-schema-graph\">{\"@context\":\"https:\/\/schema.org\",\"@graph\":[{\"@type\":\"Article\",\"@id\":\"https:\/\/kapitalis.com\/tunisie\/2017\/12\/08\/manifestations-sur-al-qods-les-jtc-changent-leurs-programmes\/#article\",\"isPartOf\":{\"@id\":\"https:\/\/kapitalis.com\/tunisie\/2017\/12\/08\/manifestations-sur-al-qods-les-jtc-changent-leurs-programmes\/\"},\"author\":{\"name\":\"emna benabdallah\",\"@id\":\"https:\/\/kapitalis.com\/tunisie\/#\/schema\/person\/2c6e134b2f3369dffcd1daf5f087d28b\"},\"headline\":\"Manifestations sur Al-Qods : Les JTC changent leurs programmes\",\"datePublished\":\"2017-12-08T12:32:14+00:00\",\"mainEntityOfPage\":{\"@id\":\"https:\/\/kapitalis.com\/tunisie\/2017\/12\/08\/manifestations-sur-al-qods-les-jtc-changent-leurs-programmes\/\"},\"wordCount\":111,\"commentCount\":0,\"publisher\":{\"@id\":\"https:\/\/kapitalis.com\/tunisie\/#organization\"},\"image\":{\"@id\":\"https:\/\/kapitalis.com\/tunisie\/2017\/12\/08\/manifestations-sur-al-qods-les-jtc-changent-leurs-programmes\/#primaryimage\"},\"thumbnailUrl\":\"\",\"keywords\":[\"Al-Qods\",\"association des magistrats tunisiens\",\"journ\u00e9es th\u00e9\u00e2trales de Carthage\"],\"articleSection\":[\"CULTURE\",\"Tunisie\"],\"inLanguage\":\"fr-FR\",\"potentialAction\":[{\"@type\":\"CommentAction\",\"name\":\"Comment\",\"target\":[\"https:\/\/kapitalis.com\/tunisie\/2017\/12\/08\/manifestations-sur-al-qods-les-jtc-changent-leurs-programmes\/#respond\"]}]},{\"@type\":\"WebPage\",\"@id\":\"https:\/\/kapitalis.com\/tunisie\/2017\/12\/08\/manifestations-sur-al-qods-les-jtc-changent-leurs-programmes\/\",\"url\":\"https:\/\/kapitalis.com\/tunisie\/2017\/12\/08\/manifestations-sur-al-qods-les-jtc-changent-leurs-programmes\/\",\"name\":\"Manifestations sur Al-Qods : Les JTC changent leurs programmes - Kapitalis\",\"isPartOf\":{\"@id\":\"https:\/\/kapitalis.com\/tunisie\/#website\"},\"primaryImageOfPage\":{\"@id\":\"https:\/\/kapitalis.com\/tunisie\/2017\/12\/08\/manifestations-sur-al-qods-les-jtc-changent-leurs-programmes\/#primaryimage\"},\"image\":{\"@id\":\"https:\/\/kapitalis.com\/tunisie\/2017\/12\/08\/manifestations-sur-al-qods-les-jtc-changent-leurs-programmes\/#primaryimage\"},\"thumbnailUrl\":\"\",\"datePublished\":\"2017-12-08T12:32:14+00:00\",\"breadcrumb\":{\"@id\":\"https:\/\/kapitalis.com\/tunisie\/2017\/12\/08\/manifestations-sur-al-qods-les-jtc-changent-leurs-programmes\/#breadcrumb\"},\"inLanguage\":\"fr-FR\",\"potentialAction\":[{\"@type\":\"ReadAction\",\"target\":[\"https:\/\/kapitalis.com\/tunisie\/2017\/12\/08\/manifestations-sur-al-qods-les-jtc-changent-leurs-programmes\/\"]}]},{\"@type\":\"ImageObject\",\"inLanguage\":\"fr-FR\",\"@id\":\"https:\/\/kapitalis.com\/tunisie\/2017\/12\/08\/manifestations-sur-al-qods-les-jtc-changent-leurs-programmes\/#primaryimage\",\"url\":\"\",\"contentUrl\":\"\"},{\"@type\":\"BreadcrumbList\",\"@id\":\"https:\/\/kapitalis.com\/tunisie\/2017\/12\/08\/manifestations-sur-al-qods-les-jtc-changent-leurs-programmes\/#breadcrumb\",\"itemListElement\":[{\"@type\":\"ListItem\",\"position\":1,\"name\":\"Accueil\",\"item\":\"https:\/\/kapitalis.com\/tunisie\/\"},{\"@type\":\"ListItem\",\"position\":2,\"name\":\"Manifestations sur Al-Qods : Les JTC changent leurs programmes\"}]},{\"@type\":\"WebSite\",\"@id\":\"https:\/\/kapitalis.com\/tunisie\/#website\",\"url\":\"https:\/\/kapitalis.com\/tunisie\/\",\"name\":\"Kapitalis\",\"description\":\"L&#039;actualit\u00e9 en Tunisie et dans le monde\",\"publisher\":{\"@id\":\"https:\/\/kapitalis.com\/tunisie\/#organization\"},\"potentialAction\":[{\"@type\":\"SearchAction\",\"target\":{\"@type\":\"EntryPoint\",\"urlTemplate\":\"https:\/\/kapitalis.com\/tunisie\/?s={search_term_string}\"},\"query-input\":{\"@type\":\"PropertyValueSpecification\",\"valueRequired\":true,\"valueName\":\"search_term_string\"}}],\"inLanguage\":\"fr-FR\"},{\"@type\":\"Organization\",\"@id\":\"https:\/\/kapitalis.com\/tunisie\/#organization\",\"name\":\"Kapitalis\",\"url\":\"https:\/\/kapitalis.com\/tunisie\/\",\"logo\":{\"@type\":\"ImageObject\",\"inLanguage\":\"fr-FR\",\"@id\":\"https:\/\/kapitalis.com\/tunisie\/#\/schema\/logo\/image\/\",\"url\":\"https:\/\/kapitalis.com\/tunisie\/wp-content\/uploads\/2022\/05\/Kapitalis-big-size.png\",\"contentUrl\":\"https:\/\/kapitalis.com\/tunisie\/wp-content\/uploads\/2022\/05\/Kapitalis-big-size.png\",\"width\":5000,\"height\":1500,\"caption\":\"Kapitalis\"},\"image\":{\"@id\":\"https:\/\/kapitalis.com\/tunisie\/#\/schema\/logo\/image\/\"},\"sameAs\":[\"https:\/\/www.facebook.com\/KapitalisInfo\/\",\"https:\/\/x.com\/KapitalisInfo\",\"https:\/\/www.youtube.com\/channel\/UC-yDYrHyfFBWWZaOw3FPg9Q\"]},{\"@type\":\"Person\",\"@id\":\"https:\/\/kapitalis.com\/tunisie\/#\/schema\/person\/2c6e134b2f3369dffcd1daf5f087d28b\",\"name\":\"emna benabdallah\",\"url\":\"https:\/\/kapitalis.com\/tunisie\/author\/emna\/\"}]}<\/script>\n<!-- \/ Yoast SEO plugin. -->","yoast_head_json":{"title":"Manifestations sur Al-Qods : Les JTC changent leurs programmes - Kapitalis","robots":{"index":"index","follow":"follow","max-snippet":"max-snippet:-1","max-image-preview":"max-image-preview:large","max-video-preview":"max-video-preview:-1"},"canonical":"https:\/\/kapitalis.com\/tunisie\/2017\/12\/08\/manifestations-sur-al-qods-les-jtc-changent-leurs-programmes\/","og_locale":"fr_FR","og_type":"article","og_title":"Manifestations sur Al-Qods : Les JTC changent leurs programmes - Kapitalis","og_description":"Les Journ\u00e9es th\u00e9\u00e2trales de Carthage (JTC) a d\u00e9cid\u00e9 de reporter leurs programmes pr\u00e9vus aujourd&rsquo;hui, vendredi 8 d\u00e9cembre 2017, \u00e0 cause des manifestations de soutien au peuple palestinien.","og_url":"https:\/\/kapitalis.com\/tunisie\/2017\/12\/08\/manifestations-sur-al-qods-les-jtc-changent-leurs-programmes\/","og_site_name":"Kapitalis","article_publisher":"https:\/\/www.facebook.com\/KapitalisInfo\/","article_published_time":"2017-12-08T12:32:14+00:00","og_image":[{"width":1200,"height":630,"url":"https:\/\/kapitalis.com\/tunisie\/wp-content\/uploads\/2022\/05\/kapitalis-logo-fb.png","type":"image\/png"}],"author":"emna benabdallah","twitter_card":"summary_large_image","twitter_creator":"@KapitalisInfo","twitter_site":"@KapitalisInfo","twitter_misc":{"\u00c9crit par":"emna benabdallah","Dur\u00e9e de lecture estim\u00e9e":"1 minute"},"schema":{"@context":"https:\/\/schema.org","@graph":[{"@type":"Article","@id":"https:\/\/kapitalis.com\/tunisie\/2017\/12\/08\/manifestations-sur-al-qods-les-jtc-changent-leurs-programmes\/#article","isPartOf":{"@id":"https:\/\/kapitalis.com\/tunisie\/2017\/12\/08\/manifestations-sur-al-qods-les-jtc-changent-leurs-programmes\/"},"author":{"name":"emna benabdallah","@id":"https:\/\/kapitalis.com\/tunisie\/#\/schema\/person\/2c6e134b2f3369dffcd1daf5f087d28b"},"headline":"Manifestations sur Al-Qods : Les JTC changent leurs programmes","datePublished":"2017-12-08T12:32:14+00:00","mainEntityOfPage":{"@id":"https:\/\/kapitalis.com\/tunisie\/2017\/12\/08\/manifestations-sur-al-qods-les-jtc-changent-leurs-programmes\/"},"wordCount":111,"commentCount":0,"publisher":{"@id":"https:\/\/kapitalis.com\/tunisie\/#organization"},"image":{"@id":"https:\/\/kapitalis.com\/tunisie\/2017\/12\/08\/manifestations-sur-al-qods-les-jtc-changent-leurs-programmes\/#primaryimage"},"thumbnailUrl":"","keywords":["Al-Qods","association des magistrats tunisiens","journ\u00e9es th\u00e9\u00e2trales de Carthage"],"articleSection":["CULTURE","Tunisie"],"inLanguage":"fr-FR","potentialAction":[{"@type":"CommentAction","name":"Comment","target":["https:\/\/kapitalis.com\/tunisie\/2017\/12\/08\/manifestations-sur-al-qods-les-jtc-changent-leurs-programmes\/#respond"]}]},{"@type":"WebPage","@id":"https:\/\/kapitalis.com\/tunisie\/2017\/12\/08\/manifestations-sur-al-qods-les-jtc-changent-leurs-programmes\/","url":"https:\/\/kapitalis.com\/tunisie\/2017\/12\/08\/manifestations-sur-al-qods-les-jtc-changent-leurs-programmes\/","name":"Manifestations sur Al-Qods : Les JTC changent leurs programmes - Kapitalis","isPartOf":{"@id":"https:\/\/kapitalis.com\/tunisie\/#website"},"primaryImageOfPage":{"@id":"https:\/\/kapitalis.com\/tunisie\/2017\/12\/08\/manifestations-sur-al-qods-les-jtc-changent-leurs-programmes\/#primaryimage"},"image":{"@id":"https:\/\/kapitalis.com\/tunisie\/2017\/12\/08\/manifestations-sur-al-qods-les-jtc-changent-leurs-programmes\/#primaryimage"},"thumbnailUrl":"","datePublished":"2017-12-08T12:32:14+00:00","breadcrumb":{"@id":"https:\/\/kapitalis.com\/tunisie\/2017\/12\/08\/manifestations-sur-al-qods-les-jtc-changent-leurs-programmes\/#breadcrumb"},"inLanguage":"fr-FR","potentialAction":[{"@type":"ReadAction","target":["https:\/\/kapitalis.com\/tunisie\/2017\/12\/08\/manifestations-sur-al-qods-les-jtc-changent-leurs-programmes\/"]}]},{"@type":"ImageObject","inLanguage":"fr-FR","@id":"https:\/\/kapitalis.com\/tunisie\/2017\/12\/08\/manifestations-sur-al-qods-les-jtc-changent-leurs-programmes\/#primaryimage","url":"","contentUrl":""},{"@type":"BreadcrumbList","@id":"https:\/\/kapitalis.com\/tunisie\/2017\/12\/08\/manifestations-sur-al-qods-les-jtc-changent-leurs-programmes\/#breadcrumb","itemListElement":[{"@type":"ListItem","position":1,"name":"Accueil","item":"https:\/\/kapitalis.com\/tunisie\/"},{"@type":"ListItem","position":2,"name":"Manifestations sur Al-Qods : Les JTC changent leurs programmes"}]},{"@type":"WebSite","@id":"https:\/\/kapitalis.com\/tunisie\/#website","url":"https:\/\/kapitalis.com\/tunisie\/","name":"Kapitalis","description":"L&#039;actualit\u00e9 en Tunisie et dans le monde","publisher":{"@id":"https:\/\/kapitalis.com\/tunisie\/#organization"},"potentialAction":[{"@type":"SearchAction","target":{"@type":"EntryPoint","urlTemplate":"https:\/\/kapitalis.com\/tunisie\/?s={search_term_string}"},"query-input":{"@type":"PropertyValueSpecification","valueRequired":true,"valueName":"search_term_string"}}],"inLanguage":"fr-FR"},{"@type":"Organization","@id":"https:\/\/kapitalis.com\/tunisie\/#organization","name":"Kapitalis","url":"https:\/\/kapitalis.com\/tunisie\/","logo":{"@type":"ImageObject","inLanguage":"fr-FR","@id":"https:\/\/kapitalis.com\/tunisie\/#\/schema\/logo\/image\/","url":"https:\/\/kapitalis.com\/tunisie\/wp-content\/uploads\/2022\/05\/Kapitalis-big-size.png","contentUrl":"https:\/\/kapitalis.com\/tunisie\/wp-content\/uploads\/2022\/05\/Kapitalis-big-size.png","width":5000,"height":1500,"caption":"Kapitalis"},"image":{"@id":"https:\/\/kapitalis.com\/tunisie\/#\/schema\/logo\/image\/"},"sameAs":["https:\/\/www.facebook.com\/KapitalisInfo\/","https:\/\/x.com\/KapitalisInfo","https:\/\/www.youtube.com\/channel\/UC-yDYrHyfFBWWZaOw3FPg9Q"]},{"@type":"Person","@id":"https:\/\/kapitalis.com\/tunisie\/#\/schema\/person\/2c6e134b2f3369dffcd1daf5f087d28b","name":"emna benabdallah","url":"https:\/\/kapitalis.com\/tunisie\/author\/emna\/"}]}},"_links":{"self":[{"href":"https:\/\/kapitalis.com\/tunisie\/wp-json\/wp\/v2\/posts\/127283","targetHints":{"allow":["GET"]}}],"collection":[{"href":"https:\/\/kapitalis.com\/tunisie\/wp-json\/wp\/v2\/posts"}],"about":[{"href":"https:\/\/kapitalis.com\/tunisie\/wp-json\/wp\/v2\/types\/post"}],"author":[{"embeddable":true,"href":"https:\/\/kapitalis.com\/tunisie\/wp-json\/wp\/v2\/users\/16"}],"replies":[{"embeddable":true,"href":"https:\/\/kapitalis.com\/tunisie\/wp-json\/wp\/v2\/comments?post=127283"}],"version-history":[{"count":0,"href":"https:\/\/kapitalis.com\/tunisie\/wp-json\/wp\/v2\/posts\/127283\/revisions"}],"wp:featuredmedia":[{"embeddable":true,"href":"https:\/\/kapitalis.com\/tunisie\/wp-json\/wp\/v2\/media\/127317"}],"wp:attachment":[{"href":"https:\/\/kapitalis.com\/tunisie\/wp-json\/wp\/v2\/media?parent=127283"}],"wp:term":[{"taxonomy":"category","embeddable":true,"href":"https:\/\/kapitalis.com\/tunisie\/wp-json\/wp\/v2\/categories?post=127283"},{"taxonomy":"post_tag","embeddable":true,"href":"https:\/\/kapitalis.com\/tunisie\/wp-json\/wp\/v2\/tags?post=127283"}],"curies":[{"name":"wp","href":"https:\/\/api.w.org\/{rel}","templated":true}]}}