{"id":127612,"date":"2017-12-11T11:36:58","date_gmt":"2017-12-11T10:36:58","guid":{"rendered":"http:\/\/kapitalis.com\/tunisie\/?p=127612"},"modified":"2017-12-11T11:36:58","modified_gmt":"2017-12-11T10:36:58","slug":"bonjour-palestine-tu-nous-as-tellement-manque","status":"publish","type":"post","link":"https:\/\/kapitalis.com\/tunisie\/2017\/12\/11\/bonjour-palestine-tu-nous-as-tellement-manque\/","title":{"rendered":"Bonjour Palestine, tu nous as tellement manqu\u00e9 !"},"content":{"rendered":"<p style=\"text-align: center;\"><img loading=\"lazy\" decoding=\"async\" class=\"alignnone size-full wp-image-127613\" src=\"http:\/\/kapitalis.com\/tunisie\/wp-content\/uploads\/2017\/12\/Palestine-Israel.jpg\" alt=\"\" width=\"626\" height=\"380\" \/><\/p>\n<p style=\"text-align: center;\"><em>Et pendant ce temps l\u00e0, l&rsquo;occupation des terres palestiniennes par Isra\u00ebl se poursuit&#8230;\u00a0<\/em><\/p>\n<p><em><strong>Ce \u00abprocessus de paix\u00bb d\u2019Oslo aurait pu aboutir \u00e0 la cr\u00e9ation de \u00abdeux Etats\u00bb voisins, mais Isra\u00ebl et ses alli\u00e9s, les Etats-Unis et les Etats r\u00e9actionnaires arabes en ont voulu autrement.<\/strong> <\/em><\/p>\n<p>Par <strong>Amor Cherni<\/strong> *<\/p>\n<p><!--more--><\/p>\n<p><img loading=\"lazy\" decoding=\"async\" class=\"alignnone size-full wp-image-99284 alignleft\" src=\"http:\/\/kapitalis.com\/tunisie\/wp-content\/uploads\/2017\/05\/Amor-Cherni.jpg\" alt=\"\" width=\"200\" height=\"165\" \/>Plusieurs intellectuels et m\u00eame des politiques de gauche arabes \u00e9taient saisis d\u2019angoisse le jour o\u00f9 le pr\u00e9sident am\u00e9ricain a rendu publique sa d\u00e9cision de reconna\u00eetre Al-Qods (J\u00e9rusalem) comme capitale de l\u2019entit\u00e9 sioniste. Ils appr\u00e9hendaient davantage les cons\u00e9quences que la d\u00e9cision m\u00eame. Il faut dire qu\u2019ils n\u2019avaient pas tort, \u00e9tant donn\u00e9 l\u2019\u00e9tat de d\u00e9labrement o\u00f9 se trouve, aujourd\u2019hui et depuis l\u2019invasion de l\u2019Irak, ce qu\u2019on appelle, par euph\u00e9misme, le monde arabe.<\/p>\n<p><strong>De Bagdad \u00e0 Tunis<\/strong><\/p>\n<p>De l\u2019Irak pr\u00e9cis\u00e9ment, \u00e0 la Syrie, au Y\u00e9men, \u00e0 la Libye se donne \u00e0 voir un paysage affligeant : des Etats d\u00e9mantel\u00e9s, des arm\u00e9es vaincues, des \u00e9conomies d\u00e9vast\u00e9es, des villes enti\u00e8res transform\u00e9es en ruines et en d\u00e9combres, des populations dispers\u00e9es et jet\u00e9es sur les chemins de l\u2019exode\u2026 Qui pouvait encore penser, dans ce d\u00e9luge de malheurs, \u00e0 la Palestine, surtout depuis sa division en deux parties : la Cisjordanie et Gaza ; \u2014 deux mini-territoires, avec deux mini-autorit\u00e9s politiques et administratives, qui plus est en conflit permanent ?<br \/>\nBeaucoup redoutaient donc que la d\u00e9cision am\u00e9ricaine pass\u00e2t inaper\u00e7ue et qu\u2019elle ne suscit\u00e2t que quelques protestations, \u00e0 peine audibles, de quelques m\u00e9dias arabes, ou de quelques organisations de \u00abd\u00e9fense des droits de l\u2019homme\u00bb! Or, voil\u00e0 qu\u2019\u00e0 peine annonc\u00e9e, la d\u00e9cision am\u00e9ricaine a enflamm\u00e9 les capitales arabes (les vraies, non les fausses) : de Bagdad (malgr\u00e9 ses malheurs), \u00e0 Tunis, en passant par Beyrouth, le Caire, etc. M\u00eame les pauvres Y\u00e9m\u00e9nites, en d\u00e9pit de leur calvaire, n\u2019ont pas manqu\u00e9 ce rendez-vous historique, et le monde a trembl\u00e9 de Bruxelles \u00e0 Johannesburg, en passant par Dakar ! En quelques heures, en quelques jours, la question palestinienne a repris son statut d\u2019antan, celui de la derni\u00e8re question coloniale du monde !<\/p>\n<p><strong>Les succ\u00e8s diplomatiques<\/strong><\/p>\n<p>Car, faut-il le rappeler \u00e0 nos jeunes, \u00e0 nos enfants qui n\u2019ont pas connu cette \u00e9poque : la question palestinienne \u00e9tait devenue, \u00e0 la suite de la d\u00e9faite de 1967 et l\u2019apparition de l\u2019OLP comme organisation politique et militaire (1968), une question mondiale, qui hantait les consciences des peuples et des hommes \u00e9pris de justice et de libert\u00e9, au m\u00eame titre que l\u2019apartheid en Afrique du Sud. Deux grands dirigeants \u00e9taient c\u00e9l\u00e9br\u00e9s \u00e0 travers le monde, comme les derniers h\u00e9ros de la lutte anticoloniale et anti-imp\u00e9rialiste : un certain Nelson Mandela et un certain Yasser Arafat ! L\u2019OLP \u00e9tait reconnue comme repr\u00e9sentant l\u00e9gitime unique du peuple palestinien par presque tous les pays membres de l\u2019ONU ! Et c\u2019est dans cette derni\u00e8re institution, que Arafat est all\u00e9 faire (1974) son discours historique\u2026<\/p>\n<p><strong>Les d\u00e9boires militaires<\/strong><\/p>\n<p>Or, faut-il le rappeler aussi : cet immense succ\u00e8s diplomatique de l\u2019OLP contrastait fortement avec les man\u0153uvres, les trahisons et les coups de boutoir re\u00e7us des <em>\u00abfr\u00e8res arabes\u00bb<\/em>. Apr\u00e8s les tracasseries de la Syrie, les Palestiniens ont \u00e9t\u00e9 l\u2019objet du massacre de <em>\u00abSeptembre noir\u00bb<\/em> (1970) perp\u00e9tr\u00e9 par l\u2019arm\u00e9e jordanienne. Emigr\u00e9s au Liban, ils ont \u00e9t\u00e9 la cible de l\u2019invasion isra\u00e9lienne du Liban du sud et l\u2019encerclement de Beyrouth, dont ils n\u2019\u00e9taient sortis que dispers\u00e9s \u00e0 travers les capitales arabes dont Tunis, qui a accueilli la direction et les cadres install\u00e9s \u00e0 Hammam Chatt, bient\u00f4t bombard\u00e9 par l\u2019aviation sioniste ! Tout cela sans parler des massacres de Sabra et Chatila perp\u00e9tr\u00e9s par l\u2019arm\u00e9e sioniste et ses alli\u00e9s libanais !<\/p>\n<p><strong>Les accords d\u2019Oslo<\/strong><\/p>\n<p>C\u2019est en raison de ces d\u00e9boires militaires, orchestr\u00e9s par l\u2019entit\u00e9 sioniste et son <em>\u00aballi\u00e9 objectif\u00bb<\/em>, la r\u00e9action arabe, qu\u2019Arafat a voulu utiliser ses succ\u00e8s diplomatiques pour arracher une \u00absolution politique\u00bb. Les Palestiniens ont alors d\u00e9cid\u00e9 d\u2019aller \u00e0 Oslo pour sceller des <em>\u00abaccords de paix\u00bb<\/em> dont l\u2019essentiel \u00e9tait la reconnaissance mutuelle entre l\u2019OLP et Isra\u00ebl, l\u2019institution d\u2019une <em>\u00abAutorit\u00e9 palestinienne\u00bb<\/em> d\u2019abord \u00e0 Gaza, puis \u00e0 Ramallah, renvoyant les questions \u00e9pineuses (la statut de J\u00e9rusalem, les fronti\u00e8res, le probl\u00e8me des r\u00e9fugi\u00e9s, etc.) \u00e0 des n\u00e9gociations ult\u00e9rieures (qui durent depuis maintenant plus de 20 ans !).<\/p>\n<p>Ce <em>\u00abprocessus de paix\u00bb<\/em> aurait pu aboutir \u00e0 la cr\u00e9ation de <em>\u00abdeux Etats\u00bb<\/em> voisins, si plusieurs \u00e9v\u00e9nements n\u2019\u00e9taient pas venus le perturber, avant de le condamner \u00e0 p\u00e9ricliter. D\u2019abord, il faut mentionner l\u2019assassinat d\u2019Itzhak Rabin, puis la prise du pouvoir par les juifs extr\u00e9mistes qui n\u2019avaient d\u2019autre souhait que de torpiller les <em>\u00abaccords d\u2019Oslo\u00bb<\/em>, puis l\u2019apparition de Hamas comme force de contestation des m\u00eames accords et comme une alternative religieuse et islamiste \u00e0 l\u2019OLP, jug\u00e9e \u00eatre une organisation la\u00efque et donc forc\u00e9ment m\u00e9cr\u00e9ante !<\/p>\n<p><strong>Le passage du politique au religieux<\/strong><\/p>\n<p>Ces \u00e9v\u00e9nements ont \u00e9t\u00e9 mortels pour la question palestinienne, puisqu\u2019avec l\u2019apparition des religieux des deux c\u00f4t\u00e9s, elle a perdu, aux yeux du monde, sa dimension politique et nationale, qui la pr\u00e9sentait comme un mouvement de lib\u00e9ration nationale luttant contre la derni\u00e8re puissance coloniale install\u00e9e par le colonialisme britannique, pour \u00eatre consid\u00e9r\u00e9e comme un conflit religieux, opposant juifs et musulmans.<\/p>\n<p>Les sionistes ont exploit\u00e9 \u00e0 fond cette conversion de la question palestinienne en une question religieuse, puisqu\u2019elle leur a permis 1\/ de revendiquer tout le pass\u00e9 juif en Palestine; 2\/ de greffer leur combat contre les Arabes, brusquement devenus musulmans et voulant exterminer les juifs, sur la mauvaise conscience historique des Europ\u00e9ens auteurs de la Shoa, et de confondre dans leurs esprits antisionisme et antis\u00e9mitisme; 3\/ de tirer le maximum de profit de la division des Palestiniens, qu\u2019ils ont pu parquer dans de petits cantons et priver de toute libert\u00e9 et de toute action; 4\/ d\u2019arguer du probl\u00e8me du terrorisme pour construire le \u00abmur de s\u00e9paration\u00bb et implanter les colonies juives \u00e0 travers la Cisjordanie.<\/p>\n<p>L\u2019islam politique, d\u00e9couvert par les Am\u00e9ricaine lors de la premi\u00e8re guerre d\u2019Afghanistan, arm\u00e9 par eux et financ\u00e9 par les p\u00e9trodollars, est ensuite venu noyer les pays arabes et les renvoyer au Moyen-\u00e2ge, pour se d\u00e9chirer entre eux et oublier d\u00e9finitivement la question palestinienne. Apr\u00e8s l\u2019Irak, il fallait d\u00e9truire la Syrie, le Y\u00e9men et la Libye, seuls pays arabes \u00e0 avoir refus\u00e9, jusque-l\u00e0, de capituler devant Isra\u00ebl.<br \/>\nUn nouvel ordre<br \/>\nLa d\u00e9cision am\u00e9ricaine de reconna\u00eetre J\u00e9rusalem comme capitale de l\u2019entit\u00e9 sioniste, condamn\u00e9e de bout en bout du monde, y compris par les pays europ\u00e9ens, peut-elle \u00eatre un marqueur d\u2019un nouvel ordre r\u00e9gional? Peut-elle remettre la question palestinienne dans son cadre historique, comme une affaire politique, de lib\u00e9ration nationale et anticoloniale, qui n\u2019a rien \u00e0 voir avec les religions? Peut-elle la hisser au rang qui \u00e9tait le sien, celui de la question centrale des Arabes, r\u00e9veiller le sentiment national et sonner le glas \u00e0 l\u2019islam politique? Peut-elle rendre \u00e0 l\u2019OLP le soutien et la solidarit\u00e9 qu\u2019elle avait des pays d\u2019Asie, d\u2019Afrique et d\u2019Am\u00e9rique latine ?<\/p>\n<p>Tous cela est possible, mais sa r\u00e9alisation d\u00e9pend d\u2019abord des Palestiniens eux-m\u00eames qui doivent reconstituer leur unit\u00e9, d\u00e9noncer les accords d\u2019Oslo pi\u00e9tin\u00e9s par Isra\u00ebl depuis l\u2019assassinat de Rabin, retirer leur reconnaissance \u00e0 Isra\u00ebl, renouveler leur direction, renoncer au statut d\u2019autorit\u00e9 sans pouvoir r\u00e9el et reprendre celui de mouvement de lib\u00e9ration nationale, compter sur leur peuple et non su les puissances \u00e9trang\u00e8res, etc.<\/p>\n<p>C\u2019est ce que nous leur souhaitons pour leur bien et le n\u00f4tre\u2026<\/p>\n<p><em>* Universitaire.<\/em><\/p>\n","protected":false},"excerpt":{"rendered":"<p>Et pendant ce temps l\u00e0, l&rsquo;occupation des terres palestiniennes par Isra\u00ebl se poursuit&#8230;\u00a0 Ce \u00abprocessus de paix\u00bb d\u2019Oslo aurait pu aboutir \u00e0 la cr\u00e9ation de \u00abdeux Etats\u00bb voisins, mais Isra\u00ebl et ses alli\u00e9s, les Etats-Unis et les Etats r\u00e9actionnaires arabes en ont voulu autrement. Par Amor Cherni *<\/p>\n","protected":false},"author":8,"featured_media":127613,"comment_status":"open","ping_status":"open","sticky":false,"template":"","format":"standard","meta":{"footnotes":""},"categories":[992,1000,2433],"tags":[4027,26195,2478,9480,4026],"class_list":["post-127612","post","type-post","status-publish","format-standard","has-post-thumbnail","hentry","category-a-la-une","category-tribune","category-tunisie","tag-cisjordanie","tag-hamas","tag-israel","tag-oslo","tag-palestine"],"yoast_head":"<!-- This site is optimized with the Yoast SEO plugin v26.6 - https:\/\/yoast.com\/wordpress\/plugins\/seo\/ -->\n<title>Bonjour Palestine, tu nous as tellement manqu\u00e9 ! - Kapitalis<\/title>\n<meta name=\"robots\" content=\"index, follow, max-snippet:-1, max-image-preview:large, max-video-preview:-1\" \/>\n<link rel=\"canonical\" href=\"https:\/\/kapitalis.com\/tunisie\/2017\/12\/11\/bonjour-palestine-tu-nous-as-tellement-manque\/\" \/>\n<meta property=\"og:locale\" content=\"fr_FR\" \/>\n<meta property=\"og:type\" content=\"article\" \/>\n<meta property=\"og:title\" content=\"Bonjour Palestine, tu nous as tellement manqu\u00e9 ! - Kapitalis\" \/>\n<meta property=\"og:description\" content=\"Et pendant ce temps l\u00e0, l&rsquo;occupation des terres palestiniennes par Isra\u00ebl se poursuit&#8230;\u00a0 Ce \u00abprocessus de paix\u00bb d\u2019Oslo aurait pu aboutir \u00e0 la cr\u00e9ation de \u00abdeux Etats\u00bb voisins, mais Isra\u00ebl et ses alli\u00e9s, les Etats-Unis et les Etats r\u00e9actionnaires arabes en ont voulu autrement. Par Amor Cherni *\" \/>\n<meta property=\"og:url\" content=\"https:\/\/kapitalis.com\/tunisie\/2017\/12\/11\/bonjour-palestine-tu-nous-as-tellement-manque\/\" \/>\n<meta property=\"og:site_name\" content=\"Kapitalis\" \/>\n<meta property=\"article:publisher\" content=\"https:\/\/www.facebook.com\/KapitalisInfo\/\" \/>\n<meta property=\"article:published_time\" content=\"2017-12-11T10:36:58+00:00\" \/>\n<meta property=\"og:image\" content=\"https:\/\/kapitalis.com\/tunisie\/wp-content\/uploads\/2022\/05\/kapitalis-logo-fb.png\" \/>\n\t<meta property=\"og:image:width\" content=\"1200\" \/>\n\t<meta property=\"og:image:height\" content=\"630\" \/>\n\t<meta property=\"og:image:type\" content=\"image\/png\" \/>\n<meta name=\"author\" content=\"webmaster kapitalis\" \/>\n<meta name=\"twitter:card\" content=\"summary_large_image\" \/>\n<meta name=\"twitter:creator\" content=\"@KapitalisInfo\" \/>\n<meta name=\"twitter:site\" content=\"@KapitalisInfo\" \/>\n<meta name=\"twitter:label1\" content=\"\u00c9crit par\" \/>\n\t<meta name=\"twitter:data1\" content=\"webmaster kapitalis\" \/>\n\t<meta name=\"twitter:label2\" content=\"Dur\u00e9e de lecture estim\u00e9e\" \/>\n\t<meta name=\"twitter:data2\" content=\"7 minutes\" \/>\n<script type=\"application\/ld+json\" class=\"yoast-schema-graph\">{\"@context\":\"https:\/\/schema.org\",\"@graph\":[{\"@type\":\"Article\",\"@id\":\"https:\/\/kapitalis.com\/tunisie\/2017\/12\/11\/bonjour-palestine-tu-nous-as-tellement-manque\/#article\",\"isPartOf\":{\"@id\":\"https:\/\/kapitalis.com\/tunisie\/2017\/12\/11\/bonjour-palestine-tu-nous-as-tellement-manque\/\"},\"author\":{\"name\":\"webmaster kapitalis\",\"@id\":\"https:\/\/kapitalis.com\/tunisie\/#\/schema\/person\/d71f33a9ca44f7bad4698210b480c8e9\"},\"headline\":\"Bonjour Palestine, tu nous as tellement manqu\u00e9 !\",\"datePublished\":\"2017-12-11T10:36:58+00:00\",\"mainEntityOfPage\":{\"@id\":\"https:\/\/kapitalis.com\/tunisie\/2017\/12\/11\/bonjour-palestine-tu-nous-as-tellement-manque\/\"},\"wordCount\":1356,\"commentCount\":4,\"publisher\":{\"@id\":\"https:\/\/kapitalis.com\/tunisie\/#organization\"},\"image\":{\"@id\":\"https:\/\/kapitalis.com\/tunisie\/2017\/12\/11\/bonjour-palestine-tu-nous-as-tellement-manque\/#primaryimage\"},\"thumbnailUrl\":\"\",\"keywords\":[\"Cisjordanie\",\"Hamas\",\"Isra\u00ebl\",\"Oslo\",\"Palestine\"],\"articleSection\":[\"A LA UNE\",\"TRIBUNE\",\"Tunisie\"],\"inLanguage\":\"fr-FR\",\"potentialAction\":[{\"@type\":\"CommentAction\",\"name\":\"Comment\",\"target\":[\"https:\/\/kapitalis.com\/tunisie\/2017\/12\/11\/bonjour-palestine-tu-nous-as-tellement-manque\/#respond\"]}]},{\"@type\":\"WebPage\",\"@id\":\"https:\/\/kapitalis.com\/tunisie\/2017\/12\/11\/bonjour-palestine-tu-nous-as-tellement-manque\/\",\"url\":\"https:\/\/kapitalis.com\/tunisie\/2017\/12\/11\/bonjour-palestine-tu-nous-as-tellement-manque\/\",\"name\":\"Bonjour Palestine, tu nous as tellement manqu\u00e9 ! - Kapitalis\",\"isPartOf\":{\"@id\":\"https:\/\/kapitalis.com\/tunisie\/#website\"},\"primaryImageOfPage\":{\"@id\":\"https:\/\/kapitalis.com\/tunisie\/2017\/12\/11\/bonjour-palestine-tu-nous-as-tellement-manque\/#primaryimage\"},\"image\":{\"@id\":\"https:\/\/kapitalis.com\/tunisie\/2017\/12\/11\/bonjour-palestine-tu-nous-as-tellement-manque\/#primaryimage\"},\"thumbnailUrl\":\"\",\"datePublished\":\"2017-12-11T10:36:58+00:00\",\"breadcrumb\":{\"@id\":\"https:\/\/kapitalis.com\/tunisie\/2017\/12\/11\/bonjour-palestine-tu-nous-as-tellement-manque\/#breadcrumb\"},\"inLanguage\":\"fr-FR\",\"potentialAction\":[{\"@type\":\"ReadAction\",\"target\":[\"https:\/\/kapitalis.com\/tunisie\/2017\/12\/11\/bonjour-palestine-tu-nous-as-tellement-manque\/\"]}]},{\"@type\":\"ImageObject\",\"inLanguage\":\"fr-FR\",\"@id\":\"https:\/\/kapitalis.com\/tunisie\/2017\/12\/11\/bonjour-palestine-tu-nous-as-tellement-manque\/#primaryimage\",\"url\":\"\",\"contentUrl\":\"\"},{\"@type\":\"BreadcrumbList\",\"@id\":\"https:\/\/kapitalis.com\/tunisie\/2017\/12\/11\/bonjour-palestine-tu-nous-as-tellement-manque\/#breadcrumb\",\"itemListElement\":[{\"@type\":\"ListItem\",\"position\":1,\"name\":\"Accueil\",\"item\":\"https:\/\/kapitalis.com\/tunisie\/\"},{\"@type\":\"ListItem\",\"position\":2,\"name\":\"Bonjour Palestine, tu nous as tellement manqu\u00e9 !\"}]},{\"@type\":\"WebSite\",\"@id\":\"https:\/\/kapitalis.com\/tunisie\/#website\",\"url\":\"https:\/\/kapitalis.com\/tunisie\/\",\"name\":\"Kapitalis\",\"description\":\"L&#039;actualit\u00e9 en Tunisie et dans le monde\",\"publisher\":{\"@id\":\"https:\/\/kapitalis.com\/tunisie\/#organization\"},\"potentialAction\":[{\"@type\":\"SearchAction\",\"target\":{\"@type\":\"EntryPoint\",\"urlTemplate\":\"https:\/\/kapitalis.com\/tunisie\/?s={search_term_string}\"},\"query-input\":{\"@type\":\"PropertyValueSpecification\",\"valueRequired\":true,\"valueName\":\"search_term_string\"}}],\"inLanguage\":\"fr-FR\"},{\"@type\":\"Organization\",\"@id\":\"https:\/\/kapitalis.com\/tunisie\/#organization\",\"name\":\"Kapitalis\",\"url\":\"https:\/\/kapitalis.com\/tunisie\/\",\"logo\":{\"@type\":\"ImageObject\",\"inLanguage\":\"fr-FR\",\"@id\":\"https:\/\/kapitalis.com\/tunisie\/#\/schema\/logo\/image\/\",\"url\":\"https:\/\/kapitalis.com\/tunisie\/wp-content\/uploads\/2022\/05\/Kapitalis-big-size.png\",\"contentUrl\":\"https:\/\/kapitalis.com\/tunisie\/wp-content\/uploads\/2022\/05\/Kapitalis-big-size.png\",\"width\":5000,\"height\":1500,\"caption\":\"Kapitalis\"},\"image\":{\"@id\":\"https:\/\/kapitalis.com\/tunisie\/#\/schema\/logo\/image\/\"},\"sameAs\":[\"https:\/\/www.facebook.com\/KapitalisInfo\/\",\"https:\/\/x.com\/KapitalisInfo\",\"https:\/\/www.youtube.com\/channel\/UC-yDYrHyfFBWWZaOw3FPg9Q\"]},{\"@type\":\"Person\",\"@id\":\"https:\/\/kapitalis.com\/tunisie\/#\/schema\/person\/d71f33a9ca44f7bad4698210b480c8e9\",\"name\":\"webmaster kapitalis\",\"url\":\"https:\/\/kapitalis.com\/tunisie\/author\/webmaster-kapitalis\/\"}]}<\/script>\n<!-- \/ Yoast SEO plugin. -->","yoast_head_json":{"title":"Bonjour Palestine, tu nous as tellement manqu\u00e9 ! - Kapitalis","robots":{"index":"index","follow":"follow","max-snippet":"max-snippet:-1","max-image-preview":"max-image-preview:large","max-video-preview":"max-video-preview:-1"},"canonical":"https:\/\/kapitalis.com\/tunisie\/2017\/12\/11\/bonjour-palestine-tu-nous-as-tellement-manque\/","og_locale":"fr_FR","og_type":"article","og_title":"Bonjour Palestine, tu nous as tellement manqu\u00e9 ! - Kapitalis","og_description":"Et pendant ce temps l\u00e0, l&rsquo;occupation des terres palestiniennes par Isra\u00ebl se poursuit&#8230;\u00a0 Ce \u00abprocessus de paix\u00bb d\u2019Oslo aurait pu aboutir \u00e0 la cr\u00e9ation de \u00abdeux Etats\u00bb voisins, mais Isra\u00ebl et ses alli\u00e9s, les Etats-Unis et les Etats r\u00e9actionnaires arabes en ont voulu autrement. Par Amor Cherni *","og_url":"https:\/\/kapitalis.com\/tunisie\/2017\/12\/11\/bonjour-palestine-tu-nous-as-tellement-manque\/","og_site_name":"Kapitalis","article_publisher":"https:\/\/www.facebook.com\/KapitalisInfo\/","article_published_time":"2017-12-11T10:36:58+00:00","og_image":[{"width":1200,"height":630,"url":"https:\/\/kapitalis.com\/tunisie\/wp-content\/uploads\/2022\/05\/kapitalis-logo-fb.png","type":"image\/png"}],"author":"webmaster kapitalis","twitter_card":"summary_large_image","twitter_creator":"@KapitalisInfo","twitter_site":"@KapitalisInfo","twitter_misc":{"\u00c9crit par":"webmaster kapitalis","Dur\u00e9e de lecture estim\u00e9e":"7 minutes"},"schema":{"@context":"https:\/\/schema.org","@graph":[{"@type":"Article","@id":"https:\/\/kapitalis.com\/tunisie\/2017\/12\/11\/bonjour-palestine-tu-nous-as-tellement-manque\/#article","isPartOf":{"@id":"https:\/\/kapitalis.com\/tunisie\/2017\/12\/11\/bonjour-palestine-tu-nous-as-tellement-manque\/"},"author":{"name":"webmaster kapitalis","@id":"https:\/\/kapitalis.com\/tunisie\/#\/schema\/person\/d71f33a9ca44f7bad4698210b480c8e9"},"headline":"Bonjour Palestine, tu nous as tellement manqu\u00e9 !","datePublished":"2017-12-11T10:36:58+00:00","mainEntityOfPage":{"@id":"https:\/\/kapitalis.com\/tunisie\/2017\/12\/11\/bonjour-palestine-tu-nous-as-tellement-manque\/"},"wordCount":1356,"commentCount":4,"publisher":{"@id":"https:\/\/kapitalis.com\/tunisie\/#organization"},"image":{"@id":"https:\/\/kapitalis.com\/tunisie\/2017\/12\/11\/bonjour-palestine-tu-nous-as-tellement-manque\/#primaryimage"},"thumbnailUrl":"","keywords":["Cisjordanie","Hamas","Isra\u00ebl","Oslo","Palestine"],"articleSection":["A LA UNE","TRIBUNE","Tunisie"],"inLanguage":"fr-FR","potentialAction":[{"@type":"CommentAction","name":"Comment","target":["https:\/\/kapitalis.com\/tunisie\/2017\/12\/11\/bonjour-palestine-tu-nous-as-tellement-manque\/#respond"]}]},{"@type":"WebPage","@id":"https:\/\/kapitalis.com\/tunisie\/2017\/12\/11\/bonjour-palestine-tu-nous-as-tellement-manque\/","url":"https:\/\/kapitalis.com\/tunisie\/2017\/12\/11\/bonjour-palestine-tu-nous-as-tellement-manque\/","name":"Bonjour Palestine, tu nous as tellement manqu\u00e9 ! - Kapitalis","isPartOf":{"@id":"https:\/\/kapitalis.com\/tunisie\/#website"},"primaryImageOfPage":{"@id":"https:\/\/kapitalis.com\/tunisie\/2017\/12\/11\/bonjour-palestine-tu-nous-as-tellement-manque\/#primaryimage"},"image":{"@id":"https:\/\/kapitalis.com\/tunisie\/2017\/12\/11\/bonjour-palestine-tu-nous-as-tellement-manque\/#primaryimage"},"thumbnailUrl":"","datePublished":"2017-12-11T10:36:58+00:00","breadcrumb":{"@id":"https:\/\/kapitalis.com\/tunisie\/2017\/12\/11\/bonjour-palestine-tu-nous-as-tellement-manque\/#breadcrumb"},"inLanguage":"fr-FR","potentialAction":[{"@type":"ReadAction","target":["https:\/\/kapitalis.com\/tunisie\/2017\/12\/11\/bonjour-palestine-tu-nous-as-tellement-manque\/"]}]},{"@type":"ImageObject","inLanguage":"fr-FR","@id":"https:\/\/kapitalis.com\/tunisie\/2017\/12\/11\/bonjour-palestine-tu-nous-as-tellement-manque\/#primaryimage","url":"","contentUrl":""},{"@type":"BreadcrumbList","@id":"https:\/\/kapitalis.com\/tunisie\/2017\/12\/11\/bonjour-palestine-tu-nous-as-tellement-manque\/#breadcrumb","itemListElement":[{"@type":"ListItem","position":1,"name":"Accueil","item":"https:\/\/kapitalis.com\/tunisie\/"},{"@type":"ListItem","position":2,"name":"Bonjour Palestine, tu nous as tellement manqu\u00e9 !"}]},{"@type":"WebSite","@id":"https:\/\/kapitalis.com\/tunisie\/#website","url":"https:\/\/kapitalis.com\/tunisie\/","name":"Kapitalis","description":"L&#039;actualit\u00e9 en Tunisie et dans le monde","publisher":{"@id":"https:\/\/kapitalis.com\/tunisie\/#organization"},"potentialAction":[{"@type":"SearchAction","target":{"@type":"EntryPoint","urlTemplate":"https:\/\/kapitalis.com\/tunisie\/?s={search_term_string}"},"query-input":{"@type":"PropertyValueSpecification","valueRequired":true,"valueName":"search_term_string"}}],"inLanguage":"fr-FR"},{"@type":"Organization","@id":"https:\/\/kapitalis.com\/tunisie\/#organization","name":"Kapitalis","url":"https:\/\/kapitalis.com\/tunisie\/","logo":{"@type":"ImageObject","inLanguage":"fr-FR","@id":"https:\/\/kapitalis.com\/tunisie\/#\/schema\/logo\/image\/","url":"https:\/\/kapitalis.com\/tunisie\/wp-content\/uploads\/2022\/05\/Kapitalis-big-size.png","contentUrl":"https:\/\/kapitalis.com\/tunisie\/wp-content\/uploads\/2022\/05\/Kapitalis-big-size.png","width":5000,"height":1500,"caption":"Kapitalis"},"image":{"@id":"https:\/\/kapitalis.com\/tunisie\/#\/schema\/logo\/image\/"},"sameAs":["https:\/\/www.facebook.com\/KapitalisInfo\/","https:\/\/x.com\/KapitalisInfo","https:\/\/www.youtube.com\/channel\/UC-yDYrHyfFBWWZaOw3FPg9Q"]},{"@type":"Person","@id":"https:\/\/kapitalis.com\/tunisie\/#\/schema\/person\/d71f33a9ca44f7bad4698210b480c8e9","name":"webmaster kapitalis","url":"https:\/\/kapitalis.com\/tunisie\/author\/webmaster-kapitalis\/"}]}},"_links":{"self":[{"href":"https:\/\/kapitalis.com\/tunisie\/wp-json\/wp\/v2\/posts\/127612","targetHints":{"allow":["GET"]}}],"collection":[{"href":"https:\/\/kapitalis.com\/tunisie\/wp-json\/wp\/v2\/posts"}],"about":[{"href":"https:\/\/kapitalis.com\/tunisie\/wp-json\/wp\/v2\/types\/post"}],"author":[{"embeddable":true,"href":"https:\/\/kapitalis.com\/tunisie\/wp-json\/wp\/v2\/users\/8"}],"replies":[{"embeddable":true,"href":"https:\/\/kapitalis.com\/tunisie\/wp-json\/wp\/v2\/comments?post=127612"}],"version-history":[{"count":0,"href":"https:\/\/kapitalis.com\/tunisie\/wp-json\/wp\/v2\/posts\/127612\/revisions"}],"wp:featuredmedia":[{"embeddable":true,"href":"https:\/\/kapitalis.com\/tunisie\/wp-json\/wp\/v2\/media\/127613"}],"wp:attachment":[{"href":"https:\/\/kapitalis.com\/tunisie\/wp-json\/wp\/v2\/media?parent=127612"}],"wp:term":[{"taxonomy":"category","embeddable":true,"href":"https:\/\/kapitalis.com\/tunisie\/wp-json\/wp\/v2\/categories?post=127612"},{"taxonomy":"post_tag","embeddable":true,"href":"https:\/\/kapitalis.com\/tunisie\/wp-json\/wp\/v2\/tags?post=127612"}],"curies":[{"name":"wp","href":"https:\/\/api.w.org\/{rel}","templated":true}]}}