{"id":127624,"date":"2017-12-11T14:35:46","date_gmt":"2017-12-11T13:35:46","guid":{"rendered":"http:\/\/kapitalis.com\/tunisie\/?p=127624"},"modified":"2017-12-11T14:35:46","modified_gmt":"2017-12-11T13:35:46","slug":"prison-de-harboub-un-agent-suspecte-de-relation-avec-une-detenue","status":"publish","type":"post","link":"https:\/\/kapitalis.com\/tunisie\/2017\/12\/11\/prison-de-harboub-un-agent-suspecte-de-relation-avec-une-detenue\/","title":{"rendered":"Prison de Harboub : Un agent suspect\u00e9 de relation avec une d\u00e9tenue"},"content":{"rendered":"<p style=\"text-align: center;\"><img loading=\"lazy\" decoding=\"async\" class=\"alignnone size-full wp-image-123912\" src=\"http:\/\/kapitalis.com\/tunisie\/wp-content\/uploads\/2017\/11\/prison.jpg\" alt=\"\" width=\"626\" height=\"380\" \/><\/p>\n<p><em><strong>Un agent \u00e0 la prison de Harboub, gouvernorat de M\u00e9denine, a \u00e9t\u00e9 suspendu de son travail, pour suspicion de liens amoureux avec une d\u00e9tenue.<\/strong><\/em><!--more--><\/p>\n<p>C&rsquo;est ce qu&rsquo;a indiqu\u00e9 une source \u00e0 Kapitalis, pr\u00e9cisant qu&rsquo;un agent p\u00e9nitentiaire a alert\u00e9 la direction de la prison \u00e0 propos\u00a0de l\u2019un de ses coll\u00e8gues entretenant une relation sexuelle avec une d\u00e9tenue.<\/p>\n<p>Une enqu\u00eate a \u00e9t\u00e9 ouverte et le suspect a \u00e9t\u00e9 interrog\u00e9 et a ni\u00e9 l&rsquo;accusation, expliquant qu&rsquo;il s\u2019est rapproch\u00e9 de la d\u00e9tenue uniquement pour obtenir des informations sur d\u2019autres suspects impliqu\u00e9s avec elle dans la m\u00eame affaire.<\/p>\n<p>La direction a cependant d\u00e9cid\u00e9 de le suspendre de ses fonctions, en attendant le r\u00e9sultat de l\u2019enqu\u00eate administrative.<\/p>\n<p>Contact\u00e9 par Kapitalis, le directeur de la prison a indiqu\u00e9 ne pas pouvoir donner de d\u00e9tails sur l\u2019affaire.\u00a0Il ne l\u2019a ni d\u00e9mentie ni confirm\u00e9e&#8230;<\/p>\n<p style=\"text-align: right;\"><strong>Y. N.<\/strong><\/p>\n<p>&nbsp;<\/p>\n","protected":false},"excerpt":{"rendered":"<p>Un agent \u00e0 la prison de Harboub, gouvernorat de M\u00e9denine, a \u00e9t\u00e9 suspendu de son travail, pour suspicion de liens amoureux avec une d\u00e9tenue.<\/p>\n","protected":false},"author":6,"featured_media":0,"comment_status":"open","ping_status":"open","sticky":false,"template":"","format":"standard","meta":{"footnotes":""},"categories":[998,2433],"tags":[1209,325,591,2596,1314],"class_list":["post-127624","post","type-post","status-publish","format-standard","hentry","category-societe","category-tunisie","tag-agent","tag-enquete","tag-medenine","tag-policier","tag-prison"],"yoast_head":"<!-- This site is optimized with the Yoast SEO plugin v26.6 - https:\/\/yoast.com\/wordpress\/plugins\/seo\/ -->\n<title>Prison de Harboub : Un agent suspect\u00e9 de relation avec une d\u00e9tenue - Kapitalis<\/title>\n<meta name=\"robots\" content=\"index, follow, max-snippet:-1, max-image-preview:large, max-video-preview:-1\" \/>\n<link rel=\"canonical\" href=\"https:\/\/kapitalis.com\/tunisie\/2017\/12\/11\/prison-de-harboub-un-agent-suspecte-de-relation-avec-une-detenue\/\" \/>\n<meta property=\"og:locale\" content=\"fr_FR\" \/>\n<meta property=\"og:type\" content=\"article\" \/>\n<meta property=\"og:title\" content=\"Prison de Harboub : Un agent suspect\u00e9 de relation avec une d\u00e9tenue - Kapitalis\" \/>\n<meta property=\"og:description\" content=\"Un agent \u00e0 la prison de Harboub, gouvernorat de M\u00e9denine, a \u00e9t\u00e9 suspendu de son travail, pour suspicion de liens amoureux avec une d\u00e9tenue.\" \/>\n<meta property=\"og:url\" content=\"https:\/\/kapitalis.com\/tunisie\/2017\/12\/11\/prison-de-harboub-un-agent-suspecte-de-relation-avec-une-detenue\/\" \/>\n<meta property=\"og:site_name\" content=\"Kapitalis\" \/>\n<meta property=\"article:publisher\" content=\"https:\/\/www.facebook.com\/KapitalisInfo\/\" \/>\n<meta property=\"article:published_time\" content=\"2017-12-11T13:35:46+00:00\" \/>\n<meta property=\"og:image\" content=\"http:\/\/kapitalis.com\/tunisie\/wp-content\/uploads\/2017\/11\/prison.jpg\" \/>\n<meta name=\"author\" content=\"Yusra NY\" \/>\n<meta name=\"twitter:card\" content=\"summary_large_image\" \/>\n<meta name=\"twitter:creator\" content=\"@KapitalisInfo\" \/>\n<meta name=\"twitter:site\" content=\"@KapitalisInfo\" \/>\n<meta name=\"twitter:label1\" content=\"\u00c9crit par\" \/>\n\t<meta name=\"twitter:data1\" content=\"Yusra NY\" \/>\n\t<meta name=\"twitter:label2\" content=\"Dur\u00e9e de lecture estim\u00e9e\" \/>\n\t<meta name=\"twitter:data2\" content=\"1 minute\" \/>\n<script type=\"application\/ld+json\" class=\"yoast-schema-graph\">{\"@context\":\"https:\/\/schema.org\",\"@graph\":[{\"@type\":\"Article\",\"@id\":\"https:\/\/kapitalis.com\/tunisie\/2017\/12\/11\/prison-de-harboub-un-agent-suspecte-de-relation-avec-une-detenue\/#article\",\"isPartOf\":{\"@id\":\"https:\/\/kapitalis.com\/tunisie\/2017\/12\/11\/prison-de-harboub-un-agent-suspecte-de-relation-avec-une-detenue\/\"},\"author\":{\"name\":\"Yusra NY\",\"@id\":\"https:\/\/kapitalis.com\/tunisie\/#\/schema\/person\/74bbde0154d49d790a92aaeac5bc01d5\"},\"headline\":\"Prison de Harboub : Un agent suspect\u00e9 de relation avec une d\u00e9tenue\",\"datePublished\":\"2017-12-11T13:35:46+00:00\",\"mainEntityOfPage\":{\"@id\":\"https:\/\/kapitalis.com\/tunisie\/2017\/12\/11\/prison-de-harboub-un-agent-suspecte-de-relation-avec-une-detenue\/\"},\"wordCount\":171,\"commentCount\":1,\"publisher\":{\"@id\":\"https:\/\/kapitalis.com\/tunisie\/#organization\"},\"image\":{\"@id\":\"https:\/\/kapitalis.com\/tunisie\/2017\/12\/11\/prison-de-harboub-un-agent-suspecte-de-relation-avec-une-detenue\/#primaryimage\"},\"thumbnailUrl\":\"http:\/\/kapitalis.com\/tunisie\/wp-content\/uploads\/2017\/11\/prison.jpg\",\"keywords\":[\"agent\",\"enqu\u00eate\",\"Medenine\",\"policier\",\"prison\"],\"articleSection\":[\"SOCIETE\",\"Tunisie\"],\"inLanguage\":\"fr-FR\",\"potentialAction\":[{\"@type\":\"CommentAction\",\"name\":\"Comment\",\"target\":[\"https:\/\/kapitalis.com\/tunisie\/2017\/12\/11\/prison-de-harboub-un-agent-suspecte-de-relation-avec-une-detenue\/#respond\"]}]},{\"@type\":\"WebPage\",\"@id\":\"https:\/\/kapitalis.com\/tunisie\/2017\/12\/11\/prison-de-harboub-un-agent-suspecte-de-relation-avec-une-detenue\/\",\"url\":\"https:\/\/kapitalis.com\/tunisie\/2017\/12\/11\/prison-de-harboub-un-agent-suspecte-de-relation-avec-une-detenue\/\",\"name\":\"Prison de Harboub : Un agent suspect\u00e9 de relation avec une d\u00e9tenue - Kapitalis\",\"isPartOf\":{\"@id\":\"https:\/\/kapitalis.com\/tunisie\/#website\"},\"primaryImageOfPage\":{\"@id\":\"https:\/\/kapitalis.com\/tunisie\/2017\/12\/11\/prison-de-harboub-un-agent-suspecte-de-relation-avec-une-detenue\/#primaryimage\"},\"image\":{\"@id\":\"https:\/\/kapitalis.com\/tunisie\/2017\/12\/11\/prison-de-harboub-un-agent-suspecte-de-relation-avec-une-detenue\/#primaryimage\"},\"thumbnailUrl\":\"http:\/\/kapitalis.com\/tunisie\/wp-content\/uploads\/2017\/11\/prison.jpg\",\"datePublished\":\"2017-12-11T13:35:46+00:00\",\"breadcrumb\":{\"@id\":\"https:\/\/kapitalis.com\/tunisie\/2017\/12\/11\/prison-de-harboub-un-agent-suspecte-de-relation-avec-une-detenue\/#breadcrumb\"},\"inLanguage\":\"fr-FR\",\"potentialAction\":[{\"@type\":\"ReadAction\",\"target\":[\"https:\/\/kapitalis.com\/tunisie\/2017\/12\/11\/prison-de-harboub-un-agent-suspecte-de-relation-avec-une-detenue\/\"]}]},{\"@type\":\"ImageObject\",\"inLanguage\":\"fr-FR\",\"@id\":\"https:\/\/kapitalis.com\/tunisie\/2017\/12\/11\/prison-de-harboub-un-agent-suspecte-de-relation-avec-une-detenue\/#primaryimage\",\"url\":\"http:\/\/kapitalis.com\/tunisie\/wp-content\/uploads\/2017\/11\/prison.jpg\",\"contentUrl\":\"http:\/\/kapitalis.com\/tunisie\/wp-content\/uploads\/2017\/11\/prison.jpg\"},{\"@type\":\"BreadcrumbList\",\"@id\":\"https:\/\/kapitalis.com\/tunisie\/2017\/12\/11\/prison-de-harboub-un-agent-suspecte-de-relation-avec-une-detenue\/#breadcrumb\",\"itemListElement\":[{\"@type\":\"ListItem\",\"position\":1,\"name\":\"Accueil\",\"item\":\"https:\/\/kapitalis.com\/tunisie\/\"},{\"@type\":\"ListItem\",\"position\":2,\"name\":\"Prison de Harboub : Un agent suspect\u00e9 de relation avec une d\u00e9tenue\"}]},{\"@type\":\"WebSite\",\"@id\":\"https:\/\/kapitalis.com\/tunisie\/#website\",\"url\":\"https:\/\/kapitalis.com\/tunisie\/\",\"name\":\"Kapitalis\",\"description\":\"L&#039;actualit\u00e9 en Tunisie et dans le monde\",\"publisher\":{\"@id\":\"https:\/\/kapitalis.com\/tunisie\/#organization\"},\"potentialAction\":[{\"@type\":\"SearchAction\",\"target\":{\"@type\":\"EntryPoint\",\"urlTemplate\":\"https:\/\/kapitalis.com\/tunisie\/?s={search_term_string}\"},\"query-input\":{\"@type\":\"PropertyValueSpecification\",\"valueRequired\":true,\"valueName\":\"search_term_string\"}}],\"inLanguage\":\"fr-FR\"},{\"@type\":\"Organization\",\"@id\":\"https:\/\/kapitalis.com\/tunisie\/#organization\",\"name\":\"Kapitalis\",\"url\":\"https:\/\/kapitalis.com\/tunisie\/\",\"logo\":{\"@type\":\"ImageObject\",\"inLanguage\":\"fr-FR\",\"@id\":\"https:\/\/kapitalis.com\/tunisie\/#\/schema\/logo\/image\/\",\"url\":\"https:\/\/kapitalis.com\/tunisie\/wp-content\/uploads\/2022\/05\/Kapitalis-big-size.png\",\"contentUrl\":\"https:\/\/kapitalis.com\/tunisie\/wp-content\/uploads\/2022\/05\/Kapitalis-big-size.png\",\"width\":5000,\"height\":1500,\"caption\":\"Kapitalis\"},\"image\":{\"@id\":\"https:\/\/kapitalis.com\/tunisie\/#\/schema\/logo\/image\/\"},\"sameAs\":[\"https:\/\/www.facebook.com\/KapitalisInfo\/\",\"https:\/\/x.com\/KapitalisInfo\",\"https:\/\/www.youtube.com\/channel\/UC-yDYrHyfFBWWZaOw3FPg9Q\"]},{\"@type\":\"Person\",\"@id\":\"https:\/\/kapitalis.com\/tunisie\/#\/schema\/person\/74bbde0154d49d790a92aaeac5bc01d5\",\"name\":\"Yusra NY\",\"url\":\"https:\/\/kapitalis.com\/tunisie\/author\/yuza_adam\/\"}]}<\/script>\n<!-- \/ Yoast SEO plugin. -->","yoast_head_json":{"title":"Prison de Harboub : Un agent suspect\u00e9 de relation avec une d\u00e9tenue - Kapitalis","robots":{"index":"index","follow":"follow","max-snippet":"max-snippet:-1","max-image-preview":"max-image-preview:large","max-video-preview":"max-video-preview:-1"},"canonical":"https:\/\/kapitalis.com\/tunisie\/2017\/12\/11\/prison-de-harboub-un-agent-suspecte-de-relation-avec-une-detenue\/","og_locale":"fr_FR","og_type":"article","og_title":"Prison de Harboub : Un agent suspect\u00e9 de relation avec une d\u00e9tenue - Kapitalis","og_description":"Un agent \u00e0 la prison de Harboub, gouvernorat de M\u00e9denine, a \u00e9t\u00e9 suspendu de son travail, pour suspicion de liens amoureux avec une d\u00e9tenue.","og_url":"https:\/\/kapitalis.com\/tunisie\/2017\/12\/11\/prison-de-harboub-un-agent-suspecte-de-relation-avec-une-detenue\/","og_site_name":"Kapitalis","article_publisher":"https:\/\/www.facebook.com\/KapitalisInfo\/","article_published_time":"2017-12-11T13:35:46+00:00","og_image":[{"url":"http:\/\/kapitalis.com\/tunisie\/wp-content\/uploads\/2017\/11\/prison.jpg","type":"","width":"","height":""}],"author":"Yusra NY","twitter_card":"summary_large_image","twitter_creator":"@KapitalisInfo","twitter_site":"@KapitalisInfo","twitter_misc":{"\u00c9crit par":"Yusra NY","Dur\u00e9e de lecture estim\u00e9e":"1 minute"},"schema":{"@context":"https:\/\/schema.org","@graph":[{"@type":"Article","@id":"https:\/\/kapitalis.com\/tunisie\/2017\/12\/11\/prison-de-harboub-un-agent-suspecte-de-relation-avec-une-detenue\/#article","isPartOf":{"@id":"https:\/\/kapitalis.com\/tunisie\/2017\/12\/11\/prison-de-harboub-un-agent-suspecte-de-relation-avec-une-detenue\/"},"author":{"name":"Yusra NY","@id":"https:\/\/kapitalis.com\/tunisie\/#\/schema\/person\/74bbde0154d49d790a92aaeac5bc01d5"},"headline":"Prison de Harboub : Un agent suspect\u00e9 de relation avec une d\u00e9tenue","datePublished":"2017-12-11T13:35:46+00:00","mainEntityOfPage":{"@id":"https:\/\/kapitalis.com\/tunisie\/2017\/12\/11\/prison-de-harboub-un-agent-suspecte-de-relation-avec-une-detenue\/"},"wordCount":171,"commentCount":1,"publisher":{"@id":"https:\/\/kapitalis.com\/tunisie\/#organization"},"image":{"@id":"https:\/\/kapitalis.com\/tunisie\/2017\/12\/11\/prison-de-harboub-un-agent-suspecte-de-relation-avec-une-detenue\/#primaryimage"},"thumbnailUrl":"http:\/\/kapitalis.com\/tunisie\/wp-content\/uploads\/2017\/11\/prison.jpg","keywords":["agent","enqu\u00eate","Medenine","policier","prison"],"articleSection":["SOCIETE","Tunisie"],"inLanguage":"fr-FR","potentialAction":[{"@type":"CommentAction","name":"Comment","target":["https:\/\/kapitalis.com\/tunisie\/2017\/12\/11\/prison-de-harboub-un-agent-suspecte-de-relation-avec-une-detenue\/#respond"]}]},{"@type":"WebPage","@id":"https:\/\/kapitalis.com\/tunisie\/2017\/12\/11\/prison-de-harboub-un-agent-suspecte-de-relation-avec-une-detenue\/","url":"https:\/\/kapitalis.com\/tunisie\/2017\/12\/11\/prison-de-harboub-un-agent-suspecte-de-relation-avec-une-detenue\/","name":"Prison de Harboub : Un agent suspect\u00e9 de relation avec une d\u00e9tenue - Kapitalis","isPartOf":{"@id":"https:\/\/kapitalis.com\/tunisie\/#website"},"primaryImageOfPage":{"@id":"https:\/\/kapitalis.com\/tunisie\/2017\/12\/11\/prison-de-harboub-un-agent-suspecte-de-relation-avec-une-detenue\/#primaryimage"},"image":{"@id":"https:\/\/kapitalis.com\/tunisie\/2017\/12\/11\/prison-de-harboub-un-agent-suspecte-de-relation-avec-une-detenue\/#primaryimage"},"thumbnailUrl":"http:\/\/kapitalis.com\/tunisie\/wp-content\/uploads\/2017\/11\/prison.jpg","datePublished":"2017-12-11T13:35:46+00:00","breadcrumb":{"@id":"https:\/\/kapitalis.com\/tunisie\/2017\/12\/11\/prison-de-harboub-un-agent-suspecte-de-relation-avec-une-detenue\/#breadcrumb"},"inLanguage":"fr-FR","potentialAction":[{"@type":"ReadAction","target":["https:\/\/kapitalis.com\/tunisie\/2017\/12\/11\/prison-de-harboub-un-agent-suspecte-de-relation-avec-une-detenue\/"]}]},{"@type":"ImageObject","inLanguage":"fr-FR","@id":"https:\/\/kapitalis.com\/tunisie\/2017\/12\/11\/prison-de-harboub-un-agent-suspecte-de-relation-avec-une-detenue\/#primaryimage","url":"http:\/\/kapitalis.com\/tunisie\/wp-content\/uploads\/2017\/11\/prison.jpg","contentUrl":"http:\/\/kapitalis.com\/tunisie\/wp-content\/uploads\/2017\/11\/prison.jpg"},{"@type":"BreadcrumbList","@id":"https:\/\/kapitalis.com\/tunisie\/2017\/12\/11\/prison-de-harboub-un-agent-suspecte-de-relation-avec-une-detenue\/#breadcrumb","itemListElement":[{"@type":"ListItem","position":1,"name":"Accueil","item":"https:\/\/kapitalis.com\/tunisie\/"},{"@type":"ListItem","position":2,"name":"Prison de Harboub : Un agent suspect\u00e9 de relation avec une d\u00e9tenue"}]},{"@type":"WebSite","@id":"https:\/\/kapitalis.com\/tunisie\/#website","url":"https:\/\/kapitalis.com\/tunisie\/","name":"Kapitalis","description":"L&#039;actualit\u00e9 en Tunisie et dans le monde","publisher":{"@id":"https:\/\/kapitalis.com\/tunisie\/#organization"},"potentialAction":[{"@type":"SearchAction","target":{"@type":"EntryPoint","urlTemplate":"https:\/\/kapitalis.com\/tunisie\/?s={search_term_string}"},"query-input":{"@type":"PropertyValueSpecification","valueRequired":true,"valueName":"search_term_string"}}],"inLanguage":"fr-FR"},{"@type":"Organization","@id":"https:\/\/kapitalis.com\/tunisie\/#organization","name":"Kapitalis","url":"https:\/\/kapitalis.com\/tunisie\/","logo":{"@type":"ImageObject","inLanguage":"fr-FR","@id":"https:\/\/kapitalis.com\/tunisie\/#\/schema\/logo\/image\/","url":"https:\/\/kapitalis.com\/tunisie\/wp-content\/uploads\/2022\/05\/Kapitalis-big-size.png","contentUrl":"https:\/\/kapitalis.com\/tunisie\/wp-content\/uploads\/2022\/05\/Kapitalis-big-size.png","width":5000,"height":1500,"caption":"Kapitalis"},"image":{"@id":"https:\/\/kapitalis.com\/tunisie\/#\/schema\/logo\/image\/"},"sameAs":["https:\/\/www.facebook.com\/KapitalisInfo\/","https:\/\/x.com\/KapitalisInfo","https:\/\/www.youtube.com\/channel\/UC-yDYrHyfFBWWZaOw3FPg9Q"]},{"@type":"Person","@id":"https:\/\/kapitalis.com\/tunisie\/#\/schema\/person\/74bbde0154d49d790a92aaeac5bc01d5","name":"Yusra NY","url":"https:\/\/kapitalis.com\/tunisie\/author\/yuza_adam\/"}]}},"_links":{"self":[{"href":"https:\/\/kapitalis.com\/tunisie\/wp-json\/wp\/v2\/posts\/127624","targetHints":{"allow":["GET"]}}],"collection":[{"href":"https:\/\/kapitalis.com\/tunisie\/wp-json\/wp\/v2\/posts"}],"about":[{"href":"https:\/\/kapitalis.com\/tunisie\/wp-json\/wp\/v2\/types\/post"}],"author":[{"embeddable":true,"href":"https:\/\/kapitalis.com\/tunisie\/wp-json\/wp\/v2\/users\/6"}],"replies":[{"embeddable":true,"href":"https:\/\/kapitalis.com\/tunisie\/wp-json\/wp\/v2\/comments?post=127624"}],"version-history":[{"count":0,"href":"https:\/\/kapitalis.com\/tunisie\/wp-json\/wp\/v2\/posts\/127624\/revisions"}],"wp:attachment":[{"href":"https:\/\/kapitalis.com\/tunisie\/wp-json\/wp\/v2\/media?parent=127624"}],"wp:term":[{"taxonomy":"category","embeddable":true,"href":"https:\/\/kapitalis.com\/tunisie\/wp-json\/wp\/v2\/categories?post=127624"},{"taxonomy":"post_tag","embeddable":true,"href":"https:\/\/kapitalis.com\/tunisie\/wp-json\/wp\/v2\/tags?post=127624"}],"curies":[{"name":"wp","href":"https:\/\/api.w.org\/{rel}","templated":true}]}}