{"id":12768939,"date":"2024-05-10T12:56:49","date_gmt":"2024-05-10T11:56:49","guid":{"rendered":"https:\/\/kapitalis.com\/tunisie\/?p=12768939"},"modified":"2024-05-10T12:56:51","modified_gmt":"2024-05-10T11:56:51","slug":"migration-le-nord-neo-liberal-dresse-les-victimes-les-unes-contre-les-autres","status":"publish","type":"post","link":"https:\/\/kapitalis.com\/tunisie\/2024\/05\/10\/migration-le-nord-neo-liberal-dresse-les-victimes-les-unes-contre-les-autres\/","title":{"rendered":"Migration\u00a0: le Nord n\u00e9o-lib\u00e9ral dresse les victimes les unes contre les autres"},"content":{"rendered":"\n<p><strong><em>A propos des campagnes racistes contre les migrants au Sud comme au Nord\u00a0: devoir de solidarit\u00e9 entre les victimes des politiques n\u00e9olib\u00e9rales qui soufflent sur les braises de la x\u00e9nophobie.<\/em><\/strong><\/p>\n\n\n\n<p><strong>Mohamed Ch\u00e9rif Ferjani <\/strong>*<\/p>\n\n\n\n<!--more-->\n\n\n<div class=\"wp-block-image\">\n<figure class=\"alignleft size-full\"><img decoding=\"async\" src=\"http:\/\/kapitalis.com\/tunisie\/wp-content\/uploads\/2020\/10\/Mohamed-Cherif-Ferjani.jpg\" alt=\"\" class=\"wp-image-321363\"\/><\/figure>\n<\/div>\n\n\n<p>Partout, au Nord, comme au Sud et \u00e0 l\u2019Est, les migrants sont la cible de campagnes de haine raciste les accusant d\u2019\u00eatre \u00e0 l\u2019origine de tous les maux\u00a0de la soci\u00e9t\u00e9 : violences, vols, trafics de toutes sortes, prostitution, ins\u00e9curit\u00e9, etc. <\/p>\n\n\n\n<p>Les tenants\u00a0 de la th\u00e9orie x\u00e9nophobe du <em>\u00abGrand remplacement\u00bb <\/em>y voient les instruments d\u2019un complot visant \u00e0 submerger les soci\u00e9t\u00e9s des pays par lesquelles passent les migrants, ou cherchent \u00e0 s\u2019y installer, pour en changer l\u2019identit\u00e9, la culture et l\u2019ordre social et politique.<\/p>\n\n\n\n<p>On s\u2019obstine \u00e0 refuser de voir les raisons pour lesquelles ils se sont arrach\u00e9s \u00e0 leur pays, et aux leurs, pour risquer leur vie en traversant des d\u00e9serts hostiles, la mer sur des embarcations de fortune, des fronti\u00e8res et des pays o\u00f9 ils s\u2019exposent \u00e0 toutes les formes d\u2019humiliation et de pers\u00e9cution, en livrant leur sort \u00e0 des trafiquants sans scrupules qui leur prennent leurs \u00e9conomies pour les livrer \u00e0 d\u2019autres trafiquants encore plus cupides et moins soucieux de leur sort.<\/p>\n\n\n\n<p>Ceux qui les pers\u00e9cutent et les pourchassent se recrutent parmi les victimes du m\u00eame ordre n\u00e9olib\u00e9ral imposant partout des politiques agressives d\u00e9truisant les syst\u00e8mes de solidarit\u00e9s traditionnelles et les solidarit\u00e9s fond\u00e9es sur les droits \u00e9conomiques, sociaux, politiques et culturels arrach\u00e9s par les luttes de plusieurs g\u00e9n\u00e9rations depuis des d\u00e9cennies, voire des si\u00e8cles.<\/p>\n\n\n\n<figure class=\"wp-block-embed is-type-wp-embed is-provider-kapitalis wp-block-embed-kapitalis\"><div class=\"wp-block-embed__wrapper\">\n<blockquote class=\"wp-embedded-content\" data-secret=\"izilHAPy8S\"><a href=\"https:\/\/kapitalis.com\/tunisie\/2024\/05\/09\/la-tunisie-lutter-contre-la-migration-en-echange-daides-financieres\/\">La Tunisie\u00a0: lutter contre la migration en \u00e9change d\u2019aides financi\u00e8res<\/a><\/blockquote><iframe loading=\"lazy\" class=\"wp-embedded-content\" sandbox=\"allow-scripts\" security=\"restricted\" style=\"position: absolute; clip: rect(1px, 1px, 1px, 1px);\" title=\"\u00ab\u00a0La Tunisie\u00a0: lutter contre la migration en \u00e9change d\u2019aides financi\u00e8res\u00a0\u00bb &#8212; Kapitalis\" src=\"https:\/\/kapitalis.com\/tunisie\/2024\/05\/09\/la-tunisie-lutter-contre-la-migration-en-echange-daides-financieres\/embed\/#?secret=Xs2qsccvAS#?secret=izilHAPy8S\" data-secret=\"izilHAPy8S\" width=\"600\" height=\"338\" frameborder=\"0\" marginwidth=\"0\" marginheight=\"0\" scrolling=\"no\"><\/iframe>\n<\/div><\/figure>\n\n\n\n<h2 class=\"wp-block-heading\">Les lois impitoyables de l\u2019\u00e9conomie de march\u00e9<\/h2>\n\n\n\n<p>Tr\u00e8s rares sont ceux qui r\u00e9alisent les catastrophes qui les poussent \u00e0 partir de chez eux&nbsp;: calamit\u00e9s naturelles aggrav\u00e9es par la destruction des \u00e9cosyst\u00e8mes naturels et de l\u2019environnement, conflits ethniques, tribaux, confessionnels, guerres entre des pays auxquels le m\u00eame syst\u00e8me n\u00e9olib\u00e9ral a impos\u00e9 des politiques de <em>\u00abr\u00e9ajustement structurel\u00bb<\/em>, de <em>\u00abv\u00e9rit\u00e9 des prix\u00bb<\/em>, de <em>\u00ablibre circulation des capitaux et des marchandises\u00bb<\/em>, aggravant les in\u00e9galit\u00e9s au sein de toutes les soci\u00e9t\u00e9s et entre les pays, au profit d\u2019une minorit\u00e9 de nantis accaparant l\u2019essentiel des richesses de la plan\u00e8te.<\/p>\n\n\n\n<p>Selon le rapport de l\u2019observatoire des in\u00e9galit\u00e9s publi\u00e9 le 18 septembre 2020, la part du patrimoine mondial que poss\u00e8de le 1% le plus fortun\u00e9 est pass\u00e9e de 41,7% en 2008 \u00e0 45% en 2019.<\/p>\n\n\n\n<p>Les migrants des pays du Sud et de l\u2019Est, comme les ch\u00f4meurs, les sans toits ni droits dans les pays du Nord et partout dans le monde, sont les victimes de ce syst\u00e8me fond\u00e9 sur les lois implacables et impitoyables d\u2019une \u00e9conomie de march\u00e9 visant \u00e0 r\u00e9aliser les plus gros profits, dans les plus brefs d\u00e9lais, aux moindres co\u00fbts et au d\u00e9triment de la majorit\u00e9 \u00e9crasante et \u00e9cras\u00e9e des humains r\u00e9duits au statut d\u2019auxiliaires facultatifs de ce syst\u00e8me.<\/p>\n\n\n\n<p>En quittant les pays du Sud et de l\u2019Est pour rejoindre les pays o\u00f9 s\u2019accumulent, par le biais de l\u2019\u00e9change in\u00e9gal fond\u00e9 sur la libre circulation des capitaux et des marchandises, les migrants ne font\u00a0 que suivre le mouvement des richesses pill\u00e9es de leurs pays. Ils reproduisent ce que les humains ont fait de tout temps\u00a0: quitter les endroits o\u00f9 ils ne peuvent plus vivre comme avant \u2013 en raison de catastrophes naturelles, des guerres ou de politiques comme celles qu\u2019imposaient hier la colonisation et qu\u2019imposent aujourd\u2019hui le n\u00e9olib\u00e9ralisme \u2013 pour aller l\u00e0 o\u00f9 ils esp\u00e8rent mieux vivre\u00a0: Quoi de plus l\u00e9gitime? Au nom de quelle morale voudrait-on le leur interdire\u00a0? N\u2019est-ce pas l\u00e0 un droit fondamental \u00e0 la base de la libert\u00e9 de circulation dont on veut priver les humains en la r\u00e9servant aux capitaux, aux marchandises, aux ressortissants des pays nantis et en ne l\u2019accordant qu\u2019\u00e0 ceux dont les comp\u00e9tences sont n\u00e9cessaires \u00e0 la croissance de l\u2019ordre \u00e9conomique dominant?<\/p>\n\n\n\n<figure class=\"wp-block-embed is-type-wp-embed is-provider-kapitalis wp-block-embed-kapitalis\"><div class=\"wp-block-embed__wrapper\">\n<blockquote class=\"wp-embedded-content\" data-secret=\"JvAzR4qWCx\"><a href=\"https:\/\/kapitalis.com\/tunisie\/2024\/04\/04\/le-sort-des-enfants-migrants-bloques-en-tunisie\/\">Le sort des enfants de migrants bloqu\u00e9s en Tunisie<\/a><\/blockquote><iframe loading=\"lazy\" class=\"wp-embedded-content\" sandbox=\"allow-scripts\" security=\"restricted\" style=\"position: absolute; clip: rect(1px, 1px, 1px, 1px);\" title=\"\u00ab\u00a0Le sort des enfants de migrants bloqu\u00e9s en Tunisie\u00a0\u00bb &#8212; Kapitalis\" src=\"https:\/\/kapitalis.com\/tunisie\/2024\/04\/04\/le-sort-des-enfants-migrants-bloques-en-tunisie\/embed\/#?secret=AQTsjDk82V#?secret=JvAzR4qWCx\" data-secret=\"JvAzR4qWCx\" width=\"600\" height=\"338\" frameborder=\"0\" marginwidth=\"0\" marginheight=\"0\" scrolling=\"no\"><\/iframe>\n<\/div><\/figure>\n\n\n\n<h2 class=\"wp-block-heading\">Les victimes dress\u00e9s les unes contre les autres<\/h2>\n\n\n\n<p>En demandant \u00e0 des pays du Sud et de l\u2019Est \u2013 comme le Rwanda, la Tunisie, l\u2019Egypte, la Turquie, la Roumanie, etc. \u2013 de jouer le r\u00f4le de garde fronti\u00e8res de l\u2019Italie et de l\u2019Europe, et en soufflant sur les braises de la x\u00e9nophobie sur laquelle surfent les diff\u00e9rentes expressions de la r\u00e9volution conservatrice au Nord, comme au Sud et \u00e0 l\u2019Est, le syst\u00e8me n\u00e9olib\u00e9ral adopt\u00e9 par les grandes puissances et impos\u00e9 \u00e0 tous les pays, cherche \u00e0 dresser ses victimes les unes contre les autres pour perp\u00e9tuer son r\u00e8gne. Il veut ainsi les emp\u00eacher de s\u2019unir contre lui.<\/p>\n\n\n\n<p>En succombant aux sir\u00e8nes de la x\u00e9nophobie, en se livrant \u00e0 pourchasser et \u00e0 pers\u00e9cuter les migrants, comme on le voit dans certains pays soumis aux m\u00eames politiques poussant leurs jeunes et leurs forces vives \u00e0 l\u2019exil, et en s\u2019attaquant aux militants et aux organisations de d\u00e9fense des droits humains qui d\u00e9noncent le sort r\u00e9serv\u00e9 aux \u00e9trangers ind\u00e9sirables, on devient les auxiliaires des politiques n\u00e9olib\u00e9rales dont les victimes se sont pas seulement les migrants accus\u00e9s de tous les malheurs des soci\u00e9t\u00e9s soumises \u00e0 ces politiques. <\/p>\n\n\n\n<p>Les victimes du syst\u00e8me n\u00e9olib\u00e9ral, du Nord, du Sud, de l\u2019Est ou de l\u2019Ouest, n\u2019ont aucun int\u00e9r\u00eat \u00e0 s\u2019opposer les unes aux autres\u00a0en se laissant manipuler par les ma\u00eetres de ce syst\u00e8me aid\u00e9s par les id\u00e9ologies x\u00e9nophobes des diff\u00e9rentes expressions de la r\u00e9volution conservatrice. Elles doivent \u00eatre solidaires entre elles, et avec les migrants, et unir leurs luttes contre le syst\u00e8me n\u00e9olib\u00e9ral \u00e0 l\u2019origine de leurs malheurs.<\/p>\n\n\n\n<p><em>* Professeur honoraire \u00e0 l&rsquo;Universit\u00e9 Lyon 2<\/em>, <em>pr\u00e9sident du Haut conseil de Timbuktu University. <\/em><\/p>\n\n\n\n<figure class=\"wp-block-embed is-type-wp-embed is-provider-kapitalis wp-block-embed-kapitalis\"><div class=\"wp-block-embed__wrapper\">\n<blockquote class=\"wp-embedded-content\" data-secret=\"t5QpDmeIWC\"><a href=\"https:\/\/kapitalis.com\/tunisie\/2021\/09\/30\/lemigration-maghrebine-et-la-politique-europeenne-des-visas\/\">L&rsquo;\u00e9migration maghr\u00e9bine et la politique europ\u00e9enne des visas<\/a><\/blockquote><iframe loading=\"lazy\" class=\"wp-embedded-content\" sandbox=\"allow-scripts\" security=\"restricted\" style=\"position: absolute; clip: rect(1px, 1px, 1px, 1px);\" title=\"\u00ab\u00a0L&rsquo;\u00e9migration maghr\u00e9bine et la politique europ\u00e9enne des visas\u00a0\u00bb &#8212; Kapitalis\" src=\"https:\/\/kapitalis.com\/tunisie\/2021\/09\/30\/lemigration-maghrebine-et-la-politique-europeenne-des-visas\/embed\/#?secret=YNsGr57qqd#?secret=t5QpDmeIWC\" data-secret=\"t5QpDmeIWC\" width=\"600\" height=\"338\" frameborder=\"0\" marginwidth=\"0\" marginheight=\"0\" scrolling=\"no\"><\/iframe>\n<\/div><\/figure>\n","protected":false},"excerpt":{"rendered":"<p>Partout, les migrants sont la cible de campagnes de haine raciste les accusant d\u2019\u00eatre \u00e0 l\u2019origine de tous les maux\u00a0de la soci\u00e9t\u00e9. <\/p>\n","protected":false},"author":8,"featured_media":8856056,"comment_status":"open","ping_status":"open","sticky":false,"template":"","format":"standard","meta":{"footnotes":""},"categories":[992,997,1000,2433],"tags":[97106,505,5548,84819,102202,62643,106766],"class_list":["post-12768939","post","type-post","status-publish","format-standard","has-post-thumbnail","hentry","category-a-la-une","category-politique","category-tribune","category-tunisie","tag-grand-remplacement","tag-italie","tag-migration","tag-mohamed-cherif-ferjani-2","tag-politiques-neoliberales","tag-tunisie","tag-xenophobie"],"yoast_head":"<!-- This site is optimized with the Yoast SEO plugin v26.6 - https:\/\/yoast.com\/wordpress\/plugins\/seo\/ -->\n<title>Migration\u00a0: le Nord n\u00e9o-lib\u00e9ral dresse les victimes les unes contre les autres - Kapitalis<\/title>\n<meta name=\"robots\" content=\"index, follow, max-snippet:-1, max-image-preview:large, max-video-preview:-1\" \/>\n<link rel=\"canonical\" href=\"https:\/\/kapitalis.com\/tunisie\/2024\/05\/10\/migration-le-nord-neo-liberal-dresse-les-victimes-les-unes-contre-les-autres\/\" \/>\n<meta property=\"og:locale\" content=\"fr_FR\" \/>\n<meta property=\"og:type\" content=\"article\" \/>\n<meta property=\"og:title\" content=\"Migration\u00a0: le Nord n\u00e9o-lib\u00e9ral dresse les victimes les unes contre les autres - Kapitalis\" \/>\n<meta property=\"og:description\" content=\"Partout, les migrants sont la cible de campagnes de haine raciste les accusant d\u2019\u00eatre \u00e0 l\u2019origine de tous les maux\u00a0de la soci\u00e9t\u00e9.\" \/>\n<meta property=\"og:url\" content=\"https:\/\/kapitalis.com\/tunisie\/2024\/05\/10\/migration-le-nord-neo-liberal-dresse-les-victimes-les-unes-contre-les-autres\/\" \/>\n<meta property=\"og:site_name\" content=\"Kapitalis\" \/>\n<meta property=\"article:publisher\" content=\"https:\/\/www.facebook.com\/KapitalisInfo\/\" \/>\n<meta property=\"article:published_time\" content=\"2024-05-10T11:56:49+00:00\" \/>\n<meta property=\"article:modified_time\" content=\"2024-05-10T11:56:51+00:00\" \/>\n<meta property=\"og:image\" content=\"https:\/\/kapitalis.com\/tunisie\/wp-content\/uploads\/2023\/07\/Sfax-migrants-Ph.-Salah-Dargouth-5-scaled.jpg\" \/>\n\t<meta property=\"og:image:width\" content=\"2560\" \/>\n\t<meta property=\"og:image:height\" content=\"1920\" \/>\n\t<meta property=\"og:image:type\" content=\"image\/jpeg\" \/>\n<meta name=\"author\" content=\"webmaster kapitalis\" \/>\n<meta name=\"twitter:card\" content=\"summary_large_image\" \/>\n<meta name=\"twitter:creator\" content=\"@KapitalisInfo\" \/>\n<meta name=\"twitter:site\" content=\"@KapitalisInfo\" \/>\n<meta name=\"twitter:label1\" content=\"\u00c9crit par\" \/>\n\t<meta name=\"twitter:data1\" content=\"webmaster kapitalis\" \/>\n\t<meta name=\"twitter:label2\" content=\"Dur\u00e9e de lecture estim\u00e9e\" \/>\n\t<meta name=\"twitter:data2\" content=\"5 minutes\" \/>\n<script type=\"application\/ld+json\" class=\"yoast-schema-graph\">{\"@context\":\"https:\/\/schema.org\",\"@graph\":[{\"@type\":\"Article\",\"@id\":\"https:\/\/kapitalis.com\/tunisie\/2024\/05\/10\/migration-le-nord-neo-liberal-dresse-les-victimes-les-unes-contre-les-autres\/#article\",\"isPartOf\":{\"@id\":\"https:\/\/kapitalis.com\/tunisie\/2024\/05\/10\/migration-le-nord-neo-liberal-dresse-les-victimes-les-unes-contre-les-autres\/\"},\"author\":{\"name\":\"webmaster kapitalis\",\"@id\":\"https:\/\/kapitalis.com\/tunisie\/#\/schema\/person\/d71f33a9ca44f7bad4698210b480c8e9\"},\"headline\":\"Migration\u00a0: le Nord n\u00e9o-lib\u00e9ral dresse les victimes les unes contre les autres\",\"datePublished\":\"2024-05-10T11:56:49+00:00\",\"dateModified\":\"2024-05-10T11:56:51+00:00\",\"mainEntityOfPage\":{\"@id\":\"https:\/\/kapitalis.com\/tunisie\/2024\/05\/10\/migration-le-nord-neo-liberal-dresse-les-victimes-les-unes-contre-les-autres\/\"},\"wordCount\":1029,\"commentCount\":4,\"publisher\":{\"@id\":\"https:\/\/kapitalis.com\/tunisie\/#organization\"},\"image\":{\"@id\":\"https:\/\/kapitalis.com\/tunisie\/2024\/05\/10\/migration-le-nord-neo-liberal-dresse-les-victimes-les-unes-contre-les-autres\/#primaryimage\"},\"thumbnailUrl\":\"https:\/\/kapitalis.com\/tunisie\/wp-content\/uploads\/2023\/07\/Sfax-migrants-Ph.-Salah-Dargouth-5-scaled.jpg\",\"keywords\":[\"grand remplacement\",\"Italie\",\"migration\",\"Mohamed Ch\u00e9rif Ferjani\",\"politiques n\u00e9olib\u00e9rales\",\"Tunisie\",\"x\u00e9nophobie\"],\"articleSection\":[\"A LA UNE\",\"POLITIQUE\",\"TRIBUNE\",\"Tunisie\"],\"inLanguage\":\"fr-FR\",\"potentialAction\":[{\"@type\":\"CommentAction\",\"name\":\"Comment\",\"target\":[\"https:\/\/kapitalis.com\/tunisie\/2024\/05\/10\/migration-le-nord-neo-liberal-dresse-les-victimes-les-unes-contre-les-autres\/#respond\"]}]},{\"@type\":\"WebPage\",\"@id\":\"https:\/\/kapitalis.com\/tunisie\/2024\/05\/10\/migration-le-nord-neo-liberal-dresse-les-victimes-les-unes-contre-les-autres\/\",\"url\":\"https:\/\/kapitalis.com\/tunisie\/2024\/05\/10\/migration-le-nord-neo-liberal-dresse-les-victimes-les-unes-contre-les-autres\/\",\"name\":\"Migration\u00a0: le Nord n\u00e9o-lib\u00e9ral dresse les victimes les unes contre les autres - Kapitalis\",\"isPartOf\":{\"@id\":\"https:\/\/kapitalis.com\/tunisie\/#website\"},\"primaryImageOfPage\":{\"@id\":\"https:\/\/kapitalis.com\/tunisie\/2024\/05\/10\/migration-le-nord-neo-liberal-dresse-les-victimes-les-unes-contre-les-autres\/#primaryimage\"},\"image\":{\"@id\":\"https:\/\/kapitalis.com\/tunisie\/2024\/05\/10\/migration-le-nord-neo-liberal-dresse-les-victimes-les-unes-contre-les-autres\/#primaryimage\"},\"thumbnailUrl\":\"https:\/\/kapitalis.com\/tunisie\/wp-content\/uploads\/2023\/07\/Sfax-migrants-Ph.-Salah-Dargouth-5-scaled.jpg\",\"datePublished\":\"2024-05-10T11:56:49+00:00\",\"dateModified\":\"2024-05-10T11:56:51+00:00\",\"breadcrumb\":{\"@id\":\"https:\/\/kapitalis.com\/tunisie\/2024\/05\/10\/migration-le-nord-neo-liberal-dresse-les-victimes-les-unes-contre-les-autres\/#breadcrumb\"},\"inLanguage\":\"fr-FR\",\"potentialAction\":[{\"@type\":\"ReadAction\",\"target\":[\"https:\/\/kapitalis.com\/tunisie\/2024\/05\/10\/migration-le-nord-neo-liberal-dresse-les-victimes-les-unes-contre-les-autres\/\"]}]},{\"@type\":\"ImageObject\",\"inLanguage\":\"fr-FR\",\"@id\":\"https:\/\/kapitalis.com\/tunisie\/2024\/05\/10\/migration-le-nord-neo-liberal-dresse-les-victimes-les-unes-contre-les-autres\/#primaryimage\",\"url\":\"https:\/\/kapitalis.com\/tunisie\/wp-content\/uploads\/2023\/07\/Sfax-migrants-Ph.-Salah-Dargouth-5-scaled.jpg\",\"contentUrl\":\"https:\/\/kapitalis.com\/tunisie\/wp-content\/uploads\/2023\/07\/Sfax-migrants-Ph.-Salah-Dargouth-5-scaled.jpg\",\"width\":2560,\"height\":1920},{\"@type\":\"BreadcrumbList\",\"@id\":\"https:\/\/kapitalis.com\/tunisie\/2024\/05\/10\/migration-le-nord-neo-liberal-dresse-les-victimes-les-unes-contre-les-autres\/#breadcrumb\",\"itemListElement\":[{\"@type\":\"ListItem\",\"position\":1,\"name\":\"Accueil\",\"item\":\"https:\/\/kapitalis.com\/tunisie\/\"},{\"@type\":\"ListItem\",\"position\":2,\"name\":\"Migration\u00a0: le Nord n\u00e9o-lib\u00e9ral dresse les victimes les unes contre les autres\"}]},{\"@type\":\"WebSite\",\"@id\":\"https:\/\/kapitalis.com\/tunisie\/#website\",\"url\":\"https:\/\/kapitalis.com\/tunisie\/\",\"name\":\"Kapitalis\",\"description\":\"L&#039;actualit\u00e9 en Tunisie et dans le monde\",\"publisher\":{\"@id\":\"https:\/\/kapitalis.com\/tunisie\/#organization\"},\"potentialAction\":[{\"@type\":\"SearchAction\",\"target\":{\"@type\":\"EntryPoint\",\"urlTemplate\":\"https:\/\/kapitalis.com\/tunisie\/?s={search_term_string}\"},\"query-input\":{\"@type\":\"PropertyValueSpecification\",\"valueRequired\":true,\"valueName\":\"search_term_string\"}}],\"inLanguage\":\"fr-FR\"},{\"@type\":\"Organization\",\"@id\":\"https:\/\/kapitalis.com\/tunisie\/#organization\",\"name\":\"Kapitalis\",\"url\":\"https:\/\/kapitalis.com\/tunisie\/\",\"logo\":{\"@type\":\"ImageObject\",\"inLanguage\":\"fr-FR\",\"@id\":\"https:\/\/kapitalis.com\/tunisie\/#\/schema\/logo\/image\/\",\"url\":\"https:\/\/kapitalis.com\/tunisie\/wp-content\/uploads\/2022\/05\/Kapitalis-big-size.png\",\"contentUrl\":\"https:\/\/kapitalis.com\/tunisie\/wp-content\/uploads\/2022\/05\/Kapitalis-big-size.png\",\"width\":5000,\"height\":1500,\"caption\":\"Kapitalis\"},\"image\":{\"@id\":\"https:\/\/kapitalis.com\/tunisie\/#\/schema\/logo\/image\/\"},\"sameAs\":[\"https:\/\/www.facebook.com\/KapitalisInfo\/\",\"https:\/\/x.com\/KapitalisInfo\",\"https:\/\/www.youtube.com\/channel\/UC-yDYrHyfFBWWZaOw3FPg9Q\"]},{\"@type\":\"Person\",\"@id\":\"https:\/\/kapitalis.com\/tunisie\/#\/schema\/person\/d71f33a9ca44f7bad4698210b480c8e9\",\"name\":\"webmaster kapitalis\",\"url\":\"https:\/\/kapitalis.com\/tunisie\/author\/webmaster-kapitalis\/\"}]}<\/script>\n<!-- \/ Yoast SEO plugin. -->","yoast_head_json":{"title":"Migration\u00a0: le Nord n\u00e9o-lib\u00e9ral dresse les victimes les unes contre les autres - Kapitalis","robots":{"index":"index","follow":"follow","max-snippet":"max-snippet:-1","max-image-preview":"max-image-preview:large","max-video-preview":"max-video-preview:-1"},"canonical":"https:\/\/kapitalis.com\/tunisie\/2024\/05\/10\/migration-le-nord-neo-liberal-dresse-les-victimes-les-unes-contre-les-autres\/","og_locale":"fr_FR","og_type":"article","og_title":"Migration\u00a0: le Nord n\u00e9o-lib\u00e9ral dresse les victimes les unes contre les autres - Kapitalis","og_description":"Partout, les migrants sont la cible de campagnes de haine raciste les accusant d\u2019\u00eatre \u00e0 l\u2019origine de tous les maux\u00a0de la soci\u00e9t\u00e9.","og_url":"https:\/\/kapitalis.com\/tunisie\/2024\/05\/10\/migration-le-nord-neo-liberal-dresse-les-victimes-les-unes-contre-les-autres\/","og_site_name":"Kapitalis","article_publisher":"https:\/\/www.facebook.com\/KapitalisInfo\/","article_published_time":"2024-05-10T11:56:49+00:00","article_modified_time":"2024-05-10T11:56:51+00:00","og_image":[{"width":2560,"height":1920,"url":"https:\/\/kapitalis.com\/tunisie\/wp-content\/uploads\/2023\/07\/Sfax-migrants-Ph.-Salah-Dargouth-5-scaled.jpg","type":"image\/jpeg"}],"author":"webmaster kapitalis","twitter_card":"summary_large_image","twitter_creator":"@KapitalisInfo","twitter_site":"@KapitalisInfo","twitter_misc":{"\u00c9crit par":"webmaster kapitalis","Dur\u00e9e de lecture estim\u00e9e":"5 minutes"},"schema":{"@context":"https:\/\/schema.org","@graph":[{"@type":"Article","@id":"https:\/\/kapitalis.com\/tunisie\/2024\/05\/10\/migration-le-nord-neo-liberal-dresse-les-victimes-les-unes-contre-les-autres\/#article","isPartOf":{"@id":"https:\/\/kapitalis.com\/tunisie\/2024\/05\/10\/migration-le-nord-neo-liberal-dresse-les-victimes-les-unes-contre-les-autres\/"},"author":{"name":"webmaster kapitalis","@id":"https:\/\/kapitalis.com\/tunisie\/#\/schema\/person\/d71f33a9ca44f7bad4698210b480c8e9"},"headline":"Migration\u00a0: le Nord n\u00e9o-lib\u00e9ral dresse les victimes les unes contre les autres","datePublished":"2024-05-10T11:56:49+00:00","dateModified":"2024-05-10T11:56:51+00:00","mainEntityOfPage":{"@id":"https:\/\/kapitalis.com\/tunisie\/2024\/05\/10\/migration-le-nord-neo-liberal-dresse-les-victimes-les-unes-contre-les-autres\/"},"wordCount":1029,"commentCount":4,"publisher":{"@id":"https:\/\/kapitalis.com\/tunisie\/#organization"},"image":{"@id":"https:\/\/kapitalis.com\/tunisie\/2024\/05\/10\/migration-le-nord-neo-liberal-dresse-les-victimes-les-unes-contre-les-autres\/#primaryimage"},"thumbnailUrl":"https:\/\/kapitalis.com\/tunisie\/wp-content\/uploads\/2023\/07\/Sfax-migrants-Ph.-Salah-Dargouth-5-scaled.jpg","keywords":["grand remplacement","Italie","migration","Mohamed Ch\u00e9rif Ferjani","politiques n\u00e9olib\u00e9rales","Tunisie","x\u00e9nophobie"],"articleSection":["A LA UNE","POLITIQUE","TRIBUNE","Tunisie"],"inLanguage":"fr-FR","potentialAction":[{"@type":"CommentAction","name":"Comment","target":["https:\/\/kapitalis.com\/tunisie\/2024\/05\/10\/migration-le-nord-neo-liberal-dresse-les-victimes-les-unes-contre-les-autres\/#respond"]}]},{"@type":"WebPage","@id":"https:\/\/kapitalis.com\/tunisie\/2024\/05\/10\/migration-le-nord-neo-liberal-dresse-les-victimes-les-unes-contre-les-autres\/","url":"https:\/\/kapitalis.com\/tunisie\/2024\/05\/10\/migration-le-nord-neo-liberal-dresse-les-victimes-les-unes-contre-les-autres\/","name":"Migration\u00a0: le Nord n\u00e9o-lib\u00e9ral dresse les victimes les unes contre les autres - Kapitalis","isPartOf":{"@id":"https:\/\/kapitalis.com\/tunisie\/#website"},"primaryImageOfPage":{"@id":"https:\/\/kapitalis.com\/tunisie\/2024\/05\/10\/migration-le-nord-neo-liberal-dresse-les-victimes-les-unes-contre-les-autres\/#primaryimage"},"image":{"@id":"https:\/\/kapitalis.com\/tunisie\/2024\/05\/10\/migration-le-nord-neo-liberal-dresse-les-victimes-les-unes-contre-les-autres\/#primaryimage"},"thumbnailUrl":"https:\/\/kapitalis.com\/tunisie\/wp-content\/uploads\/2023\/07\/Sfax-migrants-Ph.-Salah-Dargouth-5-scaled.jpg","datePublished":"2024-05-10T11:56:49+00:00","dateModified":"2024-05-10T11:56:51+00:00","breadcrumb":{"@id":"https:\/\/kapitalis.com\/tunisie\/2024\/05\/10\/migration-le-nord-neo-liberal-dresse-les-victimes-les-unes-contre-les-autres\/#breadcrumb"},"inLanguage":"fr-FR","potentialAction":[{"@type":"ReadAction","target":["https:\/\/kapitalis.com\/tunisie\/2024\/05\/10\/migration-le-nord-neo-liberal-dresse-les-victimes-les-unes-contre-les-autres\/"]}]},{"@type":"ImageObject","inLanguage":"fr-FR","@id":"https:\/\/kapitalis.com\/tunisie\/2024\/05\/10\/migration-le-nord-neo-liberal-dresse-les-victimes-les-unes-contre-les-autres\/#primaryimage","url":"https:\/\/kapitalis.com\/tunisie\/wp-content\/uploads\/2023\/07\/Sfax-migrants-Ph.-Salah-Dargouth-5-scaled.jpg","contentUrl":"https:\/\/kapitalis.com\/tunisie\/wp-content\/uploads\/2023\/07\/Sfax-migrants-Ph.-Salah-Dargouth-5-scaled.jpg","width":2560,"height":1920},{"@type":"BreadcrumbList","@id":"https:\/\/kapitalis.com\/tunisie\/2024\/05\/10\/migration-le-nord-neo-liberal-dresse-les-victimes-les-unes-contre-les-autres\/#breadcrumb","itemListElement":[{"@type":"ListItem","position":1,"name":"Accueil","item":"https:\/\/kapitalis.com\/tunisie\/"},{"@type":"ListItem","position":2,"name":"Migration\u00a0: le Nord n\u00e9o-lib\u00e9ral dresse les victimes les unes contre les autres"}]},{"@type":"WebSite","@id":"https:\/\/kapitalis.com\/tunisie\/#website","url":"https:\/\/kapitalis.com\/tunisie\/","name":"Kapitalis","description":"L&#039;actualit\u00e9 en Tunisie et dans le monde","publisher":{"@id":"https:\/\/kapitalis.com\/tunisie\/#organization"},"potentialAction":[{"@type":"SearchAction","target":{"@type":"EntryPoint","urlTemplate":"https:\/\/kapitalis.com\/tunisie\/?s={search_term_string}"},"query-input":{"@type":"PropertyValueSpecification","valueRequired":true,"valueName":"search_term_string"}}],"inLanguage":"fr-FR"},{"@type":"Organization","@id":"https:\/\/kapitalis.com\/tunisie\/#organization","name":"Kapitalis","url":"https:\/\/kapitalis.com\/tunisie\/","logo":{"@type":"ImageObject","inLanguage":"fr-FR","@id":"https:\/\/kapitalis.com\/tunisie\/#\/schema\/logo\/image\/","url":"https:\/\/kapitalis.com\/tunisie\/wp-content\/uploads\/2022\/05\/Kapitalis-big-size.png","contentUrl":"https:\/\/kapitalis.com\/tunisie\/wp-content\/uploads\/2022\/05\/Kapitalis-big-size.png","width":5000,"height":1500,"caption":"Kapitalis"},"image":{"@id":"https:\/\/kapitalis.com\/tunisie\/#\/schema\/logo\/image\/"},"sameAs":["https:\/\/www.facebook.com\/KapitalisInfo\/","https:\/\/x.com\/KapitalisInfo","https:\/\/www.youtube.com\/channel\/UC-yDYrHyfFBWWZaOw3FPg9Q"]},{"@type":"Person","@id":"https:\/\/kapitalis.com\/tunisie\/#\/schema\/person\/d71f33a9ca44f7bad4698210b480c8e9","name":"webmaster kapitalis","url":"https:\/\/kapitalis.com\/tunisie\/author\/webmaster-kapitalis\/"}]}},"_links":{"self":[{"href":"https:\/\/kapitalis.com\/tunisie\/wp-json\/wp\/v2\/posts\/12768939","targetHints":{"allow":["GET"]}}],"collection":[{"href":"https:\/\/kapitalis.com\/tunisie\/wp-json\/wp\/v2\/posts"}],"about":[{"href":"https:\/\/kapitalis.com\/tunisie\/wp-json\/wp\/v2\/types\/post"}],"author":[{"embeddable":true,"href":"https:\/\/kapitalis.com\/tunisie\/wp-json\/wp\/v2\/users\/8"}],"replies":[{"embeddable":true,"href":"https:\/\/kapitalis.com\/tunisie\/wp-json\/wp\/v2\/comments?post=12768939"}],"version-history":[{"count":2,"href":"https:\/\/kapitalis.com\/tunisie\/wp-json\/wp\/v2\/posts\/12768939\/revisions"}],"predecessor-version":[{"id":12769435,"href":"https:\/\/kapitalis.com\/tunisie\/wp-json\/wp\/v2\/posts\/12768939\/revisions\/12769435"}],"wp:featuredmedia":[{"embeddable":true,"href":"https:\/\/kapitalis.com\/tunisie\/wp-json\/wp\/v2\/media\/8856056"}],"wp:attachment":[{"href":"https:\/\/kapitalis.com\/tunisie\/wp-json\/wp\/v2\/media?parent=12768939"}],"wp:term":[{"taxonomy":"category","embeddable":true,"href":"https:\/\/kapitalis.com\/tunisie\/wp-json\/wp\/v2\/categories?post=12768939"},{"taxonomy":"post_tag","embeddable":true,"href":"https:\/\/kapitalis.com\/tunisie\/wp-json\/wp\/v2\/tags?post=12768939"}],"curies":[{"name":"wp","href":"https:\/\/api.w.org\/{rel}","templated":true}]}}