{"id":127707,"date":"2017-12-11T17:46:54","date_gmt":"2017-12-11T16:46:54","guid":{"rendered":"http:\/\/kapitalis.com\/tunisie\/?p=127707"},"modified":"2017-12-11T17:46:54","modified_gmt":"2017-12-11T16:46:54","slug":"programme-du-festival-du-film-sur-la-migration","status":"publish","type":"post","link":"https:\/\/kapitalis.com\/tunisie\/2017\/12\/11\/programme-du-festival-du-film-sur-la-migration\/","title":{"rendered":"Programme du Festival du film sur la migration"},"content":{"rendered":"<p style=\"text-align: center;\"><img loading=\"lazy\" decoding=\"async\" class=\"alignnone size-full wp-image-127708\" src=\"http:\/\/kapitalis.com\/tunisie\/wp-content\/uploads\/2017\/12\/Festival-international-du-film-sur-la-migration.jpg\" alt=\"\" width=\"626\" height=\"380\" \/><\/p>\n<p><em><strong>La 2e \u00e9dition du Festival international du film sur la migration se tient du 5 au 18 d\u00e9cembre 2017 dans plus de 100 pays dont la Tunisie.<\/strong> <\/em><\/p>\n<p><!--more--><\/p>\n<p>Ce festival (#GMFFest pour Global Migration Film Festival), organis\u00e9 par l\u2019organisme des Nations Unies charg\u00e9 des migrations (OIM), constitue une opportunit\u00e9 unique de dialogue universel autour de la th\u00e9matique migratoire.<\/p>\n<p>A cette occasion, l\u2019OIM Tunisie, en partenariat avec la F\u00e9d\u00e9ration tunisienne des cin\u00e9-clubs (FTCC) a mis au point un calendrier riche de projections-d\u00e9bats invitant le grand public dans les salles de cin\u00e9mas et les espaces culturels de plusieurs villes tunisiennes pour un \u00e9change de perceptions, d\u2019exp\u00e9riences et de visions d\u2019avenir<\/p>\n<p>Ce festival est une opportunit\u00e9 unique pour c\u00e9l\u00e9brer le vivre ensemble \u00e0 travers l\u2019expression artistique et culturelle de la migration, pour rendre hommage aux cin\u00e9astes de tous pays et lancer un d\u00e9bat universel autour de la dimension humaine et les destins crois\u00e9s d\u2019une humanit\u00e9 en mouvement.<\/p>\n<p>En Tunisie, le festival se d\u00e9roule dans 5 villes : K\u00e9libia, Tunis, Sfax, Hammamet, Mahdia et Makthar.<\/p>\n<p><em><strong>Le 5 d\u00e9cembre<\/strong><\/em> : Projection de <em>\u2018\u2018La Pirogue\u2019\u2019<\/em> et de <em>\u2018\u2018Ticket \u00e0 l\u2019immigration\u2019\u2019<\/em>, au cin\u00e9-club de K\u00e9libia, en pr\u00e9sence de Lorena Lando, chef mission de l\u2019OIM en Tunisie.<\/p>\n<p><em><strong>Le 11 d\u00e9cembre<\/strong><\/em>: hommage au cin\u00e9ma argentin avec la projection du documentaire <em>\u2018\u2018Beirut-Buenos Aires-Beirut\u2019\u2019<\/em> au Cin\u00e9Vog, Le Kram, Tunis, et de trois courts m\u00e9trages (<em>\u2018\u2018Wallah Je Te Jure\u2019\u2019, \u2018\u2018Issalam Taret\u2019\u2019<\/em> et <em>\u2018\u2018DemDem\u2019\u2019<\/em>) \u00e0 la Maison de Culture Bab Bhar, \u00e0 Sfax.<\/p>\n<p><em><strong>Le 14 d\u00e9cembre<\/strong><\/em>: Projection de<em> \u2018\u2018Weldek Rajel\u2019\u2019<\/em> de Heifel Ben Youssef, au cin\u00e9-th\u00e9\u00e2tre la M\u00e9dina, \u00e0 Hammamet (Nabeul).<\/p>\n<p><em><strong>Le 15 d\u00e9cembre<\/strong><\/em>: Projection de 3 courts m\u00e9trages (<em>\u2018\u2018Wallah Je Te Jure\u2019\u2019, \u2018\u2018Issalam Taret\u2019\u2019<\/em> et <em>\u2018\u2018DemDem\u2019\u2019<\/em>) et <em>\u2018\u2018Problemsky Hotel\u2019\u2019<\/em> \u00e0 l\u2019internat pilote de l\u2019association Wallah We Can, \u00e0 Makthar (Kef).<\/p>\n<p><em><strong>Le 16 d\u00e9cembre<\/strong> <\/em>: Projection du film marocain <em>\u2018\u2018Tata Milouda\u2019\u2019<\/em> \u00e0 la Maison de Culture Ksour Essaf (Mahdia).<\/p>\n<p><em><strong>Le 17 d\u00e9cembre<\/strong><\/em>\u00a0: Projection de 3 courts m\u00e9trages (<em>\u2018<\/em>\u2018Wallah Je Te Jure\u2019\u2019, \u2018\u2018Issalam Taret\u2019\u2019 et <em>\u2018\u2018DemDem\u2019\u2019<\/em>) \u00e0 la Maison de Culture Chokri Belaid, Jebel Jloud (Tunis).<\/p>\n<p><em><strong>Le 18 d\u00e9cembre<\/strong> <\/em>: c\u00e9l\u00e9bration de la Journ\u00e9e internationale du migrant avec la projection de<em> \u2018\u2018Zaineb n\u2019aime pas la neige\u2019\u2019<\/em> de la Kaouther Ben Hnia au Cin\u00e9madart, \u00e0 Carthage.<\/p>\n<p style=\"text-align: right;\"><strong>I. B.<\/strong><\/p>\n","protected":false},"excerpt":{"rendered":"<p>La 2e \u00e9dition du Festival international du film sur la migration se tient du 5 au 18 d\u00e9cembre 2017 dans plus de 100 pays dont la Tunisie.<\/p>\n","protected":false},"author":8,"featured_media":127708,"comment_status":"open","ping_status":"open","sticky":false,"template":"","format":"standard","meta":{"footnotes":""},"categories":[994,2433],"tags":[439,2975,565,9947],"class_list":["post-127707","post","type-post","status-publish","format-standard","has-post-thumbnail","hentry","category-culture","category-tunisie","tag-hammamet","tag-kelibia","tag-mahdia","tag-makthar"],"yoast_head":"<!-- This site is optimized with the Yoast SEO plugin v26.6 - https:\/\/yoast.com\/wordpress\/plugins\/seo\/ -->\n<title>Programme du Festival du film sur la migration - Kapitalis<\/title>\n<meta name=\"robots\" content=\"index, follow, max-snippet:-1, max-image-preview:large, max-video-preview:-1\" \/>\n<link rel=\"canonical\" href=\"https:\/\/kapitalis.com\/tunisie\/2017\/12\/11\/programme-du-festival-du-film-sur-la-migration\/\" \/>\n<meta property=\"og:locale\" content=\"fr_FR\" \/>\n<meta property=\"og:type\" content=\"article\" \/>\n<meta property=\"og:title\" content=\"Programme du Festival du film sur la migration - Kapitalis\" \/>\n<meta property=\"og:description\" content=\"La 2e \u00e9dition du Festival international du film sur la migration se tient du 5 au 18 d\u00e9cembre 2017 dans plus de 100 pays dont la Tunisie.\" \/>\n<meta property=\"og:url\" content=\"https:\/\/kapitalis.com\/tunisie\/2017\/12\/11\/programme-du-festival-du-film-sur-la-migration\/\" \/>\n<meta property=\"og:site_name\" content=\"Kapitalis\" \/>\n<meta property=\"article:publisher\" content=\"https:\/\/www.facebook.com\/KapitalisInfo\/\" \/>\n<meta property=\"article:published_time\" content=\"2017-12-11T16:46:54+00:00\" \/>\n<meta property=\"og:image\" content=\"https:\/\/kapitalis.com\/tunisie\/wp-content\/uploads\/2022\/05\/kapitalis-logo-fb.png\" \/>\n\t<meta property=\"og:image:width\" content=\"1200\" \/>\n\t<meta property=\"og:image:height\" content=\"630\" \/>\n\t<meta property=\"og:image:type\" content=\"image\/png\" \/>\n<meta name=\"author\" content=\"webmaster kapitalis\" \/>\n<meta name=\"twitter:card\" content=\"summary_large_image\" \/>\n<meta name=\"twitter:creator\" content=\"@KapitalisInfo\" \/>\n<meta name=\"twitter:site\" content=\"@KapitalisInfo\" \/>\n<meta name=\"twitter:label1\" content=\"\u00c9crit par\" \/>\n\t<meta name=\"twitter:data1\" content=\"webmaster kapitalis\" \/>\n\t<meta name=\"twitter:label2\" content=\"Dur\u00e9e de lecture estim\u00e9e\" \/>\n\t<meta name=\"twitter:data2\" content=\"2 minutes\" \/>\n<script type=\"application\/ld+json\" class=\"yoast-schema-graph\">{\"@context\":\"https:\/\/schema.org\",\"@graph\":[{\"@type\":\"Article\",\"@id\":\"https:\/\/kapitalis.com\/tunisie\/2017\/12\/11\/programme-du-festival-du-film-sur-la-migration\/#article\",\"isPartOf\":{\"@id\":\"https:\/\/kapitalis.com\/tunisie\/2017\/12\/11\/programme-du-festival-du-film-sur-la-migration\/\"},\"author\":{\"name\":\"webmaster kapitalis\",\"@id\":\"https:\/\/kapitalis.com\/tunisie\/#\/schema\/person\/d71f33a9ca44f7bad4698210b480c8e9\"},\"headline\":\"Programme du Festival du film sur la migration\",\"datePublished\":\"2017-12-11T16:46:54+00:00\",\"mainEntityOfPage\":{\"@id\":\"https:\/\/kapitalis.com\/tunisie\/2017\/12\/11\/programme-du-festival-du-film-sur-la-migration\/\"},\"wordCount\":390,\"commentCount\":0,\"publisher\":{\"@id\":\"https:\/\/kapitalis.com\/tunisie\/#organization\"},\"image\":{\"@id\":\"https:\/\/kapitalis.com\/tunisie\/2017\/12\/11\/programme-du-festival-du-film-sur-la-migration\/#primaryimage\"},\"thumbnailUrl\":\"\",\"keywords\":[\"Hammamet\",\"K\u00e9libia\",\"Mahdia\",\"Makthar\"],\"articleSection\":[\"CULTURE\",\"Tunisie\"],\"inLanguage\":\"fr-FR\",\"potentialAction\":[{\"@type\":\"CommentAction\",\"name\":\"Comment\",\"target\":[\"https:\/\/kapitalis.com\/tunisie\/2017\/12\/11\/programme-du-festival-du-film-sur-la-migration\/#respond\"]}]},{\"@type\":\"WebPage\",\"@id\":\"https:\/\/kapitalis.com\/tunisie\/2017\/12\/11\/programme-du-festival-du-film-sur-la-migration\/\",\"url\":\"https:\/\/kapitalis.com\/tunisie\/2017\/12\/11\/programme-du-festival-du-film-sur-la-migration\/\",\"name\":\"Programme du Festival du film sur la migration - Kapitalis\",\"isPartOf\":{\"@id\":\"https:\/\/kapitalis.com\/tunisie\/#website\"},\"primaryImageOfPage\":{\"@id\":\"https:\/\/kapitalis.com\/tunisie\/2017\/12\/11\/programme-du-festival-du-film-sur-la-migration\/#primaryimage\"},\"image\":{\"@id\":\"https:\/\/kapitalis.com\/tunisie\/2017\/12\/11\/programme-du-festival-du-film-sur-la-migration\/#primaryimage\"},\"thumbnailUrl\":\"\",\"datePublished\":\"2017-12-11T16:46:54+00:00\",\"breadcrumb\":{\"@id\":\"https:\/\/kapitalis.com\/tunisie\/2017\/12\/11\/programme-du-festival-du-film-sur-la-migration\/#breadcrumb\"},\"inLanguage\":\"fr-FR\",\"potentialAction\":[{\"@type\":\"ReadAction\",\"target\":[\"https:\/\/kapitalis.com\/tunisie\/2017\/12\/11\/programme-du-festival-du-film-sur-la-migration\/\"]}]},{\"@type\":\"ImageObject\",\"inLanguage\":\"fr-FR\",\"@id\":\"https:\/\/kapitalis.com\/tunisie\/2017\/12\/11\/programme-du-festival-du-film-sur-la-migration\/#primaryimage\",\"url\":\"\",\"contentUrl\":\"\"},{\"@type\":\"BreadcrumbList\",\"@id\":\"https:\/\/kapitalis.com\/tunisie\/2017\/12\/11\/programme-du-festival-du-film-sur-la-migration\/#breadcrumb\",\"itemListElement\":[{\"@type\":\"ListItem\",\"position\":1,\"name\":\"Accueil\",\"item\":\"https:\/\/kapitalis.com\/tunisie\/\"},{\"@type\":\"ListItem\",\"position\":2,\"name\":\"Programme du Festival du film sur la migration\"}]},{\"@type\":\"WebSite\",\"@id\":\"https:\/\/kapitalis.com\/tunisie\/#website\",\"url\":\"https:\/\/kapitalis.com\/tunisie\/\",\"name\":\"Kapitalis\",\"description\":\"L&#039;actualit\u00e9 en Tunisie et dans le monde\",\"publisher\":{\"@id\":\"https:\/\/kapitalis.com\/tunisie\/#organization\"},\"potentialAction\":[{\"@type\":\"SearchAction\",\"target\":{\"@type\":\"EntryPoint\",\"urlTemplate\":\"https:\/\/kapitalis.com\/tunisie\/?s={search_term_string}\"},\"query-input\":{\"@type\":\"PropertyValueSpecification\",\"valueRequired\":true,\"valueName\":\"search_term_string\"}}],\"inLanguage\":\"fr-FR\"},{\"@type\":\"Organization\",\"@id\":\"https:\/\/kapitalis.com\/tunisie\/#organization\",\"name\":\"Kapitalis\",\"url\":\"https:\/\/kapitalis.com\/tunisie\/\",\"logo\":{\"@type\":\"ImageObject\",\"inLanguage\":\"fr-FR\",\"@id\":\"https:\/\/kapitalis.com\/tunisie\/#\/schema\/logo\/image\/\",\"url\":\"https:\/\/kapitalis.com\/tunisie\/wp-content\/uploads\/2022\/05\/Kapitalis-big-size.png\",\"contentUrl\":\"https:\/\/kapitalis.com\/tunisie\/wp-content\/uploads\/2022\/05\/Kapitalis-big-size.png\",\"width\":5000,\"height\":1500,\"caption\":\"Kapitalis\"},\"image\":{\"@id\":\"https:\/\/kapitalis.com\/tunisie\/#\/schema\/logo\/image\/\"},\"sameAs\":[\"https:\/\/www.facebook.com\/KapitalisInfo\/\",\"https:\/\/x.com\/KapitalisInfo\",\"https:\/\/www.youtube.com\/channel\/UC-yDYrHyfFBWWZaOw3FPg9Q\"]},{\"@type\":\"Person\",\"@id\":\"https:\/\/kapitalis.com\/tunisie\/#\/schema\/person\/d71f33a9ca44f7bad4698210b480c8e9\",\"name\":\"webmaster kapitalis\",\"url\":\"https:\/\/kapitalis.com\/tunisie\/author\/webmaster-kapitalis\/\"}]}<\/script>\n<!-- \/ Yoast SEO plugin. -->","yoast_head_json":{"title":"Programme du Festival du film sur la migration - Kapitalis","robots":{"index":"index","follow":"follow","max-snippet":"max-snippet:-1","max-image-preview":"max-image-preview:large","max-video-preview":"max-video-preview:-1"},"canonical":"https:\/\/kapitalis.com\/tunisie\/2017\/12\/11\/programme-du-festival-du-film-sur-la-migration\/","og_locale":"fr_FR","og_type":"article","og_title":"Programme du Festival du film sur la migration - Kapitalis","og_description":"La 2e \u00e9dition du Festival international du film sur la migration se tient du 5 au 18 d\u00e9cembre 2017 dans plus de 100 pays dont la Tunisie.","og_url":"https:\/\/kapitalis.com\/tunisie\/2017\/12\/11\/programme-du-festival-du-film-sur-la-migration\/","og_site_name":"Kapitalis","article_publisher":"https:\/\/www.facebook.com\/KapitalisInfo\/","article_published_time":"2017-12-11T16:46:54+00:00","og_image":[{"width":1200,"height":630,"url":"https:\/\/kapitalis.com\/tunisie\/wp-content\/uploads\/2022\/05\/kapitalis-logo-fb.png","type":"image\/png"}],"author":"webmaster kapitalis","twitter_card":"summary_large_image","twitter_creator":"@KapitalisInfo","twitter_site":"@KapitalisInfo","twitter_misc":{"\u00c9crit par":"webmaster kapitalis","Dur\u00e9e de lecture estim\u00e9e":"2 minutes"},"schema":{"@context":"https:\/\/schema.org","@graph":[{"@type":"Article","@id":"https:\/\/kapitalis.com\/tunisie\/2017\/12\/11\/programme-du-festival-du-film-sur-la-migration\/#article","isPartOf":{"@id":"https:\/\/kapitalis.com\/tunisie\/2017\/12\/11\/programme-du-festival-du-film-sur-la-migration\/"},"author":{"name":"webmaster kapitalis","@id":"https:\/\/kapitalis.com\/tunisie\/#\/schema\/person\/d71f33a9ca44f7bad4698210b480c8e9"},"headline":"Programme du Festival du film sur la migration","datePublished":"2017-12-11T16:46:54+00:00","mainEntityOfPage":{"@id":"https:\/\/kapitalis.com\/tunisie\/2017\/12\/11\/programme-du-festival-du-film-sur-la-migration\/"},"wordCount":390,"commentCount":0,"publisher":{"@id":"https:\/\/kapitalis.com\/tunisie\/#organization"},"image":{"@id":"https:\/\/kapitalis.com\/tunisie\/2017\/12\/11\/programme-du-festival-du-film-sur-la-migration\/#primaryimage"},"thumbnailUrl":"","keywords":["Hammamet","K\u00e9libia","Mahdia","Makthar"],"articleSection":["CULTURE","Tunisie"],"inLanguage":"fr-FR","potentialAction":[{"@type":"CommentAction","name":"Comment","target":["https:\/\/kapitalis.com\/tunisie\/2017\/12\/11\/programme-du-festival-du-film-sur-la-migration\/#respond"]}]},{"@type":"WebPage","@id":"https:\/\/kapitalis.com\/tunisie\/2017\/12\/11\/programme-du-festival-du-film-sur-la-migration\/","url":"https:\/\/kapitalis.com\/tunisie\/2017\/12\/11\/programme-du-festival-du-film-sur-la-migration\/","name":"Programme du Festival du film sur la migration - Kapitalis","isPartOf":{"@id":"https:\/\/kapitalis.com\/tunisie\/#website"},"primaryImageOfPage":{"@id":"https:\/\/kapitalis.com\/tunisie\/2017\/12\/11\/programme-du-festival-du-film-sur-la-migration\/#primaryimage"},"image":{"@id":"https:\/\/kapitalis.com\/tunisie\/2017\/12\/11\/programme-du-festival-du-film-sur-la-migration\/#primaryimage"},"thumbnailUrl":"","datePublished":"2017-12-11T16:46:54+00:00","breadcrumb":{"@id":"https:\/\/kapitalis.com\/tunisie\/2017\/12\/11\/programme-du-festival-du-film-sur-la-migration\/#breadcrumb"},"inLanguage":"fr-FR","potentialAction":[{"@type":"ReadAction","target":["https:\/\/kapitalis.com\/tunisie\/2017\/12\/11\/programme-du-festival-du-film-sur-la-migration\/"]}]},{"@type":"ImageObject","inLanguage":"fr-FR","@id":"https:\/\/kapitalis.com\/tunisie\/2017\/12\/11\/programme-du-festival-du-film-sur-la-migration\/#primaryimage","url":"","contentUrl":""},{"@type":"BreadcrumbList","@id":"https:\/\/kapitalis.com\/tunisie\/2017\/12\/11\/programme-du-festival-du-film-sur-la-migration\/#breadcrumb","itemListElement":[{"@type":"ListItem","position":1,"name":"Accueil","item":"https:\/\/kapitalis.com\/tunisie\/"},{"@type":"ListItem","position":2,"name":"Programme du Festival du film sur la migration"}]},{"@type":"WebSite","@id":"https:\/\/kapitalis.com\/tunisie\/#website","url":"https:\/\/kapitalis.com\/tunisie\/","name":"Kapitalis","description":"L&#039;actualit\u00e9 en Tunisie et dans le monde","publisher":{"@id":"https:\/\/kapitalis.com\/tunisie\/#organization"},"potentialAction":[{"@type":"SearchAction","target":{"@type":"EntryPoint","urlTemplate":"https:\/\/kapitalis.com\/tunisie\/?s={search_term_string}"},"query-input":{"@type":"PropertyValueSpecification","valueRequired":true,"valueName":"search_term_string"}}],"inLanguage":"fr-FR"},{"@type":"Organization","@id":"https:\/\/kapitalis.com\/tunisie\/#organization","name":"Kapitalis","url":"https:\/\/kapitalis.com\/tunisie\/","logo":{"@type":"ImageObject","inLanguage":"fr-FR","@id":"https:\/\/kapitalis.com\/tunisie\/#\/schema\/logo\/image\/","url":"https:\/\/kapitalis.com\/tunisie\/wp-content\/uploads\/2022\/05\/Kapitalis-big-size.png","contentUrl":"https:\/\/kapitalis.com\/tunisie\/wp-content\/uploads\/2022\/05\/Kapitalis-big-size.png","width":5000,"height":1500,"caption":"Kapitalis"},"image":{"@id":"https:\/\/kapitalis.com\/tunisie\/#\/schema\/logo\/image\/"},"sameAs":["https:\/\/www.facebook.com\/KapitalisInfo\/","https:\/\/x.com\/KapitalisInfo","https:\/\/www.youtube.com\/channel\/UC-yDYrHyfFBWWZaOw3FPg9Q"]},{"@type":"Person","@id":"https:\/\/kapitalis.com\/tunisie\/#\/schema\/person\/d71f33a9ca44f7bad4698210b480c8e9","name":"webmaster kapitalis","url":"https:\/\/kapitalis.com\/tunisie\/author\/webmaster-kapitalis\/"}]}},"_links":{"self":[{"href":"https:\/\/kapitalis.com\/tunisie\/wp-json\/wp\/v2\/posts\/127707","targetHints":{"allow":["GET"]}}],"collection":[{"href":"https:\/\/kapitalis.com\/tunisie\/wp-json\/wp\/v2\/posts"}],"about":[{"href":"https:\/\/kapitalis.com\/tunisie\/wp-json\/wp\/v2\/types\/post"}],"author":[{"embeddable":true,"href":"https:\/\/kapitalis.com\/tunisie\/wp-json\/wp\/v2\/users\/8"}],"replies":[{"embeddable":true,"href":"https:\/\/kapitalis.com\/tunisie\/wp-json\/wp\/v2\/comments?post=127707"}],"version-history":[{"count":0,"href":"https:\/\/kapitalis.com\/tunisie\/wp-json\/wp\/v2\/posts\/127707\/revisions"}],"wp:featuredmedia":[{"embeddable":true,"href":"https:\/\/kapitalis.com\/tunisie\/wp-json\/wp\/v2\/media\/127708"}],"wp:attachment":[{"href":"https:\/\/kapitalis.com\/tunisie\/wp-json\/wp\/v2\/media?parent=127707"}],"wp:term":[{"taxonomy":"category","embeddable":true,"href":"https:\/\/kapitalis.com\/tunisie\/wp-json\/wp\/v2\/categories?post=127707"},{"taxonomy":"post_tag","embeddable":true,"href":"https:\/\/kapitalis.com\/tunisie\/wp-json\/wp\/v2\/tags?post=127707"}],"curies":[{"name":"wp","href":"https:\/\/api.w.org\/{rel}","templated":true}]}}