{"id":127734,"date":"2017-12-12T08:36:37","date_gmt":"2017-12-12T07:36:37","guid":{"rendered":"http:\/\/kapitalis.com\/tunisie\/?p=127734"},"modified":"2017-12-12T08:36:37","modified_gmt":"2017-12-12T07:36:37","slug":"deces-du-roi-michel-1er-livre-de-condoleances-a-lambassade-de-roumanie","status":"publish","type":"post","link":"https:\/\/kapitalis.com\/tunisie\/2017\/12\/12\/deces-du-roi-michel-1er-livre-de-condoleances-a-lambassade-de-roumanie\/","title":{"rendered":"D\u00e9c\u00e8s du roi Michel 1er : Livre de condol\u00e9ances \u00e0 l\u2019ambassade de Roumanie"},"content":{"rendered":"<p style=\"text-align: center;\"><img loading=\"lazy\" decoding=\"async\" class=\"alignnone size-full wp-image-127735\" src=\"http:\/\/kapitalis.com\/tunisie\/wp-content\/uploads\/2017\/12\/Michel-1er-Roi-de-Roumanie.jpg\" alt=\"\" width=\"626\" height=\"380\" \/><\/p>\n<p><em><strong>L\u2019ambassade de Roumanie en Tunisie annonce qu\u2019un livre de condol\u00e9ances sera ouvert suite au d\u00e9c\u00e8s de sa Majest\u00e9, le roi Michel 1er, le 5 d\u00e9cembre 2017. <\/strong><\/em><\/p>\n<p><!--more--><\/p>\n<p>Le livre de condol\u00e9ances sera ouvert au si\u00e8ge de l\u2019ambassade, sise au 18, avenue d\u2019Afrique, El Menzah V, Tunis, les 14, 15 et 16 d\u00e9cembre 2017, entre 9h30 et 15h.<\/p>\n<p>Michel 1er est n\u00e9 \u00e0 Sinaia en Roumanie. Il fut roi de Roumanie \u00e0 seulement 5 ans, en 1927. Ayant perdu sa couronne au profit de son p\u00e8re le roi Carol II, il l\u2019a reprise \u00e0 l\u2019\u00e2ge de 19 ans. Dans l\u2019ann\u00e9e 1944, alors que l\u2019Arm\u00e9e rouge a \u00e9t\u00e9 d\u00e9j\u00e0 en Roumanie orientale, le roi et les hommes politiques pro-Alli\u00e9s montent un coup d\u2019\u00c9tat contre le r\u00e9gime pro-nazi d\u2019Antonescu. Michel 1er a proclam\u00e9 alors la loyaut\u00e9 de la Roumanie vis-\u00e0- vis les Alli\u00e9s. Il a d\u00e9clar\u00e9 la guerre \u00e0 l\u2019Allemagne nazie et a ouvert le pays \u00e0 l\u2019Arm\u00e9e rouge, ce qui n\u2019emp\u00eachait pas l\u2019Union sovi\u00e9tique d\u2019attendre jusqu\u2019au 12 septembre pour accorder l\u2019armistice et d\u2019occuper la Roumanie comme une puissance ennemie vaincue, non comme un pays alli\u00e9.<\/p>\n<p>Apr\u00e8s avoir \u00e9t\u00e9 forc\u00e9 d\u2019abdiquer par le nouveau gouvernement communiste en 1947, Michel 1er s\u2019est install\u00e9 au Royaume-Uni, puis en Suisse. Pendant son exil, il a repr\u00e9sent\u00e9 un point fort pour les Roumains libres contre le r\u00e9gime oppressif communiste.<\/p>\n<p>Michel 1er est revenu en Roumanie en d\u00e9cembre 1990, un an apr\u00e8s la r\u00e9volution de 1989. Mais, le gouvernement postcommuniste a craint la pression des \u00e9tudiants et des d\u00e9mocrates \u00e0 percevoir la restauration monarchiste comme un moyen de contrebalancer le pouvoir de la nomenklatura. Michel 1er a d\u00e9clar\u00e9 ne vouloir<em> \u00abni provoquer ni encourager l\u2019agitation politique\u00bb<\/em> \u00e0 cet \u00e9gard.<\/p>\n<p>Depuis 1997, Michel 1er et sa famille ont donn\u00e9 au gouvernement roumain assez de gages de bonne volont\u00e9 pour qu\u2019apr\u00e8s l\u2019arriv\u00e9e du nouveau pr\u00e9sident \u00e0 l\u2019\u00e9poque, l\u2019\u00c9tat a rendu la citoyennet\u00e9 roumaine \u00e0 Michel et \u00e0 sa famille. Le gouvernement roumain, le consid\u00e9rant d\u00e9sormais comme un ancien chef d\u2019\u00c9tat respect\u00e9, lui a r\u00e9troc\u00e9d\u00e9 une partie des anciennes propri\u00e9t\u00e9s royales.<\/p>\n<p>Le roi Michel 1er a connu plus de popularit\u00e9 lors de son 90e anniversaire, pr\u00e9cis\u00e9ment le 25 octobre 2011. Il a \u00e9t\u00e9 invit\u00e9 \u00e0 prononcer un discours devant les deux chambres du parlement roumain. Au cours de ce discours, l\u2019ancien monarque a appel\u00e9 la classe politique roumaine \u00e0 montrer l\u2019exemple, de sorte que le pays puisse <em>\u00abretrouver la dignit\u00e9 et le respect sur la sc\u00e8ne internationale\u00bb<\/em>.<\/p>\n<p>Cette figure nationale pr\u00e9sentait une phase de l\u2019histoire de la Roumanie o\u00f9 elle a t\u00e9moign\u00e9 la transition du pays vers son ind\u00e9pendance des diff\u00e9rents r\u00e9gimes qui l\u2019ont gouvern\u00e9. Sa forte pr\u00e9sence durant les diff\u00e9rents \u00e9v\u00e9nements marquants de l\u2019histoire du pays, ainsi que ses positions \u00e0 propos les diff\u00e9rentes circonstances qui ont entour\u00e9 la Roumanie, l\u2019ont rendu une ic\u00f4ne nationale de la souverainet\u00e9 de la Roumanie.<\/p>\n<p>Gr\u00e2ce \u00e0 tout ce qu\u2019il a fait, le roi Michel 1er a mis toute sa vie au service de la Roumanie et l\u2019a servi avec dignit\u00e9 et responsabilit\u00e9 jusqu\u2019\u00e0 sa derni\u00e8re minute.<\/p>\n<p>Samedi le 16 d\u00e9cembre 2017, le d\u00e9funt roi sera enterr\u00e9 dans la cath\u00e9drale royale de Curtea De Arges.<\/p>\n<p><em><strong>Source:<\/strong><\/em> communiqu\u00e9.<\/p>\n","protected":false},"excerpt":{"rendered":"<p>L\u2019ambassade de Roumanie en Tunisie annonce qu\u2019un livre de condol\u00e9ances sera ouvert suite au d\u00e9c\u00e8s de sa Majest\u00e9, le roi Michel 1er, le 5 d\u00e9cembre 2017.<\/p>\n","protected":false},"author":8,"featured_media":127735,"comment_status":"open","ping_status":"open","sticky":false,"template":"","format":"standard","meta":{"footnotes":""},"categories":[997,2433],"tags":[1989],"class_list":["post-127734","post","type-post","status-publish","format-standard","has-post-thumbnail","hentry","category-politique","category-tunisie","tag-roumanie"],"yoast_head":"<!-- This site is optimized with the Yoast SEO plugin v26.6 - https:\/\/yoast.com\/wordpress\/plugins\/seo\/ -->\n<title>D\u00e9c\u00e8s du roi Michel 1er : Livre de condol\u00e9ances \u00e0 l\u2019ambassade de Roumanie - Kapitalis<\/title>\n<meta name=\"robots\" content=\"index, follow, max-snippet:-1, max-image-preview:large, max-video-preview:-1\" \/>\n<link rel=\"canonical\" href=\"https:\/\/kapitalis.com\/tunisie\/2017\/12\/12\/deces-du-roi-michel-1er-livre-de-condoleances-a-lambassade-de-roumanie\/\" \/>\n<meta property=\"og:locale\" content=\"fr_FR\" \/>\n<meta property=\"og:type\" content=\"article\" \/>\n<meta property=\"og:title\" content=\"D\u00e9c\u00e8s du roi Michel 1er : Livre de condol\u00e9ances \u00e0 l\u2019ambassade de Roumanie - Kapitalis\" \/>\n<meta property=\"og:description\" content=\"L\u2019ambassade de Roumanie en Tunisie annonce qu\u2019un livre de condol\u00e9ances sera ouvert suite au d\u00e9c\u00e8s de sa Majest\u00e9, le roi Michel 1er, le 5 d\u00e9cembre 2017.\" \/>\n<meta property=\"og:url\" content=\"https:\/\/kapitalis.com\/tunisie\/2017\/12\/12\/deces-du-roi-michel-1er-livre-de-condoleances-a-lambassade-de-roumanie\/\" \/>\n<meta property=\"og:site_name\" content=\"Kapitalis\" \/>\n<meta property=\"article:publisher\" content=\"https:\/\/www.facebook.com\/KapitalisInfo\/\" \/>\n<meta property=\"article:published_time\" content=\"2017-12-12T07:36:37+00:00\" \/>\n<meta property=\"og:image\" content=\"https:\/\/kapitalis.com\/tunisie\/wp-content\/uploads\/2022\/05\/kapitalis-logo-fb.png\" \/>\n\t<meta property=\"og:image:width\" content=\"1200\" \/>\n\t<meta property=\"og:image:height\" content=\"630\" \/>\n\t<meta property=\"og:image:type\" content=\"image\/png\" \/>\n<meta name=\"author\" content=\"webmaster kapitalis\" \/>\n<meta name=\"twitter:card\" content=\"summary_large_image\" \/>\n<meta name=\"twitter:creator\" content=\"@KapitalisInfo\" \/>\n<meta name=\"twitter:site\" content=\"@KapitalisInfo\" \/>\n<meta name=\"twitter:label1\" content=\"\u00c9crit par\" \/>\n\t<meta name=\"twitter:data1\" content=\"webmaster kapitalis\" \/>\n\t<meta name=\"twitter:label2\" content=\"Dur\u00e9e de lecture estim\u00e9e\" \/>\n\t<meta name=\"twitter:data2\" content=\"3 minutes\" \/>\n<script type=\"application\/ld+json\" class=\"yoast-schema-graph\">{\"@context\":\"https:\/\/schema.org\",\"@graph\":[{\"@type\":\"Article\",\"@id\":\"https:\/\/kapitalis.com\/tunisie\/2017\/12\/12\/deces-du-roi-michel-1er-livre-de-condoleances-a-lambassade-de-roumanie\/#article\",\"isPartOf\":{\"@id\":\"https:\/\/kapitalis.com\/tunisie\/2017\/12\/12\/deces-du-roi-michel-1er-livre-de-condoleances-a-lambassade-de-roumanie\/\"},\"author\":{\"name\":\"webmaster kapitalis\",\"@id\":\"https:\/\/kapitalis.com\/tunisie\/#\/schema\/person\/d71f33a9ca44f7bad4698210b480c8e9\"},\"headline\":\"D\u00e9c\u00e8s du roi Michel 1er : Livre de condol\u00e9ances \u00e0 l\u2019ambassade de Roumanie\",\"datePublished\":\"2017-12-12T07:36:37+00:00\",\"mainEntityOfPage\":{\"@id\":\"https:\/\/kapitalis.com\/tunisie\/2017\/12\/12\/deces-du-roi-michel-1er-livre-de-condoleances-a-lambassade-de-roumanie\/\"},\"wordCount\":591,\"commentCount\":0,\"publisher\":{\"@id\":\"https:\/\/kapitalis.com\/tunisie\/#organization\"},\"image\":{\"@id\":\"https:\/\/kapitalis.com\/tunisie\/2017\/12\/12\/deces-du-roi-michel-1er-livre-de-condoleances-a-lambassade-de-roumanie\/#primaryimage\"},\"thumbnailUrl\":\"\",\"keywords\":[\"Roumanie\"],\"articleSection\":[\"POLITIQUE\",\"Tunisie\"],\"inLanguage\":\"fr-FR\",\"potentialAction\":[{\"@type\":\"CommentAction\",\"name\":\"Comment\",\"target\":[\"https:\/\/kapitalis.com\/tunisie\/2017\/12\/12\/deces-du-roi-michel-1er-livre-de-condoleances-a-lambassade-de-roumanie\/#respond\"]}]},{\"@type\":\"WebPage\",\"@id\":\"https:\/\/kapitalis.com\/tunisie\/2017\/12\/12\/deces-du-roi-michel-1er-livre-de-condoleances-a-lambassade-de-roumanie\/\",\"url\":\"https:\/\/kapitalis.com\/tunisie\/2017\/12\/12\/deces-du-roi-michel-1er-livre-de-condoleances-a-lambassade-de-roumanie\/\",\"name\":\"D\u00e9c\u00e8s du roi Michel 1er : Livre de condol\u00e9ances \u00e0 l\u2019ambassade de Roumanie - Kapitalis\",\"isPartOf\":{\"@id\":\"https:\/\/kapitalis.com\/tunisie\/#website\"},\"primaryImageOfPage\":{\"@id\":\"https:\/\/kapitalis.com\/tunisie\/2017\/12\/12\/deces-du-roi-michel-1er-livre-de-condoleances-a-lambassade-de-roumanie\/#primaryimage\"},\"image\":{\"@id\":\"https:\/\/kapitalis.com\/tunisie\/2017\/12\/12\/deces-du-roi-michel-1er-livre-de-condoleances-a-lambassade-de-roumanie\/#primaryimage\"},\"thumbnailUrl\":\"\",\"datePublished\":\"2017-12-12T07:36:37+00:00\",\"breadcrumb\":{\"@id\":\"https:\/\/kapitalis.com\/tunisie\/2017\/12\/12\/deces-du-roi-michel-1er-livre-de-condoleances-a-lambassade-de-roumanie\/#breadcrumb\"},\"inLanguage\":\"fr-FR\",\"potentialAction\":[{\"@type\":\"ReadAction\",\"target\":[\"https:\/\/kapitalis.com\/tunisie\/2017\/12\/12\/deces-du-roi-michel-1er-livre-de-condoleances-a-lambassade-de-roumanie\/\"]}]},{\"@type\":\"ImageObject\",\"inLanguage\":\"fr-FR\",\"@id\":\"https:\/\/kapitalis.com\/tunisie\/2017\/12\/12\/deces-du-roi-michel-1er-livre-de-condoleances-a-lambassade-de-roumanie\/#primaryimage\",\"url\":\"\",\"contentUrl\":\"\"},{\"@type\":\"BreadcrumbList\",\"@id\":\"https:\/\/kapitalis.com\/tunisie\/2017\/12\/12\/deces-du-roi-michel-1er-livre-de-condoleances-a-lambassade-de-roumanie\/#breadcrumb\",\"itemListElement\":[{\"@type\":\"ListItem\",\"position\":1,\"name\":\"Accueil\",\"item\":\"https:\/\/kapitalis.com\/tunisie\/\"},{\"@type\":\"ListItem\",\"position\":2,\"name\":\"D\u00e9c\u00e8s du roi Michel 1er : Livre de condol\u00e9ances \u00e0 l\u2019ambassade de Roumanie\"}]},{\"@type\":\"WebSite\",\"@id\":\"https:\/\/kapitalis.com\/tunisie\/#website\",\"url\":\"https:\/\/kapitalis.com\/tunisie\/\",\"name\":\"Kapitalis\",\"description\":\"L&#039;actualit\u00e9 en Tunisie et dans le monde\",\"publisher\":{\"@id\":\"https:\/\/kapitalis.com\/tunisie\/#organization\"},\"potentialAction\":[{\"@type\":\"SearchAction\",\"target\":{\"@type\":\"EntryPoint\",\"urlTemplate\":\"https:\/\/kapitalis.com\/tunisie\/?s={search_term_string}\"},\"query-input\":{\"@type\":\"PropertyValueSpecification\",\"valueRequired\":true,\"valueName\":\"search_term_string\"}}],\"inLanguage\":\"fr-FR\"},{\"@type\":\"Organization\",\"@id\":\"https:\/\/kapitalis.com\/tunisie\/#organization\",\"name\":\"Kapitalis\",\"url\":\"https:\/\/kapitalis.com\/tunisie\/\",\"logo\":{\"@type\":\"ImageObject\",\"inLanguage\":\"fr-FR\",\"@id\":\"https:\/\/kapitalis.com\/tunisie\/#\/schema\/logo\/image\/\",\"url\":\"https:\/\/kapitalis.com\/tunisie\/wp-content\/uploads\/2022\/05\/Kapitalis-big-size.png\",\"contentUrl\":\"https:\/\/kapitalis.com\/tunisie\/wp-content\/uploads\/2022\/05\/Kapitalis-big-size.png\",\"width\":5000,\"height\":1500,\"caption\":\"Kapitalis\"},\"image\":{\"@id\":\"https:\/\/kapitalis.com\/tunisie\/#\/schema\/logo\/image\/\"},\"sameAs\":[\"https:\/\/www.facebook.com\/KapitalisInfo\/\",\"https:\/\/x.com\/KapitalisInfo\",\"https:\/\/www.youtube.com\/channel\/UC-yDYrHyfFBWWZaOw3FPg9Q\"]},{\"@type\":\"Person\",\"@id\":\"https:\/\/kapitalis.com\/tunisie\/#\/schema\/person\/d71f33a9ca44f7bad4698210b480c8e9\",\"name\":\"webmaster kapitalis\",\"url\":\"https:\/\/kapitalis.com\/tunisie\/author\/webmaster-kapitalis\/\"}]}<\/script>\n<!-- \/ Yoast SEO plugin. -->","yoast_head_json":{"title":"D\u00e9c\u00e8s du roi Michel 1er : Livre de condol\u00e9ances \u00e0 l\u2019ambassade de Roumanie - Kapitalis","robots":{"index":"index","follow":"follow","max-snippet":"max-snippet:-1","max-image-preview":"max-image-preview:large","max-video-preview":"max-video-preview:-1"},"canonical":"https:\/\/kapitalis.com\/tunisie\/2017\/12\/12\/deces-du-roi-michel-1er-livre-de-condoleances-a-lambassade-de-roumanie\/","og_locale":"fr_FR","og_type":"article","og_title":"D\u00e9c\u00e8s du roi Michel 1er : Livre de condol\u00e9ances \u00e0 l\u2019ambassade de Roumanie - Kapitalis","og_description":"L\u2019ambassade de Roumanie en Tunisie annonce qu\u2019un livre de condol\u00e9ances sera ouvert suite au d\u00e9c\u00e8s de sa Majest\u00e9, le roi Michel 1er, le 5 d\u00e9cembre 2017.","og_url":"https:\/\/kapitalis.com\/tunisie\/2017\/12\/12\/deces-du-roi-michel-1er-livre-de-condoleances-a-lambassade-de-roumanie\/","og_site_name":"Kapitalis","article_publisher":"https:\/\/www.facebook.com\/KapitalisInfo\/","article_published_time":"2017-12-12T07:36:37+00:00","og_image":[{"width":1200,"height":630,"url":"https:\/\/kapitalis.com\/tunisie\/wp-content\/uploads\/2022\/05\/kapitalis-logo-fb.png","type":"image\/png"}],"author":"webmaster kapitalis","twitter_card":"summary_large_image","twitter_creator":"@KapitalisInfo","twitter_site":"@KapitalisInfo","twitter_misc":{"\u00c9crit par":"webmaster kapitalis","Dur\u00e9e de lecture estim\u00e9e":"3 minutes"},"schema":{"@context":"https:\/\/schema.org","@graph":[{"@type":"Article","@id":"https:\/\/kapitalis.com\/tunisie\/2017\/12\/12\/deces-du-roi-michel-1er-livre-de-condoleances-a-lambassade-de-roumanie\/#article","isPartOf":{"@id":"https:\/\/kapitalis.com\/tunisie\/2017\/12\/12\/deces-du-roi-michel-1er-livre-de-condoleances-a-lambassade-de-roumanie\/"},"author":{"name":"webmaster kapitalis","@id":"https:\/\/kapitalis.com\/tunisie\/#\/schema\/person\/d71f33a9ca44f7bad4698210b480c8e9"},"headline":"D\u00e9c\u00e8s du roi Michel 1er : Livre de condol\u00e9ances \u00e0 l\u2019ambassade de Roumanie","datePublished":"2017-12-12T07:36:37+00:00","mainEntityOfPage":{"@id":"https:\/\/kapitalis.com\/tunisie\/2017\/12\/12\/deces-du-roi-michel-1er-livre-de-condoleances-a-lambassade-de-roumanie\/"},"wordCount":591,"commentCount":0,"publisher":{"@id":"https:\/\/kapitalis.com\/tunisie\/#organization"},"image":{"@id":"https:\/\/kapitalis.com\/tunisie\/2017\/12\/12\/deces-du-roi-michel-1er-livre-de-condoleances-a-lambassade-de-roumanie\/#primaryimage"},"thumbnailUrl":"","keywords":["Roumanie"],"articleSection":["POLITIQUE","Tunisie"],"inLanguage":"fr-FR","potentialAction":[{"@type":"CommentAction","name":"Comment","target":["https:\/\/kapitalis.com\/tunisie\/2017\/12\/12\/deces-du-roi-michel-1er-livre-de-condoleances-a-lambassade-de-roumanie\/#respond"]}]},{"@type":"WebPage","@id":"https:\/\/kapitalis.com\/tunisie\/2017\/12\/12\/deces-du-roi-michel-1er-livre-de-condoleances-a-lambassade-de-roumanie\/","url":"https:\/\/kapitalis.com\/tunisie\/2017\/12\/12\/deces-du-roi-michel-1er-livre-de-condoleances-a-lambassade-de-roumanie\/","name":"D\u00e9c\u00e8s du roi Michel 1er : Livre de condol\u00e9ances \u00e0 l\u2019ambassade de Roumanie - Kapitalis","isPartOf":{"@id":"https:\/\/kapitalis.com\/tunisie\/#website"},"primaryImageOfPage":{"@id":"https:\/\/kapitalis.com\/tunisie\/2017\/12\/12\/deces-du-roi-michel-1er-livre-de-condoleances-a-lambassade-de-roumanie\/#primaryimage"},"image":{"@id":"https:\/\/kapitalis.com\/tunisie\/2017\/12\/12\/deces-du-roi-michel-1er-livre-de-condoleances-a-lambassade-de-roumanie\/#primaryimage"},"thumbnailUrl":"","datePublished":"2017-12-12T07:36:37+00:00","breadcrumb":{"@id":"https:\/\/kapitalis.com\/tunisie\/2017\/12\/12\/deces-du-roi-michel-1er-livre-de-condoleances-a-lambassade-de-roumanie\/#breadcrumb"},"inLanguage":"fr-FR","potentialAction":[{"@type":"ReadAction","target":["https:\/\/kapitalis.com\/tunisie\/2017\/12\/12\/deces-du-roi-michel-1er-livre-de-condoleances-a-lambassade-de-roumanie\/"]}]},{"@type":"ImageObject","inLanguage":"fr-FR","@id":"https:\/\/kapitalis.com\/tunisie\/2017\/12\/12\/deces-du-roi-michel-1er-livre-de-condoleances-a-lambassade-de-roumanie\/#primaryimage","url":"","contentUrl":""},{"@type":"BreadcrumbList","@id":"https:\/\/kapitalis.com\/tunisie\/2017\/12\/12\/deces-du-roi-michel-1er-livre-de-condoleances-a-lambassade-de-roumanie\/#breadcrumb","itemListElement":[{"@type":"ListItem","position":1,"name":"Accueil","item":"https:\/\/kapitalis.com\/tunisie\/"},{"@type":"ListItem","position":2,"name":"D\u00e9c\u00e8s du roi Michel 1er : Livre de condol\u00e9ances \u00e0 l\u2019ambassade de Roumanie"}]},{"@type":"WebSite","@id":"https:\/\/kapitalis.com\/tunisie\/#website","url":"https:\/\/kapitalis.com\/tunisie\/","name":"Kapitalis","description":"L&#039;actualit\u00e9 en Tunisie et dans le monde","publisher":{"@id":"https:\/\/kapitalis.com\/tunisie\/#organization"},"potentialAction":[{"@type":"SearchAction","target":{"@type":"EntryPoint","urlTemplate":"https:\/\/kapitalis.com\/tunisie\/?s={search_term_string}"},"query-input":{"@type":"PropertyValueSpecification","valueRequired":true,"valueName":"search_term_string"}}],"inLanguage":"fr-FR"},{"@type":"Organization","@id":"https:\/\/kapitalis.com\/tunisie\/#organization","name":"Kapitalis","url":"https:\/\/kapitalis.com\/tunisie\/","logo":{"@type":"ImageObject","inLanguage":"fr-FR","@id":"https:\/\/kapitalis.com\/tunisie\/#\/schema\/logo\/image\/","url":"https:\/\/kapitalis.com\/tunisie\/wp-content\/uploads\/2022\/05\/Kapitalis-big-size.png","contentUrl":"https:\/\/kapitalis.com\/tunisie\/wp-content\/uploads\/2022\/05\/Kapitalis-big-size.png","width":5000,"height":1500,"caption":"Kapitalis"},"image":{"@id":"https:\/\/kapitalis.com\/tunisie\/#\/schema\/logo\/image\/"},"sameAs":["https:\/\/www.facebook.com\/KapitalisInfo\/","https:\/\/x.com\/KapitalisInfo","https:\/\/www.youtube.com\/channel\/UC-yDYrHyfFBWWZaOw3FPg9Q"]},{"@type":"Person","@id":"https:\/\/kapitalis.com\/tunisie\/#\/schema\/person\/d71f33a9ca44f7bad4698210b480c8e9","name":"webmaster kapitalis","url":"https:\/\/kapitalis.com\/tunisie\/author\/webmaster-kapitalis\/"}]}},"_links":{"self":[{"href":"https:\/\/kapitalis.com\/tunisie\/wp-json\/wp\/v2\/posts\/127734","targetHints":{"allow":["GET"]}}],"collection":[{"href":"https:\/\/kapitalis.com\/tunisie\/wp-json\/wp\/v2\/posts"}],"about":[{"href":"https:\/\/kapitalis.com\/tunisie\/wp-json\/wp\/v2\/types\/post"}],"author":[{"embeddable":true,"href":"https:\/\/kapitalis.com\/tunisie\/wp-json\/wp\/v2\/users\/8"}],"replies":[{"embeddable":true,"href":"https:\/\/kapitalis.com\/tunisie\/wp-json\/wp\/v2\/comments?post=127734"}],"version-history":[{"count":0,"href":"https:\/\/kapitalis.com\/tunisie\/wp-json\/wp\/v2\/posts\/127734\/revisions"}],"wp:featuredmedia":[{"embeddable":true,"href":"https:\/\/kapitalis.com\/tunisie\/wp-json\/wp\/v2\/media\/127735"}],"wp:attachment":[{"href":"https:\/\/kapitalis.com\/tunisie\/wp-json\/wp\/v2\/media?parent=127734"}],"wp:term":[{"taxonomy":"category","embeddable":true,"href":"https:\/\/kapitalis.com\/tunisie\/wp-json\/wp\/v2\/categories?post=127734"},{"taxonomy":"post_tag","embeddable":true,"href":"https:\/\/kapitalis.com\/tunisie\/wp-json\/wp\/v2\/tags?post=127734"}],"curies":[{"name":"wp","href":"https:\/\/api.w.org\/{rel}","templated":true}]}}