{"id":12797163,"date":"2024-05-12T12:52:46","date_gmt":"2024-05-12T11:52:46","guid":{"rendered":"https:\/\/kapitalis.com\/tunisie\/?p=12797163"},"modified":"2024-05-12T12:52:48","modified_gmt":"2024-05-12T11:52:48","slug":"detention-de-dahmani-bsaies-et-zeghidi-explications-de-la-justice","status":"publish","type":"post","link":"https:\/\/kapitalis.com\/tunisie\/2024\/05\/12\/detention-de-dahmani-bsaies-et-zeghidi-explications-de-la-justice\/","title":{"rendered":"D\u00e9tention de Dahmani, Bsaies et Zeghidi\u00a0: explications de la justice \u00a0"},"content":{"rendered":"\n<p><strong><em>Le mandat d\u2019arr\u00eat \u00e9mis par le premier juge d\u2019instruction du tribunal de premi\u00e8re instance de Tunis contre <a href=\"https:\/\/kapitalis.com\/tunisie\/2024\/05\/12\/tunisie-medias-sonia-dahmani-dans-la-fosse-aux-lions\/\" target=\"_blank\" rel=\"noreferrer noopener\">Sonia Dahmani <\/a>a \u00e9t\u00e9 ex\u00e9cut\u00e9 samedi soir, 11 mai 2024, a indiqu\u00e9 le porte-parole du tribunal de premi\u00e8re instance de Tunis, Mohamed Zitouna.<\/em><\/strong><\/p>\n\n\n\n<!--more-->\n\n\n\n<p>Dans une d\u00e9claration \u00e0 l\u2019agence Tap, Zitouna a ajout\u00e9 que <em>\u00able minist\u00e8re public tient \u00e0 pr\u00e9ciser que les agents (des forces de l\u2019ordre) charg\u00e9s de l\u2019ex\u00e9cution du mandat d\u2019arr\u00eat l\u2019ont fait dans un esprit de bonne application de la loi et d\u2019efficacit\u00e9 de l\u2019enqu\u00eate en cours\u00bb<\/em>, a-t-il d\u00e9clar\u00e9, soulignant que <em>\u00abtoutes les proc\u00e9dures l\u00e9gales ont \u00e9t\u00e9 respect\u00e9es\u00bb<\/em>.<\/p>\n\n\n\n<p>L\u2019avocate Sonia Dahmani ayant \u00e9t\u00e9 emmen\u00e9e lors d\u2019un sit-in \u00e0 La Maison de l\u2019avocat, \u00e0 Tunis, Zitouna a tenu \u00e0 souligner qu\u2019elle \u00e9tait <em>\u00aben fuite\u00bb<\/em> et que l\u2019affaire contre elle n\u2019avait rien \u00e0 voir avec son travail d\u2019avocat. <\/p>\n\n\n\n<p>Par ailleurs, Zitouna a expliqu\u00e9 que Borhen Bsaies et Mourad Zeghidi font actuellement l\u2019objet d\u2019une enqu\u00eate sous la supervision du procureur de la r\u00e9publique pr\u00e8s le tribunal de premi\u00e8re instance de Tunis. Les r\u00e9sultats des investigations et des d\u00e9veloppements seront communiqu\u00e9s ult\u00e9rieurement.<\/p>\n\n\n\n<p><em>D&rsquo;apr\u00e8s Tap.<\/em><\/p>\n\n\n\n<figure class=\"wp-block-embed is-type-wp-embed is-provider-kapitalis wp-block-embed-kapitalis\"><div class=\"wp-block-embed__wrapper\">\n<blockquote class=\"wp-embedded-content\" data-secret=\"t7tCZ28gSz\"><a href=\"https:\/\/kapitalis.com\/tunisie\/2024\/05\/12\/me-mrabet-zeghidi-et-bsaies-entendus-lundi-par-le-juge\/\">Me Mrabet\u00a0: \u00abZeghidi et Bsaies entendus lundi par le juge\u00bb<\/a><\/blockquote><iframe loading=\"lazy\" class=\"wp-embedded-content\" sandbox=\"allow-scripts\" security=\"restricted\" style=\"position: absolute; clip: rect(1px, 1px, 1px, 1px);\" title=\"\u00ab\u00a0Me Mrabet\u00a0: \u00abZeghidi et Bsaies entendus lundi par le juge\u00bb\u00a0\u00bb &#8212; Kapitalis\" src=\"https:\/\/kapitalis.com\/tunisie\/2024\/05\/12\/me-mrabet-zeghidi-et-bsaies-entendus-lundi-par-le-juge\/embed\/#?secret=pOQ5gcLCCM#?secret=t7tCZ28gSz\" data-secret=\"t7tCZ28gSz\" width=\"600\" height=\"338\" frameborder=\"0\" marginwidth=\"0\" marginheight=\"0\" scrolling=\"no\"><\/iframe>\n<\/div><\/figure>\n","protected":false},"excerpt":{"rendered":"<p>Le porte-parole du tribunal de premi\u00e8re instance de Tunis explique la d\u00e9tention de Dahmani, Zeghidi et Bsaies. <\/p>\n","protected":false},"author":8,"featured_media":12797558,"comment_status":"open","ping_status":"open","sticky":false,"template":"","format":"standard","meta":{"footnotes":""},"categories":[996,997,2433],"tags":[113222,115221,99952,77916],"class_list":["post-12797163","post","type-post","status-publish","format-standard","has-post-thumbnail","hentry","category-media","category-politique","category-tunisie","tag-borhen-bsaies-2","tag-mohamed-zitouna","tag-mourad-zeghidi","tag-sonia-dahmani"],"yoast_head":"<!-- This site is optimized with the Yoast SEO plugin v26.6 - https:\/\/yoast.com\/wordpress\/plugins\/seo\/ -->\n<title>D\u00e9tention de Dahmani, Bsaies et Zeghidi\u00a0: explications de la justice \u00a0 - Kapitalis<\/title>\n<meta name=\"robots\" content=\"index, follow, max-snippet:-1, max-image-preview:large, max-video-preview:-1\" \/>\n<link rel=\"canonical\" href=\"https:\/\/kapitalis.com\/tunisie\/2024\/05\/12\/detention-de-dahmani-bsaies-et-zeghidi-explications-de-la-justice\/\" \/>\n<meta property=\"og:locale\" content=\"fr_FR\" \/>\n<meta property=\"og:type\" content=\"article\" \/>\n<meta property=\"og:title\" content=\"D\u00e9tention de Dahmani, Bsaies et Zeghidi\u00a0: explications de la justice \u00a0 - Kapitalis\" \/>\n<meta property=\"og:description\" content=\"Le porte-parole du tribunal de premi\u00e8re instance de Tunis explique la d\u00e9tention de Dahmani, Zeghidi et Bsaies.\" \/>\n<meta property=\"og:url\" content=\"https:\/\/kapitalis.com\/tunisie\/2024\/05\/12\/detention-de-dahmani-bsaies-et-zeghidi-explications-de-la-justice\/\" \/>\n<meta property=\"og:site_name\" content=\"Kapitalis\" \/>\n<meta property=\"article:publisher\" content=\"https:\/\/www.facebook.com\/KapitalisInfo\/\" \/>\n<meta property=\"article:published_time\" content=\"2024-05-12T11:52:46+00:00\" \/>\n<meta property=\"article:modified_time\" content=\"2024-05-12T11:52:48+00:00\" \/>\n<meta property=\"og:image\" content=\"https:\/\/kapitalis.com\/tunisie\/wp-content\/uploads\/2024\/05\/Bsaies-Zeghidi-Dahmani.jpg\" \/>\n\t<meta property=\"og:image:width\" content=\"1200\" \/>\n\t<meta property=\"og:image:height\" content=\"630\" \/>\n\t<meta property=\"og:image:type\" content=\"image\/jpeg\" \/>\n<meta name=\"author\" content=\"webmaster kapitalis\" \/>\n<meta name=\"twitter:card\" content=\"summary_large_image\" \/>\n<meta name=\"twitter:creator\" content=\"@KapitalisInfo\" \/>\n<meta name=\"twitter:site\" content=\"@KapitalisInfo\" \/>\n<meta name=\"twitter:label1\" content=\"\u00c9crit par\" \/>\n\t<meta name=\"twitter:data1\" content=\"webmaster kapitalis\" \/>\n\t<meta name=\"twitter:label2\" content=\"Dur\u00e9e de lecture estim\u00e9e\" \/>\n\t<meta name=\"twitter:data2\" content=\"2 minutes\" \/>\n<script type=\"application\/ld+json\" class=\"yoast-schema-graph\">{\"@context\":\"https:\/\/schema.org\",\"@graph\":[{\"@type\":\"Article\",\"@id\":\"https:\/\/kapitalis.com\/tunisie\/2024\/05\/12\/detention-de-dahmani-bsaies-et-zeghidi-explications-de-la-justice\/#article\",\"isPartOf\":{\"@id\":\"https:\/\/kapitalis.com\/tunisie\/2024\/05\/12\/detention-de-dahmani-bsaies-et-zeghidi-explications-de-la-justice\/\"},\"author\":{\"name\":\"webmaster kapitalis\",\"@id\":\"https:\/\/kapitalis.com\/tunisie\/#\/schema\/person\/d71f33a9ca44f7bad4698210b480c8e9\"},\"headline\":\"D\u00e9tention de Dahmani, Bsaies et Zeghidi\u00a0: explications de la justice \u00a0\",\"datePublished\":\"2024-05-12T11:52:46+00:00\",\"dateModified\":\"2024-05-12T11:52:48+00:00\",\"mainEntityOfPage\":{\"@id\":\"https:\/\/kapitalis.com\/tunisie\/2024\/05\/12\/detention-de-dahmani-bsaies-et-zeghidi-explications-de-la-justice\/\"},\"wordCount\":230,\"commentCount\":2,\"publisher\":{\"@id\":\"https:\/\/kapitalis.com\/tunisie\/#organization\"},\"image\":{\"@id\":\"https:\/\/kapitalis.com\/tunisie\/2024\/05\/12\/detention-de-dahmani-bsaies-et-zeghidi-explications-de-la-justice\/#primaryimage\"},\"thumbnailUrl\":\"https:\/\/kapitalis.com\/tunisie\/wp-content\/uploads\/2024\/05\/Bsaies-Zeghidi-Dahmani.jpg\",\"keywords\":[\"Borhen Bsaies\",\"Mohamed Zitouna\",\"Mourad Zeghidi\",\"sonia dahmani\"],\"articleSection\":[\"MEDIA\",\"POLITIQUE\",\"Tunisie\"],\"inLanguage\":\"fr-FR\",\"potentialAction\":[{\"@type\":\"CommentAction\",\"name\":\"Comment\",\"target\":[\"https:\/\/kapitalis.com\/tunisie\/2024\/05\/12\/detention-de-dahmani-bsaies-et-zeghidi-explications-de-la-justice\/#respond\"]}]},{\"@type\":\"WebPage\",\"@id\":\"https:\/\/kapitalis.com\/tunisie\/2024\/05\/12\/detention-de-dahmani-bsaies-et-zeghidi-explications-de-la-justice\/\",\"url\":\"https:\/\/kapitalis.com\/tunisie\/2024\/05\/12\/detention-de-dahmani-bsaies-et-zeghidi-explications-de-la-justice\/\",\"name\":\"D\u00e9tention de Dahmani, Bsaies et Zeghidi\u00a0: explications de la justice \u00a0 - Kapitalis\",\"isPartOf\":{\"@id\":\"https:\/\/kapitalis.com\/tunisie\/#website\"},\"primaryImageOfPage\":{\"@id\":\"https:\/\/kapitalis.com\/tunisie\/2024\/05\/12\/detention-de-dahmani-bsaies-et-zeghidi-explications-de-la-justice\/#primaryimage\"},\"image\":{\"@id\":\"https:\/\/kapitalis.com\/tunisie\/2024\/05\/12\/detention-de-dahmani-bsaies-et-zeghidi-explications-de-la-justice\/#primaryimage\"},\"thumbnailUrl\":\"https:\/\/kapitalis.com\/tunisie\/wp-content\/uploads\/2024\/05\/Bsaies-Zeghidi-Dahmani.jpg\",\"datePublished\":\"2024-05-12T11:52:46+00:00\",\"dateModified\":\"2024-05-12T11:52:48+00:00\",\"breadcrumb\":{\"@id\":\"https:\/\/kapitalis.com\/tunisie\/2024\/05\/12\/detention-de-dahmani-bsaies-et-zeghidi-explications-de-la-justice\/#breadcrumb\"},\"inLanguage\":\"fr-FR\",\"potentialAction\":[{\"@type\":\"ReadAction\",\"target\":[\"https:\/\/kapitalis.com\/tunisie\/2024\/05\/12\/detention-de-dahmani-bsaies-et-zeghidi-explications-de-la-justice\/\"]}]},{\"@type\":\"ImageObject\",\"inLanguage\":\"fr-FR\",\"@id\":\"https:\/\/kapitalis.com\/tunisie\/2024\/05\/12\/detention-de-dahmani-bsaies-et-zeghidi-explications-de-la-justice\/#primaryimage\",\"url\":\"https:\/\/kapitalis.com\/tunisie\/wp-content\/uploads\/2024\/05\/Bsaies-Zeghidi-Dahmani.jpg\",\"contentUrl\":\"https:\/\/kapitalis.com\/tunisie\/wp-content\/uploads\/2024\/05\/Bsaies-Zeghidi-Dahmani.jpg\",\"width\":1200,\"height\":630},{\"@type\":\"BreadcrumbList\",\"@id\":\"https:\/\/kapitalis.com\/tunisie\/2024\/05\/12\/detention-de-dahmani-bsaies-et-zeghidi-explications-de-la-justice\/#breadcrumb\",\"itemListElement\":[{\"@type\":\"ListItem\",\"position\":1,\"name\":\"Accueil\",\"item\":\"https:\/\/kapitalis.com\/tunisie\/\"},{\"@type\":\"ListItem\",\"position\":2,\"name\":\"D\u00e9tention de Dahmani, Bsaies et Zeghidi\u00a0: explications de la justice \u00a0\"}]},{\"@type\":\"WebSite\",\"@id\":\"https:\/\/kapitalis.com\/tunisie\/#website\",\"url\":\"https:\/\/kapitalis.com\/tunisie\/\",\"name\":\"Kapitalis\",\"description\":\"L&#039;actualit\u00e9 en Tunisie et dans le monde\",\"publisher\":{\"@id\":\"https:\/\/kapitalis.com\/tunisie\/#organization\"},\"potentialAction\":[{\"@type\":\"SearchAction\",\"target\":{\"@type\":\"EntryPoint\",\"urlTemplate\":\"https:\/\/kapitalis.com\/tunisie\/?s={search_term_string}\"},\"query-input\":{\"@type\":\"PropertyValueSpecification\",\"valueRequired\":true,\"valueName\":\"search_term_string\"}}],\"inLanguage\":\"fr-FR\"},{\"@type\":\"Organization\",\"@id\":\"https:\/\/kapitalis.com\/tunisie\/#organization\",\"name\":\"Kapitalis\",\"url\":\"https:\/\/kapitalis.com\/tunisie\/\",\"logo\":{\"@type\":\"ImageObject\",\"inLanguage\":\"fr-FR\",\"@id\":\"https:\/\/kapitalis.com\/tunisie\/#\/schema\/logo\/image\/\",\"url\":\"https:\/\/kapitalis.com\/tunisie\/wp-content\/uploads\/2022\/05\/Kapitalis-big-size.png\",\"contentUrl\":\"https:\/\/kapitalis.com\/tunisie\/wp-content\/uploads\/2022\/05\/Kapitalis-big-size.png\",\"width\":5000,\"height\":1500,\"caption\":\"Kapitalis\"},\"image\":{\"@id\":\"https:\/\/kapitalis.com\/tunisie\/#\/schema\/logo\/image\/\"},\"sameAs\":[\"https:\/\/www.facebook.com\/KapitalisInfo\/\",\"https:\/\/x.com\/KapitalisInfo\",\"https:\/\/www.youtube.com\/channel\/UC-yDYrHyfFBWWZaOw3FPg9Q\"]},{\"@type\":\"Person\",\"@id\":\"https:\/\/kapitalis.com\/tunisie\/#\/schema\/person\/d71f33a9ca44f7bad4698210b480c8e9\",\"name\":\"webmaster kapitalis\",\"url\":\"https:\/\/kapitalis.com\/tunisie\/author\/webmaster-kapitalis\/\"}]}<\/script>\n<!-- \/ Yoast SEO plugin. -->","yoast_head_json":{"title":"D\u00e9tention de Dahmani, Bsaies et Zeghidi\u00a0: explications de la justice \u00a0 - Kapitalis","robots":{"index":"index","follow":"follow","max-snippet":"max-snippet:-1","max-image-preview":"max-image-preview:large","max-video-preview":"max-video-preview:-1"},"canonical":"https:\/\/kapitalis.com\/tunisie\/2024\/05\/12\/detention-de-dahmani-bsaies-et-zeghidi-explications-de-la-justice\/","og_locale":"fr_FR","og_type":"article","og_title":"D\u00e9tention de Dahmani, Bsaies et Zeghidi\u00a0: explications de la justice \u00a0 - Kapitalis","og_description":"Le porte-parole du tribunal de premi\u00e8re instance de Tunis explique la d\u00e9tention de Dahmani, Zeghidi et Bsaies.","og_url":"https:\/\/kapitalis.com\/tunisie\/2024\/05\/12\/detention-de-dahmani-bsaies-et-zeghidi-explications-de-la-justice\/","og_site_name":"Kapitalis","article_publisher":"https:\/\/www.facebook.com\/KapitalisInfo\/","article_published_time":"2024-05-12T11:52:46+00:00","article_modified_time":"2024-05-12T11:52:48+00:00","og_image":[{"width":1200,"height":630,"url":"https:\/\/kapitalis.com\/tunisie\/wp-content\/uploads\/2024\/05\/Bsaies-Zeghidi-Dahmani.jpg","type":"image\/jpeg"}],"author":"webmaster kapitalis","twitter_card":"summary_large_image","twitter_creator":"@KapitalisInfo","twitter_site":"@KapitalisInfo","twitter_misc":{"\u00c9crit par":"webmaster kapitalis","Dur\u00e9e de lecture estim\u00e9e":"2 minutes"},"schema":{"@context":"https:\/\/schema.org","@graph":[{"@type":"Article","@id":"https:\/\/kapitalis.com\/tunisie\/2024\/05\/12\/detention-de-dahmani-bsaies-et-zeghidi-explications-de-la-justice\/#article","isPartOf":{"@id":"https:\/\/kapitalis.com\/tunisie\/2024\/05\/12\/detention-de-dahmani-bsaies-et-zeghidi-explications-de-la-justice\/"},"author":{"name":"webmaster kapitalis","@id":"https:\/\/kapitalis.com\/tunisie\/#\/schema\/person\/d71f33a9ca44f7bad4698210b480c8e9"},"headline":"D\u00e9tention de Dahmani, Bsaies et Zeghidi\u00a0: explications de la justice \u00a0","datePublished":"2024-05-12T11:52:46+00:00","dateModified":"2024-05-12T11:52:48+00:00","mainEntityOfPage":{"@id":"https:\/\/kapitalis.com\/tunisie\/2024\/05\/12\/detention-de-dahmani-bsaies-et-zeghidi-explications-de-la-justice\/"},"wordCount":230,"commentCount":2,"publisher":{"@id":"https:\/\/kapitalis.com\/tunisie\/#organization"},"image":{"@id":"https:\/\/kapitalis.com\/tunisie\/2024\/05\/12\/detention-de-dahmani-bsaies-et-zeghidi-explications-de-la-justice\/#primaryimage"},"thumbnailUrl":"https:\/\/kapitalis.com\/tunisie\/wp-content\/uploads\/2024\/05\/Bsaies-Zeghidi-Dahmani.jpg","keywords":["Borhen Bsaies","Mohamed Zitouna","Mourad Zeghidi","sonia dahmani"],"articleSection":["MEDIA","POLITIQUE","Tunisie"],"inLanguage":"fr-FR","potentialAction":[{"@type":"CommentAction","name":"Comment","target":["https:\/\/kapitalis.com\/tunisie\/2024\/05\/12\/detention-de-dahmani-bsaies-et-zeghidi-explications-de-la-justice\/#respond"]}]},{"@type":"WebPage","@id":"https:\/\/kapitalis.com\/tunisie\/2024\/05\/12\/detention-de-dahmani-bsaies-et-zeghidi-explications-de-la-justice\/","url":"https:\/\/kapitalis.com\/tunisie\/2024\/05\/12\/detention-de-dahmani-bsaies-et-zeghidi-explications-de-la-justice\/","name":"D\u00e9tention de Dahmani, Bsaies et Zeghidi\u00a0: explications de la justice \u00a0 - Kapitalis","isPartOf":{"@id":"https:\/\/kapitalis.com\/tunisie\/#website"},"primaryImageOfPage":{"@id":"https:\/\/kapitalis.com\/tunisie\/2024\/05\/12\/detention-de-dahmani-bsaies-et-zeghidi-explications-de-la-justice\/#primaryimage"},"image":{"@id":"https:\/\/kapitalis.com\/tunisie\/2024\/05\/12\/detention-de-dahmani-bsaies-et-zeghidi-explications-de-la-justice\/#primaryimage"},"thumbnailUrl":"https:\/\/kapitalis.com\/tunisie\/wp-content\/uploads\/2024\/05\/Bsaies-Zeghidi-Dahmani.jpg","datePublished":"2024-05-12T11:52:46+00:00","dateModified":"2024-05-12T11:52:48+00:00","breadcrumb":{"@id":"https:\/\/kapitalis.com\/tunisie\/2024\/05\/12\/detention-de-dahmani-bsaies-et-zeghidi-explications-de-la-justice\/#breadcrumb"},"inLanguage":"fr-FR","potentialAction":[{"@type":"ReadAction","target":["https:\/\/kapitalis.com\/tunisie\/2024\/05\/12\/detention-de-dahmani-bsaies-et-zeghidi-explications-de-la-justice\/"]}]},{"@type":"ImageObject","inLanguage":"fr-FR","@id":"https:\/\/kapitalis.com\/tunisie\/2024\/05\/12\/detention-de-dahmani-bsaies-et-zeghidi-explications-de-la-justice\/#primaryimage","url":"https:\/\/kapitalis.com\/tunisie\/wp-content\/uploads\/2024\/05\/Bsaies-Zeghidi-Dahmani.jpg","contentUrl":"https:\/\/kapitalis.com\/tunisie\/wp-content\/uploads\/2024\/05\/Bsaies-Zeghidi-Dahmani.jpg","width":1200,"height":630},{"@type":"BreadcrumbList","@id":"https:\/\/kapitalis.com\/tunisie\/2024\/05\/12\/detention-de-dahmani-bsaies-et-zeghidi-explications-de-la-justice\/#breadcrumb","itemListElement":[{"@type":"ListItem","position":1,"name":"Accueil","item":"https:\/\/kapitalis.com\/tunisie\/"},{"@type":"ListItem","position":2,"name":"D\u00e9tention de Dahmani, Bsaies et Zeghidi\u00a0: explications de la justice \u00a0"}]},{"@type":"WebSite","@id":"https:\/\/kapitalis.com\/tunisie\/#website","url":"https:\/\/kapitalis.com\/tunisie\/","name":"Kapitalis","description":"L&#039;actualit\u00e9 en Tunisie et dans le monde","publisher":{"@id":"https:\/\/kapitalis.com\/tunisie\/#organization"},"potentialAction":[{"@type":"SearchAction","target":{"@type":"EntryPoint","urlTemplate":"https:\/\/kapitalis.com\/tunisie\/?s={search_term_string}"},"query-input":{"@type":"PropertyValueSpecification","valueRequired":true,"valueName":"search_term_string"}}],"inLanguage":"fr-FR"},{"@type":"Organization","@id":"https:\/\/kapitalis.com\/tunisie\/#organization","name":"Kapitalis","url":"https:\/\/kapitalis.com\/tunisie\/","logo":{"@type":"ImageObject","inLanguage":"fr-FR","@id":"https:\/\/kapitalis.com\/tunisie\/#\/schema\/logo\/image\/","url":"https:\/\/kapitalis.com\/tunisie\/wp-content\/uploads\/2022\/05\/Kapitalis-big-size.png","contentUrl":"https:\/\/kapitalis.com\/tunisie\/wp-content\/uploads\/2022\/05\/Kapitalis-big-size.png","width":5000,"height":1500,"caption":"Kapitalis"},"image":{"@id":"https:\/\/kapitalis.com\/tunisie\/#\/schema\/logo\/image\/"},"sameAs":["https:\/\/www.facebook.com\/KapitalisInfo\/","https:\/\/x.com\/KapitalisInfo","https:\/\/www.youtube.com\/channel\/UC-yDYrHyfFBWWZaOw3FPg9Q"]},{"@type":"Person","@id":"https:\/\/kapitalis.com\/tunisie\/#\/schema\/person\/d71f33a9ca44f7bad4698210b480c8e9","name":"webmaster kapitalis","url":"https:\/\/kapitalis.com\/tunisie\/author\/webmaster-kapitalis\/"}]}},"_links":{"self":[{"href":"https:\/\/kapitalis.com\/tunisie\/wp-json\/wp\/v2\/posts\/12797163","targetHints":{"allow":["GET"]}}],"collection":[{"href":"https:\/\/kapitalis.com\/tunisie\/wp-json\/wp\/v2\/posts"}],"about":[{"href":"https:\/\/kapitalis.com\/tunisie\/wp-json\/wp\/v2\/types\/post"}],"author":[{"embeddable":true,"href":"https:\/\/kapitalis.com\/tunisie\/wp-json\/wp\/v2\/users\/8"}],"replies":[{"embeddable":true,"href":"https:\/\/kapitalis.com\/tunisie\/wp-json\/wp\/v2\/comments?post=12797163"}],"version-history":[{"count":1,"href":"https:\/\/kapitalis.com\/tunisie\/wp-json\/wp\/v2\/posts\/12797163\/revisions"}],"predecessor-version":[{"id":12797581,"href":"https:\/\/kapitalis.com\/tunisie\/wp-json\/wp\/v2\/posts\/12797163\/revisions\/12797581"}],"wp:featuredmedia":[{"embeddable":true,"href":"https:\/\/kapitalis.com\/tunisie\/wp-json\/wp\/v2\/media\/12797558"}],"wp:attachment":[{"href":"https:\/\/kapitalis.com\/tunisie\/wp-json\/wp\/v2\/media?parent=12797163"}],"wp:term":[{"taxonomy":"category","embeddable":true,"href":"https:\/\/kapitalis.com\/tunisie\/wp-json\/wp\/v2\/categories?post=12797163"},{"taxonomy":"post_tag","embeddable":true,"href":"https:\/\/kapitalis.com\/tunisie\/wp-json\/wp\/v2\/tags?post=12797163"}],"curies":[{"name":"wp","href":"https:\/\/api.w.org\/{rel}","templated":true}]}}