{"id":12810377,"date":"2024-05-13T09:01:02","date_gmt":"2024-05-13T08:01:02","guid":{"rendered":"https:\/\/kapitalis.com\/tunisie\/?p=12810377"},"modified":"2024-05-13T09:01:31","modified_gmt":"2024-05-13T08:01:31","slug":"inquietude-des-correspondants-des-medias-etrangers-en-tunisie","status":"publish","type":"post","link":"https:\/\/kapitalis.com\/tunisie\/2024\/05\/13\/inquietude-des-correspondants-des-medias-etrangers-en-tunisie\/","title":{"rendered":"Inqui\u00e9tude des correspondants des m\u00e9dias \u00e9trangers en Tunisie"},"content":{"rendered":"\n<p><strong><em>Nous reproduisons ci-dessous le communiqu\u00e9 publi\u00e9 par le <a href=\"https:\/\/northafricacorrespondents.org\/fr\/slider\/trainings\/\">Club des correspondants \u00e9trangers en Afrique du nord (NAFCC)<\/a> qui \u00abcondamne fermement\u00bb le traitement subi par l\u2019\u00e9quipe de France 24, samedi 11 mai \u00a02024, lors de l\u2019op\u00e9ration polici\u00e8re \u00e0 la Maison de l\u2019Avocat, si\u00e8ge de l\u2019Ordre national des avocats, \u00e0 Bab Bnet, \u00e0 Tunis.<\/em><\/strong><\/p>\n\n\n\n<!--more-->\n\n\n\n<p>Une trentaine d\u2019hommes en civil et cagoul\u00e9s sont entr\u00e9s, sans se pr\u00e9senter, dans le b\u00e2timent. Ils ont saisi l\u2019avocate et chroniqueuse Sonia Dahmani et l\u2019ont emmen\u00e9e dans une voiture. Nous exprimons toute notre solidarit\u00e9 \u00e0 cette critique notoire du r\u00e9gime.<\/p>\n\n\n\n<p>Une dizaine d\u2019hommes cagoul\u00e9s eux aussi se sont ensuite dirig\u00e9s vers l\u2019\u00e9quipe de France 24 pour saisir la cam\u00e9ra. Face au refus des journalistes de se laisser saisir leur mat\u00e9riel, Hamdi Tlili, le cameraman, a \u00e9t\u00e9 arr\u00eat\u00e9 et frapp\u00e9 pendant son arrestation. La carte m\u00e9moire lui a ensuite \u00e9t\u00e9 r\u00e9clam\u00e9e avec insistance. Une dizaine d\u2019hommes sont ensuite revenus pour saisir la cam\u00e9ra de France 24. Le journaliste reporter d\u2019images Hamdi Tlili a protest\u00e9, expliquant qu\u2019il \u00e9tait journaliste et disposait des autorisations n\u00e9cessaires. Il a \u00e9t\u00e9 frapp\u00e9 et embarqu\u00e9 au poste de police de Gorjani.<\/p>\n\n\n\n<p>Hamdi Tlili a \u00e9t\u00e9 rel\u00e2ch\u00e9 peu apr\u00e8s, gr\u00e2ce notamment \u00e0 l\u2019intervention du Syndicat national des journalistes tunisiens (<a href=\"https:\/\/kapitalis.com\/tunisie\/2024\/05\/13\/tunisie-le-snjt-denonce-de-nouvelles-atteintes-a-la-liberte-de-la-presse\/\" target=\"_blank\" rel=\"noreferrer noopener\">SNJT<\/a>), mais son mat\u00e9riel a \u00e9t\u00e9 cass\u00e9. Cette intervention avait pour but \u00e9vident d&rsquo;effacer toute trace de l\u2019op\u00e9ration polici\u00e8re.<br>Nous rappelons que l\u2019\u00e9quipe \u00e9tait dans un lieu public et rien ne l\u2019emp\u00eachait de tourner. Au moment de l\u2019intervention, elle \u00e9tait d\u2019ailleurs en direct sur France 24 comme l\u2019attestent les images.<\/p>\n\n\n\n<p>Hamdi Tlili travaille depuis 14 ans pour France 24, et dispose de l\u2019autorisation de tournage en r\u00e8gle et d\u2019une carte de presse.<\/p>\n\n\n\n<p>Nous tenons par ce communiqu\u00e9 \u00e0 d\u00e9noncer ces agissements, la m\u00e9thode d\u2019arrestation de Sonia Dahmani comme la violence \u00e0 l\u2019encontre de Hamdi Tlili, qui ont d\u00e9pass\u00e9 le cadre de l\u2019action normale des forces de s\u00e9curit\u00e9.\u00a0<\/p>\n\n\n\n<p>Nous r\u00e9affirmons, une nouvelle fois, l\u2019imp\u00e9rieuse n\u00e9cessit\u00e9 de garantir une presse libre. Nous tenons \u00e0 faire part aussi de notre inqui\u00e9tude concernant les arrestations de nos confr\u00e8res <a href=\"https:\/\/kapitalis.com\/tunisie\/2024\/05\/12\/detention-de-dahmani-bsaies-et-zeghidi-explications-de-la-justice\/\" target=\"_blank\" rel=\"noreferrer noopener\">Mourad Zeghidi et Borhen Bsaies<\/a>.<\/p>\n\n\n\n<p><strong><em>Communiqu\u00e9.<\/em><\/strong><\/p>\n\n\n\n<figure class=\"wp-block-embed is-type-wp-embed is-provider-kapitalis wp-block-embed-kapitalis\"><div class=\"wp-block-embed__wrapper\">\n<blockquote class=\"wp-embedded-content\" data-secret=\"vnwrP7Mkqy\"><a href=\"https:\/\/kapitalis.com\/tunisie\/2024\/05\/13\/tunisie-le-snjt-denonce-de-nouvelles-atteintes-a-la-liberte-de-la-presse\/\">Tunisie\u00a0: le SNJT d\u00e9nonce de nouvelles atteintes \u00e0 la libert\u00e9 de la presse<\/a><\/blockquote><iframe loading=\"lazy\" class=\"wp-embedded-content\" sandbox=\"allow-scripts\" security=\"restricted\" style=\"position: absolute; clip: rect(1px, 1px, 1px, 1px);\" title=\"\u00ab\u00a0Tunisie\u00a0: le SNJT d\u00e9nonce de nouvelles atteintes \u00e0 la libert\u00e9 de la presse\u00a0\u00bb &#8212; Kapitalis\" src=\"https:\/\/kapitalis.com\/tunisie\/2024\/05\/13\/tunisie-le-snjt-denonce-de-nouvelles-atteintes-a-la-liberte-de-la-presse\/embed\/#?secret=VurF7vwXu6#?secret=vnwrP7Mkqy\" data-secret=\"vnwrP7Mkqy\" width=\"600\" height=\"338\" frameborder=\"0\" marginwidth=\"0\" marginheight=\"0\" scrolling=\"no\"><\/iframe>\n<\/div><\/figure>\n","protected":false},"excerpt":{"rendered":"<p>Apr\u00e8s l&rsquo;agression contre les journalistes par les forces de l&rsquo;ordre \u00e0 Tunis, le Club des correspondants \u00e9trangers en Afrique du nord  fait part de son inqui\u00e9tude. <\/p>\n","protected":false},"author":8,"featured_media":12810481,"comment_status":"open","ping_status":"open","sticky":false,"template":"","format":"standard","meta":{"footnotes":""},"categories":[996,997,2433],"tags":[113222,115587,10416,115588,115344,99952,838,77916,62643],"class_list":["post-12810377","post","type-post","status-publish","format-standard","has-post-thumbnail","hentry","category-media","category-politique","category-tunisie","tag-borhen-bsaies-2","tag-correspondants-etrangers","tag-france-24","tag-hamdi-tlili","tag-maison-de-lavocat-3","tag-mourad-zeghidi","tag-snjt","tag-sonia-dahmani","tag-tunisie"],"yoast_head":"<!-- This site is optimized with the Yoast SEO plugin v26.6 - https:\/\/yoast.com\/wordpress\/plugins\/seo\/ -->\n<title>Inqui\u00e9tude des correspondants des m\u00e9dias \u00e9trangers en Tunisie - Kapitalis<\/title>\n<meta name=\"robots\" content=\"index, follow, max-snippet:-1, max-image-preview:large, max-video-preview:-1\" \/>\n<link rel=\"canonical\" href=\"https:\/\/kapitalis.com\/tunisie\/2024\/05\/13\/inquietude-des-correspondants-des-medias-etrangers-en-tunisie\/\" \/>\n<meta property=\"og:locale\" content=\"fr_FR\" \/>\n<meta property=\"og:type\" content=\"article\" \/>\n<meta property=\"og:title\" content=\"Inqui\u00e9tude des correspondants des m\u00e9dias \u00e9trangers en Tunisie - Kapitalis\" \/>\n<meta property=\"og:description\" content=\"Apr\u00e8s l&#039;agression contre les journalistes par les forces de l&#039;ordre \u00e0 Tunis, le Club des correspondants \u00e9trangers en Afrique du nord fait part de son inqui\u00e9tude.\" \/>\n<meta property=\"og:url\" content=\"https:\/\/kapitalis.com\/tunisie\/2024\/05\/13\/inquietude-des-correspondants-des-medias-etrangers-en-tunisie\/\" \/>\n<meta property=\"og:site_name\" content=\"Kapitalis\" \/>\n<meta property=\"article:publisher\" content=\"https:\/\/www.facebook.com\/KapitalisInfo\/\" \/>\n<meta property=\"article:published_time\" content=\"2024-05-13T08:01:02+00:00\" \/>\n<meta property=\"article:modified_time\" content=\"2024-05-13T08:01:31+00:00\" \/>\n<meta property=\"og:image\" content=\"https:\/\/kapitalis.com\/tunisie\/wp-content\/uploads\/2024\/05\/NAFCC.jpg\" \/>\n\t<meta property=\"og:image:width\" content=\"1200\" \/>\n\t<meta property=\"og:image:height\" content=\"630\" \/>\n\t<meta property=\"og:image:type\" content=\"image\/jpeg\" \/>\n<meta name=\"author\" content=\"webmaster kapitalis\" \/>\n<meta name=\"twitter:card\" content=\"summary_large_image\" \/>\n<meta name=\"twitter:creator\" content=\"@KapitalisInfo\" \/>\n<meta name=\"twitter:site\" content=\"@KapitalisInfo\" \/>\n<meta name=\"twitter:label1\" content=\"\u00c9crit par\" \/>\n\t<meta name=\"twitter:data1\" content=\"webmaster kapitalis\" \/>\n\t<meta name=\"twitter:label2\" content=\"Dur\u00e9e de lecture estim\u00e9e\" \/>\n\t<meta name=\"twitter:data2\" content=\"2 minutes\" \/>\n<script type=\"application\/ld+json\" class=\"yoast-schema-graph\">{\"@context\":\"https:\/\/schema.org\",\"@graph\":[{\"@type\":\"Article\",\"@id\":\"https:\/\/kapitalis.com\/tunisie\/2024\/05\/13\/inquietude-des-correspondants-des-medias-etrangers-en-tunisie\/#article\",\"isPartOf\":{\"@id\":\"https:\/\/kapitalis.com\/tunisie\/2024\/05\/13\/inquietude-des-correspondants-des-medias-etrangers-en-tunisie\/\"},\"author\":{\"name\":\"webmaster kapitalis\",\"@id\":\"https:\/\/kapitalis.com\/tunisie\/#\/schema\/person\/d71f33a9ca44f7bad4698210b480c8e9\"},\"headline\":\"Inqui\u00e9tude des correspondants des m\u00e9dias \u00e9trangers en Tunisie\",\"datePublished\":\"2024-05-13T08:01:02+00:00\",\"dateModified\":\"2024-05-13T08:01:31+00:00\",\"mainEntityOfPage\":{\"@id\":\"https:\/\/kapitalis.com\/tunisie\/2024\/05\/13\/inquietude-des-correspondants-des-medias-etrangers-en-tunisie\/\"},\"wordCount\":403,\"commentCount\":1,\"publisher\":{\"@id\":\"https:\/\/kapitalis.com\/tunisie\/#organization\"},\"image\":{\"@id\":\"https:\/\/kapitalis.com\/tunisie\/2024\/05\/13\/inquietude-des-correspondants-des-medias-etrangers-en-tunisie\/#primaryimage\"},\"thumbnailUrl\":\"https:\/\/kapitalis.com\/tunisie\/wp-content\/uploads\/2024\/05\/NAFCC.jpg\",\"keywords\":[\"Borhen Bsaies\",\"correspondants \u00e9trangers\",\"France 24\",\"Hamdi Tlili\",\"Maison de l\u2019avocat\",\"Mourad Zeghidi\",\"SNJT\",\"sonia dahmani\",\"Tunisie\"],\"articleSection\":[\"MEDIA\",\"POLITIQUE\",\"Tunisie\"],\"inLanguage\":\"fr-FR\",\"potentialAction\":[{\"@type\":\"CommentAction\",\"name\":\"Comment\",\"target\":[\"https:\/\/kapitalis.com\/tunisie\/2024\/05\/13\/inquietude-des-correspondants-des-medias-etrangers-en-tunisie\/#respond\"]}]},{\"@type\":\"WebPage\",\"@id\":\"https:\/\/kapitalis.com\/tunisie\/2024\/05\/13\/inquietude-des-correspondants-des-medias-etrangers-en-tunisie\/\",\"url\":\"https:\/\/kapitalis.com\/tunisie\/2024\/05\/13\/inquietude-des-correspondants-des-medias-etrangers-en-tunisie\/\",\"name\":\"Inqui\u00e9tude des correspondants des m\u00e9dias \u00e9trangers en Tunisie - Kapitalis\",\"isPartOf\":{\"@id\":\"https:\/\/kapitalis.com\/tunisie\/#website\"},\"primaryImageOfPage\":{\"@id\":\"https:\/\/kapitalis.com\/tunisie\/2024\/05\/13\/inquietude-des-correspondants-des-medias-etrangers-en-tunisie\/#primaryimage\"},\"image\":{\"@id\":\"https:\/\/kapitalis.com\/tunisie\/2024\/05\/13\/inquietude-des-correspondants-des-medias-etrangers-en-tunisie\/#primaryimage\"},\"thumbnailUrl\":\"https:\/\/kapitalis.com\/tunisie\/wp-content\/uploads\/2024\/05\/NAFCC.jpg\",\"datePublished\":\"2024-05-13T08:01:02+00:00\",\"dateModified\":\"2024-05-13T08:01:31+00:00\",\"breadcrumb\":{\"@id\":\"https:\/\/kapitalis.com\/tunisie\/2024\/05\/13\/inquietude-des-correspondants-des-medias-etrangers-en-tunisie\/#breadcrumb\"},\"inLanguage\":\"fr-FR\",\"potentialAction\":[{\"@type\":\"ReadAction\",\"target\":[\"https:\/\/kapitalis.com\/tunisie\/2024\/05\/13\/inquietude-des-correspondants-des-medias-etrangers-en-tunisie\/\"]}]},{\"@type\":\"ImageObject\",\"inLanguage\":\"fr-FR\",\"@id\":\"https:\/\/kapitalis.com\/tunisie\/2024\/05\/13\/inquietude-des-correspondants-des-medias-etrangers-en-tunisie\/#primaryimage\",\"url\":\"https:\/\/kapitalis.com\/tunisie\/wp-content\/uploads\/2024\/05\/NAFCC.jpg\",\"contentUrl\":\"https:\/\/kapitalis.com\/tunisie\/wp-content\/uploads\/2024\/05\/NAFCC.jpg\",\"width\":1200,\"height\":630},{\"@type\":\"BreadcrumbList\",\"@id\":\"https:\/\/kapitalis.com\/tunisie\/2024\/05\/13\/inquietude-des-correspondants-des-medias-etrangers-en-tunisie\/#breadcrumb\",\"itemListElement\":[{\"@type\":\"ListItem\",\"position\":1,\"name\":\"Accueil\",\"item\":\"https:\/\/kapitalis.com\/tunisie\/\"},{\"@type\":\"ListItem\",\"position\":2,\"name\":\"Inqui\u00e9tude des correspondants des m\u00e9dias \u00e9trangers en Tunisie\"}]},{\"@type\":\"WebSite\",\"@id\":\"https:\/\/kapitalis.com\/tunisie\/#website\",\"url\":\"https:\/\/kapitalis.com\/tunisie\/\",\"name\":\"Kapitalis\",\"description\":\"L&#039;actualit\u00e9 en Tunisie et dans le monde\",\"publisher\":{\"@id\":\"https:\/\/kapitalis.com\/tunisie\/#organization\"},\"potentialAction\":[{\"@type\":\"SearchAction\",\"target\":{\"@type\":\"EntryPoint\",\"urlTemplate\":\"https:\/\/kapitalis.com\/tunisie\/?s={search_term_string}\"},\"query-input\":{\"@type\":\"PropertyValueSpecification\",\"valueRequired\":true,\"valueName\":\"search_term_string\"}}],\"inLanguage\":\"fr-FR\"},{\"@type\":\"Organization\",\"@id\":\"https:\/\/kapitalis.com\/tunisie\/#organization\",\"name\":\"Kapitalis\",\"url\":\"https:\/\/kapitalis.com\/tunisie\/\",\"logo\":{\"@type\":\"ImageObject\",\"inLanguage\":\"fr-FR\",\"@id\":\"https:\/\/kapitalis.com\/tunisie\/#\/schema\/logo\/image\/\",\"url\":\"https:\/\/kapitalis.com\/tunisie\/wp-content\/uploads\/2022\/05\/Kapitalis-big-size.png\",\"contentUrl\":\"https:\/\/kapitalis.com\/tunisie\/wp-content\/uploads\/2022\/05\/Kapitalis-big-size.png\",\"width\":5000,\"height\":1500,\"caption\":\"Kapitalis\"},\"image\":{\"@id\":\"https:\/\/kapitalis.com\/tunisie\/#\/schema\/logo\/image\/\"},\"sameAs\":[\"https:\/\/www.facebook.com\/KapitalisInfo\/\",\"https:\/\/x.com\/KapitalisInfo\",\"https:\/\/www.youtube.com\/channel\/UC-yDYrHyfFBWWZaOw3FPg9Q\"]},{\"@type\":\"Person\",\"@id\":\"https:\/\/kapitalis.com\/tunisie\/#\/schema\/person\/d71f33a9ca44f7bad4698210b480c8e9\",\"name\":\"webmaster kapitalis\",\"url\":\"https:\/\/kapitalis.com\/tunisie\/author\/webmaster-kapitalis\/\"}]}<\/script>\n<!-- \/ Yoast SEO plugin. -->","yoast_head_json":{"title":"Inqui\u00e9tude des correspondants des m\u00e9dias \u00e9trangers en Tunisie - Kapitalis","robots":{"index":"index","follow":"follow","max-snippet":"max-snippet:-1","max-image-preview":"max-image-preview:large","max-video-preview":"max-video-preview:-1"},"canonical":"https:\/\/kapitalis.com\/tunisie\/2024\/05\/13\/inquietude-des-correspondants-des-medias-etrangers-en-tunisie\/","og_locale":"fr_FR","og_type":"article","og_title":"Inqui\u00e9tude des correspondants des m\u00e9dias \u00e9trangers en Tunisie - Kapitalis","og_description":"Apr\u00e8s l'agression contre les journalistes par les forces de l'ordre \u00e0 Tunis, le Club des correspondants \u00e9trangers en Afrique du nord fait part de son inqui\u00e9tude.","og_url":"https:\/\/kapitalis.com\/tunisie\/2024\/05\/13\/inquietude-des-correspondants-des-medias-etrangers-en-tunisie\/","og_site_name":"Kapitalis","article_publisher":"https:\/\/www.facebook.com\/KapitalisInfo\/","article_published_time":"2024-05-13T08:01:02+00:00","article_modified_time":"2024-05-13T08:01:31+00:00","og_image":[{"width":1200,"height":630,"url":"https:\/\/kapitalis.com\/tunisie\/wp-content\/uploads\/2024\/05\/NAFCC.jpg","type":"image\/jpeg"}],"author":"webmaster kapitalis","twitter_card":"summary_large_image","twitter_creator":"@KapitalisInfo","twitter_site":"@KapitalisInfo","twitter_misc":{"\u00c9crit par":"webmaster kapitalis","Dur\u00e9e de lecture estim\u00e9e":"2 minutes"},"schema":{"@context":"https:\/\/schema.org","@graph":[{"@type":"Article","@id":"https:\/\/kapitalis.com\/tunisie\/2024\/05\/13\/inquietude-des-correspondants-des-medias-etrangers-en-tunisie\/#article","isPartOf":{"@id":"https:\/\/kapitalis.com\/tunisie\/2024\/05\/13\/inquietude-des-correspondants-des-medias-etrangers-en-tunisie\/"},"author":{"name":"webmaster kapitalis","@id":"https:\/\/kapitalis.com\/tunisie\/#\/schema\/person\/d71f33a9ca44f7bad4698210b480c8e9"},"headline":"Inqui\u00e9tude des correspondants des m\u00e9dias \u00e9trangers en Tunisie","datePublished":"2024-05-13T08:01:02+00:00","dateModified":"2024-05-13T08:01:31+00:00","mainEntityOfPage":{"@id":"https:\/\/kapitalis.com\/tunisie\/2024\/05\/13\/inquietude-des-correspondants-des-medias-etrangers-en-tunisie\/"},"wordCount":403,"commentCount":1,"publisher":{"@id":"https:\/\/kapitalis.com\/tunisie\/#organization"},"image":{"@id":"https:\/\/kapitalis.com\/tunisie\/2024\/05\/13\/inquietude-des-correspondants-des-medias-etrangers-en-tunisie\/#primaryimage"},"thumbnailUrl":"https:\/\/kapitalis.com\/tunisie\/wp-content\/uploads\/2024\/05\/NAFCC.jpg","keywords":["Borhen Bsaies","correspondants \u00e9trangers","France 24","Hamdi Tlili","Maison de l\u2019avocat","Mourad Zeghidi","SNJT","sonia dahmani","Tunisie"],"articleSection":["MEDIA","POLITIQUE","Tunisie"],"inLanguage":"fr-FR","potentialAction":[{"@type":"CommentAction","name":"Comment","target":["https:\/\/kapitalis.com\/tunisie\/2024\/05\/13\/inquietude-des-correspondants-des-medias-etrangers-en-tunisie\/#respond"]}]},{"@type":"WebPage","@id":"https:\/\/kapitalis.com\/tunisie\/2024\/05\/13\/inquietude-des-correspondants-des-medias-etrangers-en-tunisie\/","url":"https:\/\/kapitalis.com\/tunisie\/2024\/05\/13\/inquietude-des-correspondants-des-medias-etrangers-en-tunisie\/","name":"Inqui\u00e9tude des correspondants des m\u00e9dias \u00e9trangers en Tunisie - Kapitalis","isPartOf":{"@id":"https:\/\/kapitalis.com\/tunisie\/#website"},"primaryImageOfPage":{"@id":"https:\/\/kapitalis.com\/tunisie\/2024\/05\/13\/inquietude-des-correspondants-des-medias-etrangers-en-tunisie\/#primaryimage"},"image":{"@id":"https:\/\/kapitalis.com\/tunisie\/2024\/05\/13\/inquietude-des-correspondants-des-medias-etrangers-en-tunisie\/#primaryimage"},"thumbnailUrl":"https:\/\/kapitalis.com\/tunisie\/wp-content\/uploads\/2024\/05\/NAFCC.jpg","datePublished":"2024-05-13T08:01:02+00:00","dateModified":"2024-05-13T08:01:31+00:00","breadcrumb":{"@id":"https:\/\/kapitalis.com\/tunisie\/2024\/05\/13\/inquietude-des-correspondants-des-medias-etrangers-en-tunisie\/#breadcrumb"},"inLanguage":"fr-FR","potentialAction":[{"@type":"ReadAction","target":["https:\/\/kapitalis.com\/tunisie\/2024\/05\/13\/inquietude-des-correspondants-des-medias-etrangers-en-tunisie\/"]}]},{"@type":"ImageObject","inLanguage":"fr-FR","@id":"https:\/\/kapitalis.com\/tunisie\/2024\/05\/13\/inquietude-des-correspondants-des-medias-etrangers-en-tunisie\/#primaryimage","url":"https:\/\/kapitalis.com\/tunisie\/wp-content\/uploads\/2024\/05\/NAFCC.jpg","contentUrl":"https:\/\/kapitalis.com\/tunisie\/wp-content\/uploads\/2024\/05\/NAFCC.jpg","width":1200,"height":630},{"@type":"BreadcrumbList","@id":"https:\/\/kapitalis.com\/tunisie\/2024\/05\/13\/inquietude-des-correspondants-des-medias-etrangers-en-tunisie\/#breadcrumb","itemListElement":[{"@type":"ListItem","position":1,"name":"Accueil","item":"https:\/\/kapitalis.com\/tunisie\/"},{"@type":"ListItem","position":2,"name":"Inqui\u00e9tude des correspondants des m\u00e9dias \u00e9trangers en Tunisie"}]},{"@type":"WebSite","@id":"https:\/\/kapitalis.com\/tunisie\/#website","url":"https:\/\/kapitalis.com\/tunisie\/","name":"Kapitalis","description":"L&#039;actualit\u00e9 en Tunisie et dans le monde","publisher":{"@id":"https:\/\/kapitalis.com\/tunisie\/#organization"},"potentialAction":[{"@type":"SearchAction","target":{"@type":"EntryPoint","urlTemplate":"https:\/\/kapitalis.com\/tunisie\/?s={search_term_string}"},"query-input":{"@type":"PropertyValueSpecification","valueRequired":true,"valueName":"search_term_string"}}],"inLanguage":"fr-FR"},{"@type":"Organization","@id":"https:\/\/kapitalis.com\/tunisie\/#organization","name":"Kapitalis","url":"https:\/\/kapitalis.com\/tunisie\/","logo":{"@type":"ImageObject","inLanguage":"fr-FR","@id":"https:\/\/kapitalis.com\/tunisie\/#\/schema\/logo\/image\/","url":"https:\/\/kapitalis.com\/tunisie\/wp-content\/uploads\/2022\/05\/Kapitalis-big-size.png","contentUrl":"https:\/\/kapitalis.com\/tunisie\/wp-content\/uploads\/2022\/05\/Kapitalis-big-size.png","width":5000,"height":1500,"caption":"Kapitalis"},"image":{"@id":"https:\/\/kapitalis.com\/tunisie\/#\/schema\/logo\/image\/"},"sameAs":["https:\/\/www.facebook.com\/KapitalisInfo\/","https:\/\/x.com\/KapitalisInfo","https:\/\/www.youtube.com\/channel\/UC-yDYrHyfFBWWZaOw3FPg9Q"]},{"@type":"Person","@id":"https:\/\/kapitalis.com\/tunisie\/#\/schema\/person\/d71f33a9ca44f7bad4698210b480c8e9","name":"webmaster kapitalis","url":"https:\/\/kapitalis.com\/tunisie\/author\/webmaster-kapitalis\/"}]}},"_links":{"self":[{"href":"https:\/\/kapitalis.com\/tunisie\/wp-json\/wp\/v2\/posts\/12810377","targetHints":{"allow":["GET"]}}],"collection":[{"href":"https:\/\/kapitalis.com\/tunisie\/wp-json\/wp\/v2\/posts"}],"about":[{"href":"https:\/\/kapitalis.com\/tunisie\/wp-json\/wp\/v2\/types\/post"}],"author":[{"embeddable":true,"href":"https:\/\/kapitalis.com\/tunisie\/wp-json\/wp\/v2\/users\/8"}],"replies":[{"embeddable":true,"href":"https:\/\/kapitalis.com\/tunisie\/wp-json\/wp\/v2\/comments?post=12810377"}],"version-history":[{"count":1,"href":"https:\/\/kapitalis.com\/tunisie\/wp-json\/wp\/v2\/posts\/12810377\/revisions"}],"predecessor-version":[{"id":12810511,"href":"https:\/\/kapitalis.com\/tunisie\/wp-json\/wp\/v2\/posts\/12810377\/revisions\/12810511"}],"wp:featuredmedia":[{"embeddable":true,"href":"https:\/\/kapitalis.com\/tunisie\/wp-json\/wp\/v2\/media\/12810481"}],"wp:attachment":[{"href":"https:\/\/kapitalis.com\/tunisie\/wp-json\/wp\/v2\/media?parent=12810377"}],"wp:term":[{"taxonomy":"category","embeddable":true,"href":"https:\/\/kapitalis.com\/tunisie\/wp-json\/wp\/v2\/categories?post=12810377"},{"taxonomy":"post_tag","embeddable":true,"href":"https:\/\/kapitalis.com\/tunisie\/wp-json\/wp\/v2\/tags?post=12810377"}],"curies":[{"name":"wp","href":"https:\/\/api.w.org\/{rel}","templated":true}]}}