{"id":12812974,"date":"2024-05-13T12:22:51","date_gmt":"2024-05-13T11:22:51","guid":{"rendered":"https:\/\/kapitalis.com\/tunisie\/?p=12812974"},"modified":"2024-05-13T12:22:53","modified_gmt":"2024-05-13T11:22:53","slug":"quand-auront-lieu-les-elections-presidentielles-en-tunisie","status":"publish","type":"post","link":"https:\/\/kapitalis.com\/tunisie\/2024\/05\/13\/quand-auront-lieu-les-elections-presidentielles-en-tunisie\/","title":{"rendered":"Quand auront lieu les \u00e9lections pr\u00e9sidentielles en Tunisie\u00a0?"},"content":{"rendered":"\n<p>\u00a0<strong><em>Nous autres, Tunisiens, avons normalement des \u00e9lections pr\u00e9sidentielles avant la fin de l\u2019ann\u00e9e en cours, mais bien malin celui d\u2019entre nous qui vous en dira les dates. L\u2019agence Reuters a trait\u00e9 ce sujet dans l\u2019article que nous traduisons ci-dessous.<\/em><\/strong> <em>(Ph. Reuters; Jihed Abidellaoui).<\/em><\/p>\n\n\n\n<!--more-->\n\n\n\n<p>Des centaines de manifestants se sont rassembl\u00e9s dimanche 12 mai 2024 dans la capitale tunisienne pour exiger la lib\u00e9ration des journalistes, militants et personnalit\u00e9s de l\u2019opposition emprisonn\u00e9s, ainsi que la fixation d\u2019une date pour des \u00e9lections pr\u00e9sidentielles.<\/p>\n\n\n\n<p>La manifestation intervient dans un contexte de crise \u00e9conomique et politique et d\u2019une vague d\u2019arrestations visant des journalistes, des avocats, des militants et des opposants.<\/p>\n\n\n\n<p>La police tunisienne a pris d\u2019assaut samedi le local de la Maison de l\u2019avocat et a arr\u00eat\u00e9 <a href=\"https:\/\/kapitalis.com\/tunisie\/2024\/05\/12\/tunisie-medias-sonia-dahmani-dans-la-fosse-aux-lions\/\" target=\"_blank\" rel=\"noreferrer noopener\">Sonia Dahmani<\/a>, une avocate connue pour ses critiques acerbes \u00e0 l\u2019\u00e9gard du pr\u00e9sident Ka\u00efs Sa\u00efed. Deux journalistes ont \u00e9galement \u00e9t\u00e9 arr\u00eat\u00e9s le m\u00eame jour [<a href=\"https:\/\/kapitalis.com\/tunisie\/2024\/05\/13\/la-detention-provisoire-de-zeghidi-et-bsaies-prolongee-de-48-heures\/\" target=\"_blank\" rel=\"noreferrer noopener\">Borhen Bsaies et Mourad Zeghidi <\/a>de la radio IFM].<\/p>\n\n\n\n<p>La Commission \u00e9lectorale a d\u00e9clar\u00e9 plus t\u00f4t que les \u00e9lections auraient lieu dans les d\u00e9lais requis, mais alors que le premier mandat du pr\u00e9sident, qui dure cinq ans, touche \u00e0 sa fin, elle n\u2019a pas encore annonc\u00e9 de date.<\/p>\n\n\n\n<p>Sa\u00efed a pris ses fonctions \u00e0 la suite d\u2019\u00e9lections libres en 2019, mais deux ans plus tard, il s\u2019est empar\u00e9 de pouvoirs suppl\u00e9mentaires en fermant le parlement \u00e9lu et en d\u00e9cidant de gouverner par d\u00e9cret. Il a \u00e9galement assum\u00e9 l\u2019autorit\u00e9 sur le syst\u00e8me judiciaire, une mesure que l\u2019opposition a qualifi\u00e9e de coup d\u2019\u00c9tat.<\/p>\n\n\n\n<figure class=\"wp-block-embed is-type-wp-embed is-provider-kapitalis wp-block-embed-kapitalis\"><div class=\"wp-block-embed__wrapper\">\n<blockquote class=\"wp-embedded-content\" data-secret=\"mnOg6aIGax\"><a href=\"https:\/\/kapitalis.com\/tunisie\/2024\/01\/18\/tunisie-2024-election-politique-et-pressions-economiques\/\">Tunisie: 2024, \u00e9lections pr\u00e9sidentielles et pressions \u00e9conomiques<\/a><\/blockquote><iframe loading=\"lazy\" class=\"wp-embedded-content\" sandbox=\"allow-scripts\" security=\"restricted\" style=\"position: absolute; clip: rect(1px, 1px, 1px, 1px);\" title=\"\u00ab\u00a0Tunisie: 2024, \u00e9lections pr\u00e9sidentielles et pressions \u00e9conomiques\u00a0\u00bb &#8212; Kapitalis\" src=\"https:\/\/kapitalis.com\/tunisie\/2024\/01\/18\/tunisie-2024-election-politique-et-pressions-economiques\/embed\/#?secret=T7jUp2x95w#?secret=mnOg6aIGax\" data-secret=\"mnOg6aIGax\" width=\"600\" height=\"338\" frameborder=\"0\" marginwidth=\"0\" marginheight=\"0\" scrolling=\"no\"><\/iframe>\n<\/div><\/figure>\n\n\n\n<p>Saied a critiqu\u00e9 \u00e0 plusieurs reprises ce qu&rsquo;il a d\u00e9crit comme la course \u00e0 la pr\u00e9sidence de l\u2019opposition, affirmant qu\u2019elle avait boycott\u00e9 le dernier tour des \u00e9lections l\u00e9gislatives tout en se concentrant sur le vote pr\u00e9sidentiel.<\/p>\n\n\n\n<p>L\u2019opposition affirme que le climat politique actuel n\u2019est pas propice \u00e0 la tenue d\u2019\u00e9lections, dans un contexte de restrictions impos\u00e9es \u00e0 la presse et d\u2019emprisonnement d\u2019opposants et de militants de premier plan. Ils ont appel\u00e9 dimanche \u00e0 un climat politique propre pour un vote incluant la fin des restrictions \u00e0 la libert\u00e9 de la presse et \u00e0 la libert\u00e9 politique.<\/p>\n\n\n\n<p><em>\u00abAujourd<\/em><em>\u2019<\/em><em>hui, il n&rsquo;y a pas de climat pour des \u00e9lections \u00e9quitables et il n<\/em><em>\u2019<\/em><em>y a pas de date&#8230; les autorit\u00e9s r\u00e9priment les hommes politiques, les avocats et les journalistes\u00bb<\/em>, a d\u00e9clar\u00e9 Imed Khemiri, un haut responsable du parti Ennahdha, membre du Front du Salut, qui a organis\u00e9 la protestation. <em>\u00abL<\/em><em>\u2019<\/em><em>assaut contre la Maison de l<\/em><em>\u2019<\/em><em>avocat constitue un dangereux pr\u00e9c\u00e9dent qui perp\u00e9tue le r\u00e9gime autoritaire\u00bb<\/em>, a-t-il ajout\u00e9.<\/p>\n\n\n\n<p>Abir Moussi <em>[pr\u00e9sidente du PDL]<\/em>, l\u2019un des candidats les plus en vue, est en prison depuis des mois, tandis que Mondher Zenaidi <em>[ancien ministre]<\/em> a annonc\u00e9 sa candidature \u00e0 d\u2019\u00e9ventuelles \u00e9lections \u00e0 partir de la France [o\u00f9 il r\u00e9side], dans l\u2019espoir qu\u2019il serait arr\u00eat\u00e9 s&rsquo;il retournait en Tunisie. *<\/p>\n\n\n\n<p><em>Traduit de l\u2019anglais.<\/em> <\/p>\n\n\n\n<p><strong><em>Source\u00a0<\/em><\/strong>: <a href=\"https:\/\/www.reuters.com\/world\/africa\/hundreds-protest-tunisia-demand-date-fair-presidential-elections-2024-05-12\/\" target=\"_blank\" rel=\"noreferrer noopener\">Reuters<\/a>. <\/p>\n\n\n\n<p>* <em>D&rsquo;autres personnalit\u00e9s ont annonc\u00e9 leur intention de se pr\u00e9senter, dont les activistes politiques Safi Sa\u00efd et Lotfi Mra\u00efhi.<\/em><\/p>\n\n\n\n<figure class=\"wp-block-embed is-type-wp-embed is-provider-kapitalis wp-block-embed-kapitalis\"><div class=\"wp-block-embed__wrapper\">\n<blockquote class=\"wp-embedded-content\" data-secret=\"0lnIQrNpRk\"><a href=\"https:\/\/kapitalis.com\/tunisie\/2023\/01\/17\/tunisie-mabrouk-korchid-craint-un-report-des-presidentielles-de-2024\/\">Tunisie\u00a0: Mabrouk Korchid craint un report des pr\u00e9sidentielles de 2024<\/a><\/blockquote><iframe loading=\"lazy\" class=\"wp-embedded-content\" sandbox=\"allow-scripts\" security=\"restricted\" style=\"position: absolute; clip: rect(1px, 1px, 1px, 1px);\" title=\"\u00ab\u00a0Tunisie\u00a0: Mabrouk Korchid craint un report des pr\u00e9sidentielles de 2024\u00a0\u00bb &#8212; Kapitalis\" src=\"https:\/\/kapitalis.com\/tunisie\/2023\/01\/17\/tunisie-mabrouk-korchid-craint-un-report-des-presidentielles-de-2024\/embed\/#?secret=tl7al12yg1#?secret=0lnIQrNpRk\" data-secret=\"0lnIQrNpRk\" width=\"600\" height=\"338\" frameborder=\"0\" marginwidth=\"0\" marginheight=\"0\" scrolling=\"no\"><\/iframe>\n<\/div><\/figure>\n","protected":false},"excerpt":{"rendered":"<p>Les Tunisiens s&rsquo;interrogent toujours sur les dates pr\u00e9cises des prochaines \u00e9lections pr\u00e9sidentielles. <\/p>\n","protected":false},"author":8,"featured_media":12813015,"comment_status":"open","ping_status":"open","sticky":false,"template":"","format":"standard","meta":{"footnotes":""},"categories":[992,996,997,2433],"tags":[15144,113222,9314,49543,27831,76012,114567,99952,77916,62643],"class_list":["post-12812974","post","type-post","status-publish","format-standard","has-post-thumbnail","hentry","category-a-la-une","category-media","category-politique","category-tunisie","tag-abir-moussi","tag-borhen-bsaies-2","tag-elections-presidentielles","tag-ennahdha","tag-imed-khemiri","tag-kais-saied-2","tag-mondher-zenaidi-2","tag-mourad-zeghidi","tag-sonia-dahmani","tag-tunisie"],"yoast_head":"<!-- This site is optimized with the Yoast SEO plugin v26.6 - https:\/\/yoast.com\/wordpress\/plugins\/seo\/ -->\n<title>Quand auront lieu les \u00e9lections pr\u00e9sidentielles en Tunisie\u00a0? - Kapitalis<\/title>\n<meta name=\"robots\" content=\"index, follow, max-snippet:-1, max-image-preview:large, max-video-preview:-1\" \/>\n<link rel=\"canonical\" href=\"https:\/\/kapitalis.com\/tunisie\/2024\/05\/13\/quand-auront-lieu-les-elections-presidentielles-en-tunisie\/\" \/>\n<meta property=\"og:locale\" content=\"fr_FR\" \/>\n<meta property=\"og:type\" content=\"article\" \/>\n<meta property=\"og:title\" content=\"Quand auront lieu les \u00e9lections pr\u00e9sidentielles en Tunisie\u00a0? - Kapitalis\" \/>\n<meta property=\"og:description\" content=\"Les Tunisiens s&#039;interrogent toujours sur les dates pr\u00e9cises des prochaines \u00e9lections pr\u00e9sidentielles.\" \/>\n<meta property=\"og:url\" content=\"https:\/\/kapitalis.com\/tunisie\/2024\/05\/13\/quand-auront-lieu-les-elections-presidentielles-en-tunisie\/\" \/>\n<meta property=\"og:site_name\" content=\"Kapitalis\" \/>\n<meta property=\"article:publisher\" content=\"https:\/\/www.facebook.com\/KapitalisInfo\/\" \/>\n<meta property=\"article:published_time\" content=\"2024-05-13T11:22:51+00:00\" \/>\n<meta property=\"article:modified_time\" content=\"2024-05-13T11:22:53+00:00\" \/>\n<meta property=\"og:image\" content=\"https:\/\/kapitalis.com\/tunisie\/wp-content\/uploads\/2024\/05\/Front-du-salut-national.jpg\" \/>\n\t<meta property=\"og:image:width\" content=\"1200\" \/>\n\t<meta property=\"og:image:height\" content=\"630\" \/>\n\t<meta property=\"og:image:type\" content=\"image\/jpeg\" \/>\n<meta name=\"author\" content=\"webmaster kapitalis\" \/>\n<meta name=\"twitter:card\" content=\"summary_large_image\" \/>\n<meta name=\"twitter:creator\" content=\"@KapitalisInfo\" \/>\n<meta name=\"twitter:site\" content=\"@KapitalisInfo\" \/>\n<meta name=\"twitter:label1\" content=\"\u00c9crit par\" \/>\n\t<meta name=\"twitter:data1\" content=\"webmaster kapitalis\" \/>\n\t<meta name=\"twitter:label2\" content=\"Dur\u00e9e de lecture estim\u00e9e\" \/>\n\t<meta name=\"twitter:data2\" content=\"3 minutes\" \/>\n<script type=\"application\/ld+json\" class=\"yoast-schema-graph\">{\"@context\":\"https:\/\/schema.org\",\"@graph\":[{\"@type\":\"Article\",\"@id\":\"https:\/\/kapitalis.com\/tunisie\/2024\/05\/13\/quand-auront-lieu-les-elections-presidentielles-en-tunisie\/#article\",\"isPartOf\":{\"@id\":\"https:\/\/kapitalis.com\/tunisie\/2024\/05\/13\/quand-auront-lieu-les-elections-presidentielles-en-tunisie\/\"},\"author\":{\"name\":\"webmaster kapitalis\",\"@id\":\"https:\/\/kapitalis.com\/tunisie\/#\/schema\/person\/d71f33a9ca44f7bad4698210b480c8e9\"},\"headline\":\"Quand auront lieu les \u00e9lections pr\u00e9sidentielles en Tunisie\u00a0?\",\"datePublished\":\"2024-05-13T11:22:51+00:00\",\"dateModified\":\"2024-05-13T11:22:53+00:00\",\"mainEntityOfPage\":{\"@id\":\"https:\/\/kapitalis.com\/tunisie\/2024\/05\/13\/quand-auront-lieu-les-elections-presidentielles-en-tunisie\/\"},\"wordCount\":561,\"commentCount\":0,\"publisher\":{\"@id\":\"https:\/\/kapitalis.com\/tunisie\/#organization\"},\"image\":{\"@id\":\"https:\/\/kapitalis.com\/tunisie\/2024\/05\/13\/quand-auront-lieu-les-elections-presidentielles-en-tunisie\/#primaryimage\"},\"thumbnailUrl\":\"https:\/\/kapitalis.com\/tunisie\/wp-content\/uploads\/2024\/05\/Front-du-salut-national.jpg\",\"keywords\":[\"Abir Moussi\",\"Borhen Bsaies\",\"\u00e9lections pr\u00e9sidentielles\",\"Ennahdha\",\"Imed Khemiri\",\"Ka\u00efs Sa\u00efed\",\"Mondher Zena\u00efdi\",\"Mourad Zeghidi\",\"sonia dahmani\",\"Tunisie\"],\"articleSection\":[\"A LA UNE\",\"MEDIA\",\"POLITIQUE\",\"Tunisie\"],\"inLanguage\":\"fr-FR\",\"potentialAction\":[{\"@type\":\"CommentAction\",\"name\":\"Comment\",\"target\":[\"https:\/\/kapitalis.com\/tunisie\/2024\/05\/13\/quand-auront-lieu-les-elections-presidentielles-en-tunisie\/#respond\"]}]},{\"@type\":\"WebPage\",\"@id\":\"https:\/\/kapitalis.com\/tunisie\/2024\/05\/13\/quand-auront-lieu-les-elections-presidentielles-en-tunisie\/\",\"url\":\"https:\/\/kapitalis.com\/tunisie\/2024\/05\/13\/quand-auront-lieu-les-elections-presidentielles-en-tunisie\/\",\"name\":\"Quand auront lieu les \u00e9lections pr\u00e9sidentielles en Tunisie\u00a0? - Kapitalis\",\"isPartOf\":{\"@id\":\"https:\/\/kapitalis.com\/tunisie\/#website\"},\"primaryImageOfPage\":{\"@id\":\"https:\/\/kapitalis.com\/tunisie\/2024\/05\/13\/quand-auront-lieu-les-elections-presidentielles-en-tunisie\/#primaryimage\"},\"image\":{\"@id\":\"https:\/\/kapitalis.com\/tunisie\/2024\/05\/13\/quand-auront-lieu-les-elections-presidentielles-en-tunisie\/#primaryimage\"},\"thumbnailUrl\":\"https:\/\/kapitalis.com\/tunisie\/wp-content\/uploads\/2024\/05\/Front-du-salut-national.jpg\",\"datePublished\":\"2024-05-13T11:22:51+00:00\",\"dateModified\":\"2024-05-13T11:22:53+00:00\",\"breadcrumb\":{\"@id\":\"https:\/\/kapitalis.com\/tunisie\/2024\/05\/13\/quand-auront-lieu-les-elections-presidentielles-en-tunisie\/#breadcrumb\"},\"inLanguage\":\"fr-FR\",\"potentialAction\":[{\"@type\":\"ReadAction\",\"target\":[\"https:\/\/kapitalis.com\/tunisie\/2024\/05\/13\/quand-auront-lieu-les-elections-presidentielles-en-tunisie\/\"]}]},{\"@type\":\"ImageObject\",\"inLanguage\":\"fr-FR\",\"@id\":\"https:\/\/kapitalis.com\/tunisie\/2024\/05\/13\/quand-auront-lieu-les-elections-presidentielles-en-tunisie\/#primaryimage\",\"url\":\"https:\/\/kapitalis.com\/tunisie\/wp-content\/uploads\/2024\/05\/Front-du-salut-national.jpg\",\"contentUrl\":\"https:\/\/kapitalis.com\/tunisie\/wp-content\/uploads\/2024\/05\/Front-du-salut-national.jpg\",\"width\":1200,\"height\":630},{\"@type\":\"BreadcrumbList\",\"@id\":\"https:\/\/kapitalis.com\/tunisie\/2024\/05\/13\/quand-auront-lieu-les-elections-presidentielles-en-tunisie\/#breadcrumb\",\"itemListElement\":[{\"@type\":\"ListItem\",\"position\":1,\"name\":\"Accueil\",\"item\":\"https:\/\/kapitalis.com\/tunisie\/\"},{\"@type\":\"ListItem\",\"position\":2,\"name\":\"Quand auront lieu les \u00e9lections pr\u00e9sidentielles en Tunisie\u00a0?\"}]},{\"@type\":\"WebSite\",\"@id\":\"https:\/\/kapitalis.com\/tunisie\/#website\",\"url\":\"https:\/\/kapitalis.com\/tunisie\/\",\"name\":\"Kapitalis\",\"description\":\"L&#039;actualit\u00e9 en Tunisie et dans le monde\",\"publisher\":{\"@id\":\"https:\/\/kapitalis.com\/tunisie\/#organization\"},\"potentialAction\":[{\"@type\":\"SearchAction\",\"target\":{\"@type\":\"EntryPoint\",\"urlTemplate\":\"https:\/\/kapitalis.com\/tunisie\/?s={search_term_string}\"},\"query-input\":{\"@type\":\"PropertyValueSpecification\",\"valueRequired\":true,\"valueName\":\"search_term_string\"}}],\"inLanguage\":\"fr-FR\"},{\"@type\":\"Organization\",\"@id\":\"https:\/\/kapitalis.com\/tunisie\/#organization\",\"name\":\"Kapitalis\",\"url\":\"https:\/\/kapitalis.com\/tunisie\/\",\"logo\":{\"@type\":\"ImageObject\",\"inLanguage\":\"fr-FR\",\"@id\":\"https:\/\/kapitalis.com\/tunisie\/#\/schema\/logo\/image\/\",\"url\":\"https:\/\/kapitalis.com\/tunisie\/wp-content\/uploads\/2022\/05\/Kapitalis-big-size.png\",\"contentUrl\":\"https:\/\/kapitalis.com\/tunisie\/wp-content\/uploads\/2022\/05\/Kapitalis-big-size.png\",\"width\":5000,\"height\":1500,\"caption\":\"Kapitalis\"},\"image\":{\"@id\":\"https:\/\/kapitalis.com\/tunisie\/#\/schema\/logo\/image\/\"},\"sameAs\":[\"https:\/\/www.facebook.com\/KapitalisInfo\/\",\"https:\/\/x.com\/KapitalisInfo\",\"https:\/\/www.youtube.com\/channel\/UC-yDYrHyfFBWWZaOw3FPg9Q\"]},{\"@type\":\"Person\",\"@id\":\"https:\/\/kapitalis.com\/tunisie\/#\/schema\/person\/d71f33a9ca44f7bad4698210b480c8e9\",\"name\":\"webmaster kapitalis\",\"url\":\"https:\/\/kapitalis.com\/tunisie\/author\/webmaster-kapitalis\/\"}]}<\/script>\n<!-- \/ Yoast SEO plugin. -->","yoast_head_json":{"title":"Quand auront lieu les \u00e9lections pr\u00e9sidentielles en Tunisie\u00a0? - Kapitalis","robots":{"index":"index","follow":"follow","max-snippet":"max-snippet:-1","max-image-preview":"max-image-preview:large","max-video-preview":"max-video-preview:-1"},"canonical":"https:\/\/kapitalis.com\/tunisie\/2024\/05\/13\/quand-auront-lieu-les-elections-presidentielles-en-tunisie\/","og_locale":"fr_FR","og_type":"article","og_title":"Quand auront lieu les \u00e9lections pr\u00e9sidentielles en Tunisie\u00a0? - Kapitalis","og_description":"Les Tunisiens s'interrogent toujours sur les dates pr\u00e9cises des prochaines \u00e9lections pr\u00e9sidentielles.","og_url":"https:\/\/kapitalis.com\/tunisie\/2024\/05\/13\/quand-auront-lieu-les-elections-presidentielles-en-tunisie\/","og_site_name":"Kapitalis","article_publisher":"https:\/\/www.facebook.com\/KapitalisInfo\/","article_published_time":"2024-05-13T11:22:51+00:00","article_modified_time":"2024-05-13T11:22:53+00:00","og_image":[{"width":1200,"height":630,"url":"https:\/\/kapitalis.com\/tunisie\/wp-content\/uploads\/2024\/05\/Front-du-salut-national.jpg","type":"image\/jpeg"}],"author":"webmaster kapitalis","twitter_card":"summary_large_image","twitter_creator":"@KapitalisInfo","twitter_site":"@KapitalisInfo","twitter_misc":{"\u00c9crit par":"webmaster kapitalis","Dur\u00e9e de lecture estim\u00e9e":"3 minutes"},"schema":{"@context":"https:\/\/schema.org","@graph":[{"@type":"Article","@id":"https:\/\/kapitalis.com\/tunisie\/2024\/05\/13\/quand-auront-lieu-les-elections-presidentielles-en-tunisie\/#article","isPartOf":{"@id":"https:\/\/kapitalis.com\/tunisie\/2024\/05\/13\/quand-auront-lieu-les-elections-presidentielles-en-tunisie\/"},"author":{"name":"webmaster kapitalis","@id":"https:\/\/kapitalis.com\/tunisie\/#\/schema\/person\/d71f33a9ca44f7bad4698210b480c8e9"},"headline":"Quand auront lieu les \u00e9lections pr\u00e9sidentielles en Tunisie\u00a0?","datePublished":"2024-05-13T11:22:51+00:00","dateModified":"2024-05-13T11:22:53+00:00","mainEntityOfPage":{"@id":"https:\/\/kapitalis.com\/tunisie\/2024\/05\/13\/quand-auront-lieu-les-elections-presidentielles-en-tunisie\/"},"wordCount":561,"commentCount":0,"publisher":{"@id":"https:\/\/kapitalis.com\/tunisie\/#organization"},"image":{"@id":"https:\/\/kapitalis.com\/tunisie\/2024\/05\/13\/quand-auront-lieu-les-elections-presidentielles-en-tunisie\/#primaryimage"},"thumbnailUrl":"https:\/\/kapitalis.com\/tunisie\/wp-content\/uploads\/2024\/05\/Front-du-salut-national.jpg","keywords":["Abir Moussi","Borhen Bsaies","\u00e9lections pr\u00e9sidentielles","Ennahdha","Imed Khemiri","Ka\u00efs Sa\u00efed","Mondher Zena\u00efdi","Mourad Zeghidi","sonia dahmani","Tunisie"],"articleSection":["A LA UNE","MEDIA","POLITIQUE","Tunisie"],"inLanguage":"fr-FR","potentialAction":[{"@type":"CommentAction","name":"Comment","target":["https:\/\/kapitalis.com\/tunisie\/2024\/05\/13\/quand-auront-lieu-les-elections-presidentielles-en-tunisie\/#respond"]}]},{"@type":"WebPage","@id":"https:\/\/kapitalis.com\/tunisie\/2024\/05\/13\/quand-auront-lieu-les-elections-presidentielles-en-tunisie\/","url":"https:\/\/kapitalis.com\/tunisie\/2024\/05\/13\/quand-auront-lieu-les-elections-presidentielles-en-tunisie\/","name":"Quand auront lieu les \u00e9lections pr\u00e9sidentielles en Tunisie\u00a0? - Kapitalis","isPartOf":{"@id":"https:\/\/kapitalis.com\/tunisie\/#website"},"primaryImageOfPage":{"@id":"https:\/\/kapitalis.com\/tunisie\/2024\/05\/13\/quand-auront-lieu-les-elections-presidentielles-en-tunisie\/#primaryimage"},"image":{"@id":"https:\/\/kapitalis.com\/tunisie\/2024\/05\/13\/quand-auront-lieu-les-elections-presidentielles-en-tunisie\/#primaryimage"},"thumbnailUrl":"https:\/\/kapitalis.com\/tunisie\/wp-content\/uploads\/2024\/05\/Front-du-salut-national.jpg","datePublished":"2024-05-13T11:22:51+00:00","dateModified":"2024-05-13T11:22:53+00:00","breadcrumb":{"@id":"https:\/\/kapitalis.com\/tunisie\/2024\/05\/13\/quand-auront-lieu-les-elections-presidentielles-en-tunisie\/#breadcrumb"},"inLanguage":"fr-FR","potentialAction":[{"@type":"ReadAction","target":["https:\/\/kapitalis.com\/tunisie\/2024\/05\/13\/quand-auront-lieu-les-elections-presidentielles-en-tunisie\/"]}]},{"@type":"ImageObject","inLanguage":"fr-FR","@id":"https:\/\/kapitalis.com\/tunisie\/2024\/05\/13\/quand-auront-lieu-les-elections-presidentielles-en-tunisie\/#primaryimage","url":"https:\/\/kapitalis.com\/tunisie\/wp-content\/uploads\/2024\/05\/Front-du-salut-national.jpg","contentUrl":"https:\/\/kapitalis.com\/tunisie\/wp-content\/uploads\/2024\/05\/Front-du-salut-national.jpg","width":1200,"height":630},{"@type":"BreadcrumbList","@id":"https:\/\/kapitalis.com\/tunisie\/2024\/05\/13\/quand-auront-lieu-les-elections-presidentielles-en-tunisie\/#breadcrumb","itemListElement":[{"@type":"ListItem","position":1,"name":"Accueil","item":"https:\/\/kapitalis.com\/tunisie\/"},{"@type":"ListItem","position":2,"name":"Quand auront lieu les \u00e9lections pr\u00e9sidentielles en Tunisie\u00a0?"}]},{"@type":"WebSite","@id":"https:\/\/kapitalis.com\/tunisie\/#website","url":"https:\/\/kapitalis.com\/tunisie\/","name":"Kapitalis","description":"L&#039;actualit\u00e9 en Tunisie et dans le monde","publisher":{"@id":"https:\/\/kapitalis.com\/tunisie\/#organization"},"potentialAction":[{"@type":"SearchAction","target":{"@type":"EntryPoint","urlTemplate":"https:\/\/kapitalis.com\/tunisie\/?s={search_term_string}"},"query-input":{"@type":"PropertyValueSpecification","valueRequired":true,"valueName":"search_term_string"}}],"inLanguage":"fr-FR"},{"@type":"Organization","@id":"https:\/\/kapitalis.com\/tunisie\/#organization","name":"Kapitalis","url":"https:\/\/kapitalis.com\/tunisie\/","logo":{"@type":"ImageObject","inLanguage":"fr-FR","@id":"https:\/\/kapitalis.com\/tunisie\/#\/schema\/logo\/image\/","url":"https:\/\/kapitalis.com\/tunisie\/wp-content\/uploads\/2022\/05\/Kapitalis-big-size.png","contentUrl":"https:\/\/kapitalis.com\/tunisie\/wp-content\/uploads\/2022\/05\/Kapitalis-big-size.png","width":5000,"height":1500,"caption":"Kapitalis"},"image":{"@id":"https:\/\/kapitalis.com\/tunisie\/#\/schema\/logo\/image\/"},"sameAs":["https:\/\/www.facebook.com\/KapitalisInfo\/","https:\/\/x.com\/KapitalisInfo","https:\/\/www.youtube.com\/channel\/UC-yDYrHyfFBWWZaOw3FPg9Q"]},{"@type":"Person","@id":"https:\/\/kapitalis.com\/tunisie\/#\/schema\/person\/d71f33a9ca44f7bad4698210b480c8e9","name":"webmaster kapitalis","url":"https:\/\/kapitalis.com\/tunisie\/author\/webmaster-kapitalis\/"}]}},"_links":{"self":[{"href":"https:\/\/kapitalis.com\/tunisie\/wp-json\/wp\/v2\/posts\/12812974","targetHints":{"allow":["GET"]}}],"collection":[{"href":"https:\/\/kapitalis.com\/tunisie\/wp-json\/wp\/v2\/posts"}],"about":[{"href":"https:\/\/kapitalis.com\/tunisie\/wp-json\/wp\/v2\/types\/post"}],"author":[{"embeddable":true,"href":"https:\/\/kapitalis.com\/tunisie\/wp-json\/wp\/v2\/users\/8"}],"replies":[{"embeddable":true,"href":"https:\/\/kapitalis.com\/tunisie\/wp-json\/wp\/v2\/comments?post=12812974"}],"version-history":[{"count":1,"href":"https:\/\/kapitalis.com\/tunisie\/wp-json\/wp\/v2\/posts\/12812974\/revisions"}],"predecessor-version":[{"id":12813216,"href":"https:\/\/kapitalis.com\/tunisie\/wp-json\/wp\/v2\/posts\/12812974\/revisions\/12813216"}],"wp:featuredmedia":[{"embeddable":true,"href":"https:\/\/kapitalis.com\/tunisie\/wp-json\/wp\/v2\/media\/12813015"}],"wp:attachment":[{"href":"https:\/\/kapitalis.com\/tunisie\/wp-json\/wp\/v2\/media?parent=12812974"}],"wp:term":[{"taxonomy":"category","embeddable":true,"href":"https:\/\/kapitalis.com\/tunisie\/wp-json\/wp\/v2\/categories?post=12812974"},{"taxonomy":"post_tag","embeddable":true,"href":"https:\/\/kapitalis.com\/tunisie\/wp-json\/wp\/v2\/tags?post=12812974"}],"curies":[{"name":"wp","href":"https:\/\/api.w.org\/{rel}","templated":true}]}}