{"id":128229,"date":"2017-12-14T19:37:35","date_gmt":"2017-12-14T18:37:35","guid":{"rendered":"http:\/\/kapitalis.com\/tunisie\/?p=128229"},"modified":"2017-12-14T19:37:35","modified_gmt":"2017-12-14T18:37:35","slug":"tunisair-reconduit-partenariat-amadeus-10-ans","status":"publish","type":"post","link":"https:\/\/kapitalis.com\/tunisie\/2017\/12\/14\/tunisair-reconduit-partenariat-amadeus-10-ans\/","title":{"rendered":"Tunisair reconduit son partenariat avec Amadeus pour 10 ans"},"content":{"rendered":"<p style=\"text-align: center;\"><img loading=\"lazy\" decoding=\"async\" class=\"alignnone size-full wp-image-128231\" src=\"http:\/\/kapitalis.com\/tunisie\/wp-content\/uploads\/2017\/12\/Amadeus-Tunisair.jpg\" alt=\"\" width=\"626\" height=\"380\" \/><\/p>\n<p><em><strong>Quinze 15 compagnies a\u00e9riennes du Moyen-Orient et d\u2019Afrique du Nord, dont Tunisair, ont de renouvel\u00e9 un accord-cadre pour 10 ans avec Amadeus.<\/strong> <\/em><\/p>\n<p><!--more--><\/p>\n<p>Cet accord, qui porte sur les services de distribution, a \u00e9t\u00e9 renouvel\u00e9 lors de la derni\u00e8re assembl\u00e9e g\u00e9n\u00e9rale de l&rsquo;Organisation arabe des transporteurs a\u00e9riens (AACO) aux Emirats arabes unis.<\/p>\n<p>L\u2019accord a \u00e9t\u00e9 sign\u00e9 apr\u00e8s un processus de 18 mois durant lequel le <em>\u00abGroupe de travail pour les futures strat\u00e9gies de distribution\u00bb<\/em> de l\u2019AACO a soigneusement \u00e9valu\u00e9 un ensemble de fournisseurs de distribution et de technologie, notamment leur capacit\u00e9 \u00e0 subvenir aux besoins \u00e0 long-terme des compagnies a\u00e9riennes membres.<\/p>\n<p>Amadeus Tunisie annonce que sur le march\u00e9 tunisien, ce partenariat profitera \u00e0 la compagnie nationale en lui fournissant les outils n\u00e9cessaires lui permettant d\u2019adopter la bonne strat\u00e9gie de distribution afin d\u2019atteindre ses objectifs commerciaux individuels. Il permettra \u00e9galement de stimuler les \u00e9conomies d\u2019\u00e9chelle de la compagnie, augmenter son efficacit\u00e9 sur le plan technologique et soutiendra sa strat\u00e9gie de distribution dans le futur.<\/p>\n<p><img loading=\"lazy\" decoding=\"async\" class=\"wp-image-128232 aligncenter\" src=\"http:\/\/kapitalis.com\/tunisie\/wp-content\/uploads\/2017\/12\/Tunisair-Ali-Miaoui.jpg\" alt=\"\" width=\"500\" height=\"281\" \/><\/p>\n<p style=\"text-align: center;\"><em>Ali Miaoui (DGA de Tunisair),\u00a0Chaker Mrabet (DG Amadeus Tunisie) et Ely\u00e8s Mnakbi (Pdg Tunisair).<\/em><\/p>\n<p>Chaker Mrabet, directeur g\u00e9n\u00e9ral d\u2019Amadeus Tunisie, a d\u00e9clar\u00e9 : <em>\u00abNos agences de voyages partenaires en Tunisie continueront \u00e9galement de b\u00e9n\u00e9ficier de la vision, des comp\u00e9tences technologiques et de l\u2019approche innovante d\u2019Amadeus pour leur permettre de faire face aux d\u00e9fis du secteur dans un environnement et un contexte particuli\u00e8rement d\u00e9licats\u00bb.<\/em><\/p>\n<p>Amadeus, pr\u00e9sent dans 190 pays dont la Tunisie, est l\u2019un des premiers fournisseurs mondiaux de solutions technologiques de pointe pour l\u2019industrie du voyage et du tourisme. Les clients d\u2019Amadeus sont des fournisseurs de voyages (compagnies a\u00e9riennes, h\u00f4tels, compagnies ferroviaires et de ferries, etc.), des vendeurs de voyages (agences de voyages et sites Internet) et des acheteurs de voyages (les entreprises et voyageurs).<\/p>\n<p><em><strong>Source<\/strong><\/em> : communiqu\u00e9.<\/p>\n","protected":false},"excerpt":{"rendered":"<p>Quinze 15 compagnies a\u00e9riennes du Moyen-Orient et d\u2019Afrique du Nord, dont Tunisair, ont de renouvel\u00e9 un accord-cadre pour 10 ans avec Amadeus.<\/p>\n","protected":false},"author":8,"featured_media":128231,"comment_status":"open","ping_status":"open","sticky":false,"template":"","format":"standard","meta":{"footnotes":""},"categories":[995,2433],"tags":[1501],"class_list":["post-128229","post","type-post","status-publish","format-standard","has-post-thumbnail","hentry","category-economie","category-tunisie","tag-tunisair"],"yoast_head":"<!-- This site is optimized with the Yoast SEO plugin v26.6 - https:\/\/yoast.com\/wordpress\/plugins\/seo\/ -->\n<title>Tunisair reconduit son partenariat avec Amadeus pour 10 ans - Kapitalis<\/title>\n<meta name=\"robots\" content=\"index, follow, max-snippet:-1, max-image-preview:large, max-video-preview:-1\" \/>\n<link rel=\"canonical\" href=\"https:\/\/kapitalis.com\/tunisie\/2017\/12\/14\/tunisair-reconduit-partenariat-amadeus-10-ans\/\" \/>\n<meta property=\"og:locale\" content=\"fr_FR\" \/>\n<meta property=\"og:type\" content=\"article\" \/>\n<meta property=\"og:title\" content=\"Tunisair reconduit son partenariat avec Amadeus pour 10 ans - Kapitalis\" \/>\n<meta property=\"og:description\" content=\"Quinze 15 compagnies a\u00e9riennes du Moyen-Orient et d\u2019Afrique du Nord, dont Tunisair, ont de renouvel\u00e9 un accord-cadre pour 10 ans avec Amadeus.\" \/>\n<meta property=\"og:url\" content=\"https:\/\/kapitalis.com\/tunisie\/2017\/12\/14\/tunisair-reconduit-partenariat-amadeus-10-ans\/\" \/>\n<meta property=\"og:site_name\" content=\"Kapitalis\" \/>\n<meta property=\"article:publisher\" content=\"https:\/\/www.facebook.com\/KapitalisInfo\/\" \/>\n<meta property=\"article:published_time\" content=\"2017-12-14T18:37:35+00:00\" \/>\n<meta property=\"og:image\" content=\"https:\/\/kapitalis.com\/tunisie\/wp-content\/uploads\/2022\/05\/kapitalis-logo-fb.png\" \/>\n\t<meta property=\"og:image:width\" content=\"1200\" \/>\n\t<meta property=\"og:image:height\" content=\"630\" \/>\n\t<meta property=\"og:image:type\" content=\"image\/png\" \/>\n<meta name=\"author\" content=\"webmaster kapitalis\" \/>\n<meta name=\"twitter:card\" content=\"summary_large_image\" \/>\n<meta name=\"twitter:creator\" content=\"@KapitalisInfo\" \/>\n<meta name=\"twitter:site\" content=\"@KapitalisInfo\" \/>\n<meta name=\"twitter:label1\" content=\"\u00c9crit par\" \/>\n\t<meta name=\"twitter:data1\" content=\"webmaster kapitalis\" \/>\n\t<meta name=\"twitter:label2\" content=\"Dur\u00e9e de lecture estim\u00e9e\" \/>\n\t<meta name=\"twitter:data2\" content=\"2 minutes\" \/>\n<script type=\"application\/ld+json\" class=\"yoast-schema-graph\">{\"@context\":\"https:\/\/schema.org\",\"@graph\":[{\"@type\":\"Article\",\"@id\":\"https:\/\/kapitalis.com\/tunisie\/2017\/12\/14\/tunisair-reconduit-partenariat-amadeus-10-ans\/#article\",\"isPartOf\":{\"@id\":\"https:\/\/kapitalis.com\/tunisie\/2017\/12\/14\/tunisair-reconduit-partenariat-amadeus-10-ans\/\"},\"author\":{\"name\":\"webmaster kapitalis\",\"@id\":\"https:\/\/kapitalis.com\/tunisie\/#\/schema\/person\/d71f33a9ca44f7bad4698210b480c8e9\"},\"headline\":\"Tunisair reconduit son partenariat avec Amadeus pour 10 ans\",\"datePublished\":\"2017-12-14T18:37:35+00:00\",\"mainEntityOfPage\":{\"@id\":\"https:\/\/kapitalis.com\/tunisie\/2017\/12\/14\/tunisair-reconduit-partenariat-amadeus-10-ans\/\"},\"wordCount\":327,\"commentCount\":0,\"publisher\":{\"@id\":\"https:\/\/kapitalis.com\/tunisie\/#organization\"},\"image\":{\"@id\":\"https:\/\/kapitalis.com\/tunisie\/2017\/12\/14\/tunisair-reconduit-partenariat-amadeus-10-ans\/#primaryimage\"},\"thumbnailUrl\":\"\",\"keywords\":[\"Tunisair\"],\"articleSection\":[\"ECONOMIE\",\"Tunisie\"],\"inLanguage\":\"fr-FR\",\"potentialAction\":[{\"@type\":\"CommentAction\",\"name\":\"Comment\",\"target\":[\"https:\/\/kapitalis.com\/tunisie\/2017\/12\/14\/tunisair-reconduit-partenariat-amadeus-10-ans\/#respond\"]}]},{\"@type\":\"WebPage\",\"@id\":\"https:\/\/kapitalis.com\/tunisie\/2017\/12\/14\/tunisair-reconduit-partenariat-amadeus-10-ans\/\",\"url\":\"https:\/\/kapitalis.com\/tunisie\/2017\/12\/14\/tunisair-reconduit-partenariat-amadeus-10-ans\/\",\"name\":\"Tunisair reconduit son partenariat avec Amadeus pour 10 ans - Kapitalis\",\"isPartOf\":{\"@id\":\"https:\/\/kapitalis.com\/tunisie\/#website\"},\"primaryImageOfPage\":{\"@id\":\"https:\/\/kapitalis.com\/tunisie\/2017\/12\/14\/tunisair-reconduit-partenariat-amadeus-10-ans\/#primaryimage\"},\"image\":{\"@id\":\"https:\/\/kapitalis.com\/tunisie\/2017\/12\/14\/tunisair-reconduit-partenariat-amadeus-10-ans\/#primaryimage\"},\"thumbnailUrl\":\"\",\"datePublished\":\"2017-12-14T18:37:35+00:00\",\"breadcrumb\":{\"@id\":\"https:\/\/kapitalis.com\/tunisie\/2017\/12\/14\/tunisair-reconduit-partenariat-amadeus-10-ans\/#breadcrumb\"},\"inLanguage\":\"fr-FR\",\"potentialAction\":[{\"@type\":\"ReadAction\",\"target\":[\"https:\/\/kapitalis.com\/tunisie\/2017\/12\/14\/tunisair-reconduit-partenariat-amadeus-10-ans\/\"]}]},{\"@type\":\"ImageObject\",\"inLanguage\":\"fr-FR\",\"@id\":\"https:\/\/kapitalis.com\/tunisie\/2017\/12\/14\/tunisair-reconduit-partenariat-amadeus-10-ans\/#primaryimage\",\"url\":\"\",\"contentUrl\":\"\"},{\"@type\":\"BreadcrumbList\",\"@id\":\"https:\/\/kapitalis.com\/tunisie\/2017\/12\/14\/tunisair-reconduit-partenariat-amadeus-10-ans\/#breadcrumb\",\"itemListElement\":[{\"@type\":\"ListItem\",\"position\":1,\"name\":\"Accueil\",\"item\":\"https:\/\/kapitalis.com\/tunisie\/\"},{\"@type\":\"ListItem\",\"position\":2,\"name\":\"Tunisair reconduit son partenariat avec Amadeus pour 10 ans\"}]},{\"@type\":\"WebSite\",\"@id\":\"https:\/\/kapitalis.com\/tunisie\/#website\",\"url\":\"https:\/\/kapitalis.com\/tunisie\/\",\"name\":\"Kapitalis\",\"description\":\"L&#039;actualit\u00e9 en Tunisie et dans le monde\",\"publisher\":{\"@id\":\"https:\/\/kapitalis.com\/tunisie\/#organization\"},\"potentialAction\":[{\"@type\":\"SearchAction\",\"target\":{\"@type\":\"EntryPoint\",\"urlTemplate\":\"https:\/\/kapitalis.com\/tunisie\/?s={search_term_string}\"},\"query-input\":{\"@type\":\"PropertyValueSpecification\",\"valueRequired\":true,\"valueName\":\"search_term_string\"}}],\"inLanguage\":\"fr-FR\"},{\"@type\":\"Organization\",\"@id\":\"https:\/\/kapitalis.com\/tunisie\/#organization\",\"name\":\"Kapitalis\",\"url\":\"https:\/\/kapitalis.com\/tunisie\/\",\"logo\":{\"@type\":\"ImageObject\",\"inLanguage\":\"fr-FR\",\"@id\":\"https:\/\/kapitalis.com\/tunisie\/#\/schema\/logo\/image\/\",\"url\":\"https:\/\/kapitalis.com\/tunisie\/wp-content\/uploads\/2022\/05\/Kapitalis-big-size.png\",\"contentUrl\":\"https:\/\/kapitalis.com\/tunisie\/wp-content\/uploads\/2022\/05\/Kapitalis-big-size.png\",\"width\":5000,\"height\":1500,\"caption\":\"Kapitalis\"},\"image\":{\"@id\":\"https:\/\/kapitalis.com\/tunisie\/#\/schema\/logo\/image\/\"},\"sameAs\":[\"https:\/\/www.facebook.com\/KapitalisInfo\/\",\"https:\/\/x.com\/KapitalisInfo\",\"https:\/\/www.youtube.com\/channel\/UC-yDYrHyfFBWWZaOw3FPg9Q\"]},{\"@type\":\"Person\",\"@id\":\"https:\/\/kapitalis.com\/tunisie\/#\/schema\/person\/d71f33a9ca44f7bad4698210b480c8e9\",\"name\":\"webmaster kapitalis\",\"url\":\"https:\/\/kapitalis.com\/tunisie\/author\/webmaster-kapitalis\/\"}]}<\/script>\n<!-- \/ Yoast SEO plugin. -->","yoast_head_json":{"title":"Tunisair reconduit son partenariat avec Amadeus pour 10 ans - Kapitalis","robots":{"index":"index","follow":"follow","max-snippet":"max-snippet:-1","max-image-preview":"max-image-preview:large","max-video-preview":"max-video-preview:-1"},"canonical":"https:\/\/kapitalis.com\/tunisie\/2017\/12\/14\/tunisair-reconduit-partenariat-amadeus-10-ans\/","og_locale":"fr_FR","og_type":"article","og_title":"Tunisair reconduit son partenariat avec Amadeus pour 10 ans - Kapitalis","og_description":"Quinze 15 compagnies a\u00e9riennes du Moyen-Orient et d\u2019Afrique du Nord, dont Tunisair, ont de renouvel\u00e9 un accord-cadre pour 10 ans avec Amadeus.","og_url":"https:\/\/kapitalis.com\/tunisie\/2017\/12\/14\/tunisair-reconduit-partenariat-amadeus-10-ans\/","og_site_name":"Kapitalis","article_publisher":"https:\/\/www.facebook.com\/KapitalisInfo\/","article_published_time":"2017-12-14T18:37:35+00:00","og_image":[{"width":1200,"height":630,"url":"https:\/\/kapitalis.com\/tunisie\/wp-content\/uploads\/2022\/05\/kapitalis-logo-fb.png","type":"image\/png"}],"author":"webmaster kapitalis","twitter_card":"summary_large_image","twitter_creator":"@KapitalisInfo","twitter_site":"@KapitalisInfo","twitter_misc":{"\u00c9crit par":"webmaster kapitalis","Dur\u00e9e de lecture estim\u00e9e":"2 minutes"},"schema":{"@context":"https:\/\/schema.org","@graph":[{"@type":"Article","@id":"https:\/\/kapitalis.com\/tunisie\/2017\/12\/14\/tunisair-reconduit-partenariat-amadeus-10-ans\/#article","isPartOf":{"@id":"https:\/\/kapitalis.com\/tunisie\/2017\/12\/14\/tunisair-reconduit-partenariat-amadeus-10-ans\/"},"author":{"name":"webmaster kapitalis","@id":"https:\/\/kapitalis.com\/tunisie\/#\/schema\/person\/d71f33a9ca44f7bad4698210b480c8e9"},"headline":"Tunisair reconduit son partenariat avec Amadeus pour 10 ans","datePublished":"2017-12-14T18:37:35+00:00","mainEntityOfPage":{"@id":"https:\/\/kapitalis.com\/tunisie\/2017\/12\/14\/tunisair-reconduit-partenariat-amadeus-10-ans\/"},"wordCount":327,"commentCount":0,"publisher":{"@id":"https:\/\/kapitalis.com\/tunisie\/#organization"},"image":{"@id":"https:\/\/kapitalis.com\/tunisie\/2017\/12\/14\/tunisair-reconduit-partenariat-amadeus-10-ans\/#primaryimage"},"thumbnailUrl":"","keywords":["Tunisair"],"articleSection":["ECONOMIE","Tunisie"],"inLanguage":"fr-FR","potentialAction":[{"@type":"CommentAction","name":"Comment","target":["https:\/\/kapitalis.com\/tunisie\/2017\/12\/14\/tunisair-reconduit-partenariat-amadeus-10-ans\/#respond"]}]},{"@type":"WebPage","@id":"https:\/\/kapitalis.com\/tunisie\/2017\/12\/14\/tunisair-reconduit-partenariat-amadeus-10-ans\/","url":"https:\/\/kapitalis.com\/tunisie\/2017\/12\/14\/tunisair-reconduit-partenariat-amadeus-10-ans\/","name":"Tunisair reconduit son partenariat avec Amadeus pour 10 ans - Kapitalis","isPartOf":{"@id":"https:\/\/kapitalis.com\/tunisie\/#website"},"primaryImageOfPage":{"@id":"https:\/\/kapitalis.com\/tunisie\/2017\/12\/14\/tunisair-reconduit-partenariat-amadeus-10-ans\/#primaryimage"},"image":{"@id":"https:\/\/kapitalis.com\/tunisie\/2017\/12\/14\/tunisair-reconduit-partenariat-amadeus-10-ans\/#primaryimage"},"thumbnailUrl":"","datePublished":"2017-12-14T18:37:35+00:00","breadcrumb":{"@id":"https:\/\/kapitalis.com\/tunisie\/2017\/12\/14\/tunisair-reconduit-partenariat-amadeus-10-ans\/#breadcrumb"},"inLanguage":"fr-FR","potentialAction":[{"@type":"ReadAction","target":["https:\/\/kapitalis.com\/tunisie\/2017\/12\/14\/tunisair-reconduit-partenariat-amadeus-10-ans\/"]}]},{"@type":"ImageObject","inLanguage":"fr-FR","@id":"https:\/\/kapitalis.com\/tunisie\/2017\/12\/14\/tunisair-reconduit-partenariat-amadeus-10-ans\/#primaryimage","url":"","contentUrl":""},{"@type":"BreadcrumbList","@id":"https:\/\/kapitalis.com\/tunisie\/2017\/12\/14\/tunisair-reconduit-partenariat-amadeus-10-ans\/#breadcrumb","itemListElement":[{"@type":"ListItem","position":1,"name":"Accueil","item":"https:\/\/kapitalis.com\/tunisie\/"},{"@type":"ListItem","position":2,"name":"Tunisair reconduit son partenariat avec Amadeus pour 10 ans"}]},{"@type":"WebSite","@id":"https:\/\/kapitalis.com\/tunisie\/#website","url":"https:\/\/kapitalis.com\/tunisie\/","name":"Kapitalis","description":"L&#039;actualit\u00e9 en Tunisie et dans le monde","publisher":{"@id":"https:\/\/kapitalis.com\/tunisie\/#organization"},"potentialAction":[{"@type":"SearchAction","target":{"@type":"EntryPoint","urlTemplate":"https:\/\/kapitalis.com\/tunisie\/?s={search_term_string}"},"query-input":{"@type":"PropertyValueSpecification","valueRequired":true,"valueName":"search_term_string"}}],"inLanguage":"fr-FR"},{"@type":"Organization","@id":"https:\/\/kapitalis.com\/tunisie\/#organization","name":"Kapitalis","url":"https:\/\/kapitalis.com\/tunisie\/","logo":{"@type":"ImageObject","inLanguage":"fr-FR","@id":"https:\/\/kapitalis.com\/tunisie\/#\/schema\/logo\/image\/","url":"https:\/\/kapitalis.com\/tunisie\/wp-content\/uploads\/2022\/05\/Kapitalis-big-size.png","contentUrl":"https:\/\/kapitalis.com\/tunisie\/wp-content\/uploads\/2022\/05\/Kapitalis-big-size.png","width":5000,"height":1500,"caption":"Kapitalis"},"image":{"@id":"https:\/\/kapitalis.com\/tunisie\/#\/schema\/logo\/image\/"},"sameAs":["https:\/\/www.facebook.com\/KapitalisInfo\/","https:\/\/x.com\/KapitalisInfo","https:\/\/www.youtube.com\/channel\/UC-yDYrHyfFBWWZaOw3FPg9Q"]},{"@type":"Person","@id":"https:\/\/kapitalis.com\/tunisie\/#\/schema\/person\/d71f33a9ca44f7bad4698210b480c8e9","name":"webmaster kapitalis","url":"https:\/\/kapitalis.com\/tunisie\/author\/webmaster-kapitalis\/"}]}},"_links":{"self":[{"href":"https:\/\/kapitalis.com\/tunisie\/wp-json\/wp\/v2\/posts\/128229","targetHints":{"allow":["GET"]}}],"collection":[{"href":"https:\/\/kapitalis.com\/tunisie\/wp-json\/wp\/v2\/posts"}],"about":[{"href":"https:\/\/kapitalis.com\/tunisie\/wp-json\/wp\/v2\/types\/post"}],"author":[{"embeddable":true,"href":"https:\/\/kapitalis.com\/tunisie\/wp-json\/wp\/v2\/users\/8"}],"replies":[{"embeddable":true,"href":"https:\/\/kapitalis.com\/tunisie\/wp-json\/wp\/v2\/comments?post=128229"}],"version-history":[{"count":0,"href":"https:\/\/kapitalis.com\/tunisie\/wp-json\/wp\/v2\/posts\/128229\/revisions"}],"wp:featuredmedia":[{"embeddable":true,"href":"https:\/\/kapitalis.com\/tunisie\/wp-json\/wp\/v2\/media\/128231"}],"wp:attachment":[{"href":"https:\/\/kapitalis.com\/tunisie\/wp-json\/wp\/v2\/media?parent=128229"}],"wp:term":[{"taxonomy":"category","embeddable":true,"href":"https:\/\/kapitalis.com\/tunisie\/wp-json\/wp\/v2\/categories?post=128229"},{"taxonomy":"post_tag","embeddable":true,"href":"https:\/\/kapitalis.com\/tunisie\/wp-json\/wp\/v2\/tags?post=128229"}],"curies":[{"name":"wp","href":"https:\/\/api.w.org\/{rel}","templated":true}]}}