{"id":12833,"date":"2015-09-08T07:36:50","date_gmt":"2015-09-08T06:36:50","guid":{"rendered":"http:\/\/kapitalis.com\/tunisie\/?p=12833"},"modified":"2015-09-09T15:50:11","modified_gmt":"2015-09-09T14:50:11","slug":"loasis-de-gabes-un-patrimoine-a-sauver-et-a-valoriser","status":"publish","type":"post","link":"https:\/\/kapitalis.com\/tunisie\/2015\/09\/08\/loasis-de-gabes-un-patrimoine-a-sauver-et-a-valoriser\/","title":{"rendered":"L\u2019oasis de Gab\u00e8s, un patrimoine \u00e0 sauver et \u00e0 valoriser"},"content":{"rendered":"<p><img loading=\"lazy\" decoding=\"async\" class=\"alignnone size-full wp-image-12834 aligncenter\" src=\"http:\/\/kapitalis.com\/tunisie\/wp-content\/uploads\/2015\/09\/Oasis-de-Chenini-Gabes.jpg\" alt=\"Oasis-de-Chenini-Gabes\" width=\"626\" height=\"380\" \/><\/p>\n<p><em><strong>La cause de l\u2019oasis de Gab\u00e8s n\u2019est pas encore perdue. Elle reste d\u00e9fendable. Alors d\u00e9fendons-l\u00e0. C\u2019est notre int\u00e9r\u00eat.<\/strong><\/em><\/p>\n<p>Par <strong>Abdellatif Mrabet<\/strong>*<\/p>\n<p><!--more--><\/p>\n<p>En 2008, le minist\u00e8re tunisien de l\u2019Environnement et du D\u00e9veloppement durable a fait inscrire l\u2019oasis de Gab\u00e8s en tant que site de cat\u00e9gorie mixte \u2013 \u00e0 la fois naturel (crit\u00e8res Unesco VII et X) et culturel (crit\u00e8re IV) \u2013 sur la liste indicative de l\u2019Unesco.<\/p>\n<p>Cependant,\u00a0 sept ans apr\u00e8s en avoir proclam\u00e9 \u2013 et revendiqu\u00e9 \u2013 la valeur universelle exceptionnelle, ce m\u00eame minist\u00e8re n\u2019a toujours pas propos\u00e9 l\u2019inscription d\u00e9finitive de cette oasis sur la liste du patrimoine mondial. Qu\u2019en est-il? Comment relancer ce dossier, honorer notre engagement vis-\u00e0-vis de l\u2019Unesco et, surtout, proc\u00e9der \u00e0 la protection d\u2019un important pan de notre patrimoine national?<\/p>\n<p><strong>Des potentialit\u00e9s patrimoniales remarquables <\/strong><\/p>\n<p>Les atouts et les caract\u00e9ristiques de la candidature de l\u2019oasis de Gab\u00e8s tels que soulign\u00e9s dans le dossier soumis \u00e0 l\u2019Unesco renvoient \u00e0 des potentialit\u00e9s patrimoniales remarquables qui justifient pleinement l\u2019int\u00e9r\u00eat du site tant au plan national qu\u2019\u00e0 celui international.<\/p>\n<p>Ce sont:<\/p>\n<p>&#8211; une remarquable position m\u00e9diterran\u00e9enne, celle d\u2019un ensemble d\u2019oasis littorales de dimensions variables qui bordent le rivage de la Petite Syrte et s\u2019\u00e9gr\u00e8nent en une dizaine d\u2019\u00eelots de verdure dont le chapelet forme un paysage unique au monde anciennement d\u00e9crit par Pline l\u2019Ancien, au 1er si\u00e8cle de notre \u00e8re;<\/p>\n<p>&#8211; une riche biodiversit\u00e9 soutenue par un \u00e9cosyst\u00e8me original bas\u00e9 sur un microclimat oasien ainsi que sur une bonne exploitation des ressources naturelles en eau et en sol; d\u00e9clin\u00e9e en trois \u00e9tages de cultures, la flore y associe le palmier en hauteur, des arbres fruitiers \u00e0 l\u2019\u00e9tage m\u00e9dian \u2013 grenadier, olivier, figuier, vigne \u2013 et des cultures mara\u00eech\u00e8res et des c\u00e9r\u00e9ales \u00e0 fleur de sol\u2026 Aussi vari\u00e9e, \u00e0 la fois aquatique et terrestre, la faune y est \u00e9galement riche avec \u2013 entre autres esp\u00e8ces \u2013 une importante diversit\u00e9 d\u2019oiseaux aussi bien migrateurs que s\u00e9dentaires&#8230;<\/p>\n<p>&#8211; un patrimoine aux expressions diverses, en bonne ad\u00e9quation tant avec le milieu oasien qu\u2019avec l\u2019histoire et la culture mat\u00e9rielle de ses habitants; dans ce champ, la dimension culturelle principale est inh\u00e9rente \u00e0 l\u2019eau, autour de pratiques hydrauliques originales que ce soit par le juste partage du liquide pr\u00e9cieux entre les diff\u00e9rents usagers ou par la gestion savante de l\u2019irrigation et du drainage dans les jardins. Cependant, le patrimoine est aussi dans d\u2019autres savoir-faire et d\u2019autres usages, \u00e9l\u00e9ments d\u2019une v\u00e9ritable culture mat\u00e9rielle oasienne qui transpara\u00eet jusque dans certaines\u00a0 activit\u00e9s artisanales, telles celles li\u00e9es au palmier \u2013 par l\u2019exploitation int\u00e9grale de l\u2019arbre, en fruits mais aussi en bois et en nervures \u2013, \u00e0 la vannerie, au travail de la laine \u2013 le margoum de Ouedhref \u2013, \u00e0 la p\u00eache, ou encore \u00e0 travers des pratiques alimentaires et de conservation bien particuli\u00e8res\u2026<\/p>\n<p style=\"text-align: center;\"><img loading=\"lazy\" decoding=\"async\" class=\"alignnone size-full wp-image-12835\" src=\"http:\/\/kapitalis.com\/tunisie\/wp-content\/uploads\/2015\/09\/Oasis-de-Jara.jpg\" alt=\"Oasis-de-Jara\" width=\"500\" height=\"350\" \/><\/p>\n<p style=\"text-align: center;\"><em>Oasis de Jara.<\/em><\/p>\n<p><strong>Des d\u00e9gradations en s\u00e9rie<\/strong><\/p>\n<p>Cependant, ainsi bross\u00e9 \u00e0 grands traits, ce tableau patrimonial ne correspond\u00a0 plus aujourd\u2019hui \u00e0 l\u2019\u00e9tat r\u00e9el du site. Victime de l\u2019incurie administrative et de la grave pollution g\u00e9n\u00e9r\u00e9e par les activit\u00e9s industrielles lourdes \u2013 chimiques \u2013 qui y ont \u00e9t\u00e9 mises en place d\u00e8s les ann\u00e9es 1970, l\u2019oasis de Gab\u00e8s a beaucoup perdu de son int\u00e9grit\u00e9.<\/p>\n<p>Parmi les\u00a0 multiples d\u00e9gradations qu\u2019elle a subies, il y a lieu de mentionner :<\/p>\n<p>&#8211; l\u2019urbanisation croissante \u2013 laisser-faire des municipalit\u00e9s et prolif\u00e9ration des constructions illicites, notamment depuis la r\u00e9volution \u2013 et la r\u00e9duction remarquable de la superficie cultiv\u00e9e dans les oasis de Jara, de Chott Essalem et de Menzel;<\/p>\n<p>&#8211; la r\u00e9gression cons\u00e9quente de l\u2019activit\u00e9 agricole;<\/p>\n<p>&#8211; le tarissement des sources, l\u2019hydromorphie et la salinisation des eaux en raison de la surexploitation des nappes et faute d\u2019entretien des traditionnels drains en terre et leur remplacement par des canalisations en b\u00e9ton ou en PVC;<\/p>\n<p>&#8211; la mise \u00e0 mal de la biodiversit\u00e9 notamment v\u00e9g\u00e9tale avec la diminution de plusieurs cultivars de palmier (selon certains rapports, il n\u2019en reste plus que 5 contre 45) et d\u2019arbres fruitiers suite \u00e0 leur d\u00e9valorisation \u00e9conomique; de m\u00eame certaines esp\u00e8ces fauniques se trouvent \u00e9galement menac\u00e9es, victimes de la s\u00e9v\u00e8re pollution de l\u2019air, des sols et, aux dires de certains, m\u00eame des eaux\u2026<\/p>\n<p><strong>Des projets \u00e0 port\u00e9es diverses<\/strong><\/p>\n<p>Certes, face \u00e0 cette situation, l\u2019Etat tunisien n\u2019a pas manqu\u00e9 de r\u00e9action, en diligentant des projets de port\u00e9es diverses, les uns nationaux, les autres, les plus nombreux, en coop\u00e9ration, \u00e0 l\u2019international.<\/p>\n<p>Parmi les grands projets, il y a lieu de mentionner celui tout r\u00e9cent de<em> \u00abgouvernance environnementale\u00bb<\/em> financ\u00e9 par l\u2019Union europ\u00e9enne (5 millions d\u2019euros sous forme de don) ainsi que celui relatif \u00e0 la \u00ab<em>gestion durable des syst\u00e8mes oasiens\u00bb<\/em> (6 millions de dollars par le Fonds pour l\u2019environnement mondial).<\/p>\n<p>A mentionner \u00e9galement d\u2019importants rapports et de diff\u00e9rentes \u00e9tudes ciblant des sujets fort divers tel que le changement climatique (<em>\u2018\u2018Comment en prot\u00e9ger les oasis\u2019\u2019,<\/em> \u00e9tude du minist\u00e8re de l\u2019Environnement\/GIZ, 2012), ou <em>\u2018\u2018La gouvernance des ressources naturelles\u2019\u2019<\/em> (l\u2019Union internationale pour la conservation de la nature, UICN, en 2010), ou encore le projet relatif \u00e0 la gestion des aquif\u00e8res c\u00f4tiers des oasis de Gab\u00e8s qui, initi\u00e9 en 2009 pour trois ann\u00e9es, est soutenu par le Fonds fran\u00e7ais pour l\u2019environnement mondial (FFEM)\u2026<\/p>\n<p>Toutefois, jusqu\u2019ici, lointaines, de faible visibilit\u00e9 \u2013 malgr\u00e9 une m\u00e9diatisation parfois assez\u00a0 soutenue \u2013, non suivies de l\u2019engagement sur terrain et de l\u2019\u00e9nergie que n\u00e9cessite le traitement de la situation actuelle de l\u2019oasis, ces mesures n\u2019ont\u00a0 abouti \u00e0 rien de concret\u2026 L\u2019environnement continue \u00e0 se d\u00e9grader au grand dam des citoyens qui, de d\u00e9sespoir, en sont parfois venus \u00e0 des\u00a0 r\u00e9actions\u00a0 extr\u00eames, m\u00eal\u00e9es \u00e0 la fois de contestation, d\u2019indignation et de fatalisme\u2026 Les associations, quant \u00e0 elles, font ce qu\u2019elles peuvent en d\u00e9non\u00e7ant et en appelant \u00e0 l\u2019application de l\u2019article 45 de la nouvelle constitution\u2026 Cependant, jusqu\u2019ici, elles ne semblent pas plus entendues que les Gab\u00e9siens eux-m\u00eames\u2026<\/p>\n<p>Sur le strict plan du patrimoine, la situation n\u2019est gu\u00e8re plus reluisante. Hormis cette d\u00e9claration d\u2019intention de 2008 enregistr\u00e9e aupr\u00e8s de l\u2019Unesco, l\u2019Etat, \u00e0 notre connaissance, n\u2019a pas engag\u00e9 la moindre action d\u2019envergure visant la sauvegarde ou la valorisation de l\u2019oasis en tant que telle! A vrai dire, rien n\u2019a \u00e9t\u00e9 fait pour la valorisation et la sauvegarde de ce patrimoine. L\u2019oasis se meurt \u00e0 petit feu min\u00e9e par la pollution et d\u00e9laiss\u00e9e par les pouvoirs publics. Le minist\u00e8re de la Culture, \u00e0 ce jour, n\u2019a pas\u00a0 de programme particulier pour cette oasis que l\u2019Etat souhaite inscrire sur la liste du patrimoine mondial.<\/p>\n<p><strong>Des actions \u00e0 entreprendre<\/strong><\/p>\n<p>Pourtant, sur terrain, m\u00eame \u00e0 des niveaux modestes de gestion et de <em>\u00abminimum\u00bb<\/em> patrimonial, que d\u2019actions \u00e0 entreprendre. Ainsi, s\u2019agissant de patrimoine culturel mat\u00e9riel, on peut en urgence en envisager plusieurs qui concernent :<\/p>\n<p>&#8211; les sites arch\u00e9ologiques les plus vuln\u00e9rables parmi ceux d\u00e9j\u00e0 r\u00e9pertori\u00e9s et signal\u00e9s pour protection urgente d\u00e8s l\u2019an 2000, lors de l\u2019\u00e9tablissement de la carte arch\u00e9ologique, feuille Gab\u00e8s (147) ;<\/p>\n<p>&#8211; les monuments hydrauliques en rapport avec l\u2019oasis (le barrage romain de Chenini, la digue romaine de Erremathi\u2026);<\/p>\n<p>&#8211; les mosqu\u00e9es, mausol\u00e9es et autres espaces cultuels, \u00e0 l\u2019exemple de la mosqu\u00e9e Sidi Idriss de la Petite Jara ou de l\u2019\u00e9cole mouradite \u00e0 Sidi Boulbaba;<\/p>\n<p>&#8211; les vestiges des installations d\u2019\u00e9poque coloniale en rapport avec le projet de la mer int\u00e9rieure (la maison F. Lesseps \u00e0 Chott Ouedhref, ses entrep\u00f4ts) ou avec celui du chemin de fer transsaharien Gab\u00e8s-Ghadam\u00e8s (tron\u00e7ons de rails et pont encore visible sur la route MC Gab\u00e8s-Matmata);<\/p>\n<p>&#8211; quelques constructions de l\u2019\u00e9poque coloniale, \u00e0 l\u2019exemple de l\u2019h\u00f4tel Atlantic dans la ville m\u00eame de Gab\u00e8s (o\u00f9 Rommel s\u2019installa\u00a0 pour quelque temps, en 1943) ou du camp en terre de Ras El-Oued\/Chenini, premier lieu de casernement de l\u2019arm\u00e9e fran\u00e7aise apr\u00e8s son d\u00e9barquement en1881\u2026<\/p>\n<p>Pour le patrimoine culturel immat\u00e9riel, les propositions peuvent \u00eatre bien plus\u00a0 nombreuses tant riche est le patrimoine oasien et tant sont vari\u00e9s les pratiques, les savoirs, les techniques et les usages qui s\u2019y rapportent.<br \/>\nPourquoi alors tant d\u2019immobilisme ? Est-ce du renoncement ?<\/p>\n<p><strong>Plus de fermet\u00e9 \u00e0 l\u2019\u00e9gard des pollueurs \u00a0<\/strong><\/p>\n<p>Certes, il ne fait pas de doute que l\u2019\u00e9tat de l\u2019oasis s\u2019est beaucoup d\u00e9grad\u00e9 ces derni\u00e8res ann\u00e9es. Toutefois, son cas n\u2019est pas d\u00e9sesp\u00e9r\u00e9 et son sauvetage demeure possible pour peu qu\u2019on y mette la volont\u00e9 n\u00e9cessaire.<\/p>\n<p>La pollution, aussi s\u00e9v\u00e8re soit-elle, peut\u00a0 toujours trouver rem\u00e8de dans des\u00a0 mesures justes et r\u00e9paratrices que l\u2019Etat se doit de prendre, en urgence et avec la fermet\u00e9 qui s\u2019impose. Les rapports et \u00e9tudes d\u00e9j\u00e0 mentionn\u00e9s font \u00e9tat d\u2019une panoplie de solutions techniques dont il faut choisir les plus efficaces et arr\u00eater en cons\u00e9quence les d\u00e9cisions qui s\u2019imposent !<\/p>\n<p>Cependant, autant qu\u2019elle en appelle \u00e0 la responsabilit\u00e9 et au courage des \u00abpolitiques\u00bb, la situation de l\u2019oasis exige la mobilisation et la solidarit\u00e9 de tous les acteurs. En l\u2019esp\u00e8ce, s\u2019agissant de ce dossier, le minist\u00e8re de l\u2019Environnement \u2013 ou la direction g\u00e9n\u00e9rale de l\u2019environnement et de la qualit\u00e9 de la vie au sein de l\u2019actuel minist\u00e8re de l\u2019Equipement, de l\u2019Am\u00e9nagement du territoire et du D\u00e9veloppement durable \u2013 doit imp\u00e9rativement\u00a0 mobiliser et s\u2019associer un certain nombre de partenaires, car la protection du patrimoine interpelle et concerne une multitude d\u2019instances, \u00e0 commencer, au sein de ce m\u00eame d\u00e9partement minist\u00e9riel, de l\u2019Agence de protection et d\u2019am\u00e9nagement du littoral (Apal) et de l\u2019Agence nationale de protection de l\u2019environnement (ANPE). Ces deux institutions, de par leur objet, sont en effet appel\u00e9es \u00e0 intervenir davantage dans ce dossier. Il y va de leur cr\u00e9dibilit\u00e9. C\u2019est d\u2019ailleurs ce que r\u00e9clament les associations qui, \u00e0 l\u2019instar d\u2019Al-Oufok pour le d\u00e9veloppement durable, les appellent \u00e0 plus de fermet\u00e9 \u00e0 l\u2019\u00e9gard des pollueurs (colloque international de janvier 2012)!<\/p>\n<p style=\"text-align: center;\"><img loading=\"lazy\" decoding=\"async\" class=\"alignnone size-full wp-image-12836\" src=\"http:\/\/kapitalis.com\/tunisie\/wp-content\/uploads\/2015\/09\/Artisanat-de-Gabes.jpg\" alt=\"Artisanat-de-Gabes\" width=\"500\" height=\"350\" \/><\/p>\n<p style=\"text-align: center;\"><em>Un savoir-faire artisanal imm\u00e9morial.<\/em><\/p>\n<p><strong>Le r\u00f4le du d\u00e9partement de la Culture<\/strong><\/p>\n<p>S\u2019agissant du partenariat, on s\u2019\u00e9tonne que le minist\u00e8re de la Culture, d\u00e9partement, officiellement en charge de la gestion du patrimoine culturel et, \u00e0 ce titre, repr\u00e9sentant de l\u2019Etat tunisien aupr\u00e8s de l\u2019Unesco pour le patrimoine mondial, n\u2019ait pas \u00e9t\u00e9 d\u2019entr\u00e9e associ\u00e9 \u00e0 ce projet. En \u00e9tant enregistr\u00e9e dans la cat\u00e9gorie dite site mixte \u2013 \u00e0 la fois culturel et naturel \u2013, la candidature m\u00eame de l\u2019oasis exige \u2013 ipso facto \u2013 le recours au partenariat et ce tant en amont, \u00e0 la constitution du dossier par l\u2019Etat partie, qu\u2019en aval, au moment de sa soumission \u00e0 l\u2019\u00e9valuation au sein de l\u2019Unesco, par les soins du Conseil international des monuments et des sites (Icomos) pour le culturel et l\u2019Union internationale pour la conservation de la nature (UICN) pour le naturel.<\/p>\n<p>Nous sugg\u00e9rons en cons\u00e9quence que le dossier soit trait\u00e9 en partage avec ce minist\u00e8re via son Institut national du patrimoine (INP), institution rest\u00e9e anormalement non impliqu\u00e9e alors qu\u2019elle est juridiquement et techniquement comp\u00e9tente pour tout ce qui \u00e0 trait \u00e0 l\u2019inventaire et \u00e0 l\u2019\u00e9tude du patrimoine culturel. L\u2019INP doit \u00eatre imp\u00e9rativement saisi de ce dossier. Les actions \u00e0 entreprendre \u00e9num\u00e9r\u00e9es ci-haut doivent \u00eatre inscrites au plus t\u00f4t dans ses priorit\u00e9s. Idem, au sein m\u00eame du minist\u00e8re de la Culture, pour la direction g\u00e9n\u00e9rale du patrimoine qui doit veiller au suivi et veiller \u00e0 ce que l\u2019engagement de l\u2019Etat soit honor\u00e9. Il est, par ailleurs, recommand\u00e9 que cette instance ait parmi ses services un bureau en charge de tels dossiers patrimoine mondial\/Unesco. Quant \u00e0 la Commission nationale du patrimoine, nous l\u2019appelons \u00e0 se prononcer d\u00e8s que possible\u00a0 sur l\u2019opportunit\u00e9 de classer les monuments d\u00e9j\u00e0 indiqu\u00e9s, notamment le barrage romain de Chenini et l\u2019h\u00f4tel Atlantique qui r\u00e9clament un sauvetage et une protection d\u2019extr\u00eame urgence !<\/p>\n<p><strong>Les autres d\u00e9partements concern\u00e9s<\/strong><\/p>\n<p>De par sa complexit\u00e9 et parce qu\u2019il est par d\u00e9finition pluridisciplinaire, ce dossier exige aussi la participation d\u2019autres actants, eux aussi, habilit\u00e9s \u2013 chacun dans sa sp\u00e9cialit\u00e9 \u2013 \u00e0 intervenir pour en permettre le traitement dans de bonnes conditions. Ici, faute de pouvoir les \u00e9num\u00e9rer tous, \u00e9voquons-en ceux qui peuvent d\u2019ores et d\u00e9j\u00e0 r\u00e9pondre \u00e0 l\u2019urgence\u00a0 et aux exigences du dossier :<br \/>\n&#8211; le minist\u00e8re de l\u2019Enseignement sup\u00e9rieur et de la Recherche scientifique dont l\u2019action au travers de ses laboratoires de recherche et par ses \u00e9coles doctorales peut prolonger et compl\u00e9ter celles des autres intervenants : Institut national du patrimoine (INP\/ minist\u00e8re de la Culture), Apal, ANPE\u2026<\/p>\n<p>&#8211; le minist\u00e8re du Tourisme et de l\u2019Artisanat dont l\u2019action est attendue pour ce qui est de la promotion de l\u2019artisanat oasien, \u00e0 savoir la vannerie locale \u00e0 base de feuilles de palmier tress\u00e9es pour la confection de chapeaux, de couffins, de couvercles de plats, d\u2019\u00e9ventails, autant de produits qui, issus de traditions s\u00e9culaires, r\u00e9sistent \u00e0 la concurrence des produits modernes. Il en va de m\u00eame, d\u2019une autre activit\u00e9 de production de paniers de toutes formes \u00e0 partir de tiges de roseau savamment agenc\u00e9es. L\u2019action du minist\u00e8re est \u00e9galement souhaitable pour la relance de ce tourisme aujourd\u2019hui dit culturel et que l\u2019oasis avait d\u00e9j\u00e0 connu dans les ann\u00e9es 1960, avant que ne viennent s\u2019y implanter les activit\u00e9s industrielles du Groupe chimique tunisien (GCT);<\/p>\n<p>&#8211; il faut de m\u00eame solliciter le minist\u00e8re de l\u2019Agriculture dont on attend la r\u00e9habilitation du travail de la terre et la remise en selle des activit\u00e9s agricoles d\u00e9pr\u00e9ci\u00e9es\u2026<\/p>\n<p>Certes, parmi les minist\u00e8res, il y a d\u2019autres partenaires tels que l\u2019Int\u00e9rieur, le D\u00e9veloppement (notamment par le biais de l\u2019Office de d\u00e9veloppement du Sud\/ODS ) ou les Domaines de l\u2019Etat, autant d\u2019instances qui doivent travailler en r\u00e9seau et veiller \u00e0 faire de leur mieux pour honorer les engagements de l\u2019Etat en mati\u00e8re de patrimoine.<\/p>\n<p><strong>La n\u00e9cessaire participation des Gab\u00e9siens<\/strong><\/p>\n<p>Cependant, insuffisant de lui-m\u00eame \u00e0 garantir la patrimonialisation requise, le travail \u00abofficiel\u00bb de tous ces organismes doit aussi s\u2019accompagner d\u2019une concertation ouverte et continue\u00a0 avec les populations locales. Or, il faut le dire, \u00e0 Gab\u00e8s, celles-ci, ont \u00e9t\u00e9 soigneusement tenues \u00e0 l\u2019\u00e9cart du projet! De m\u00eame, furent ignor\u00e9es les associations, \u00e0 l\u2019exemple de la dynamique Association pour la sauvegarde de l\u2019oasis de Chenini (Asoc) ainsi que l\u2019association Al-Oufok pour le d\u00e9veloppement durable qui, justement, d\u2019elles-m\u00eames, militent en faveur de l\u2019inscription de l\u2019oasis sur la liste du patrimoine mondial.<\/p>\n<p>La reprise du dossier exige donc qu\u2019on rem\u00e9die au plus vite \u00e0 ce d\u00e9faut de concertation avec les Gab\u00e9siens eux-m\u00eames car, c\u2019est de leur patrimoine qu\u2019il s\u2019agit et on ne peut valoriser et prot\u00e9ger l\u2019oasis de fa\u00e7on efficace et durable sans leur concours.<\/p>\n<p>Bien entendu, pour ce faire, les autorit\u00e9s\u00a0 locales sont aussi appel\u00e9es \u00e0 assumer leurs charges de fa\u00e7on \u00e0 \u0153uvrer \u00e0 leur tour pour la protection, la valorisation et la promotion de ce patrimoine sis sur leurs territoires. Or, jusqu\u2019ici, s\u2019agissant de ce dossier de l\u2019oasis de Gab\u00e8s, exception faite peut-\u00eatre de la commune de Chenini-Nahal qui, en tandem avec l\u2019association Asoc, est parvenue \u00e0 quelques r\u00e9alisations de nature \u00e0 servir l\u2019oasis locale, force est de constater l\u2019insuffisance g\u00e9n\u00e9rale et la faiblesse de l\u2019action municipale. L\u00e0 aussi, donc, la mobilisation doit \u00eatre de r\u00e8gle. Les conseils municipaux, les associations et les citoyens doivent travailler la main dans la main pour sauvegarder ce bel h\u00e9ritage.<\/p>\n<p>Non encore perdue, la cause de l\u2019oasis reste d\u00e9fendable. D\u00e9fendons-l\u00e0 ! C\u2019est notre int\u00e9r\u00eat !<\/p>\n<p><em>* Directeur du laboratoire de recherche \u00ab\u00a0Occupation du sol, peuplement et modes de vie dans le Maghreb antique et m\u00e9di\u00e9val\u00a0\u00bb \u00e0 l&rsquo;Universit\u00e9 de Sousse (Tunisie).<\/em><\/p>\n","protected":false},"excerpt":{"rendered":"<p>La cause de l\u2019oasis de Gab\u00e8s n\u2019est pas encore perdue. Elle reste d\u00e9fendable. Alors d\u00e9fendons-l\u00e0. C\u2019est notre int\u00e9r\u00eat. Par Abdellatif Mrabet*<\/p>\n","protected":false},"author":8,"featured_media":12834,"comment_status":"open","ping_status":"open","sticky":false,"template":"","format":"standard","meta":{"footnotes":""},"categories":[992,1000,2433],"tags":[5706,406,3519,4573,697,1068],"class_list":["post-12833","post","type-post","status-publish","format-standard","has-post-thumbnail","hentry","category-a-la-une","category-tribune","category-tunisie","tag-chenini","tag-gabes","tag-mareth","tag-oasis","tag-patrimoine","tag-unesco"],"yoast_head":"<!-- This site is optimized with the Yoast SEO plugin v26.6 - https:\/\/yoast.com\/wordpress\/plugins\/seo\/ -->\n<title>L\u2019oasis de Gab\u00e8s, un patrimoine \u00e0 sauver et \u00e0 valoriser - Kapitalis<\/title>\n<meta name=\"robots\" content=\"index, follow, max-snippet:-1, max-image-preview:large, max-video-preview:-1\" \/>\n<link rel=\"canonical\" href=\"https:\/\/kapitalis.com\/tunisie\/2015\/09\/08\/loasis-de-gabes-un-patrimoine-a-sauver-et-a-valoriser\/\" \/>\n<meta property=\"og:locale\" content=\"fr_FR\" \/>\n<meta property=\"og:type\" content=\"article\" \/>\n<meta property=\"og:title\" content=\"L\u2019oasis de Gab\u00e8s, un patrimoine \u00e0 sauver et \u00e0 valoriser - Kapitalis\" \/>\n<meta property=\"og:description\" content=\"La cause de l\u2019oasis de Gab\u00e8s n\u2019est pas encore perdue. Elle reste d\u00e9fendable. Alors d\u00e9fendons-l\u00e0. C\u2019est notre int\u00e9r\u00eat. Par Abdellatif Mrabet*\" \/>\n<meta property=\"og:url\" content=\"https:\/\/kapitalis.com\/tunisie\/2015\/09\/08\/loasis-de-gabes-un-patrimoine-a-sauver-et-a-valoriser\/\" \/>\n<meta property=\"og:site_name\" content=\"Kapitalis\" \/>\n<meta property=\"article:publisher\" content=\"https:\/\/www.facebook.com\/KapitalisInfo\/\" \/>\n<meta property=\"article:published_time\" content=\"2015-09-08T06:36:50+00:00\" \/>\n<meta property=\"article:modified_time\" content=\"2015-09-09T14:50:11+00:00\" \/>\n<meta property=\"og:image\" content=\"https:\/\/kapitalis.com\/tunisie\/wp-content\/uploads\/2022\/05\/kapitalis-logo-fb.png\" \/>\n\t<meta property=\"og:image:width\" content=\"1200\" \/>\n\t<meta property=\"og:image:height\" content=\"630\" \/>\n\t<meta property=\"og:image:type\" content=\"image\/png\" \/>\n<meta name=\"author\" content=\"webmaster kapitalis\" \/>\n<meta name=\"twitter:card\" content=\"summary_large_image\" \/>\n<meta name=\"twitter:creator\" content=\"@KapitalisInfo\" \/>\n<meta name=\"twitter:site\" content=\"@KapitalisInfo\" \/>\n<meta name=\"twitter:label1\" content=\"\u00c9crit par\" \/>\n\t<meta name=\"twitter:data1\" content=\"webmaster kapitalis\" \/>\n\t<meta name=\"twitter:label2\" content=\"Dur\u00e9e de lecture estim\u00e9e\" \/>\n\t<meta name=\"twitter:data2\" content=\"14 minutes\" \/>\n<script type=\"application\/ld+json\" class=\"yoast-schema-graph\">{\"@context\":\"https:\/\/schema.org\",\"@graph\":[{\"@type\":\"Article\",\"@id\":\"https:\/\/kapitalis.com\/tunisie\/2015\/09\/08\/loasis-de-gabes-un-patrimoine-a-sauver-et-a-valoriser\/#article\",\"isPartOf\":{\"@id\":\"https:\/\/kapitalis.com\/tunisie\/2015\/09\/08\/loasis-de-gabes-un-patrimoine-a-sauver-et-a-valoriser\/\"},\"author\":{\"name\":\"webmaster kapitalis\",\"@id\":\"https:\/\/kapitalis.com\/tunisie\/#\/schema\/person\/d71f33a9ca44f7bad4698210b480c8e9\"},\"headline\":\"L\u2019oasis de Gab\u00e8s, un patrimoine \u00e0 sauver et \u00e0 valoriser\",\"datePublished\":\"2015-09-08T06:36:50+00:00\",\"dateModified\":\"2015-09-09T14:50:11+00:00\",\"mainEntityOfPage\":{\"@id\":\"https:\/\/kapitalis.com\/tunisie\/2015\/09\/08\/loasis-de-gabes-un-patrimoine-a-sauver-et-a-valoriser\/\"},\"wordCount\":2816,\"commentCount\":2,\"publisher\":{\"@id\":\"https:\/\/kapitalis.com\/tunisie\/#organization\"},\"image\":{\"@id\":\"https:\/\/kapitalis.com\/tunisie\/2015\/09\/08\/loasis-de-gabes-un-patrimoine-a-sauver-et-a-valoriser\/#primaryimage\"},\"thumbnailUrl\":\"\",\"keywords\":[\"Chenini\",\"Gab\u00e8s\",\"Mareth\",\"oasis\",\"patrimoine\",\"Unesco\"],\"articleSection\":[\"A LA UNE\",\"TRIBUNE\",\"Tunisie\"],\"inLanguage\":\"fr-FR\",\"potentialAction\":[{\"@type\":\"CommentAction\",\"name\":\"Comment\",\"target\":[\"https:\/\/kapitalis.com\/tunisie\/2015\/09\/08\/loasis-de-gabes-un-patrimoine-a-sauver-et-a-valoriser\/#respond\"]}]},{\"@type\":\"WebPage\",\"@id\":\"https:\/\/kapitalis.com\/tunisie\/2015\/09\/08\/loasis-de-gabes-un-patrimoine-a-sauver-et-a-valoriser\/\",\"url\":\"https:\/\/kapitalis.com\/tunisie\/2015\/09\/08\/loasis-de-gabes-un-patrimoine-a-sauver-et-a-valoriser\/\",\"name\":\"L\u2019oasis de Gab\u00e8s, un patrimoine \u00e0 sauver et \u00e0 valoriser - Kapitalis\",\"isPartOf\":{\"@id\":\"https:\/\/kapitalis.com\/tunisie\/#website\"},\"primaryImageOfPage\":{\"@id\":\"https:\/\/kapitalis.com\/tunisie\/2015\/09\/08\/loasis-de-gabes-un-patrimoine-a-sauver-et-a-valoriser\/#primaryimage\"},\"image\":{\"@id\":\"https:\/\/kapitalis.com\/tunisie\/2015\/09\/08\/loasis-de-gabes-un-patrimoine-a-sauver-et-a-valoriser\/#primaryimage\"},\"thumbnailUrl\":\"\",\"datePublished\":\"2015-09-08T06:36:50+00:00\",\"dateModified\":\"2015-09-09T14:50:11+00:00\",\"breadcrumb\":{\"@id\":\"https:\/\/kapitalis.com\/tunisie\/2015\/09\/08\/loasis-de-gabes-un-patrimoine-a-sauver-et-a-valoriser\/#breadcrumb\"},\"inLanguage\":\"fr-FR\",\"potentialAction\":[{\"@type\":\"ReadAction\",\"target\":[\"https:\/\/kapitalis.com\/tunisie\/2015\/09\/08\/loasis-de-gabes-un-patrimoine-a-sauver-et-a-valoriser\/\"]}]},{\"@type\":\"ImageObject\",\"inLanguage\":\"fr-FR\",\"@id\":\"https:\/\/kapitalis.com\/tunisie\/2015\/09\/08\/loasis-de-gabes-un-patrimoine-a-sauver-et-a-valoriser\/#primaryimage\",\"url\":\"\",\"contentUrl\":\"\"},{\"@type\":\"BreadcrumbList\",\"@id\":\"https:\/\/kapitalis.com\/tunisie\/2015\/09\/08\/loasis-de-gabes-un-patrimoine-a-sauver-et-a-valoriser\/#breadcrumb\",\"itemListElement\":[{\"@type\":\"ListItem\",\"position\":1,\"name\":\"Accueil\",\"item\":\"https:\/\/kapitalis.com\/tunisie\/\"},{\"@type\":\"ListItem\",\"position\":2,\"name\":\"L\u2019oasis de Gab\u00e8s, un patrimoine \u00e0 sauver et \u00e0 valoriser\"}]},{\"@type\":\"WebSite\",\"@id\":\"https:\/\/kapitalis.com\/tunisie\/#website\",\"url\":\"https:\/\/kapitalis.com\/tunisie\/\",\"name\":\"Kapitalis\",\"description\":\"L&#039;actualit\u00e9 en Tunisie et dans le monde\",\"publisher\":{\"@id\":\"https:\/\/kapitalis.com\/tunisie\/#organization\"},\"potentialAction\":[{\"@type\":\"SearchAction\",\"target\":{\"@type\":\"EntryPoint\",\"urlTemplate\":\"https:\/\/kapitalis.com\/tunisie\/?s={search_term_string}\"},\"query-input\":{\"@type\":\"PropertyValueSpecification\",\"valueRequired\":true,\"valueName\":\"search_term_string\"}}],\"inLanguage\":\"fr-FR\"},{\"@type\":\"Organization\",\"@id\":\"https:\/\/kapitalis.com\/tunisie\/#organization\",\"name\":\"Kapitalis\",\"url\":\"https:\/\/kapitalis.com\/tunisie\/\",\"logo\":{\"@type\":\"ImageObject\",\"inLanguage\":\"fr-FR\",\"@id\":\"https:\/\/kapitalis.com\/tunisie\/#\/schema\/logo\/image\/\",\"url\":\"https:\/\/kapitalis.com\/tunisie\/wp-content\/uploads\/2022\/05\/Kapitalis-big-size.png\",\"contentUrl\":\"https:\/\/kapitalis.com\/tunisie\/wp-content\/uploads\/2022\/05\/Kapitalis-big-size.png\",\"width\":5000,\"height\":1500,\"caption\":\"Kapitalis\"},\"image\":{\"@id\":\"https:\/\/kapitalis.com\/tunisie\/#\/schema\/logo\/image\/\"},\"sameAs\":[\"https:\/\/www.facebook.com\/KapitalisInfo\/\",\"https:\/\/x.com\/KapitalisInfo\",\"https:\/\/www.youtube.com\/channel\/UC-yDYrHyfFBWWZaOw3FPg9Q\"]},{\"@type\":\"Person\",\"@id\":\"https:\/\/kapitalis.com\/tunisie\/#\/schema\/person\/d71f33a9ca44f7bad4698210b480c8e9\",\"name\":\"webmaster kapitalis\",\"url\":\"https:\/\/kapitalis.com\/tunisie\/author\/webmaster-kapitalis\/\"}]}<\/script>\n<!-- \/ Yoast SEO plugin. -->","yoast_head_json":{"title":"L\u2019oasis de Gab\u00e8s, un patrimoine \u00e0 sauver et \u00e0 valoriser - Kapitalis","robots":{"index":"index","follow":"follow","max-snippet":"max-snippet:-1","max-image-preview":"max-image-preview:large","max-video-preview":"max-video-preview:-1"},"canonical":"https:\/\/kapitalis.com\/tunisie\/2015\/09\/08\/loasis-de-gabes-un-patrimoine-a-sauver-et-a-valoriser\/","og_locale":"fr_FR","og_type":"article","og_title":"L\u2019oasis de Gab\u00e8s, un patrimoine \u00e0 sauver et \u00e0 valoriser - Kapitalis","og_description":"La cause de l\u2019oasis de Gab\u00e8s n\u2019est pas encore perdue. Elle reste d\u00e9fendable. Alors d\u00e9fendons-l\u00e0. C\u2019est notre int\u00e9r\u00eat. Par Abdellatif Mrabet*","og_url":"https:\/\/kapitalis.com\/tunisie\/2015\/09\/08\/loasis-de-gabes-un-patrimoine-a-sauver-et-a-valoriser\/","og_site_name":"Kapitalis","article_publisher":"https:\/\/www.facebook.com\/KapitalisInfo\/","article_published_time":"2015-09-08T06:36:50+00:00","article_modified_time":"2015-09-09T14:50:11+00:00","og_image":[{"width":1200,"height":630,"url":"https:\/\/kapitalis.com\/tunisie\/wp-content\/uploads\/2022\/05\/kapitalis-logo-fb.png","type":"image\/png"}],"author":"webmaster kapitalis","twitter_card":"summary_large_image","twitter_creator":"@KapitalisInfo","twitter_site":"@KapitalisInfo","twitter_misc":{"\u00c9crit par":"webmaster kapitalis","Dur\u00e9e de lecture estim\u00e9e":"14 minutes"},"schema":{"@context":"https:\/\/schema.org","@graph":[{"@type":"Article","@id":"https:\/\/kapitalis.com\/tunisie\/2015\/09\/08\/loasis-de-gabes-un-patrimoine-a-sauver-et-a-valoriser\/#article","isPartOf":{"@id":"https:\/\/kapitalis.com\/tunisie\/2015\/09\/08\/loasis-de-gabes-un-patrimoine-a-sauver-et-a-valoriser\/"},"author":{"name":"webmaster kapitalis","@id":"https:\/\/kapitalis.com\/tunisie\/#\/schema\/person\/d71f33a9ca44f7bad4698210b480c8e9"},"headline":"L\u2019oasis de Gab\u00e8s, un patrimoine \u00e0 sauver et \u00e0 valoriser","datePublished":"2015-09-08T06:36:50+00:00","dateModified":"2015-09-09T14:50:11+00:00","mainEntityOfPage":{"@id":"https:\/\/kapitalis.com\/tunisie\/2015\/09\/08\/loasis-de-gabes-un-patrimoine-a-sauver-et-a-valoriser\/"},"wordCount":2816,"commentCount":2,"publisher":{"@id":"https:\/\/kapitalis.com\/tunisie\/#organization"},"image":{"@id":"https:\/\/kapitalis.com\/tunisie\/2015\/09\/08\/loasis-de-gabes-un-patrimoine-a-sauver-et-a-valoriser\/#primaryimage"},"thumbnailUrl":"","keywords":["Chenini","Gab\u00e8s","Mareth","oasis","patrimoine","Unesco"],"articleSection":["A LA UNE","TRIBUNE","Tunisie"],"inLanguage":"fr-FR","potentialAction":[{"@type":"CommentAction","name":"Comment","target":["https:\/\/kapitalis.com\/tunisie\/2015\/09\/08\/loasis-de-gabes-un-patrimoine-a-sauver-et-a-valoriser\/#respond"]}]},{"@type":"WebPage","@id":"https:\/\/kapitalis.com\/tunisie\/2015\/09\/08\/loasis-de-gabes-un-patrimoine-a-sauver-et-a-valoriser\/","url":"https:\/\/kapitalis.com\/tunisie\/2015\/09\/08\/loasis-de-gabes-un-patrimoine-a-sauver-et-a-valoriser\/","name":"L\u2019oasis de Gab\u00e8s, un patrimoine \u00e0 sauver et \u00e0 valoriser - Kapitalis","isPartOf":{"@id":"https:\/\/kapitalis.com\/tunisie\/#website"},"primaryImageOfPage":{"@id":"https:\/\/kapitalis.com\/tunisie\/2015\/09\/08\/loasis-de-gabes-un-patrimoine-a-sauver-et-a-valoriser\/#primaryimage"},"image":{"@id":"https:\/\/kapitalis.com\/tunisie\/2015\/09\/08\/loasis-de-gabes-un-patrimoine-a-sauver-et-a-valoriser\/#primaryimage"},"thumbnailUrl":"","datePublished":"2015-09-08T06:36:50+00:00","dateModified":"2015-09-09T14:50:11+00:00","breadcrumb":{"@id":"https:\/\/kapitalis.com\/tunisie\/2015\/09\/08\/loasis-de-gabes-un-patrimoine-a-sauver-et-a-valoriser\/#breadcrumb"},"inLanguage":"fr-FR","potentialAction":[{"@type":"ReadAction","target":["https:\/\/kapitalis.com\/tunisie\/2015\/09\/08\/loasis-de-gabes-un-patrimoine-a-sauver-et-a-valoriser\/"]}]},{"@type":"ImageObject","inLanguage":"fr-FR","@id":"https:\/\/kapitalis.com\/tunisie\/2015\/09\/08\/loasis-de-gabes-un-patrimoine-a-sauver-et-a-valoriser\/#primaryimage","url":"","contentUrl":""},{"@type":"BreadcrumbList","@id":"https:\/\/kapitalis.com\/tunisie\/2015\/09\/08\/loasis-de-gabes-un-patrimoine-a-sauver-et-a-valoriser\/#breadcrumb","itemListElement":[{"@type":"ListItem","position":1,"name":"Accueil","item":"https:\/\/kapitalis.com\/tunisie\/"},{"@type":"ListItem","position":2,"name":"L\u2019oasis de Gab\u00e8s, un patrimoine \u00e0 sauver et \u00e0 valoriser"}]},{"@type":"WebSite","@id":"https:\/\/kapitalis.com\/tunisie\/#website","url":"https:\/\/kapitalis.com\/tunisie\/","name":"Kapitalis","description":"L&#039;actualit\u00e9 en Tunisie et dans le monde","publisher":{"@id":"https:\/\/kapitalis.com\/tunisie\/#organization"},"potentialAction":[{"@type":"SearchAction","target":{"@type":"EntryPoint","urlTemplate":"https:\/\/kapitalis.com\/tunisie\/?s={search_term_string}"},"query-input":{"@type":"PropertyValueSpecification","valueRequired":true,"valueName":"search_term_string"}}],"inLanguage":"fr-FR"},{"@type":"Organization","@id":"https:\/\/kapitalis.com\/tunisie\/#organization","name":"Kapitalis","url":"https:\/\/kapitalis.com\/tunisie\/","logo":{"@type":"ImageObject","inLanguage":"fr-FR","@id":"https:\/\/kapitalis.com\/tunisie\/#\/schema\/logo\/image\/","url":"https:\/\/kapitalis.com\/tunisie\/wp-content\/uploads\/2022\/05\/Kapitalis-big-size.png","contentUrl":"https:\/\/kapitalis.com\/tunisie\/wp-content\/uploads\/2022\/05\/Kapitalis-big-size.png","width":5000,"height":1500,"caption":"Kapitalis"},"image":{"@id":"https:\/\/kapitalis.com\/tunisie\/#\/schema\/logo\/image\/"},"sameAs":["https:\/\/www.facebook.com\/KapitalisInfo\/","https:\/\/x.com\/KapitalisInfo","https:\/\/www.youtube.com\/channel\/UC-yDYrHyfFBWWZaOw3FPg9Q"]},{"@type":"Person","@id":"https:\/\/kapitalis.com\/tunisie\/#\/schema\/person\/d71f33a9ca44f7bad4698210b480c8e9","name":"webmaster kapitalis","url":"https:\/\/kapitalis.com\/tunisie\/author\/webmaster-kapitalis\/"}]}},"_links":{"self":[{"href":"https:\/\/kapitalis.com\/tunisie\/wp-json\/wp\/v2\/posts\/12833","targetHints":{"allow":["GET"]}}],"collection":[{"href":"https:\/\/kapitalis.com\/tunisie\/wp-json\/wp\/v2\/posts"}],"about":[{"href":"https:\/\/kapitalis.com\/tunisie\/wp-json\/wp\/v2\/types\/post"}],"author":[{"embeddable":true,"href":"https:\/\/kapitalis.com\/tunisie\/wp-json\/wp\/v2\/users\/8"}],"replies":[{"embeddable":true,"href":"https:\/\/kapitalis.com\/tunisie\/wp-json\/wp\/v2\/comments?post=12833"}],"version-history":[{"count":0,"href":"https:\/\/kapitalis.com\/tunisie\/wp-json\/wp\/v2\/posts\/12833\/revisions"}],"wp:featuredmedia":[{"embeddable":true,"href":"https:\/\/kapitalis.com\/tunisie\/wp-json\/wp\/v2\/media\/12834"}],"wp:attachment":[{"href":"https:\/\/kapitalis.com\/tunisie\/wp-json\/wp\/v2\/media?parent=12833"}],"wp:term":[{"taxonomy":"category","embeddable":true,"href":"https:\/\/kapitalis.com\/tunisie\/wp-json\/wp\/v2\/categories?post=12833"},{"taxonomy":"post_tag","embeddable":true,"href":"https:\/\/kapitalis.com\/tunisie\/wp-json\/wp\/v2\/tags?post=12833"}],"curies":[{"name":"wp","href":"https:\/\/api.w.org\/{rel}","templated":true}]}}