{"id":128612,"date":"2017-12-18T09:46:33","date_gmt":"2017-12-18T08:46:33","guid":{"rendered":"http:\/\/kapitalis.com\/tunisie\/?p=128612"},"modified":"2017-12-18T10:33:56","modified_gmt":"2017-12-18T09:33:56","slug":"lupl-lorgne-sur-le-gouvernement-de-chahed","status":"publish","type":"post","link":"https:\/\/kapitalis.com\/tunisie\/2017\/12\/18\/lupl-lorgne-sur-le-gouvernement-de-chahed\/","title":{"rendered":"L&rsquo;UPL lorgne sur le gouvernement de Chahed"},"content":{"rendered":"<p style=\"text-align: center;\"><img loading=\"lazy\" decoding=\"async\" class=\"alignnone size-full wp-image-128655\" src=\"http:\/\/kapitalis.com\/tunisie\/wp-content\/uploads\/2017\/12\/Chahed_Chaouachi.jpg\" alt=\"\" width=\"626\" height=\"380\" \/><\/p>\n<p><em><strong>La porte-parole de l&rsquo;UPL a appel\u00e9 Youssef Chahed \u00e0 exprimer sa position sur la demande du bureau politique d&rsquo;Afek \u00e0 ses ministres de quitter le gouvernement.<\/strong><\/em><!--more--><\/p>\n<p>Dans une d\u00e9claration \u00e0 l&rsquo;agence Tunis Afrique Presse (Tap), hier, dimanche 17 d\u00e9cembre 2017, Samira Chaouachi,\u00a0membre du bureau politique de l&rsquo;Union patriotique libre (UPL), a indiqu\u00e9 que\u00a0le chef du gouvernement doit choisir entre laisser tomber certains de ses ministres membres d&rsquo;Afek Tounes ou prendre les mesures n\u00e9cessaires \u00e0 leur encontre.<\/p>\n<p>Elle fait ainsi allusion aux critiques que le pr\u00e9sident de ce parti Yassine Brahim ne cesse d&rsquo;adresser au gouvernement d&rsquo;union nationale o\u00f9 il compte pourtant 2 ministres et un secr\u00e9taire d&rsquo;Etat, ne sachant plus s&rsquo;il est encore membre de la coalition gouvernementale ou s&rsquo;il est d\u00e9j\u00e0 pass\u00e9 dans l&rsquo;opposition.<\/p>\n<p>Cette situation a d&rsquo;ailleurs cr\u00e9\u00e9 des bisbilles et des malentendus au sein m\u00eame d&rsquo;Afek Tounes.\u00a0En effet, depuis vendredi dernier, le parti connait une crise suite \u00e0 la d\u00e9cision de\u00a0geler leur\u00a0adh\u00e9sion annonc\u00e9e par le\u00a0ministre des Affaires locales et de l&rsquo;Environnement, Riadh Mouakher, des d\u00e9put\u00e9s Hager Ben Cheikh Ahmed et Anouar Ladhar et de l&rsquo;ancienne secr\u00e9taire d&rsquo;Etat \u00e0 la Jeunesse et au Sport, Faten Kallel, ainsi que celle du bureau politique du parti de quitter le gouvernement et l&rsquo;Accord de Carthage\u00a0sur la base duquel il l&rsquo;a int\u00e9gr\u00e9.<\/p>\n<p>Voyant dans ces p\u00e9rip\u00e9ties\u00a0une opportunit\u00e9 \u00e0 ne pas rater pour int\u00e9grer le gouvernement,\u00a0la porte-parole de l&rsquo;UPL a indiqu\u00e9, dans sa d\u00e9claration \u00e0 la Tap, qu&rsquo;elle respecte la d\u00e9cision d&rsquo;Afek de quitter\u00a0l&rsquo;Accord de Carthage, tout en\u00a0appelant les ministres et leurs partis respectifs \u00e0 soutenir le gouvernement d&rsquo;union nationale, feignant d&rsquo;oublier que son parti, qui avait sign\u00e9 cet accord, en ao\u00fbt 2016, \u00e9tait le premier \u00e0 le renier. Slim Riahi, pr\u00e9sident de l&rsquo;UPL, avait m\u00eame d\u00e9clar\u00e9 avoir d\u00e9chir\u00e9 le texte de cet accord. Il n&rsquo;y a que les idiots qui ne changent pas d&rsquo;avis, et M. Riahi est un malin qui sait retourner sa veste au bon moment.<\/p>\n<p>Poursuivi dans des affaires de corruption et de blanchiment d&rsquo;argent par le p\u00f4le judiciaire et financier, il fait des mains et des pieds pour faire entrer son parti au gouvernement et tenter ainsi d&rsquo;influencer la justice. Son rapprochement r\u00e9cent avec les deux partis au pouvoir, Nidaa et Ennahdha, s&rsquo;inscrit dans cette op\u00e9ration d&rsquo;auto-sauvetage. Ses dossiers judiciaires vont-ils \u00eatre ferm\u00e9s l&rsquo;un apr\u00e8s apr\u00e8s l&rsquo;autre ? <em>Wait and see&#8230;<\/em><\/p>\n<p style=\"text-align: right;\"><strong>E. B. A.<\/strong><\/p>\n<blockquote class=\"wp-embedded-content\" data-secret=\"9jFf47g22e\"><p><a href=\"https:\/\/kapitalis.com\/tunisie\/2017\/12\/16\/afek-ben-cheikh-ahmed-et-laadhar-gelent-leur-adhesion\/\">Afek : Ben Cheikh Ahmed et Laadhar g\u00e8lent leur adh\u00e9sion<\/a><\/p><\/blockquote>\n<p><iframe loading=\"lazy\" class=\"wp-embedded-content\" sandbox=\"allow-scripts\" security=\"restricted\" style=\"position: absolute; clip: rect(1px, 1px, 1px, 1px);\" title=\"\u00ab\u00a0Afek : Ben Cheikh Ahmed et Laadhar g\u00e8lent leur adh\u00e9sion\u00a0\u00bb &#8212; Kapitalis\" src=\"https:\/\/kapitalis.com\/tunisie\/2017\/12\/16\/afek-ben-cheikh-ahmed-et-laadhar-gelent-leur-adhesion\/embed\/#?secret=WHFDFAM7Pr#?secret=9jFf47g22e\" data-secret=\"9jFf47g22e\" width=\"600\" height=\"338\" frameborder=\"0\" marginwidth=\"0\" marginheight=\"0\" scrolling=\"no\"><\/iframe><\/p>\n<blockquote class=\"wp-embedded-content\" data-secret=\"jgy5srj6an\"><p><a href=\"https:\/\/kapitalis.com\/tunisie\/2017\/12\/15\/chaouachi-brahim-doit-choisir-entre-le-gouvernement-et-lopposition\/\">Chaouachi : Brahim doit choisir entre le gouvernement et l&rsquo;opposition<\/a><\/p><\/blockquote>\n<p><iframe loading=\"lazy\" class=\"wp-embedded-content\" sandbox=\"allow-scripts\" security=\"restricted\" style=\"position: absolute; clip: rect(1px, 1px, 1px, 1px);\" title=\"\u00ab\u00a0Chaouachi : Brahim doit choisir entre le gouvernement et l&rsquo;opposition\u00a0\u00bb &#8212; Kapitalis\" src=\"https:\/\/kapitalis.com\/tunisie\/2017\/12\/15\/chaouachi-brahim-doit-choisir-entre-le-gouvernement-et-lopposition\/embed\/#?secret=22tCsbGiMj#?secret=jgy5srj6an\" data-secret=\"jgy5srj6an\" width=\"600\" height=\"338\" frameborder=\"0\" marginwidth=\"0\" marginheight=\"0\" scrolling=\"no\"><\/iframe><\/p>\n","protected":false},"excerpt":{"rendered":"<p>La porte-parole de l&rsquo;UPL a appel\u00e9 Youssef Chahed \u00e0 exprimer sa position sur la demande du bureau politique d&rsquo;Afek \u00e0 ses ministres de quitter le gouvernement.<\/p>\n","protected":false},"author":16,"featured_media":128617,"comment_status":"open","ping_status":"open","sticky":false,"template":"","format":"standard","meta":{"footnotes":""},"categories":[997,2433],"tags":[4568,25748,22789,17018,4205],"class_list":["post-128612","post","type-post","status-publish","format-standard","has-post-thumbnail","hentry","category-politique","category-tunisie","tag-afek-tounes","tag-faten-kallel","tag-hager-ben-cheikh-ahmed","tag-samira-chaouachi","tag-union-patriotique-libre"],"yoast_head":"<!-- This site is optimized with the Yoast SEO plugin v26.6 - https:\/\/yoast.com\/wordpress\/plugins\/seo\/ -->\n<title>L&#039;UPL lorgne sur le gouvernement de Chahed - Kapitalis<\/title>\n<meta name=\"robots\" content=\"index, follow, max-snippet:-1, max-image-preview:large, max-video-preview:-1\" \/>\n<link rel=\"canonical\" href=\"https:\/\/kapitalis.com\/tunisie\/2017\/12\/18\/lupl-lorgne-sur-le-gouvernement-de-chahed\/\" \/>\n<meta property=\"og:locale\" content=\"fr_FR\" \/>\n<meta property=\"og:type\" content=\"article\" \/>\n<meta property=\"og:title\" content=\"L&#039;UPL lorgne sur le gouvernement de Chahed - Kapitalis\" \/>\n<meta property=\"og:description\" content=\"La porte-parole de l&rsquo;UPL a appel\u00e9 Youssef Chahed \u00e0 exprimer sa position sur la demande du bureau politique d&rsquo;Afek \u00e0 ses ministres de quitter le gouvernement.\" \/>\n<meta property=\"og:url\" content=\"https:\/\/kapitalis.com\/tunisie\/2017\/12\/18\/lupl-lorgne-sur-le-gouvernement-de-chahed\/\" \/>\n<meta property=\"og:site_name\" content=\"Kapitalis\" \/>\n<meta property=\"article:publisher\" content=\"https:\/\/www.facebook.com\/KapitalisInfo\/\" \/>\n<meta property=\"article:published_time\" content=\"2017-12-18T08:46:33+00:00\" \/>\n<meta property=\"article:modified_time\" content=\"2017-12-18T09:33:56+00:00\" \/>\n<meta property=\"og:image\" content=\"https:\/\/kapitalis.com\/tunisie\/wp-content\/uploads\/2022\/05\/kapitalis-logo-fb.png\" \/>\n\t<meta property=\"og:image:width\" content=\"1200\" \/>\n\t<meta property=\"og:image:height\" content=\"630\" \/>\n\t<meta property=\"og:image:type\" content=\"image\/png\" \/>\n<meta name=\"author\" content=\"emna benabdallah\" \/>\n<meta name=\"twitter:card\" content=\"summary_large_image\" \/>\n<meta name=\"twitter:creator\" content=\"@KapitalisInfo\" \/>\n<meta name=\"twitter:site\" content=\"@KapitalisInfo\" \/>\n<meta name=\"twitter:label1\" content=\"\u00c9crit par\" \/>\n\t<meta name=\"twitter:data1\" content=\"emna benabdallah\" \/>\n\t<meta name=\"twitter:label2\" content=\"Dur\u00e9e de lecture estim\u00e9e\" \/>\n\t<meta name=\"twitter:data2\" content=\"2 minutes\" \/>\n<script type=\"application\/ld+json\" class=\"yoast-schema-graph\">{\"@context\":\"https:\/\/schema.org\",\"@graph\":[{\"@type\":\"Article\",\"@id\":\"https:\/\/kapitalis.com\/tunisie\/2017\/12\/18\/lupl-lorgne-sur-le-gouvernement-de-chahed\/#article\",\"isPartOf\":{\"@id\":\"https:\/\/kapitalis.com\/tunisie\/2017\/12\/18\/lupl-lorgne-sur-le-gouvernement-de-chahed\/\"},\"author\":{\"name\":\"emna benabdallah\",\"@id\":\"https:\/\/kapitalis.com\/tunisie\/#\/schema\/person\/2c6e134b2f3369dffcd1daf5f087d28b\"},\"headline\":\"L&rsquo;UPL lorgne sur le gouvernement de Chahed\",\"datePublished\":\"2017-12-18T08:46:33+00:00\",\"dateModified\":\"2017-12-18T09:33:56+00:00\",\"mainEntityOfPage\":{\"@id\":\"https:\/\/kapitalis.com\/tunisie\/2017\/12\/18\/lupl-lorgne-sur-le-gouvernement-de-chahed\/\"},\"wordCount\":429,\"commentCount\":1,\"publisher\":{\"@id\":\"https:\/\/kapitalis.com\/tunisie\/#organization\"},\"image\":{\"@id\":\"https:\/\/kapitalis.com\/tunisie\/2017\/12\/18\/lupl-lorgne-sur-le-gouvernement-de-chahed\/#primaryimage\"},\"thumbnailUrl\":\"\",\"keywords\":[\"Afek Tounes\",\"Faten Kallel\",\"Hager Ben Cheikh Ahmed\",\"Samira Chaouachi\",\"Union patriotique libre\"],\"articleSection\":[\"POLITIQUE\",\"Tunisie\"],\"inLanguage\":\"fr-FR\",\"potentialAction\":[{\"@type\":\"CommentAction\",\"name\":\"Comment\",\"target\":[\"https:\/\/kapitalis.com\/tunisie\/2017\/12\/18\/lupl-lorgne-sur-le-gouvernement-de-chahed\/#respond\"]}]},{\"@type\":\"WebPage\",\"@id\":\"https:\/\/kapitalis.com\/tunisie\/2017\/12\/18\/lupl-lorgne-sur-le-gouvernement-de-chahed\/\",\"url\":\"https:\/\/kapitalis.com\/tunisie\/2017\/12\/18\/lupl-lorgne-sur-le-gouvernement-de-chahed\/\",\"name\":\"L'UPL lorgne sur le gouvernement de Chahed - Kapitalis\",\"isPartOf\":{\"@id\":\"https:\/\/kapitalis.com\/tunisie\/#website\"},\"primaryImageOfPage\":{\"@id\":\"https:\/\/kapitalis.com\/tunisie\/2017\/12\/18\/lupl-lorgne-sur-le-gouvernement-de-chahed\/#primaryimage\"},\"image\":{\"@id\":\"https:\/\/kapitalis.com\/tunisie\/2017\/12\/18\/lupl-lorgne-sur-le-gouvernement-de-chahed\/#primaryimage\"},\"thumbnailUrl\":\"\",\"datePublished\":\"2017-12-18T08:46:33+00:00\",\"dateModified\":\"2017-12-18T09:33:56+00:00\",\"breadcrumb\":{\"@id\":\"https:\/\/kapitalis.com\/tunisie\/2017\/12\/18\/lupl-lorgne-sur-le-gouvernement-de-chahed\/#breadcrumb\"},\"inLanguage\":\"fr-FR\",\"potentialAction\":[{\"@type\":\"ReadAction\",\"target\":[\"https:\/\/kapitalis.com\/tunisie\/2017\/12\/18\/lupl-lorgne-sur-le-gouvernement-de-chahed\/\"]}]},{\"@type\":\"ImageObject\",\"inLanguage\":\"fr-FR\",\"@id\":\"https:\/\/kapitalis.com\/tunisie\/2017\/12\/18\/lupl-lorgne-sur-le-gouvernement-de-chahed\/#primaryimage\",\"url\":\"\",\"contentUrl\":\"\"},{\"@type\":\"BreadcrumbList\",\"@id\":\"https:\/\/kapitalis.com\/tunisie\/2017\/12\/18\/lupl-lorgne-sur-le-gouvernement-de-chahed\/#breadcrumb\",\"itemListElement\":[{\"@type\":\"ListItem\",\"position\":1,\"name\":\"Accueil\",\"item\":\"https:\/\/kapitalis.com\/tunisie\/\"},{\"@type\":\"ListItem\",\"position\":2,\"name\":\"L&rsquo;UPL lorgne sur le gouvernement de Chahed\"}]},{\"@type\":\"WebSite\",\"@id\":\"https:\/\/kapitalis.com\/tunisie\/#website\",\"url\":\"https:\/\/kapitalis.com\/tunisie\/\",\"name\":\"Kapitalis\",\"description\":\"L&#039;actualit\u00e9 en Tunisie et dans le monde\",\"publisher\":{\"@id\":\"https:\/\/kapitalis.com\/tunisie\/#organization\"},\"potentialAction\":[{\"@type\":\"SearchAction\",\"target\":{\"@type\":\"EntryPoint\",\"urlTemplate\":\"https:\/\/kapitalis.com\/tunisie\/?s={search_term_string}\"},\"query-input\":{\"@type\":\"PropertyValueSpecification\",\"valueRequired\":true,\"valueName\":\"search_term_string\"}}],\"inLanguage\":\"fr-FR\"},{\"@type\":\"Organization\",\"@id\":\"https:\/\/kapitalis.com\/tunisie\/#organization\",\"name\":\"Kapitalis\",\"url\":\"https:\/\/kapitalis.com\/tunisie\/\",\"logo\":{\"@type\":\"ImageObject\",\"inLanguage\":\"fr-FR\",\"@id\":\"https:\/\/kapitalis.com\/tunisie\/#\/schema\/logo\/image\/\",\"url\":\"https:\/\/kapitalis.com\/tunisie\/wp-content\/uploads\/2022\/05\/Kapitalis-big-size.png\",\"contentUrl\":\"https:\/\/kapitalis.com\/tunisie\/wp-content\/uploads\/2022\/05\/Kapitalis-big-size.png\",\"width\":5000,\"height\":1500,\"caption\":\"Kapitalis\"},\"image\":{\"@id\":\"https:\/\/kapitalis.com\/tunisie\/#\/schema\/logo\/image\/\"},\"sameAs\":[\"https:\/\/www.facebook.com\/KapitalisInfo\/\",\"https:\/\/x.com\/KapitalisInfo\",\"https:\/\/www.youtube.com\/channel\/UC-yDYrHyfFBWWZaOw3FPg9Q\"]},{\"@type\":\"Person\",\"@id\":\"https:\/\/kapitalis.com\/tunisie\/#\/schema\/person\/2c6e134b2f3369dffcd1daf5f087d28b\",\"name\":\"emna benabdallah\",\"url\":\"https:\/\/kapitalis.com\/tunisie\/author\/emna\/\"}]}<\/script>\n<!-- \/ Yoast SEO plugin. -->","yoast_head_json":{"title":"L'UPL lorgne sur le gouvernement de Chahed - Kapitalis","robots":{"index":"index","follow":"follow","max-snippet":"max-snippet:-1","max-image-preview":"max-image-preview:large","max-video-preview":"max-video-preview:-1"},"canonical":"https:\/\/kapitalis.com\/tunisie\/2017\/12\/18\/lupl-lorgne-sur-le-gouvernement-de-chahed\/","og_locale":"fr_FR","og_type":"article","og_title":"L'UPL lorgne sur le gouvernement de Chahed - Kapitalis","og_description":"La porte-parole de l&rsquo;UPL a appel\u00e9 Youssef Chahed \u00e0 exprimer sa position sur la demande du bureau politique d&rsquo;Afek \u00e0 ses ministres de quitter le gouvernement.","og_url":"https:\/\/kapitalis.com\/tunisie\/2017\/12\/18\/lupl-lorgne-sur-le-gouvernement-de-chahed\/","og_site_name":"Kapitalis","article_publisher":"https:\/\/www.facebook.com\/KapitalisInfo\/","article_published_time":"2017-12-18T08:46:33+00:00","article_modified_time":"2017-12-18T09:33:56+00:00","og_image":[{"width":1200,"height":630,"url":"https:\/\/kapitalis.com\/tunisie\/wp-content\/uploads\/2022\/05\/kapitalis-logo-fb.png","type":"image\/png"}],"author":"emna benabdallah","twitter_card":"summary_large_image","twitter_creator":"@KapitalisInfo","twitter_site":"@KapitalisInfo","twitter_misc":{"\u00c9crit par":"emna benabdallah","Dur\u00e9e de lecture estim\u00e9e":"2 minutes"},"schema":{"@context":"https:\/\/schema.org","@graph":[{"@type":"Article","@id":"https:\/\/kapitalis.com\/tunisie\/2017\/12\/18\/lupl-lorgne-sur-le-gouvernement-de-chahed\/#article","isPartOf":{"@id":"https:\/\/kapitalis.com\/tunisie\/2017\/12\/18\/lupl-lorgne-sur-le-gouvernement-de-chahed\/"},"author":{"name":"emna benabdallah","@id":"https:\/\/kapitalis.com\/tunisie\/#\/schema\/person\/2c6e134b2f3369dffcd1daf5f087d28b"},"headline":"L&rsquo;UPL lorgne sur le gouvernement de Chahed","datePublished":"2017-12-18T08:46:33+00:00","dateModified":"2017-12-18T09:33:56+00:00","mainEntityOfPage":{"@id":"https:\/\/kapitalis.com\/tunisie\/2017\/12\/18\/lupl-lorgne-sur-le-gouvernement-de-chahed\/"},"wordCount":429,"commentCount":1,"publisher":{"@id":"https:\/\/kapitalis.com\/tunisie\/#organization"},"image":{"@id":"https:\/\/kapitalis.com\/tunisie\/2017\/12\/18\/lupl-lorgne-sur-le-gouvernement-de-chahed\/#primaryimage"},"thumbnailUrl":"","keywords":["Afek Tounes","Faten Kallel","Hager Ben Cheikh Ahmed","Samira Chaouachi","Union patriotique libre"],"articleSection":["POLITIQUE","Tunisie"],"inLanguage":"fr-FR","potentialAction":[{"@type":"CommentAction","name":"Comment","target":["https:\/\/kapitalis.com\/tunisie\/2017\/12\/18\/lupl-lorgne-sur-le-gouvernement-de-chahed\/#respond"]}]},{"@type":"WebPage","@id":"https:\/\/kapitalis.com\/tunisie\/2017\/12\/18\/lupl-lorgne-sur-le-gouvernement-de-chahed\/","url":"https:\/\/kapitalis.com\/tunisie\/2017\/12\/18\/lupl-lorgne-sur-le-gouvernement-de-chahed\/","name":"L'UPL lorgne sur le gouvernement de Chahed - Kapitalis","isPartOf":{"@id":"https:\/\/kapitalis.com\/tunisie\/#website"},"primaryImageOfPage":{"@id":"https:\/\/kapitalis.com\/tunisie\/2017\/12\/18\/lupl-lorgne-sur-le-gouvernement-de-chahed\/#primaryimage"},"image":{"@id":"https:\/\/kapitalis.com\/tunisie\/2017\/12\/18\/lupl-lorgne-sur-le-gouvernement-de-chahed\/#primaryimage"},"thumbnailUrl":"","datePublished":"2017-12-18T08:46:33+00:00","dateModified":"2017-12-18T09:33:56+00:00","breadcrumb":{"@id":"https:\/\/kapitalis.com\/tunisie\/2017\/12\/18\/lupl-lorgne-sur-le-gouvernement-de-chahed\/#breadcrumb"},"inLanguage":"fr-FR","potentialAction":[{"@type":"ReadAction","target":["https:\/\/kapitalis.com\/tunisie\/2017\/12\/18\/lupl-lorgne-sur-le-gouvernement-de-chahed\/"]}]},{"@type":"ImageObject","inLanguage":"fr-FR","@id":"https:\/\/kapitalis.com\/tunisie\/2017\/12\/18\/lupl-lorgne-sur-le-gouvernement-de-chahed\/#primaryimage","url":"","contentUrl":""},{"@type":"BreadcrumbList","@id":"https:\/\/kapitalis.com\/tunisie\/2017\/12\/18\/lupl-lorgne-sur-le-gouvernement-de-chahed\/#breadcrumb","itemListElement":[{"@type":"ListItem","position":1,"name":"Accueil","item":"https:\/\/kapitalis.com\/tunisie\/"},{"@type":"ListItem","position":2,"name":"L&rsquo;UPL lorgne sur le gouvernement de Chahed"}]},{"@type":"WebSite","@id":"https:\/\/kapitalis.com\/tunisie\/#website","url":"https:\/\/kapitalis.com\/tunisie\/","name":"Kapitalis","description":"L&#039;actualit\u00e9 en Tunisie et dans le monde","publisher":{"@id":"https:\/\/kapitalis.com\/tunisie\/#organization"},"potentialAction":[{"@type":"SearchAction","target":{"@type":"EntryPoint","urlTemplate":"https:\/\/kapitalis.com\/tunisie\/?s={search_term_string}"},"query-input":{"@type":"PropertyValueSpecification","valueRequired":true,"valueName":"search_term_string"}}],"inLanguage":"fr-FR"},{"@type":"Organization","@id":"https:\/\/kapitalis.com\/tunisie\/#organization","name":"Kapitalis","url":"https:\/\/kapitalis.com\/tunisie\/","logo":{"@type":"ImageObject","inLanguage":"fr-FR","@id":"https:\/\/kapitalis.com\/tunisie\/#\/schema\/logo\/image\/","url":"https:\/\/kapitalis.com\/tunisie\/wp-content\/uploads\/2022\/05\/Kapitalis-big-size.png","contentUrl":"https:\/\/kapitalis.com\/tunisie\/wp-content\/uploads\/2022\/05\/Kapitalis-big-size.png","width":5000,"height":1500,"caption":"Kapitalis"},"image":{"@id":"https:\/\/kapitalis.com\/tunisie\/#\/schema\/logo\/image\/"},"sameAs":["https:\/\/www.facebook.com\/KapitalisInfo\/","https:\/\/x.com\/KapitalisInfo","https:\/\/www.youtube.com\/channel\/UC-yDYrHyfFBWWZaOw3FPg9Q"]},{"@type":"Person","@id":"https:\/\/kapitalis.com\/tunisie\/#\/schema\/person\/2c6e134b2f3369dffcd1daf5f087d28b","name":"emna benabdallah","url":"https:\/\/kapitalis.com\/tunisie\/author\/emna\/"}]}},"_links":{"self":[{"href":"https:\/\/kapitalis.com\/tunisie\/wp-json\/wp\/v2\/posts\/128612","targetHints":{"allow":["GET"]}}],"collection":[{"href":"https:\/\/kapitalis.com\/tunisie\/wp-json\/wp\/v2\/posts"}],"about":[{"href":"https:\/\/kapitalis.com\/tunisie\/wp-json\/wp\/v2\/types\/post"}],"author":[{"embeddable":true,"href":"https:\/\/kapitalis.com\/tunisie\/wp-json\/wp\/v2\/users\/16"}],"replies":[{"embeddable":true,"href":"https:\/\/kapitalis.com\/tunisie\/wp-json\/wp\/v2\/comments?post=128612"}],"version-history":[{"count":0,"href":"https:\/\/kapitalis.com\/tunisie\/wp-json\/wp\/v2\/posts\/128612\/revisions"}],"wp:featuredmedia":[{"embeddable":true,"href":"https:\/\/kapitalis.com\/tunisie\/wp-json\/wp\/v2\/media\/128617"}],"wp:attachment":[{"href":"https:\/\/kapitalis.com\/tunisie\/wp-json\/wp\/v2\/media?parent=128612"}],"wp:term":[{"taxonomy":"category","embeddable":true,"href":"https:\/\/kapitalis.com\/tunisie\/wp-json\/wp\/v2\/categories?post=128612"},{"taxonomy":"post_tag","embeddable":true,"href":"https:\/\/kapitalis.com\/tunisie\/wp-json\/wp\/v2\/tags?post=128612"}],"curies":[{"name":"wp","href":"https:\/\/api.w.org\/{rel}","templated":true}]}}