{"id":1286876,"date":"2022-06-06T13:52:03","date_gmt":"2022-06-06T12:52:03","guid":{"rendered":"https:\/\/kapitalis.com\/tunisie\/?p=1286876"},"modified":"2022-06-06T17:09:31","modified_gmt":"2022-06-06T16:09:31","slug":"in-memoriam-moncef-dhambri-un-esprit-libre-au-service-du-progres","status":"publish","type":"post","link":"https:\/\/kapitalis.com\/tunisie\/2022\/06\/06\/in-memoriam-moncef-dhambri-un-esprit-libre-au-service-du-progres\/","title":{"rendered":"In memoriam\u00a0: Moncef Dhambri, un esprit libre au service du progr\u00e8s"},"content":{"rendered":"\n<p><strong><em>Une rencontre a \u00e9t\u00e9 organis\u00e9e, samedi 4 juin 2022, dans un h\u00f4tel de Bizerte, pour saluer la m\u00e9moire de l&rsquo;un des enfants de la r\u00e9gion, le professeur universitaire et journaliste Moncef Dhambri, d\u00e9c\u00e9d\u00e9 le 4 avril dernier.<\/em><\/strong><\/p>\n\n\n\n<p>Par<strong> Imed Bahri<\/strong><\/p>\n\n\n\n<!--more-->\n\n\n\n<p>Des membres de la famille du d\u00e9funt \u00e9taient pr\u00e9sents, notamment son \u00e9pouse Chahrazed Almia et ses enfants Marouane et Fatma, ainsi que plusieurs de ses anciens coll\u00e8gues, notamment Ridha Kefi, directeur de Kapitalis, o\u00f9 Moncef Dhambri a travaill\u00e9 au cours des derni\u00e8res ann\u00e9es, mais aussi Brahim Fridhi, Zouhaier Dhaouadi et Houcine Ben Achour, qui l&rsquo;avaient connu du temps o\u00f9 il travaillait au magazine <em>Dialogue<\/em>, au quotidien <em>Le Renouveau<\/em> et \u00e0 l&rsquo;agence Tap, ainsi que des personnalit\u00e9s de la sc\u00e8ne culturelle, m\u00e9diatique et politique \u00e0 Bizerte r\u00e9unies par Rachid Bakkay, organisateur de l&rsquo;\u00e9v\u00e9nement.<\/p>\n\n\n\n<h2 class=\"wp-block-heading\">Modestie, altruisme, bont\u00e9  et d\u00e9vouement \u00e0 l&rsquo;int\u00e9r\u00eat g\u00e9n\u00e9ral<\/h2>\n\n\n\n<p>Les intervenants ont tous lou\u00e9 les qualit\u00e9s humaines et professionnelles de Moncef Dhambri, ainsi que son ind\u00e9pendance d&rsquo;esprit et son d\u00e9vouement \u00e0 l&rsquo;int\u00e9r\u00eat g\u00e9n\u00e9ral. <em>\u00abSa principale qualit\u00e9 \u00e9tait sa grande modestie, car \u00e0 la diff\u00e9rence de la plupart de ses confr\u00e8res, il n&rsquo;aimait pas parler de lui-m\u00eame ni se mettre en avant ni jouer \u00e0 la star, pr\u00e9f\u00e9rant se mettre au service de l&rsquo;\u00e9quipe et de l&rsquo;int\u00e9r\u00eat g\u00e9n\u00e9ral\u00bb,<\/em> a soulign\u00e9 Ridha Kefi, en louant aussi <em>\u00absa bont\u00e9, sa g\u00e9n\u00e9rosit\u00e9 et son altruisme, qui faisaient de lui un excellent coll\u00e8gue et un ami attentionn\u00e9, sur qui on peut toujours compter\u00bb<\/em>.<\/p>\n\n\n<div class=\"wp-block-image\">\n<figure class=\"aligncenter size-large is-resized\"><img decoding=\"async\" src=\"https:\/\/kapitalis.com\/tunisie\/wp-content\/uploads\/2022\/06\/Memoire-Moncef-Dhambri-2-1024x459.jpg\" alt=\"\" class=\"wp-image-1287113\" width=\"600\" srcset=\"https:\/\/kapitalis.com\/tunisie\/wp-content\/uploads\/2022\/06\/Memoire-Moncef-Dhambri-2-1024x459.jpg 1024w, https:\/\/kapitalis.com\/tunisie\/wp-content\/uploads\/2022\/06\/Memoire-Moncef-Dhambri-2-300x134.jpg 300w, https:\/\/kapitalis.com\/tunisie\/wp-content\/uploads\/2022\/06\/Memoire-Moncef-Dhambri-2-768x344.jpg 768w, https:\/\/kapitalis.com\/tunisie\/wp-content\/uploads\/2022\/06\/Memoire-Moncef-Dhambri-2-1536x689.jpg 1536w, https:\/\/kapitalis.com\/tunisie\/wp-content\/uploads\/2022\/06\/Memoire-Moncef-Dhambri-2-580x260.jpg 580w, https:\/\/kapitalis.com\/tunisie\/wp-content\/uploads\/2022\/06\/Memoire-Moncef-Dhambri-2-860x385.jpg 860w, https:\/\/kapitalis.com\/tunisie\/wp-content\/uploads\/2022\/06\/Memoire-Moncef-Dhambri-2-1160x520.jpg 1160w, https:\/\/kapitalis.com\/tunisie\/wp-content\/uploads\/2022\/06\/Memoire-Moncef-Dhambri-2.jpg 2048w\" sizes=\"(max-width: 1024px) 100vw, 1024px\" \/><figcaption><em>Rachid Bakkay, Ridha Kefi et Brahim Fridhi. <\/em><\/figcaption><\/figure>\n<\/div>\n\n\n<p>\u00ab<em>C&rsquo;est cette modestie qui a fait que Moncef Dhambri est rest\u00e9 inconnu en dehors du cercle restreint de ses coll\u00e8gues et amis<\/em>\u00bb, a expliqu\u00e9 Brahim Fridhi, ancien directeur du Renouveau, de l&rsquo;agence Tap et de la T\u00e9l\u00e9vision nationale. \u00ab<em>L&rsquo;homme, dont les qualit\u00e9s humaines et professionnelles \u00e9taient lou\u00e9es par tous ceux avec lesquels il a collabor\u00e9, discutait rarement de sa r\u00e9mun\u00e9ration. Il \u00e9tait surtout soucieux de rendre une copie la plus compl\u00e8te, la plus juste et la plus nette possible. Et acceptait sans discuter la r\u00e9mun\u00e9ration qui lui est ensuite vers\u00e9e\u00bb<\/em>, a ajout\u00e9 Brahim Fridhi, qui a soulign\u00e9 aussi le bonhomie du d\u00e9funt, sa disponibilit\u00e9 et son humour saignant, car il savait int\u00e9grer un groupe et en devenir un \u00e9l\u00e9ment r\u00e9gulateur et rassembleur. Ce r\u00f4le de liant, il l&rsquo;a toujours jou\u00e9, partout o\u00f9 il \u00e9tait pass\u00e9, dans les m\u00e9dias d\u00e9j\u00e0 cit\u00e9s mais aussi \u00e0 l&rsquo;universit\u00e9 o\u00f9 il a form\u00e9 de nombreux professeurs de langue et de litt\u00e9rature anglaise, dont beaucoup \u00e9taient devenus ses coll\u00e8gues gr\u00e2ce \u00e0 son soutien amical, notamment lors de la r\u00e9daction et de la soutenance de leurs th\u00e8ses .<\/p>\n\n\n\n<p>Houcine Ben Achour, c\u00e9l\u00e8bre journaliste \u00e9conomique, a insist\u00e9, de son c\u00f4t\u00e9, sur la simplicit\u00e9 du d\u00e9funt, qui cherchait la compagnie des gens humbles et \u00e9vitait celle des grands de ce monde, car il d\u00e9testait les mondanit\u00e9s, les apparences et l&rsquo;hypocrisie, et savait \u00eatre amical, chaleureux, dr\u00f4le, et ne refusait jamais son \u00e9coute et son aide \u00e0 chaque fois que ses coll\u00e8gues le sollicitaient.<\/p>\n\n\n<div class=\"wp-block-image\">\n<figure class=\"aligncenter size-large is-resized\"><img decoding=\"async\" src=\"https:\/\/kapitalis.com\/tunisie\/wp-content\/uploads\/2022\/06\/Memoire-Moncef-Dhambri-4-1024x459.jpg\" alt=\"\" class=\"wp-image-1287208\" width=\"600\" srcset=\"https:\/\/kapitalis.com\/tunisie\/wp-content\/uploads\/2022\/06\/Memoire-Moncef-Dhambri-4-1024x459.jpg 1024w, https:\/\/kapitalis.com\/tunisie\/wp-content\/uploads\/2022\/06\/Memoire-Moncef-Dhambri-4-300x134.jpg 300w, https:\/\/kapitalis.com\/tunisie\/wp-content\/uploads\/2022\/06\/Memoire-Moncef-Dhambri-4-768x344.jpg 768w, https:\/\/kapitalis.com\/tunisie\/wp-content\/uploads\/2022\/06\/Memoire-Moncef-Dhambri-4-1536x689.jpg 1536w, https:\/\/kapitalis.com\/tunisie\/wp-content\/uploads\/2022\/06\/Memoire-Moncef-Dhambri-4-580x260.jpg 580w, https:\/\/kapitalis.com\/tunisie\/wp-content\/uploads\/2022\/06\/Memoire-Moncef-Dhambri-4-860x385.jpg 860w, https:\/\/kapitalis.com\/tunisie\/wp-content\/uploads\/2022\/06\/Memoire-Moncef-Dhambri-4-1160x520.jpg 1160w, https:\/\/kapitalis.com\/tunisie\/wp-content\/uploads\/2022\/06\/Memoire-Moncef-Dhambri-4.jpg 2048w\" sizes=\"(max-width: 1024px) 100vw, 1024px\" \/><\/figure>\n<\/div>\n\n\n<h2 class=\"wp-block-heading\">Un esprit libre attach\u00e9 \u00e0 la d\u00e9mocratie et au progr\u00e8s <\/h2>\n\n\n\n<p>Pour Hamadi Ben Hammed, qui fut son premier directeur au quotidien <em>Le Renouveau<\/em>, et qui a fait parvenir un t\u00e9moignage \u00e9crit, Moncef Dhambri a toujours fait preuve de rigueur intellectuelle et de patriotisme. Il s&rsquo;est rappel\u00e9 de leur premi\u00e8re r\u00e9union, lorsque l&rsquo;\u00e9tudiant \u00e9tait venu demander d&rsquo;int\u00e9grer l&rsquo;\u00e9quipe du journal et qui n&rsquo;a pas h\u00e9sit\u00e9 \u00e0 exprimer une condition importante \u00e0 ses yeux\u00a0: l&rsquo;ind\u00e9pendance qui \u00e9tait, pour lui, le corollaire de l&rsquo;objectivit\u00e9 et de l&rsquo;honn\u00eatet\u00e9. Quand on sait que <em>Le Renouveau<\/em> \u00e9tait l&rsquo;organe officiel du RCD, le parti au pouvoir, donc aussi du gouvernement, on prend conscience de la hauteur d&rsquo;esprit du d\u00e9funt, qui \u00e9tait acquis aux principes du lib\u00e9ralisme anglo-saxon qu&rsquo;il enseignait \u00e0 l&rsquo;universit\u00e9. C&rsquo;est ainsi que, durant toute sa carri\u00e8re, il \u00e9tait rest\u00e9 ind\u00e9pendant de tout parti politique et tr\u00e8s imperm\u00e9able aux id\u00e9ologies exclusives. Cela ne l&#8217;emp\u00eachait pas d&rsquo;\u00eatre intellectuellement progressiste et de rejeter l&rsquo;islam politique, aujourd&rsquo;hui repr\u00e9sent\u00e9 par le parti Ennahdha, qui, selon ses \u00e9crits au cours des dix derni\u00e8res ann\u00e9es dans Kapitalis, \u00e9tait le principal responsable de la crise actuelle en Tunisie.<\/p>\n\n\n\n<p>Cela pour dire que l&rsquo;ind\u00e9pendance et la neutralit\u00e9 que le d\u00e9funt observait scrupuleusement dans ses \u00e9crits n&rsquo;interdisait pas une forme d&rsquo;engagement personnel pour le progr\u00e8s intellectuel et social.<\/p>\n\n\n\n<figure class=\"wp-block-gallery aligncenter has-nested-images columns-default is-cropped wp-block-gallery-1 is-layout-flex wp-block-gallery-is-layout-flex\">\n<figure class=\"wp-block-image size-large\"><img loading=\"lazy\" decoding=\"async\" width=\"2048\" height=\"918\" data-id=\"1287244\" src=\"https:\/\/kapitalis.com\/tunisie\/wp-content\/uploads\/2022\/06\/Chahrazed-Almi-Marouane-Dhambri.jpg\" alt=\"\" class=\"wp-image-1287244\" srcset=\"https:\/\/kapitalis.com\/tunisie\/wp-content\/uploads\/2022\/06\/Chahrazed-Almi-Marouane-Dhambri.jpg 2048w, https:\/\/kapitalis.com\/tunisie\/wp-content\/uploads\/2022\/06\/Chahrazed-Almi-Marouane-Dhambri-300x134.jpg 300w, https:\/\/kapitalis.com\/tunisie\/wp-content\/uploads\/2022\/06\/Chahrazed-Almi-Marouane-Dhambri-1024x459.jpg 1024w, https:\/\/kapitalis.com\/tunisie\/wp-content\/uploads\/2022\/06\/Chahrazed-Almi-Marouane-Dhambri-768x344.jpg 768w, https:\/\/kapitalis.com\/tunisie\/wp-content\/uploads\/2022\/06\/Chahrazed-Almi-Marouane-Dhambri-1536x689.jpg 1536w, https:\/\/kapitalis.com\/tunisie\/wp-content\/uploads\/2022\/06\/Chahrazed-Almi-Marouane-Dhambri-580x260.jpg 580w, https:\/\/kapitalis.com\/tunisie\/wp-content\/uploads\/2022\/06\/Chahrazed-Almi-Marouane-Dhambri-860x385.jpg 860w, https:\/\/kapitalis.com\/tunisie\/wp-content\/uploads\/2022\/06\/Chahrazed-Almi-Marouane-Dhambri-1160x520.jpg 1160w\" sizes=\"auto, (max-width: 2048px) 100vw, 2048px\" \/><figcaption><em>Chahrazed Almia et Marouane Dhambri. <\/em><\/figcaption><\/figure>\n\n\n\n<figure class=\"wp-block-image size-large\"><img loading=\"lazy\" decoding=\"async\" width=\"2048\" height=\"918\" data-id=\"1287269\" src=\"https:\/\/kapitalis.com\/tunisie\/wp-content\/uploads\/2022\/06\/Fatma-Dhambri-au-milieu.jpg\" alt=\"\" class=\"wp-image-1287269\" srcset=\"https:\/\/kapitalis.com\/tunisie\/wp-content\/uploads\/2022\/06\/Fatma-Dhambri-au-milieu.jpg 2048w, https:\/\/kapitalis.com\/tunisie\/wp-content\/uploads\/2022\/06\/Fatma-Dhambri-au-milieu-300x134.jpg 300w, https:\/\/kapitalis.com\/tunisie\/wp-content\/uploads\/2022\/06\/Fatma-Dhambri-au-milieu-1024x459.jpg 1024w, https:\/\/kapitalis.com\/tunisie\/wp-content\/uploads\/2022\/06\/Fatma-Dhambri-au-milieu-768x344.jpg 768w, https:\/\/kapitalis.com\/tunisie\/wp-content\/uploads\/2022\/06\/Fatma-Dhambri-au-milieu-1536x689.jpg 1536w, https:\/\/kapitalis.com\/tunisie\/wp-content\/uploads\/2022\/06\/Fatma-Dhambri-au-milieu-580x260.jpg 580w, https:\/\/kapitalis.com\/tunisie\/wp-content\/uploads\/2022\/06\/Fatma-Dhambri-au-milieu-860x385.jpg 860w, https:\/\/kapitalis.com\/tunisie\/wp-content\/uploads\/2022\/06\/Fatma-Dhambri-au-milieu-1160x520.jpg 1160w\" sizes=\"auto, (max-width: 2048px) 100vw, 2048px\" \/><figcaption><em>Fatma<\/em> <em>Dhambri au milieu.<\/em><\/figcaption><\/figure>\n\n\n\n<figure class=\"wp-block-image size-large\"><img loading=\"lazy\" decoding=\"async\" width=\"686\" height=\"960\" data-id=\"1287278\" src=\"https:\/\/kapitalis.com\/tunisie\/wp-content\/uploads\/2022\/06\/Houcine-Ben-Achour.jpg\" alt=\"\" class=\"wp-image-1287278\" srcset=\"https:\/\/kapitalis.com\/tunisie\/wp-content\/uploads\/2022\/06\/Houcine-Ben-Achour.jpg 686w, https:\/\/kapitalis.com\/tunisie\/wp-content\/uploads\/2022\/06\/Houcine-Ben-Achour-214x300.jpg 214w, https:\/\/kapitalis.com\/tunisie\/wp-content\/uploads\/2022\/06\/Houcine-Ben-Achour-580x812.jpg 580w\" sizes=\"auto, (max-width: 686px) 100vw, 686px\" \/><figcaption><em>Houcine Ben Achour.<\/em><\/figcaption><\/figure>\n\n\n\n<figure class=\"wp-block-image size-large\"><img loading=\"lazy\" decoding=\"async\" width=\"2048\" height=\"918\" data-id=\"1287285\" src=\"https:\/\/kapitalis.com\/tunisie\/wp-content\/uploads\/2022\/06\/Memoire-Moncef-Dhambri-4-1.jpg\" alt=\"\" class=\"wp-image-1287285\" srcset=\"https:\/\/kapitalis.com\/tunisie\/wp-content\/uploads\/2022\/06\/Memoire-Moncef-Dhambri-4-1.jpg 2048w, https:\/\/kapitalis.com\/tunisie\/wp-content\/uploads\/2022\/06\/Memoire-Moncef-Dhambri-4-1-300x134.jpg 300w, https:\/\/kapitalis.com\/tunisie\/wp-content\/uploads\/2022\/06\/Memoire-Moncef-Dhambri-4-1-1024x459.jpg 1024w, https:\/\/kapitalis.com\/tunisie\/wp-content\/uploads\/2022\/06\/Memoire-Moncef-Dhambri-4-1-768x344.jpg 768w, https:\/\/kapitalis.com\/tunisie\/wp-content\/uploads\/2022\/06\/Memoire-Moncef-Dhambri-4-1-1536x689.jpg 1536w, https:\/\/kapitalis.com\/tunisie\/wp-content\/uploads\/2022\/06\/Memoire-Moncef-Dhambri-4-1-580x260.jpg 580w, https:\/\/kapitalis.com\/tunisie\/wp-content\/uploads\/2022\/06\/Memoire-Moncef-Dhambri-4-1-860x385.jpg 860w, https:\/\/kapitalis.com\/tunisie\/wp-content\/uploads\/2022\/06\/Memoire-Moncef-Dhambri-4-1-1160x520.jpg 1160w\" sizes=\"auto, (max-width: 2048px) 100vw, 2048px\" \/><\/figure>\n<\/figure>\n\n\n\n<h4 class=\"wp-block-heading\"><em>Article li\u00e9&nbsp;:<\/em><\/h4>\n\n\n\n<figure class=\"wp-block-embed is-type-wp-embed is-provider-kapitalis wp-block-embed-kapitalis\"><div class=\"wp-block-embed__wrapper\">\n<blockquote class=\"wp-embedded-content\" data-secret=\"xEFyltRNCU\"><a href=\"https:\/\/kapitalis.com\/tunisie\/2022\/04\/04\/deces-de-moncef-dhambri-la-presse-tunisienne-perd-lun-de-ses-valeureux-chevaliers\/\">D\u00e9c\u00e8s de Moncef Dhambri : La presse tunisienne perd l&rsquo;un de ses valeureux chevaliers<\/a><\/blockquote><iframe loading=\"lazy\" class=\"wp-embedded-content\" sandbox=\"allow-scripts\" security=\"restricted\" style=\"position: absolute; clip: rect(1px, 1px, 1px, 1px);\" title=\"\u00ab\u00a0D\u00e9c\u00e8s de Moncef Dhambri : La presse tunisienne perd l&rsquo;un de ses valeureux chevaliers\u00a0\u00bb &#8212; Kapitalis\" src=\"https:\/\/kapitalis.com\/tunisie\/2022\/04\/04\/deces-de-moncef-dhambri-la-presse-tunisienne-perd-lun-de-ses-valeureux-chevaliers\/embed\/#?secret=XsQku9OENz#?secret=xEFyltRNCU\" data-secret=\"xEFyltRNCU\" width=\"600\" height=\"338\" frameborder=\"0\" marginwidth=\"0\" marginheight=\"0\" scrolling=\"no\"><\/iframe>\n<\/div><\/figure>\n","protected":false},"excerpt":{"rendered":"<p>L&rsquo;ind\u00e9pendance et la neutralit\u00e9 que feu Moncef Dhambri observait scrupuleusement dans ses \u00e9crits n&rsquo;interdisait pas une forme d&rsquo;engagement personnel pour le progr\u00e8s intellectuel et social.<\/p>\n","protected":false},"author":8,"featured_media":1287080,"comment_status":"open","ping_status":"open","sticky":false,"template":"","format":"standard","meta":{"footnotes":""},"categories":[992,996,2433],"tags":[100358,100360,100359,4288,98636,89633,100361,84371,62643,39873],"class_list":["post-1286876","post","type-post","status-publish","format-standard","has-post-thumbnail","hentry","category-a-la-une","category-media","category-tunisie","tag-brahim-fridhi","tag-hamadi-ben-hammed","tag-houcine-ben-achour","tag-kapitalis","tag-le-renouveau","tag-moncef-dhambri","tag-rachid-bakkay","tag-ridha-kefi","tag-tunisie","tag-zouhaier-dhaouadi"],"yoast_head":"<!-- This site is optimized with the Yoast SEO plugin v26.6 - https:\/\/yoast.com\/wordpress\/plugins\/seo\/ -->\n<title>In memoriam\u00a0: Moncef Dhambri, un esprit libre au service du progr\u00e8s - Kapitalis<\/title>\n<meta name=\"robots\" content=\"index, follow, max-snippet:-1, max-image-preview:large, max-video-preview:-1\" \/>\n<link rel=\"canonical\" href=\"https:\/\/kapitalis.com\/tunisie\/2022\/06\/06\/in-memoriam-moncef-dhambri-un-esprit-libre-au-service-du-progres\/\" \/>\n<meta property=\"og:locale\" content=\"fr_FR\" \/>\n<meta property=\"og:type\" content=\"article\" \/>\n<meta property=\"og:title\" content=\"In memoriam\u00a0: Moncef Dhambri, un esprit libre au service du progr\u00e8s - Kapitalis\" \/>\n<meta property=\"og:description\" content=\"L&#039;ind\u00e9pendance et la neutralit\u00e9 que feu Moncef Dhambri observait scrupuleusement dans ses \u00e9crits n&#039;interdisait pas une forme d&#039;engagement personnel pour le progr\u00e8s intellectuel et social.\" \/>\n<meta property=\"og:url\" content=\"https:\/\/kapitalis.com\/tunisie\/2022\/06\/06\/in-memoriam-moncef-dhambri-un-esprit-libre-au-service-du-progres\/\" \/>\n<meta property=\"og:site_name\" content=\"Kapitalis\" \/>\n<meta property=\"article:publisher\" content=\"https:\/\/www.facebook.com\/KapitalisInfo\/\" \/>\n<meta property=\"article:published_time\" content=\"2022-06-06T12:52:03+00:00\" \/>\n<meta property=\"article:modified_time\" content=\"2022-06-06T16:09:31+00:00\" \/>\n<meta property=\"og:image\" content=\"https:\/\/kapitalis.com\/tunisie\/wp-content\/uploads\/2022\/06\/Moncef-Dhambri.jpg\" \/>\n\t<meta property=\"og:image:width\" content=\"1200\" \/>\n\t<meta property=\"og:image:height\" content=\"630\" \/>\n\t<meta property=\"og:image:type\" content=\"image\/jpeg\" \/>\n<meta name=\"author\" content=\"webmaster kapitalis\" \/>\n<meta name=\"twitter:card\" content=\"summary_large_image\" \/>\n<meta name=\"twitter:creator\" content=\"@KapitalisInfo\" \/>\n<meta name=\"twitter:site\" content=\"@KapitalisInfo\" \/>\n<meta name=\"twitter:label1\" content=\"\u00c9crit par\" \/>\n\t<meta name=\"twitter:data1\" content=\"webmaster kapitalis\" \/>\n\t<meta name=\"twitter:label2\" content=\"Dur\u00e9e de lecture estim\u00e9e\" \/>\n\t<meta name=\"twitter:data2\" content=\"5 minutes\" \/>\n<script type=\"application\/ld+json\" class=\"yoast-schema-graph\">{\"@context\":\"https:\/\/schema.org\",\"@graph\":[{\"@type\":\"Article\",\"@id\":\"https:\/\/kapitalis.com\/tunisie\/2022\/06\/06\/in-memoriam-moncef-dhambri-un-esprit-libre-au-service-du-progres\/#article\",\"isPartOf\":{\"@id\":\"https:\/\/kapitalis.com\/tunisie\/2022\/06\/06\/in-memoriam-moncef-dhambri-un-esprit-libre-au-service-du-progres\/\"},\"author\":{\"name\":\"webmaster kapitalis\",\"@id\":\"https:\/\/kapitalis.com\/tunisie\/#\/schema\/person\/d71f33a9ca44f7bad4698210b480c8e9\"},\"headline\":\"In memoriam\u00a0: Moncef Dhambri, un esprit libre au service du progr\u00e8s\",\"datePublished\":\"2022-06-06T12:52:03+00:00\",\"dateModified\":\"2022-06-06T16:09:31+00:00\",\"mainEntityOfPage\":{\"@id\":\"https:\/\/kapitalis.com\/tunisie\/2022\/06\/06\/in-memoriam-moncef-dhambri-un-esprit-libre-au-service-du-progres\/\"},\"wordCount\":818,\"commentCount\":0,\"publisher\":{\"@id\":\"https:\/\/kapitalis.com\/tunisie\/#organization\"},\"image\":{\"@id\":\"https:\/\/kapitalis.com\/tunisie\/2022\/06\/06\/in-memoriam-moncef-dhambri-un-esprit-libre-au-service-du-progres\/#primaryimage\"},\"thumbnailUrl\":\"https:\/\/kapitalis.com\/tunisie\/wp-content\/uploads\/2022\/06\/Moncef-Dhambri.jpg\",\"keywords\":[\"Brahim Fridhi\",\"Hamadi Ben Hammed\",\"Houcine Ben Achour\",\"Kapitalis\",\"Le Renouveau\",\"Moncef Dhambri\",\"Rachid Bakkay\",\"Ridha Kefi\",\"Tunisie\",\"Zouhaier Dhaouadi\"],\"articleSection\":[\"A LA UNE\",\"MEDIA\",\"Tunisie\"],\"inLanguage\":\"fr-FR\",\"potentialAction\":[{\"@type\":\"CommentAction\",\"name\":\"Comment\",\"target\":[\"https:\/\/kapitalis.com\/tunisie\/2022\/06\/06\/in-memoriam-moncef-dhambri-un-esprit-libre-au-service-du-progres\/#respond\"]}]},{\"@type\":\"WebPage\",\"@id\":\"https:\/\/kapitalis.com\/tunisie\/2022\/06\/06\/in-memoriam-moncef-dhambri-un-esprit-libre-au-service-du-progres\/\",\"url\":\"https:\/\/kapitalis.com\/tunisie\/2022\/06\/06\/in-memoriam-moncef-dhambri-un-esprit-libre-au-service-du-progres\/\",\"name\":\"In memoriam\u00a0: Moncef Dhambri, un esprit libre au service du progr\u00e8s - Kapitalis\",\"isPartOf\":{\"@id\":\"https:\/\/kapitalis.com\/tunisie\/#website\"},\"primaryImageOfPage\":{\"@id\":\"https:\/\/kapitalis.com\/tunisie\/2022\/06\/06\/in-memoriam-moncef-dhambri-un-esprit-libre-au-service-du-progres\/#primaryimage\"},\"image\":{\"@id\":\"https:\/\/kapitalis.com\/tunisie\/2022\/06\/06\/in-memoriam-moncef-dhambri-un-esprit-libre-au-service-du-progres\/#primaryimage\"},\"thumbnailUrl\":\"https:\/\/kapitalis.com\/tunisie\/wp-content\/uploads\/2022\/06\/Moncef-Dhambri.jpg\",\"datePublished\":\"2022-06-06T12:52:03+00:00\",\"dateModified\":\"2022-06-06T16:09:31+00:00\",\"breadcrumb\":{\"@id\":\"https:\/\/kapitalis.com\/tunisie\/2022\/06\/06\/in-memoriam-moncef-dhambri-un-esprit-libre-au-service-du-progres\/#breadcrumb\"},\"inLanguage\":\"fr-FR\",\"potentialAction\":[{\"@type\":\"ReadAction\",\"target\":[\"https:\/\/kapitalis.com\/tunisie\/2022\/06\/06\/in-memoriam-moncef-dhambri-un-esprit-libre-au-service-du-progres\/\"]}]},{\"@type\":\"ImageObject\",\"inLanguage\":\"fr-FR\",\"@id\":\"https:\/\/kapitalis.com\/tunisie\/2022\/06\/06\/in-memoriam-moncef-dhambri-un-esprit-libre-au-service-du-progres\/#primaryimage\",\"url\":\"https:\/\/kapitalis.com\/tunisie\/wp-content\/uploads\/2022\/06\/Moncef-Dhambri.jpg\",\"contentUrl\":\"https:\/\/kapitalis.com\/tunisie\/wp-content\/uploads\/2022\/06\/Moncef-Dhambri.jpg\",\"width\":1200,\"height\":630},{\"@type\":\"BreadcrumbList\",\"@id\":\"https:\/\/kapitalis.com\/tunisie\/2022\/06\/06\/in-memoriam-moncef-dhambri-un-esprit-libre-au-service-du-progres\/#breadcrumb\",\"itemListElement\":[{\"@type\":\"ListItem\",\"position\":1,\"name\":\"Accueil\",\"item\":\"https:\/\/kapitalis.com\/tunisie\/\"},{\"@type\":\"ListItem\",\"position\":2,\"name\":\"In memoriam\u00a0: Moncef Dhambri, un esprit libre au service du progr\u00e8s\"}]},{\"@type\":\"WebSite\",\"@id\":\"https:\/\/kapitalis.com\/tunisie\/#website\",\"url\":\"https:\/\/kapitalis.com\/tunisie\/\",\"name\":\"Kapitalis\",\"description\":\"L&#039;actualit\u00e9 en Tunisie et dans le monde\",\"publisher\":{\"@id\":\"https:\/\/kapitalis.com\/tunisie\/#organization\"},\"potentialAction\":[{\"@type\":\"SearchAction\",\"target\":{\"@type\":\"EntryPoint\",\"urlTemplate\":\"https:\/\/kapitalis.com\/tunisie\/?s={search_term_string}\"},\"query-input\":{\"@type\":\"PropertyValueSpecification\",\"valueRequired\":true,\"valueName\":\"search_term_string\"}}],\"inLanguage\":\"fr-FR\"},{\"@type\":\"Organization\",\"@id\":\"https:\/\/kapitalis.com\/tunisie\/#organization\",\"name\":\"Kapitalis\",\"url\":\"https:\/\/kapitalis.com\/tunisie\/\",\"logo\":{\"@type\":\"ImageObject\",\"inLanguage\":\"fr-FR\",\"@id\":\"https:\/\/kapitalis.com\/tunisie\/#\/schema\/logo\/image\/\",\"url\":\"https:\/\/kapitalis.com\/tunisie\/wp-content\/uploads\/2022\/05\/Kapitalis-big-size.png\",\"contentUrl\":\"https:\/\/kapitalis.com\/tunisie\/wp-content\/uploads\/2022\/05\/Kapitalis-big-size.png\",\"width\":5000,\"height\":1500,\"caption\":\"Kapitalis\"},\"image\":{\"@id\":\"https:\/\/kapitalis.com\/tunisie\/#\/schema\/logo\/image\/\"},\"sameAs\":[\"https:\/\/www.facebook.com\/KapitalisInfo\/\",\"https:\/\/x.com\/KapitalisInfo\",\"https:\/\/www.youtube.com\/channel\/UC-yDYrHyfFBWWZaOw3FPg9Q\"]},{\"@type\":\"Person\",\"@id\":\"https:\/\/kapitalis.com\/tunisie\/#\/schema\/person\/d71f33a9ca44f7bad4698210b480c8e9\",\"name\":\"webmaster kapitalis\",\"url\":\"https:\/\/kapitalis.com\/tunisie\/author\/webmaster-kapitalis\/\"}]}<\/script>\n<!-- \/ Yoast SEO plugin. -->","yoast_head_json":{"title":"In memoriam\u00a0: Moncef Dhambri, un esprit libre au service du progr\u00e8s - Kapitalis","robots":{"index":"index","follow":"follow","max-snippet":"max-snippet:-1","max-image-preview":"max-image-preview:large","max-video-preview":"max-video-preview:-1"},"canonical":"https:\/\/kapitalis.com\/tunisie\/2022\/06\/06\/in-memoriam-moncef-dhambri-un-esprit-libre-au-service-du-progres\/","og_locale":"fr_FR","og_type":"article","og_title":"In memoriam\u00a0: Moncef Dhambri, un esprit libre au service du progr\u00e8s - Kapitalis","og_description":"L'ind\u00e9pendance et la neutralit\u00e9 que feu Moncef Dhambri observait scrupuleusement dans ses \u00e9crits n'interdisait pas une forme d'engagement personnel pour le progr\u00e8s intellectuel et social.","og_url":"https:\/\/kapitalis.com\/tunisie\/2022\/06\/06\/in-memoriam-moncef-dhambri-un-esprit-libre-au-service-du-progres\/","og_site_name":"Kapitalis","article_publisher":"https:\/\/www.facebook.com\/KapitalisInfo\/","article_published_time":"2022-06-06T12:52:03+00:00","article_modified_time":"2022-06-06T16:09:31+00:00","og_image":[{"width":1200,"height":630,"url":"https:\/\/kapitalis.com\/tunisie\/wp-content\/uploads\/2022\/06\/Moncef-Dhambri.jpg","type":"image\/jpeg"}],"author":"webmaster kapitalis","twitter_card":"summary_large_image","twitter_creator":"@KapitalisInfo","twitter_site":"@KapitalisInfo","twitter_misc":{"\u00c9crit par":"webmaster kapitalis","Dur\u00e9e de lecture estim\u00e9e":"5 minutes"},"schema":{"@context":"https:\/\/schema.org","@graph":[{"@type":"Article","@id":"https:\/\/kapitalis.com\/tunisie\/2022\/06\/06\/in-memoriam-moncef-dhambri-un-esprit-libre-au-service-du-progres\/#article","isPartOf":{"@id":"https:\/\/kapitalis.com\/tunisie\/2022\/06\/06\/in-memoriam-moncef-dhambri-un-esprit-libre-au-service-du-progres\/"},"author":{"name":"webmaster kapitalis","@id":"https:\/\/kapitalis.com\/tunisie\/#\/schema\/person\/d71f33a9ca44f7bad4698210b480c8e9"},"headline":"In memoriam\u00a0: Moncef Dhambri, un esprit libre au service du progr\u00e8s","datePublished":"2022-06-06T12:52:03+00:00","dateModified":"2022-06-06T16:09:31+00:00","mainEntityOfPage":{"@id":"https:\/\/kapitalis.com\/tunisie\/2022\/06\/06\/in-memoriam-moncef-dhambri-un-esprit-libre-au-service-du-progres\/"},"wordCount":818,"commentCount":0,"publisher":{"@id":"https:\/\/kapitalis.com\/tunisie\/#organization"},"image":{"@id":"https:\/\/kapitalis.com\/tunisie\/2022\/06\/06\/in-memoriam-moncef-dhambri-un-esprit-libre-au-service-du-progres\/#primaryimage"},"thumbnailUrl":"https:\/\/kapitalis.com\/tunisie\/wp-content\/uploads\/2022\/06\/Moncef-Dhambri.jpg","keywords":["Brahim Fridhi","Hamadi Ben Hammed","Houcine Ben Achour","Kapitalis","Le Renouveau","Moncef Dhambri","Rachid Bakkay","Ridha Kefi","Tunisie","Zouhaier Dhaouadi"],"articleSection":["A LA UNE","MEDIA","Tunisie"],"inLanguage":"fr-FR","potentialAction":[{"@type":"CommentAction","name":"Comment","target":["https:\/\/kapitalis.com\/tunisie\/2022\/06\/06\/in-memoriam-moncef-dhambri-un-esprit-libre-au-service-du-progres\/#respond"]}]},{"@type":"WebPage","@id":"https:\/\/kapitalis.com\/tunisie\/2022\/06\/06\/in-memoriam-moncef-dhambri-un-esprit-libre-au-service-du-progres\/","url":"https:\/\/kapitalis.com\/tunisie\/2022\/06\/06\/in-memoriam-moncef-dhambri-un-esprit-libre-au-service-du-progres\/","name":"In memoriam\u00a0: Moncef Dhambri, un esprit libre au service du progr\u00e8s - Kapitalis","isPartOf":{"@id":"https:\/\/kapitalis.com\/tunisie\/#website"},"primaryImageOfPage":{"@id":"https:\/\/kapitalis.com\/tunisie\/2022\/06\/06\/in-memoriam-moncef-dhambri-un-esprit-libre-au-service-du-progres\/#primaryimage"},"image":{"@id":"https:\/\/kapitalis.com\/tunisie\/2022\/06\/06\/in-memoriam-moncef-dhambri-un-esprit-libre-au-service-du-progres\/#primaryimage"},"thumbnailUrl":"https:\/\/kapitalis.com\/tunisie\/wp-content\/uploads\/2022\/06\/Moncef-Dhambri.jpg","datePublished":"2022-06-06T12:52:03+00:00","dateModified":"2022-06-06T16:09:31+00:00","breadcrumb":{"@id":"https:\/\/kapitalis.com\/tunisie\/2022\/06\/06\/in-memoriam-moncef-dhambri-un-esprit-libre-au-service-du-progres\/#breadcrumb"},"inLanguage":"fr-FR","potentialAction":[{"@type":"ReadAction","target":["https:\/\/kapitalis.com\/tunisie\/2022\/06\/06\/in-memoriam-moncef-dhambri-un-esprit-libre-au-service-du-progres\/"]}]},{"@type":"ImageObject","inLanguage":"fr-FR","@id":"https:\/\/kapitalis.com\/tunisie\/2022\/06\/06\/in-memoriam-moncef-dhambri-un-esprit-libre-au-service-du-progres\/#primaryimage","url":"https:\/\/kapitalis.com\/tunisie\/wp-content\/uploads\/2022\/06\/Moncef-Dhambri.jpg","contentUrl":"https:\/\/kapitalis.com\/tunisie\/wp-content\/uploads\/2022\/06\/Moncef-Dhambri.jpg","width":1200,"height":630},{"@type":"BreadcrumbList","@id":"https:\/\/kapitalis.com\/tunisie\/2022\/06\/06\/in-memoriam-moncef-dhambri-un-esprit-libre-au-service-du-progres\/#breadcrumb","itemListElement":[{"@type":"ListItem","position":1,"name":"Accueil","item":"https:\/\/kapitalis.com\/tunisie\/"},{"@type":"ListItem","position":2,"name":"In memoriam\u00a0: Moncef Dhambri, un esprit libre au service du progr\u00e8s"}]},{"@type":"WebSite","@id":"https:\/\/kapitalis.com\/tunisie\/#website","url":"https:\/\/kapitalis.com\/tunisie\/","name":"Kapitalis","description":"L&#039;actualit\u00e9 en Tunisie et dans le monde","publisher":{"@id":"https:\/\/kapitalis.com\/tunisie\/#organization"},"potentialAction":[{"@type":"SearchAction","target":{"@type":"EntryPoint","urlTemplate":"https:\/\/kapitalis.com\/tunisie\/?s={search_term_string}"},"query-input":{"@type":"PropertyValueSpecification","valueRequired":true,"valueName":"search_term_string"}}],"inLanguage":"fr-FR"},{"@type":"Organization","@id":"https:\/\/kapitalis.com\/tunisie\/#organization","name":"Kapitalis","url":"https:\/\/kapitalis.com\/tunisie\/","logo":{"@type":"ImageObject","inLanguage":"fr-FR","@id":"https:\/\/kapitalis.com\/tunisie\/#\/schema\/logo\/image\/","url":"https:\/\/kapitalis.com\/tunisie\/wp-content\/uploads\/2022\/05\/Kapitalis-big-size.png","contentUrl":"https:\/\/kapitalis.com\/tunisie\/wp-content\/uploads\/2022\/05\/Kapitalis-big-size.png","width":5000,"height":1500,"caption":"Kapitalis"},"image":{"@id":"https:\/\/kapitalis.com\/tunisie\/#\/schema\/logo\/image\/"},"sameAs":["https:\/\/www.facebook.com\/KapitalisInfo\/","https:\/\/x.com\/KapitalisInfo","https:\/\/www.youtube.com\/channel\/UC-yDYrHyfFBWWZaOw3FPg9Q"]},{"@type":"Person","@id":"https:\/\/kapitalis.com\/tunisie\/#\/schema\/person\/d71f33a9ca44f7bad4698210b480c8e9","name":"webmaster kapitalis","url":"https:\/\/kapitalis.com\/tunisie\/author\/webmaster-kapitalis\/"}]}},"_links":{"self":[{"href":"https:\/\/kapitalis.com\/tunisie\/wp-json\/wp\/v2\/posts\/1286876","targetHints":{"allow":["GET"]}}],"collection":[{"href":"https:\/\/kapitalis.com\/tunisie\/wp-json\/wp\/v2\/posts"}],"about":[{"href":"https:\/\/kapitalis.com\/tunisie\/wp-json\/wp\/v2\/types\/post"}],"author":[{"embeddable":true,"href":"https:\/\/kapitalis.com\/tunisie\/wp-json\/wp\/v2\/users\/8"}],"replies":[{"embeddable":true,"href":"https:\/\/kapitalis.com\/tunisie\/wp-json\/wp\/v2\/comments?post=1286876"}],"version-history":[{"count":0,"href":"https:\/\/kapitalis.com\/tunisie\/wp-json\/wp\/v2\/posts\/1286876\/revisions"}],"wp:featuredmedia":[{"embeddable":true,"href":"https:\/\/kapitalis.com\/tunisie\/wp-json\/wp\/v2\/media\/1287080"}],"wp:attachment":[{"href":"https:\/\/kapitalis.com\/tunisie\/wp-json\/wp\/v2\/media?parent=1286876"}],"wp:term":[{"taxonomy":"category","embeddable":true,"href":"https:\/\/kapitalis.com\/tunisie\/wp-json\/wp\/v2\/categories?post=1286876"},{"taxonomy":"post_tag","embeddable":true,"href":"https:\/\/kapitalis.com\/tunisie\/wp-json\/wp\/v2\/tags?post=1286876"}],"curies":[{"name":"wp","href":"https:\/\/api.w.org\/{rel}","templated":true}]}}