{"id":1287335,"date":"2022-06-07T11:32:00","date_gmt":"2022-06-07T10:32:00","guid":{"rendered":"https:\/\/kapitalis.com\/tunisie\/?p=1287335"},"modified":"2022-06-07T11:32:50","modified_gmt":"2022-06-07T10:32:50","slug":"ticad-8-des-projets-triangulaires-entre-le-japon-la-tunisie-et-le-reste-de-lafrique-sont-attenbdus","status":"publish","type":"post","link":"https:\/\/kapitalis.com\/tunisie\/2022\/06\/07\/ticad-8-des-projets-triangulaires-entre-le-japon-la-tunisie-et-le-reste-de-lafrique-sont-attenbdus\/","title":{"rendered":"Ticad 8 : Des projets triangulaires, entre le Japon, la Tunisie et l&rsquo;Afrique sont attendus"},"content":{"rendered":"\n<p><strong><em>Dans moins de 3 mois, la 8e \u00e9dition de la Conf\u00e9rence internationale de Tokyo sur le d\u00e9veloppement de l\u2019Afrique (Ticad 8) se tiendra en Tunisie. A cette occasion, une conf\u00e9rence de presse a \u00e9t\u00e9 organis\u00e9e, hier, lundi 6 juin 2022, \u00e0 Tunis, par l\u2019Agence japonaise de coop\u00e9ration internationale (Jica).<\/em><\/strong><\/p>\n\n\n\n<p>Par <strong>Cherif Ben Youn\u00e8s<\/strong><\/p>\n\n\n\n<!--more-->\n\n\n\n<p>Ce sont Shinsuke Shimizu, ambassadeur du Japon en Tunisie, et Shuhei Ueno, repr\u00e9sentant r\u00e9sident de la Jica en Tunisie, qui ont pris la parole, lors de ce point presse, pour revenir sur la relation bilat\u00e9rale entre le Japon et la Tunisie ainsi que sur les activit\u00e9s et pr\u00e9paratifs li\u00e9s \u00e0 la Ticad.<\/p>\n\n\n\n<p>Lors de son allocution, l&rsquo;ambassadeur a notamment indiqu\u00e9 que la Ticad 8 servira \u00e0 montrer que la Tunisie peut jouer un r\u00f4le tr\u00e8s important, dans le contexte africain, en ce qui a trait \u00e0 la coop\u00e9ration triangulaire (japonaise, tunisienne et africaine), soulignant, notamment, le lancement du Livre blanc, il y a quelques semaines, par la Chambre de commerce et d\u2019industrie tuniso-japonaise.<\/p>\n\n\n<div class=\"wp-block-image\">\n<figure class=\"aligncenter size-large is-resized\"><img loading=\"lazy\" decoding=\"async\" src=\"https:\/\/kapitalis.com\/tunisie\/wp-content\/uploads\/2022\/06\/ticad-1-1024x768.jpg\" alt=\"\" class=\"wp-image-1304051\" width=\"500\" height=\"460\"\/><\/figure>\n<\/div>\n\n\n<h3 class=\"wp-block-heading\">La Tunisie peut jouer un r\u00f4le primordial dans la coop\u00e9ration triangulaire<\/h3>\n\n\n\n<p>Le Livre blanc, a-t-il rappel\u00e9, contient une trentaine des projets prometteurs dans les domaines du num\u00e9rique, de la sant\u00e9 et des \u00e9nergies renouvelables.<\/p>\n\n\n\n<p>\u00ab<em>S\u2019il y aura de bons projets et que le climat des affaires est jug\u00e9 meilleur par rapport \u00e0 d\u2019autres pays, il y aura des investissements japonais \u00e0 conclure en Tunisie. Toutefois, l\u2019\u00e9laboration d\u2019un plan des r\u00e9formes et la signature d\u2019un accord avec le Fonds mon\u00e9taire international (FMI) demeurent indispensables<\/em>\u00bb, a ajout\u00e9 le diplomate.<\/p>\n\n\n\n<p>Quoi qu&rsquo;il en soit, il a assur\u00e9 qu\u2019il y aura des projets \u00e0 signer durant la Ticad 8, qu&rsquo;ils soient binaires (entre le Japon et la Tunisie) ou  triangulaires (entre le Japon, la Tunisie et l&rsquo;Afrique), ainsi que des partenariats afro-japonais.<\/p>\n\n\n\n<p>Sur un autre plan, M. Shimizu\u00a0a assur\u00e9 qu&rsquo;il y a eu un large consensus sur les sujet et les th\u00e9matiques de la Ticad, lors des travaux de la conf\u00e9rence de la Ticad, en mars dernier, avec la participation de 50 pays africains et des repr\u00e9sentants du secteur priv\u00e9 japonais.<\/p>\n\n\n\n<h3 class=\"wp-block-heading\">La signature d&rsquo;un accord avec le FMI est indispensable<\/h3>\n\n\n\n<p>Le secteur priv\u00e9 sera d&rsquo;ailleurs au centre de cet \u00e9v\u00e9nement, selon l&rsquo;ambassadeur japonais, qui a assur\u00e9 que les pr\u00e9paratifs de la conf\u00e9rence sont \u00e0 un stade avanc\u00e9.<\/p>\n\n\n\n<figure class=\"wp-block-image size-large is-resized\"><img decoding=\"async\" src=\"https:\/\/kapitalis.com\/tunisie\/wp-content\/uploads\/2022\/06\/ticad-3-1024x768.jpg\" alt=\"\" class=\"wp-image-1304072\" width=\"500\" srcset=\"https:\/\/kapitalis.com\/tunisie\/wp-content\/uploads\/2022\/06\/ticad-3-1024x768.jpg 1024w, https:\/\/kapitalis.com\/tunisie\/wp-content\/uploads\/2022\/06\/ticad-3-300x225.jpg 300w, https:\/\/kapitalis.com\/tunisie\/wp-content\/uploads\/2022\/06\/ticad-3-768x576.jpg 768w, https:\/\/kapitalis.com\/tunisie\/wp-content\/uploads\/2022\/06\/ticad-3-1536x1152.jpg 1536w, https:\/\/kapitalis.com\/tunisie\/wp-content\/uploads\/2022\/06\/ticad-3-580x435.jpg 580w, https:\/\/kapitalis.com\/tunisie\/wp-content\/uploads\/2022\/06\/ticad-3-860x645.jpg 860w, https:\/\/kapitalis.com\/tunisie\/wp-content\/uploads\/2022\/06\/ticad-3-1160x870.jpg 1160w, https:\/\/kapitalis.com\/tunisie\/wp-content\/uploads\/2022\/06\/ticad-3.jpg 2000w\" sizes=\"(max-width: 1024px) 100vw, 1024px\" \/><figcaption><em>Shinsuke Shimizu, ambassadeur du Japon en Tunisie.<\/em><\/figcaption><\/figure>\n\n\n\n<p>De son c\u00f4t\u00e9, le repr\u00e9sentant de la Jica en Tunisie, Shuhei Ueno, a d&rsquo;abord bri\u00e8vement pr\u00e9sent\u00e9 cette agence, indiquant qu&rsquo;il s&rsquo;agit de l&rsquo;un des plus grands organismes d&rsquo;aide bilat\u00e9rale du monde \u00e0 soutenir le d\u00e9veloppement socio\u00e9conomique des pays en d\u00e9veloppement, avec 150 r\u00e9gions et pays en d\u00e9veloppement b\u00e9n\u00e9ficiaires et 96 bureaux dans le monde, dont 31 en Afrique.<\/p>\n\n\n\n<p>S&rsquo;agissant de la Ticad, l&rsquo;approche de la Jica, a-t-il expliqu\u00e9, est de mettre en place des priorit\u00e9s transversales pour organiser les activit\u00e9s de la conf\u00e9rence, avec, en haut de l&rsquo;\u00e9chelle, la promotion et l&rsquo;utilisation de la DX et des STI, puis l&rsquo;int\u00e9gration de la dimension de genre, l&rsquo;int\u00e9gration du changement climatique, le renforcement du partenariat avec divers acteurs et enfin le partage des exp\u00e9riences du d\u00e9veloppement du Japon.<\/p>\n\n\n\n<h2 class=\"wp-block-heading\">Des objectifs sociaux, \u00e9conomiques et politiques<\/h2>\n\n\n\n<p>Plusieurs objectifs sont, ainsi, vis\u00e9s, notamment, sur le plan social, la protection de la vie humaine, \u00e0 travers le renforcement des syst\u00e8mes de sant\u00e9 r\u00e9silients et inclusifs, ainsi que la protection des moyens de subsistance, entre autres, en garantissant des emplois d\u00e9cents.<\/p>\n\n\n<div class=\"wp-block-image\">\n<figure class=\"aligncenter size-large is-resized\"><img decoding=\"async\" src=\"https:\/\/kapitalis.com\/tunisie\/wp-content\/uploads\/2022\/06\/ticad-4-1024x768.jpg\" alt=\"\" class=\"wp-image-1304082\" width=\"500\" srcset=\"https:\/\/kapitalis.com\/tunisie\/wp-content\/uploads\/2022\/06\/ticad-4-1024x768.jpg 1024w, https:\/\/kapitalis.com\/tunisie\/wp-content\/uploads\/2022\/06\/ticad-4-300x225.jpg 300w, https:\/\/kapitalis.com\/tunisie\/wp-content\/uploads\/2022\/06\/ticad-4-768x576.jpg 768w, https:\/\/kapitalis.com\/tunisie\/wp-content\/uploads\/2022\/06\/ticad-4-1536x1152.jpg 1536w, https:\/\/kapitalis.com\/tunisie\/wp-content\/uploads\/2022\/06\/ticad-4-580x435.jpg 580w, https:\/\/kapitalis.com\/tunisie\/wp-content\/uploads\/2022\/06\/ticad-4-860x645.jpg 860w, https:\/\/kapitalis.com\/tunisie\/wp-content\/uploads\/2022\/06\/ticad-4-1160x870.jpg 1160w, https:\/\/kapitalis.com\/tunisie\/wp-content\/uploads\/2022\/06\/ticad-4.jpg 2000w\" sizes=\"(max-width: 1024px) 100vw, 1024px\" \/><figcaption><em>Shuhei Ueno, repr\u00e9sentant r\u00e9sident de la Jica en Tunisie.<\/em><\/figcaption><\/figure>\n<\/div>\n\n\n<p>Sur le plan \u00e9conomique, le renforcement de l&rsquo;\u00e9conomie africaine devra passer par le d\u00e9veloppement \u00e9conomique et la promotion des affaires, la transition \u00e9nerg\u00e9tique vers l&rsquo;\u00e9conomie verte et le soutien de l&rsquo;int\u00e9gration et de la coop\u00e9ration \u00e9conomiques r\u00e9gionales.<\/p>\n\n\n\n<p>Enfin, la Ticad visera, \u00e0 travers ses activit\u00e9, \u00e0 consolider les efforts de stabilisation au Sahel et dans la corne de l&rsquo;Afrique et \u00e0 contribuer \u00e0 la prix et s\u00e9curit\u00e9 dans le continent.<\/p>\n\n\n\n<p>La Ticad 8 se tiendra en Tunisie les 27 et 28 ao\u00fbt 2022.<\/p>\n","protected":false},"excerpt":{"rendered":"<p>Dans moins de 3 mois, la 8e \u00e9dition de la Conf\u00e9rence internationale de Tokyo sur le d\u00e9veloppement de l\u2019Afrique (Ticad 8) se tiendra en Tunisie. A cette occasion, une conf\u00e9rence de presse a \u00e9t\u00e9 organis\u00e9e, hier, lundi 6 juin 2022, \u00e0 Tunis, par l\u2019Agence japonaise de coop\u00e9ration internationale (Jica). Par Cherif Ben Youn\u00e8s<\/p>\n","protected":false},"author":24,"featured_media":1303990,"comment_status":"open","ping_status":"open","sticky":false,"template":"","format":"standard","meta":{"footnotes":""},"categories":[992,995,2433],"tags":[80702,100388,388,24777,3735,53994,100372,80888],"class_list":["post-1287335","post","type-post","status-publish","format-standard","has-post-thumbnail","hentry","category-a-la-une","category-economie","category-tunisie","tag-agence-japonaise-de-cooperation-internationale","tag-conference-internationale-de-tokyo-sur-le-developpement-de-lafrique","tag-fmi","tag-jica","tag-livre-blanc","tag-shinsuke-shimizu","tag-shuhei-ueno","tag-ticad-8"],"yoast_head":"<!-- This site is optimized with the Yoast SEO plugin v26.6 - https:\/\/yoast.com\/wordpress\/plugins\/seo\/ -->\n<title>Ticad 8 : Des projets triangulaires, entre le Japon, la Tunisie et l&#039;Afrique sont attendus - Kapitalis<\/title>\n<meta name=\"robots\" content=\"index, follow, max-snippet:-1, max-image-preview:large, max-video-preview:-1\" \/>\n<link rel=\"canonical\" href=\"https:\/\/kapitalis.com\/tunisie\/2022\/06\/07\/ticad-8-des-projets-triangulaires-entre-le-japon-la-tunisie-et-le-reste-de-lafrique-sont-attenbdus\/\" \/>\n<meta property=\"og:locale\" content=\"fr_FR\" \/>\n<meta property=\"og:type\" content=\"article\" \/>\n<meta property=\"og:title\" content=\"Ticad 8 : Des projets triangulaires, entre le Japon, la Tunisie et l&#039;Afrique sont attendus - Kapitalis\" \/>\n<meta property=\"og:description\" content=\"Dans moins de 3 mois, la 8e \u00e9dition de la Conf\u00e9rence internationale de Tokyo sur le d\u00e9veloppement de l\u2019Afrique (Ticad 8) se tiendra en Tunisie. A cette occasion, une conf\u00e9rence de presse a \u00e9t\u00e9 organis\u00e9e, hier, lundi 6 juin 2022, \u00e0 Tunis, par l\u2019Agence japonaise de coop\u00e9ration internationale (Jica). Par Cherif Ben Youn\u00e8s\" \/>\n<meta property=\"og:url\" content=\"https:\/\/kapitalis.com\/tunisie\/2022\/06\/07\/ticad-8-des-projets-triangulaires-entre-le-japon-la-tunisie-et-le-reste-de-lafrique-sont-attenbdus\/\" \/>\n<meta property=\"og:site_name\" content=\"Kapitalis\" \/>\n<meta property=\"article:publisher\" content=\"https:\/\/www.facebook.com\/KapitalisInfo\/\" \/>\n<meta property=\"article:published_time\" content=\"2022-06-07T10:32:00+00:00\" \/>\n<meta property=\"article:modified_time\" content=\"2022-06-07T10:32:50+00:00\" \/>\n<meta property=\"og:image\" content=\"https:\/\/kapitalis.com\/tunisie\/wp-content\/uploads\/2022\/06\/ticad-2.jpg\" \/>\n\t<meta property=\"og:image:width\" content=\"1200\" \/>\n\t<meta property=\"og:image:height\" content=\"630\" \/>\n\t<meta property=\"og:image:type\" content=\"image\/jpeg\" \/>\n<meta name=\"author\" content=\"Cherif Benyounes\" \/>\n<meta name=\"twitter:card\" content=\"summary_large_image\" \/>\n<meta name=\"twitter:creator\" content=\"@KapitalisInfo\" \/>\n<meta name=\"twitter:site\" content=\"@KapitalisInfo\" \/>\n<meta name=\"twitter:label1\" content=\"\u00c9crit par\" \/>\n\t<meta name=\"twitter:data1\" content=\"Cherif Benyounes\" \/>\n\t<meta name=\"twitter:label2\" content=\"Dur\u00e9e de lecture estim\u00e9e\" \/>\n\t<meta name=\"twitter:data2\" content=\"4 minutes\" \/>\n<script type=\"application\/ld+json\" class=\"yoast-schema-graph\">{\"@context\":\"https:\/\/schema.org\",\"@graph\":[{\"@type\":\"Article\",\"@id\":\"https:\/\/kapitalis.com\/tunisie\/2022\/06\/07\/ticad-8-des-projets-triangulaires-entre-le-japon-la-tunisie-et-le-reste-de-lafrique-sont-attenbdus\/#article\",\"isPartOf\":{\"@id\":\"https:\/\/kapitalis.com\/tunisie\/2022\/06\/07\/ticad-8-des-projets-triangulaires-entre-le-japon-la-tunisie-et-le-reste-de-lafrique-sont-attenbdus\/\"},\"author\":{\"name\":\"Cherif Benyounes\",\"@id\":\"https:\/\/kapitalis.com\/tunisie\/#\/schema\/person\/b35b8d631961131107263178aeb8019e\"},\"headline\":\"Ticad 8 : Des projets triangulaires, entre le Japon, la Tunisie et l&rsquo;Afrique sont attendus\",\"datePublished\":\"2022-06-07T10:32:00+00:00\",\"dateModified\":\"2022-06-07T10:32:50+00:00\",\"mainEntityOfPage\":{\"@id\":\"https:\/\/kapitalis.com\/tunisie\/2022\/06\/07\/ticad-8-des-projets-triangulaires-entre-le-japon-la-tunisie-et-le-reste-de-lafrique-sont-attenbdus\/\"},\"wordCount\":708,\"commentCount\":0,\"publisher\":{\"@id\":\"https:\/\/kapitalis.com\/tunisie\/#organization\"},\"image\":{\"@id\":\"https:\/\/kapitalis.com\/tunisie\/2022\/06\/07\/ticad-8-des-projets-triangulaires-entre-le-japon-la-tunisie-et-le-reste-de-lafrique-sont-attenbdus\/#primaryimage\"},\"thumbnailUrl\":\"https:\/\/kapitalis.com\/tunisie\/wp-content\/uploads\/2022\/06\/ticad-2.jpg\",\"keywords\":[\"Agence japonaise de coop\u00e9ration internationale\",\"Conf\u00e9rence internationale de Tokyo sur le d\u00e9veloppement de l\u2019Afrique\",\"FMI\",\"Jica\",\"livre blanc\",\"Shinsuke Shimizu\",\"Shuhei Ueno\",\"Ticad 8\"],\"articleSection\":[\"A LA UNE\",\"ECONOMIE\",\"Tunisie\"],\"inLanguage\":\"fr-FR\",\"potentialAction\":[{\"@type\":\"CommentAction\",\"name\":\"Comment\",\"target\":[\"https:\/\/kapitalis.com\/tunisie\/2022\/06\/07\/ticad-8-des-projets-triangulaires-entre-le-japon-la-tunisie-et-le-reste-de-lafrique-sont-attenbdus\/#respond\"]}]},{\"@type\":\"WebPage\",\"@id\":\"https:\/\/kapitalis.com\/tunisie\/2022\/06\/07\/ticad-8-des-projets-triangulaires-entre-le-japon-la-tunisie-et-le-reste-de-lafrique-sont-attenbdus\/\",\"url\":\"https:\/\/kapitalis.com\/tunisie\/2022\/06\/07\/ticad-8-des-projets-triangulaires-entre-le-japon-la-tunisie-et-le-reste-de-lafrique-sont-attenbdus\/\",\"name\":\"Ticad 8 : Des projets triangulaires, entre le Japon, la Tunisie et l'Afrique sont attendus - Kapitalis\",\"isPartOf\":{\"@id\":\"https:\/\/kapitalis.com\/tunisie\/#website\"},\"primaryImageOfPage\":{\"@id\":\"https:\/\/kapitalis.com\/tunisie\/2022\/06\/07\/ticad-8-des-projets-triangulaires-entre-le-japon-la-tunisie-et-le-reste-de-lafrique-sont-attenbdus\/#primaryimage\"},\"image\":{\"@id\":\"https:\/\/kapitalis.com\/tunisie\/2022\/06\/07\/ticad-8-des-projets-triangulaires-entre-le-japon-la-tunisie-et-le-reste-de-lafrique-sont-attenbdus\/#primaryimage\"},\"thumbnailUrl\":\"https:\/\/kapitalis.com\/tunisie\/wp-content\/uploads\/2022\/06\/ticad-2.jpg\",\"datePublished\":\"2022-06-07T10:32:00+00:00\",\"dateModified\":\"2022-06-07T10:32:50+00:00\",\"breadcrumb\":{\"@id\":\"https:\/\/kapitalis.com\/tunisie\/2022\/06\/07\/ticad-8-des-projets-triangulaires-entre-le-japon-la-tunisie-et-le-reste-de-lafrique-sont-attenbdus\/#breadcrumb\"},\"inLanguage\":\"fr-FR\",\"potentialAction\":[{\"@type\":\"ReadAction\",\"target\":[\"https:\/\/kapitalis.com\/tunisie\/2022\/06\/07\/ticad-8-des-projets-triangulaires-entre-le-japon-la-tunisie-et-le-reste-de-lafrique-sont-attenbdus\/\"]}]},{\"@type\":\"ImageObject\",\"inLanguage\":\"fr-FR\",\"@id\":\"https:\/\/kapitalis.com\/tunisie\/2022\/06\/07\/ticad-8-des-projets-triangulaires-entre-le-japon-la-tunisie-et-le-reste-de-lafrique-sont-attenbdus\/#primaryimage\",\"url\":\"https:\/\/kapitalis.com\/tunisie\/wp-content\/uploads\/2022\/06\/ticad-2.jpg\",\"contentUrl\":\"https:\/\/kapitalis.com\/tunisie\/wp-content\/uploads\/2022\/06\/ticad-2.jpg\",\"width\":1200,\"height\":630},{\"@type\":\"BreadcrumbList\",\"@id\":\"https:\/\/kapitalis.com\/tunisie\/2022\/06\/07\/ticad-8-des-projets-triangulaires-entre-le-japon-la-tunisie-et-le-reste-de-lafrique-sont-attenbdus\/#breadcrumb\",\"itemListElement\":[{\"@type\":\"ListItem\",\"position\":1,\"name\":\"Accueil\",\"item\":\"https:\/\/kapitalis.com\/tunisie\/\"},{\"@type\":\"ListItem\",\"position\":2,\"name\":\"Ticad 8 : Des projets triangulaires, entre le Japon, la Tunisie et l&rsquo;Afrique sont attendus\"}]},{\"@type\":\"WebSite\",\"@id\":\"https:\/\/kapitalis.com\/tunisie\/#website\",\"url\":\"https:\/\/kapitalis.com\/tunisie\/\",\"name\":\"Kapitalis\",\"description\":\"L&#039;actualit\u00e9 en Tunisie et dans le monde\",\"publisher\":{\"@id\":\"https:\/\/kapitalis.com\/tunisie\/#organization\"},\"potentialAction\":[{\"@type\":\"SearchAction\",\"target\":{\"@type\":\"EntryPoint\",\"urlTemplate\":\"https:\/\/kapitalis.com\/tunisie\/?s={search_term_string}\"},\"query-input\":{\"@type\":\"PropertyValueSpecification\",\"valueRequired\":true,\"valueName\":\"search_term_string\"}}],\"inLanguage\":\"fr-FR\"},{\"@type\":\"Organization\",\"@id\":\"https:\/\/kapitalis.com\/tunisie\/#organization\",\"name\":\"Kapitalis\",\"url\":\"https:\/\/kapitalis.com\/tunisie\/\",\"logo\":{\"@type\":\"ImageObject\",\"inLanguage\":\"fr-FR\",\"@id\":\"https:\/\/kapitalis.com\/tunisie\/#\/schema\/logo\/image\/\",\"url\":\"https:\/\/kapitalis.com\/tunisie\/wp-content\/uploads\/2022\/05\/Kapitalis-big-size.png\",\"contentUrl\":\"https:\/\/kapitalis.com\/tunisie\/wp-content\/uploads\/2022\/05\/Kapitalis-big-size.png\",\"width\":5000,\"height\":1500,\"caption\":\"Kapitalis\"},\"image\":{\"@id\":\"https:\/\/kapitalis.com\/tunisie\/#\/schema\/logo\/image\/\"},\"sameAs\":[\"https:\/\/www.facebook.com\/KapitalisInfo\/\",\"https:\/\/x.com\/KapitalisInfo\",\"https:\/\/www.youtube.com\/channel\/UC-yDYrHyfFBWWZaOw3FPg9Q\"]},{\"@type\":\"Person\",\"@id\":\"https:\/\/kapitalis.com\/tunisie\/#\/schema\/person\/b35b8d631961131107263178aeb8019e\",\"name\":\"Cherif Benyounes\",\"url\":\"https:\/\/kapitalis.com\/tunisie\/author\/cherif\/\"}]}<\/script>\n<!-- \/ Yoast SEO plugin. -->","yoast_head_json":{"title":"Ticad 8 : Des projets triangulaires, entre le Japon, la Tunisie et l'Afrique sont attendus - Kapitalis","robots":{"index":"index","follow":"follow","max-snippet":"max-snippet:-1","max-image-preview":"max-image-preview:large","max-video-preview":"max-video-preview:-1"},"canonical":"https:\/\/kapitalis.com\/tunisie\/2022\/06\/07\/ticad-8-des-projets-triangulaires-entre-le-japon-la-tunisie-et-le-reste-de-lafrique-sont-attenbdus\/","og_locale":"fr_FR","og_type":"article","og_title":"Ticad 8 : Des projets triangulaires, entre le Japon, la Tunisie et l'Afrique sont attendus - Kapitalis","og_description":"Dans moins de 3 mois, la 8e \u00e9dition de la Conf\u00e9rence internationale de Tokyo sur le d\u00e9veloppement de l\u2019Afrique (Ticad 8) se tiendra en Tunisie. A cette occasion, une conf\u00e9rence de presse a \u00e9t\u00e9 organis\u00e9e, hier, lundi 6 juin 2022, \u00e0 Tunis, par l\u2019Agence japonaise de coop\u00e9ration internationale (Jica). Par Cherif Ben Youn\u00e8s","og_url":"https:\/\/kapitalis.com\/tunisie\/2022\/06\/07\/ticad-8-des-projets-triangulaires-entre-le-japon-la-tunisie-et-le-reste-de-lafrique-sont-attenbdus\/","og_site_name":"Kapitalis","article_publisher":"https:\/\/www.facebook.com\/KapitalisInfo\/","article_published_time":"2022-06-07T10:32:00+00:00","article_modified_time":"2022-06-07T10:32:50+00:00","og_image":[{"width":1200,"height":630,"url":"https:\/\/kapitalis.com\/tunisie\/wp-content\/uploads\/2022\/06\/ticad-2.jpg","type":"image\/jpeg"}],"author":"Cherif Benyounes","twitter_card":"summary_large_image","twitter_creator":"@KapitalisInfo","twitter_site":"@KapitalisInfo","twitter_misc":{"\u00c9crit par":"Cherif Benyounes","Dur\u00e9e de lecture estim\u00e9e":"4 minutes"},"schema":{"@context":"https:\/\/schema.org","@graph":[{"@type":"Article","@id":"https:\/\/kapitalis.com\/tunisie\/2022\/06\/07\/ticad-8-des-projets-triangulaires-entre-le-japon-la-tunisie-et-le-reste-de-lafrique-sont-attenbdus\/#article","isPartOf":{"@id":"https:\/\/kapitalis.com\/tunisie\/2022\/06\/07\/ticad-8-des-projets-triangulaires-entre-le-japon-la-tunisie-et-le-reste-de-lafrique-sont-attenbdus\/"},"author":{"name":"Cherif Benyounes","@id":"https:\/\/kapitalis.com\/tunisie\/#\/schema\/person\/b35b8d631961131107263178aeb8019e"},"headline":"Ticad 8 : Des projets triangulaires, entre le Japon, la Tunisie et l&rsquo;Afrique sont attendus","datePublished":"2022-06-07T10:32:00+00:00","dateModified":"2022-06-07T10:32:50+00:00","mainEntityOfPage":{"@id":"https:\/\/kapitalis.com\/tunisie\/2022\/06\/07\/ticad-8-des-projets-triangulaires-entre-le-japon-la-tunisie-et-le-reste-de-lafrique-sont-attenbdus\/"},"wordCount":708,"commentCount":0,"publisher":{"@id":"https:\/\/kapitalis.com\/tunisie\/#organization"},"image":{"@id":"https:\/\/kapitalis.com\/tunisie\/2022\/06\/07\/ticad-8-des-projets-triangulaires-entre-le-japon-la-tunisie-et-le-reste-de-lafrique-sont-attenbdus\/#primaryimage"},"thumbnailUrl":"https:\/\/kapitalis.com\/tunisie\/wp-content\/uploads\/2022\/06\/ticad-2.jpg","keywords":["Agence japonaise de coop\u00e9ration internationale","Conf\u00e9rence internationale de Tokyo sur le d\u00e9veloppement de l\u2019Afrique","FMI","Jica","livre blanc","Shinsuke Shimizu","Shuhei Ueno","Ticad 8"],"articleSection":["A LA UNE","ECONOMIE","Tunisie"],"inLanguage":"fr-FR","potentialAction":[{"@type":"CommentAction","name":"Comment","target":["https:\/\/kapitalis.com\/tunisie\/2022\/06\/07\/ticad-8-des-projets-triangulaires-entre-le-japon-la-tunisie-et-le-reste-de-lafrique-sont-attenbdus\/#respond"]}]},{"@type":"WebPage","@id":"https:\/\/kapitalis.com\/tunisie\/2022\/06\/07\/ticad-8-des-projets-triangulaires-entre-le-japon-la-tunisie-et-le-reste-de-lafrique-sont-attenbdus\/","url":"https:\/\/kapitalis.com\/tunisie\/2022\/06\/07\/ticad-8-des-projets-triangulaires-entre-le-japon-la-tunisie-et-le-reste-de-lafrique-sont-attenbdus\/","name":"Ticad 8 : Des projets triangulaires, entre le Japon, la Tunisie et l'Afrique sont attendus - Kapitalis","isPartOf":{"@id":"https:\/\/kapitalis.com\/tunisie\/#website"},"primaryImageOfPage":{"@id":"https:\/\/kapitalis.com\/tunisie\/2022\/06\/07\/ticad-8-des-projets-triangulaires-entre-le-japon-la-tunisie-et-le-reste-de-lafrique-sont-attenbdus\/#primaryimage"},"image":{"@id":"https:\/\/kapitalis.com\/tunisie\/2022\/06\/07\/ticad-8-des-projets-triangulaires-entre-le-japon-la-tunisie-et-le-reste-de-lafrique-sont-attenbdus\/#primaryimage"},"thumbnailUrl":"https:\/\/kapitalis.com\/tunisie\/wp-content\/uploads\/2022\/06\/ticad-2.jpg","datePublished":"2022-06-07T10:32:00+00:00","dateModified":"2022-06-07T10:32:50+00:00","breadcrumb":{"@id":"https:\/\/kapitalis.com\/tunisie\/2022\/06\/07\/ticad-8-des-projets-triangulaires-entre-le-japon-la-tunisie-et-le-reste-de-lafrique-sont-attenbdus\/#breadcrumb"},"inLanguage":"fr-FR","potentialAction":[{"@type":"ReadAction","target":["https:\/\/kapitalis.com\/tunisie\/2022\/06\/07\/ticad-8-des-projets-triangulaires-entre-le-japon-la-tunisie-et-le-reste-de-lafrique-sont-attenbdus\/"]}]},{"@type":"ImageObject","inLanguage":"fr-FR","@id":"https:\/\/kapitalis.com\/tunisie\/2022\/06\/07\/ticad-8-des-projets-triangulaires-entre-le-japon-la-tunisie-et-le-reste-de-lafrique-sont-attenbdus\/#primaryimage","url":"https:\/\/kapitalis.com\/tunisie\/wp-content\/uploads\/2022\/06\/ticad-2.jpg","contentUrl":"https:\/\/kapitalis.com\/tunisie\/wp-content\/uploads\/2022\/06\/ticad-2.jpg","width":1200,"height":630},{"@type":"BreadcrumbList","@id":"https:\/\/kapitalis.com\/tunisie\/2022\/06\/07\/ticad-8-des-projets-triangulaires-entre-le-japon-la-tunisie-et-le-reste-de-lafrique-sont-attenbdus\/#breadcrumb","itemListElement":[{"@type":"ListItem","position":1,"name":"Accueil","item":"https:\/\/kapitalis.com\/tunisie\/"},{"@type":"ListItem","position":2,"name":"Ticad 8 : Des projets triangulaires, entre le Japon, la Tunisie et l&rsquo;Afrique sont attendus"}]},{"@type":"WebSite","@id":"https:\/\/kapitalis.com\/tunisie\/#website","url":"https:\/\/kapitalis.com\/tunisie\/","name":"Kapitalis","description":"L&#039;actualit\u00e9 en Tunisie et dans le monde","publisher":{"@id":"https:\/\/kapitalis.com\/tunisie\/#organization"},"potentialAction":[{"@type":"SearchAction","target":{"@type":"EntryPoint","urlTemplate":"https:\/\/kapitalis.com\/tunisie\/?s={search_term_string}"},"query-input":{"@type":"PropertyValueSpecification","valueRequired":true,"valueName":"search_term_string"}}],"inLanguage":"fr-FR"},{"@type":"Organization","@id":"https:\/\/kapitalis.com\/tunisie\/#organization","name":"Kapitalis","url":"https:\/\/kapitalis.com\/tunisie\/","logo":{"@type":"ImageObject","inLanguage":"fr-FR","@id":"https:\/\/kapitalis.com\/tunisie\/#\/schema\/logo\/image\/","url":"https:\/\/kapitalis.com\/tunisie\/wp-content\/uploads\/2022\/05\/Kapitalis-big-size.png","contentUrl":"https:\/\/kapitalis.com\/tunisie\/wp-content\/uploads\/2022\/05\/Kapitalis-big-size.png","width":5000,"height":1500,"caption":"Kapitalis"},"image":{"@id":"https:\/\/kapitalis.com\/tunisie\/#\/schema\/logo\/image\/"},"sameAs":["https:\/\/www.facebook.com\/KapitalisInfo\/","https:\/\/x.com\/KapitalisInfo","https:\/\/www.youtube.com\/channel\/UC-yDYrHyfFBWWZaOw3FPg9Q"]},{"@type":"Person","@id":"https:\/\/kapitalis.com\/tunisie\/#\/schema\/person\/b35b8d631961131107263178aeb8019e","name":"Cherif Benyounes","url":"https:\/\/kapitalis.com\/tunisie\/author\/cherif\/"}]}},"_links":{"self":[{"href":"https:\/\/kapitalis.com\/tunisie\/wp-json\/wp\/v2\/posts\/1287335","targetHints":{"allow":["GET"]}}],"collection":[{"href":"https:\/\/kapitalis.com\/tunisie\/wp-json\/wp\/v2\/posts"}],"about":[{"href":"https:\/\/kapitalis.com\/tunisie\/wp-json\/wp\/v2\/types\/post"}],"author":[{"embeddable":true,"href":"https:\/\/kapitalis.com\/tunisie\/wp-json\/wp\/v2\/users\/24"}],"replies":[{"embeddable":true,"href":"https:\/\/kapitalis.com\/tunisie\/wp-json\/wp\/v2\/comments?post=1287335"}],"version-history":[{"count":0,"href":"https:\/\/kapitalis.com\/tunisie\/wp-json\/wp\/v2\/posts\/1287335\/revisions"}],"wp:featuredmedia":[{"embeddable":true,"href":"https:\/\/kapitalis.com\/tunisie\/wp-json\/wp\/v2\/media\/1303990"}],"wp:attachment":[{"href":"https:\/\/kapitalis.com\/tunisie\/wp-json\/wp\/v2\/media?parent=1287335"}],"wp:term":[{"taxonomy":"category","embeddable":true,"href":"https:\/\/kapitalis.com\/tunisie\/wp-json\/wp\/v2\/categories?post=1287335"},{"taxonomy":"post_tag","embeddable":true,"href":"https:\/\/kapitalis.com\/tunisie\/wp-json\/wp\/v2\/tags?post=1287335"}],"curies":[{"name":"wp","href":"https:\/\/api.w.org\/{rel}","templated":true}]}}