{"id":12879772,"date":"2024-05-19T11:06:12","date_gmt":"2024-05-19T10:06:12","guid":{"rendered":"https:\/\/kapitalis.com\/tunisie\/?p=12879772"},"modified":"2024-05-19T11:24:44","modified_gmt":"2024-05-19T10:24:44","slug":"12879772","status":"publish","type":"post","link":"https:\/\/kapitalis.com\/tunisie\/2024\/05\/19\/12879772\/","title":{"rendered":"Prot\u00e9ger la ch\u00e9chia tunisienne des contrefa\u00e7ons"},"content":{"rendered":"\n<p><strong><em>La ch\u00e9chia tunisienne, couvre-chef embl\u00e9matique du patrimoine tunisien, est \u00e9ligible \u00e0 l\u2019appellation d\u2019origine contr\u00f4l\u00e9e (AOC), a indiqu\u00e9 samedi 18 mai 2024 le ministre du Tourisme et de l\u2019Artisanat, Mohamed Moez Belhassine, \u00e0 l\u2019ouverture de la deuxi\u00e8me F\u00eate de la ch\u00e9chia \u00e0 El Battane, gouvernorat de la Manouba.<\/em><\/strong><\/p>\n\n\n\n<!--more-->\n\n\n\n<p>Un produit b\u00e9n\u00e9ficiant de l\u2019AOC refl\u00e8te un lien intime entre sa production et le territoire sp\u00e9cifique dans lequel il est \u00e9labor\u00e9, le tout reconnu et d\u00e9fendu par des hommes qualifi\u00e9s et dot\u00e9s d\u2019un haut niveau de savoir-faire.<\/p>\n\n\n\n<p>Le minist\u00e8re du Tourisme, \u00e0 travers l\u2019Office national de l\u2019artisanat tunisien (Onat), cherche \u00e0 labelliser au total une soixantaine de produits artisanaux, en collaboration avec l\u2019Institut national de normalisation et de propri\u00e9t\u00e9 industrielle (Innorpi), a-t-il ajout\u00e9, soulignant que le la poterie de Sejnane avait d\u00e9j\u00e0 obtenu ce statut en 2023.<\/p>\n\n\n\n<p>La priorit\u00e9 sera d\u00e9sormais donn\u00e9e \u00e0 l\u2019inscription du savoir-faire ancestral de la ch\u00e9chia sur la liste du patrimoine culturel immat\u00e9riel de l\u2019Unesco, a-t-il affirm\u00e9, soulignant que son d\u00e9partement s\u2019efforce \u00e9galement \u00e0 prot\u00e9ger ce produit contre la contrefa\u00e7on.<\/p>\n\n\n\n<p>Lors d\u2019une visite \u00e0 l\u2019usine de foulage d\u2019El Battane, le ministre a annonc\u00e9 le lancement d\u2019une campagne anti-contrefa\u00e7on \u00e0 partir du mois de juin dans les souks et les circuits touristiques, en collaboration avec le minist\u00e8re du Commerce.<\/p>\n\n\n\n<p>Tap. <\/p>\n\n\n\n<figure class=\"wp-block-embed is-type-wp-embed is-provider-kapitalis wp-block-embed-kapitalis\"><div class=\"wp-block-embed__wrapper\">\n<blockquote class=\"wp-embedded-content\" data-secret=\"I3bMrhFlSJ\"><a href=\"https:\/\/kapitalis.com\/tunisie\/2024\/04\/05\/la-chechia-tunisienne-marqueur-didentite-et-symbole-de-la-tradition\/\">La ch\u00e9chia tunisienne, marqueur d\u2019identit\u00e9 et symbole de la tradition<\/a><\/blockquote><iframe loading=\"lazy\" class=\"wp-embedded-content\" sandbox=\"allow-scripts\" security=\"restricted\" style=\"position: absolute; clip: rect(1px, 1px, 1px, 1px);\" title=\"\u00ab\u00a0La ch\u00e9chia tunisienne, marqueur d\u2019identit\u00e9 et symbole de la tradition\u00a0\u00bb &#8212; Kapitalis\" src=\"https:\/\/kapitalis.com\/tunisie\/2024\/04\/05\/la-chechia-tunisienne-marqueur-didentite-et-symbole-de-la-tradition\/embed\/#?secret=WN0wRqXiKe#?secret=I3bMrhFlSJ\" data-secret=\"I3bMrhFlSJ\" width=\"600\" height=\"338\" frameborder=\"0\" marginwidth=\"0\" marginheight=\"0\" scrolling=\"no\"><\/iframe>\n<\/div><\/figure>\n","protected":false},"excerpt":{"rendered":"<p>La ch\u00e9chia tunisienne est \u00e9ligible \u00e0 l\u2019appellation d\u2019origine contr\u00f4l\u00e9e (AOC). <\/p>\n","protected":false},"author":8,"featured_media":12879836,"comment_status":"closed","ping_status":"open","sticky":false,"template":"","format":"standard","meta":{"footnotes":""},"categories":[995,2433],"tags":[89,115691,110432,7382,571,84802,9201,102723,1068],"class_list":["post-12879772","post","type-post","status-publish","format-standard","has-post-thumbnail","hentry","category-economie","category-tunisie","tag-artisanat","tag-chechia-tunisienne","tag-el-battane","tag-innorpi","tag-manouba","tag-mohamed-moez-belhassine","tag-onat","tag-poterie-de-sejnane","tag-unesco"],"yoast_head":"<!-- This site is optimized with the Yoast SEO plugin v26.6 - https:\/\/yoast.com\/wordpress\/plugins\/seo\/ -->\n<title>Prot\u00e9ger la ch\u00e9chia tunisienne des contrefa\u00e7ons - Kapitalis<\/title>\n<meta name=\"robots\" content=\"index, follow, max-snippet:-1, max-image-preview:large, max-video-preview:-1\" \/>\n<link rel=\"canonical\" href=\"https:\/\/kapitalis.com\/tunisie\/2024\/05\/19\/12879772\/\" \/>\n<meta property=\"og:locale\" content=\"fr_FR\" \/>\n<meta property=\"og:type\" content=\"article\" \/>\n<meta property=\"og:title\" content=\"Prot\u00e9ger la ch\u00e9chia tunisienne des contrefa\u00e7ons - Kapitalis\" \/>\n<meta property=\"og:description\" content=\"La ch\u00e9chia tunisienne est \u00e9ligible \u00e0 l\u2019appellation d\u2019origine contr\u00f4l\u00e9e (AOC).\" \/>\n<meta property=\"og:url\" content=\"https:\/\/kapitalis.com\/tunisie\/2024\/05\/19\/12879772\/\" \/>\n<meta property=\"og:site_name\" content=\"Kapitalis\" \/>\n<meta property=\"article:publisher\" content=\"https:\/\/www.facebook.com\/KapitalisInfo\/\" \/>\n<meta property=\"article:published_time\" content=\"2024-05-19T10:06:12+00:00\" \/>\n<meta property=\"article:modified_time\" content=\"2024-05-19T10:24:44+00:00\" \/>\n<meta property=\"og:image\" content=\"https:\/\/kapitalis.com\/tunisie\/wp-content\/uploads\/2024\/05\/Chechia-Moez-Belhassine.jpg\" \/>\n\t<meta property=\"og:image:width\" content=\"1200\" \/>\n\t<meta property=\"og:image:height\" content=\"630\" \/>\n\t<meta property=\"og:image:type\" content=\"image\/jpeg\" \/>\n<meta name=\"author\" content=\"webmaster kapitalis\" \/>\n<meta name=\"twitter:card\" content=\"summary_large_image\" \/>\n<meta name=\"twitter:creator\" content=\"@KapitalisInfo\" \/>\n<meta name=\"twitter:site\" content=\"@KapitalisInfo\" \/>\n<meta name=\"twitter:label1\" content=\"\u00c9crit par\" \/>\n\t<meta name=\"twitter:data1\" content=\"webmaster kapitalis\" \/>\n\t<meta name=\"twitter:label2\" content=\"Dur\u00e9e de lecture estim\u00e9e\" \/>\n\t<meta name=\"twitter:data2\" content=\"2 minutes\" \/>\n<script type=\"application\/ld+json\" class=\"yoast-schema-graph\">{\"@context\":\"https:\/\/schema.org\",\"@graph\":[{\"@type\":\"Article\",\"@id\":\"https:\/\/kapitalis.com\/tunisie\/2024\/05\/19\/12879772\/#article\",\"isPartOf\":{\"@id\":\"https:\/\/kapitalis.com\/tunisie\/2024\/05\/19\/12879772\/\"},\"author\":{\"name\":\"webmaster kapitalis\",\"@id\":\"https:\/\/kapitalis.com\/tunisie\/#\/schema\/person\/d71f33a9ca44f7bad4698210b480c8e9\"},\"headline\":\"Prot\u00e9ger la ch\u00e9chia tunisienne des contrefa\u00e7ons\",\"datePublished\":\"2024-05-19T10:06:12+00:00\",\"dateModified\":\"2024-05-19T10:24:44+00:00\",\"mainEntityOfPage\":{\"@id\":\"https:\/\/kapitalis.com\/tunisie\/2024\/05\/19\/12879772\/\"},\"wordCount\":254,\"publisher\":{\"@id\":\"https:\/\/kapitalis.com\/tunisie\/#organization\"},\"image\":{\"@id\":\"https:\/\/kapitalis.com\/tunisie\/2024\/05\/19\/12879772\/#primaryimage\"},\"thumbnailUrl\":\"https:\/\/kapitalis.com\/tunisie\/wp-content\/uploads\/2024\/05\/Chechia-Moez-Belhassine.jpg\",\"keywords\":[\"artisanat\",\"chechia tunisienne\",\"El Battane\",\"Innorpi\",\"Manouba\",\"Mohamed Moez Belhassine\",\"Onat\",\"poterie de Sejnane\",\"Unesco\"],\"articleSection\":[\"ECONOMIE\",\"Tunisie\"],\"inLanguage\":\"fr-FR\"},{\"@type\":\"WebPage\",\"@id\":\"https:\/\/kapitalis.com\/tunisie\/2024\/05\/19\/12879772\/\",\"url\":\"https:\/\/kapitalis.com\/tunisie\/2024\/05\/19\/12879772\/\",\"name\":\"Prot\u00e9ger la ch\u00e9chia tunisienne des contrefa\u00e7ons - Kapitalis\",\"isPartOf\":{\"@id\":\"https:\/\/kapitalis.com\/tunisie\/#website\"},\"primaryImageOfPage\":{\"@id\":\"https:\/\/kapitalis.com\/tunisie\/2024\/05\/19\/12879772\/#primaryimage\"},\"image\":{\"@id\":\"https:\/\/kapitalis.com\/tunisie\/2024\/05\/19\/12879772\/#primaryimage\"},\"thumbnailUrl\":\"https:\/\/kapitalis.com\/tunisie\/wp-content\/uploads\/2024\/05\/Chechia-Moez-Belhassine.jpg\",\"datePublished\":\"2024-05-19T10:06:12+00:00\",\"dateModified\":\"2024-05-19T10:24:44+00:00\",\"breadcrumb\":{\"@id\":\"https:\/\/kapitalis.com\/tunisie\/2024\/05\/19\/12879772\/#breadcrumb\"},\"inLanguage\":\"fr-FR\",\"potentialAction\":[{\"@type\":\"ReadAction\",\"target\":[\"https:\/\/kapitalis.com\/tunisie\/2024\/05\/19\/12879772\/\"]}]},{\"@type\":\"ImageObject\",\"inLanguage\":\"fr-FR\",\"@id\":\"https:\/\/kapitalis.com\/tunisie\/2024\/05\/19\/12879772\/#primaryimage\",\"url\":\"https:\/\/kapitalis.com\/tunisie\/wp-content\/uploads\/2024\/05\/Chechia-Moez-Belhassine.jpg\",\"contentUrl\":\"https:\/\/kapitalis.com\/tunisie\/wp-content\/uploads\/2024\/05\/Chechia-Moez-Belhassine.jpg\",\"width\":1200,\"height\":630},{\"@type\":\"BreadcrumbList\",\"@id\":\"https:\/\/kapitalis.com\/tunisie\/2024\/05\/19\/12879772\/#breadcrumb\",\"itemListElement\":[{\"@type\":\"ListItem\",\"position\":1,\"name\":\"Accueil\",\"item\":\"https:\/\/kapitalis.com\/tunisie\/\"},{\"@type\":\"ListItem\",\"position\":2,\"name\":\"Prot\u00e9ger la ch\u00e9chia tunisienne des contrefa\u00e7ons\"}]},{\"@type\":\"WebSite\",\"@id\":\"https:\/\/kapitalis.com\/tunisie\/#website\",\"url\":\"https:\/\/kapitalis.com\/tunisie\/\",\"name\":\"Kapitalis\",\"description\":\"L&#039;actualit\u00e9 en Tunisie et dans le monde\",\"publisher\":{\"@id\":\"https:\/\/kapitalis.com\/tunisie\/#organization\"},\"potentialAction\":[{\"@type\":\"SearchAction\",\"target\":{\"@type\":\"EntryPoint\",\"urlTemplate\":\"https:\/\/kapitalis.com\/tunisie\/?s={search_term_string}\"},\"query-input\":{\"@type\":\"PropertyValueSpecification\",\"valueRequired\":true,\"valueName\":\"search_term_string\"}}],\"inLanguage\":\"fr-FR\"},{\"@type\":\"Organization\",\"@id\":\"https:\/\/kapitalis.com\/tunisie\/#organization\",\"name\":\"Kapitalis\",\"url\":\"https:\/\/kapitalis.com\/tunisie\/\",\"logo\":{\"@type\":\"ImageObject\",\"inLanguage\":\"fr-FR\",\"@id\":\"https:\/\/kapitalis.com\/tunisie\/#\/schema\/logo\/image\/\",\"url\":\"https:\/\/kapitalis.com\/tunisie\/wp-content\/uploads\/2022\/05\/Kapitalis-big-size.png\",\"contentUrl\":\"https:\/\/kapitalis.com\/tunisie\/wp-content\/uploads\/2022\/05\/Kapitalis-big-size.png\",\"width\":5000,\"height\":1500,\"caption\":\"Kapitalis\"},\"image\":{\"@id\":\"https:\/\/kapitalis.com\/tunisie\/#\/schema\/logo\/image\/\"},\"sameAs\":[\"https:\/\/www.facebook.com\/KapitalisInfo\/\",\"https:\/\/x.com\/KapitalisInfo\",\"https:\/\/www.youtube.com\/channel\/UC-yDYrHyfFBWWZaOw3FPg9Q\"]},{\"@type\":\"Person\",\"@id\":\"https:\/\/kapitalis.com\/tunisie\/#\/schema\/person\/d71f33a9ca44f7bad4698210b480c8e9\",\"name\":\"webmaster kapitalis\",\"url\":\"https:\/\/kapitalis.com\/tunisie\/author\/webmaster-kapitalis\/\"}]}<\/script>\n<!-- \/ Yoast SEO plugin. -->","yoast_head_json":{"title":"Prot\u00e9ger la ch\u00e9chia tunisienne des contrefa\u00e7ons - Kapitalis","robots":{"index":"index","follow":"follow","max-snippet":"max-snippet:-1","max-image-preview":"max-image-preview:large","max-video-preview":"max-video-preview:-1"},"canonical":"https:\/\/kapitalis.com\/tunisie\/2024\/05\/19\/12879772\/","og_locale":"fr_FR","og_type":"article","og_title":"Prot\u00e9ger la ch\u00e9chia tunisienne des contrefa\u00e7ons - Kapitalis","og_description":"La ch\u00e9chia tunisienne est \u00e9ligible \u00e0 l\u2019appellation d\u2019origine contr\u00f4l\u00e9e (AOC).","og_url":"https:\/\/kapitalis.com\/tunisie\/2024\/05\/19\/12879772\/","og_site_name":"Kapitalis","article_publisher":"https:\/\/www.facebook.com\/KapitalisInfo\/","article_published_time":"2024-05-19T10:06:12+00:00","article_modified_time":"2024-05-19T10:24:44+00:00","og_image":[{"width":1200,"height":630,"url":"https:\/\/kapitalis.com\/tunisie\/wp-content\/uploads\/2024\/05\/Chechia-Moez-Belhassine.jpg","type":"image\/jpeg"}],"author":"webmaster kapitalis","twitter_card":"summary_large_image","twitter_creator":"@KapitalisInfo","twitter_site":"@KapitalisInfo","twitter_misc":{"\u00c9crit par":"webmaster kapitalis","Dur\u00e9e de lecture estim\u00e9e":"2 minutes"},"schema":{"@context":"https:\/\/schema.org","@graph":[{"@type":"Article","@id":"https:\/\/kapitalis.com\/tunisie\/2024\/05\/19\/12879772\/#article","isPartOf":{"@id":"https:\/\/kapitalis.com\/tunisie\/2024\/05\/19\/12879772\/"},"author":{"name":"webmaster kapitalis","@id":"https:\/\/kapitalis.com\/tunisie\/#\/schema\/person\/d71f33a9ca44f7bad4698210b480c8e9"},"headline":"Prot\u00e9ger la ch\u00e9chia tunisienne des contrefa\u00e7ons","datePublished":"2024-05-19T10:06:12+00:00","dateModified":"2024-05-19T10:24:44+00:00","mainEntityOfPage":{"@id":"https:\/\/kapitalis.com\/tunisie\/2024\/05\/19\/12879772\/"},"wordCount":254,"publisher":{"@id":"https:\/\/kapitalis.com\/tunisie\/#organization"},"image":{"@id":"https:\/\/kapitalis.com\/tunisie\/2024\/05\/19\/12879772\/#primaryimage"},"thumbnailUrl":"https:\/\/kapitalis.com\/tunisie\/wp-content\/uploads\/2024\/05\/Chechia-Moez-Belhassine.jpg","keywords":["artisanat","chechia tunisienne","El Battane","Innorpi","Manouba","Mohamed Moez Belhassine","Onat","poterie de Sejnane","Unesco"],"articleSection":["ECONOMIE","Tunisie"],"inLanguage":"fr-FR"},{"@type":"WebPage","@id":"https:\/\/kapitalis.com\/tunisie\/2024\/05\/19\/12879772\/","url":"https:\/\/kapitalis.com\/tunisie\/2024\/05\/19\/12879772\/","name":"Prot\u00e9ger la ch\u00e9chia tunisienne des contrefa\u00e7ons - Kapitalis","isPartOf":{"@id":"https:\/\/kapitalis.com\/tunisie\/#website"},"primaryImageOfPage":{"@id":"https:\/\/kapitalis.com\/tunisie\/2024\/05\/19\/12879772\/#primaryimage"},"image":{"@id":"https:\/\/kapitalis.com\/tunisie\/2024\/05\/19\/12879772\/#primaryimage"},"thumbnailUrl":"https:\/\/kapitalis.com\/tunisie\/wp-content\/uploads\/2024\/05\/Chechia-Moez-Belhassine.jpg","datePublished":"2024-05-19T10:06:12+00:00","dateModified":"2024-05-19T10:24:44+00:00","breadcrumb":{"@id":"https:\/\/kapitalis.com\/tunisie\/2024\/05\/19\/12879772\/#breadcrumb"},"inLanguage":"fr-FR","potentialAction":[{"@type":"ReadAction","target":["https:\/\/kapitalis.com\/tunisie\/2024\/05\/19\/12879772\/"]}]},{"@type":"ImageObject","inLanguage":"fr-FR","@id":"https:\/\/kapitalis.com\/tunisie\/2024\/05\/19\/12879772\/#primaryimage","url":"https:\/\/kapitalis.com\/tunisie\/wp-content\/uploads\/2024\/05\/Chechia-Moez-Belhassine.jpg","contentUrl":"https:\/\/kapitalis.com\/tunisie\/wp-content\/uploads\/2024\/05\/Chechia-Moez-Belhassine.jpg","width":1200,"height":630},{"@type":"BreadcrumbList","@id":"https:\/\/kapitalis.com\/tunisie\/2024\/05\/19\/12879772\/#breadcrumb","itemListElement":[{"@type":"ListItem","position":1,"name":"Accueil","item":"https:\/\/kapitalis.com\/tunisie\/"},{"@type":"ListItem","position":2,"name":"Prot\u00e9ger la ch\u00e9chia tunisienne des contrefa\u00e7ons"}]},{"@type":"WebSite","@id":"https:\/\/kapitalis.com\/tunisie\/#website","url":"https:\/\/kapitalis.com\/tunisie\/","name":"Kapitalis","description":"L&#039;actualit\u00e9 en Tunisie et dans le monde","publisher":{"@id":"https:\/\/kapitalis.com\/tunisie\/#organization"},"potentialAction":[{"@type":"SearchAction","target":{"@type":"EntryPoint","urlTemplate":"https:\/\/kapitalis.com\/tunisie\/?s={search_term_string}"},"query-input":{"@type":"PropertyValueSpecification","valueRequired":true,"valueName":"search_term_string"}}],"inLanguage":"fr-FR"},{"@type":"Organization","@id":"https:\/\/kapitalis.com\/tunisie\/#organization","name":"Kapitalis","url":"https:\/\/kapitalis.com\/tunisie\/","logo":{"@type":"ImageObject","inLanguage":"fr-FR","@id":"https:\/\/kapitalis.com\/tunisie\/#\/schema\/logo\/image\/","url":"https:\/\/kapitalis.com\/tunisie\/wp-content\/uploads\/2022\/05\/Kapitalis-big-size.png","contentUrl":"https:\/\/kapitalis.com\/tunisie\/wp-content\/uploads\/2022\/05\/Kapitalis-big-size.png","width":5000,"height":1500,"caption":"Kapitalis"},"image":{"@id":"https:\/\/kapitalis.com\/tunisie\/#\/schema\/logo\/image\/"},"sameAs":["https:\/\/www.facebook.com\/KapitalisInfo\/","https:\/\/x.com\/KapitalisInfo","https:\/\/www.youtube.com\/channel\/UC-yDYrHyfFBWWZaOw3FPg9Q"]},{"@type":"Person","@id":"https:\/\/kapitalis.com\/tunisie\/#\/schema\/person\/d71f33a9ca44f7bad4698210b480c8e9","name":"webmaster kapitalis","url":"https:\/\/kapitalis.com\/tunisie\/author\/webmaster-kapitalis\/"}]}},"_links":{"self":[{"href":"https:\/\/kapitalis.com\/tunisie\/wp-json\/wp\/v2\/posts\/12879772","targetHints":{"allow":["GET"]}}],"collection":[{"href":"https:\/\/kapitalis.com\/tunisie\/wp-json\/wp\/v2\/posts"}],"about":[{"href":"https:\/\/kapitalis.com\/tunisie\/wp-json\/wp\/v2\/types\/post"}],"author":[{"embeddable":true,"href":"https:\/\/kapitalis.com\/tunisie\/wp-json\/wp\/v2\/users\/8"}],"replies":[{"embeddable":true,"href":"https:\/\/kapitalis.com\/tunisie\/wp-json\/wp\/v2\/comments?post=12879772"}],"version-history":[{"count":3,"href":"https:\/\/kapitalis.com\/tunisie\/wp-json\/wp\/v2\/posts\/12879772\/revisions"}],"predecessor-version":[{"id":12880008,"href":"https:\/\/kapitalis.com\/tunisie\/wp-json\/wp\/v2\/posts\/12879772\/revisions\/12880008"}],"wp:featuredmedia":[{"embeddable":true,"href":"https:\/\/kapitalis.com\/tunisie\/wp-json\/wp\/v2\/media\/12879836"}],"wp:attachment":[{"href":"https:\/\/kapitalis.com\/tunisie\/wp-json\/wp\/v2\/media?parent=12879772"}],"wp:term":[{"taxonomy":"category","embeddable":true,"href":"https:\/\/kapitalis.com\/tunisie\/wp-json\/wp\/v2\/categories?post=12879772"},{"taxonomy":"post_tag","embeddable":true,"href":"https:\/\/kapitalis.com\/tunisie\/wp-json\/wp\/v2\/tags?post=12879772"}],"curies":[{"name":"wp","href":"https:\/\/api.w.org\/{rel}","templated":true}]}}