{"id":128812,"date":"2017-12-18T19:26:21","date_gmt":"2017-12-18T18:26:21","guid":{"rendered":"http:\/\/kapitalis.com\/tunisie\/?p=128812"},"modified":"2017-12-18T19:26:21","modified_gmt":"2017-12-18T18:26:21","slug":"exportation-delegation-espagnole-visite-cepex","status":"publish","type":"post","link":"https:\/\/kapitalis.com\/tunisie\/2017\/12\/18\/exportation-delegation-espagnole-visite-cepex\/","title":{"rendered":"Exportation : D\u00e9l\u00e9gation espagnole en visite au Cepex"},"content":{"rendered":"<p style=\"text-align: center;\"><img loading=\"lazy\" decoding=\"async\" class=\"alignnone size-full wp-image-128814\" src=\"http:\/\/kapitalis.com\/tunisie\/wp-content\/uploads\/2017\/12\/Cepex-Delegation-espagnole.jpg\" alt=\"\" width=\"626\" height=\"380\" \/><\/p>\n<p><em><strong>Une d\u00e9l\u00e9gation de la fondation espagnole d\u2019\u00e9tudes strat\u00e9giques a effectu\u00e9 ce lundi 18 d\u00e9cembre 2017, une visite au si\u00e8ge du Cepex, \u00e0 Tunis.<\/strong><\/em><\/p>\n<p><!--more--><\/p>\n<p>La d\u00e9l\u00e9gation a \u00e9t\u00e9 re\u00e7ue par Samir Azzi et Tarek Ben Kebaier, respectivement directeur g\u00e9n\u00e9ral adjoint et directeur central \u2018Approche des march\u00e9s\u2019 au Centre de promotion des exportations (Cepex), en pr\u00e9sence des repr\u00e9sentants du minist\u00e8re des Affaires \u00e9trang\u00e8res, l\u2019Agence de promotion des investissements ext\u00e9rieurs (Fipa), et des cadres en charge de la promotion des exportations.<\/p>\n<p>Thouraya Belgaied, responsable \u2018Europe\u2019 au Cepex, a fait un expos\u00e9 sur les activit\u00e9s et les principales r\u00e9alisations accomplies par le centre dont les participations \u00e0 des salons, expositions et foires internationales, \u00e9voquant par la m\u00eame occasion les opportunit\u00e9s \u00e9conomiques qu\u2019offre la Tunisie \u00e0 ses partenaires. Elle a \u00e9galement insist\u00e9 sur les diff\u00e9rentes activit\u00e9s qui pourraient faire l\u2019objet d\u2019accords de partenariat entre les op\u00e9rateurs tunisiens et espagnols.<\/p>\n<p>Pour sa part, M. Azzi a rappel\u00e9 les excellentes relations existant entre la Tunisie et l&rsquo;Espagne et la volont\u00e9 de raffermir davantage les liens de coop\u00e9ration entre les deux pays, mettant l\u2019accent sur le savoir-faire du Cepex dans l\u2019accompagnement des entreprises exportatrices, gr\u00e2ce \u00e0 une panoplie de services et un r\u00e9seau professionnel international, en plus de son r\u00f4le d\u2019information et d\u2019assistance aux exportateurs en qu\u00eate de nouveaux march\u00e9s ou de niches pour \u00e9couler leurs produits.<\/p>\n<p style=\"text-align: right;\"><strong>I. B.<\/strong> (avec communiqu\u00e9).<\/p>\n","protected":false},"excerpt":{"rendered":"<p>Une d\u00e9l\u00e9gation de la fondation espagnole d\u2019\u00e9tudes strat\u00e9giques a effectu\u00e9 ce lundi 18 d\u00e9cembre 2017, une visite au si\u00e8ge du Cepex, \u00e0 Tunis.<\/p>\n","protected":false},"author":8,"featured_media":128814,"comment_status":"open","ping_status":"open","sticky":false,"template":"","format":"standard","meta":{"footnotes":""},"categories":[995,2433],"tags":[5008,1575,1328,3018,40280],"class_list":["post-128812","post","type-post","status-publish","format-standard","has-post-thumbnail","hentry","category-economie","category-tunisie","tag-centre-de-promotion-des-exportations","tag-cepex","tag-fipa","tag-investissement-exterieur","tag-samir-azzi"],"yoast_head":"<!-- This site is optimized with the Yoast SEO plugin v26.6 - https:\/\/yoast.com\/wordpress\/plugins\/seo\/ -->\n<title>Exportation : D\u00e9l\u00e9gation espagnole en visite au Cepex - Kapitalis<\/title>\n<meta name=\"robots\" content=\"index, follow, max-snippet:-1, max-image-preview:large, max-video-preview:-1\" \/>\n<link rel=\"canonical\" href=\"https:\/\/kapitalis.com\/tunisie\/2017\/12\/18\/exportation-delegation-espagnole-visite-cepex\/\" \/>\n<meta property=\"og:locale\" content=\"fr_FR\" \/>\n<meta property=\"og:type\" content=\"article\" \/>\n<meta property=\"og:title\" content=\"Exportation : D\u00e9l\u00e9gation espagnole en visite au Cepex - Kapitalis\" \/>\n<meta property=\"og:description\" content=\"Une d\u00e9l\u00e9gation de la fondation espagnole d\u2019\u00e9tudes strat\u00e9giques a effectu\u00e9 ce lundi 18 d\u00e9cembre 2017, une visite au si\u00e8ge du Cepex, \u00e0 Tunis.\" \/>\n<meta property=\"og:url\" content=\"https:\/\/kapitalis.com\/tunisie\/2017\/12\/18\/exportation-delegation-espagnole-visite-cepex\/\" \/>\n<meta property=\"og:site_name\" content=\"Kapitalis\" \/>\n<meta property=\"article:publisher\" content=\"https:\/\/www.facebook.com\/KapitalisInfo\/\" \/>\n<meta property=\"article:published_time\" content=\"2017-12-18T18:26:21+00:00\" \/>\n<meta property=\"og:image\" content=\"https:\/\/kapitalis.com\/tunisie\/wp-content\/uploads\/2022\/05\/kapitalis-logo-fb.png\" \/>\n\t<meta property=\"og:image:width\" content=\"1200\" \/>\n\t<meta property=\"og:image:height\" content=\"630\" \/>\n\t<meta property=\"og:image:type\" content=\"image\/png\" \/>\n<meta name=\"author\" content=\"webmaster kapitalis\" \/>\n<meta name=\"twitter:card\" content=\"summary_large_image\" \/>\n<meta name=\"twitter:creator\" content=\"@KapitalisInfo\" \/>\n<meta name=\"twitter:site\" content=\"@KapitalisInfo\" \/>\n<meta name=\"twitter:label1\" content=\"\u00c9crit par\" \/>\n\t<meta name=\"twitter:data1\" content=\"webmaster kapitalis\" \/>\n\t<meta name=\"twitter:label2\" content=\"Dur\u00e9e de lecture estim\u00e9e\" \/>\n\t<meta name=\"twitter:data2\" content=\"1 minute\" \/>\n<script type=\"application\/ld+json\" class=\"yoast-schema-graph\">{\"@context\":\"https:\/\/schema.org\",\"@graph\":[{\"@type\":\"Article\",\"@id\":\"https:\/\/kapitalis.com\/tunisie\/2017\/12\/18\/exportation-delegation-espagnole-visite-cepex\/#article\",\"isPartOf\":{\"@id\":\"https:\/\/kapitalis.com\/tunisie\/2017\/12\/18\/exportation-delegation-espagnole-visite-cepex\/\"},\"author\":{\"name\":\"webmaster kapitalis\",\"@id\":\"https:\/\/kapitalis.com\/tunisie\/#\/schema\/person\/d71f33a9ca44f7bad4698210b480c8e9\"},\"headline\":\"Exportation : D\u00e9l\u00e9gation espagnole en visite au Cepex\",\"datePublished\":\"2017-12-18T18:26:21+00:00\",\"mainEntityOfPage\":{\"@id\":\"https:\/\/kapitalis.com\/tunisie\/2017\/12\/18\/exportation-delegation-espagnole-visite-cepex\/\"},\"wordCount\":264,\"commentCount\":0,\"publisher\":{\"@id\":\"https:\/\/kapitalis.com\/tunisie\/#organization\"},\"image\":{\"@id\":\"https:\/\/kapitalis.com\/tunisie\/2017\/12\/18\/exportation-delegation-espagnole-visite-cepex\/#primaryimage\"},\"thumbnailUrl\":\"\",\"keywords\":[\"Centre de promotion des exportations\",\"Cepex\",\"Fipa\",\"investissement ext\u00e9rieur\",\"Samir Azzi\"],\"articleSection\":[\"ECONOMIE\",\"Tunisie\"],\"inLanguage\":\"fr-FR\",\"potentialAction\":[{\"@type\":\"CommentAction\",\"name\":\"Comment\",\"target\":[\"https:\/\/kapitalis.com\/tunisie\/2017\/12\/18\/exportation-delegation-espagnole-visite-cepex\/#respond\"]}]},{\"@type\":\"WebPage\",\"@id\":\"https:\/\/kapitalis.com\/tunisie\/2017\/12\/18\/exportation-delegation-espagnole-visite-cepex\/\",\"url\":\"https:\/\/kapitalis.com\/tunisie\/2017\/12\/18\/exportation-delegation-espagnole-visite-cepex\/\",\"name\":\"Exportation : D\u00e9l\u00e9gation espagnole en visite au Cepex - Kapitalis\",\"isPartOf\":{\"@id\":\"https:\/\/kapitalis.com\/tunisie\/#website\"},\"primaryImageOfPage\":{\"@id\":\"https:\/\/kapitalis.com\/tunisie\/2017\/12\/18\/exportation-delegation-espagnole-visite-cepex\/#primaryimage\"},\"image\":{\"@id\":\"https:\/\/kapitalis.com\/tunisie\/2017\/12\/18\/exportation-delegation-espagnole-visite-cepex\/#primaryimage\"},\"thumbnailUrl\":\"\",\"datePublished\":\"2017-12-18T18:26:21+00:00\",\"breadcrumb\":{\"@id\":\"https:\/\/kapitalis.com\/tunisie\/2017\/12\/18\/exportation-delegation-espagnole-visite-cepex\/#breadcrumb\"},\"inLanguage\":\"fr-FR\",\"potentialAction\":[{\"@type\":\"ReadAction\",\"target\":[\"https:\/\/kapitalis.com\/tunisie\/2017\/12\/18\/exportation-delegation-espagnole-visite-cepex\/\"]}]},{\"@type\":\"ImageObject\",\"inLanguage\":\"fr-FR\",\"@id\":\"https:\/\/kapitalis.com\/tunisie\/2017\/12\/18\/exportation-delegation-espagnole-visite-cepex\/#primaryimage\",\"url\":\"\",\"contentUrl\":\"\"},{\"@type\":\"BreadcrumbList\",\"@id\":\"https:\/\/kapitalis.com\/tunisie\/2017\/12\/18\/exportation-delegation-espagnole-visite-cepex\/#breadcrumb\",\"itemListElement\":[{\"@type\":\"ListItem\",\"position\":1,\"name\":\"Accueil\",\"item\":\"https:\/\/kapitalis.com\/tunisie\/\"},{\"@type\":\"ListItem\",\"position\":2,\"name\":\"Exportation : D\u00e9l\u00e9gation espagnole en visite au Cepex\"}]},{\"@type\":\"WebSite\",\"@id\":\"https:\/\/kapitalis.com\/tunisie\/#website\",\"url\":\"https:\/\/kapitalis.com\/tunisie\/\",\"name\":\"Kapitalis\",\"description\":\"L&#039;actualit\u00e9 en Tunisie et dans le monde\",\"publisher\":{\"@id\":\"https:\/\/kapitalis.com\/tunisie\/#organization\"},\"potentialAction\":[{\"@type\":\"SearchAction\",\"target\":{\"@type\":\"EntryPoint\",\"urlTemplate\":\"https:\/\/kapitalis.com\/tunisie\/?s={search_term_string}\"},\"query-input\":{\"@type\":\"PropertyValueSpecification\",\"valueRequired\":true,\"valueName\":\"search_term_string\"}}],\"inLanguage\":\"fr-FR\"},{\"@type\":\"Organization\",\"@id\":\"https:\/\/kapitalis.com\/tunisie\/#organization\",\"name\":\"Kapitalis\",\"url\":\"https:\/\/kapitalis.com\/tunisie\/\",\"logo\":{\"@type\":\"ImageObject\",\"inLanguage\":\"fr-FR\",\"@id\":\"https:\/\/kapitalis.com\/tunisie\/#\/schema\/logo\/image\/\",\"url\":\"https:\/\/kapitalis.com\/tunisie\/wp-content\/uploads\/2022\/05\/Kapitalis-big-size.png\",\"contentUrl\":\"https:\/\/kapitalis.com\/tunisie\/wp-content\/uploads\/2022\/05\/Kapitalis-big-size.png\",\"width\":5000,\"height\":1500,\"caption\":\"Kapitalis\"},\"image\":{\"@id\":\"https:\/\/kapitalis.com\/tunisie\/#\/schema\/logo\/image\/\"},\"sameAs\":[\"https:\/\/www.facebook.com\/KapitalisInfo\/\",\"https:\/\/x.com\/KapitalisInfo\",\"https:\/\/www.youtube.com\/channel\/UC-yDYrHyfFBWWZaOw3FPg9Q\"]},{\"@type\":\"Person\",\"@id\":\"https:\/\/kapitalis.com\/tunisie\/#\/schema\/person\/d71f33a9ca44f7bad4698210b480c8e9\",\"name\":\"webmaster kapitalis\",\"url\":\"https:\/\/kapitalis.com\/tunisie\/author\/webmaster-kapitalis\/\"}]}<\/script>\n<!-- \/ Yoast SEO plugin. -->","yoast_head_json":{"title":"Exportation : D\u00e9l\u00e9gation espagnole en visite au Cepex - Kapitalis","robots":{"index":"index","follow":"follow","max-snippet":"max-snippet:-1","max-image-preview":"max-image-preview:large","max-video-preview":"max-video-preview:-1"},"canonical":"https:\/\/kapitalis.com\/tunisie\/2017\/12\/18\/exportation-delegation-espagnole-visite-cepex\/","og_locale":"fr_FR","og_type":"article","og_title":"Exportation : D\u00e9l\u00e9gation espagnole en visite au Cepex - Kapitalis","og_description":"Une d\u00e9l\u00e9gation de la fondation espagnole d\u2019\u00e9tudes strat\u00e9giques a effectu\u00e9 ce lundi 18 d\u00e9cembre 2017, une visite au si\u00e8ge du Cepex, \u00e0 Tunis.","og_url":"https:\/\/kapitalis.com\/tunisie\/2017\/12\/18\/exportation-delegation-espagnole-visite-cepex\/","og_site_name":"Kapitalis","article_publisher":"https:\/\/www.facebook.com\/KapitalisInfo\/","article_published_time":"2017-12-18T18:26:21+00:00","og_image":[{"width":1200,"height":630,"url":"https:\/\/kapitalis.com\/tunisie\/wp-content\/uploads\/2022\/05\/kapitalis-logo-fb.png","type":"image\/png"}],"author":"webmaster kapitalis","twitter_card":"summary_large_image","twitter_creator":"@KapitalisInfo","twitter_site":"@KapitalisInfo","twitter_misc":{"\u00c9crit par":"webmaster kapitalis","Dur\u00e9e de lecture estim\u00e9e":"1 minute"},"schema":{"@context":"https:\/\/schema.org","@graph":[{"@type":"Article","@id":"https:\/\/kapitalis.com\/tunisie\/2017\/12\/18\/exportation-delegation-espagnole-visite-cepex\/#article","isPartOf":{"@id":"https:\/\/kapitalis.com\/tunisie\/2017\/12\/18\/exportation-delegation-espagnole-visite-cepex\/"},"author":{"name":"webmaster kapitalis","@id":"https:\/\/kapitalis.com\/tunisie\/#\/schema\/person\/d71f33a9ca44f7bad4698210b480c8e9"},"headline":"Exportation : D\u00e9l\u00e9gation espagnole en visite au Cepex","datePublished":"2017-12-18T18:26:21+00:00","mainEntityOfPage":{"@id":"https:\/\/kapitalis.com\/tunisie\/2017\/12\/18\/exportation-delegation-espagnole-visite-cepex\/"},"wordCount":264,"commentCount":0,"publisher":{"@id":"https:\/\/kapitalis.com\/tunisie\/#organization"},"image":{"@id":"https:\/\/kapitalis.com\/tunisie\/2017\/12\/18\/exportation-delegation-espagnole-visite-cepex\/#primaryimage"},"thumbnailUrl":"","keywords":["Centre de promotion des exportations","Cepex","Fipa","investissement ext\u00e9rieur","Samir Azzi"],"articleSection":["ECONOMIE","Tunisie"],"inLanguage":"fr-FR","potentialAction":[{"@type":"CommentAction","name":"Comment","target":["https:\/\/kapitalis.com\/tunisie\/2017\/12\/18\/exportation-delegation-espagnole-visite-cepex\/#respond"]}]},{"@type":"WebPage","@id":"https:\/\/kapitalis.com\/tunisie\/2017\/12\/18\/exportation-delegation-espagnole-visite-cepex\/","url":"https:\/\/kapitalis.com\/tunisie\/2017\/12\/18\/exportation-delegation-espagnole-visite-cepex\/","name":"Exportation : D\u00e9l\u00e9gation espagnole en visite au Cepex - Kapitalis","isPartOf":{"@id":"https:\/\/kapitalis.com\/tunisie\/#website"},"primaryImageOfPage":{"@id":"https:\/\/kapitalis.com\/tunisie\/2017\/12\/18\/exportation-delegation-espagnole-visite-cepex\/#primaryimage"},"image":{"@id":"https:\/\/kapitalis.com\/tunisie\/2017\/12\/18\/exportation-delegation-espagnole-visite-cepex\/#primaryimage"},"thumbnailUrl":"","datePublished":"2017-12-18T18:26:21+00:00","breadcrumb":{"@id":"https:\/\/kapitalis.com\/tunisie\/2017\/12\/18\/exportation-delegation-espagnole-visite-cepex\/#breadcrumb"},"inLanguage":"fr-FR","potentialAction":[{"@type":"ReadAction","target":["https:\/\/kapitalis.com\/tunisie\/2017\/12\/18\/exportation-delegation-espagnole-visite-cepex\/"]}]},{"@type":"ImageObject","inLanguage":"fr-FR","@id":"https:\/\/kapitalis.com\/tunisie\/2017\/12\/18\/exportation-delegation-espagnole-visite-cepex\/#primaryimage","url":"","contentUrl":""},{"@type":"BreadcrumbList","@id":"https:\/\/kapitalis.com\/tunisie\/2017\/12\/18\/exportation-delegation-espagnole-visite-cepex\/#breadcrumb","itemListElement":[{"@type":"ListItem","position":1,"name":"Accueil","item":"https:\/\/kapitalis.com\/tunisie\/"},{"@type":"ListItem","position":2,"name":"Exportation : D\u00e9l\u00e9gation espagnole en visite au Cepex"}]},{"@type":"WebSite","@id":"https:\/\/kapitalis.com\/tunisie\/#website","url":"https:\/\/kapitalis.com\/tunisie\/","name":"Kapitalis","description":"L&#039;actualit\u00e9 en Tunisie et dans le monde","publisher":{"@id":"https:\/\/kapitalis.com\/tunisie\/#organization"},"potentialAction":[{"@type":"SearchAction","target":{"@type":"EntryPoint","urlTemplate":"https:\/\/kapitalis.com\/tunisie\/?s={search_term_string}"},"query-input":{"@type":"PropertyValueSpecification","valueRequired":true,"valueName":"search_term_string"}}],"inLanguage":"fr-FR"},{"@type":"Organization","@id":"https:\/\/kapitalis.com\/tunisie\/#organization","name":"Kapitalis","url":"https:\/\/kapitalis.com\/tunisie\/","logo":{"@type":"ImageObject","inLanguage":"fr-FR","@id":"https:\/\/kapitalis.com\/tunisie\/#\/schema\/logo\/image\/","url":"https:\/\/kapitalis.com\/tunisie\/wp-content\/uploads\/2022\/05\/Kapitalis-big-size.png","contentUrl":"https:\/\/kapitalis.com\/tunisie\/wp-content\/uploads\/2022\/05\/Kapitalis-big-size.png","width":5000,"height":1500,"caption":"Kapitalis"},"image":{"@id":"https:\/\/kapitalis.com\/tunisie\/#\/schema\/logo\/image\/"},"sameAs":["https:\/\/www.facebook.com\/KapitalisInfo\/","https:\/\/x.com\/KapitalisInfo","https:\/\/www.youtube.com\/channel\/UC-yDYrHyfFBWWZaOw3FPg9Q"]},{"@type":"Person","@id":"https:\/\/kapitalis.com\/tunisie\/#\/schema\/person\/d71f33a9ca44f7bad4698210b480c8e9","name":"webmaster kapitalis","url":"https:\/\/kapitalis.com\/tunisie\/author\/webmaster-kapitalis\/"}]}},"_links":{"self":[{"href":"https:\/\/kapitalis.com\/tunisie\/wp-json\/wp\/v2\/posts\/128812","targetHints":{"allow":["GET"]}}],"collection":[{"href":"https:\/\/kapitalis.com\/tunisie\/wp-json\/wp\/v2\/posts"}],"about":[{"href":"https:\/\/kapitalis.com\/tunisie\/wp-json\/wp\/v2\/types\/post"}],"author":[{"embeddable":true,"href":"https:\/\/kapitalis.com\/tunisie\/wp-json\/wp\/v2\/users\/8"}],"replies":[{"embeddable":true,"href":"https:\/\/kapitalis.com\/tunisie\/wp-json\/wp\/v2\/comments?post=128812"}],"version-history":[{"count":0,"href":"https:\/\/kapitalis.com\/tunisie\/wp-json\/wp\/v2\/posts\/128812\/revisions"}],"wp:featuredmedia":[{"embeddable":true,"href":"https:\/\/kapitalis.com\/tunisie\/wp-json\/wp\/v2\/media\/128814"}],"wp:attachment":[{"href":"https:\/\/kapitalis.com\/tunisie\/wp-json\/wp\/v2\/media?parent=128812"}],"wp:term":[{"taxonomy":"category","embeddable":true,"href":"https:\/\/kapitalis.com\/tunisie\/wp-json\/wp\/v2\/categories?post=128812"},{"taxonomy":"post_tag","embeddable":true,"href":"https:\/\/kapitalis.com\/tunisie\/wp-json\/wp\/v2\/tags?post=128812"}],"curies":[{"name":"wp","href":"https:\/\/api.w.org\/{rel}","templated":true}]}}