{"id":128825,"date":"2017-12-19T07:14:05","date_gmt":"2017-12-19T06:14:05","guid":{"rendered":"http:\/\/kapitalis.com\/tunisie\/?p=128825"},"modified":"2017-12-19T09:16:15","modified_gmt":"2017-12-19T08:16:15","slug":"lhomme-aux-petites-pierres-palestine-silence-monde","status":"publish","type":"post","link":"https:\/\/kapitalis.com\/tunisie\/2017\/12\/19\/lhomme-aux-petites-pierres-palestine-silence-monde\/","title":{"rendered":"\u2018\u2018L\u2019homme aux petites pierres\u2026\u2019\u2019 : La Palestine et le silence du monde"},"content":{"rendered":"<p style=\"text-align: center;\"><img loading=\"lazy\" decoding=\"async\" class=\"alignnone size-full wp-image-128827\" src=\"http:\/\/kapitalis.com\/tunisie\/wp-content\/uploads\/2017\/12\/Homme-aux-petites-pierres-Ban.jpg\" alt=\"\" width=\"626\" height=\"380\" \/><\/p>\n<p><em><strong>Aux derni\u00e8res JTC, on a vu une pi\u00e8ce fran\u00e7aise qui parle d&rsquo;une terre et d&rsquo;un peuple assi\u00e9g\u00e9s, une \u00e9vocation douloureuse du drame de la Palestine.\u00a0<\/strong><\/em><\/p>\n<p>Par <strong>Fawz Ben Ali<\/strong><\/p>\n<p><!--more--><\/p>\n<p>Dans le large choix propos\u00e9 par le programme de la 19e \u00e9dition des Journ\u00e9es th\u00e9\u00e2trales de Carthage (JTC-2017), qui ont \u00e9t\u00e9 cl\u00f4tur\u00e9e samedi 16 d\u00e9cembre 2017, il y a eu la section non-comp\u00e9titive \u00abTh\u00e9\u00e2tre du monde\u00bb, une occasion in\u00e9dite pour d\u00e9couvrir d\u2019autres cultures \u00e0 travers le 4e art.<\/p>\n<p>Jeudi dernier, 14 d\u00e9cembre, le vieux petit th\u00e9\u00e2tre El-Hamra, situ\u00e9 au milieu de la rue tr\u00e8s mouvement\u00e9e de Bab El-Jazira, au centre-ville de Tunis, a accueilli l\u2019unique pi\u00e8ce fran\u00e7aise de cette \u00e9dition<em> \u2018\u2018L\u2019homme aux petites pierres encercl\u00e9 des gros canons\u2019\u2019<\/em> de S\u00e9bastien Benedetto.<\/p>\n<p style=\"text-align: center;\"><img loading=\"lazy\" decoding=\"async\" class=\"alignnone wp-image-128828\" src=\"http:\/\/kapitalis.com\/tunisie\/wp-content\/uploads\/2017\/12\/JTC-Homme-aux-petites-pierres-6.jpg\" alt=\"\" width=\"500\" height=\"376\" \/><\/p>\n<h3><strong>Solidarit\u00e9 palestinienne<\/strong><\/h3>\n<p>Les f\u00e9rus du th\u00e9\u00e2tre fran\u00e7ais ne pouvaient pas rater un pareil rendez-vous pour voir pour la premi\u00e8re fois en Tunisie l\u2019adaptation d\u2019un vieux texte sign\u00e9 Andr\u00e9 Benedetto, po\u00e8te et dramaturge ayant perc\u00e9 dans le th\u00e9\u00e2tre fran\u00e7ais depuis les ann\u00e9es 60. Aujourd\u2019hui, c\u2019est son fils le metteur en sc\u00e8ne S\u00e9bastien Benedetto qui remet au go\u00fbt du jour cette pi\u00e8ce plus que jamais d\u2019actualit\u00e9 sur le conflit isra\u00e9lo-palestinien.<\/p>\n<p>Jou\u00e9 par le collectif Le Bleu d\u2019Armand,<em> \u2018\u2018L\u2019homme aux petites pierres encercl\u00e9 par des gros canons\u2019\u2019<\/em> est une pi\u00e8ce 100% fran\u00e7aise et 100% engag\u00e9e pour la cause palestinienne. Sa programmation aux JTC tombe \u00e0 pic avec l\u2019\u00e9lan de solidarit\u00e9 exprim\u00e9 par la direction du festival suite \u00e0 la reconnaissance de J\u00e9rusalem comme capitale d\u2019Isra\u00ebl par le pr\u00e9sident am\u00e9ricain Donald Trump.<\/p>\n<p style=\"text-align: center;\"><img loading=\"lazy\" decoding=\"async\" class=\"alignnone wp-image-128829\" src=\"http:\/\/kapitalis.com\/tunisie\/wp-content\/uploads\/2017\/12\/JTC-Homme-aux-petites-pierres2.jpg\" alt=\"\" width=\"500\" height=\"305\" \/><\/p>\n<p>Le titre dit d\u00e9j\u00e0 beaucoup sur le contenu, il nous fait instantan\u00e9ment penser au peuple palestinien, chose qui se confirme au fur et \u00e0 mesure que les actes se succ\u00e8dent.<\/p>\n<p>Un homme et trois femmes sur sc\u00e8ne jouent tour \u00e0 tour une multitude de personnages. On ne connait rien sur le lieu ou le temps et on ne cite \u00e0 aucun moment le nom d\u2019une ville, d\u2019un pays ou d\u2019un dirigeant; mais tout nous fait croire qu\u2019il s\u2019agit bien de la terre palestinienne occup\u00e9e.<\/p>\n<p>Dans cette unit\u00e9 de lieu qu\u2019on a appel\u00e9e <em>\u00able dernier carr\u00e9 sur terre d\u2019un pays assi\u00e9g\u00e9\u00bb<\/em>, on nous fait vivre toute l\u2019angoisse des enfants, des m\u00e8res, des vieillards et de tous les r\u00e9sistants.<\/p>\n<p style=\"text-align: center;\"><img loading=\"lazy\" decoding=\"async\" class=\"alignnone wp-image-128830\" src=\"http:\/\/kapitalis.com\/tunisie\/wp-content\/uploads\/2017\/12\/JTC-Homme-aux-petites-pierres-7.jpg\" alt=\"\" width=\"500\" height=\"667\" \/><\/p>\n<p><em>\u00abCette histoire n\u2019est \u00e9videmment pas d\u2019actualit\u00e9 puisque personne n\u2019y pr\u00eate attention !\u00bb,<\/em> lance le premier personnage au d\u00e9but de la pi\u00e8ce sur un ton ironique qui marquera quasiment tout le texte o\u00f9 l\u2019humour noir, le non-sens et l\u2019absurdit\u00e9 des sc\u00e8nes de la vie font la force de la pi\u00e8ce.<\/p>\n<h3><strong>Le silence d\u00e9raisonnable du monde<\/strong><\/h3>\n<p>En quatre actes, on nous transpose sur les planches la privation, l\u2019humiliation et l\u2019ex\u00e9cution de tout \u00eatre priv\u00e9 de ses droits les plus essentiels lorsqu\u2019il est pris au pi\u00e8ge <em>\u00abd\u2019une guerre qui ressemble \u00e0 toutes les guerres\u00bb<\/em>, nous dit-on pour souligner l\u2019universalit\u00e9 du texte.<\/p>\n<p>Mais au-del\u00e0 des politiques, des fronti\u00e8res et des fantomatiques droits de l\u2019Homme, la pi\u00e8ce met surtout le doigt sur ce qui fait le plus mal, c&rsquo;est-\u00e0-dire l\u2019indiff\u00e9rence aux appels de d\u00e9tresse. <em>\u00abL\u2019absurde na\u00eet de cette confrontation entre l\u2019appel humain et le silence d\u00e9raisonnable du monde\u00bb<\/em>, la pi\u00e8ce semble affirmer cette pens\u00e9e camusienne et donner un aspect philosophique tragique aux politiques actuelles.<\/p>\n<p style=\"text-align: center;\"><img loading=\"lazy\" decoding=\"async\" class=\"alignnone wp-image-128831\" src=\"http:\/\/kapitalis.com\/tunisie\/wp-content\/uploads\/2017\/12\/JTC-Homme-aux-petites-pierres-8.jpg\" alt=\"\" width=\"500\" height=\"375\" \/><\/p>\n<p>Malgr\u00e9 la violence des situations, le texte et notamment les monologues restent d\u2019une grande po\u00e9sie portant en eux des messages forts tout en subtilit\u00e9 et chaque acte fut conclu par une chanson pour dire malgr\u00e9 tout qu\u2019il y a toujours un soup\u00e7on d\u2019espoir quelque part.<em> \u00abJ\u2019ai tenu, je tiens et je teindrai des d\u00e9cennies encore, des si\u00e8cles s\u2019il le faut, coll\u00e9 \u00e0 ce pays dans une \u00e9treinte l\u00e9gitime et \u00e9ternelle !\u00bb<\/em>, conclut le personnage pivot.<\/p>\n<p>Vers la fin de la pi\u00e8ce l\u2019\u00e9motion \u00e9tait particuli\u00e8rement palpable sur les visages des com\u00e9diens qui ont laiss\u00e9 couler quelques larmes au moment de tirer leur r\u00e9v\u00e9rence.<\/p>\n","protected":false},"excerpt":{"rendered":"<p>Aux derni\u00e8res JTC, on a vu une pi\u00e8ce fran\u00e7aise qui parle d&rsquo;une terre et d&rsquo;un peuple assi\u00e9g\u00e9s, une \u00e9vocation douloureuse du drame de la Palestine.\u00a0 Par Fawz Ben Ali<\/p>\n","protected":false},"author":8,"featured_media":128827,"comment_status":"open","ping_status":"open","sticky":false,"template":"","format":"standard","meta":{"footnotes":""},"categories":[992,994,2433],"tags":[5972,39665,20434],"class_list":["post-128825","post","type-post","status-publish","format-standard","has-post-thumbnail","hentry","category-a-la-une","category-culture","category-tunisie","tag-journees-theatrales-de-carthage","tag-jtc-2017","tag-theatre-el-hamra"],"yoast_head":"<!-- This site is optimized with the Yoast SEO plugin v26.6 - https:\/\/yoast.com\/wordpress\/plugins\/seo\/ -->\n<title>\u2018\u2018L\u2019homme aux petites pierres\u2026\u2019\u2019 : La Palestine et le silence du monde - Kapitalis<\/title>\n<meta name=\"robots\" content=\"index, follow, max-snippet:-1, max-image-preview:large, max-video-preview:-1\" \/>\n<link rel=\"canonical\" href=\"https:\/\/kapitalis.com\/tunisie\/2017\/12\/19\/lhomme-aux-petites-pierres-palestine-silence-monde\/\" \/>\n<meta property=\"og:locale\" content=\"fr_FR\" \/>\n<meta property=\"og:type\" content=\"article\" \/>\n<meta property=\"og:title\" content=\"\u2018\u2018L\u2019homme aux petites pierres\u2026\u2019\u2019 : La Palestine et le silence du monde - Kapitalis\" \/>\n<meta property=\"og:description\" content=\"Aux derni\u00e8res JTC, on a vu une pi\u00e8ce fran\u00e7aise qui parle d&rsquo;une terre et d&rsquo;un peuple assi\u00e9g\u00e9s, une \u00e9vocation douloureuse du drame de la Palestine.\u00a0 Par Fawz Ben Ali\" \/>\n<meta property=\"og:url\" content=\"https:\/\/kapitalis.com\/tunisie\/2017\/12\/19\/lhomme-aux-petites-pierres-palestine-silence-monde\/\" \/>\n<meta property=\"og:site_name\" content=\"Kapitalis\" \/>\n<meta property=\"article:publisher\" content=\"https:\/\/www.facebook.com\/KapitalisInfo\/\" \/>\n<meta property=\"article:published_time\" content=\"2017-12-19T06:14:05+00:00\" \/>\n<meta property=\"article:modified_time\" content=\"2017-12-19T08:16:15+00:00\" \/>\n<meta property=\"og:image\" content=\"https:\/\/kapitalis.com\/tunisie\/wp-content\/uploads\/2022\/05\/kapitalis-logo-fb.png\" \/>\n\t<meta property=\"og:image:width\" content=\"1200\" \/>\n\t<meta property=\"og:image:height\" content=\"630\" \/>\n\t<meta property=\"og:image:type\" content=\"image\/png\" \/>\n<meta name=\"author\" content=\"webmaster kapitalis\" \/>\n<meta name=\"twitter:card\" content=\"summary_large_image\" \/>\n<meta name=\"twitter:creator\" content=\"@KapitalisInfo\" \/>\n<meta name=\"twitter:site\" content=\"@KapitalisInfo\" \/>\n<meta name=\"twitter:label1\" content=\"\u00c9crit par\" \/>\n\t<meta name=\"twitter:data1\" content=\"webmaster kapitalis\" \/>\n\t<meta name=\"twitter:label2\" content=\"Dur\u00e9e de lecture estim\u00e9e\" \/>\n\t<meta name=\"twitter:data2\" content=\"4 minutes\" \/>\n<script type=\"application\/ld+json\" class=\"yoast-schema-graph\">{\"@context\":\"https:\/\/schema.org\",\"@graph\":[{\"@type\":\"Article\",\"@id\":\"https:\/\/kapitalis.com\/tunisie\/2017\/12\/19\/lhomme-aux-petites-pierres-palestine-silence-monde\/#article\",\"isPartOf\":{\"@id\":\"https:\/\/kapitalis.com\/tunisie\/2017\/12\/19\/lhomme-aux-petites-pierres-palestine-silence-monde\/\"},\"author\":{\"name\":\"webmaster kapitalis\",\"@id\":\"https:\/\/kapitalis.com\/tunisie\/#\/schema\/person\/d71f33a9ca44f7bad4698210b480c8e9\"},\"headline\":\"\u2018\u2018L\u2019homme aux petites pierres\u2026\u2019\u2019 : La Palestine et le silence du monde\",\"datePublished\":\"2017-12-19T06:14:05+00:00\",\"dateModified\":\"2017-12-19T08:16:15+00:00\",\"mainEntityOfPage\":{\"@id\":\"https:\/\/kapitalis.com\/tunisie\/2017\/12\/19\/lhomme-aux-petites-pierres-palestine-silence-monde\/\"},\"wordCount\":739,\"commentCount\":1,\"publisher\":{\"@id\":\"https:\/\/kapitalis.com\/tunisie\/#organization\"},\"image\":{\"@id\":\"https:\/\/kapitalis.com\/tunisie\/2017\/12\/19\/lhomme-aux-petites-pierres-palestine-silence-monde\/#primaryimage\"},\"thumbnailUrl\":\"\",\"keywords\":[\"journ\u00e9es th\u00e9\u00e2trales de Carthage\",\"JTC 2017\",\"Th\u00e9\u00e2tre El Hamra\"],\"articleSection\":[\"A LA UNE\",\"CULTURE\",\"Tunisie\"],\"inLanguage\":\"fr-FR\",\"potentialAction\":[{\"@type\":\"CommentAction\",\"name\":\"Comment\",\"target\":[\"https:\/\/kapitalis.com\/tunisie\/2017\/12\/19\/lhomme-aux-petites-pierres-palestine-silence-monde\/#respond\"]}]},{\"@type\":\"WebPage\",\"@id\":\"https:\/\/kapitalis.com\/tunisie\/2017\/12\/19\/lhomme-aux-petites-pierres-palestine-silence-monde\/\",\"url\":\"https:\/\/kapitalis.com\/tunisie\/2017\/12\/19\/lhomme-aux-petites-pierres-palestine-silence-monde\/\",\"name\":\"\u2018\u2018L\u2019homme aux petites pierres\u2026\u2019\u2019 : La Palestine et le silence du monde - Kapitalis\",\"isPartOf\":{\"@id\":\"https:\/\/kapitalis.com\/tunisie\/#website\"},\"primaryImageOfPage\":{\"@id\":\"https:\/\/kapitalis.com\/tunisie\/2017\/12\/19\/lhomme-aux-petites-pierres-palestine-silence-monde\/#primaryimage\"},\"image\":{\"@id\":\"https:\/\/kapitalis.com\/tunisie\/2017\/12\/19\/lhomme-aux-petites-pierres-palestine-silence-monde\/#primaryimage\"},\"thumbnailUrl\":\"\",\"datePublished\":\"2017-12-19T06:14:05+00:00\",\"dateModified\":\"2017-12-19T08:16:15+00:00\",\"breadcrumb\":{\"@id\":\"https:\/\/kapitalis.com\/tunisie\/2017\/12\/19\/lhomme-aux-petites-pierres-palestine-silence-monde\/#breadcrumb\"},\"inLanguage\":\"fr-FR\",\"potentialAction\":[{\"@type\":\"ReadAction\",\"target\":[\"https:\/\/kapitalis.com\/tunisie\/2017\/12\/19\/lhomme-aux-petites-pierres-palestine-silence-monde\/\"]}]},{\"@type\":\"ImageObject\",\"inLanguage\":\"fr-FR\",\"@id\":\"https:\/\/kapitalis.com\/tunisie\/2017\/12\/19\/lhomme-aux-petites-pierres-palestine-silence-monde\/#primaryimage\",\"url\":\"\",\"contentUrl\":\"\"},{\"@type\":\"BreadcrumbList\",\"@id\":\"https:\/\/kapitalis.com\/tunisie\/2017\/12\/19\/lhomme-aux-petites-pierres-palestine-silence-monde\/#breadcrumb\",\"itemListElement\":[{\"@type\":\"ListItem\",\"position\":1,\"name\":\"Accueil\",\"item\":\"https:\/\/kapitalis.com\/tunisie\/\"},{\"@type\":\"ListItem\",\"position\":2,\"name\":\"\u2018\u2018L\u2019homme aux petites pierres\u2026\u2019\u2019 : La Palestine et le silence du monde\"}]},{\"@type\":\"WebSite\",\"@id\":\"https:\/\/kapitalis.com\/tunisie\/#website\",\"url\":\"https:\/\/kapitalis.com\/tunisie\/\",\"name\":\"Kapitalis\",\"description\":\"L&#039;actualit\u00e9 en Tunisie et dans le monde\",\"publisher\":{\"@id\":\"https:\/\/kapitalis.com\/tunisie\/#organization\"},\"potentialAction\":[{\"@type\":\"SearchAction\",\"target\":{\"@type\":\"EntryPoint\",\"urlTemplate\":\"https:\/\/kapitalis.com\/tunisie\/?s={search_term_string}\"},\"query-input\":{\"@type\":\"PropertyValueSpecification\",\"valueRequired\":true,\"valueName\":\"search_term_string\"}}],\"inLanguage\":\"fr-FR\"},{\"@type\":\"Organization\",\"@id\":\"https:\/\/kapitalis.com\/tunisie\/#organization\",\"name\":\"Kapitalis\",\"url\":\"https:\/\/kapitalis.com\/tunisie\/\",\"logo\":{\"@type\":\"ImageObject\",\"inLanguage\":\"fr-FR\",\"@id\":\"https:\/\/kapitalis.com\/tunisie\/#\/schema\/logo\/image\/\",\"url\":\"https:\/\/kapitalis.com\/tunisie\/wp-content\/uploads\/2022\/05\/Kapitalis-big-size.png\",\"contentUrl\":\"https:\/\/kapitalis.com\/tunisie\/wp-content\/uploads\/2022\/05\/Kapitalis-big-size.png\",\"width\":5000,\"height\":1500,\"caption\":\"Kapitalis\"},\"image\":{\"@id\":\"https:\/\/kapitalis.com\/tunisie\/#\/schema\/logo\/image\/\"},\"sameAs\":[\"https:\/\/www.facebook.com\/KapitalisInfo\/\",\"https:\/\/x.com\/KapitalisInfo\",\"https:\/\/www.youtube.com\/channel\/UC-yDYrHyfFBWWZaOw3FPg9Q\"]},{\"@type\":\"Person\",\"@id\":\"https:\/\/kapitalis.com\/tunisie\/#\/schema\/person\/d71f33a9ca44f7bad4698210b480c8e9\",\"name\":\"webmaster kapitalis\",\"url\":\"https:\/\/kapitalis.com\/tunisie\/author\/webmaster-kapitalis\/\"}]}<\/script>\n<!-- \/ Yoast SEO plugin. -->","yoast_head_json":{"title":"\u2018\u2018L\u2019homme aux petites pierres\u2026\u2019\u2019 : La Palestine et le silence du monde - Kapitalis","robots":{"index":"index","follow":"follow","max-snippet":"max-snippet:-1","max-image-preview":"max-image-preview:large","max-video-preview":"max-video-preview:-1"},"canonical":"https:\/\/kapitalis.com\/tunisie\/2017\/12\/19\/lhomme-aux-petites-pierres-palestine-silence-monde\/","og_locale":"fr_FR","og_type":"article","og_title":"\u2018\u2018L\u2019homme aux petites pierres\u2026\u2019\u2019 : La Palestine et le silence du monde - Kapitalis","og_description":"Aux derni\u00e8res JTC, on a vu une pi\u00e8ce fran\u00e7aise qui parle d&rsquo;une terre et d&rsquo;un peuple assi\u00e9g\u00e9s, une \u00e9vocation douloureuse du drame de la Palestine.\u00a0 Par Fawz Ben Ali","og_url":"https:\/\/kapitalis.com\/tunisie\/2017\/12\/19\/lhomme-aux-petites-pierres-palestine-silence-monde\/","og_site_name":"Kapitalis","article_publisher":"https:\/\/www.facebook.com\/KapitalisInfo\/","article_published_time":"2017-12-19T06:14:05+00:00","article_modified_time":"2017-12-19T08:16:15+00:00","og_image":[{"width":1200,"height":630,"url":"https:\/\/kapitalis.com\/tunisie\/wp-content\/uploads\/2022\/05\/kapitalis-logo-fb.png","type":"image\/png"}],"author":"webmaster kapitalis","twitter_card":"summary_large_image","twitter_creator":"@KapitalisInfo","twitter_site":"@KapitalisInfo","twitter_misc":{"\u00c9crit par":"webmaster kapitalis","Dur\u00e9e de lecture estim\u00e9e":"4 minutes"},"schema":{"@context":"https:\/\/schema.org","@graph":[{"@type":"Article","@id":"https:\/\/kapitalis.com\/tunisie\/2017\/12\/19\/lhomme-aux-petites-pierres-palestine-silence-monde\/#article","isPartOf":{"@id":"https:\/\/kapitalis.com\/tunisie\/2017\/12\/19\/lhomme-aux-petites-pierres-palestine-silence-monde\/"},"author":{"name":"webmaster kapitalis","@id":"https:\/\/kapitalis.com\/tunisie\/#\/schema\/person\/d71f33a9ca44f7bad4698210b480c8e9"},"headline":"\u2018\u2018L\u2019homme aux petites pierres\u2026\u2019\u2019 : La Palestine et le silence du monde","datePublished":"2017-12-19T06:14:05+00:00","dateModified":"2017-12-19T08:16:15+00:00","mainEntityOfPage":{"@id":"https:\/\/kapitalis.com\/tunisie\/2017\/12\/19\/lhomme-aux-petites-pierres-palestine-silence-monde\/"},"wordCount":739,"commentCount":1,"publisher":{"@id":"https:\/\/kapitalis.com\/tunisie\/#organization"},"image":{"@id":"https:\/\/kapitalis.com\/tunisie\/2017\/12\/19\/lhomme-aux-petites-pierres-palestine-silence-monde\/#primaryimage"},"thumbnailUrl":"","keywords":["journ\u00e9es th\u00e9\u00e2trales de Carthage","JTC 2017","Th\u00e9\u00e2tre El Hamra"],"articleSection":["A LA UNE","CULTURE","Tunisie"],"inLanguage":"fr-FR","potentialAction":[{"@type":"CommentAction","name":"Comment","target":["https:\/\/kapitalis.com\/tunisie\/2017\/12\/19\/lhomme-aux-petites-pierres-palestine-silence-monde\/#respond"]}]},{"@type":"WebPage","@id":"https:\/\/kapitalis.com\/tunisie\/2017\/12\/19\/lhomme-aux-petites-pierres-palestine-silence-monde\/","url":"https:\/\/kapitalis.com\/tunisie\/2017\/12\/19\/lhomme-aux-petites-pierres-palestine-silence-monde\/","name":"\u2018\u2018L\u2019homme aux petites pierres\u2026\u2019\u2019 : La Palestine et le silence du monde - Kapitalis","isPartOf":{"@id":"https:\/\/kapitalis.com\/tunisie\/#website"},"primaryImageOfPage":{"@id":"https:\/\/kapitalis.com\/tunisie\/2017\/12\/19\/lhomme-aux-petites-pierres-palestine-silence-monde\/#primaryimage"},"image":{"@id":"https:\/\/kapitalis.com\/tunisie\/2017\/12\/19\/lhomme-aux-petites-pierres-palestine-silence-monde\/#primaryimage"},"thumbnailUrl":"","datePublished":"2017-12-19T06:14:05+00:00","dateModified":"2017-12-19T08:16:15+00:00","breadcrumb":{"@id":"https:\/\/kapitalis.com\/tunisie\/2017\/12\/19\/lhomme-aux-petites-pierres-palestine-silence-monde\/#breadcrumb"},"inLanguage":"fr-FR","potentialAction":[{"@type":"ReadAction","target":["https:\/\/kapitalis.com\/tunisie\/2017\/12\/19\/lhomme-aux-petites-pierres-palestine-silence-monde\/"]}]},{"@type":"ImageObject","inLanguage":"fr-FR","@id":"https:\/\/kapitalis.com\/tunisie\/2017\/12\/19\/lhomme-aux-petites-pierres-palestine-silence-monde\/#primaryimage","url":"","contentUrl":""},{"@type":"BreadcrumbList","@id":"https:\/\/kapitalis.com\/tunisie\/2017\/12\/19\/lhomme-aux-petites-pierres-palestine-silence-monde\/#breadcrumb","itemListElement":[{"@type":"ListItem","position":1,"name":"Accueil","item":"https:\/\/kapitalis.com\/tunisie\/"},{"@type":"ListItem","position":2,"name":"\u2018\u2018L\u2019homme aux petites pierres\u2026\u2019\u2019 : La Palestine et le silence du monde"}]},{"@type":"WebSite","@id":"https:\/\/kapitalis.com\/tunisie\/#website","url":"https:\/\/kapitalis.com\/tunisie\/","name":"Kapitalis","description":"L&#039;actualit\u00e9 en Tunisie et dans le monde","publisher":{"@id":"https:\/\/kapitalis.com\/tunisie\/#organization"},"potentialAction":[{"@type":"SearchAction","target":{"@type":"EntryPoint","urlTemplate":"https:\/\/kapitalis.com\/tunisie\/?s={search_term_string}"},"query-input":{"@type":"PropertyValueSpecification","valueRequired":true,"valueName":"search_term_string"}}],"inLanguage":"fr-FR"},{"@type":"Organization","@id":"https:\/\/kapitalis.com\/tunisie\/#organization","name":"Kapitalis","url":"https:\/\/kapitalis.com\/tunisie\/","logo":{"@type":"ImageObject","inLanguage":"fr-FR","@id":"https:\/\/kapitalis.com\/tunisie\/#\/schema\/logo\/image\/","url":"https:\/\/kapitalis.com\/tunisie\/wp-content\/uploads\/2022\/05\/Kapitalis-big-size.png","contentUrl":"https:\/\/kapitalis.com\/tunisie\/wp-content\/uploads\/2022\/05\/Kapitalis-big-size.png","width":5000,"height":1500,"caption":"Kapitalis"},"image":{"@id":"https:\/\/kapitalis.com\/tunisie\/#\/schema\/logo\/image\/"},"sameAs":["https:\/\/www.facebook.com\/KapitalisInfo\/","https:\/\/x.com\/KapitalisInfo","https:\/\/www.youtube.com\/channel\/UC-yDYrHyfFBWWZaOw3FPg9Q"]},{"@type":"Person","@id":"https:\/\/kapitalis.com\/tunisie\/#\/schema\/person\/d71f33a9ca44f7bad4698210b480c8e9","name":"webmaster kapitalis","url":"https:\/\/kapitalis.com\/tunisie\/author\/webmaster-kapitalis\/"}]}},"_links":{"self":[{"href":"https:\/\/kapitalis.com\/tunisie\/wp-json\/wp\/v2\/posts\/128825","targetHints":{"allow":["GET"]}}],"collection":[{"href":"https:\/\/kapitalis.com\/tunisie\/wp-json\/wp\/v2\/posts"}],"about":[{"href":"https:\/\/kapitalis.com\/tunisie\/wp-json\/wp\/v2\/types\/post"}],"author":[{"embeddable":true,"href":"https:\/\/kapitalis.com\/tunisie\/wp-json\/wp\/v2\/users\/8"}],"replies":[{"embeddable":true,"href":"https:\/\/kapitalis.com\/tunisie\/wp-json\/wp\/v2\/comments?post=128825"}],"version-history":[{"count":0,"href":"https:\/\/kapitalis.com\/tunisie\/wp-json\/wp\/v2\/posts\/128825\/revisions"}],"wp:featuredmedia":[{"embeddable":true,"href":"https:\/\/kapitalis.com\/tunisie\/wp-json\/wp\/v2\/media\/128827"}],"wp:attachment":[{"href":"https:\/\/kapitalis.com\/tunisie\/wp-json\/wp\/v2\/media?parent=128825"}],"wp:term":[{"taxonomy":"category","embeddable":true,"href":"https:\/\/kapitalis.com\/tunisie\/wp-json\/wp\/v2\/categories?post=128825"},{"taxonomy":"post_tag","embeddable":true,"href":"https:\/\/kapitalis.com\/tunisie\/wp-json\/wp\/v2\/tags?post=128825"}],"curies":[{"name":"wp","href":"https:\/\/api.w.org\/{rel}","templated":true}]}}