{"id":12885641,"date":"2024-05-20T12:37:16","date_gmt":"2024-05-20T11:37:16","guid":{"rendered":"https:\/\/kapitalis.com\/tunisie\/?p=12885641"},"modified":"2024-05-20T12:46:59","modified_gmt":"2024-05-20T11:46:59","slug":"la-cpi-emet-un-mandat-darret-contre-netanyahu-et-gallant","status":"publish","type":"post","link":"https:\/\/kapitalis.com\/tunisie\/2024\/05\/20\/la-cpi-emet-un-mandat-darret-contre-netanyahu-et-gallant\/","title":{"rendered":"La CPI \u00e9met un mandat d\u2019arr\u00eat contre Netanyahu et Gallant"},"content":{"rendered":"\n<p><strong><em>\u00abLe Premier ministre d\u2019Isra\u00ebl, Benjamin Netanyahu, et Yoav Gallant, le ministre de la D\u00e9fense d\u2019Isra\u00ebl, portent la responsabilit\u00e9 p\u00e9nale de crimes de guerre et crimes contre l\u2019humanit\u00e9 commis sur le territoire de l\u2019\u00c9tat de Palestine\u00bb, d\u00e9clare la Cour p\u00e9nale internationale (CPI) dans un communiqu\u00e9 publi\u00e9 lundi 20 mai 2024. &nbsp;<\/em><\/strong><\/p>\n\n\n\n<!--more-->\n\n\n\n<p><em>\u00abSur la base des \u00e9l\u00e9ments de preuve recueillis et examin\u00e9s par mon bureau, j\u2019ai des motifs raisonnables de croire que Benjamin Netanyahu, le Premier ministre d&rsquo;Isra\u00ebl, et Yoav Gallant, le ministre de la D\u00e9fense d\u2019Isra\u00ebl, portent la responsabilit\u00e9 p\u00e9nale de crimes de guerre et crimes contre humanit\u00e9 commis sur le territoire de l\u2019\u00c9tat de Palestine<\/em> (dans la bande de Gaza) <em>\u00e0 partir du 8 octobre 2023 au moins\u00bb,<\/em> a d\u00e9clar\u00e9 dans un communiqu\u00e9 le chef de la CPI, qui si\u00e8ge \u00e0 La Haye.<\/p>\n\n\n\n<p><em>\u00abAujourd\u2019hui, nous avons demand\u00e9 des mandats \u00e0 la chambre pr\u00e9liminaire de la Cour p\u00e9nale internationale concernant trois personnes qui sont membres du Hamas\u00bb<\/em>, a d\u00e9clar\u00e9 Karim Khan, le chef de la CPI, en \u00e9num\u00e9rant Yahya Sinwar, Mohammad Deif et Ismail Haniyeh.<\/p>\n\n\n\n<p>Il pr\u00e9cise qu\u2019ils seraient accus\u00e9s d\u2019extermination, de meurtre, de prise d\u2019otage, de viol et d\u2019agression sexuelle en d\u00e9tention.<\/p>\n","protected":false},"excerpt":{"rendered":"<p>Benjamin Netanyahu et Yoav Gallant  portent la responsabilit\u00e9 p\u00e9nale de crimes de guerre et crimes contre humanit\u00e9 commis par Isra\u00ebl \u00e0 Gaza (CPI).  <\/p>\n","protected":false},"author":8,"featured_media":12885649,"comment_status":"closed","ping_status":"open","sticky":false,"template":"","format":"standard","meta":{"footnotes":""},"categories":[997,2433],"tags":[78944,90201,111786,90202,2444,111469,2478,115293,115711,4026,112035,111452],"class_list":["post-12885641","post","type-post","status-publish","format-standard","has-post-thumbnail","hentry","category-politique","category-tunisie","tag-benjamin-netanyahu","tag-cour-penale-internationale","tag-crimes-contre-lhumanite","tag-crimes-de-guerre","tag-gaza","tag-ismail-haniyeh","tag-israel","tag-karim-khan","tag-mohammad-deif","tag-palestine","tag-yahya-sinwar","tag-yoav-gallant"],"yoast_head":"<!-- This site is optimized with the Yoast SEO plugin v26.6 - https:\/\/yoast.com\/wordpress\/plugins\/seo\/ -->\n<title>La CPI \u00e9met un mandat d\u2019arr\u00eat contre Netanyahu et Gallant - Kapitalis<\/title>\n<meta name=\"robots\" content=\"index, follow, max-snippet:-1, max-image-preview:large, max-video-preview:-1\" \/>\n<link rel=\"canonical\" href=\"https:\/\/kapitalis.com\/tunisie\/2024\/05\/20\/la-cpi-emet-un-mandat-darret-contre-netanyahu-et-gallant\/\" \/>\n<meta property=\"og:locale\" content=\"fr_FR\" \/>\n<meta property=\"og:type\" content=\"article\" \/>\n<meta property=\"og:title\" content=\"La CPI \u00e9met un mandat d\u2019arr\u00eat contre Netanyahu et Gallant - Kapitalis\" \/>\n<meta property=\"og:description\" content=\"Benjamin Netanyahu et Yoav Gallant portent la responsabilit\u00e9 p\u00e9nale de crimes de guerre et crimes contre humanit\u00e9 commis par Isra\u00ebl \u00e0 Gaza (CPI).\" \/>\n<meta property=\"og:url\" content=\"https:\/\/kapitalis.com\/tunisie\/2024\/05\/20\/la-cpi-emet-un-mandat-darret-contre-netanyahu-et-gallant\/\" \/>\n<meta property=\"og:site_name\" content=\"Kapitalis\" \/>\n<meta property=\"article:publisher\" content=\"https:\/\/www.facebook.com\/KapitalisInfo\/\" \/>\n<meta property=\"article:published_time\" content=\"2024-05-20T11:37:16+00:00\" \/>\n<meta property=\"article:modified_time\" content=\"2024-05-20T11:46:59+00:00\" \/>\n<meta property=\"og:image\" content=\"https:\/\/kapitalis.com\/tunisie\/wp-content\/uploads\/2024\/05\/Yoav-Gallant-Benjamin-Netanyahu.jpg\" \/>\n\t<meta property=\"og:image:width\" content=\"1200\" \/>\n\t<meta property=\"og:image:height\" content=\"630\" \/>\n\t<meta property=\"og:image:type\" content=\"image\/jpeg\" \/>\n<meta name=\"author\" content=\"webmaster kapitalis\" \/>\n<meta name=\"twitter:card\" content=\"summary_large_image\" \/>\n<meta name=\"twitter:creator\" content=\"@KapitalisInfo\" \/>\n<meta name=\"twitter:site\" content=\"@KapitalisInfo\" \/>\n<meta name=\"twitter:label1\" content=\"\u00c9crit par\" \/>\n\t<meta name=\"twitter:data1\" content=\"webmaster kapitalis\" \/>\n\t<meta name=\"twitter:label2\" content=\"Dur\u00e9e de lecture estim\u00e9e\" \/>\n\t<meta name=\"twitter:data2\" content=\"2 minutes\" \/>\n<script type=\"application\/ld+json\" class=\"yoast-schema-graph\">{\"@context\":\"https:\/\/schema.org\",\"@graph\":[{\"@type\":\"Article\",\"@id\":\"https:\/\/kapitalis.com\/tunisie\/2024\/05\/20\/la-cpi-emet-un-mandat-darret-contre-netanyahu-et-gallant\/#article\",\"isPartOf\":{\"@id\":\"https:\/\/kapitalis.com\/tunisie\/2024\/05\/20\/la-cpi-emet-un-mandat-darret-contre-netanyahu-et-gallant\/\"},\"author\":{\"name\":\"webmaster kapitalis\",\"@id\":\"https:\/\/kapitalis.com\/tunisie\/#\/schema\/person\/d71f33a9ca44f7bad4698210b480c8e9\"},\"headline\":\"La CPI \u00e9met un mandat d\u2019arr\u00eat contre Netanyahu et Gallant\",\"datePublished\":\"2024-05-20T11:37:16+00:00\",\"dateModified\":\"2024-05-20T11:46:59+00:00\",\"mainEntityOfPage\":{\"@id\":\"https:\/\/kapitalis.com\/tunisie\/2024\/05\/20\/la-cpi-emet-un-mandat-darret-contre-netanyahu-et-gallant\/\"},\"wordCount\":230,\"publisher\":{\"@id\":\"https:\/\/kapitalis.com\/tunisie\/#organization\"},\"image\":{\"@id\":\"https:\/\/kapitalis.com\/tunisie\/2024\/05\/20\/la-cpi-emet-un-mandat-darret-contre-netanyahu-et-gallant\/#primaryimage\"},\"thumbnailUrl\":\"https:\/\/kapitalis.com\/tunisie\/wp-content\/uploads\/2024\/05\/Yoav-Gallant-Benjamin-Netanyahu.jpg\",\"keywords\":[\"Benjamin Netanyahu\",\"Cour p\u00e9nale internationale\",\"crimes contre l\u2019humanit\u00e9\",\"crimes de guerre\",\"Gaza\",\"Ismail Haniyeh\",\"Isra\u00ebl\",\"Karim Khan\",\"Mohammad Deif\",\"Palestine\",\"Yahya Sinwar\",\"Yoav Gallant\"],\"articleSection\":[\"POLITIQUE\",\"Tunisie\"],\"inLanguage\":\"fr-FR\"},{\"@type\":\"WebPage\",\"@id\":\"https:\/\/kapitalis.com\/tunisie\/2024\/05\/20\/la-cpi-emet-un-mandat-darret-contre-netanyahu-et-gallant\/\",\"url\":\"https:\/\/kapitalis.com\/tunisie\/2024\/05\/20\/la-cpi-emet-un-mandat-darret-contre-netanyahu-et-gallant\/\",\"name\":\"La CPI \u00e9met un mandat d\u2019arr\u00eat contre Netanyahu et Gallant - Kapitalis\",\"isPartOf\":{\"@id\":\"https:\/\/kapitalis.com\/tunisie\/#website\"},\"primaryImageOfPage\":{\"@id\":\"https:\/\/kapitalis.com\/tunisie\/2024\/05\/20\/la-cpi-emet-un-mandat-darret-contre-netanyahu-et-gallant\/#primaryimage\"},\"image\":{\"@id\":\"https:\/\/kapitalis.com\/tunisie\/2024\/05\/20\/la-cpi-emet-un-mandat-darret-contre-netanyahu-et-gallant\/#primaryimage\"},\"thumbnailUrl\":\"https:\/\/kapitalis.com\/tunisie\/wp-content\/uploads\/2024\/05\/Yoav-Gallant-Benjamin-Netanyahu.jpg\",\"datePublished\":\"2024-05-20T11:37:16+00:00\",\"dateModified\":\"2024-05-20T11:46:59+00:00\",\"breadcrumb\":{\"@id\":\"https:\/\/kapitalis.com\/tunisie\/2024\/05\/20\/la-cpi-emet-un-mandat-darret-contre-netanyahu-et-gallant\/#breadcrumb\"},\"inLanguage\":\"fr-FR\",\"potentialAction\":[{\"@type\":\"ReadAction\",\"target\":[\"https:\/\/kapitalis.com\/tunisie\/2024\/05\/20\/la-cpi-emet-un-mandat-darret-contre-netanyahu-et-gallant\/\"]}]},{\"@type\":\"ImageObject\",\"inLanguage\":\"fr-FR\",\"@id\":\"https:\/\/kapitalis.com\/tunisie\/2024\/05\/20\/la-cpi-emet-un-mandat-darret-contre-netanyahu-et-gallant\/#primaryimage\",\"url\":\"https:\/\/kapitalis.com\/tunisie\/wp-content\/uploads\/2024\/05\/Yoav-Gallant-Benjamin-Netanyahu.jpg\",\"contentUrl\":\"https:\/\/kapitalis.com\/tunisie\/wp-content\/uploads\/2024\/05\/Yoav-Gallant-Benjamin-Netanyahu.jpg\",\"width\":1200,\"height\":630},{\"@type\":\"BreadcrumbList\",\"@id\":\"https:\/\/kapitalis.com\/tunisie\/2024\/05\/20\/la-cpi-emet-un-mandat-darret-contre-netanyahu-et-gallant\/#breadcrumb\",\"itemListElement\":[{\"@type\":\"ListItem\",\"position\":1,\"name\":\"Accueil\",\"item\":\"https:\/\/kapitalis.com\/tunisie\/\"},{\"@type\":\"ListItem\",\"position\":2,\"name\":\"La CPI \u00e9met un mandat d\u2019arr\u00eat contre Netanyahu et Gallant\"}]},{\"@type\":\"WebSite\",\"@id\":\"https:\/\/kapitalis.com\/tunisie\/#website\",\"url\":\"https:\/\/kapitalis.com\/tunisie\/\",\"name\":\"Kapitalis\",\"description\":\"L&#039;actualit\u00e9 en Tunisie et dans le monde\",\"publisher\":{\"@id\":\"https:\/\/kapitalis.com\/tunisie\/#organization\"},\"potentialAction\":[{\"@type\":\"SearchAction\",\"target\":{\"@type\":\"EntryPoint\",\"urlTemplate\":\"https:\/\/kapitalis.com\/tunisie\/?s={search_term_string}\"},\"query-input\":{\"@type\":\"PropertyValueSpecification\",\"valueRequired\":true,\"valueName\":\"search_term_string\"}}],\"inLanguage\":\"fr-FR\"},{\"@type\":\"Organization\",\"@id\":\"https:\/\/kapitalis.com\/tunisie\/#organization\",\"name\":\"Kapitalis\",\"url\":\"https:\/\/kapitalis.com\/tunisie\/\",\"logo\":{\"@type\":\"ImageObject\",\"inLanguage\":\"fr-FR\",\"@id\":\"https:\/\/kapitalis.com\/tunisie\/#\/schema\/logo\/image\/\",\"url\":\"https:\/\/kapitalis.com\/tunisie\/wp-content\/uploads\/2022\/05\/Kapitalis-big-size.png\",\"contentUrl\":\"https:\/\/kapitalis.com\/tunisie\/wp-content\/uploads\/2022\/05\/Kapitalis-big-size.png\",\"width\":5000,\"height\":1500,\"caption\":\"Kapitalis\"},\"image\":{\"@id\":\"https:\/\/kapitalis.com\/tunisie\/#\/schema\/logo\/image\/\"},\"sameAs\":[\"https:\/\/www.facebook.com\/KapitalisInfo\/\",\"https:\/\/x.com\/KapitalisInfo\",\"https:\/\/www.youtube.com\/channel\/UC-yDYrHyfFBWWZaOw3FPg9Q\"]},{\"@type\":\"Person\",\"@id\":\"https:\/\/kapitalis.com\/tunisie\/#\/schema\/person\/d71f33a9ca44f7bad4698210b480c8e9\",\"name\":\"webmaster kapitalis\",\"url\":\"https:\/\/kapitalis.com\/tunisie\/author\/webmaster-kapitalis\/\"}]}<\/script>\n<!-- \/ Yoast SEO plugin. -->","yoast_head_json":{"title":"La CPI \u00e9met un mandat d\u2019arr\u00eat contre Netanyahu et Gallant - Kapitalis","robots":{"index":"index","follow":"follow","max-snippet":"max-snippet:-1","max-image-preview":"max-image-preview:large","max-video-preview":"max-video-preview:-1"},"canonical":"https:\/\/kapitalis.com\/tunisie\/2024\/05\/20\/la-cpi-emet-un-mandat-darret-contre-netanyahu-et-gallant\/","og_locale":"fr_FR","og_type":"article","og_title":"La CPI \u00e9met un mandat d\u2019arr\u00eat contre Netanyahu et Gallant - Kapitalis","og_description":"Benjamin Netanyahu et Yoav Gallant portent la responsabilit\u00e9 p\u00e9nale de crimes de guerre et crimes contre humanit\u00e9 commis par Isra\u00ebl \u00e0 Gaza (CPI).","og_url":"https:\/\/kapitalis.com\/tunisie\/2024\/05\/20\/la-cpi-emet-un-mandat-darret-contre-netanyahu-et-gallant\/","og_site_name":"Kapitalis","article_publisher":"https:\/\/www.facebook.com\/KapitalisInfo\/","article_published_time":"2024-05-20T11:37:16+00:00","article_modified_time":"2024-05-20T11:46:59+00:00","og_image":[{"width":1200,"height":630,"url":"https:\/\/kapitalis.com\/tunisie\/wp-content\/uploads\/2024\/05\/Yoav-Gallant-Benjamin-Netanyahu.jpg","type":"image\/jpeg"}],"author":"webmaster kapitalis","twitter_card":"summary_large_image","twitter_creator":"@KapitalisInfo","twitter_site":"@KapitalisInfo","twitter_misc":{"\u00c9crit par":"webmaster kapitalis","Dur\u00e9e de lecture estim\u00e9e":"2 minutes"},"schema":{"@context":"https:\/\/schema.org","@graph":[{"@type":"Article","@id":"https:\/\/kapitalis.com\/tunisie\/2024\/05\/20\/la-cpi-emet-un-mandat-darret-contre-netanyahu-et-gallant\/#article","isPartOf":{"@id":"https:\/\/kapitalis.com\/tunisie\/2024\/05\/20\/la-cpi-emet-un-mandat-darret-contre-netanyahu-et-gallant\/"},"author":{"name":"webmaster kapitalis","@id":"https:\/\/kapitalis.com\/tunisie\/#\/schema\/person\/d71f33a9ca44f7bad4698210b480c8e9"},"headline":"La CPI \u00e9met un mandat d\u2019arr\u00eat contre Netanyahu et Gallant","datePublished":"2024-05-20T11:37:16+00:00","dateModified":"2024-05-20T11:46:59+00:00","mainEntityOfPage":{"@id":"https:\/\/kapitalis.com\/tunisie\/2024\/05\/20\/la-cpi-emet-un-mandat-darret-contre-netanyahu-et-gallant\/"},"wordCount":230,"publisher":{"@id":"https:\/\/kapitalis.com\/tunisie\/#organization"},"image":{"@id":"https:\/\/kapitalis.com\/tunisie\/2024\/05\/20\/la-cpi-emet-un-mandat-darret-contre-netanyahu-et-gallant\/#primaryimage"},"thumbnailUrl":"https:\/\/kapitalis.com\/tunisie\/wp-content\/uploads\/2024\/05\/Yoav-Gallant-Benjamin-Netanyahu.jpg","keywords":["Benjamin Netanyahu","Cour p\u00e9nale internationale","crimes contre l\u2019humanit\u00e9","crimes de guerre","Gaza","Ismail Haniyeh","Isra\u00ebl","Karim Khan","Mohammad Deif","Palestine","Yahya Sinwar","Yoav Gallant"],"articleSection":["POLITIQUE","Tunisie"],"inLanguage":"fr-FR"},{"@type":"WebPage","@id":"https:\/\/kapitalis.com\/tunisie\/2024\/05\/20\/la-cpi-emet-un-mandat-darret-contre-netanyahu-et-gallant\/","url":"https:\/\/kapitalis.com\/tunisie\/2024\/05\/20\/la-cpi-emet-un-mandat-darret-contre-netanyahu-et-gallant\/","name":"La CPI \u00e9met un mandat d\u2019arr\u00eat contre Netanyahu et Gallant - Kapitalis","isPartOf":{"@id":"https:\/\/kapitalis.com\/tunisie\/#website"},"primaryImageOfPage":{"@id":"https:\/\/kapitalis.com\/tunisie\/2024\/05\/20\/la-cpi-emet-un-mandat-darret-contre-netanyahu-et-gallant\/#primaryimage"},"image":{"@id":"https:\/\/kapitalis.com\/tunisie\/2024\/05\/20\/la-cpi-emet-un-mandat-darret-contre-netanyahu-et-gallant\/#primaryimage"},"thumbnailUrl":"https:\/\/kapitalis.com\/tunisie\/wp-content\/uploads\/2024\/05\/Yoav-Gallant-Benjamin-Netanyahu.jpg","datePublished":"2024-05-20T11:37:16+00:00","dateModified":"2024-05-20T11:46:59+00:00","breadcrumb":{"@id":"https:\/\/kapitalis.com\/tunisie\/2024\/05\/20\/la-cpi-emet-un-mandat-darret-contre-netanyahu-et-gallant\/#breadcrumb"},"inLanguage":"fr-FR","potentialAction":[{"@type":"ReadAction","target":["https:\/\/kapitalis.com\/tunisie\/2024\/05\/20\/la-cpi-emet-un-mandat-darret-contre-netanyahu-et-gallant\/"]}]},{"@type":"ImageObject","inLanguage":"fr-FR","@id":"https:\/\/kapitalis.com\/tunisie\/2024\/05\/20\/la-cpi-emet-un-mandat-darret-contre-netanyahu-et-gallant\/#primaryimage","url":"https:\/\/kapitalis.com\/tunisie\/wp-content\/uploads\/2024\/05\/Yoav-Gallant-Benjamin-Netanyahu.jpg","contentUrl":"https:\/\/kapitalis.com\/tunisie\/wp-content\/uploads\/2024\/05\/Yoav-Gallant-Benjamin-Netanyahu.jpg","width":1200,"height":630},{"@type":"BreadcrumbList","@id":"https:\/\/kapitalis.com\/tunisie\/2024\/05\/20\/la-cpi-emet-un-mandat-darret-contre-netanyahu-et-gallant\/#breadcrumb","itemListElement":[{"@type":"ListItem","position":1,"name":"Accueil","item":"https:\/\/kapitalis.com\/tunisie\/"},{"@type":"ListItem","position":2,"name":"La CPI \u00e9met un mandat d\u2019arr\u00eat contre Netanyahu et Gallant"}]},{"@type":"WebSite","@id":"https:\/\/kapitalis.com\/tunisie\/#website","url":"https:\/\/kapitalis.com\/tunisie\/","name":"Kapitalis","description":"L&#039;actualit\u00e9 en Tunisie et dans le monde","publisher":{"@id":"https:\/\/kapitalis.com\/tunisie\/#organization"},"potentialAction":[{"@type":"SearchAction","target":{"@type":"EntryPoint","urlTemplate":"https:\/\/kapitalis.com\/tunisie\/?s={search_term_string}"},"query-input":{"@type":"PropertyValueSpecification","valueRequired":true,"valueName":"search_term_string"}}],"inLanguage":"fr-FR"},{"@type":"Organization","@id":"https:\/\/kapitalis.com\/tunisie\/#organization","name":"Kapitalis","url":"https:\/\/kapitalis.com\/tunisie\/","logo":{"@type":"ImageObject","inLanguage":"fr-FR","@id":"https:\/\/kapitalis.com\/tunisie\/#\/schema\/logo\/image\/","url":"https:\/\/kapitalis.com\/tunisie\/wp-content\/uploads\/2022\/05\/Kapitalis-big-size.png","contentUrl":"https:\/\/kapitalis.com\/tunisie\/wp-content\/uploads\/2022\/05\/Kapitalis-big-size.png","width":5000,"height":1500,"caption":"Kapitalis"},"image":{"@id":"https:\/\/kapitalis.com\/tunisie\/#\/schema\/logo\/image\/"},"sameAs":["https:\/\/www.facebook.com\/KapitalisInfo\/","https:\/\/x.com\/KapitalisInfo","https:\/\/www.youtube.com\/channel\/UC-yDYrHyfFBWWZaOw3FPg9Q"]},{"@type":"Person","@id":"https:\/\/kapitalis.com\/tunisie\/#\/schema\/person\/d71f33a9ca44f7bad4698210b480c8e9","name":"webmaster kapitalis","url":"https:\/\/kapitalis.com\/tunisie\/author\/webmaster-kapitalis\/"}]}},"_links":{"self":[{"href":"https:\/\/kapitalis.com\/tunisie\/wp-json\/wp\/v2\/posts\/12885641","targetHints":{"allow":["GET"]}}],"collection":[{"href":"https:\/\/kapitalis.com\/tunisie\/wp-json\/wp\/v2\/posts"}],"about":[{"href":"https:\/\/kapitalis.com\/tunisie\/wp-json\/wp\/v2\/types\/post"}],"author":[{"embeddable":true,"href":"https:\/\/kapitalis.com\/tunisie\/wp-json\/wp\/v2\/users\/8"}],"replies":[{"embeddable":true,"href":"https:\/\/kapitalis.com\/tunisie\/wp-json\/wp\/v2\/comments?post=12885641"}],"version-history":[{"count":3,"href":"https:\/\/kapitalis.com\/tunisie\/wp-json\/wp\/v2\/posts\/12885641\/revisions"}],"predecessor-version":[{"id":12885724,"href":"https:\/\/kapitalis.com\/tunisie\/wp-json\/wp\/v2\/posts\/12885641\/revisions\/12885724"}],"wp:featuredmedia":[{"embeddable":true,"href":"https:\/\/kapitalis.com\/tunisie\/wp-json\/wp\/v2\/media\/12885649"}],"wp:attachment":[{"href":"https:\/\/kapitalis.com\/tunisie\/wp-json\/wp\/v2\/media?parent=12885641"}],"wp:term":[{"taxonomy":"category","embeddable":true,"href":"https:\/\/kapitalis.com\/tunisie\/wp-json\/wp\/v2\/categories?post=12885641"},{"taxonomy":"post_tag","embeddable":true,"href":"https:\/\/kapitalis.com\/tunisie\/wp-json\/wp\/v2\/tags?post=12885641"}],"curies":[{"name":"wp","href":"https:\/\/api.w.org\/{rel}","templated":true}]}}