{"id":12895822,"date":"2024-05-21T22:54:25","date_gmt":"2024-05-21T21:54:25","guid":{"rendered":"https:\/\/kapitalis.com\/tunisie\/?p=12895822"},"modified":"2024-05-21T23:01:05","modified_gmt":"2024-05-21T22:01:05","slug":"mondiaux-handisports-jebabli-decroche-largent-lor-pour-guenichi-ktila","status":"publish","type":"post","link":"https:\/\/kapitalis.com\/tunisie\/2024\/05\/21\/mondiaux-handisports-jebabli-decroche-largent-lor-pour-guenichi-ktila\/","title":{"rendered":"Mondiaux handisports : Jebabli d\u00e9croche l&rsquo;argent, l&rsquo;or pour Guenichi &#038; Ktila"},"content":{"rendered":"\n<p><strong><em>Les champions tunisiens Yassine Guenichi et Walid Ktila ont d\u00e9croch\u00e9 ce mardi 21 mai 2024, l&rsquo;or aux championnats du monde de para-athl\u00e9tisme qui de d\u00e9roulent jusqu\u2019au 25 mai 2024 \u00e0 Kobe, au Japon.<\/em><\/strong><\/p>\n\n\n\n<!--more-->\n\n\n\n<p>Walid Ktila a de nouveau \u00e9t\u00e9 sacr\u00e9 champion du monde cette ann\u00e9e, apr\u00e8s avoir remport\u00e9 le 100m en chaise roulante (T34) et Yassine Guenichi s&rsquo;est offert son premier titre mondial en remportant l&rsquo;\u00e9preuve du lancer de poids (F36).<\/p>\n\n\n\n<p><\/p>\n\n\n\n<figure class=\"wp-block-gallery aligncenter has-nested-images columns-default is-cropped wp-block-gallery-1 is-layout-flex wp-block-gallery-is-layout-flex\">\n<figure class=\"wp-block-image size-large\"><img loading=\"lazy\" decoding=\"async\" width=\"940\" height=\"788\" data-id=\"12895957\" src=\"https:\/\/kapitalis.com\/tunisie\/wp-content\/uploads\/2024\/05\/walid-Ktila.jpg\" alt=\"\" class=\"wp-image-12895957\" srcset=\"https:\/\/kapitalis.com\/tunisie\/wp-content\/uploads\/2024\/05\/walid-Ktila.jpg 940w, https:\/\/kapitalis.com\/tunisie\/wp-content\/uploads\/2024\/05\/walid-Ktila-300x251.jpg 300w, https:\/\/kapitalis.com\/tunisie\/wp-content\/uploads\/2024\/05\/walid-Ktila-768x644.jpg 768w, https:\/\/kapitalis.com\/tunisie\/wp-content\/uploads\/2024\/05\/walid-Ktila-580x486.jpg 580w, https:\/\/kapitalis.com\/tunisie\/wp-content\/uploads\/2024\/05\/walid-Ktila-860x721.jpg 860w\" sizes=\"auto, (max-width: 940px) 100vw, 940px\" \/><\/figure>\n\n\n\n<figure class=\"wp-block-image size-large\"><img loading=\"lazy\" decoding=\"async\" width=\"940\" height=\"788\" data-id=\"12895958\" src=\"https:\/\/kapitalis.com\/tunisie\/wp-content\/uploads\/2024\/05\/Guenichi.jpg\" alt=\"\" class=\"wp-image-12895958\" srcset=\"https:\/\/kapitalis.com\/tunisie\/wp-content\/uploads\/2024\/05\/Guenichi.jpg 940w, https:\/\/kapitalis.com\/tunisie\/wp-content\/uploads\/2024\/05\/Guenichi-300x251.jpg 300w, https:\/\/kapitalis.com\/tunisie\/wp-content\/uploads\/2024\/05\/Guenichi-768x644.jpg 768w, https:\/\/kapitalis.com\/tunisie\/wp-content\/uploads\/2024\/05\/Guenichi-580x486.jpg 580w, https:\/\/kapitalis.com\/tunisie\/wp-content\/uploads\/2024\/05\/Guenichi-860x721.jpg 860w\" sizes=\"auto, (max-width: 940px) 100vw, 940px\" \/><\/figure>\n\n\n\n<figure class=\"wp-block-image size-large\"><img loading=\"lazy\" decoding=\"async\" width=\"940\" height=\"788\" data-id=\"12895956\" src=\"https:\/\/kapitalis.com\/tunisie\/wp-content\/uploads\/2024\/05\/Rouay.jpg\" alt=\"\" class=\"wp-image-12895956\" srcset=\"https:\/\/kapitalis.com\/tunisie\/wp-content\/uploads\/2024\/05\/Rouay.jpg 940w, https:\/\/kapitalis.com\/tunisie\/wp-content\/uploads\/2024\/05\/Rouay-300x251.jpg 300w, https:\/\/kapitalis.com\/tunisie\/wp-content\/uploads\/2024\/05\/Rouay-768x644.jpg 768w, https:\/\/kapitalis.com\/tunisie\/wp-content\/uploads\/2024\/05\/Rouay-580x486.jpg 580w, https:\/\/kapitalis.com\/tunisie\/wp-content\/uploads\/2024\/05\/Rouay-860x721.jpg 860w\" sizes=\"auto, (max-width: 940px) 100vw, 940px\" \/><\/figure>\n<\/figure>\n\n\n\n<p>Plus t\u00f4t dans la matin\u00e9e, Louay Jebabli, vice-champion olympique (Tokyo 2020) a quant lii d\u00e9croch\u00e9 une m\u00e9daille d&rsquo;argent lors de l&rsquo;\u00e9preuve des 1500 m (T12).<\/p>\n\n\n\n<p class=\"has-text-align-right\"><strong>Y. N.<\/strong><\/p>\n\n\n\n<figure class=\"wp-block-embed is-type-wp-embed is-provider-kapitalis wp-block-embed-kapitalis\"><div class=\"wp-block-embed__wrapper\">\n<blockquote class=\"wp-embedded-content\" data-secret=\"sVcPpO6rmN\"><a href=\"https:\/\/kapitalis.com\/tunisie\/2024\/05\/17\/raoua-tlili-championne-du-monde-marwa-brahmi-et-ahmed-ben-moslah-sur-le-podium-a-kobe\/\">Raoua Tlili championne du monde, Marwa Brahmi et Ahmed Ben Moslah sur le podium \u00e0 Kobe<\/a><\/blockquote><iframe loading=\"lazy\" class=\"wp-embedded-content\" sandbox=\"allow-scripts\" security=\"restricted\" style=\"position: absolute; clip: rect(1px, 1px, 1px, 1px);\" title=\"\u00ab\u00a0Raoua Tlili championne du monde, Marwa Brahmi et Ahmed Ben Moslah sur le podium \u00e0 Kobe\u00a0\u00bb &#8212; Kapitalis\" src=\"https:\/\/kapitalis.com\/tunisie\/2024\/05\/17\/raoua-tlili-championne-du-monde-marwa-brahmi-et-ahmed-ben-moslah-sur-le-podium-a-kobe\/embed\/#?secret=V9pRwz2uJn#?secret=sVcPpO6rmN\" data-secret=\"sVcPpO6rmN\" width=\"600\" height=\"338\" frameborder=\"0\" marginwidth=\"0\" marginheight=\"0\" scrolling=\"no\"><\/iframe>\n<\/div><\/figure>\n","protected":false},"excerpt":{"rendered":"<p>Les champions tunisiens Yassine Guenichi et Walid Ktila ont d\u00e9croch\u00e9 ce mardi 21 mai 2024, l&rsquo;or aux championnats du monde de para-athl\u00e9tisme qui de d\u00e9roulent jusqu\u2019au 25 mai 2024 \u00e0 Kobe, au Japon.<\/p>\n","protected":false},"author":6,"featured_media":12895948,"comment_status":"closed","ping_status":"open","sticky":false,"template":"","format":"standard","meta":{"footnotes":""},"categories":[999,2433],"tags":[115749,3432,115669,115750,62643,22649,68861],"class_list":["post-12895822","post","type-post","status-publish","format-standard","has-post-thumbnail","hentry","category-sport","category-tunisie","tag-ara-athletisme","tag-championnats-du-monde","tag-kobe","tag-louay-jebabli","tag-tunisie","tag-walid-ktila","tag-yassine-guenichi"],"yoast_head":"<!-- This site is optimized with the Yoast SEO plugin v26.6 - https:\/\/yoast.com\/wordpress\/plugins\/seo\/ -->\n<title>Mondiaux handisports : Jebabli d\u00e9croche l&#039;argent, l&#039;or pour Guenichi &amp; Ktila - Kapitalis<\/title>\n<meta name=\"robots\" content=\"index, follow, max-snippet:-1, max-image-preview:large, max-video-preview:-1\" \/>\n<link rel=\"canonical\" href=\"https:\/\/kapitalis.com\/tunisie\/2024\/05\/21\/mondiaux-handisports-jebabli-decroche-largent-lor-pour-guenichi-ktila\/\" \/>\n<meta property=\"og:locale\" content=\"fr_FR\" \/>\n<meta property=\"og:type\" content=\"article\" \/>\n<meta property=\"og:title\" content=\"Mondiaux handisports : Jebabli d\u00e9croche l&#039;argent, l&#039;or pour Guenichi &amp; Ktila - Kapitalis\" \/>\n<meta property=\"og:description\" content=\"Les champions tunisiens Yassine Guenichi et Walid Ktila ont d\u00e9croch\u00e9 ce mardi 21 mai 2024, l&rsquo;or aux championnats du monde de para-athl\u00e9tisme qui de d\u00e9roulent jusqu\u2019au 25 mai 2024 \u00e0 Kobe, au Japon.\" \/>\n<meta property=\"og:url\" content=\"https:\/\/kapitalis.com\/tunisie\/2024\/05\/21\/mondiaux-handisports-jebabli-decroche-largent-lor-pour-guenichi-ktila\/\" \/>\n<meta property=\"og:site_name\" content=\"Kapitalis\" \/>\n<meta property=\"article:publisher\" content=\"https:\/\/www.facebook.com\/KapitalisInfo\/\" \/>\n<meta property=\"article:published_time\" content=\"2024-05-21T21:54:25+00:00\" \/>\n<meta property=\"article:modified_time\" content=\"2024-05-21T22:01:05+00:00\" \/>\n<meta property=\"og:image\" content=\"https:\/\/kapitalis.com\/tunisie\/wp-content\/uploads\/2024\/05\/Guenichi-Ktila-Jebabli.jpg\" \/>\n\t<meta property=\"og:image:width\" content=\"1200\" \/>\n\t<meta property=\"og:image:height\" content=\"630\" \/>\n\t<meta property=\"og:image:type\" content=\"image\/jpeg\" \/>\n<meta name=\"author\" content=\"Yusra NY\" \/>\n<meta name=\"twitter:card\" content=\"summary_large_image\" \/>\n<meta name=\"twitter:creator\" content=\"@KapitalisInfo\" \/>\n<meta name=\"twitter:site\" content=\"@KapitalisInfo\" \/>\n<meta name=\"twitter:label1\" content=\"\u00c9crit par\" \/>\n\t<meta name=\"twitter:data1\" content=\"Yusra NY\" \/>\n\t<meta name=\"twitter:label2\" content=\"Dur\u00e9e de lecture estim\u00e9e\" \/>\n\t<meta name=\"twitter:data2\" content=\"2 minutes\" \/>\n<script type=\"application\/ld+json\" class=\"yoast-schema-graph\">{\"@context\":\"https:\/\/schema.org\",\"@graph\":[{\"@type\":\"Article\",\"@id\":\"https:\/\/kapitalis.com\/tunisie\/2024\/05\/21\/mondiaux-handisports-jebabli-decroche-largent-lor-pour-guenichi-ktila\/#article\",\"isPartOf\":{\"@id\":\"https:\/\/kapitalis.com\/tunisie\/2024\/05\/21\/mondiaux-handisports-jebabli-decroche-largent-lor-pour-guenichi-ktila\/\"},\"author\":{\"name\":\"Yusra NY\",\"@id\":\"https:\/\/kapitalis.com\/tunisie\/#\/schema\/person\/74bbde0154d49d790a92aaeac5bc01d5\"},\"headline\":\"Mondiaux handisports : Jebabli d\u00e9croche l&rsquo;argent, l&rsquo;or pour Guenichi &#038; Ktila\",\"datePublished\":\"2024-05-21T21:54:25+00:00\",\"dateModified\":\"2024-05-21T22:01:05+00:00\",\"mainEntityOfPage\":{\"@id\":\"https:\/\/kapitalis.com\/tunisie\/2024\/05\/21\/mondiaux-handisports-jebabli-decroche-largent-lor-pour-guenichi-ktila\/\"},\"wordCount\":118,\"publisher\":{\"@id\":\"https:\/\/kapitalis.com\/tunisie\/#organization\"},\"image\":{\"@id\":\"https:\/\/kapitalis.com\/tunisie\/2024\/05\/21\/mondiaux-handisports-jebabli-decroche-largent-lor-pour-guenichi-ktila\/#primaryimage\"},\"thumbnailUrl\":\"https:\/\/kapitalis.com\/tunisie\/wp-content\/uploads\/2024\/05\/Guenichi-Ktila-Jebabli.jpg\",\"keywords\":[\"ara-athl\u00e9tisme\",\"championnats du monde\",\"Kobe\",\"Louay Jebabli\",\"Tunisie\",\"Walid Ktila\",\"Yassine Guenichi\"],\"articleSection\":[\"SPORT\",\"Tunisie\"],\"inLanguage\":\"fr-FR\"},{\"@type\":\"WebPage\",\"@id\":\"https:\/\/kapitalis.com\/tunisie\/2024\/05\/21\/mondiaux-handisports-jebabli-decroche-largent-lor-pour-guenichi-ktila\/\",\"url\":\"https:\/\/kapitalis.com\/tunisie\/2024\/05\/21\/mondiaux-handisports-jebabli-decroche-largent-lor-pour-guenichi-ktila\/\",\"name\":\"Mondiaux handisports : Jebabli d\u00e9croche l'argent, l'or pour Guenichi & Ktila - Kapitalis\",\"isPartOf\":{\"@id\":\"https:\/\/kapitalis.com\/tunisie\/#website\"},\"primaryImageOfPage\":{\"@id\":\"https:\/\/kapitalis.com\/tunisie\/2024\/05\/21\/mondiaux-handisports-jebabli-decroche-largent-lor-pour-guenichi-ktila\/#primaryimage\"},\"image\":{\"@id\":\"https:\/\/kapitalis.com\/tunisie\/2024\/05\/21\/mondiaux-handisports-jebabli-decroche-largent-lor-pour-guenichi-ktila\/#primaryimage\"},\"thumbnailUrl\":\"https:\/\/kapitalis.com\/tunisie\/wp-content\/uploads\/2024\/05\/Guenichi-Ktila-Jebabli.jpg\",\"datePublished\":\"2024-05-21T21:54:25+00:00\",\"dateModified\":\"2024-05-21T22:01:05+00:00\",\"breadcrumb\":{\"@id\":\"https:\/\/kapitalis.com\/tunisie\/2024\/05\/21\/mondiaux-handisports-jebabli-decroche-largent-lor-pour-guenichi-ktila\/#breadcrumb\"},\"inLanguage\":\"fr-FR\",\"potentialAction\":[{\"@type\":\"ReadAction\",\"target\":[\"https:\/\/kapitalis.com\/tunisie\/2024\/05\/21\/mondiaux-handisports-jebabli-decroche-largent-lor-pour-guenichi-ktila\/\"]}]},{\"@type\":\"ImageObject\",\"inLanguage\":\"fr-FR\",\"@id\":\"https:\/\/kapitalis.com\/tunisie\/2024\/05\/21\/mondiaux-handisports-jebabli-decroche-largent-lor-pour-guenichi-ktila\/#primaryimage\",\"url\":\"https:\/\/kapitalis.com\/tunisie\/wp-content\/uploads\/2024\/05\/Guenichi-Ktila-Jebabli.jpg\",\"contentUrl\":\"https:\/\/kapitalis.com\/tunisie\/wp-content\/uploads\/2024\/05\/Guenichi-Ktila-Jebabli.jpg\",\"width\":1200,\"height\":630},{\"@type\":\"BreadcrumbList\",\"@id\":\"https:\/\/kapitalis.com\/tunisie\/2024\/05\/21\/mondiaux-handisports-jebabli-decroche-largent-lor-pour-guenichi-ktila\/#breadcrumb\",\"itemListElement\":[{\"@type\":\"ListItem\",\"position\":1,\"name\":\"Accueil\",\"item\":\"https:\/\/kapitalis.com\/tunisie\/\"},{\"@type\":\"ListItem\",\"position\":2,\"name\":\"Mondiaux handisports : Jebabli d\u00e9croche l&rsquo;argent, l&rsquo;or pour Guenichi &#038; Ktila\"}]},{\"@type\":\"WebSite\",\"@id\":\"https:\/\/kapitalis.com\/tunisie\/#website\",\"url\":\"https:\/\/kapitalis.com\/tunisie\/\",\"name\":\"Kapitalis\",\"description\":\"L&#039;actualit\u00e9 en Tunisie et dans le monde\",\"publisher\":{\"@id\":\"https:\/\/kapitalis.com\/tunisie\/#organization\"},\"potentialAction\":[{\"@type\":\"SearchAction\",\"target\":{\"@type\":\"EntryPoint\",\"urlTemplate\":\"https:\/\/kapitalis.com\/tunisie\/?s={search_term_string}\"},\"query-input\":{\"@type\":\"PropertyValueSpecification\",\"valueRequired\":true,\"valueName\":\"search_term_string\"}}],\"inLanguage\":\"fr-FR\"},{\"@type\":\"Organization\",\"@id\":\"https:\/\/kapitalis.com\/tunisie\/#organization\",\"name\":\"Kapitalis\",\"url\":\"https:\/\/kapitalis.com\/tunisie\/\",\"logo\":{\"@type\":\"ImageObject\",\"inLanguage\":\"fr-FR\",\"@id\":\"https:\/\/kapitalis.com\/tunisie\/#\/schema\/logo\/image\/\",\"url\":\"https:\/\/kapitalis.com\/tunisie\/wp-content\/uploads\/2022\/05\/Kapitalis-big-size.png\",\"contentUrl\":\"https:\/\/kapitalis.com\/tunisie\/wp-content\/uploads\/2022\/05\/Kapitalis-big-size.png\",\"width\":5000,\"height\":1500,\"caption\":\"Kapitalis\"},\"image\":{\"@id\":\"https:\/\/kapitalis.com\/tunisie\/#\/schema\/logo\/image\/\"},\"sameAs\":[\"https:\/\/www.facebook.com\/KapitalisInfo\/\",\"https:\/\/x.com\/KapitalisInfo\",\"https:\/\/www.youtube.com\/channel\/UC-yDYrHyfFBWWZaOw3FPg9Q\"]},{\"@type\":\"Person\",\"@id\":\"https:\/\/kapitalis.com\/tunisie\/#\/schema\/person\/74bbde0154d49d790a92aaeac5bc01d5\",\"name\":\"Yusra NY\",\"url\":\"https:\/\/kapitalis.com\/tunisie\/author\/yuza_adam\/\"}]}<\/script>\n<!-- \/ Yoast SEO plugin. -->","yoast_head_json":{"title":"Mondiaux handisports : Jebabli d\u00e9croche l'argent, l'or pour Guenichi & Ktila - Kapitalis","robots":{"index":"index","follow":"follow","max-snippet":"max-snippet:-1","max-image-preview":"max-image-preview:large","max-video-preview":"max-video-preview:-1"},"canonical":"https:\/\/kapitalis.com\/tunisie\/2024\/05\/21\/mondiaux-handisports-jebabli-decroche-largent-lor-pour-guenichi-ktila\/","og_locale":"fr_FR","og_type":"article","og_title":"Mondiaux handisports : Jebabli d\u00e9croche l'argent, l'or pour Guenichi & Ktila - Kapitalis","og_description":"Les champions tunisiens Yassine Guenichi et Walid Ktila ont d\u00e9croch\u00e9 ce mardi 21 mai 2024, l&rsquo;or aux championnats du monde de para-athl\u00e9tisme qui de d\u00e9roulent jusqu\u2019au 25 mai 2024 \u00e0 Kobe, au Japon.","og_url":"https:\/\/kapitalis.com\/tunisie\/2024\/05\/21\/mondiaux-handisports-jebabli-decroche-largent-lor-pour-guenichi-ktila\/","og_site_name":"Kapitalis","article_publisher":"https:\/\/www.facebook.com\/KapitalisInfo\/","article_published_time":"2024-05-21T21:54:25+00:00","article_modified_time":"2024-05-21T22:01:05+00:00","og_image":[{"width":1200,"height":630,"url":"https:\/\/kapitalis.com\/tunisie\/wp-content\/uploads\/2024\/05\/Guenichi-Ktila-Jebabli.jpg","type":"image\/jpeg"}],"author":"Yusra NY","twitter_card":"summary_large_image","twitter_creator":"@KapitalisInfo","twitter_site":"@KapitalisInfo","twitter_misc":{"\u00c9crit par":"Yusra NY","Dur\u00e9e de lecture estim\u00e9e":"2 minutes"},"schema":{"@context":"https:\/\/schema.org","@graph":[{"@type":"Article","@id":"https:\/\/kapitalis.com\/tunisie\/2024\/05\/21\/mondiaux-handisports-jebabli-decroche-largent-lor-pour-guenichi-ktila\/#article","isPartOf":{"@id":"https:\/\/kapitalis.com\/tunisie\/2024\/05\/21\/mondiaux-handisports-jebabli-decroche-largent-lor-pour-guenichi-ktila\/"},"author":{"name":"Yusra NY","@id":"https:\/\/kapitalis.com\/tunisie\/#\/schema\/person\/74bbde0154d49d790a92aaeac5bc01d5"},"headline":"Mondiaux handisports : Jebabli d\u00e9croche l&rsquo;argent, l&rsquo;or pour Guenichi &#038; Ktila","datePublished":"2024-05-21T21:54:25+00:00","dateModified":"2024-05-21T22:01:05+00:00","mainEntityOfPage":{"@id":"https:\/\/kapitalis.com\/tunisie\/2024\/05\/21\/mondiaux-handisports-jebabli-decroche-largent-lor-pour-guenichi-ktila\/"},"wordCount":118,"publisher":{"@id":"https:\/\/kapitalis.com\/tunisie\/#organization"},"image":{"@id":"https:\/\/kapitalis.com\/tunisie\/2024\/05\/21\/mondiaux-handisports-jebabli-decroche-largent-lor-pour-guenichi-ktila\/#primaryimage"},"thumbnailUrl":"https:\/\/kapitalis.com\/tunisie\/wp-content\/uploads\/2024\/05\/Guenichi-Ktila-Jebabli.jpg","keywords":["ara-athl\u00e9tisme","championnats du monde","Kobe","Louay Jebabli","Tunisie","Walid Ktila","Yassine Guenichi"],"articleSection":["SPORT","Tunisie"],"inLanguage":"fr-FR"},{"@type":"WebPage","@id":"https:\/\/kapitalis.com\/tunisie\/2024\/05\/21\/mondiaux-handisports-jebabli-decroche-largent-lor-pour-guenichi-ktila\/","url":"https:\/\/kapitalis.com\/tunisie\/2024\/05\/21\/mondiaux-handisports-jebabli-decroche-largent-lor-pour-guenichi-ktila\/","name":"Mondiaux handisports : Jebabli d\u00e9croche l'argent, l'or pour Guenichi & Ktila - Kapitalis","isPartOf":{"@id":"https:\/\/kapitalis.com\/tunisie\/#website"},"primaryImageOfPage":{"@id":"https:\/\/kapitalis.com\/tunisie\/2024\/05\/21\/mondiaux-handisports-jebabli-decroche-largent-lor-pour-guenichi-ktila\/#primaryimage"},"image":{"@id":"https:\/\/kapitalis.com\/tunisie\/2024\/05\/21\/mondiaux-handisports-jebabli-decroche-largent-lor-pour-guenichi-ktila\/#primaryimage"},"thumbnailUrl":"https:\/\/kapitalis.com\/tunisie\/wp-content\/uploads\/2024\/05\/Guenichi-Ktila-Jebabli.jpg","datePublished":"2024-05-21T21:54:25+00:00","dateModified":"2024-05-21T22:01:05+00:00","breadcrumb":{"@id":"https:\/\/kapitalis.com\/tunisie\/2024\/05\/21\/mondiaux-handisports-jebabli-decroche-largent-lor-pour-guenichi-ktila\/#breadcrumb"},"inLanguage":"fr-FR","potentialAction":[{"@type":"ReadAction","target":["https:\/\/kapitalis.com\/tunisie\/2024\/05\/21\/mondiaux-handisports-jebabli-decroche-largent-lor-pour-guenichi-ktila\/"]}]},{"@type":"ImageObject","inLanguage":"fr-FR","@id":"https:\/\/kapitalis.com\/tunisie\/2024\/05\/21\/mondiaux-handisports-jebabli-decroche-largent-lor-pour-guenichi-ktila\/#primaryimage","url":"https:\/\/kapitalis.com\/tunisie\/wp-content\/uploads\/2024\/05\/Guenichi-Ktila-Jebabli.jpg","contentUrl":"https:\/\/kapitalis.com\/tunisie\/wp-content\/uploads\/2024\/05\/Guenichi-Ktila-Jebabli.jpg","width":1200,"height":630},{"@type":"BreadcrumbList","@id":"https:\/\/kapitalis.com\/tunisie\/2024\/05\/21\/mondiaux-handisports-jebabli-decroche-largent-lor-pour-guenichi-ktila\/#breadcrumb","itemListElement":[{"@type":"ListItem","position":1,"name":"Accueil","item":"https:\/\/kapitalis.com\/tunisie\/"},{"@type":"ListItem","position":2,"name":"Mondiaux handisports : Jebabli d\u00e9croche l&rsquo;argent, l&rsquo;or pour Guenichi &#038; Ktila"}]},{"@type":"WebSite","@id":"https:\/\/kapitalis.com\/tunisie\/#website","url":"https:\/\/kapitalis.com\/tunisie\/","name":"Kapitalis","description":"L&#039;actualit\u00e9 en Tunisie et dans le monde","publisher":{"@id":"https:\/\/kapitalis.com\/tunisie\/#organization"},"potentialAction":[{"@type":"SearchAction","target":{"@type":"EntryPoint","urlTemplate":"https:\/\/kapitalis.com\/tunisie\/?s={search_term_string}"},"query-input":{"@type":"PropertyValueSpecification","valueRequired":true,"valueName":"search_term_string"}}],"inLanguage":"fr-FR"},{"@type":"Organization","@id":"https:\/\/kapitalis.com\/tunisie\/#organization","name":"Kapitalis","url":"https:\/\/kapitalis.com\/tunisie\/","logo":{"@type":"ImageObject","inLanguage":"fr-FR","@id":"https:\/\/kapitalis.com\/tunisie\/#\/schema\/logo\/image\/","url":"https:\/\/kapitalis.com\/tunisie\/wp-content\/uploads\/2022\/05\/Kapitalis-big-size.png","contentUrl":"https:\/\/kapitalis.com\/tunisie\/wp-content\/uploads\/2022\/05\/Kapitalis-big-size.png","width":5000,"height":1500,"caption":"Kapitalis"},"image":{"@id":"https:\/\/kapitalis.com\/tunisie\/#\/schema\/logo\/image\/"},"sameAs":["https:\/\/www.facebook.com\/KapitalisInfo\/","https:\/\/x.com\/KapitalisInfo","https:\/\/www.youtube.com\/channel\/UC-yDYrHyfFBWWZaOw3FPg9Q"]},{"@type":"Person","@id":"https:\/\/kapitalis.com\/tunisie\/#\/schema\/person\/74bbde0154d49d790a92aaeac5bc01d5","name":"Yusra NY","url":"https:\/\/kapitalis.com\/tunisie\/author\/yuza_adam\/"}]}},"_links":{"self":[{"href":"https:\/\/kapitalis.com\/tunisie\/wp-json\/wp\/v2\/posts\/12895822","targetHints":{"allow":["GET"]}}],"collection":[{"href":"https:\/\/kapitalis.com\/tunisie\/wp-json\/wp\/v2\/posts"}],"about":[{"href":"https:\/\/kapitalis.com\/tunisie\/wp-json\/wp\/v2\/types\/post"}],"author":[{"embeddable":true,"href":"https:\/\/kapitalis.com\/tunisie\/wp-json\/wp\/v2\/users\/6"}],"replies":[{"embeddable":true,"href":"https:\/\/kapitalis.com\/tunisie\/wp-json\/wp\/v2\/comments?post=12895822"}],"version-history":[{"count":3,"href":"https:\/\/kapitalis.com\/tunisie\/wp-json\/wp\/v2\/posts\/12895822\/revisions"}],"predecessor-version":[{"id":12896012,"href":"https:\/\/kapitalis.com\/tunisie\/wp-json\/wp\/v2\/posts\/12895822\/revisions\/12896012"}],"wp:featuredmedia":[{"embeddable":true,"href":"https:\/\/kapitalis.com\/tunisie\/wp-json\/wp\/v2\/media\/12895948"}],"wp:attachment":[{"href":"https:\/\/kapitalis.com\/tunisie\/wp-json\/wp\/v2\/media?parent=12895822"}],"wp:term":[{"taxonomy":"category","embeddable":true,"href":"https:\/\/kapitalis.com\/tunisie\/wp-json\/wp\/v2\/categories?post=12895822"},{"taxonomy":"post_tag","embeddable":true,"href":"https:\/\/kapitalis.com\/tunisie\/wp-json\/wp\/v2\/tags?post=12895822"}],"curies":[{"name":"wp","href":"https:\/\/api.w.org\/{rel}","templated":true}]}}