{"id":12898531,"date":"2024-05-22T09:08:48","date_gmt":"2024-05-22T08:08:48","guid":{"rendered":"https:\/\/kapitalis.com\/tunisie\/?p=12898531"},"modified":"2024-05-22T09:08:49","modified_gmt":"2024-05-22T08:08:49","slug":"notre-regard-une-nouvelle-revue-specialisee-dans-les-cinemas-arabes-et-africains","status":"publish","type":"post","link":"https:\/\/kapitalis.com\/tunisie\/2024\/05\/22\/notre-regard-une-nouvelle-revue-specialisee-dans-les-cinemas-arabes-et-africains\/","title":{"rendered":"\u2018\u2018Notre regard\u2019\u2019, une nouvelle revue sp\u00e9cialis\u00e9e dans les cin\u00e9mas arabes et africains"},"content":{"rendered":"\n<p><strong><em>Une nouvelle revue num\u00e9rique de critique de cin\u00e9ma a vu le jour en Tunisie. Elle s\u2019appelle \u2018\u2018Notre regard sur les cin\u00e9mas arabes et africains\u2019\u2019. Le n\u00b0 1 (Mai 2024), exceptionnellement en acc\u00e8s libre, est t\u00e9l\u00e9chargeable sur le site \u2018<a href=\"https:\/\/cinematunisien.com\/blog\/2024\/05\/20\/notre-regard-notre-nouvelle-revue\/\" target=\"_blank\" rel=\"noreferrer noopener\">\u2018Cinematunisien.com\u2019\u2019.<\/a><\/em><\/strong><\/p>\n\n\n\n<!--more-->\n\n\n\n<p>On lit dans ce premier num\u00e9ro un article sur <em>le \u2018\u2018Festival des films de femmes d\u2019Assouan\u2019\u2019<\/em>, dont la Tunisie \u00e9tait le pays invit\u00e9 d\u2019honneur, un dossier sur <em>\u2018\u2018L\u2019ind\u00e9fectible lien entre le cin\u00e9ma et sa propre critique\u2019\u2019<\/em>, et des articles sur <em>\u2018\u2018Les politiques publiques dans le domaine du cin\u00e9ma\u2019\u2019, \u2018\u2018Les archives audiovisuelles tunisiennes\u2019\u2019, \u2018\u2018Modernit\u00e9 et cin\u00e9ma tunisien\u2019\u2019<\/em>, ainsi que des notes critiques consacr\u00e9es aux nouveaux films tunisiens (<em>\u2018\u2018Les filles d\u2019Olfa\u2019\u2019, \u2018\u2018Tlamess\u2019\u2019, \u2018\u2018Sous les figues\u2019\u2019 <\/em>et <em>\u2018\u2018Par-del\u00e0 les montagnes\u2019\u2019<\/em>).\u00a0Des rubriques sont \u00e9galement consacr\u00e9es aux cin\u00e9mas arabe et africain avec des focus sur Shadi Abdessalem et le cin\u00e9ma s\u00e9n\u00e9galais. \u00a0\u00a0\u00a0<\/p>\n\n\n\n<p>Parmi les auteurs de ce premier num\u00e9ro, on citera Fathi Kharrat, Neila Gharbi, Mohamed Challouf, Hamadi Bouabid, Mohamed Jaoua, Baba Diop et Mouldi Fehri, directeur et r\u00e9dacteur en chef de la revue, dont le comit\u00e9 de r\u00e9daction compte les critiques de cin\u00e9ma les plus en vue actuellement.<\/p>\n\n\n\n<p>La revue, \u00e9dit\u00e9e \u00e0 Paris et imprim\u00e9e en Tunisie, en association et en collaboration avec l\u2019association Cin\u00e9 Sud Patrimoine, para\u00eetra tous les trois mois.<\/p>\n\n\n\n<p class=\"has-text-align-right\"><strong>I. B.<\/strong><\/p>\n","protected":false},"excerpt":{"rendered":"<p>Une nouvelle revue num\u00e9rique de critique de cin\u00e9ma a vu le jour en Tunisie: Notre regard. <\/p>\n","protected":false},"author":8,"featured_media":12898611,"comment_status":"closed","ping_status":"open","sticky":false,"template":"","format":"standard","meta":{"footnotes":""},"categories":[994,2433],"tags":[115761,9668,115759,106364,22313,73686,115758,115760,115757],"class_list":["post-12898531","post","type-post","status-publish","format-standard","has-post-thumbnail","hentry","category-culture","category-tunisie","tag-baba-diop","tag-cinema-tunisien","tag-fathi-kharrat","tag-hamadi-bouabid","tag-mohamed-challouf","tag-mohamed-jaoua","tag-mouldi-fehri","tag-neila-gharbi","tag-notre-regard"],"yoast_head":"<!-- This site is optimized with the Yoast SEO plugin v26.6 - https:\/\/yoast.com\/wordpress\/plugins\/seo\/ -->\n<title>\u2018\u2018Notre regard\u2019\u2019, une nouvelle revue sp\u00e9cialis\u00e9e dans les cin\u00e9mas arabes et africains - Kapitalis<\/title>\n<meta name=\"robots\" content=\"index, follow, max-snippet:-1, max-image-preview:large, max-video-preview:-1\" \/>\n<link rel=\"canonical\" href=\"https:\/\/kapitalis.com\/tunisie\/2024\/05\/22\/notre-regard-une-nouvelle-revue-specialisee-dans-les-cinemas-arabes-et-africains\/\" \/>\n<meta property=\"og:locale\" content=\"fr_FR\" \/>\n<meta property=\"og:type\" content=\"article\" \/>\n<meta property=\"og:title\" content=\"\u2018\u2018Notre regard\u2019\u2019, une nouvelle revue sp\u00e9cialis\u00e9e dans les cin\u00e9mas arabes et africains - Kapitalis\" \/>\n<meta property=\"og:description\" content=\"Une nouvelle revue num\u00e9rique de critique de cin\u00e9ma a vu le jour en Tunisie: Notre regard.\" \/>\n<meta property=\"og:url\" content=\"https:\/\/kapitalis.com\/tunisie\/2024\/05\/22\/notre-regard-une-nouvelle-revue-specialisee-dans-les-cinemas-arabes-et-africains\/\" \/>\n<meta property=\"og:site_name\" content=\"Kapitalis\" \/>\n<meta property=\"article:publisher\" content=\"https:\/\/www.facebook.com\/KapitalisInfo\/\" \/>\n<meta property=\"article:published_time\" content=\"2024-05-22T08:08:48+00:00\" \/>\n<meta property=\"article:modified_time\" content=\"2024-05-22T08:08:49+00:00\" \/>\n<meta property=\"og:image\" content=\"https:\/\/kapitalis.com\/tunisie\/wp-content\/uploads\/2024\/05\/Notre-regard.jpg\" \/>\n\t<meta property=\"og:image:width\" content=\"1200\" \/>\n\t<meta property=\"og:image:height\" content=\"630\" \/>\n\t<meta property=\"og:image:type\" content=\"image\/jpeg\" \/>\n<meta name=\"author\" content=\"webmaster kapitalis\" \/>\n<meta name=\"twitter:card\" content=\"summary_large_image\" \/>\n<meta name=\"twitter:creator\" content=\"@KapitalisInfo\" \/>\n<meta name=\"twitter:site\" content=\"@KapitalisInfo\" \/>\n<meta name=\"twitter:label1\" content=\"\u00c9crit par\" \/>\n\t<meta name=\"twitter:data1\" content=\"webmaster kapitalis\" \/>\n\t<meta name=\"twitter:label2\" content=\"Dur\u00e9e de lecture estim\u00e9e\" \/>\n\t<meta name=\"twitter:data2\" content=\"2 minutes\" \/>\n<script type=\"application\/ld+json\" class=\"yoast-schema-graph\">{\"@context\":\"https:\/\/schema.org\",\"@graph\":[{\"@type\":\"Article\",\"@id\":\"https:\/\/kapitalis.com\/tunisie\/2024\/05\/22\/notre-regard-une-nouvelle-revue-specialisee-dans-les-cinemas-arabes-et-africains\/#article\",\"isPartOf\":{\"@id\":\"https:\/\/kapitalis.com\/tunisie\/2024\/05\/22\/notre-regard-une-nouvelle-revue-specialisee-dans-les-cinemas-arabes-et-africains\/\"},\"author\":{\"name\":\"webmaster kapitalis\",\"@id\":\"https:\/\/kapitalis.com\/tunisie\/#\/schema\/person\/d71f33a9ca44f7bad4698210b480c8e9\"},\"headline\":\"\u2018\u2018Notre regard\u2019\u2019, une nouvelle revue sp\u00e9cialis\u00e9e dans les cin\u00e9mas arabes et africains\",\"datePublished\":\"2024-05-22T08:08:48+00:00\",\"dateModified\":\"2024-05-22T08:08:49+00:00\",\"mainEntityOfPage\":{\"@id\":\"https:\/\/kapitalis.com\/tunisie\/2024\/05\/22\/notre-regard-une-nouvelle-revue-specialisee-dans-les-cinemas-arabes-et-africains\/\"},\"wordCount\":252,\"publisher\":{\"@id\":\"https:\/\/kapitalis.com\/tunisie\/#organization\"},\"image\":{\"@id\":\"https:\/\/kapitalis.com\/tunisie\/2024\/05\/22\/notre-regard-une-nouvelle-revue-specialisee-dans-les-cinemas-arabes-et-africains\/#primaryimage\"},\"thumbnailUrl\":\"https:\/\/kapitalis.com\/tunisie\/wp-content\/uploads\/2024\/05\/Notre-regard.jpg\",\"keywords\":[\"Baba Diop\",\"cin\u00e9ma tunisien\",\"Fathi Kharrat\",\"Hamadi Bouabid\",\"Mohamed Challouf\",\"Mohamed Jaoua\",\"Mouldi Fehri\",\"Neila Gharbi\",\"Notre regard\"],\"articleSection\":[\"CULTURE\",\"Tunisie\"],\"inLanguage\":\"fr-FR\"},{\"@type\":\"WebPage\",\"@id\":\"https:\/\/kapitalis.com\/tunisie\/2024\/05\/22\/notre-regard-une-nouvelle-revue-specialisee-dans-les-cinemas-arabes-et-africains\/\",\"url\":\"https:\/\/kapitalis.com\/tunisie\/2024\/05\/22\/notre-regard-une-nouvelle-revue-specialisee-dans-les-cinemas-arabes-et-africains\/\",\"name\":\"\u2018\u2018Notre regard\u2019\u2019, une nouvelle revue sp\u00e9cialis\u00e9e dans les cin\u00e9mas arabes et africains - Kapitalis\",\"isPartOf\":{\"@id\":\"https:\/\/kapitalis.com\/tunisie\/#website\"},\"primaryImageOfPage\":{\"@id\":\"https:\/\/kapitalis.com\/tunisie\/2024\/05\/22\/notre-regard-une-nouvelle-revue-specialisee-dans-les-cinemas-arabes-et-africains\/#primaryimage\"},\"image\":{\"@id\":\"https:\/\/kapitalis.com\/tunisie\/2024\/05\/22\/notre-regard-une-nouvelle-revue-specialisee-dans-les-cinemas-arabes-et-africains\/#primaryimage\"},\"thumbnailUrl\":\"https:\/\/kapitalis.com\/tunisie\/wp-content\/uploads\/2024\/05\/Notre-regard.jpg\",\"datePublished\":\"2024-05-22T08:08:48+00:00\",\"dateModified\":\"2024-05-22T08:08:49+00:00\",\"breadcrumb\":{\"@id\":\"https:\/\/kapitalis.com\/tunisie\/2024\/05\/22\/notre-regard-une-nouvelle-revue-specialisee-dans-les-cinemas-arabes-et-africains\/#breadcrumb\"},\"inLanguage\":\"fr-FR\",\"potentialAction\":[{\"@type\":\"ReadAction\",\"target\":[\"https:\/\/kapitalis.com\/tunisie\/2024\/05\/22\/notre-regard-une-nouvelle-revue-specialisee-dans-les-cinemas-arabes-et-africains\/\"]}]},{\"@type\":\"ImageObject\",\"inLanguage\":\"fr-FR\",\"@id\":\"https:\/\/kapitalis.com\/tunisie\/2024\/05\/22\/notre-regard-une-nouvelle-revue-specialisee-dans-les-cinemas-arabes-et-africains\/#primaryimage\",\"url\":\"https:\/\/kapitalis.com\/tunisie\/wp-content\/uploads\/2024\/05\/Notre-regard.jpg\",\"contentUrl\":\"https:\/\/kapitalis.com\/tunisie\/wp-content\/uploads\/2024\/05\/Notre-regard.jpg\",\"width\":1200,\"height\":630},{\"@type\":\"BreadcrumbList\",\"@id\":\"https:\/\/kapitalis.com\/tunisie\/2024\/05\/22\/notre-regard-une-nouvelle-revue-specialisee-dans-les-cinemas-arabes-et-africains\/#breadcrumb\",\"itemListElement\":[{\"@type\":\"ListItem\",\"position\":1,\"name\":\"Accueil\",\"item\":\"https:\/\/kapitalis.com\/tunisie\/\"},{\"@type\":\"ListItem\",\"position\":2,\"name\":\"\u2018\u2018Notre regard\u2019\u2019, une nouvelle revue sp\u00e9cialis\u00e9e dans les cin\u00e9mas arabes et africains\"}]},{\"@type\":\"WebSite\",\"@id\":\"https:\/\/kapitalis.com\/tunisie\/#website\",\"url\":\"https:\/\/kapitalis.com\/tunisie\/\",\"name\":\"Kapitalis\",\"description\":\"L&#039;actualit\u00e9 en Tunisie et dans le monde\",\"publisher\":{\"@id\":\"https:\/\/kapitalis.com\/tunisie\/#organization\"},\"potentialAction\":[{\"@type\":\"SearchAction\",\"target\":{\"@type\":\"EntryPoint\",\"urlTemplate\":\"https:\/\/kapitalis.com\/tunisie\/?s={search_term_string}\"},\"query-input\":{\"@type\":\"PropertyValueSpecification\",\"valueRequired\":true,\"valueName\":\"search_term_string\"}}],\"inLanguage\":\"fr-FR\"},{\"@type\":\"Organization\",\"@id\":\"https:\/\/kapitalis.com\/tunisie\/#organization\",\"name\":\"Kapitalis\",\"url\":\"https:\/\/kapitalis.com\/tunisie\/\",\"logo\":{\"@type\":\"ImageObject\",\"inLanguage\":\"fr-FR\",\"@id\":\"https:\/\/kapitalis.com\/tunisie\/#\/schema\/logo\/image\/\",\"url\":\"https:\/\/kapitalis.com\/tunisie\/wp-content\/uploads\/2022\/05\/Kapitalis-big-size.png\",\"contentUrl\":\"https:\/\/kapitalis.com\/tunisie\/wp-content\/uploads\/2022\/05\/Kapitalis-big-size.png\",\"width\":5000,\"height\":1500,\"caption\":\"Kapitalis\"},\"image\":{\"@id\":\"https:\/\/kapitalis.com\/tunisie\/#\/schema\/logo\/image\/\"},\"sameAs\":[\"https:\/\/www.facebook.com\/KapitalisInfo\/\",\"https:\/\/x.com\/KapitalisInfo\",\"https:\/\/www.youtube.com\/channel\/UC-yDYrHyfFBWWZaOw3FPg9Q\"]},{\"@type\":\"Person\",\"@id\":\"https:\/\/kapitalis.com\/tunisie\/#\/schema\/person\/d71f33a9ca44f7bad4698210b480c8e9\",\"name\":\"webmaster kapitalis\",\"url\":\"https:\/\/kapitalis.com\/tunisie\/author\/webmaster-kapitalis\/\"}]}<\/script>\n<!-- \/ Yoast SEO plugin. -->","yoast_head_json":{"title":"\u2018\u2018Notre regard\u2019\u2019, une nouvelle revue sp\u00e9cialis\u00e9e dans les cin\u00e9mas arabes et africains - Kapitalis","robots":{"index":"index","follow":"follow","max-snippet":"max-snippet:-1","max-image-preview":"max-image-preview:large","max-video-preview":"max-video-preview:-1"},"canonical":"https:\/\/kapitalis.com\/tunisie\/2024\/05\/22\/notre-regard-une-nouvelle-revue-specialisee-dans-les-cinemas-arabes-et-africains\/","og_locale":"fr_FR","og_type":"article","og_title":"\u2018\u2018Notre regard\u2019\u2019, une nouvelle revue sp\u00e9cialis\u00e9e dans les cin\u00e9mas arabes et africains - Kapitalis","og_description":"Une nouvelle revue num\u00e9rique de critique de cin\u00e9ma a vu le jour en Tunisie: Notre regard.","og_url":"https:\/\/kapitalis.com\/tunisie\/2024\/05\/22\/notre-regard-une-nouvelle-revue-specialisee-dans-les-cinemas-arabes-et-africains\/","og_site_name":"Kapitalis","article_publisher":"https:\/\/www.facebook.com\/KapitalisInfo\/","article_published_time":"2024-05-22T08:08:48+00:00","article_modified_time":"2024-05-22T08:08:49+00:00","og_image":[{"width":1200,"height":630,"url":"https:\/\/kapitalis.com\/tunisie\/wp-content\/uploads\/2024\/05\/Notre-regard.jpg","type":"image\/jpeg"}],"author":"webmaster kapitalis","twitter_card":"summary_large_image","twitter_creator":"@KapitalisInfo","twitter_site":"@KapitalisInfo","twitter_misc":{"\u00c9crit par":"webmaster kapitalis","Dur\u00e9e de lecture estim\u00e9e":"2 minutes"},"schema":{"@context":"https:\/\/schema.org","@graph":[{"@type":"Article","@id":"https:\/\/kapitalis.com\/tunisie\/2024\/05\/22\/notre-regard-une-nouvelle-revue-specialisee-dans-les-cinemas-arabes-et-africains\/#article","isPartOf":{"@id":"https:\/\/kapitalis.com\/tunisie\/2024\/05\/22\/notre-regard-une-nouvelle-revue-specialisee-dans-les-cinemas-arabes-et-africains\/"},"author":{"name":"webmaster kapitalis","@id":"https:\/\/kapitalis.com\/tunisie\/#\/schema\/person\/d71f33a9ca44f7bad4698210b480c8e9"},"headline":"\u2018\u2018Notre regard\u2019\u2019, une nouvelle revue sp\u00e9cialis\u00e9e dans les cin\u00e9mas arabes et africains","datePublished":"2024-05-22T08:08:48+00:00","dateModified":"2024-05-22T08:08:49+00:00","mainEntityOfPage":{"@id":"https:\/\/kapitalis.com\/tunisie\/2024\/05\/22\/notre-regard-une-nouvelle-revue-specialisee-dans-les-cinemas-arabes-et-africains\/"},"wordCount":252,"publisher":{"@id":"https:\/\/kapitalis.com\/tunisie\/#organization"},"image":{"@id":"https:\/\/kapitalis.com\/tunisie\/2024\/05\/22\/notre-regard-une-nouvelle-revue-specialisee-dans-les-cinemas-arabes-et-africains\/#primaryimage"},"thumbnailUrl":"https:\/\/kapitalis.com\/tunisie\/wp-content\/uploads\/2024\/05\/Notre-regard.jpg","keywords":["Baba Diop","cin\u00e9ma tunisien","Fathi Kharrat","Hamadi Bouabid","Mohamed Challouf","Mohamed Jaoua","Mouldi Fehri","Neila Gharbi","Notre regard"],"articleSection":["CULTURE","Tunisie"],"inLanguage":"fr-FR"},{"@type":"WebPage","@id":"https:\/\/kapitalis.com\/tunisie\/2024\/05\/22\/notre-regard-une-nouvelle-revue-specialisee-dans-les-cinemas-arabes-et-africains\/","url":"https:\/\/kapitalis.com\/tunisie\/2024\/05\/22\/notre-regard-une-nouvelle-revue-specialisee-dans-les-cinemas-arabes-et-africains\/","name":"\u2018\u2018Notre regard\u2019\u2019, une nouvelle revue sp\u00e9cialis\u00e9e dans les cin\u00e9mas arabes et africains - Kapitalis","isPartOf":{"@id":"https:\/\/kapitalis.com\/tunisie\/#website"},"primaryImageOfPage":{"@id":"https:\/\/kapitalis.com\/tunisie\/2024\/05\/22\/notre-regard-une-nouvelle-revue-specialisee-dans-les-cinemas-arabes-et-africains\/#primaryimage"},"image":{"@id":"https:\/\/kapitalis.com\/tunisie\/2024\/05\/22\/notre-regard-une-nouvelle-revue-specialisee-dans-les-cinemas-arabes-et-africains\/#primaryimage"},"thumbnailUrl":"https:\/\/kapitalis.com\/tunisie\/wp-content\/uploads\/2024\/05\/Notre-regard.jpg","datePublished":"2024-05-22T08:08:48+00:00","dateModified":"2024-05-22T08:08:49+00:00","breadcrumb":{"@id":"https:\/\/kapitalis.com\/tunisie\/2024\/05\/22\/notre-regard-une-nouvelle-revue-specialisee-dans-les-cinemas-arabes-et-africains\/#breadcrumb"},"inLanguage":"fr-FR","potentialAction":[{"@type":"ReadAction","target":["https:\/\/kapitalis.com\/tunisie\/2024\/05\/22\/notre-regard-une-nouvelle-revue-specialisee-dans-les-cinemas-arabes-et-africains\/"]}]},{"@type":"ImageObject","inLanguage":"fr-FR","@id":"https:\/\/kapitalis.com\/tunisie\/2024\/05\/22\/notre-regard-une-nouvelle-revue-specialisee-dans-les-cinemas-arabes-et-africains\/#primaryimage","url":"https:\/\/kapitalis.com\/tunisie\/wp-content\/uploads\/2024\/05\/Notre-regard.jpg","contentUrl":"https:\/\/kapitalis.com\/tunisie\/wp-content\/uploads\/2024\/05\/Notre-regard.jpg","width":1200,"height":630},{"@type":"BreadcrumbList","@id":"https:\/\/kapitalis.com\/tunisie\/2024\/05\/22\/notre-regard-une-nouvelle-revue-specialisee-dans-les-cinemas-arabes-et-africains\/#breadcrumb","itemListElement":[{"@type":"ListItem","position":1,"name":"Accueil","item":"https:\/\/kapitalis.com\/tunisie\/"},{"@type":"ListItem","position":2,"name":"\u2018\u2018Notre regard\u2019\u2019, une nouvelle revue sp\u00e9cialis\u00e9e dans les cin\u00e9mas arabes et africains"}]},{"@type":"WebSite","@id":"https:\/\/kapitalis.com\/tunisie\/#website","url":"https:\/\/kapitalis.com\/tunisie\/","name":"Kapitalis","description":"L&#039;actualit\u00e9 en Tunisie et dans le monde","publisher":{"@id":"https:\/\/kapitalis.com\/tunisie\/#organization"},"potentialAction":[{"@type":"SearchAction","target":{"@type":"EntryPoint","urlTemplate":"https:\/\/kapitalis.com\/tunisie\/?s={search_term_string}"},"query-input":{"@type":"PropertyValueSpecification","valueRequired":true,"valueName":"search_term_string"}}],"inLanguage":"fr-FR"},{"@type":"Organization","@id":"https:\/\/kapitalis.com\/tunisie\/#organization","name":"Kapitalis","url":"https:\/\/kapitalis.com\/tunisie\/","logo":{"@type":"ImageObject","inLanguage":"fr-FR","@id":"https:\/\/kapitalis.com\/tunisie\/#\/schema\/logo\/image\/","url":"https:\/\/kapitalis.com\/tunisie\/wp-content\/uploads\/2022\/05\/Kapitalis-big-size.png","contentUrl":"https:\/\/kapitalis.com\/tunisie\/wp-content\/uploads\/2022\/05\/Kapitalis-big-size.png","width":5000,"height":1500,"caption":"Kapitalis"},"image":{"@id":"https:\/\/kapitalis.com\/tunisie\/#\/schema\/logo\/image\/"},"sameAs":["https:\/\/www.facebook.com\/KapitalisInfo\/","https:\/\/x.com\/KapitalisInfo","https:\/\/www.youtube.com\/channel\/UC-yDYrHyfFBWWZaOw3FPg9Q"]},{"@type":"Person","@id":"https:\/\/kapitalis.com\/tunisie\/#\/schema\/person\/d71f33a9ca44f7bad4698210b480c8e9","name":"webmaster kapitalis","url":"https:\/\/kapitalis.com\/tunisie\/author\/webmaster-kapitalis\/"}]}},"_links":{"self":[{"href":"https:\/\/kapitalis.com\/tunisie\/wp-json\/wp\/v2\/posts\/12898531","targetHints":{"allow":["GET"]}}],"collection":[{"href":"https:\/\/kapitalis.com\/tunisie\/wp-json\/wp\/v2\/posts"}],"about":[{"href":"https:\/\/kapitalis.com\/tunisie\/wp-json\/wp\/v2\/types\/post"}],"author":[{"embeddable":true,"href":"https:\/\/kapitalis.com\/tunisie\/wp-json\/wp\/v2\/users\/8"}],"replies":[{"embeddable":true,"href":"https:\/\/kapitalis.com\/tunisie\/wp-json\/wp\/v2\/comments?post=12898531"}],"version-history":[{"count":1,"href":"https:\/\/kapitalis.com\/tunisie\/wp-json\/wp\/v2\/posts\/12898531\/revisions"}],"predecessor-version":[{"id":12898616,"href":"https:\/\/kapitalis.com\/tunisie\/wp-json\/wp\/v2\/posts\/12898531\/revisions\/12898616"}],"wp:featuredmedia":[{"embeddable":true,"href":"https:\/\/kapitalis.com\/tunisie\/wp-json\/wp\/v2\/media\/12898611"}],"wp:attachment":[{"href":"https:\/\/kapitalis.com\/tunisie\/wp-json\/wp\/v2\/media?parent=12898531"}],"wp:term":[{"taxonomy":"category","embeddable":true,"href":"https:\/\/kapitalis.com\/tunisie\/wp-json\/wp\/v2\/categories?post=12898531"},{"taxonomy":"post_tag","embeddable":true,"href":"https:\/\/kapitalis.com\/tunisie\/wp-json\/wp\/v2\/tags?post=12898531"}],"curies":[{"name":"wp","href":"https:\/\/api.w.org\/{rel}","templated":true}]}}