{"id":12907285,"date":"2024-05-23T12:17:55","date_gmt":"2024-05-23T11:17:55","guid":{"rendered":"https:\/\/kapitalis.com\/tunisie\/?p=12907285"},"modified":"2024-05-23T12:17:56","modified_gmt":"2024-05-23T11:17:56","slug":"etude-les-nouvelles-politiques-du-secteur-informel-en-tunisie","status":"publish","type":"post","link":"https:\/\/kapitalis.com\/tunisie\/2024\/05\/23\/etude-les-nouvelles-politiques-du-secteur-informel-en-tunisie\/","title":{"rendered":"Etude\u00a0: \u2018\u2018Les nouvelles politiques du secteur informel en Tunisie\u2019\u2019"},"content":{"rendered":"\n<p><strong><em>Le Forum tunisien pour les droits \u00e9conomiques et sociaux (FTDES) vient de publier une \u00e9tude sur le th\u00e8me <a href=\"https:\/\/ftdes.net\/wp-content\/uploads\/2024\/05\/De-LA-RUE-a-la-Mer.pdf\" target=\"_blank\" rel=\"noreferrer noopener\">\u2018\u2018De la rue \u00e0 la mer : Les nouvelles politiques du secteur informel en Tunisie\u2019\u2019.<\/a><\/em><\/strong><\/p>\n\n\n\n<!--more-->\n\n\n\n<p>Cette \u00e9tude r\u00e9alis\u00e9e par Soufiane Jaballah examine la politique tunisienne nouvellement mise en place apr\u00e8s le 25 juillet 2021, date de la proclamation de l\u2019\u00e9tat d\u2019exception par le pr\u00e9sident de la r\u00e9publique Ka\u00efs Sa\u00efed, en mettant l\u2019accent sur son approche centr\u00e9e sur la s\u00e9curit\u00e9 envers l\u2019\u00e9conomie de rue et la migration informelle.<\/p>\n\n\n\n<p>Cette analyse sociologique met en \u00e9vidence une orientation r\u00e9solument s\u00e9curitaire qui marque un tournant important dans la gestion de ces ph\u00e9nom\u00e8nes sociaux et \u00e9conomiques cruciaux qui affectent de grands segments de la population tunisienne.<\/p>\n\n\n\n<p><em>\u00abLa prise du pouvoir par le pr\u00e9sident Ka\u00efs Sa\u00efed, le 25 juillet 2021, a initi\u00e9 une p\u00e9riode de profonde transformation politique en Tunisie. L\u2019approche adopt\u00e9e par le nouveau r\u00e9gime vers l\u2019\u00e9conomie informelle de rue et l\u2019\u00e9conomie informelle et la migration se caract\u00e9rise par des efforts visant \u00e0 \u00e9radiquer plut\u00f4t qu\u2019\u00e0 r\u00e9guler ou int\u00e9grer ces activit\u00e9s dans l\u2019\u00e9conomie formelle\u00bb<\/em>, lit-on dans l\u2019\u00e9tude. Qui ajoute\u00a0: <em>\u00abCette politique radicale fait partie d\u2019un \u2018\u2018partenariat strat\u00e9gique\u2019\u2019 avec l\u2019Union europ\u00e9enne, sign\u00e9 le 16 juillet 2023, qui vise principalement \u00e0 lutter contre la migration irr\u00e9guli\u00e8re et \u00e0 fournir soutien \u00e9conomique \u00e0 la Tunisie dans un contexte de graves difficult\u00e9s \u00e9conomiques.\u00bb<\/em><\/p>\n\n\n\n<p>Soufiane Jaballah est sociologue. Il a \u00e9t\u00e9 chercheur \u00e0 l\u2019Institut de recherche sur le Maghreb contemporain (IRMC), et enqu\u00eateur pour International Alert et Cawtar.\u00a0Il a r\u00e9alis\u00e9 plusieurs enqu\u00eates sur des th\u00e9matiques li\u00e9es \u00e0 l\u2019immigration, l\u2019\u00e9conomie frontali\u00e8re et l\u2019employabilit\u00e9 des jeunes dipl\u00f4m\u00e9s ch\u00f4meurs.<\/p>\n\n\n\n<p><strong><em><a href=\"https:\/\/ftdes.net\/wp-content\/uploads\/2024\/05\/De-LA-RUE-a-la-Mer.pdf\" target=\"_blank\" rel=\"noreferrer noopener\">Lien pour lire l&rsquo;\u00e9tude.<\/a><\/em><\/strong><\/p>\n\n\n\n<h4 class=\"wp-block-heading\">&nbsp;<\/h4>\n","protected":false},"excerpt":{"rendered":"<p>La gestion des ph\u00e9nom\u00e8nes sociaux et \u00e9conomiques cruciaux prend en Tunisie une orientation r\u00e9solument s\u00e9curitaire.   <\/p>\n","protected":false},"author":8,"featured_media":12907314,"comment_status":"closed","ping_status":"open","sticky":false,"template":"","format":"standard","meta":{"footnotes":""},"categories":[995,2433],"tags":[115797,8482,76012,5548,84565,115796,62643,937],"class_list":["post-12907285","post","type-post","status-publish","format-standard","has-post-thumbnail","hentry","category-economie","category-tunisie","tag-economie-frontaliere","tag-economie-informelle","tag-kais-saied-2","tag-migration","tag-migration-irreguliere","tag-soufiane-jaballah","tag-tunisie","tag-union-europeenne"],"yoast_head":"<!-- This site is optimized with the Yoast SEO plugin v26.6 - https:\/\/yoast.com\/wordpress\/plugins\/seo\/ -->\n<title>Etude\u00a0: \u2018\u2018Les nouvelles politiques du secteur informel en Tunisie\u2019\u2019 - Kapitalis<\/title>\n<meta name=\"robots\" content=\"index, follow, max-snippet:-1, max-image-preview:large, max-video-preview:-1\" \/>\n<link rel=\"canonical\" href=\"https:\/\/kapitalis.com\/tunisie\/2024\/05\/23\/etude-les-nouvelles-politiques-du-secteur-informel-en-tunisie\/\" \/>\n<meta property=\"og:locale\" content=\"fr_FR\" \/>\n<meta property=\"og:type\" content=\"article\" \/>\n<meta property=\"og:title\" content=\"Etude\u00a0: \u2018\u2018Les nouvelles politiques du secteur informel en Tunisie\u2019\u2019 - Kapitalis\" \/>\n<meta property=\"og:description\" content=\"La gestion des ph\u00e9nom\u00e8nes sociaux et \u00e9conomiques cruciaux prend en Tunisie une orientation r\u00e9solument s\u00e9curitaire.\" \/>\n<meta property=\"og:url\" content=\"https:\/\/kapitalis.com\/tunisie\/2024\/05\/23\/etude-les-nouvelles-politiques-du-secteur-informel-en-tunisie\/\" \/>\n<meta property=\"og:site_name\" content=\"Kapitalis\" \/>\n<meta property=\"article:publisher\" content=\"https:\/\/www.facebook.com\/KapitalisInfo\/\" \/>\n<meta property=\"article:published_time\" content=\"2024-05-23T11:17:55+00:00\" \/>\n<meta property=\"article:modified_time\" content=\"2024-05-23T11:17:56+00:00\" \/>\n<meta property=\"og:image\" content=\"https:\/\/kapitalis.com\/tunisie\/wp-content\/uploads\/2024\/05\/Soufiane-Jaballah.jpg\" \/>\n\t<meta property=\"og:image:width\" content=\"1200\" \/>\n\t<meta property=\"og:image:height\" content=\"630\" \/>\n\t<meta property=\"og:image:type\" content=\"image\/jpeg\" \/>\n<meta name=\"author\" content=\"webmaster kapitalis\" \/>\n<meta name=\"twitter:card\" content=\"summary_large_image\" \/>\n<meta name=\"twitter:creator\" content=\"@KapitalisInfo\" \/>\n<meta name=\"twitter:site\" content=\"@KapitalisInfo\" \/>\n<meta name=\"twitter:label1\" content=\"\u00c9crit par\" \/>\n\t<meta name=\"twitter:data1\" content=\"webmaster kapitalis\" \/>\n\t<meta name=\"twitter:label2\" content=\"Dur\u00e9e de lecture estim\u00e9e\" \/>\n\t<meta name=\"twitter:data2\" content=\"2 minutes\" \/>\n<script type=\"application\/ld+json\" class=\"yoast-schema-graph\">{\"@context\":\"https:\/\/schema.org\",\"@graph\":[{\"@type\":\"Article\",\"@id\":\"https:\/\/kapitalis.com\/tunisie\/2024\/05\/23\/etude-les-nouvelles-politiques-du-secteur-informel-en-tunisie\/#article\",\"isPartOf\":{\"@id\":\"https:\/\/kapitalis.com\/tunisie\/2024\/05\/23\/etude-les-nouvelles-politiques-du-secteur-informel-en-tunisie\/\"},\"author\":{\"name\":\"webmaster kapitalis\",\"@id\":\"https:\/\/kapitalis.com\/tunisie\/#\/schema\/person\/d71f33a9ca44f7bad4698210b480c8e9\"},\"headline\":\"Etude\u00a0: \u2018\u2018Les nouvelles politiques du secteur informel en Tunisie\u2019\u2019\",\"datePublished\":\"2024-05-23T11:17:55+00:00\",\"dateModified\":\"2024-05-23T11:17:56+00:00\",\"mainEntityOfPage\":{\"@id\":\"https:\/\/kapitalis.com\/tunisie\/2024\/05\/23\/etude-les-nouvelles-politiques-du-secteur-informel-en-tunisie\/\"},\"wordCount\":320,\"publisher\":{\"@id\":\"https:\/\/kapitalis.com\/tunisie\/#organization\"},\"image\":{\"@id\":\"https:\/\/kapitalis.com\/tunisie\/2024\/05\/23\/etude-les-nouvelles-politiques-du-secteur-informel-en-tunisie\/#primaryimage\"},\"thumbnailUrl\":\"https:\/\/kapitalis.com\/tunisie\/wp-content\/uploads\/2024\/05\/Soufiane-Jaballah.jpg\",\"keywords\":[\"\u00e9conomie frontali\u00e8re\",\"\u00e9conomie informelle\",\"Ka\u00efs Sa\u00efed\",\"migration\",\"migration irr\u00e9guli\u00e8re\",\"Soufiane Jaballah\",\"Tunisie\",\"Union europ\u00e9enne\"],\"articleSection\":[\"ECONOMIE\",\"Tunisie\"],\"inLanguage\":\"fr-FR\"},{\"@type\":\"WebPage\",\"@id\":\"https:\/\/kapitalis.com\/tunisie\/2024\/05\/23\/etude-les-nouvelles-politiques-du-secteur-informel-en-tunisie\/\",\"url\":\"https:\/\/kapitalis.com\/tunisie\/2024\/05\/23\/etude-les-nouvelles-politiques-du-secteur-informel-en-tunisie\/\",\"name\":\"Etude\u00a0: \u2018\u2018Les nouvelles politiques du secteur informel en Tunisie\u2019\u2019 - Kapitalis\",\"isPartOf\":{\"@id\":\"https:\/\/kapitalis.com\/tunisie\/#website\"},\"primaryImageOfPage\":{\"@id\":\"https:\/\/kapitalis.com\/tunisie\/2024\/05\/23\/etude-les-nouvelles-politiques-du-secteur-informel-en-tunisie\/#primaryimage\"},\"image\":{\"@id\":\"https:\/\/kapitalis.com\/tunisie\/2024\/05\/23\/etude-les-nouvelles-politiques-du-secteur-informel-en-tunisie\/#primaryimage\"},\"thumbnailUrl\":\"https:\/\/kapitalis.com\/tunisie\/wp-content\/uploads\/2024\/05\/Soufiane-Jaballah.jpg\",\"datePublished\":\"2024-05-23T11:17:55+00:00\",\"dateModified\":\"2024-05-23T11:17:56+00:00\",\"breadcrumb\":{\"@id\":\"https:\/\/kapitalis.com\/tunisie\/2024\/05\/23\/etude-les-nouvelles-politiques-du-secteur-informel-en-tunisie\/#breadcrumb\"},\"inLanguage\":\"fr-FR\",\"potentialAction\":[{\"@type\":\"ReadAction\",\"target\":[\"https:\/\/kapitalis.com\/tunisie\/2024\/05\/23\/etude-les-nouvelles-politiques-du-secteur-informel-en-tunisie\/\"]}]},{\"@type\":\"ImageObject\",\"inLanguage\":\"fr-FR\",\"@id\":\"https:\/\/kapitalis.com\/tunisie\/2024\/05\/23\/etude-les-nouvelles-politiques-du-secteur-informel-en-tunisie\/#primaryimage\",\"url\":\"https:\/\/kapitalis.com\/tunisie\/wp-content\/uploads\/2024\/05\/Soufiane-Jaballah.jpg\",\"contentUrl\":\"https:\/\/kapitalis.com\/tunisie\/wp-content\/uploads\/2024\/05\/Soufiane-Jaballah.jpg\",\"width\":1200,\"height\":630},{\"@type\":\"BreadcrumbList\",\"@id\":\"https:\/\/kapitalis.com\/tunisie\/2024\/05\/23\/etude-les-nouvelles-politiques-du-secteur-informel-en-tunisie\/#breadcrumb\",\"itemListElement\":[{\"@type\":\"ListItem\",\"position\":1,\"name\":\"Accueil\",\"item\":\"https:\/\/kapitalis.com\/tunisie\/\"},{\"@type\":\"ListItem\",\"position\":2,\"name\":\"Etude\u00a0: \u2018\u2018Les nouvelles politiques du secteur informel en Tunisie\u2019\u2019\"}]},{\"@type\":\"WebSite\",\"@id\":\"https:\/\/kapitalis.com\/tunisie\/#website\",\"url\":\"https:\/\/kapitalis.com\/tunisie\/\",\"name\":\"Kapitalis\",\"description\":\"L&#039;actualit\u00e9 en Tunisie et dans le monde\",\"publisher\":{\"@id\":\"https:\/\/kapitalis.com\/tunisie\/#organization\"},\"potentialAction\":[{\"@type\":\"SearchAction\",\"target\":{\"@type\":\"EntryPoint\",\"urlTemplate\":\"https:\/\/kapitalis.com\/tunisie\/?s={search_term_string}\"},\"query-input\":{\"@type\":\"PropertyValueSpecification\",\"valueRequired\":true,\"valueName\":\"search_term_string\"}}],\"inLanguage\":\"fr-FR\"},{\"@type\":\"Organization\",\"@id\":\"https:\/\/kapitalis.com\/tunisie\/#organization\",\"name\":\"Kapitalis\",\"url\":\"https:\/\/kapitalis.com\/tunisie\/\",\"logo\":{\"@type\":\"ImageObject\",\"inLanguage\":\"fr-FR\",\"@id\":\"https:\/\/kapitalis.com\/tunisie\/#\/schema\/logo\/image\/\",\"url\":\"https:\/\/kapitalis.com\/tunisie\/wp-content\/uploads\/2022\/05\/Kapitalis-big-size.png\",\"contentUrl\":\"https:\/\/kapitalis.com\/tunisie\/wp-content\/uploads\/2022\/05\/Kapitalis-big-size.png\",\"width\":5000,\"height\":1500,\"caption\":\"Kapitalis\"},\"image\":{\"@id\":\"https:\/\/kapitalis.com\/tunisie\/#\/schema\/logo\/image\/\"},\"sameAs\":[\"https:\/\/www.facebook.com\/KapitalisInfo\/\",\"https:\/\/x.com\/KapitalisInfo\",\"https:\/\/www.youtube.com\/channel\/UC-yDYrHyfFBWWZaOw3FPg9Q\"]},{\"@type\":\"Person\",\"@id\":\"https:\/\/kapitalis.com\/tunisie\/#\/schema\/person\/d71f33a9ca44f7bad4698210b480c8e9\",\"name\":\"webmaster kapitalis\",\"url\":\"https:\/\/kapitalis.com\/tunisie\/author\/webmaster-kapitalis\/\"}]}<\/script>\n<!-- \/ Yoast SEO plugin. -->","yoast_head_json":{"title":"Etude\u00a0: \u2018\u2018Les nouvelles politiques du secteur informel en Tunisie\u2019\u2019 - Kapitalis","robots":{"index":"index","follow":"follow","max-snippet":"max-snippet:-1","max-image-preview":"max-image-preview:large","max-video-preview":"max-video-preview:-1"},"canonical":"https:\/\/kapitalis.com\/tunisie\/2024\/05\/23\/etude-les-nouvelles-politiques-du-secteur-informel-en-tunisie\/","og_locale":"fr_FR","og_type":"article","og_title":"Etude\u00a0: \u2018\u2018Les nouvelles politiques du secteur informel en Tunisie\u2019\u2019 - Kapitalis","og_description":"La gestion des ph\u00e9nom\u00e8nes sociaux et \u00e9conomiques cruciaux prend en Tunisie une orientation r\u00e9solument s\u00e9curitaire.","og_url":"https:\/\/kapitalis.com\/tunisie\/2024\/05\/23\/etude-les-nouvelles-politiques-du-secteur-informel-en-tunisie\/","og_site_name":"Kapitalis","article_publisher":"https:\/\/www.facebook.com\/KapitalisInfo\/","article_published_time":"2024-05-23T11:17:55+00:00","article_modified_time":"2024-05-23T11:17:56+00:00","og_image":[{"width":1200,"height":630,"url":"https:\/\/kapitalis.com\/tunisie\/wp-content\/uploads\/2024\/05\/Soufiane-Jaballah.jpg","type":"image\/jpeg"}],"author":"webmaster kapitalis","twitter_card":"summary_large_image","twitter_creator":"@KapitalisInfo","twitter_site":"@KapitalisInfo","twitter_misc":{"\u00c9crit par":"webmaster kapitalis","Dur\u00e9e de lecture estim\u00e9e":"2 minutes"},"schema":{"@context":"https:\/\/schema.org","@graph":[{"@type":"Article","@id":"https:\/\/kapitalis.com\/tunisie\/2024\/05\/23\/etude-les-nouvelles-politiques-du-secteur-informel-en-tunisie\/#article","isPartOf":{"@id":"https:\/\/kapitalis.com\/tunisie\/2024\/05\/23\/etude-les-nouvelles-politiques-du-secteur-informel-en-tunisie\/"},"author":{"name":"webmaster kapitalis","@id":"https:\/\/kapitalis.com\/tunisie\/#\/schema\/person\/d71f33a9ca44f7bad4698210b480c8e9"},"headline":"Etude\u00a0: \u2018\u2018Les nouvelles politiques du secteur informel en Tunisie\u2019\u2019","datePublished":"2024-05-23T11:17:55+00:00","dateModified":"2024-05-23T11:17:56+00:00","mainEntityOfPage":{"@id":"https:\/\/kapitalis.com\/tunisie\/2024\/05\/23\/etude-les-nouvelles-politiques-du-secteur-informel-en-tunisie\/"},"wordCount":320,"publisher":{"@id":"https:\/\/kapitalis.com\/tunisie\/#organization"},"image":{"@id":"https:\/\/kapitalis.com\/tunisie\/2024\/05\/23\/etude-les-nouvelles-politiques-du-secteur-informel-en-tunisie\/#primaryimage"},"thumbnailUrl":"https:\/\/kapitalis.com\/tunisie\/wp-content\/uploads\/2024\/05\/Soufiane-Jaballah.jpg","keywords":["\u00e9conomie frontali\u00e8re","\u00e9conomie informelle","Ka\u00efs Sa\u00efed","migration","migration irr\u00e9guli\u00e8re","Soufiane Jaballah","Tunisie","Union europ\u00e9enne"],"articleSection":["ECONOMIE","Tunisie"],"inLanguage":"fr-FR"},{"@type":"WebPage","@id":"https:\/\/kapitalis.com\/tunisie\/2024\/05\/23\/etude-les-nouvelles-politiques-du-secteur-informel-en-tunisie\/","url":"https:\/\/kapitalis.com\/tunisie\/2024\/05\/23\/etude-les-nouvelles-politiques-du-secteur-informel-en-tunisie\/","name":"Etude\u00a0: \u2018\u2018Les nouvelles politiques du secteur informel en Tunisie\u2019\u2019 - Kapitalis","isPartOf":{"@id":"https:\/\/kapitalis.com\/tunisie\/#website"},"primaryImageOfPage":{"@id":"https:\/\/kapitalis.com\/tunisie\/2024\/05\/23\/etude-les-nouvelles-politiques-du-secteur-informel-en-tunisie\/#primaryimage"},"image":{"@id":"https:\/\/kapitalis.com\/tunisie\/2024\/05\/23\/etude-les-nouvelles-politiques-du-secteur-informel-en-tunisie\/#primaryimage"},"thumbnailUrl":"https:\/\/kapitalis.com\/tunisie\/wp-content\/uploads\/2024\/05\/Soufiane-Jaballah.jpg","datePublished":"2024-05-23T11:17:55+00:00","dateModified":"2024-05-23T11:17:56+00:00","breadcrumb":{"@id":"https:\/\/kapitalis.com\/tunisie\/2024\/05\/23\/etude-les-nouvelles-politiques-du-secteur-informel-en-tunisie\/#breadcrumb"},"inLanguage":"fr-FR","potentialAction":[{"@type":"ReadAction","target":["https:\/\/kapitalis.com\/tunisie\/2024\/05\/23\/etude-les-nouvelles-politiques-du-secteur-informel-en-tunisie\/"]}]},{"@type":"ImageObject","inLanguage":"fr-FR","@id":"https:\/\/kapitalis.com\/tunisie\/2024\/05\/23\/etude-les-nouvelles-politiques-du-secteur-informel-en-tunisie\/#primaryimage","url":"https:\/\/kapitalis.com\/tunisie\/wp-content\/uploads\/2024\/05\/Soufiane-Jaballah.jpg","contentUrl":"https:\/\/kapitalis.com\/tunisie\/wp-content\/uploads\/2024\/05\/Soufiane-Jaballah.jpg","width":1200,"height":630},{"@type":"BreadcrumbList","@id":"https:\/\/kapitalis.com\/tunisie\/2024\/05\/23\/etude-les-nouvelles-politiques-du-secteur-informel-en-tunisie\/#breadcrumb","itemListElement":[{"@type":"ListItem","position":1,"name":"Accueil","item":"https:\/\/kapitalis.com\/tunisie\/"},{"@type":"ListItem","position":2,"name":"Etude\u00a0: \u2018\u2018Les nouvelles politiques du secteur informel en Tunisie\u2019\u2019"}]},{"@type":"WebSite","@id":"https:\/\/kapitalis.com\/tunisie\/#website","url":"https:\/\/kapitalis.com\/tunisie\/","name":"Kapitalis","description":"L&#039;actualit\u00e9 en Tunisie et dans le monde","publisher":{"@id":"https:\/\/kapitalis.com\/tunisie\/#organization"},"potentialAction":[{"@type":"SearchAction","target":{"@type":"EntryPoint","urlTemplate":"https:\/\/kapitalis.com\/tunisie\/?s={search_term_string}"},"query-input":{"@type":"PropertyValueSpecification","valueRequired":true,"valueName":"search_term_string"}}],"inLanguage":"fr-FR"},{"@type":"Organization","@id":"https:\/\/kapitalis.com\/tunisie\/#organization","name":"Kapitalis","url":"https:\/\/kapitalis.com\/tunisie\/","logo":{"@type":"ImageObject","inLanguage":"fr-FR","@id":"https:\/\/kapitalis.com\/tunisie\/#\/schema\/logo\/image\/","url":"https:\/\/kapitalis.com\/tunisie\/wp-content\/uploads\/2022\/05\/Kapitalis-big-size.png","contentUrl":"https:\/\/kapitalis.com\/tunisie\/wp-content\/uploads\/2022\/05\/Kapitalis-big-size.png","width":5000,"height":1500,"caption":"Kapitalis"},"image":{"@id":"https:\/\/kapitalis.com\/tunisie\/#\/schema\/logo\/image\/"},"sameAs":["https:\/\/www.facebook.com\/KapitalisInfo\/","https:\/\/x.com\/KapitalisInfo","https:\/\/www.youtube.com\/channel\/UC-yDYrHyfFBWWZaOw3FPg9Q"]},{"@type":"Person","@id":"https:\/\/kapitalis.com\/tunisie\/#\/schema\/person\/d71f33a9ca44f7bad4698210b480c8e9","name":"webmaster kapitalis","url":"https:\/\/kapitalis.com\/tunisie\/author\/webmaster-kapitalis\/"}]}},"_links":{"self":[{"href":"https:\/\/kapitalis.com\/tunisie\/wp-json\/wp\/v2\/posts\/12907285","targetHints":{"allow":["GET"]}}],"collection":[{"href":"https:\/\/kapitalis.com\/tunisie\/wp-json\/wp\/v2\/posts"}],"about":[{"href":"https:\/\/kapitalis.com\/tunisie\/wp-json\/wp\/v2\/types\/post"}],"author":[{"embeddable":true,"href":"https:\/\/kapitalis.com\/tunisie\/wp-json\/wp\/v2\/users\/8"}],"replies":[{"embeddable":true,"href":"https:\/\/kapitalis.com\/tunisie\/wp-json\/wp\/v2\/comments?post=12907285"}],"version-history":[{"count":1,"href":"https:\/\/kapitalis.com\/tunisie\/wp-json\/wp\/v2\/posts\/12907285\/revisions"}],"predecessor-version":[{"id":12907319,"href":"https:\/\/kapitalis.com\/tunisie\/wp-json\/wp\/v2\/posts\/12907285\/revisions\/12907319"}],"wp:featuredmedia":[{"embeddable":true,"href":"https:\/\/kapitalis.com\/tunisie\/wp-json\/wp\/v2\/media\/12907314"}],"wp:attachment":[{"href":"https:\/\/kapitalis.com\/tunisie\/wp-json\/wp\/v2\/media?parent=12907285"}],"wp:term":[{"taxonomy":"category","embeddable":true,"href":"https:\/\/kapitalis.com\/tunisie\/wp-json\/wp\/v2\/categories?post=12907285"},{"taxonomy":"post_tag","embeddable":true,"href":"https:\/\/kapitalis.com\/tunisie\/wp-json\/wp\/v2\/tags?post=12907285"}],"curies":[{"name":"wp","href":"https:\/\/api.w.org\/{rel}","templated":true}]}}