{"id":12909513,"date":"2024-05-23T18:29:09","date_gmt":"2024-05-23T17:29:09","guid":{"rendered":"https:\/\/kapitalis.com\/tunisie\/?p=12909513"},"modified":"2024-05-24T06:38:00","modified_gmt":"2024-05-24T05:38:00","slug":"tunisie-la-detention-de-riadh-ben-fadhel-prolongee","status":"publish","type":"post","link":"https:\/\/kapitalis.com\/tunisie\/2024\/05\/23\/tunisie-la-detention-de-riadh-ben-fadhel-prolongee\/","title":{"rendered":"Tunisie : La d\u00e9tention de Riadh Ben Fadhel prolong\u00e9e"},"content":{"rendered":"\n<p><em><strong>La d\u00e9tention pr\u00e9ventive du coordinateur g\u00e9n\u00e9ral du parti Al-Qotb, Riadh Ben Fadhel vient d&rsquo;\u00eatre \u00e0 nouveau prolong\u00e9e, ce jeudi 22 mai 2024.<\/strong><\/em><\/p>\n\n\n\n<!--more-->\n\n\n\n<p>Le juge d\u2019instruction pr\u00e8s le P\u00f4le judiciaire \u00e9conomique et financier a d\u00e9cid\u00e9 de prolonger de quatre mois suppl\u00e9mentaires la d\u00e9tention de Riadh Ben Fadhel, arr\u00eat\u00e9 \u00e0 son retour de l\u2019\u00e9tranger en novembre dernier.<\/p>\n\n\n\n<p>Rappelons que le coordinateur g\u00e9n\u00e9ral du parti Al-Qotb est poursuivi dans le cadre d\u2019une enqu\u00eate portant sur les circonstances jug\u00e9es douteuses de l\u2019acquisition d\u2019un lot de v\u00e9hicules luxueux de l\u2019ancien pr\u00e9sident Ben Alo, confisqu\u00e9s par l\u2019\u00c9tat apr\u00e8s sa chute le 14 janvier 2011.<\/p>\n\n\n\n<p>Or, selon son avocat Me Mohamed Ali Ghrib, l\u2019acquisition du lot de v\u00e9hicules est l\u00e9gale et s\u2019\u00e9tait d\u00e9roul\u00e9e dans le cadre d\u2019une vente aux ench\u00e8res publiques, en pr\u00e9sence d\u2019experts et de responsables publics.<\/p>\n\n\n\n<p class=\"has-text-align-right\"><strong>Y. N.<\/strong><\/p>\n","protected":false},"excerpt":{"rendered":"<p>La d\u00e9tention pr\u00e9ventive du coordinateur g\u00e9n\u00e9ral du parti Al-Qotb, Riadh Ben Fadhel vient d&rsquo;\u00eatre \u00e0 nouveau prolong\u00e9e, ce jeudi 22 mai 2024.<\/p>\n","protected":false},"author":6,"featured_media":10526544,"comment_status":"closed","ping_status":"open","sticky":false,"template":"","format":"standard","meta":{"footnotes":""},"categories":[997,2433],"tags":[100159,111701,101200,62643],"class_list":["post-12909513","post","type-post","status-publish","format-standard","has-post-thumbnail","hentry","category-politique","category-tunisie","tag-al-qotb-2","tag-detention-2","tag-riadh-ben-fadhel","tag-tunisie"],"yoast_head":"<!-- This site is optimized with the Yoast SEO plugin v26.6 - https:\/\/yoast.com\/wordpress\/plugins\/seo\/ -->\n<title>Tunisie : La d\u00e9tention de Riadh Ben Fadhel prolong\u00e9e - Kapitalis<\/title>\n<meta name=\"robots\" content=\"index, follow, max-snippet:-1, max-image-preview:large, max-video-preview:-1\" \/>\n<link rel=\"canonical\" href=\"https:\/\/kapitalis.com\/tunisie\/2024\/05\/23\/tunisie-la-detention-de-riadh-ben-fadhel-prolongee\/\" \/>\n<meta property=\"og:locale\" content=\"fr_FR\" \/>\n<meta property=\"og:type\" content=\"article\" \/>\n<meta property=\"og:title\" content=\"Tunisie : La d\u00e9tention de Riadh Ben Fadhel prolong\u00e9e - Kapitalis\" \/>\n<meta property=\"og:description\" content=\"La d\u00e9tention pr\u00e9ventive du coordinateur g\u00e9n\u00e9ral du parti Al-Qotb, Riadh Ben Fadhel vient d&rsquo;\u00eatre \u00e0 nouveau prolong\u00e9e, ce jeudi 22 mai 2024.\" \/>\n<meta property=\"og:url\" content=\"https:\/\/kapitalis.com\/tunisie\/2024\/05\/23\/tunisie-la-detention-de-riadh-ben-fadhel-prolongee\/\" \/>\n<meta property=\"og:site_name\" content=\"Kapitalis\" \/>\n<meta property=\"article:publisher\" content=\"https:\/\/www.facebook.com\/KapitalisInfo\/\" \/>\n<meta property=\"article:published_time\" content=\"2024-05-23T17:29:09+00:00\" \/>\n<meta property=\"article:modified_time\" content=\"2024-05-24T05:38:00+00:00\" \/>\n<meta property=\"og:image\" content=\"https:\/\/kapitalis.com\/tunisie\/wp-content\/uploads\/2023\/11\/Riadh-Ben-Fadhel.jpg\" \/>\n\t<meta property=\"og:image:width\" content=\"1200\" \/>\n\t<meta property=\"og:image:height\" content=\"630\" \/>\n\t<meta property=\"og:image:type\" content=\"image\/jpeg\" \/>\n<meta name=\"author\" content=\"Yusra NY\" \/>\n<meta name=\"twitter:card\" content=\"summary_large_image\" \/>\n<meta name=\"twitter:creator\" content=\"@KapitalisInfo\" \/>\n<meta name=\"twitter:site\" content=\"@KapitalisInfo\" \/>\n<meta name=\"twitter:label1\" content=\"\u00c9crit par\" \/>\n\t<meta name=\"twitter:data1\" content=\"Yusra NY\" \/>\n\t<meta name=\"twitter:label2\" content=\"Dur\u00e9e de lecture estim\u00e9e\" \/>\n\t<meta name=\"twitter:data2\" content=\"1 minute\" \/>\n<script type=\"application\/ld+json\" class=\"yoast-schema-graph\">{\"@context\":\"https:\/\/schema.org\",\"@graph\":[{\"@type\":\"Article\",\"@id\":\"https:\/\/kapitalis.com\/tunisie\/2024\/05\/23\/tunisie-la-detention-de-riadh-ben-fadhel-prolongee\/#article\",\"isPartOf\":{\"@id\":\"https:\/\/kapitalis.com\/tunisie\/2024\/05\/23\/tunisie-la-detention-de-riadh-ben-fadhel-prolongee\/\"},\"author\":{\"name\":\"Yusra NY\",\"@id\":\"https:\/\/kapitalis.com\/tunisie\/#\/schema\/person\/74bbde0154d49d790a92aaeac5bc01d5\"},\"headline\":\"Tunisie : La d\u00e9tention de Riadh Ben Fadhel prolong\u00e9e\",\"datePublished\":\"2024-05-23T17:29:09+00:00\",\"dateModified\":\"2024-05-24T05:38:00+00:00\",\"mainEntityOfPage\":{\"@id\":\"https:\/\/kapitalis.com\/tunisie\/2024\/05\/23\/tunisie-la-detention-de-riadh-ben-fadhel-prolongee\/\"},\"wordCount\":174,\"publisher\":{\"@id\":\"https:\/\/kapitalis.com\/tunisie\/#organization\"},\"image\":{\"@id\":\"https:\/\/kapitalis.com\/tunisie\/2024\/05\/23\/tunisie-la-detention-de-riadh-ben-fadhel-prolongee\/#primaryimage\"},\"thumbnailUrl\":\"https:\/\/kapitalis.com\/tunisie\/wp-content\/uploads\/2023\/11\/Riadh-Ben-Fadhel.jpg\",\"keywords\":[\"Al-Qotb\",\"D\u00c9TENTION\",\"Riadh Ben Fadhel\",\"Tunisie\"],\"articleSection\":[\"POLITIQUE\",\"Tunisie\"],\"inLanguage\":\"fr-FR\"},{\"@type\":\"WebPage\",\"@id\":\"https:\/\/kapitalis.com\/tunisie\/2024\/05\/23\/tunisie-la-detention-de-riadh-ben-fadhel-prolongee\/\",\"url\":\"https:\/\/kapitalis.com\/tunisie\/2024\/05\/23\/tunisie-la-detention-de-riadh-ben-fadhel-prolongee\/\",\"name\":\"Tunisie : La d\u00e9tention de Riadh Ben Fadhel prolong\u00e9e - Kapitalis\",\"isPartOf\":{\"@id\":\"https:\/\/kapitalis.com\/tunisie\/#website\"},\"primaryImageOfPage\":{\"@id\":\"https:\/\/kapitalis.com\/tunisie\/2024\/05\/23\/tunisie-la-detention-de-riadh-ben-fadhel-prolongee\/#primaryimage\"},\"image\":{\"@id\":\"https:\/\/kapitalis.com\/tunisie\/2024\/05\/23\/tunisie-la-detention-de-riadh-ben-fadhel-prolongee\/#primaryimage\"},\"thumbnailUrl\":\"https:\/\/kapitalis.com\/tunisie\/wp-content\/uploads\/2023\/11\/Riadh-Ben-Fadhel.jpg\",\"datePublished\":\"2024-05-23T17:29:09+00:00\",\"dateModified\":\"2024-05-24T05:38:00+00:00\",\"breadcrumb\":{\"@id\":\"https:\/\/kapitalis.com\/tunisie\/2024\/05\/23\/tunisie-la-detention-de-riadh-ben-fadhel-prolongee\/#breadcrumb\"},\"inLanguage\":\"fr-FR\",\"potentialAction\":[{\"@type\":\"ReadAction\",\"target\":[\"https:\/\/kapitalis.com\/tunisie\/2024\/05\/23\/tunisie-la-detention-de-riadh-ben-fadhel-prolongee\/\"]}]},{\"@type\":\"ImageObject\",\"inLanguage\":\"fr-FR\",\"@id\":\"https:\/\/kapitalis.com\/tunisie\/2024\/05\/23\/tunisie-la-detention-de-riadh-ben-fadhel-prolongee\/#primaryimage\",\"url\":\"https:\/\/kapitalis.com\/tunisie\/wp-content\/uploads\/2023\/11\/Riadh-Ben-Fadhel.jpg\",\"contentUrl\":\"https:\/\/kapitalis.com\/tunisie\/wp-content\/uploads\/2023\/11\/Riadh-Ben-Fadhel.jpg\",\"width\":1200,\"height\":630},{\"@type\":\"BreadcrumbList\",\"@id\":\"https:\/\/kapitalis.com\/tunisie\/2024\/05\/23\/tunisie-la-detention-de-riadh-ben-fadhel-prolongee\/#breadcrumb\",\"itemListElement\":[{\"@type\":\"ListItem\",\"position\":1,\"name\":\"Accueil\",\"item\":\"https:\/\/kapitalis.com\/tunisie\/\"},{\"@type\":\"ListItem\",\"position\":2,\"name\":\"Tunisie : La d\u00e9tention de Riadh Ben Fadhel prolong\u00e9e\"}]},{\"@type\":\"WebSite\",\"@id\":\"https:\/\/kapitalis.com\/tunisie\/#website\",\"url\":\"https:\/\/kapitalis.com\/tunisie\/\",\"name\":\"Kapitalis\",\"description\":\"L&#039;actualit\u00e9 en Tunisie et dans le monde\",\"publisher\":{\"@id\":\"https:\/\/kapitalis.com\/tunisie\/#organization\"},\"potentialAction\":[{\"@type\":\"SearchAction\",\"target\":{\"@type\":\"EntryPoint\",\"urlTemplate\":\"https:\/\/kapitalis.com\/tunisie\/?s={search_term_string}\"},\"query-input\":{\"@type\":\"PropertyValueSpecification\",\"valueRequired\":true,\"valueName\":\"search_term_string\"}}],\"inLanguage\":\"fr-FR\"},{\"@type\":\"Organization\",\"@id\":\"https:\/\/kapitalis.com\/tunisie\/#organization\",\"name\":\"Kapitalis\",\"url\":\"https:\/\/kapitalis.com\/tunisie\/\",\"logo\":{\"@type\":\"ImageObject\",\"inLanguage\":\"fr-FR\",\"@id\":\"https:\/\/kapitalis.com\/tunisie\/#\/schema\/logo\/image\/\",\"url\":\"https:\/\/kapitalis.com\/tunisie\/wp-content\/uploads\/2022\/05\/Kapitalis-big-size.png\",\"contentUrl\":\"https:\/\/kapitalis.com\/tunisie\/wp-content\/uploads\/2022\/05\/Kapitalis-big-size.png\",\"width\":5000,\"height\":1500,\"caption\":\"Kapitalis\"},\"image\":{\"@id\":\"https:\/\/kapitalis.com\/tunisie\/#\/schema\/logo\/image\/\"},\"sameAs\":[\"https:\/\/www.facebook.com\/KapitalisInfo\/\",\"https:\/\/x.com\/KapitalisInfo\",\"https:\/\/www.youtube.com\/channel\/UC-yDYrHyfFBWWZaOw3FPg9Q\"]},{\"@type\":\"Person\",\"@id\":\"https:\/\/kapitalis.com\/tunisie\/#\/schema\/person\/74bbde0154d49d790a92aaeac5bc01d5\",\"name\":\"Yusra NY\",\"url\":\"https:\/\/kapitalis.com\/tunisie\/author\/yuza_adam\/\"}]}<\/script>\n<!-- \/ Yoast SEO plugin. -->","yoast_head_json":{"title":"Tunisie : La d\u00e9tention de Riadh Ben Fadhel prolong\u00e9e - Kapitalis","robots":{"index":"index","follow":"follow","max-snippet":"max-snippet:-1","max-image-preview":"max-image-preview:large","max-video-preview":"max-video-preview:-1"},"canonical":"https:\/\/kapitalis.com\/tunisie\/2024\/05\/23\/tunisie-la-detention-de-riadh-ben-fadhel-prolongee\/","og_locale":"fr_FR","og_type":"article","og_title":"Tunisie : La d\u00e9tention de Riadh Ben Fadhel prolong\u00e9e - Kapitalis","og_description":"La d\u00e9tention pr\u00e9ventive du coordinateur g\u00e9n\u00e9ral du parti Al-Qotb, Riadh Ben Fadhel vient d&rsquo;\u00eatre \u00e0 nouveau prolong\u00e9e, ce jeudi 22 mai 2024.","og_url":"https:\/\/kapitalis.com\/tunisie\/2024\/05\/23\/tunisie-la-detention-de-riadh-ben-fadhel-prolongee\/","og_site_name":"Kapitalis","article_publisher":"https:\/\/www.facebook.com\/KapitalisInfo\/","article_published_time":"2024-05-23T17:29:09+00:00","article_modified_time":"2024-05-24T05:38:00+00:00","og_image":[{"width":1200,"height":630,"url":"https:\/\/kapitalis.com\/tunisie\/wp-content\/uploads\/2023\/11\/Riadh-Ben-Fadhel.jpg","type":"image\/jpeg"}],"author":"Yusra NY","twitter_card":"summary_large_image","twitter_creator":"@KapitalisInfo","twitter_site":"@KapitalisInfo","twitter_misc":{"\u00c9crit par":"Yusra NY","Dur\u00e9e de lecture estim\u00e9e":"1 minute"},"schema":{"@context":"https:\/\/schema.org","@graph":[{"@type":"Article","@id":"https:\/\/kapitalis.com\/tunisie\/2024\/05\/23\/tunisie-la-detention-de-riadh-ben-fadhel-prolongee\/#article","isPartOf":{"@id":"https:\/\/kapitalis.com\/tunisie\/2024\/05\/23\/tunisie-la-detention-de-riadh-ben-fadhel-prolongee\/"},"author":{"name":"Yusra NY","@id":"https:\/\/kapitalis.com\/tunisie\/#\/schema\/person\/74bbde0154d49d790a92aaeac5bc01d5"},"headline":"Tunisie : La d\u00e9tention de Riadh Ben Fadhel prolong\u00e9e","datePublished":"2024-05-23T17:29:09+00:00","dateModified":"2024-05-24T05:38:00+00:00","mainEntityOfPage":{"@id":"https:\/\/kapitalis.com\/tunisie\/2024\/05\/23\/tunisie-la-detention-de-riadh-ben-fadhel-prolongee\/"},"wordCount":174,"publisher":{"@id":"https:\/\/kapitalis.com\/tunisie\/#organization"},"image":{"@id":"https:\/\/kapitalis.com\/tunisie\/2024\/05\/23\/tunisie-la-detention-de-riadh-ben-fadhel-prolongee\/#primaryimage"},"thumbnailUrl":"https:\/\/kapitalis.com\/tunisie\/wp-content\/uploads\/2023\/11\/Riadh-Ben-Fadhel.jpg","keywords":["Al-Qotb","D\u00c9TENTION","Riadh Ben Fadhel","Tunisie"],"articleSection":["POLITIQUE","Tunisie"],"inLanguage":"fr-FR"},{"@type":"WebPage","@id":"https:\/\/kapitalis.com\/tunisie\/2024\/05\/23\/tunisie-la-detention-de-riadh-ben-fadhel-prolongee\/","url":"https:\/\/kapitalis.com\/tunisie\/2024\/05\/23\/tunisie-la-detention-de-riadh-ben-fadhel-prolongee\/","name":"Tunisie : La d\u00e9tention de Riadh Ben Fadhel prolong\u00e9e - Kapitalis","isPartOf":{"@id":"https:\/\/kapitalis.com\/tunisie\/#website"},"primaryImageOfPage":{"@id":"https:\/\/kapitalis.com\/tunisie\/2024\/05\/23\/tunisie-la-detention-de-riadh-ben-fadhel-prolongee\/#primaryimage"},"image":{"@id":"https:\/\/kapitalis.com\/tunisie\/2024\/05\/23\/tunisie-la-detention-de-riadh-ben-fadhel-prolongee\/#primaryimage"},"thumbnailUrl":"https:\/\/kapitalis.com\/tunisie\/wp-content\/uploads\/2023\/11\/Riadh-Ben-Fadhel.jpg","datePublished":"2024-05-23T17:29:09+00:00","dateModified":"2024-05-24T05:38:00+00:00","breadcrumb":{"@id":"https:\/\/kapitalis.com\/tunisie\/2024\/05\/23\/tunisie-la-detention-de-riadh-ben-fadhel-prolongee\/#breadcrumb"},"inLanguage":"fr-FR","potentialAction":[{"@type":"ReadAction","target":["https:\/\/kapitalis.com\/tunisie\/2024\/05\/23\/tunisie-la-detention-de-riadh-ben-fadhel-prolongee\/"]}]},{"@type":"ImageObject","inLanguage":"fr-FR","@id":"https:\/\/kapitalis.com\/tunisie\/2024\/05\/23\/tunisie-la-detention-de-riadh-ben-fadhel-prolongee\/#primaryimage","url":"https:\/\/kapitalis.com\/tunisie\/wp-content\/uploads\/2023\/11\/Riadh-Ben-Fadhel.jpg","contentUrl":"https:\/\/kapitalis.com\/tunisie\/wp-content\/uploads\/2023\/11\/Riadh-Ben-Fadhel.jpg","width":1200,"height":630},{"@type":"BreadcrumbList","@id":"https:\/\/kapitalis.com\/tunisie\/2024\/05\/23\/tunisie-la-detention-de-riadh-ben-fadhel-prolongee\/#breadcrumb","itemListElement":[{"@type":"ListItem","position":1,"name":"Accueil","item":"https:\/\/kapitalis.com\/tunisie\/"},{"@type":"ListItem","position":2,"name":"Tunisie : La d\u00e9tention de Riadh Ben Fadhel prolong\u00e9e"}]},{"@type":"WebSite","@id":"https:\/\/kapitalis.com\/tunisie\/#website","url":"https:\/\/kapitalis.com\/tunisie\/","name":"Kapitalis","description":"L&#039;actualit\u00e9 en Tunisie et dans le monde","publisher":{"@id":"https:\/\/kapitalis.com\/tunisie\/#organization"},"potentialAction":[{"@type":"SearchAction","target":{"@type":"EntryPoint","urlTemplate":"https:\/\/kapitalis.com\/tunisie\/?s={search_term_string}"},"query-input":{"@type":"PropertyValueSpecification","valueRequired":true,"valueName":"search_term_string"}}],"inLanguage":"fr-FR"},{"@type":"Organization","@id":"https:\/\/kapitalis.com\/tunisie\/#organization","name":"Kapitalis","url":"https:\/\/kapitalis.com\/tunisie\/","logo":{"@type":"ImageObject","inLanguage":"fr-FR","@id":"https:\/\/kapitalis.com\/tunisie\/#\/schema\/logo\/image\/","url":"https:\/\/kapitalis.com\/tunisie\/wp-content\/uploads\/2022\/05\/Kapitalis-big-size.png","contentUrl":"https:\/\/kapitalis.com\/tunisie\/wp-content\/uploads\/2022\/05\/Kapitalis-big-size.png","width":5000,"height":1500,"caption":"Kapitalis"},"image":{"@id":"https:\/\/kapitalis.com\/tunisie\/#\/schema\/logo\/image\/"},"sameAs":["https:\/\/www.facebook.com\/KapitalisInfo\/","https:\/\/x.com\/KapitalisInfo","https:\/\/www.youtube.com\/channel\/UC-yDYrHyfFBWWZaOw3FPg9Q"]},{"@type":"Person","@id":"https:\/\/kapitalis.com\/tunisie\/#\/schema\/person\/74bbde0154d49d790a92aaeac5bc01d5","name":"Yusra NY","url":"https:\/\/kapitalis.com\/tunisie\/author\/yuza_adam\/"}]}},"_links":{"self":[{"href":"https:\/\/kapitalis.com\/tunisie\/wp-json\/wp\/v2\/posts\/12909513","targetHints":{"allow":["GET"]}}],"collection":[{"href":"https:\/\/kapitalis.com\/tunisie\/wp-json\/wp\/v2\/posts"}],"about":[{"href":"https:\/\/kapitalis.com\/tunisie\/wp-json\/wp\/v2\/types\/post"}],"author":[{"embeddable":true,"href":"https:\/\/kapitalis.com\/tunisie\/wp-json\/wp\/v2\/users\/6"}],"replies":[{"embeddable":true,"href":"https:\/\/kapitalis.com\/tunisie\/wp-json\/wp\/v2\/comments?post=12909513"}],"version-history":[{"count":2,"href":"https:\/\/kapitalis.com\/tunisie\/wp-json\/wp\/v2\/posts\/12909513\/revisions"}],"predecessor-version":[{"id":12920434,"href":"https:\/\/kapitalis.com\/tunisie\/wp-json\/wp\/v2\/posts\/12909513\/revisions\/12920434"}],"wp:featuredmedia":[{"embeddable":true,"href":"https:\/\/kapitalis.com\/tunisie\/wp-json\/wp\/v2\/media\/10526544"}],"wp:attachment":[{"href":"https:\/\/kapitalis.com\/tunisie\/wp-json\/wp\/v2\/media?parent=12909513"}],"wp:term":[{"taxonomy":"category","embeddable":true,"href":"https:\/\/kapitalis.com\/tunisie\/wp-json\/wp\/v2\/categories?post=12909513"},{"taxonomy":"post_tag","embeddable":true,"href":"https:\/\/kapitalis.com\/tunisie\/wp-json\/wp\/v2\/tags?post=12909513"}],"curies":[{"name":"wp","href":"https:\/\/api.w.org\/{rel}","templated":true}]}}