{"id":129394,"date":"2017-12-21T16:34:10","date_gmt":"2017-12-21T15:34:10","guid":{"rendered":"http:\/\/kapitalis.com\/tunisie\/?p=129394"},"modified":"2017-12-21T16:34:10","modified_gmt":"2017-12-21T15:34:10","slug":"textile-ftth-reunit-1er-congres-affiche-ambitions","status":"publish","type":"post","link":"https:\/\/kapitalis.com\/tunisie\/2017\/12\/21\/textile-ftth-reunit-1er-congres-affiche-ambitions\/","title":{"rendered":"Textile : La FTTH r\u00e9unit son 1er congr\u00e8s et affiche ses ambitions"},"content":{"rendered":"<p style=\"text-align: center;\"><img loading=\"lazy\" decoding=\"async\" class=\"alignnone size-full wp-image-129398\" src=\"http:\/\/kapitalis.com\/tunisie\/wp-content\/uploads\/2017\/12\/FTTH.jpg\" alt=\"\" width=\"626\" height=\"380\" \/><\/p>\n<p><em><strong>La FTTH, lanc\u00e9e en mai dernier, vient de tenir son 1er congr\u00e8s et d\u2019\u00e9lire ses organes de gouvernance : un conseil national et un bureau ex\u00e9cutif.<\/strong> <\/em><\/p>\n<p><!--more--><\/p>\n<p>On dit toujours que la premi\u00e8re \u00e9tape dans la r\u00e9solution d\u2019un probl\u00e8me est de faire reconna\u00eetre qu\u2019il y en a un. C\u2019est cette vertu cardinale qui a conduit \u00e0 la cr\u00e9ation de la F\u00e9d\u00e9ration tunisienne du textile et de l\u2019habillement (FTTH).<\/p>\n<h3><strong>Aux sources de la crise<\/strong><\/h3>\n<p>Durant ces derni\u00e8res ann\u00e9es, le secteur du textile et de l\u2019habillement n\u2019a cess\u00e9 de perdre du terrain. Ce secteur qui, il n\u2019y a pas si longtemps, constituait la locomotive du d\u00e9veloppement \u00e9conomique du pays, n\u2019a pas b\u00e9n\u00e9fici\u00e9 du soutien attendu des pouvoirs publics pour faire face aux multiples d\u00e9fis qu\u2019il affronte depuis au moins une d\u00e9cennie.<\/p>\n<p>Il a subi de plein fouet le recul de la croissance \u00e9conomique mondiale n\u00e9 de la crise financi\u00e8re internationale de 2008.<\/p>\n<p>Il a subi de plein fouet les cons\u00e9quences de la r\u00e9volte de janvier 2011 et le climat d\u2019incertitudes politiques, d\u2019instabilit\u00e9s sociales et d\u2019errements dans les choix de politiques \u00e9conomiques qui ont pr\u00e9valu.<\/p>\n<p>Les chefs d\u2019entreprise du textile-habillement ont pris conscience qu\u2019ils n\u2019\u00e9taient plus audibles parce que leur relais de repr\u00e9sentation ne les \u00e9coutaient plus et, partant, ne pouvait plus \u00eatre leur porte-voix ni aupr\u00e8s des d\u00e9cideurs politiques afin qu\u2019ils freinent leurs app\u00e9tences fiscales, ni aupr\u00e8s des partenaires syndicaux pour qu\u2019ils mod\u00e8rent leurs revendications sociales, ni aupr\u00e8s des acteurs financiers pour qu\u2019ils assouplissent leurs conditions de financement.<\/p>\n<h3><strong>La goutte qui a fait d\u00e9border le vase<\/strong><\/h3>\n<p>Ils ont constamment esp\u00e9r\u00e9 un changement de cette situation. Mais en vain. Le point de non retour a \u00e9t\u00e9 atteint en mars dernier avec la signature par l\u2019Utica, leur organe de repr\u00e9sentation, des salaires dans le secteur priv\u00e9. Ce fut la goutte qui a fait d\u00e9border le vase.<\/p>\n<p>Ce fut aussi et surtout aussi l\u2019\u00e9l\u00e9ment d\u00e9clencheur d\u2019une reprise en main de la destin\u00e9e du secteur par ces propres acteurs. C\u2019est cela qui explique le rassemblement spontan\u00e9 des industriels du textile-habillement au lendemain de l\u2019accord d\u2019augmentation salarial dans le secteur priv\u00e9 entre l\u2019Utica et l\u2019UGTT et le d\u00e9marrage d\u2019un processus qui aboutira, en mai 2017, au congr\u00e8s fondateur de la F\u00e9d\u00e9ration tunisienne du textile et de l\u2019habillement (FTTH).<\/p>\n<p>Le congr\u00e8s \u00e9lectif du 17 d\u00e9cembre 2017 est venu consacrer l\u2019autonomie et l\u2019ind\u00e9pendance de la structure de repr\u00e9sentation du secteur.<\/p>\n<p>Ce congr\u00e8s est \u00e9galement venu consacrer une nouvelle gouvernance par une repr\u00e9sentativit\u00e9 ad\u00e9quate de son organe de d\u00e9cision qu\u2019est le conseil national et de son organe de management qu\u2019est le bureau ex\u00e9cutif.<\/p>\n<p>Ainsi, a-t-on eu le souci de faire repr\u00e9senter au sein de ces deux organes toutes les r\u00e9gions, toutes les activit\u00e9s de la fili\u00e8re (filature, tissage, bonneterie, confection) et toutes les tailles d\u2019entreprises (TPE, PME et grandes entreprise).<\/p>\n<h3><strong>Une force f\u00e9d\u00e9ratrice du secteur <\/strong><\/h3>\n<p>En tout cas, d\u2019ores et d\u00e9j\u00e0, la FTTH compte en son sein pr\u00e8s de 800 adh\u00e9rents, soit pr\u00e8s de la moiti\u00e9 des entreprises du textile-habillement du pays. En termes d\u2019emploi, c\u2019est environ 75% des emplois du secteur. Ce poids donne la F\u00e9d\u00e9ration la vocation d\u2019\u00eatre un interlocuteur incontournable sur tout ce qui engage l\u2019avenir du secteur.<\/p>\n<p>L\u2019avenir, c\u2019est \u00e0 cela que s\u2019attelle d\u00e9sormais la FTTH. Ses organes dirigeants s\u2019y sont d\u2019ailleurs investis avec d\u00e9termination bien avant le congr\u00e8s \u00e9lectif. C\u2019est gr\u00e2ce \u00e0 la pression de la FTTH que le secteur a pu obtenir une r\u00e9vision du calendrier des augmentations salariales et du report de nouvelles n\u00e9gociations salariales \u00e0 l\u2019ann\u00e9e 2019.<\/p>\n<p>C\u2019est gr\u00e2ce \u00e0 la FTTH que les banques ont accept\u00e9 d\u2019inclure les r\u00e9sultats du premier trimestre 2017 des entreprises du secteur sollicitant une reconsolidation de leurs \u00e9ch\u00e9ances de dette et une prorogation des d\u00e9lais de demande dans ce sens au jusqu\u2019\u00e0 la fin de l\u2019ann\u00e9e 2017.<\/p>\n<p>C\u2019est dans cette perspective que s\u2019inscrit d\u2019ailleurs le programme d\u2019action \u00e0 venir de la F\u00e9d\u00e9ration, vis-\u00e0-vis du gouvernement, de l\u2019UGTT et aussi de l\u2019Utica.<\/p>\n<p>Vis-\u00e0-vis du gouvernement, la FTTH se positionne en soutien \u00e0 l\u2019action du gouvernement dans sa lutte contre la fraude et la corruption qui font le lit du secteur informel et de l\u2019\u00e9conomie souterraine. N\u00e9anmoins, on attend du gouvernement qu\u2019il pr\u00eate une oreille attentive \u00e0 aux dol\u00e9ances du secteur, \u00e0 ses avis et ses propositions comme il l\u2019a fait au printemps dernier en annon\u00e7ant une batterie de mesure en faveur du secteur qu\u2019il reste par ailleurs \u00e0 mat\u00e9rialiser rapidement sur le terrain.<\/p>\n<p>La FTTH par souci patriote s\u2019inscrit dans une dynamique de relance \u00e9conomique notamment par l\u2019investissement, la promotion de l\u2019exportation pour participer \u00e0 l\u2019effort de redressement de la balance commerciale et \u00e0 la cr\u00e9ation de nouveaux postes d\u2019emplois.<\/p>\n<h3><strong>Pour des entreprises p\u00e9rennes <\/strong><\/h3>\n<p>Vis-\u00e0-vis de l\u2019UGTT, la FTTH consid\u00e8re qu\u2019il convient de revoir le mod\u00e8le de relation avec le partenaire syndicale, de le persuader sinon le convaincre de sa coresponsabilit\u00e9 dans la p\u00e9rennit\u00e9 des entreprises industrielles du textile-habillement du pays et g\u00e9n\u00e9ralement des entreprises industrielles.<\/p>\n<p>Tenant compte de la nature manufacturi\u00e8re du secteur, il est du devoir des deux parties d\u2019am\u00e9liorer la situation des employ\u00e9s sans oublier l\u2019am\u00e9lioration de la comp\u00e9titivit\u00e9 des entreprises.<\/p>\n<p>Vis-\u00e0-vis de l\u2019Utica, la FTTH se consid\u00e8re partie int\u00e9grante de la grande famille patronale et s\u2019attelle \u00e0 installer une \u00e9troite collaboration avec la centrale patronale notamment sur les probl\u00e9matiques transversales de l\u2019industrie. C\u2019est dans ce sens que les membres du bureau ex\u00e9cutif ont entrepris de proposer \u00e0 l\u2019Utica un protocole de collaboration et de partenariat visant \u00e0 sceller une relation durable entre les deux parties.<\/p>\n<p>Aujourd\u2019hui, il ne s\u2019agit plus de ressasser les difficult\u00e9s et les obstacles du secteur mais de les r\u00e9soudre et les surmonter. Les textiliens ont la capacit\u00e9 d\u2019affronter la concurrence pour peu que celle-ci ne soit pas biais\u00e9e par des mesures anachroniques. Le secteur a le potentiel suffisant pour repartir de l\u2019avant, reprendre ses parts perdues de march\u00e9 et m\u00eame de gagner de nouvelles positions de march\u00e9, surtout ext\u00e9rieurs.<\/p>\n<p>La FTTH en appelle \u00e0 la bonne volont\u00e9 de tous les industriels du secteur pour s\u2019inscrire dans ce renouveau \u00e9conomique qu\u2019elle est en train d\u2019entreprendre au profit du textile et du pays en g\u00e9n\u00e9ral.<\/p>\n<h3><strong>Composition du bureau ex\u00e9cutif :<\/strong><\/h3>\n<p>Hosni Boufaden (pr\u00e9sident); Nafaa Ennayfer et Jalel Zayati (vice-pr\u00e9sidents) ; Ghazi Elbiche, Mahdi Miled; Rachid Zarrad; Jalloul Bouguila; Adn\u00e8ne Hamza; Tarek Ben Haj Ali; Haythem Bouagila; Khaled Mzid; Mohamed Touzi et Eric Linczowski (membres).<\/p>\n<p><em><strong>Source<\/strong><\/em> : communiqu\u00e9.<\/p>\n","protected":false},"excerpt":{"rendered":"<p>La FTTH, lanc\u00e9e en mai dernier, vient de tenir son 1er congr\u00e8s et d\u2019\u00e9lire ses organes de gouvernance : un conseil national et un bureau ex\u00e9cutif.<\/p>\n","protected":false},"author":8,"featured_media":129398,"comment_status":"open","ping_status":"open","sticky":false,"template":"","format":"standard","meta":{"footnotes":""},"categories":[995,2433],"tags":[],"class_list":["post-129394","post","type-post","status-publish","format-standard","has-post-thumbnail","hentry","category-economie","category-tunisie"],"yoast_head":"<!-- This site is optimized with the Yoast SEO plugin v26.6 - https:\/\/yoast.com\/wordpress\/plugins\/seo\/ -->\n<title>Textile : La FTTH r\u00e9unit son 1er congr\u00e8s et affiche ses ambitions - Kapitalis<\/title>\n<meta name=\"robots\" content=\"index, follow, max-snippet:-1, max-image-preview:large, max-video-preview:-1\" \/>\n<link rel=\"canonical\" href=\"https:\/\/kapitalis.com\/tunisie\/2017\/12\/21\/textile-ftth-reunit-1er-congres-affiche-ambitions\/\" \/>\n<meta property=\"og:locale\" content=\"fr_FR\" \/>\n<meta property=\"og:type\" content=\"article\" \/>\n<meta property=\"og:title\" content=\"Textile : La FTTH r\u00e9unit son 1er congr\u00e8s et affiche ses ambitions - Kapitalis\" \/>\n<meta property=\"og:description\" content=\"La FTTH, lanc\u00e9e en mai dernier, vient de tenir son 1er congr\u00e8s et d\u2019\u00e9lire ses organes de gouvernance : un conseil national et un bureau ex\u00e9cutif.\" \/>\n<meta property=\"og:url\" content=\"https:\/\/kapitalis.com\/tunisie\/2017\/12\/21\/textile-ftth-reunit-1er-congres-affiche-ambitions\/\" \/>\n<meta property=\"og:site_name\" content=\"Kapitalis\" \/>\n<meta property=\"article:publisher\" content=\"https:\/\/www.facebook.com\/KapitalisInfo\/\" \/>\n<meta property=\"article:published_time\" content=\"2017-12-21T15:34:10+00:00\" \/>\n<meta property=\"og:image\" content=\"https:\/\/kapitalis.com\/tunisie\/wp-content\/uploads\/2022\/05\/kapitalis-logo-fb.png\" \/>\n\t<meta property=\"og:image:width\" content=\"1200\" \/>\n\t<meta property=\"og:image:height\" content=\"630\" \/>\n\t<meta property=\"og:image:type\" content=\"image\/png\" \/>\n<meta name=\"author\" content=\"webmaster kapitalis\" \/>\n<meta name=\"twitter:card\" content=\"summary_large_image\" \/>\n<meta name=\"twitter:creator\" content=\"@KapitalisInfo\" \/>\n<meta name=\"twitter:site\" content=\"@KapitalisInfo\" \/>\n<meta name=\"twitter:label1\" content=\"\u00c9crit par\" \/>\n\t<meta name=\"twitter:data1\" content=\"webmaster kapitalis\" \/>\n\t<meta name=\"twitter:label2\" content=\"Dur\u00e9e de lecture estim\u00e9e\" \/>\n\t<meta name=\"twitter:data2\" content=\"6 minutes\" \/>\n<script type=\"application\/ld+json\" class=\"yoast-schema-graph\">{\"@context\":\"https:\/\/schema.org\",\"@graph\":[{\"@type\":\"Article\",\"@id\":\"https:\/\/kapitalis.com\/tunisie\/2017\/12\/21\/textile-ftth-reunit-1er-congres-affiche-ambitions\/#article\",\"isPartOf\":{\"@id\":\"https:\/\/kapitalis.com\/tunisie\/2017\/12\/21\/textile-ftth-reunit-1er-congres-affiche-ambitions\/\"},\"author\":{\"name\":\"webmaster kapitalis\",\"@id\":\"https:\/\/kapitalis.com\/tunisie\/#\/schema\/person\/d71f33a9ca44f7bad4698210b480c8e9\"},\"headline\":\"Textile : La FTTH r\u00e9unit son 1er congr\u00e8s et affiche ses ambitions\",\"datePublished\":\"2017-12-21T15:34:10+00:00\",\"mainEntityOfPage\":{\"@id\":\"https:\/\/kapitalis.com\/tunisie\/2017\/12\/21\/textile-ftth-reunit-1er-congres-affiche-ambitions\/\"},\"wordCount\":1220,\"commentCount\":0,\"publisher\":{\"@id\":\"https:\/\/kapitalis.com\/tunisie\/#organization\"},\"image\":{\"@id\":\"https:\/\/kapitalis.com\/tunisie\/2017\/12\/21\/textile-ftth-reunit-1er-congres-affiche-ambitions\/#primaryimage\"},\"thumbnailUrl\":\"\",\"articleSection\":[\"ECONOMIE\",\"Tunisie\"],\"inLanguage\":\"fr-FR\",\"potentialAction\":[{\"@type\":\"CommentAction\",\"name\":\"Comment\",\"target\":[\"https:\/\/kapitalis.com\/tunisie\/2017\/12\/21\/textile-ftth-reunit-1er-congres-affiche-ambitions\/#respond\"]}]},{\"@type\":\"WebPage\",\"@id\":\"https:\/\/kapitalis.com\/tunisie\/2017\/12\/21\/textile-ftth-reunit-1er-congres-affiche-ambitions\/\",\"url\":\"https:\/\/kapitalis.com\/tunisie\/2017\/12\/21\/textile-ftth-reunit-1er-congres-affiche-ambitions\/\",\"name\":\"Textile : La FTTH r\u00e9unit son 1er congr\u00e8s et affiche ses ambitions - Kapitalis\",\"isPartOf\":{\"@id\":\"https:\/\/kapitalis.com\/tunisie\/#website\"},\"primaryImageOfPage\":{\"@id\":\"https:\/\/kapitalis.com\/tunisie\/2017\/12\/21\/textile-ftth-reunit-1er-congres-affiche-ambitions\/#primaryimage\"},\"image\":{\"@id\":\"https:\/\/kapitalis.com\/tunisie\/2017\/12\/21\/textile-ftth-reunit-1er-congres-affiche-ambitions\/#primaryimage\"},\"thumbnailUrl\":\"\",\"datePublished\":\"2017-12-21T15:34:10+00:00\",\"breadcrumb\":{\"@id\":\"https:\/\/kapitalis.com\/tunisie\/2017\/12\/21\/textile-ftth-reunit-1er-congres-affiche-ambitions\/#breadcrumb\"},\"inLanguage\":\"fr-FR\",\"potentialAction\":[{\"@type\":\"ReadAction\",\"target\":[\"https:\/\/kapitalis.com\/tunisie\/2017\/12\/21\/textile-ftth-reunit-1er-congres-affiche-ambitions\/\"]}]},{\"@type\":\"ImageObject\",\"inLanguage\":\"fr-FR\",\"@id\":\"https:\/\/kapitalis.com\/tunisie\/2017\/12\/21\/textile-ftth-reunit-1er-congres-affiche-ambitions\/#primaryimage\",\"url\":\"\",\"contentUrl\":\"\"},{\"@type\":\"BreadcrumbList\",\"@id\":\"https:\/\/kapitalis.com\/tunisie\/2017\/12\/21\/textile-ftth-reunit-1er-congres-affiche-ambitions\/#breadcrumb\",\"itemListElement\":[{\"@type\":\"ListItem\",\"position\":1,\"name\":\"Accueil\",\"item\":\"https:\/\/kapitalis.com\/tunisie\/\"},{\"@type\":\"ListItem\",\"position\":2,\"name\":\"Textile : La FTTH r\u00e9unit son 1er congr\u00e8s et affiche ses ambitions\"}]},{\"@type\":\"WebSite\",\"@id\":\"https:\/\/kapitalis.com\/tunisie\/#website\",\"url\":\"https:\/\/kapitalis.com\/tunisie\/\",\"name\":\"Kapitalis\",\"description\":\"L&#039;actualit\u00e9 en Tunisie et dans le monde\",\"publisher\":{\"@id\":\"https:\/\/kapitalis.com\/tunisie\/#organization\"},\"potentialAction\":[{\"@type\":\"SearchAction\",\"target\":{\"@type\":\"EntryPoint\",\"urlTemplate\":\"https:\/\/kapitalis.com\/tunisie\/?s={search_term_string}\"},\"query-input\":{\"@type\":\"PropertyValueSpecification\",\"valueRequired\":true,\"valueName\":\"search_term_string\"}}],\"inLanguage\":\"fr-FR\"},{\"@type\":\"Organization\",\"@id\":\"https:\/\/kapitalis.com\/tunisie\/#organization\",\"name\":\"Kapitalis\",\"url\":\"https:\/\/kapitalis.com\/tunisie\/\",\"logo\":{\"@type\":\"ImageObject\",\"inLanguage\":\"fr-FR\",\"@id\":\"https:\/\/kapitalis.com\/tunisie\/#\/schema\/logo\/image\/\",\"url\":\"https:\/\/kapitalis.com\/tunisie\/wp-content\/uploads\/2022\/05\/Kapitalis-big-size.png\",\"contentUrl\":\"https:\/\/kapitalis.com\/tunisie\/wp-content\/uploads\/2022\/05\/Kapitalis-big-size.png\",\"width\":5000,\"height\":1500,\"caption\":\"Kapitalis\"},\"image\":{\"@id\":\"https:\/\/kapitalis.com\/tunisie\/#\/schema\/logo\/image\/\"},\"sameAs\":[\"https:\/\/www.facebook.com\/KapitalisInfo\/\",\"https:\/\/x.com\/KapitalisInfo\",\"https:\/\/www.youtube.com\/channel\/UC-yDYrHyfFBWWZaOw3FPg9Q\"]},{\"@type\":\"Person\",\"@id\":\"https:\/\/kapitalis.com\/tunisie\/#\/schema\/person\/d71f33a9ca44f7bad4698210b480c8e9\",\"name\":\"webmaster kapitalis\",\"url\":\"https:\/\/kapitalis.com\/tunisie\/author\/webmaster-kapitalis\/\"}]}<\/script>\n<!-- \/ Yoast SEO plugin. -->","yoast_head_json":{"title":"Textile : La FTTH r\u00e9unit son 1er congr\u00e8s et affiche ses ambitions - Kapitalis","robots":{"index":"index","follow":"follow","max-snippet":"max-snippet:-1","max-image-preview":"max-image-preview:large","max-video-preview":"max-video-preview:-1"},"canonical":"https:\/\/kapitalis.com\/tunisie\/2017\/12\/21\/textile-ftth-reunit-1er-congres-affiche-ambitions\/","og_locale":"fr_FR","og_type":"article","og_title":"Textile : La FTTH r\u00e9unit son 1er congr\u00e8s et affiche ses ambitions - Kapitalis","og_description":"La FTTH, lanc\u00e9e en mai dernier, vient de tenir son 1er congr\u00e8s et d\u2019\u00e9lire ses organes de gouvernance : un conseil national et un bureau ex\u00e9cutif.","og_url":"https:\/\/kapitalis.com\/tunisie\/2017\/12\/21\/textile-ftth-reunit-1er-congres-affiche-ambitions\/","og_site_name":"Kapitalis","article_publisher":"https:\/\/www.facebook.com\/KapitalisInfo\/","article_published_time":"2017-12-21T15:34:10+00:00","og_image":[{"width":1200,"height":630,"url":"https:\/\/kapitalis.com\/tunisie\/wp-content\/uploads\/2022\/05\/kapitalis-logo-fb.png","type":"image\/png"}],"author":"webmaster kapitalis","twitter_card":"summary_large_image","twitter_creator":"@KapitalisInfo","twitter_site":"@KapitalisInfo","twitter_misc":{"\u00c9crit par":"webmaster kapitalis","Dur\u00e9e de lecture estim\u00e9e":"6 minutes"},"schema":{"@context":"https:\/\/schema.org","@graph":[{"@type":"Article","@id":"https:\/\/kapitalis.com\/tunisie\/2017\/12\/21\/textile-ftth-reunit-1er-congres-affiche-ambitions\/#article","isPartOf":{"@id":"https:\/\/kapitalis.com\/tunisie\/2017\/12\/21\/textile-ftth-reunit-1er-congres-affiche-ambitions\/"},"author":{"name":"webmaster kapitalis","@id":"https:\/\/kapitalis.com\/tunisie\/#\/schema\/person\/d71f33a9ca44f7bad4698210b480c8e9"},"headline":"Textile : La FTTH r\u00e9unit son 1er congr\u00e8s et affiche ses ambitions","datePublished":"2017-12-21T15:34:10+00:00","mainEntityOfPage":{"@id":"https:\/\/kapitalis.com\/tunisie\/2017\/12\/21\/textile-ftth-reunit-1er-congres-affiche-ambitions\/"},"wordCount":1220,"commentCount":0,"publisher":{"@id":"https:\/\/kapitalis.com\/tunisie\/#organization"},"image":{"@id":"https:\/\/kapitalis.com\/tunisie\/2017\/12\/21\/textile-ftth-reunit-1er-congres-affiche-ambitions\/#primaryimage"},"thumbnailUrl":"","articleSection":["ECONOMIE","Tunisie"],"inLanguage":"fr-FR","potentialAction":[{"@type":"CommentAction","name":"Comment","target":["https:\/\/kapitalis.com\/tunisie\/2017\/12\/21\/textile-ftth-reunit-1er-congres-affiche-ambitions\/#respond"]}]},{"@type":"WebPage","@id":"https:\/\/kapitalis.com\/tunisie\/2017\/12\/21\/textile-ftth-reunit-1er-congres-affiche-ambitions\/","url":"https:\/\/kapitalis.com\/tunisie\/2017\/12\/21\/textile-ftth-reunit-1er-congres-affiche-ambitions\/","name":"Textile : La FTTH r\u00e9unit son 1er congr\u00e8s et affiche ses ambitions - Kapitalis","isPartOf":{"@id":"https:\/\/kapitalis.com\/tunisie\/#website"},"primaryImageOfPage":{"@id":"https:\/\/kapitalis.com\/tunisie\/2017\/12\/21\/textile-ftth-reunit-1er-congres-affiche-ambitions\/#primaryimage"},"image":{"@id":"https:\/\/kapitalis.com\/tunisie\/2017\/12\/21\/textile-ftth-reunit-1er-congres-affiche-ambitions\/#primaryimage"},"thumbnailUrl":"","datePublished":"2017-12-21T15:34:10+00:00","breadcrumb":{"@id":"https:\/\/kapitalis.com\/tunisie\/2017\/12\/21\/textile-ftth-reunit-1er-congres-affiche-ambitions\/#breadcrumb"},"inLanguage":"fr-FR","potentialAction":[{"@type":"ReadAction","target":["https:\/\/kapitalis.com\/tunisie\/2017\/12\/21\/textile-ftth-reunit-1er-congres-affiche-ambitions\/"]}]},{"@type":"ImageObject","inLanguage":"fr-FR","@id":"https:\/\/kapitalis.com\/tunisie\/2017\/12\/21\/textile-ftth-reunit-1er-congres-affiche-ambitions\/#primaryimage","url":"","contentUrl":""},{"@type":"BreadcrumbList","@id":"https:\/\/kapitalis.com\/tunisie\/2017\/12\/21\/textile-ftth-reunit-1er-congres-affiche-ambitions\/#breadcrumb","itemListElement":[{"@type":"ListItem","position":1,"name":"Accueil","item":"https:\/\/kapitalis.com\/tunisie\/"},{"@type":"ListItem","position":2,"name":"Textile : La FTTH r\u00e9unit son 1er congr\u00e8s et affiche ses ambitions"}]},{"@type":"WebSite","@id":"https:\/\/kapitalis.com\/tunisie\/#website","url":"https:\/\/kapitalis.com\/tunisie\/","name":"Kapitalis","description":"L&#039;actualit\u00e9 en Tunisie et dans le monde","publisher":{"@id":"https:\/\/kapitalis.com\/tunisie\/#organization"},"potentialAction":[{"@type":"SearchAction","target":{"@type":"EntryPoint","urlTemplate":"https:\/\/kapitalis.com\/tunisie\/?s={search_term_string}"},"query-input":{"@type":"PropertyValueSpecification","valueRequired":true,"valueName":"search_term_string"}}],"inLanguage":"fr-FR"},{"@type":"Organization","@id":"https:\/\/kapitalis.com\/tunisie\/#organization","name":"Kapitalis","url":"https:\/\/kapitalis.com\/tunisie\/","logo":{"@type":"ImageObject","inLanguage":"fr-FR","@id":"https:\/\/kapitalis.com\/tunisie\/#\/schema\/logo\/image\/","url":"https:\/\/kapitalis.com\/tunisie\/wp-content\/uploads\/2022\/05\/Kapitalis-big-size.png","contentUrl":"https:\/\/kapitalis.com\/tunisie\/wp-content\/uploads\/2022\/05\/Kapitalis-big-size.png","width":5000,"height":1500,"caption":"Kapitalis"},"image":{"@id":"https:\/\/kapitalis.com\/tunisie\/#\/schema\/logo\/image\/"},"sameAs":["https:\/\/www.facebook.com\/KapitalisInfo\/","https:\/\/x.com\/KapitalisInfo","https:\/\/www.youtube.com\/channel\/UC-yDYrHyfFBWWZaOw3FPg9Q"]},{"@type":"Person","@id":"https:\/\/kapitalis.com\/tunisie\/#\/schema\/person\/d71f33a9ca44f7bad4698210b480c8e9","name":"webmaster kapitalis","url":"https:\/\/kapitalis.com\/tunisie\/author\/webmaster-kapitalis\/"}]}},"_links":{"self":[{"href":"https:\/\/kapitalis.com\/tunisie\/wp-json\/wp\/v2\/posts\/129394","targetHints":{"allow":["GET"]}}],"collection":[{"href":"https:\/\/kapitalis.com\/tunisie\/wp-json\/wp\/v2\/posts"}],"about":[{"href":"https:\/\/kapitalis.com\/tunisie\/wp-json\/wp\/v2\/types\/post"}],"author":[{"embeddable":true,"href":"https:\/\/kapitalis.com\/tunisie\/wp-json\/wp\/v2\/users\/8"}],"replies":[{"embeddable":true,"href":"https:\/\/kapitalis.com\/tunisie\/wp-json\/wp\/v2\/comments?post=129394"}],"version-history":[{"count":0,"href":"https:\/\/kapitalis.com\/tunisie\/wp-json\/wp\/v2\/posts\/129394\/revisions"}],"wp:featuredmedia":[{"embeddable":true,"href":"https:\/\/kapitalis.com\/tunisie\/wp-json\/wp\/v2\/media\/129398"}],"wp:attachment":[{"href":"https:\/\/kapitalis.com\/tunisie\/wp-json\/wp\/v2\/media?parent=129394"}],"wp:term":[{"taxonomy":"category","embeddable":true,"href":"https:\/\/kapitalis.com\/tunisie\/wp-json\/wp\/v2\/categories?post=129394"},{"taxonomy":"post_tag","embeddable":true,"href":"https:\/\/kapitalis.com\/tunisie\/wp-json\/wp\/v2\/tags?post=129394"}],"curies":[{"name":"wp","href":"https:\/\/api.w.org\/{rel}","templated":true}]}}