{"id":12951075,"date":"2024-05-25T13:10:35","date_gmt":"2024-05-25T12:10:35","guid":{"rendered":"https:\/\/kapitalis.com\/tunisie\/?p=12951075"},"modified":"2024-05-25T13:10:37","modified_gmt":"2024-05-25T12:10:37","slug":"tunisie-les-destouriennes-exigent-la-liberation-de-leur-presidente","status":"publish","type":"post","link":"https:\/\/kapitalis.com\/tunisie\/2024\/05\/25\/tunisie-les-destouriennes-exigent-la-liberation-de-leur-presidente\/","title":{"rendered":"Tunisie\u00a0: les Destouriennes exigent la lib\u00e9ration de leur pr\u00e9sidente"},"content":{"rendered":"\n<p><strong><em>Les militantes du Parti destourien libre (PDL), dont la pr\u00e9sidente, Abir Moussi, est emprisonn\u00e9e depuis le 4 octobre 2023, ont observ\u00e9 un sit-in de solidarit\u00e9 avec les femmes d\u00e9tenues politiques \u00e0 travers le monde.<\/em><\/strong><\/p>\n\n\n\n<!--more-->\n\n\n\n<p>Selon Akila Dridi, pr\u00e9sidente du comit\u00e9 des droits des femmes au PDL, cit\u00e9e par <a href=\"https:\/\/www.mosaiquefm.net\/ar\/%D8%AA%D9%88%D9%86%D8%B3-%D8%A3%D8%AE%D8%A8%D8%A7%D8%B1-%D9%88%D8%B7%D9%86%D9%8A%D8%A9\/1275116\/%D8%A7%D9%84%D8%AF%D8%B1%D9%8A%D8%AF%D9%8A-%D8%A7%D9%84%D8%B3%D9%84%D8%B7%D8%A7%D8%AA-%D8%A7%D9%84%D8%AA%D9%88%D9%86%D8%B3%D9%8A%D8%A9-%D9%85%D9%86%D8%B9%D8%AA-%D9%88%D9%82%D9%81%D8%A9-%D8%AA%D8%B6%D8%A7%D9%85%D9%86%D9%8A%D8%A9-%D9%85%D8%B9-%D8%A7%D9%84%D8%B3%D8%AC%D9%8A%D9%86%D8%A7%D8%AA-%D8%A7%D9%84%D8%B3%D9%8A%D8%A7%D8%B3%D9%8A%D8%A7%D8%AA\" target=\"_blank\" rel=\"noreferrer noopener\">Mosa\u00efque<\/a>, les autorit\u00e9s ont interdit la tenue du sit-in devant la repr\u00e9sentation des Nations-Unies \u00e0 Tunis, o\u00f9 il devait avoir lieu, ce qui a oblig\u00e9 les militantes destouriennes \u00e0 l&rsquo;observer au si\u00e8ge du parti.<\/p>\n\n\n\n<p>Les participantes au sit-in ont exprim\u00e9 leur rejet de toutes les formes de violence politique inflig\u00e9e aux femmes. Elles ont exig\u00e9 la lib\u00e9ration de la pr\u00e9sidente du PDL incarc\u00e9r\u00e9e \u00e0 la prison de Manouba, et demand\u00e9 aux autorit\u00e9s de ne pas entraver les activit\u00e9s de leur parti pendant la campagne pour la pr\u00e9sidentielle devant se tenir l\u2019automne prochain, surtout si Abir Moussi pr\u00e9sente sa candidature \u00e0 cette \u00e9lection.<\/p>\n\n\n\n<p><em>\u00abLes entraves aux activit\u00e9s des partis l\u00e9gaux est une forme de violence politique incrimin\u00e9e par les lois tunisiennes et les conventions internationales\u00bb<\/em>, a soulign\u00e9 Mme Dridi.<\/p>\n\n\n\n<p class=\"has-text-align-right\"><strong>I. B.<\/strong><\/p>\n\n\n\n<figure class=\"wp-block-embed is-type-wp-embed is-provider-kapitalis wp-block-embed-kapitalis\"><div class=\"wp-block-embed__wrapper\">\n<blockquote class=\"wp-embedded-content\" data-secret=\"0IEzVssfF2\"><a href=\"https:\/\/kapitalis.com\/tunisie\/2024\/05\/25\/karim-krifa-nouvelle-interdiction-dune-manifestation-du-pdl\/\">Karim Krifa : Nouvelle interdiction d&rsquo;une manifestation du PDL<\/a><\/blockquote><iframe loading=\"lazy\" class=\"wp-embedded-content\" sandbox=\"allow-scripts\" security=\"restricted\" style=\"position: absolute; clip: rect(1px, 1px, 1px, 1px);\" title=\"\u00ab\u00a0Karim Krifa : Nouvelle interdiction d&rsquo;une manifestation du PDL\u00a0\u00bb &#8212; Kapitalis\" src=\"https:\/\/kapitalis.com\/tunisie\/2024\/05\/25\/karim-krifa-nouvelle-interdiction-dune-manifestation-du-pdl\/embed\/#?secret=rbinTtjHX6#?secret=0IEzVssfF2\" data-secret=\"0IEzVssfF2\" width=\"600\" height=\"338\" frameborder=\"0\" marginwidth=\"0\" marginheight=\"0\" scrolling=\"no\"><\/iframe>\n<\/div><\/figure>\n\n\n\n<p class=\"has-text-align-right\"> <\/p>\n","protected":false},"excerpt":{"rendered":"<p>Les Destouriens demandent aux autorit\u00e9s tunisiennes de ne pas entraver les activit\u00e9s de leur parti pendant la campagne pour la pr\u00e9sidentielle. <\/p>\n","protected":false},"author":8,"featured_media":12951090,"comment_status":"closed","ping_status":"open","sticky":false,"template":"","format":"standard","meta":{"footnotes":""},"categories":[997,2433],"tags":[15144,115846,115845,7426,77095,33536,4797,62643],"class_list":["post-12951075","post","type-post","status-publish","format-standard","has-post-thumbnail","hentry","category-politique","category-tunisie","tag-abir-moussi","tag-akila-dridi","tag-destouriennes","tag-droits-des-femmes","tag-nations-unies-2","tag-pdl","tag-presidentielle","tag-tunisie"],"yoast_head":"<!-- This site is optimized with the Yoast SEO plugin v26.6 - https:\/\/yoast.com\/wordpress\/plugins\/seo\/ -->\n<title>Tunisie\u00a0: les Destouriennes exigent la lib\u00e9ration de leur pr\u00e9sidente - Kapitalis<\/title>\n<meta name=\"robots\" content=\"index, follow, max-snippet:-1, max-image-preview:large, max-video-preview:-1\" \/>\n<link rel=\"canonical\" href=\"https:\/\/kapitalis.com\/tunisie\/2024\/05\/25\/tunisie-les-destouriennes-exigent-la-liberation-de-leur-presidente\/\" \/>\n<meta property=\"og:locale\" content=\"fr_FR\" \/>\n<meta property=\"og:type\" content=\"article\" \/>\n<meta property=\"og:title\" content=\"Tunisie\u00a0: les Destouriennes exigent la lib\u00e9ration de leur pr\u00e9sidente - Kapitalis\" \/>\n<meta property=\"og:description\" content=\"Les Destouriens demandent aux autorit\u00e9s tunisiennes de ne pas entraver les activit\u00e9s de leur parti pendant la campagne pour la pr\u00e9sidentielle.\" \/>\n<meta property=\"og:url\" content=\"https:\/\/kapitalis.com\/tunisie\/2024\/05\/25\/tunisie-les-destouriennes-exigent-la-liberation-de-leur-presidente\/\" \/>\n<meta property=\"og:site_name\" content=\"Kapitalis\" \/>\n<meta property=\"article:publisher\" content=\"https:\/\/www.facebook.com\/KapitalisInfo\/\" \/>\n<meta property=\"article:published_time\" content=\"2024-05-25T12:10:35+00:00\" \/>\n<meta property=\"article:modified_time\" content=\"2024-05-25T12:10:37+00:00\" \/>\n<meta property=\"og:image\" content=\"https:\/\/kapitalis.com\/tunisie\/wp-content\/uploads\/2024\/05\/Abir-Moussi-Destouriennes.jpg\" \/>\n\t<meta property=\"og:image:width\" content=\"1200\" \/>\n\t<meta property=\"og:image:height\" content=\"630\" \/>\n\t<meta property=\"og:image:type\" content=\"image\/jpeg\" \/>\n<meta name=\"author\" content=\"webmaster kapitalis\" \/>\n<meta name=\"twitter:card\" content=\"summary_large_image\" \/>\n<meta name=\"twitter:creator\" content=\"@KapitalisInfo\" \/>\n<meta name=\"twitter:site\" content=\"@KapitalisInfo\" \/>\n<meta name=\"twitter:label1\" content=\"\u00c9crit par\" \/>\n\t<meta name=\"twitter:data1\" content=\"webmaster kapitalis\" \/>\n\t<meta name=\"twitter:label2\" content=\"Dur\u00e9e de lecture estim\u00e9e\" \/>\n\t<meta name=\"twitter:data2\" content=\"2 minutes\" \/>\n<script type=\"application\/ld+json\" class=\"yoast-schema-graph\">{\"@context\":\"https:\/\/schema.org\",\"@graph\":[{\"@type\":\"Article\",\"@id\":\"https:\/\/kapitalis.com\/tunisie\/2024\/05\/25\/tunisie-les-destouriennes-exigent-la-liberation-de-leur-presidente\/#article\",\"isPartOf\":{\"@id\":\"https:\/\/kapitalis.com\/tunisie\/2024\/05\/25\/tunisie-les-destouriennes-exigent-la-liberation-de-leur-presidente\/\"},\"author\":{\"name\":\"webmaster kapitalis\",\"@id\":\"https:\/\/kapitalis.com\/tunisie\/#\/schema\/person\/d71f33a9ca44f7bad4698210b480c8e9\"},\"headline\":\"Tunisie\u00a0: les Destouriennes exigent la lib\u00e9ration de leur pr\u00e9sidente\",\"datePublished\":\"2024-05-25T12:10:35+00:00\",\"dateModified\":\"2024-05-25T12:10:37+00:00\",\"mainEntityOfPage\":{\"@id\":\"https:\/\/kapitalis.com\/tunisie\/2024\/05\/25\/tunisie-les-destouriennes-exigent-la-liberation-de-leur-presidente\/\"},\"wordCount\":209,\"publisher\":{\"@id\":\"https:\/\/kapitalis.com\/tunisie\/#organization\"},\"image\":{\"@id\":\"https:\/\/kapitalis.com\/tunisie\/2024\/05\/25\/tunisie-les-destouriennes-exigent-la-liberation-de-leur-presidente\/#primaryimage\"},\"thumbnailUrl\":\"https:\/\/kapitalis.com\/tunisie\/wp-content\/uploads\/2024\/05\/Abir-Moussi-Destouriennes.jpg\",\"keywords\":[\"Abir Moussi\",\"Akila Dridi\",\"Destouriennes\",\"droits des femmes\",\"Nations-Unies\",\"PDL\",\"pr\u00e9sidentielle\",\"Tunisie\"],\"articleSection\":[\"POLITIQUE\",\"Tunisie\"],\"inLanguage\":\"fr-FR\"},{\"@type\":\"WebPage\",\"@id\":\"https:\/\/kapitalis.com\/tunisie\/2024\/05\/25\/tunisie-les-destouriennes-exigent-la-liberation-de-leur-presidente\/\",\"url\":\"https:\/\/kapitalis.com\/tunisie\/2024\/05\/25\/tunisie-les-destouriennes-exigent-la-liberation-de-leur-presidente\/\",\"name\":\"Tunisie\u00a0: les Destouriennes exigent la lib\u00e9ration de leur pr\u00e9sidente - Kapitalis\",\"isPartOf\":{\"@id\":\"https:\/\/kapitalis.com\/tunisie\/#website\"},\"primaryImageOfPage\":{\"@id\":\"https:\/\/kapitalis.com\/tunisie\/2024\/05\/25\/tunisie-les-destouriennes-exigent-la-liberation-de-leur-presidente\/#primaryimage\"},\"image\":{\"@id\":\"https:\/\/kapitalis.com\/tunisie\/2024\/05\/25\/tunisie-les-destouriennes-exigent-la-liberation-de-leur-presidente\/#primaryimage\"},\"thumbnailUrl\":\"https:\/\/kapitalis.com\/tunisie\/wp-content\/uploads\/2024\/05\/Abir-Moussi-Destouriennes.jpg\",\"datePublished\":\"2024-05-25T12:10:35+00:00\",\"dateModified\":\"2024-05-25T12:10:37+00:00\",\"breadcrumb\":{\"@id\":\"https:\/\/kapitalis.com\/tunisie\/2024\/05\/25\/tunisie-les-destouriennes-exigent-la-liberation-de-leur-presidente\/#breadcrumb\"},\"inLanguage\":\"fr-FR\",\"potentialAction\":[{\"@type\":\"ReadAction\",\"target\":[\"https:\/\/kapitalis.com\/tunisie\/2024\/05\/25\/tunisie-les-destouriennes-exigent-la-liberation-de-leur-presidente\/\"]}]},{\"@type\":\"ImageObject\",\"inLanguage\":\"fr-FR\",\"@id\":\"https:\/\/kapitalis.com\/tunisie\/2024\/05\/25\/tunisie-les-destouriennes-exigent-la-liberation-de-leur-presidente\/#primaryimage\",\"url\":\"https:\/\/kapitalis.com\/tunisie\/wp-content\/uploads\/2024\/05\/Abir-Moussi-Destouriennes.jpg\",\"contentUrl\":\"https:\/\/kapitalis.com\/tunisie\/wp-content\/uploads\/2024\/05\/Abir-Moussi-Destouriennes.jpg\",\"width\":1200,\"height\":630},{\"@type\":\"BreadcrumbList\",\"@id\":\"https:\/\/kapitalis.com\/tunisie\/2024\/05\/25\/tunisie-les-destouriennes-exigent-la-liberation-de-leur-presidente\/#breadcrumb\",\"itemListElement\":[{\"@type\":\"ListItem\",\"position\":1,\"name\":\"Accueil\",\"item\":\"https:\/\/kapitalis.com\/tunisie\/\"},{\"@type\":\"ListItem\",\"position\":2,\"name\":\"Tunisie\u00a0: les Destouriennes exigent la lib\u00e9ration de leur pr\u00e9sidente\"}]},{\"@type\":\"WebSite\",\"@id\":\"https:\/\/kapitalis.com\/tunisie\/#website\",\"url\":\"https:\/\/kapitalis.com\/tunisie\/\",\"name\":\"Kapitalis\",\"description\":\"L&#039;actualit\u00e9 en Tunisie et dans le monde\",\"publisher\":{\"@id\":\"https:\/\/kapitalis.com\/tunisie\/#organization\"},\"potentialAction\":[{\"@type\":\"SearchAction\",\"target\":{\"@type\":\"EntryPoint\",\"urlTemplate\":\"https:\/\/kapitalis.com\/tunisie\/?s={search_term_string}\"},\"query-input\":{\"@type\":\"PropertyValueSpecification\",\"valueRequired\":true,\"valueName\":\"search_term_string\"}}],\"inLanguage\":\"fr-FR\"},{\"@type\":\"Organization\",\"@id\":\"https:\/\/kapitalis.com\/tunisie\/#organization\",\"name\":\"Kapitalis\",\"url\":\"https:\/\/kapitalis.com\/tunisie\/\",\"logo\":{\"@type\":\"ImageObject\",\"inLanguage\":\"fr-FR\",\"@id\":\"https:\/\/kapitalis.com\/tunisie\/#\/schema\/logo\/image\/\",\"url\":\"https:\/\/kapitalis.com\/tunisie\/wp-content\/uploads\/2022\/05\/Kapitalis-big-size.png\",\"contentUrl\":\"https:\/\/kapitalis.com\/tunisie\/wp-content\/uploads\/2022\/05\/Kapitalis-big-size.png\",\"width\":5000,\"height\":1500,\"caption\":\"Kapitalis\"},\"image\":{\"@id\":\"https:\/\/kapitalis.com\/tunisie\/#\/schema\/logo\/image\/\"},\"sameAs\":[\"https:\/\/www.facebook.com\/KapitalisInfo\/\",\"https:\/\/x.com\/KapitalisInfo\",\"https:\/\/www.youtube.com\/channel\/UC-yDYrHyfFBWWZaOw3FPg9Q\"]},{\"@type\":\"Person\",\"@id\":\"https:\/\/kapitalis.com\/tunisie\/#\/schema\/person\/d71f33a9ca44f7bad4698210b480c8e9\",\"name\":\"webmaster kapitalis\",\"url\":\"https:\/\/kapitalis.com\/tunisie\/author\/webmaster-kapitalis\/\"}]}<\/script>\n<!-- \/ Yoast SEO plugin. -->","yoast_head_json":{"title":"Tunisie\u00a0: les Destouriennes exigent la lib\u00e9ration de leur pr\u00e9sidente - Kapitalis","robots":{"index":"index","follow":"follow","max-snippet":"max-snippet:-1","max-image-preview":"max-image-preview:large","max-video-preview":"max-video-preview:-1"},"canonical":"https:\/\/kapitalis.com\/tunisie\/2024\/05\/25\/tunisie-les-destouriennes-exigent-la-liberation-de-leur-presidente\/","og_locale":"fr_FR","og_type":"article","og_title":"Tunisie\u00a0: les Destouriennes exigent la lib\u00e9ration de leur pr\u00e9sidente - Kapitalis","og_description":"Les Destouriens demandent aux autorit\u00e9s tunisiennes de ne pas entraver les activit\u00e9s de leur parti pendant la campagne pour la pr\u00e9sidentielle.","og_url":"https:\/\/kapitalis.com\/tunisie\/2024\/05\/25\/tunisie-les-destouriennes-exigent-la-liberation-de-leur-presidente\/","og_site_name":"Kapitalis","article_publisher":"https:\/\/www.facebook.com\/KapitalisInfo\/","article_published_time":"2024-05-25T12:10:35+00:00","article_modified_time":"2024-05-25T12:10:37+00:00","og_image":[{"width":1200,"height":630,"url":"https:\/\/kapitalis.com\/tunisie\/wp-content\/uploads\/2024\/05\/Abir-Moussi-Destouriennes.jpg","type":"image\/jpeg"}],"author":"webmaster kapitalis","twitter_card":"summary_large_image","twitter_creator":"@KapitalisInfo","twitter_site":"@KapitalisInfo","twitter_misc":{"\u00c9crit par":"webmaster kapitalis","Dur\u00e9e de lecture estim\u00e9e":"2 minutes"},"schema":{"@context":"https:\/\/schema.org","@graph":[{"@type":"Article","@id":"https:\/\/kapitalis.com\/tunisie\/2024\/05\/25\/tunisie-les-destouriennes-exigent-la-liberation-de-leur-presidente\/#article","isPartOf":{"@id":"https:\/\/kapitalis.com\/tunisie\/2024\/05\/25\/tunisie-les-destouriennes-exigent-la-liberation-de-leur-presidente\/"},"author":{"name":"webmaster kapitalis","@id":"https:\/\/kapitalis.com\/tunisie\/#\/schema\/person\/d71f33a9ca44f7bad4698210b480c8e9"},"headline":"Tunisie\u00a0: les Destouriennes exigent la lib\u00e9ration de leur pr\u00e9sidente","datePublished":"2024-05-25T12:10:35+00:00","dateModified":"2024-05-25T12:10:37+00:00","mainEntityOfPage":{"@id":"https:\/\/kapitalis.com\/tunisie\/2024\/05\/25\/tunisie-les-destouriennes-exigent-la-liberation-de-leur-presidente\/"},"wordCount":209,"publisher":{"@id":"https:\/\/kapitalis.com\/tunisie\/#organization"},"image":{"@id":"https:\/\/kapitalis.com\/tunisie\/2024\/05\/25\/tunisie-les-destouriennes-exigent-la-liberation-de-leur-presidente\/#primaryimage"},"thumbnailUrl":"https:\/\/kapitalis.com\/tunisie\/wp-content\/uploads\/2024\/05\/Abir-Moussi-Destouriennes.jpg","keywords":["Abir Moussi","Akila Dridi","Destouriennes","droits des femmes","Nations-Unies","PDL","pr\u00e9sidentielle","Tunisie"],"articleSection":["POLITIQUE","Tunisie"],"inLanguage":"fr-FR"},{"@type":"WebPage","@id":"https:\/\/kapitalis.com\/tunisie\/2024\/05\/25\/tunisie-les-destouriennes-exigent-la-liberation-de-leur-presidente\/","url":"https:\/\/kapitalis.com\/tunisie\/2024\/05\/25\/tunisie-les-destouriennes-exigent-la-liberation-de-leur-presidente\/","name":"Tunisie\u00a0: les Destouriennes exigent la lib\u00e9ration de leur pr\u00e9sidente - Kapitalis","isPartOf":{"@id":"https:\/\/kapitalis.com\/tunisie\/#website"},"primaryImageOfPage":{"@id":"https:\/\/kapitalis.com\/tunisie\/2024\/05\/25\/tunisie-les-destouriennes-exigent-la-liberation-de-leur-presidente\/#primaryimage"},"image":{"@id":"https:\/\/kapitalis.com\/tunisie\/2024\/05\/25\/tunisie-les-destouriennes-exigent-la-liberation-de-leur-presidente\/#primaryimage"},"thumbnailUrl":"https:\/\/kapitalis.com\/tunisie\/wp-content\/uploads\/2024\/05\/Abir-Moussi-Destouriennes.jpg","datePublished":"2024-05-25T12:10:35+00:00","dateModified":"2024-05-25T12:10:37+00:00","breadcrumb":{"@id":"https:\/\/kapitalis.com\/tunisie\/2024\/05\/25\/tunisie-les-destouriennes-exigent-la-liberation-de-leur-presidente\/#breadcrumb"},"inLanguage":"fr-FR","potentialAction":[{"@type":"ReadAction","target":["https:\/\/kapitalis.com\/tunisie\/2024\/05\/25\/tunisie-les-destouriennes-exigent-la-liberation-de-leur-presidente\/"]}]},{"@type":"ImageObject","inLanguage":"fr-FR","@id":"https:\/\/kapitalis.com\/tunisie\/2024\/05\/25\/tunisie-les-destouriennes-exigent-la-liberation-de-leur-presidente\/#primaryimage","url":"https:\/\/kapitalis.com\/tunisie\/wp-content\/uploads\/2024\/05\/Abir-Moussi-Destouriennes.jpg","contentUrl":"https:\/\/kapitalis.com\/tunisie\/wp-content\/uploads\/2024\/05\/Abir-Moussi-Destouriennes.jpg","width":1200,"height":630},{"@type":"BreadcrumbList","@id":"https:\/\/kapitalis.com\/tunisie\/2024\/05\/25\/tunisie-les-destouriennes-exigent-la-liberation-de-leur-presidente\/#breadcrumb","itemListElement":[{"@type":"ListItem","position":1,"name":"Accueil","item":"https:\/\/kapitalis.com\/tunisie\/"},{"@type":"ListItem","position":2,"name":"Tunisie\u00a0: les Destouriennes exigent la lib\u00e9ration de leur pr\u00e9sidente"}]},{"@type":"WebSite","@id":"https:\/\/kapitalis.com\/tunisie\/#website","url":"https:\/\/kapitalis.com\/tunisie\/","name":"Kapitalis","description":"L&#039;actualit\u00e9 en Tunisie et dans le monde","publisher":{"@id":"https:\/\/kapitalis.com\/tunisie\/#organization"},"potentialAction":[{"@type":"SearchAction","target":{"@type":"EntryPoint","urlTemplate":"https:\/\/kapitalis.com\/tunisie\/?s={search_term_string}"},"query-input":{"@type":"PropertyValueSpecification","valueRequired":true,"valueName":"search_term_string"}}],"inLanguage":"fr-FR"},{"@type":"Organization","@id":"https:\/\/kapitalis.com\/tunisie\/#organization","name":"Kapitalis","url":"https:\/\/kapitalis.com\/tunisie\/","logo":{"@type":"ImageObject","inLanguage":"fr-FR","@id":"https:\/\/kapitalis.com\/tunisie\/#\/schema\/logo\/image\/","url":"https:\/\/kapitalis.com\/tunisie\/wp-content\/uploads\/2022\/05\/Kapitalis-big-size.png","contentUrl":"https:\/\/kapitalis.com\/tunisie\/wp-content\/uploads\/2022\/05\/Kapitalis-big-size.png","width":5000,"height":1500,"caption":"Kapitalis"},"image":{"@id":"https:\/\/kapitalis.com\/tunisie\/#\/schema\/logo\/image\/"},"sameAs":["https:\/\/www.facebook.com\/KapitalisInfo\/","https:\/\/x.com\/KapitalisInfo","https:\/\/www.youtube.com\/channel\/UC-yDYrHyfFBWWZaOw3FPg9Q"]},{"@type":"Person","@id":"https:\/\/kapitalis.com\/tunisie\/#\/schema\/person\/d71f33a9ca44f7bad4698210b480c8e9","name":"webmaster kapitalis","url":"https:\/\/kapitalis.com\/tunisie\/author\/webmaster-kapitalis\/"}]}},"_links":{"self":[{"href":"https:\/\/kapitalis.com\/tunisie\/wp-json\/wp\/v2\/posts\/12951075","targetHints":{"allow":["GET"]}}],"collection":[{"href":"https:\/\/kapitalis.com\/tunisie\/wp-json\/wp\/v2\/posts"}],"about":[{"href":"https:\/\/kapitalis.com\/tunisie\/wp-json\/wp\/v2\/types\/post"}],"author":[{"embeddable":true,"href":"https:\/\/kapitalis.com\/tunisie\/wp-json\/wp\/v2\/users\/8"}],"replies":[{"embeddable":true,"href":"https:\/\/kapitalis.com\/tunisie\/wp-json\/wp\/v2\/comments?post=12951075"}],"version-history":[{"count":1,"href":"https:\/\/kapitalis.com\/tunisie\/wp-json\/wp\/v2\/posts\/12951075\/revisions"}],"predecessor-version":[{"id":12951119,"href":"https:\/\/kapitalis.com\/tunisie\/wp-json\/wp\/v2\/posts\/12951075\/revisions\/12951119"}],"wp:featuredmedia":[{"embeddable":true,"href":"https:\/\/kapitalis.com\/tunisie\/wp-json\/wp\/v2\/media\/12951090"}],"wp:attachment":[{"href":"https:\/\/kapitalis.com\/tunisie\/wp-json\/wp\/v2\/media?parent=12951075"}],"wp:term":[{"taxonomy":"category","embeddable":true,"href":"https:\/\/kapitalis.com\/tunisie\/wp-json\/wp\/v2\/categories?post=12951075"},{"taxonomy":"post_tag","embeddable":true,"href":"https:\/\/kapitalis.com\/tunisie\/wp-json\/wp\/v2\/tags?post=12951075"}],"curies":[{"name":"wp","href":"https:\/\/api.w.org\/{rel}","templated":true}]}}