{"id":12962162,"date":"2024-05-25T19:10:35","date_gmt":"2024-05-25T18:10:35","guid":{"rendered":"https:\/\/kapitalis.com\/tunisie\/?p=12962162"},"modified":"2024-05-25T20:20:06","modified_gmt":"2024-05-25T19:20:06","slug":"la-tunisie-celebre-la-journee-de-lafrique-unir-les-efforts-pour-relever-les-defis-communs","status":"publish","type":"post","link":"https:\/\/kapitalis.com\/tunisie\/2024\/05\/25\/la-tunisie-celebre-la-journee-de-lafrique-unir-les-efforts-pour-relever-les-defis-communs\/","title":{"rendered":"La Tunisie c\u00e9l\u00e8bre la Journ\u00e9e de l&rsquo;Afrique : Unir les efforts pour relever les d\u00e9fis communs"},"content":{"rendered":"\n<p><strong><em>La Tunisie c\u00e9l\u00e8bre avec les peuples et pays du continent africain la \u00ab\u00a0Journ\u00e9e de l&rsquo;Afrique\u00a0\u00bb, qui marque l&rsquo;anniversaire de la cr\u00e9ation de la premi\u00e8re organisation d&rsquo;action commune africaine, l&rsquo;Organisation de l&rsquo;Unit\u00e9 Africaine (OUA), le 25 mai 1963, qui a incarn\u00e9 l&rsquo;esprit de solidarit\u00e9 africaine et le sens de l&rsquo;unit\u00e9, de la communaut\u00e9 de destin et de l&rsquo;identit\u00e9 africaine chez les dirigeants et les responsables du continent, conform\u00e9ment \u00e0 la volont\u00e9 de nos pays et aux aspirations de nos peuples.<\/em><\/strong><\/p>\n\n\n\n<!--more-->\n\n\n\n<p>A cette occasion, la Tunisie r\u00e9affirme sa fiert\u00e9 d&rsquo;\u00eatre l&rsquo;un des pays fondateurs de notre organisation r\u00e9gionale et sa d\u00e9termination \u00e0 continuer \u00e0 \u0153uvrer activement au d\u00e9veloppement des relations de coop\u00e9ration et de solidarit\u00e9 entre les pays de notre continent, tant au niveau bilat\u00e9ral que multilat\u00e9ral, conform\u00e9ment \u00e0 la place privil\u00e9gi\u00e9e qu&rsquo;occupe le continent africain parmi les priorit\u00e9s de la diplomatie tunisienne.<\/p>\n\n\n\n<p>La c\u00e9l\u00e9bration de la Journ\u00e9e de l&rsquo;Afrique de cette ann\u00e9e co\u00efncide avec l&rsquo;adoption par l&rsquo;Union africaine du slogan \u00ab\u00a0Une \u00e9ducation africaine adapt\u00e9e au 21\u00e8me si\u00e8cle ; construire des syst\u00e8mes \u00e9ducatifs incomparables et \u00e9largir l&rsquo;acc\u00e8s \u00e0 une \u00e9ducation tout au long de la vie, de qualit\u00e9 et pertinente en Afrique\u00a0\u00bb. C&rsquo;est l&rsquo;occasion de souligner l&rsquo;importance qu\u2019accorde la Tunisie au secteur de l&rsquo;\u00e9ducation depuis le huiti\u00e8me si\u00e8cle, par l\u2019adoption de plusieurs r\u00e9formes telles que l&rsquo;enseignement gratuit et obligatoire et en \u00e9rigeant le droit \u00e0 l&rsquo;\u00e9ducation en droit constitutionnel tel qu&rsquo;\u00e9nonc\u00e9 dans l&rsquo;article 44 de la Constitution de la R\u00e9publique Tunisienne.<\/p>\n\n\n\n<p>La Tunisie appelle les peuples du continent \u00e0 redoubler d&rsquo;efforts pour capitaliser les acquis r\u00e9alis\u00e9s au niveau continental, \u00e0 l&rsquo;instar de l&rsquo;entr\u00e9e en vigueur de l&rsquo;Accord de Libre-\u00e9change Continental Africain. La Tunisie appelle \u00e9galement \u00e0 l&rsquo;esprit de coop\u00e9ration, d&rsquo;int\u00e9gration et de pers\u00e9v\u00e9rance pour \u0153uvrer d&rsquo;une seule voix ind\u00e9pendante africaine \u00e0 la promotion du continent et de ses int\u00e9r\u00eats conform\u00e9ment \u00e0 la vision adopt\u00e9e par les institutions de l&rsquo;UA.<\/p>\n\n\n\n<p>La Tunisie souligne \u00e9galement l&rsquo;importance d&rsquo;intensifier la consultation, la coordination et la coop\u00e9ration entre les gouvernements des pays africains et les organisations internationales concern\u00e9es afin d&rsquo;unir les efforts pour relever les d\u00e9fis communs auxquels le continent est confront\u00e9, tels que la lutte contre le terrorisme, le changement climatique et la migration irr\u00e9guli\u00e8re.<\/p>\n\n\n\n<p>Rappelant les efforts des p\u00e8res fondateurs pour soutenir les mouvements de lib\u00e9ration nationale et r\u00e9sister \u00e0 la tyrannie, la Tunisie a toujours mis l&rsquo;accent sur la juste cause palestinienne et le droit du peuple palestinien \u00e0 l&rsquo;autod\u00e9termination et \u00e0 l&rsquo;\u00e9tablissement de son \u00c9tat sur tous les territoires occup\u00e9s, au m\u00eame titre qu\u2019elle a d\u00e9fendu l\u2019ind\u00e9pendance de tous les pays africains fr\u00e8res.<\/p>\n\n\n\n<p class=\"has-text-align-right\"><strong>Communiqu\u00e9 MAE<\/strong><\/p>\n","protected":false},"excerpt":{"rendered":"<p>La Tunisie c\u00e9l\u00e8bre avec les peuples et pays du continent africain la \u00ab\u00a0Journ\u00e9e de l&rsquo;Afrique\u00a0\u00bb, qui marque l&rsquo;anniversaire de la cr\u00e9ation de la premi\u00e8re organisation d&rsquo;action commune africaine, l&rsquo;Organisation de l&rsquo;Unit\u00e9 Africaine (OUA), le 25 mai 1963, qui a incarn\u00e9 l&rsquo;esprit de solidarit\u00e9 africaine et le sens de l&rsquo;unit\u00e9, de la communaut\u00e9 de destin et&#8230;<\/p>\n","protected":false},"author":6,"featured_media":12962355,"comment_status":"closed","ping_status":"open","sticky":false,"template":"","format":"standard","meta":{"footnotes":""},"categories":[997,2433],"tags":[115848,78854,275,11842,115847,74454,115849,108867],"class_list":["post-12962162","post","type-post","status-publish","format-standard","has-post-thumbnail","hentry","category-politique","category-tunisie","tag-25-mai","tag-continent-africain","tag-developpement","tag-diplomatie-tunisienne","tag-journee-de-lafrique","tag-mae","tag-organisation-de-lunite-africaine","tag-oua"],"yoast_head":"<!-- This site is optimized with the Yoast SEO plugin v26.6 - https:\/\/yoast.com\/wordpress\/plugins\/seo\/ -->\n<title>La Tunisie c\u00e9l\u00e8bre la Journ\u00e9e de l&#039;Afrique : Unir les efforts pour relever les d\u00e9fis communs - Kapitalis<\/title>\n<meta name=\"robots\" content=\"index, follow, max-snippet:-1, max-image-preview:large, max-video-preview:-1\" \/>\n<link rel=\"canonical\" href=\"https:\/\/kapitalis.com\/tunisie\/2024\/05\/25\/la-tunisie-celebre-la-journee-de-lafrique-unir-les-efforts-pour-relever-les-defis-communs\/\" \/>\n<meta property=\"og:locale\" content=\"fr_FR\" \/>\n<meta property=\"og:type\" content=\"article\" \/>\n<meta property=\"og:title\" content=\"La Tunisie c\u00e9l\u00e8bre la Journ\u00e9e de l&#039;Afrique : Unir les efforts pour relever les d\u00e9fis communs - Kapitalis\" \/>\n<meta property=\"og:description\" content=\"La Tunisie c\u00e9l\u00e8bre avec les peuples et pays du continent africain la \u00ab\u00a0Journ\u00e9e de l&rsquo;Afrique\u00a0\u00bb, qui marque l&rsquo;anniversaire de la cr\u00e9ation de la premi\u00e8re organisation d&rsquo;action commune africaine, l&rsquo;Organisation de l&rsquo;Unit\u00e9 Africaine (OUA), le 25 mai 1963, qui a incarn\u00e9 l&rsquo;esprit de solidarit\u00e9 africaine et le sens de l&rsquo;unit\u00e9, de la communaut\u00e9 de destin et...\" \/>\n<meta property=\"og:url\" content=\"https:\/\/kapitalis.com\/tunisie\/2024\/05\/25\/la-tunisie-celebre-la-journee-de-lafrique-unir-les-efforts-pour-relever-les-defis-communs\/\" \/>\n<meta property=\"og:site_name\" content=\"Kapitalis\" \/>\n<meta property=\"article:publisher\" content=\"https:\/\/www.facebook.com\/KapitalisInfo\/\" \/>\n<meta property=\"article:published_time\" content=\"2024-05-25T18:10:35+00:00\" \/>\n<meta property=\"article:modified_time\" content=\"2024-05-25T19:20:06+00:00\" \/>\n<meta property=\"og:image\" content=\"https:\/\/kapitalis.com\/tunisie\/wp-content\/uploads\/2024\/05\/Tunisie-Journee-Afrique.jpg\" \/>\n\t<meta property=\"og:image:width\" content=\"1200\" \/>\n\t<meta property=\"og:image:height\" content=\"630\" \/>\n\t<meta property=\"og:image:type\" content=\"image\/jpeg\" \/>\n<meta name=\"author\" content=\"Yusra NY\" \/>\n<meta name=\"twitter:card\" content=\"summary_large_image\" \/>\n<meta name=\"twitter:creator\" content=\"@KapitalisInfo\" \/>\n<meta name=\"twitter:site\" content=\"@KapitalisInfo\" \/>\n<meta name=\"twitter:label1\" content=\"\u00c9crit par\" \/>\n\t<meta name=\"twitter:data1\" content=\"Yusra NY\" \/>\n\t<meta name=\"twitter:label2\" content=\"Dur\u00e9e de lecture estim\u00e9e\" \/>\n\t<meta name=\"twitter:data2\" content=\"3 minutes\" \/>\n<script type=\"application\/ld+json\" class=\"yoast-schema-graph\">{\"@context\":\"https:\/\/schema.org\",\"@graph\":[{\"@type\":\"Article\",\"@id\":\"https:\/\/kapitalis.com\/tunisie\/2024\/05\/25\/la-tunisie-celebre-la-journee-de-lafrique-unir-les-efforts-pour-relever-les-defis-communs\/#article\",\"isPartOf\":{\"@id\":\"https:\/\/kapitalis.com\/tunisie\/2024\/05\/25\/la-tunisie-celebre-la-journee-de-lafrique-unir-les-efforts-pour-relever-les-defis-communs\/\"},\"author\":{\"name\":\"Yusra NY\",\"@id\":\"https:\/\/kapitalis.com\/tunisie\/#\/schema\/person\/74bbde0154d49d790a92aaeac5bc01d5\"},\"headline\":\"La Tunisie c\u00e9l\u00e8bre la Journ\u00e9e de l&rsquo;Afrique : Unir les efforts pour relever les d\u00e9fis communs\",\"datePublished\":\"2024-05-25T18:10:35+00:00\",\"dateModified\":\"2024-05-25T19:20:06+00:00\",\"mainEntityOfPage\":{\"@id\":\"https:\/\/kapitalis.com\/tunisie\/2024\/05\/25\/la-tunisie-celebre-la-journee-de-lafrique-unir-les-efforts-pour-relever-les-defis-communs\/\"},\"wordCount\":489,\"publisher\":{\"@id\":\"https:\/\/kapitalis.com\/tunisie\/#organization\"},\"image\":{\"@id\":\"https:\/\/kapitalis.com\/tunisie\/2024\/05\/25\/la-tunisie-celebre-la-journee-de-lafrique-unir-les-efforts-pour-relever-les-defis-communs\/#primaryimage\"},\"thumbnailUrl\":\"https:\/\/kapitalis.com\/tunisie\/wp-content\/uploads\/2024\/05\/Tunisie-Journee-Afrique.jpg\",\"keywords\":[\"25 Mai\",\"continent africain\",\"d\u00e9veloppement\",\"diplomatie tunisienne\",\"Journ\u00e9e de l'Afrique\",\"MAE\",\"Organisation de l'Unit\u00e9 Africaine\",\"OUA\"],\"articleSection\":[\"POLITIQUE\",\"Tunisie\"],\"inLanguage\":\"fr-FR\"},{\"@type\":\"WebPage\",\"@id\":\"https:\/\/kapitalis.com\/tunisie\/2024\/05\/25\/la-tunisie-celebre-la-journee-de-lafrique-unir-les-efforts-pour-relever-les-defis-communs\/\",\"url\":\"https:\/\/kapitalis.com\/tunisie\/2024\/05\/25\/la-tunisie-celebre-la-journee-de-lafrique-unir-les-efforts-pour-relever-les-defis-communs\/\",\"name\":\"La Tunisie c\u00e9l\u00e8bre la Journ\u00e9e de l'Afrique : Unir les efforts pour relever les d\u00e9fis communs - Kapitalis\",\"isPartOf\":{\"@id\":\"https:\/\/kapitalis.com\/tunisie\/#website\"},\"primaryImageOfPage\":{\"@id\":\"https:\/\/kapitalis.com\/tunisie\/2024\/05\/25\/la-tunisie-celebre-la-journee-de-lafrique-unir-les-efforts-pour-relever-les-defis-communs\/#primaryimage\"},\"image\":{\"@id\":\"https:\/\/kapitalis.com\/tunisie\/2024\/05\/25\/la-tunisie-celebre-la-journee-de-lafrique-unir-les-efforts-pour-relever-les-defis-communs\/#primaryimage\"},\"thumbnailUrl\":\"https:\/\/kapitalis.com\/tunisie\/wp-content\/uploads\/2024\/05\/Tunisie-Journee-Afrique.jpg\",\"datePublished\":\"2024-05-25T18:10:35+00:00\",\"dateModified\":\"2024-05-25T19:20:06+00:00\",\"breadcrumb\":{\"@id\":\"https:\/\/kapitalis.com\/tunisie\/2024\/05\/25\/la-tunisie-celebre-la-journee-de-lafrique-unir-les-efforts-pour-relever-les-defis-communs\/#breadcrumb\"},\"inLanguage\":\"fr-FR\",\"potentialAction\":[{\"@type\":\"ReadAction\",\"target\":[\"https:\/\/kapitalis.com\/tunisie\/2024\/05\/25\/la-tunisie-celebre-la-journee-de-lafrique-unir-les-efforts-pour-relever-les-defis-communs\/\"]}]},{\"@type\":\"ImageObject\",\"inLanguage\":\"fr-FR\",\"@id\":\"https:\/\/kapitalis.com\/tunisie\/2024\/05\/25\/la-tunisie-celebre-la-journee-de-lafrique-unir-les-efforts-pour-relever-les-defis-communs\/#primaryimage\",\"url\":\"https:\/\/kapitalis.com\/tunisie\/wp-content\/uploads\/2024\/05\/Tunisie-Journee-Afrique.jpg\",\"contentUrl\":\"https:\/\/kapitalis.com\/tunisie\/wp-content\/uploads\/2024\/05\/Tunisie-Journee-Afrique.jpg\",\"width\":1200,\"height\":630},{\"@type\":\"BreadcrumbList\",\"@id\":\"https:\/\/kapitalis.com\/tunisie\/2024\/05\/25\/la-tunisie-celebre-la-journee-de-lafrique-unir-les-efforts-pour-relever-les-defis-communs\/#breadcrumb\",\"itemListElement\":[{\"@type\":\"ListItem\",\"position\":1,\"name\":\"Accueil\",\"item\":\"https:\/\/kapitalis.com\/tunisie\/\"},{\"@type\":\"ListItem\",\"position\":2,\"name\":\"La Tunisie c\u00e9l\u00e8bre la Journ\u00e9e de l&rsquo;Afrique : Unir les efforts pour relever les d\u00e9fis communs\"}]},{\"@type\":\"WebSite\",\"@id\":\"https:\/\/kapitalis.com\/tunisie\/#website\",\"url\":\"https:\/\/kapitalis.com\/tunisie\/\",\"name\":\"Kapitalis\",\"description\":\"L&#039;actualit\u00e9 en Tunisie et dans le monde\",\"publisher\":{\"@id\":\"https:\/\/kapitalis.com\/tunisie\/#organization\"},\"potentialAction\":[{\"@type\":\"SearchAction\",\"target\":{\"@type\":\"EntryPoint\",\"urlTemplate\":\"https:\/\/kapitalis.com\/tunisie\/?s={search_term_string}\"},\"query-input\":{\"@type\":\"PropertyValueSpecification\",\"valueRequired\":true,\"valueName\":\"search_term_string\"}}],\"inLanguage\":\"fr-FR\"},{\"@type\":\"Organization\",\"@id\":\"https:\/\/kapitalis.com\/tunisie\/#organization\",\"name\":\"Kapitalis\",\"url\":\"https:\/\/kapitalis.com\/tunisie\/\",\"logo\":{\"@type\":\"ImageObject\",\"inLanguage\":\"fr-FR\",\"@id\":\"https:\/\/kapitalis.com\/tunisie\/#\/schema\/logo\/image\/\",\"url\":\"https:\/\/kapitalis.com\/tunisie\/wp-content\/uploads\/2022\/05\/Kapitalis-big-size.png\",\"contentUrl\":\"https:\/\/kapitalis.com\/tunisie\/wp-content\/uploads\/2022\/05\/Kapitalis-big-size.png\",\"width\":5000,\"height\":1500,\"caption\":\"Kapitalis\"},\"image\":{\"@id\":\"https:\/\/kapitalis.com\/tunisie\/#\/schema\/logo\/image\/\"},\"sameAs\":[\"https:\/\/www.facebook.com\/KapitalisInfo\/\",\"https:\/\/x.com\/KapitalisInfo\",\"https:\/\/www.youtube.com\/channel\/UC-yDYrHyfFBWWZaOw3FPg9Q\"]},{\"@type\":\"Person\",\"@id\":\"https:\/\/kapitalis.com\/tunisie\/#\/schema\/person\/74bbde0154d49d790a92aaeac5bc01d5\",\"name\":\"Yusra NY\",\"url\":\"https:\/\/kapitalis.com\/tunisie\/author\/yuza_adam\/\"}]}<\/script>\n<!-- \/ Yoast SEO plugin. -->","yoast_head_json":{"title":"La Tunisie c\u00e9l\u00e8bre la Journ\u00e9e de l'Afrique : Unir les efforts pour relever les d\u00e9fis communs - Kapitalis","robots":{"index":"index","follow":"follow","max-snippet":"max-snippet:-1","max-image-preview":"max-image-preview:large","max-video-preview":"max-video-preview:-1"},"canonical":"https:\/\/kapitalis.com\/tunisie\/2024\/05\/25\/la-tunisie-celebre-la-journee-de-lafrique-unir-les-efforts-pour-relever-les-defis-communs\/","og_locale":"fr_FR","og_type":"article","og_title":"La Tunisie c\u00e9l\u00e8bre la Journ\u00e9e de l'Afrique : Unir les efforts pour relever les d\u00e9fis communs - Kapitalis","og_description":"La Tunisie c\u00e9l\u00e8bre avec les peuples et pays du continent africain la \u00ab\u00a0Journ\u00e9e de l&rsquo;Afrique\u00a0\u00bb, qui marque l&rsquo;anniversaire de la cr\u00e9ation de la premi\u00e8re organisation d&rsquo;action commune africaine, l&rsquo;Organisation de l&rsquo;Unit\u00e9 Africaine (OUA), le 25 mai 1963, qui a incarn\u00e9 l&rsquo;esprit de solidarit\u00e9 africaine et le sens de l&rsquo;unit\u00e9, de la communaut\u00e9 de destin et...","og_url":"https:\/\/kapitalis.com\/tunisie\/2024\/05\/25\/la-tunisie-celebre-la-journee-de-lafrique-unir-les-efforts-pour-relever-les-defis-communs\/","og_site_name":"Kapitalis","article_publisher":"https:\/\/www.facebook.com\/KapitalisInfo\/","article_published_time":"2024-05-25T18:10:35+00:00","article_modified_time":"2024-05-25T19:20:06+00:00","og_image":[{"width":1200,"height":630,"url":"https:\/\/kapitalis.com\/tunisie\/wp-content\/uploads\/2024\/05\/Tunisie-Journee-Afrique.jpg","type":"image\/jpeg"}],"author":"Yusra NY","twitter_card":"summary_large_image","twitter_creator":"@KapitalisInfo","twitter_site":"@KapitalisInfo","twitter_misc":{"\u00c9crit par":"Yusra NY","Dur\u00e9e de lecture estim\u00e9e":"3 minutes"},"schema":{"@context":"https:\/\/schema.org","@graph":[{"@type":"Article","@id":"https:\/\/kapitalis.com\/tunisie\/2024\/05\/25\/la-tunisie-celebre-la-journee-de-lafrique-unir-les-efforts-pour-relever-les-defis-communs\/#article","isPartOf":{"@id":"https:\/\/kapitalis.com\/tunisie\/2024\/05\/25\/la-tunisie-celebre-la-journee-de-lafrique-unir-les-efforts-pour-relever-les-defis-communs\/"},"author":{"name":"Yusra NY","@id":"https:\/\/kapitalis.com\/tunisie\/#\/schema\/person\/74bbde0154d49d790a92aaeac5bc01d5"},"headline":"La Tunisie c\u00e9l\u00e8bre la Journ\u00e9e de l&rsquo;Afrique : Unir les efforts pour relever les d\u00e9fis communs","datePublished":"2024-05-25T18:10:35+00:00","dateModified":"2024-05-25T19:20:06+00:00","mainEntityOfPage":{"@id":"https:\/\/kapitalis.com\/tunisie\/2024\/05\/25\/la-tunisie-celebre-la-journee-de-lafrique-unir-les-efforts-pour-relever-les-defis-communs\/"},"wordCount":489,"publisher":{"@id":"https:\/\/kapitalis.com\/tunisie\/#organization"},"image":{"@id":"https:\/\/kapitalis.com\/tunisie\/2024\/05\/25\/la-tunisie-celebre-la-journee-de-lafrique-unir-les-efforts-pour-relever-les-defis-communs\/#primaryimage"},"thumbnailUrl":"https:\/\/kapitalis.com\/tunisie\/wp-content\/uploads\/2024\/05\/Tunisie-Journee-Afrique.jpg","keywords":["25 Mai","continent africain","d\u00e9veloppement","diplomatie tunisienne","Journ\u00e9e de l'Afrique","MAE","Organisation de l'Unit\u00e9 Africaine","OUA"],"articleSection":["POLITIQUE","Tunisie"],"inLanguage":"fr-FR"},{"@type":"WebPage","@id":"https:\/\/kapitalis.com\/tunisie\/2024\/05\/25\/la-tunisie-celebre-la-journee-de-lafrique-unir-les-efforts-pour-relever-les-defis-communs\/","url":"https:\/\/kapitalis.com\/tunisie\/2024\/05\/25\/la-tunisie-celebre-la-journee-de-lafrique-unir-les-efforts-pour-relever-les-defis-communs\/","name":"La Tunisie c\u00e9l\u00e8bre la Journ\u00e9e de l'Afrique : Unir les efforts pour relever les d\u00e9fis communs - Kapitalis","isPartOf":{"@id":"https:\/\/kapitalis.com\/tunisie\/#website"},"primaryImageOfPage":{"@id":"https:\/\/kapitalis.com\/tunisie\/2024\/05\/25\/la-tunisie-celebre-la-journee-de-lafrique-unir-les-efforts-pour-relever-les-defis-communs\/#primaryimage"},"image":{"@id":"https:\/\/kapitalis.com\/tunisie\/2024\/05\/25\/la-tunisie-celebre-la-journee-de-lafrique-unir-les-efforts-pour-relever-les-defis-communs\/#primaryimage"},"thumbnailUrl":"https:\/\/kapitalis.com\/tunisie\/wp-content\/uploads\/2024\/05\/Tunisie-Journee-Afrique.jpg","datePublished":"2024-05-25T18:10:35+00:00","dateModified":"2024-05-25T19:20:06+00:00","breadcrumb":{"@id":"https:\/\/kapitalis.com\/tunisie\/2024\/05\/25\/la-tunisie-celebre-la-journee-de-lafrique-unir-les-efforts-pour-relever-les-defis-communs\/#breadcrumb"},"inLanguage":"fr-FR","potentialAction":[{"@type":"ReadAction","target":["https:\/\/kapitalis.com\/tunisie\/2024\/05\/25\/la-tunisie-celebre-la-journee-de-lafrique-unir-les-efforts-pour-relever-les-defis-communs\/"]}]},{"@type":"ImageObject","inLanguage":"fr-FR","@id":"https:\/\/kapitalis.com\/tunisie\/2024\/05\/25\/la-tunisie-celebre-la-journee-de-lafrique-unir-les-efforts-pour-relever-les-defis-communs\/#primaryimage","url":"https:\/\/kapitalis.com\/tunisie\/wp-content\/uploads\/2024\/05\/Tunisie-Journee-Afrique.jpg","contentUrl":"https:\/\/kapitalis.com\/tunisie\/wp-content\/uploads\/2024\/05\/Tunisie-Journee-Afrique.jpg","width":1200,"height":630},{"@type":"BreadcrumbList","@id":"https:\/\/kapitalis.com\/tunisie\/2024\/05\/25\/la-tunisie-celebre-la-journee-de-lafrique-unir-les-efforts-pour-relever-les-defis-communs\/#breadcrumb","itemListElement":[{"@type":"ListItem","position":1,"name":"Accueil","item":"https:\/\/kapitalis.com\/tunisie\/"},{"@type":"ListItem","position":2,"name":"La Tunisie c\u00e9l\u00e8bre la Journ\u00e9e de l&rsquo;Afrique : Unir les efforts pour relever les d\u00e9fis communs"}]},{"@type":"WebSite","@id":"https:\/\/kapitalis.com\/tunisie\/#website","url":"https:\/\/kapitalis.com\/tunisie\/","name":"Kapitalis","description":"L&#039;actualit\u00e9 en Tunisie et dans le monde","publisher":{"@id":"https:\/\/kapitalis.com\/tunisie\/#organization"},"potentialAction":[{"@type":"SearchAction","target":{"@type":"EntryPoint","urlTemplate":"https:\/\/kapitalis.com\/tunisie\/?s={search_term_string}"},"query-input":{"@type":"PropertyValueSpecification","valueRequired":true,"valueName":"search_term_string"}}],"inLanguage":"fr-FR"},{"@type":"Organization","@id":"https:\/\/kapitalis.com\/tunisie\/#organization","name":"Kapitalis","url":"https:\/\/kapitalis.com\/tunisie\/","logo":{"@type":"ImageObject","inLanguage":"fr-FR","@id":"https:\/\/kapitalis.com\/tunisie\/#\/schema\/logo\/image\/","url":"https:\/\/kapitalis.com\/tunisie\/wp-content\/uploads\/2022\/05\/Kapitalis-big-size.png","contentUrl":"https:\/\/kapitalis.com\/tunisie\/wp-content\/uploads\/2022\/05\/Kapitalis-big-size.png","width":5000,"height":1500,"caption":"Kapitalis"},"image":{"@id":"https:\/\/kapitalis.com\/tunisie\/#\/schema\/logo\/image\/"},"sameAs":["https:\/\/www.facebook.com\/KapitalisInfo\/","https:\/\/x.com\/KapitalisInfo","https:\/\/www.youtube.com\/channel\/UC-yDYrHyfFBWWZaOw3FPg9Q"]},{"@type":"Person","@id":"https:\/\/kapitalis.com\/tunisie\/#\/schema\/person\/74bbde0154d49d790a92aaeac5bc01d5","name":"Yusra NY","url":"https:\/\/kapitalis.com\/tunisie\/author\/yuza_adam\/"}]}},"_links":{"self":[{"href":"https:\/\/kapitalis.com\/tunisie\/wp-json\/wp\/v2\/posts\/12962162","targetHints":{"allow":["GET"]}}],"collection":[{"href":"https:\/\/kapitalis.com\/tunisie\/wp-json\/wp\/v2\/posts"}],"about":[{"href":"https:\/\/kapitalis.com\/tunisie\/wp-json\/wp\/v2\/types\/post"}],"author":[{"embeddable":true,"href":"https:\/\/kapitalis.com\/tunisie\/wp-json\/wp\/v2\/users\/6"}],"replies":[{"embeddable":true,"href":"https:\/\/kapitalis.com\/tunisie\/wp-json\/wp\/v2\/comments?post=12962162"}],"version-history":[{"count":2,"href":"https:\/\/kapitalis.com\/tunisie\/wp-json\/wp\/v2\/posts\/12962162\/revisions"}],"predecessor-version":[{"id":12962511,"href":"https:\/\/kapitalis.com\/tunisie\/wp-json\/wp\/v2\/posts\/12962162\/revisions\/12962511"}],"wp:featuredmedia":[{"embeddable":true,"href":"https:\/\/kapitalis.com\/tunisie\/wp-json\/wp\/v2\/media\/12962355"}],"wp:attachment":[{"href":"https:\/\/kapitalis.com\/tunisie\/wp-json\/wp\/v2\/media?parent=12962162"}],"wp:term":[{"taxonomy":"category","embeddable":true,"href":"https:\/\/kapitalis.com\/tunisie\/wp-json\/wp\/v2\/categories?post=12962162"},{"taxonomy":"post_tag","embeddable":true,"href":"https:\/\/kapitalis.com\/tunisie\/wp-json\/wp\/v2\/tags?post=12962162"}],"curies":[{"name":"wp","href":"https:\/\/api.w.org\/{rel}","templated":true}]}}