{"id":12965717,"date":"2024-05-25T21:55:52","date_gmt":"2024-05-25T20:55:52","guid":{"rendered":"https:\/\/kapitalis.com\/tunisie\/?p=12965717"},"modified":"2024-05-25T22:06:00","modified_gmt":"2024-05-25T21:06:00","slug":"limogeage-du-delegue-regional-de-leducation-de-tunis-1","status":"publish","type":"post","link":"https:\/\/kapitalis.com\/tunisie\/2024\/05\/25\/limogeage-du-delegue-regional-de-leducation-de-tunis-1\/","title":{"rendered":"Limogeage du d\u00e9l\u00e9gu\u00e9 r\u00e9gional de l&rsquo;\u00e9ducation de Tunis 1"},"content":{"rendered":"\n<p><strong><em>Le minist\u00e8re de l\u2019\u00c9ducation a annonc\u00e9, ce samedi 25 mai 2024, le limogeage du d\u00e9l\u00e9gu\u00e9 r\u00e9gional de l\u2019\u00e9ducation de Tunis 1, Ahmed Fouad Ben Late\u00eff.<\/em><\/strong><\/p>\n\n\n\n<!--more-->\n\n\n\n<p>Un nouveau d\u00e9l\u00e9gu\u00e9 a \u00e9t\u00e9 nomm\u00e9 \u00e0 la t\u00eate de la d\u00e9l\u00e9gation r\u00e9gionale de Tunis 1, son nom n&rsquo;a toutefois pas encore \u00e9t\u00e9 r\u00e9v\u00e9l\u00e9 par le d\u00e9partement de l\u2019\u00c9ducation nationale.<\/p>\n\n\n\n<p>Quant au limogeage de Fouad Ben Late\u00eff, le minist\u00e8re indique que cette d\u00e9cision a \u00e9t\u00e9 prise suite \u00e0  de nombreuses violations administratives et organisationnelles constat\u00e9s lors de diff\u00e9rentes visites d\u2019inspection effectu\u00e9es par la ministre de l\u2019\u00c9ducation Salwa Abbasi, dans divers \u00e9tablissements d\u2019enseignement relevant de la d\u00e9l\u00e9gation de l\u2019\u00c9ducation de Tunis 1 .<\/p>\n\n\n\n<p class=\"has-text-align-right\"><strong>Y. N.<\/strong><\/p>\n","protected":false},"excerpt":{"rendered":"<p>Le minist\u00e8re de l\u2019\u00c9ducation a annonc\u00e9, ce samedi 25 mai 2024, le limogeage du d\u00e9l\u00e9gu\u00e9 r\u00e9gional de l\u2019\u00e9ducation de Tunis 1, Ahmed Fouad Ben Late\u00eff.<\/p>\n","protected":false},"author":6,"featured_media":12965825,"comment_status":"closed","ping_status":"open","sticky":false,"template":"","format":"standard","meta":{"footnotes":""},"categories":[998,2433],"tags":[115850,96977,306,1847,115851,62643],"class_list":["post-12965717","post","type-post","status-publish","format-standard","has-post-thumbnail","hentry","category-societe","category-tunisie","tag-ahmed-fouad-ben-lateif","tag-delegue-regional","tag-education","tag-limogeage","tag-salwa-abbasi","tag-tunisie"],"yoast_head":"<!-- This site is optimized with the Yoast SEO plugin v26.6 - https:\/\/yoast.com\/wordpress\/plugins\/seo\/ -->\n<title>Limogeage du d\u00e9l\u00e9gu\u00e9 r\u00e9gional de l&#039;\u00e9ducation de Tunis 1 - Kapitalis<\/title>\n<meta name=\"robots\" content=\"index, follow, max-snippet:-1, max-image-preview:large, max-video-preview:-1\" \/>\n<link rel=\"canonical\" href=\"https:\/\/kapitalis.com\/tunisie\/2024\/05\/25\/limogeage-du-delegue-regional-de-leducation-de-tunis-1\/\" \/>\n<meta property=\"og:locale\" content=\"fr_FR\" \/>\n<meta property=\"og:type\" content=\"article\" \/>\n<meta property=\"og:title\" content=\"Limogeage du d\u00e9l\u00e9gu\u00e9 r\u00e9gional de l&#039;\u00e9ducation de Tunis 1 - Kapitalis\" \/>\n<meta property=\"og:description\" content=\"Le minist\u00e8re de l\u2019\u00c9ducation a annonc\u00e9, ce samedi 25 mai 2024, le limogeage du d\u00e9l\u00e9gu\u00e9 r\u00e9gional de l\u2019\u00e9ducation de Tunis 1, Ahmed Fouad Ben Late\u00eff.\" \/>\n<meta property=\"og:url\" content=\"https:\/\/kapitalis.com\/tunisie\/2024\/05\/25\/limogeage-du-delegue-regional-de-leducation-de-tunis-1\/\" \/>\n<meta property=\"og:site_name\" content=\"Kapitalis\" \/>\n<meta property=\"article:publisher\" content=\"https:\/\/www.facebook.com\/KapitalisInfo\/\" \/>\n<meta property=\"article:published_time\" content=\"2024-05-25T20:55:52+00:00\" \/>\n<meta property=\"article:modified_time\" content=\"2024-05-25T21:06:00+00:00\" \/>\n<meta property=\"og:image\" content=\"https:\/\/kapitalis.com\/tunisie\/wp-content\/uploads\/2024\/05\/delegation-regionale-de-Tunis.jpg\" \/>\n\t<meta property=\"og:image:width\" content=\"1200\" \/>\n\t<meta property=\"og:image:height\" content=\"630\" \/>\n\t<meta property=\"og:image:type\" content=\"image\/jpeg\" \/>\n<meta name=\"author\" content=\"Yusra NY\" \/>\n<meta name=\"twitter:card\" content=\"summary_large_image\" \/>\n<meta name=\"twitter:creator\" content=\"@KapitalisInfo\" \/>\n<meta name=\"twitter:site\" content=\"@KapitalisInfo\" \/>\n<meta name=\"twitter:label1\" content=\"\u00c9crit par\" \/>\n\t<meta name=\"twitter:data1\" content=\"Yusra NY\" \/>\n\t<meta name=\"twitter:label2\" content=\"Dur\u00e9e de lecture estim\u00e9e\" \/>\n\t<meta name=\"twitter:data2\" content=\"1 minute\" \/>\n<script type=\"application\/ld+json\" class=\"yoast-schema-graph\">{\"@context\":\"https:\/\/schema.org\",\"@graph\":[{\"@type\":\"Article\",\"@id\":\"https:\/\/kapitalis.com\/tunisie\/2024\/05\/25\/limogeage-du-delegue-regional-de-leducation-de-tunis-1\/#article\",\"isPartOf\":{\"@id\":\"https:\/\/kapitalis.com\/tunisie\/2024\/05\/25\/limogeage-du-delegue-regional-de-leducation-de-tunis-1\/\"},\"author\":{\"name\":\"Yusra NY\",\"@id\":\"https:\/\/kapitalis.com\/tunisie\/#\/schema\/person\/74bbde0154d49d790a92aaeac5bc01d5\"},\"headline\":\"Limogeage du d\u00e9l\u00e9gu\u00e9 r\u00e9gional de l&rsquo;\u00e9ducation de Tunis 1\",\"datePublished\":\"2024-05-25T20:55:52+00:00\",\"dateModified\":\"2024-05-25T21:06:00+00:00\",\"mainEntityOfPage\":{\"@id\":\"https:\/\/kapitalis.com\/tunisie\/2024\/05\/25\/limogeage-du-delegue-regional-de-leducation-de-tunis-1\/\"},\"wordCount\":142,\"publisher\":{\"@id\":\"https:\/\/kapitalis.com\/tunisie\/#organization\"},\"image\":{\"@id\":\"https:\/\/kapitalis.com\/tunisie\/2024\/05\/25\/limogeage-du-delegue-regional-de-leducation-de-tunis-1\/#primaryimage\"},\"thumbnailUrl\":\"https:\/\/kapitalis.com\/tunisie\/wp-content\/uploads\/2024\/05\/delegation-regionale-de-Tunis.jpg\",\"keywords\":[\"Ahmed Fouad Ben Late\u00eff\",\"d\u00e9l\u00e9gu\u00e9 r\u00e9gional\",\"\u00e9ducation\",\"limogeage\",\"Salwa Abbasi\",\"Tunisie\"],\"articleSection\":[\"SOCIETE\",\"Tunisie\"],\"inLanguage\":\"fr-FR\"},{\"@type\":\"WebPage\",\"@id\":\"https:\/\/kapitalis.com\/tunisie\/2024\/05\/25\/limogeage-du-delegue-regional-de-leducation-de-tunis-1\/\",\"url\":\"https:\/\/kapitalis.com\/tunisie\/2024\/05\/25\/limogeage-du-delegue-regional-de-leducation-de-tunis-1\/\",\"name\":\"Limogeage du d\u00e9l\u00e9gu\u00e9 r\u00e9gional de l'\u00e9ducation de Tunis 1 - Kapitalis\",\"isPartOf\":{\"@id\":\"https:\/\/kapitalis.com\/tunisie\/#website\"},\"primaryImageOfPage\":{\"@id\":\"https:\/\/kapitalis.com\/tunisie\/2024\/05\/25\/limogeage-du-delegue-regional-de-leducation-de-tunis-1\/#primaryimage\"},\"image\":{\"@id\":\"https:\/\/kapitalis.com\/tunisie\/2024\/05\/25\/limogeage-du-delegue-regional-de-leducation-de-tunis-1\/#primaryimage\"},\"thumbnailUrl\":\"https:\/\/kapitalis.com\/tunisie\/wp-content\/uploads\/2024\/05\/delegation-regionale-de-Tunis.jpg\",\"datePublished\":\"2024-05-25T20:55:52+00:00\",\"dateModified\":\"2024-05-25T21:06:00+00:00\",\"breadcrumb\":{\"@id\":\"https:\/\/kapitalis.com\/tunisie\/2024\/05\/25\/limogeage-du-delegue-regional-de-leducation-de-tunis-1\/#breadcrumb\"},\"inLanguage\":\"fr-FR\",\"potentialAction\":[{\"@type\":\"ReadAction\",\"target\":[\"https:\/\/kapitalis.com\/tunisie\/2024\/05\/25\/limogeage-du-delegue-regional-de-leducation-de-tunis-1\/\"]}]},{\"@type\":\"ImageObject\",\"inLanguage\":\"fr-FR\",\"@id\":\"https:\/\/kapitalis.com\/tunisie\/2024\/05\/25\/limogeage-du-delegue-regional-de-leducation-de-tunis-1\/#primaryimage\",\"url\":\"https:\/\/kapitalis.com\/tunisie\/wp-content\/uploads\/2024\/05\/delegation-regionale-de-Tunis.jpg\",\"contentUrl\":\"https:\/\/kapitalis.com\/tunisie\/wp-content\/uploads\/2024\/05\/delegation-regionale-de-Tunis.jpg\",\"width\":1200,\"height\":630},{\"@type\":\"BreadcrumbList\",\"@id\":\"https:\/\/kapitalis.com\/tunisie\/2024\/05\/25\/limogeage-du-delegue-regional-de-leducation-de-tunis-1\/#breadcrumb\",\"itemListElement\":[{\"@type\":\"ListItem\",\"position\":1,\"name\":\"Accueil\",\"item\":\"https:\/\/kapitalis.com\/tunisie\/\"},{\"@type\":\"ListItem\",\"position\":2,\"name\":\"Limogeage du d\u00e9l\u00e9gu\u00e9 r\u00e9gional de l&rsquo;\u00e9ducation de Tunis 1\"}]},{\"@type\":\"WebSite\",\"@id\":\"https:\/\/kapitalis.com\/tunisie\/#website\",\"url\":\"https:\/\/kapitalis.com\/tunisie\/\",\"name\":\"Kapitalis\",\"description\":\"L&#039;actualit\u00e9 en Tunisie et dans le monde\",\"publisher\":{\"@id\":\"https:\/\/kapitalis.com\/tunisie\/#organization\"},\"potentialAction\":[{\"@type\":\"SearchAction\",\"target\":{\"@type\":\"EntryPoint\",\"urlTemplate\":\"https:\/\/kapitalis.com\/tunisie\/?s={search_term_string}\"},\"query-input\":{\"@type\":\"PropertyValueSpecification\",\"valueRequired\":true,\"valueName\":\"search_term_string\"}}],\"inLanguage\":\"fr-FR\"},{\"@type\":\"Organization\",\"@id\":\"https:\/\/kapitalis.com\/tunisie\/#organization\",\"name\":\"Kapitalis\",\"url\":\"https:\/\/kapitalis.com\/tunisie\/\",\"logo\":{\"@type\":\"ImageObject\",\"inLanguage\":\"fr-FR\",\"@id\":\"https:\/\/kapitalis.com\/tunisie\/#\/schema\/logo\/image\/\",\"url\":\"https:\/\/kapitalis.com\/tunisie\/wp-content\/uploads\/2022\/05\/Kapitalis-big-size.png\",\"contentUrl\":\"https:\/\/kapitalis.com\/tunisie\/wp-content\/uploads\/2022\/05\/Kapitalis-big-size.png\",\"width\":5000,\"height\":1500,\"caption\":\"Kapitalis\"},\"image\":{\"@id\":\"https:\/\/kapitalis.com\/tunisie\/#\/schema\/logo\/image\/\"},\"sameAs\":[\"https:\/\/www.facebook.com\/KapitalisInfo\/\",\"https:\/\/x.com\/KapitalisInfo\",\"https:\/\/www.youtube.com\/channel\/UC-yDYrHyfFBWWZaOw3FPg9Q\"]},{\"@type\":\"Person\",\"@id\":\"https:\/\/kapitalis.com\/tunisie\/#\/schema\/person\/74bbde0154d49d790a92aaeac5bc01d5\",\"name\":\"Yusra NY\",\"url\":\"https:\/\/kapitalis.com\/tunisie\/author\/yuza_adam\/\"}]}<\/script>\n<!-- \/ Yoast SEO plugin. -->","yoast_head_json":{"title":"Limogeage du d\u00e9l\u00e9gu\u00e9 r\u00e9gional de l'\u00e9ducation de Tunis 1 - Kapitalis","robots":{"index":"index","follow":"follow","max-snippet":"max-snippet:-1","max-image-preview":"max-image-preview:large","max-video-preview":"max-video-preview:-1"},"canonical":"https:\/\/kapitalis.com\/tunisie\/2024\/05\/25\/limogeage-du-delegue-regional-de-leducation-de-tunis-1\/","og_locale":"fr_FR","og_type":"article","og_title":"Limogeage du d\u00e9l\u00e9gu\u00e9 r\u00e9gional de l'\u00e9ducation de Tunis 1 - Kapitalis","og_description":"Le minist\u00e8re de l\u2019\u00c9ducation a annonc\u00e9, ce samedi 25 mai 2024, le limogeage du d\u00e9l\u00e9gu\u00e9 r\u00e9gional de l\u2019\u00e9ducation de Tunis 1, Ahmed Fouad Ben Late\u00eff.","og_url":"https:\/\/kapitalis.com\/tunisie\/2024\/05\/25\/limogeage-du-delegue-regional-de-leducation-de-tunis-1\/","og_site_name":"Kapitalis","article_publisher":"https:\/\/www.facebook.com\/KapitalisInfo\/","article_published_time":"2024-05-25T20:55:52+00:00","article_modified_time":"2024-05-25T21:06:00+00:00","og_image":[{"width":1200,"height":630,"url":"https:\/\/kapitalis.com\/tunisie\/wp-content\/uploads\/2024\/05\/delegation-regionale-de-Tunis.jpg","type":"image\/jpeg"}],"author":"Yusra NY","twitter_card":"summary_large_image","twitter_creator":"@KapitalisInfo","twitter_site":"@KapitalisInfo","twitter_misc":{"\u00c9crit par":"Yusra NY","Dur\u00e9e de lecture estim\u00e9e":"1 minute"},"schema":{"@context":"https:\/\/schema.org","@graph":[{"@type":"Article","@id":"https:\/\/kapitalis.com\/tunisie\/2024\/05\/25\/limogeage-du-delegue-regional-de-leducation-de-tunis-1\/#article","isPartOf":{"@id":"https:\/\/kapitalis.com\/tunisie\/2024\/05\/25\/limogeage-du-delegue-regional-de-leducation-de-tunis-1\/"},"author":{"name":"Yusra NY","@id":"https:\/\/kapitalis.com\/tunisie\/#\/schema\/person\/74bbde0154d49d790a92aaeac5bc01d5"},"headline":"Limogeage du d\u00e9l\u00e9gu\u00e9 r\u00e9gional de l&rsquo;\u00e9ducation de Tunis 1","datePublished":"2024-05-25T20:55:52+00:00","dateModified":"2024-05-25T21:06:00+00:00","mainEntityOfPage":{"@id":"https:\/\/kapitalis.com\/tunisie\/2024\/05\/25\/limogeage-du-delegue-regional-de-leducation-de-tunis-1\/"},"wordCount":142,"publisher":{"@id":"https:\/\/kapitalis.com\/tunisie\/#organization"},"image":{"@id":"https:\/\/kapitalis.com\/tunisie\/2024\/05\/25\/limogeage-du-delegue-regional-de-leducation-de-tunis-1\/#primaryimage"},"thumbnailUrl":"https:\/\/kapitalis.com\/tunisie\/wp-content\/uploads\/2024\/05\/delegation-regionale-de-Tunis.jpg","keywords":["Ahmed Fouad Ben Late\u00eff","d\u00e9l\u00e9gu\u00e9 r\u00e9gional","\u00e9ducation","limogeage","Salwa Abbasi","Tunisie"],"articleSection":["SOCIETE","Tunisie"],"inLanguage":"fr-FR"},{"@type":"WebPage","@id":"https:\/\/kapitalis.com\/tunisie\/2024\/05\/25\/limogeage-du-delegue-regional-de-leducation-de-tunis-1\/","url":"https:\/\/kapitalis.com\/tunisie\/2024\/05\/25\/limogeage-du-delegue-regional-de-leducation-de-tunis-1\/","name":"Limogeage du d\u00e9l\u00e9gu\u00e9 r\u00e9gional de l'\u00e9ducation de Tunis 1 - Kapitalis","isPartOf":{"@id":"https:\/\/kapitalis.com\/tunisie\/#website"},"primaryImageOfPage":{"@id":"https:\/\/kapitalis.com\/tunisie\/2024\/05\/25\/limogeage-du-delegue-regional-de-leducation-de-tunis-1\/#primaryimage"},"image":{"@id":"https:\/\/kapitalis.com\/tunisie\/2024\/05\/25\/limogeage-du-delegue-regional-de-leducation-de-tunis-1\/#primaryimage"},"thumbnailUrl":"https:\/\/kapitalis.com\/tunisie\/wp-content\/uploads\/2024\/05\/delegation-regionale-de-Tunis.jpg","datePublished":"2024-05-25T20:55:52+00:00","dateModified":"2024-05-25T21:06:00+00:00","breadcrumb":{"@id":"https:\/\/kapitalis.com\/tunisie\/2024\/05\/25\/limogeage-du-delegue-regional-de-leducation-de-tunis-1\/#breadcrumb"},"inLanguage":"fr-FR","potentialAction":[{"@type":"ReadAction","target":["https:\/\/kapitalis.com\/tunisie\/2024\/05\/25\/limogeage-du-delegue-regional-de-leducation-de-tunis-1\/"]}]},{"@type":"ImageObject","inLanguage":"fr-FR","@id":"https:\/\/kapitalis.com\/tunisie\/2024\/05\/25\/limogeage-du-delegue-regional-de-leducation-de-tunis-1\/#primaryimage","url":"https:\/\/kapitalis.com\/tunisie\/wp-content\/uploads\/2024\/05\/delegation-regionale-de-Tunis.jpg","contentUrl":"https:\/\/kapitalis.com\/tunisie\/wp-content\/uploads\/2024\/05\/delegation-regionale-de-Tunis.jpg","width":1200,"height":630},{"@type":"BreadcrumbList","@id":"https:\/\/kapitalis.com\/tunisie\/2024\/05\/25\/limogeage-du-delegue-regional-de-leducation-de-tunis-1\/#breadcrumb","itemListElement":[{"@type":"ListItem","position":1,"name":"Accueil","item":"https:\/\/kapitalis.com\/tunisie\/"},{"@type":"ListItem","position":2,"name":"Limogeage du d\u00e9l\u00e9gu\u00e9 r\u00e9gional de l&rsquo;\u00e9ducation de Tunis 1"}]},{"@type":"WebSite","@id":"https:\/\/kapitalis.com\/tunisie\/#website","url":"https:\/\/kapitalis.com\/tunisie\/","name":"Kapitalis","description":"L&#039;actualit\u00e9 en Tunisie et dans le monde","publisher":{"@id":"https:\/\/kapitalis.com\/tunisie\/#organization"},"potentialAction":[{"@type":"SearchAction","target":{"@type":"EntryPoint","urlTemplate":"https:\/\/kapitalis.com\/tunisie\/?s={search_term_string}"},"query-input":{"@type":"PropertyValueSpecification","valueRequired":true,"valueName":"search_term_string"}}],"inLanguage":"fr-FR"},{"@type":"Organization","@id":"https:\/\/kapitalis.com\/tunisie\/#organization","name":"Kapitalis","url":"https:\/\/kapitalis.com\/tunisie\/","logo":{"@type":"ImageObject","inLanguage":"fr-FR","@id":"https:\/\/kapitalis.com\/tunisie\/#\/schema\/logo\/image\/","url":"https:\/\/kapitalis.com\/tunisie\/wp-content\/uploads\/2022\/05\/Kapitalis-big-size.png","contentUrl":"https:\/\/kapitalis.com\/tunisie\/wp-content\/uploads\/2022\/05\/Kapitalis-big-size.png","width":5000,"height":1500,"caption":"Kapitalis"},"image":{"@id":"https:\/\/kapitalis.com\/tunisie\/#\/schema\/logo\/image\/"},"sameAs":["https:\/\/www.facebook.com\/KapitalisInfo\/","https:\/\/x.com\/KapitalisInfo","https:\/\/www.youtube.com\/channel\/UC-yDYrHyfFBWWZaOw3FPg9Q"]},{"@type":"Person","@id":"https:\/\/kapitalis.com\/tunisie\/#\/schema\/person\/74bbde0154d49d790a92aaeac5bc01d5","name":"Yusra NY","url":"https:\/\/kapitalis.com\/tunisie\/author\/yuza_adam\/"}]}},"_links":{"self":[{"href":"https:\/\/kapitalis.com\/tunisie\/wp-json\/wp\/v2\/posts\/12965717","targetHints":{"allow":["GET"]}}],"collection":[{"href":"https:\/\/kapitalis.com\/tunisie\/wp-json\/wp\/v2\/posts"}],"about":[{"href":"https:\/\/kapitalis.com\/tunisie\/wp-json\/wp\/v2\/types\/post"}],"author":[{"embeddable":true,"href":"https:\/\/kapitalis.com\/tunisie\/wp-json\/wp\/v2\/users\/6"}],"replies":[{"embeddable":true,"href":"https:\/\/kapitalis.com\/tunisie\/wp-json\/wp\/v2\/comments?post=12965717"}],"version-history":[{"count":4,"href":"https:\/\/kapitalis.com\/tunisie\/wp-json\/wp\/v2\/posts\/12965717\/revisions"}],"predecessor-version":[{"id":12965926,"href":"https:\/\/kapitalis.com\/tunisie\/wp-json\/wp\/v2\/posts\/12965717\/revisions\/12965926"}],"wp:featuredmedia":[{"embeddable":true,"href":"https:\/\/kapitalis.com\/tunisie\/wp-json\/wp\/v2\/media\/12965825"}],"wp:attachment":[{"href":"https:\/\/kapitalis.com\/tunisie\/wp-json\/wp\/v2\/media?parent=12965717"}],"wp:term":[{"taxonomy":"category","embeddable":true,"href":"https:\/\/kapitalis.com\/tunisie\/wp-json\/wp\/v2\/categories?post=12965717"},{"taxonomy":"post_tag","embeddable":true,"href":"https:\/\/kapitalis.com\/tunisie\/wp-json\/wp\/v2\/tags?post=12965717"}],"curies":[{"name":"wp","href":"https:\/\/api.w.org\/{rel}","templated":true}]}}