{"id":1297897,"date":"2022-06-07T00:04:08","date_gmt":"2022-06-06T23:04:08","guid":{"rendered":"https:\/\/kapitalis.com\/tunisie\/?p=1297897"},"modified":"2022-06-07T00:04:10","modified_gmt":"2022-06-06T23:04:10","slug":"tunisie-presidence-les-juges-en-greve-ne-seront-pas-payes-pour-les-jours-non-travailles","status":"publish","type":"post","link":"https:\/\/kapitalis.com\/tunisie\/2022\/06\/07\/tunisie-presidence-les-juges-en-greve-ne-seront-pas-payes-pour-les-jours-non-travailles\/","title":{"rendered":"Tunisie-Pr\u00e9sidence : Les juges en gr\u00e8ve ne seront pas pay\u00e9s pour les jours non-travaill\u00e9s"},"content":{"rendered":"\n<p><em><strong>Lors de sa rencontre, ce lundi 6 juin 2022, avec la ministre de la Justice Leila Jaffel, le pr\u00e9sident de la r\u00e9publique, Ka\u00efs Sa\u00efed a \u00e9voqu\u00e9 la continuit\u00e9 du service public, en soulignant la n\u00e9cessit\u00e9 de recourir aux pr\u00e9l\u00e8vements sur salaires des gr\u00e9vistes pour qu&rsquo;il n&rsquo;y ait pas atteinte aux int\u00e9r\u00eats des justiciables.<\/strong><\/em><\/p>\n\n\n\n<!--more-->\n\n\n\n<p>C&rsquo;est ce qu&rsquo;indique un communiqu\u00e9 de Carthage, en pr\u00e9cisant que le chef de l\u2019\u00c9tat, qui fait r\u00e9f\u00e9rence \u00e0 la gr\u00e8ve des magistrats qui a commenc\u00e9 aujourd&rsquo;hui et qui se poursuivra pendant une semaine, a indiqu\u00e9 que le service public ne peut \u00eatre arr\u00eat\u00e9, tout en appelant \u00e0 prendre d&rsquo;autres mesures pr\u00e9vues par la loi pour pr\u00e9server les droits et les int\u00e9r\u00eats des justiciables.<\/p>\n\n\n\n<p>Rappelons que les juges ont r\u00e9pondu \u00e0 l&rsquo;appel de l&rsquo;Association des magistrats tunisiens (AMT) et sont en gr\u00e8ve pour toute la semaine, sachant que que celle-ci pourrait \u00eatre prolong\u00e9e, si le chef de l&rsquo;Etat ne revenait pas sur la r\u00e9vocation de 57 juges, poursuivis, notamment, dans des affaires de corruption, de contrebande, ou d\u2019atteinte \u00e0 la s\u00e9curit\u00e9 entre autres abus.<\/p>\n\n\n\n<p>L&rsquo;AMT a de son c\u00f4t\u00e9,  qualifi\u00e9 cette d\u00e9cision de<em> \u00abmassacre judiciaire<\/em>\u00bb, en accusant le pr\u00e9sident d&rsquo;avoir port\u00e9 atteinte au corps judiciaire, et en affirmant que \u00ab<em>les limogeages n\u2019ont pas \u00e9t\u00e9 d\u00e9cid\u00e9s, comme pr\u00e9tendu, dans le cadre de lutte contre la corruption\u00bb, \u00e9voquant une \u00abliquidation d\u2019un certain nombre de juges qui ont tenu \u00e0 appliquer la loi en toute impartialit\u00e9, et refus\u00e9 de se soumettre aux pressions quotidiennes et publiques du pr\u00e9sident de la r\u00e9publique\u00bb.<\/em><\/p>\n\n\n\n<p class=\"has-text-align-right\"><strong>Y. N.<\/strong><\/p>\n\n\n\n<figure class=\"wp-block-embed is-type-wp-embed is-provider-kapitalis wp-block-embed-kapitalis\"><div class=\"wp-block-embed__wrapper\">\n<blockquote class=\"wp-embedded-content\" data-secret=\"HH1K8sgs0n\"><a href=\"https:\/\/kapitalis.com\/tunisie\/2022\/06\/02\/tunisie-remarques-preliminaires-sur-les-57-juges-revoques\/\">Tunisie\u00a0: remarques pr\u00e9liminaires sur les 57 juges r\u00e9voqu\u00e9s<\/a><\/blockquote><iframe loading=\"lazy\" class=\"wp-embedded-content\" sandbox=\"allow-scripts\" security=\"restricted\" style=\"position: absolute; clip: rect(1px, 1px, 1px, 1px);\" title=\"\u00ab\u00a0Tunisie\u00a0: remarques pr\u00e9liminaires sur les 57 juges r\u00e9voqu\u00e9s\u00a0\u00bb &#8212; Kapitalis\" src=\"https:\/\/kapitalis.com\/tunisie\/2022\/06\/02\/tunisie-remarques-preliminaires-sur-les-57-juges-revoques\/embed\/#?secret=WFkfKDNK0y#?secret=HH1K8sgs0n\" data-secret=\"HH1K8sgs0n\" width=\"600\" height=\"338\" frameborder=\"0\" marginwidth=\"0\" marginheight=\"0\" scrolling=\"no\"><\/iframe>\n<\/div><\/figure>\n\n\n\n<figure class=\"wp-block-embed is-type-wp-embed is-provider-kapitalis wp-block-embed-kapitalis\"><div class=\"wp-block-embed__wrapper\">\n<blockquote class=\"wp-embedded-content\" data-secret=\"Sws0ogOmU8\"><a href=\"https:\/\/kapitalis.com\/tunisie\/2022\/06\/02\/tunisie-liste-des-57-juges-limoges-par-decret-presidentiel-jort\/\">Tunisie : Liste des 57 juges limog\u00e9s par d\u00e9cret pr\u00e9sidentiel (Jort)<\/a><\/blockquote><iframe loading=\"lazy\" class=\"wp-embedded-content\" sandbox=\"allow-scripts\" security=\"restricted\" style=\"position: absolute; clip: rect(1px, 1px, 1px, 1px);\" title=\"\u00ab\u00a0Tunisie : Liste des 57 juges limog\u00e9s par d\u00e9cret pr\u00e9sidentiel (Jort)\u00a0\u00bb &#8212; Kapitalis\" src=\"https:\/\/kapitalis.com\/tunisie\/2022\/06\/02\/tunisie-liste-des-57-juges-limoges-par-decret-presidentiel-jort\/embed\/#?secret=wrC8Poeg3Z#?secret=Sws0ogOmU8\" data-secret=\"Sws0ogOmU8\" width=\"600\" height=\"338\" frameborder=\"0\" marginwidth=\"0\" marginheight=\"0\" scrolling=\"no\"><\/iframe>\n<\/div><\/figure>\n","protected":false},"excerpt":{"rendered":"<p>Tunisie-Pr\u00e9sidence : Les magistrats gr\u00e9vistes ne seront pas pay\u00e9s pour les jours non-travaill\u00e9s<\/p>\n","protected":false},"author":6,"featured_media":1297961,"comment_status":"open","ping_status":"open","sticky":false,"template":"","format":"standard","meta":{"footnotes":""},"categories":[997,998,2433],"tags":[71,425,100371,2319,64355,76012,4650,7513,62643],"class_list":["post-1297897","post","type-post","status-publish","format-standard","has-post-thumbnail","hentry","category-politique","category-societe","category-tunisie","tag-amt","tag-greve","tag-jafeel","tag-juges","tag-justice","tag-kais-saied-2","tag-magistrats","tag-remuneration","tag-tunisie"],"yoast_head":"<!-- This site is optimized with the Yoast SEO plugin v26.6 - https:\/\/yoast.com\/wordpress\/plugins\/seo\/ -->\n<title>Tunisie-Pr\u00e9sidence : Les juges en gr\u00e8ve ne seront pas pay\u00e9s pour les jours non-travaill\u00e9s - Kapitalis<\/title>\n<meta name=\"description\" content=\"Lors de sa rencontre, ce lundi 6 juin 2022, avec la ministre de la Justice Leila Jaffel, le pr\u00e9sident de la R\u00e9publique, Ka\u00efs Sa\u00efed a \u00e9voqu\u00e9 la continuit\u00e9 du service public, en soulignant la n\u00e9cessit\u00e9 de recourir aux pr\u00e9l\u00e8vements sur salaires pour qu&#039;il ny ait pas atteinte aux int\u00e9r\u00eats des justiciables.\" \/>\n<meta name=\"robots\" content=\"index, follow, max-snippet:-1, max-image-preview:large, max-video-preview:-1\" \/>\n<link rel=\"canonical\" href=\"https:\/\/kapitalis.com\/tunisie\/2022\/06\/07\/tunisie-presidence-les-juges-en-greve-ne-seront-pas-payes-pour-les-jours-non-travailles\/\" \/>\n<meta property=\"og:locale\" content=\"fr_FR\" \/>\n<meta property=\"og:type\" content=\"article\" \/>\n<meta property=\"og:title\" content=\"Tunisie-Pr\u00e9sidence : Les juges en gr\u00e8ve ne seront pas pay\u00e9s pour les jours non-travaill\u00e9s - Kapitalis\" \/>\n<meta property=\"og:description\" content=\"Lors de sa rencontre, ce lundi 6 juin 2022, avec la ministre de la Justice Leila Jaffel, le pr\u00e9sident de la R\u00e9publique, Ka\u00efs Sa\u00efed a \u00e9voqu\u00e9 la continuit\u00e9 du service public, en soulignant la n\u00e9cessit\u00e9 de recourir aux pr\u00e9l\u00e8vements sur salaires pour qu&#039;il ny ait pas atteinte aux int\u00e9r\u00eats des justiciables.\" \/>\n<meta property=\"og:url\" content=\"https:\/\/kapitalis.com\/tunisie\/2022\/06\/07\/tunisie-presidence-les-juges-en-greve-ne-seront-pas-payes-pour-les-jours-non-travailles\/\" \/>\n<meta property=\"og:site_name\" content=\"Kapitalis\" \/>\n<meta property=\"article:publisher\" content=\"https:\/\/www.facebook.com\/KapitalisInfo\/\" \/>\n<meta property=\"article:published_time\" content=\"2022-06-06T23:04:08+00:00\" \/>\n<meta property=\"article:modified_time\" content=\"2022-06-06T23:04:10+00:00\" \/>\n<meta property=\"og:image\" content=\"https:\/\/kapitalis.com\/tunisie\/wp-content\/uploads\/2022\/06\/Saied-Jaffel.jpg\" \/>\n\t<meta property=\"og:image:width\" content=\"1200\" \/>\n\t<meta property=\"og:image:height\" content=\"630\" \/>\n\t<meta property=\"og:image:type\" content=\"image\/jpeg\" \/>\n<meta name=\"author\" content=\"Yusra NY\" \/>\n<meta name=\"twitter:card\" content=\"summary_large_image\" \/>\n<meta name=\"twitter:creator\" content=\"@KapitalisInfo\" \/>\n<meta name=\"twitter:site\" content=\"@KapitalisInfo\" \/>\n<meta name=\"twitter:label1\" content=\"\u00c9crit par\" \/>\n\t<meta name=\"twitter:data1\" content=\"Yusra NY\" \/>\n\t<meta name=\"twitter:label2\" content=\"Dur\u00e9e de lecture estim\u00e9e\" \/>\n\t<meta name=\"twitter:data2\" content=\"2 minutes\" \/>\n<script type=\"application\/ld+json\" class=\"yoast-schema-graph\">{\"@context\":\"https:\/\/schema.org\",\"@graph\":[{\"@type\":\"Article\",\"@id\":\"https:\/\/kapitalis.com\/tunisie\/2022\/06\/07\/tunisie-presidence-les-juges-en-greve-ne-seront-pas-payes-pour-les-jours-non-travailles\/#article\",\"isPartOf\":{\"@id\":\"https:\/\/kapitalis.com\/tunisie\/2022\/06\/07\/tunisie-presidence-les-juges-en-greve-ne-seront-pas-payes-pour-les-jours-non-travailles\/\"},\"author\":{\"name\":\"Yusra NY\",\"@id\":\"https:\/\/kapitalis.com\/tunisie\/#\/schema\/person\/74bbde0154d49d790a92aaeac5bc01d5\"},\"headline\":\"Tunisie-Pr\u00e9sidence : Les juges en gr\u00e8ve ne seront pas pay\u00e9s pour les jours non-travaill\u00e9s\",\"datePublished\":\"2022-06-06T23:04:08+00:00\",\"dateModified\":\"2022-06-06T23:04:10+00:00\",\"mainEntityOfPage\":{\"@id\":\"https:\/\/kapitalis.com\/tunisie\/2022\/06\/07\/tunisie-presidence-les-juges-en-greve-ne-seront-pas-payes-pour-les-jours-non-travailles\/\"},\"wordCount\":309,\"commentCount\":2,\"publisher\":{\"@id\":\"https:\/\/kapitalis.com\/tunisie\/#organization\"},\"image\":{\"@id\":\"https:\/\/kapitalis.com\/tunisie\/2022\/06\/07\/tunisie-presidence-les-juges-en-greve-ne-seront-pas-payes-pour-les-jours-non-travailles\/#primaryimage\"},\"thumbnailUrl\":\"https:\/\/kapitalis.com\/tunisie\/wp-content\/uploads\/2022\/06\/Saied-Jaffel.jpg\",\"keywords\":[\"AMT\",\"gr\u00e8ve\",\"Jafeel\",\"juges\",\"justice\",\"Ka\u00efs Sa\u00efed\",\"magistrats\",\"r\u00e9mun\u00e9ration\",\"Tunisie\"],\"articleSection\":[\"POLITIQUE\",\"SOCIETE\",\"Tunisie\"],\"inLanguage\":\"fr-FR\",\"potentialAction\":[{\"@type\":\"CommentAction\",\"name\":\"Comment\",\"target\":[\"https:\/\/kapitalis.com\/tunisie\/2022\/06\/07\/tunisie-presidence-les-juges-en-greve-ne-seront-pas-payes-pour-les-jours-non-travailles\/#respond\"]}]},{\"@type\":\"WebPage\",\"@id\":\"https:\/\/kapitalis.com\/tunisie\/2022\/06\/07\/tunisie-presidence-les-juges-en-greve-ne-seront-pas-payes-pour-les-jours-non-travailles\/\",\"url\":\"https:\/\/kapitalis.com\/tunisie\/2022\/06\/07\/tunisie-presidence-les-juges-en-greve-ne-seront-pas-payes-pour-les-jours-non-travailles\/\",\"name\":\"Tunisie-Pr\u00e9sidence : Les juges en gr\u00e8ve ne seront pas pay\u00e9s pour les jours non-travaill\u00e9s - Kapitalis\",\"isPartOf\":{\"@id\":\"https:\/\/kapitalis.com\/tunisie\/#website\"},\"primaryImageOfPage\":{\"@id\":\"https:\/\/kapitalis.com\/tunisie\/2022\/06\/07\/tunisie-presidence-les-juges-en-greve-ne-seront-pas-payes-pour-les-jours-non-travailles\/#primaryimage\"},\"image\":{\"@id\":\"https:\/\/kapitalis.com\/tunisie\/2022\/06\/07\/tunisie-presidence-les-juges-en-greve-ne-seront-pas-payes-pour-les-jours-non-travailles\/#primaryimage\"},\"thumbnailUrl\":\"https:\/\/kapitalis.com\/tunisie\/wp-content\/uploads\/2022\/06\/Saied-Jaffel.jpg\",\"datePublished\":\"2022-06-06T23:04:08+00:00\",\"dateModified\":\"2022-06-06T23:04:10+00:00\",\"description\":\"Lors de sa rencontre, ce lundi 6 juin 2022, avec la ministre de la Justice Leila Jaffel, le pr\u00e9sident de la R\u00e9publique, Ka\u00efs Sa\u00efed a \u00e9voqu\u00e9 la continuit\u00e9 du service public, en soulignant la n\u00e9cessit\u00e9 de recourir aux pr\u00e9l\u00e8vements sur salaires pour qu'il ny ait pas atteinte aux int\u00e9r\u00eats des justiciables.\",\"breadcrumb\":{\"@id\":\"https:\/\/kapitalis.com\/tunisie\/2022\/06\/07\/tunisie-presidence-les-juges-en-greve-ne-seront-pas-payes-pour-les-jours-non-travailles\/#breadcrumb\"},\"inLanguage\":\"fr-FR\",\"potentialAction\":[{\"@type\":\"ReadAction\",\"target\":[\"https:\/\/kapitalis.com\/tunisie\/2022\/06\/07\/tunisie-presidence-les-juges-en-greve-ne-seront-pas-payes-pour-les-jours-non-travailles\/\"]}]},{\"@type\":\"ImageObject\",\"inLanguage\":\"fr-FR\",\"@id\":\"https:\/\/kapitalis.com\/tunisie\/2022\/06\/07\/tunisie-presidence-les-juges-en-greve-ne-seront-pas-payes-pour-les-jours-non-travailles\/#primaryimage\",\"url\":\"https:\/\/kapitalis.com\/tunisie\/wp-content\/uploads\/2022\/06\/Saied-Jaffel.jpg\",\"contentUrl\":\"https:\/\/kapitalis.com\/tunisie\/wp-content\/uploads\/2022\/06\/Saied-Jaffel.jpg\",\"width\":1200,\"height\":630},{\"@type\":\"BreadcrumbList\",\"@id\":\"https:\/\/kapitalis.com\/tunisie\/2022\/06\/07\/tunisie-presidence-les-juges-en-greve-ne-seront-pas-payes-pour-les-jours-non-travailles\/#breadcrumb\",\"itemListElement\":[{\"@type\":\"ListItem\",\"position\":1,\"name\":\"Accueil\",\"item\":\"https:\/\/kapitalis.com\/tunisie\/\"},{\"@type\":\"ListItem\",\"position\":2,\"name\":\"Tunisie-Pr\u00e9sidence : Les juges en gr\u00e8ve ne seront pas pay\u00e9s pour les jours non-travaill\u00e9s\"}]},{\"@type\":\"WebSite\",\"@id\":\"https:\/\/kapitalis.com\/tunisie\/#website\",\"url\":\"https:\/\/kapitalis.com\/tunisie\/\",\"name\":\"Kapitalis\",\"description\":\"L&#039;actualit\u00e9 en Tunisie et dans le monde\",\"publisher\":{\"@id\":\"https:\/\/kapitalis.com\/tunisie\/#organization\"},\"potentialAction\":[{\"@type\":\"SearchAction\",\"target\":{\"@type\":\"EntryPoint\",\"urlTemplate\":\"https:\/\/kapitalis.com\/tunisie\/?s={search_term_string}\"},\"query-input\":{\"@type\":\"PropertyValueSpecification\",\"valueRequired\":true,\"valueName\":\"search_term_string\"}}],\"inLanguage\":\"fr-FR\"},{\"@type\":\"Organization\",\"@id\":\"https:\/\/kapitalis.com\/tunisie\/#organization\",\"name\":\"Kapitalis\",\"url\":\"https:\/\/kapitalis.com\/tunisie\/\",\"logo\":{\"@type\":\"ImageObject\",\"inLanguage\":\"fr-FR\",\"@id\":\"https:\/\/kapitalis.com\/tunisie\/#\/schema\/logo\/image\/\",\"url\":\"https:\/\/kapitalis.com\/tunisie\/wp-content\/uploads\/2022\/05\/Kapitalis-big-size.png\",\"contentUrl\":\"https:\/\/kapitalis.com\/tunisie\/wp-content\/uploads\/2022\/05\/Kapitalis-big-size.png\",\"width\":5000,\"height\":1500,\"caption\":\"Kapitalis\"},\"image\":{\"@id\":\"https:\/\/kapitalis.com\/tunisie\/#\/schema\/logo\/image\/\"},\"sameAs\":[\"https:\/\/www.facebook.com\/KapitalisInfo\/\",\"https:\/\/x.com\/KapitalisInfo\",\"https:\/\/www.youtube.com\/channel\/UC-yDYrHyfFBWWZaOw3FPg9Q\"]},{\"@type\":\"Person\",\"@id\":\"https:\/\/kapitalis.com\/tunisie\/#\/schema\/person\/74bbde0154d49d790a92aaeac5bc01d5\",\"name\":\"Yusra NY\",\"url\":\"https:\/\/kapitalis.com\/tunisie\/author\/yuza_adam\/\"}]}<\/script>\n<!-- \/ Yoast SEO plugin. -->","yoast_head_json":{"title":"Tunisie-Pr\u00e9sidence : Les juges en gr\u00e8ve ne seront pas pay\u00e9s pour les jours non-travaill\u00e9s - Kapitalis","description":"Lors de sa rencontre, ce lundi 6 juin 2022, avec la ministre de la Justice Leila Jaffel, le pr\u00e9sident de la R\u00e9publique, Ka\u00efs Sa\u00efed a \u00e9voqu\u00e9 la continuit\u00e9 du service public, en soulignant la n\u00e9cessit\u00e9 de recourir aux pr\u00e9l\u00e8vements sur salaires pour qu'il ny ait pas atteinte aux int\u00e9r\u00eats des justiciables.","robots":{"index":"index","follow":"follow","max-snippet":"max-snippet:-1","max-image-preview":"max-image-preview:large","max-video-preview":"max-video-preview:-1"},"canonical":"https:\/\/kapitalis.com\/tunisie\/2022\/06\/07\/tunisie-presidence-les-juges-en-greve-ne-seront-pas-payes-pour-les-jours-non-travailles\/","og_locale":"fr_FR","og_type":"article","og_title":"Tunisie-Pr\u00e9sidence : Les juges en gr\u00e8ve ne seront pas pay\u00e9s pour les jours non-travaill\u00e9s - Kapitalis","og_description":"Lors de sa rencontre, ce lundi 6 juin 2022, avec la ministre de la Justice Leila Jaffel, le pr\u00e9sident de la R\u00e9publique, Ka\u00efs Sa\u00efed a \u00e9voqu\u00e9 la continuit\u00e9 du service public, en soulignant la n\u00e9cessit\u00e9 de recourir aux pr\u00e9l\u00e8vements sur salaires pour qu'il ny ait pas atteinte aux int\u00e9r\u00eats des justiciables.","og_url":"https:\/\/kapitalis.com\/tunisie\/2022\/06\/07\/tunisie-presidence-les-juges-en-greve-ne-seront-pas-payes-pour-les-jours-non-travailles\/","og_site_name":"Kapitalis","article_publisher":"https:\/\/www.facebook.com\/KapitalisInfo\/","article_published_time":"2022-06-06T23:04:08+00:00","article_modified_time":"2022-06-06T23:04:10+00:00","og_image":[{"width":1200,"height":630,"url":"https:\/\/kapitalis.com\/tunisie\/wp-content\/uploads\/2022\/06\/Saied-Jaffel.jpg","type":"image\/jpeg"}],"author":"Yusra NY","twitter_card":"summary_large_image","twitter_creator":"@KapitalisInfo","twitter_site":"@KapitalisInfo","twitter_misc":{"\u00c9crit par":"Yusra NY","Dur\u00e9e de lecture estim\u00e9e":"2 minutes"},"schema":{"@context":"https:\/\/schema.org","@graph":[{"@type":"Article","@id":"https:\/\/kapitalis.com\/tunisie\/2022\/06\/07\/tunisie-presidence-les-juges-en-greve-ne-seront-pas-payes-pour-les-jours-non-travailles\/#article","isPartOf":{"@id":"https:\/\/kapitalis.com\/tunisie\/2022\/06\/07\/tunisie-presidence-les-juges-en-greve-ne-seront-pas-payes-pour-les-jours-non-travailles\/"},"author":{"name":"Yusra NY","@id":"https:\/\/kapitalis.com\/tunisie\/#\/schema\/person\/74bbde0154d49d790a92aaeac5bc01d5"},"headline":"Tunisie-Pr\u00e9sidence : Les juges en gr\u00e8ve ne seront pas pay\u00e9s pour les jours non-travaill\u00e9s","datePublished":"2022-06-06T23:04:08+00:00","dateModified":"2022-06-06T23:04:10+00:00","mainEntityOfPage":{"@id":"https:\/\/kapitalis.com\/tunisie\/2022\/06\/07\/tunisie-presidence-les-juges-en-greve-ne-seront-pas-payes-pour-les-jours-non-travailles\/"},"wordCount":309,"commentCount":2,"publisher":{"@id":"https:\/\/kapitalis.com\/tunisie\/#organization"},"image":{"@id":"https:\/\/kapitalis.com\/tunisie\/2022\/06\/07\/tunisie-presidence-les-juges-en-greve-ne-seront-pas-payes-pour-les-jours-non-travailles\/#primaryimage"},"thumbnailUrl":"https:\/\/kapitalis.com\/tunisie\/wp-content\/uploads\/2022\/06\/Saied-Jaffel.jpg","keywords":["AMT","gr\u00e8ve","Jafeel","juges","justice","Ka\u00efs Sa\u00efed","magistrats","r\u00e9mun\u00e9ration","Tunisie"],"articleSection":["POLITIQUE","SOCIETE","Tunisie"],"inLanguage":"fr-FR","potentialAction":[{"@type":"CommentAction","name":"Comment","target":["https:\/\/kapitalis.com\/tunisie\/2022\/06\/07\/tunisie-presidence-les-juges-en-greve-ne-seront-pas-payes-pour-les-jours-non-travailles\/#respond"]}]},{"@type":"WebPage","@id":"https:\/\/kapitalis.com\/tunisie\/2022\/06\/07\/tunisie-presidence-les-juges-en-greve-ne-seront-pas-payes-pour-les-jours-non-travailles\/","url":"https:\/\/kapitalis.com\/tunisie\/2022\/06\/07\/tunisie-presidence-les-juges-en-greve-ne-seront-pas-payes-pour-les-jours-non-travailles\/","name":"Tunisie-Pr\u00e9sidence : Les juges en gr\u00e8ve ne seront pas pay\u00e9s pour les jours non-travaill\u00e9s - Kapitalis","isPartOf":{"@id":"https:\/\/kapitalis.com\/tunisie\/#website"},"primaryImageOfPage":{"@id":"https:\/\/kapitalis.com\/tunisie\/2022\/06\/07\/tunisie-presidence-les-juges-en-greve-ne-seront-pas-payes-pour-les-jours-non-travailles\/#primaryimage"},"image":{"@id":"https:\/\/kapitalis.com\/tunisie\/2022\/06\/07\/tunisie-presidence-les-juges-en-greve-ne-seront-pas-payes-pour-les-jours-non-travailles\/#primaryimage"},"thumbnailUrl":"https:\/\/kapitalis.com\/tunisie\/wp-content\/uploads\/2022\/06\/Saied-Jaffel.jpg","datePublished":"2022-06-06T23:04:08+00:00","dateModified":"2022-06-06T23:04:10+00:00","description":"Lors de sa rencontre, ce lundi 6 juin 2022, avec la ministre de la Justice Leila Jaffel, le pr\u00e9sident de la R\u00e9publique, Ka\u00efs Sa\u00efed a \u00e9voqu\u00e9 la continuit\u00e9 du service public, en soulignant la n\u00e9cessit\u00e9 de recourir aux pr\u00e9l\u00e8vements sur salaires pour qu'il ny ait pas atteinte aux int\u00e9r\u00eats des justiciables.","breadcrumb":{"@id":"https:\/\/kapitalis.com\/tunisie\/2022\/06\/07\/tunisie-presidence-les-juges-en-greve-ne-seront-pas-payes-pour-les-jours-non-travailles\/#breadcrumb"},"inLanguage":"fr-FR","potentialAction":[{"@type":"ReadAction","target":["https:\/\/kapitalis.com\/tunisie\/2022\/06\/07\/tunisie-presidence-les-juges-en-greve-ne-seront-pas-payes-pour-les-jours-non-travailles\/"]}]},{"@type":"ImageObject","inLanguage":"fr-FR","@id":"https:\/\/kapitalis.com\/tunisie\/2022\/06\/07\/tunisie-presidence-les-juges-en-greve-ne-seront-pas-payes-pour-les-jours-non-travailles\/#primaryimage","url":"https:\/\/kapitalis.com\/tunisie\/wp-content\/uploads\/2022\/06\/Saied-Jaffel.jpg","contentUrl":"https:\/\/kapitalis.com\/tunisie\/wp-content\/uploads\/2022\/06\/Saied-Jaffel.jpg","width":1200,"height":630},{"@type":"BreadcrumbList","@id":"https:\/\/kapitalis.com\/tunisie\/2022\/06\/07\/tunisie-presidence-les-juges-en-greve-ne-seront-pas-payes-pour-les-jours-non-travailles\/#breadcrumb","itemListElement":[{"@type":"ListItem","position":1,"name":"Accueil","item":"https:\/\/kapitalis.com\/tunisie\/"},{"@type":"ListItem","position":2,"name":"Tunisie-Pr\u00e9sidence : Les juges en gr\u00e8ve ne seront pas pay\u00e9s pour les jours non-travaill\u00e9s"}]},{"@type":"WebSite","@id":"https:\/\/kapitalis.com\/tunisie\/#website","url":"https:\/\/kapitalis.com\/tunisie\/","name":"Kapitalis","description":"L&#039;actualit\u00e9 en Tunisie et dans le monde","publisher":{"@id":"https:\/\/kapitalis.com\/tunisie\/#organization"},"potentialAction":[{"@type":"SearchAction","target":{"@type":"EntryPoint","urlTemplate":"https:\/\/kapitalis.com\/tunisie\/?s={search_term_string}"},"query-input":{"@type":"PropertyValueSpecification","valueRequired":true,"valueName":"search_term_string"}}],"inLanguage":"fr-FR"},{"@type":"Organization","@id":"https:\/\/kapitalis.com\/tunisie\/#organization","name":"Kapitalis","url":"https:\/\/kapitalis.com\/tunisie\/","logo":{"@type":"ImageObject","inLanguage":"fr-FR","@id":"https:\/\/kapitalis.com\/tunisie\/#\/schema\/logo\/image\/","url":"https:\/\/kapitalis.com\/tunisie\/wp-content\/uploads\/2022\/05\/Kapitalis-big-size.png","contentUrl":"https:\/\/kapitalis.com\/tunisie\/wp-content\/uploads\/2022\/05\/Kapitalis-big-size.png","width":5000,"height":1500,"caption":"Kapitalis"},"image":{"@id":"https:\/\/kapitalis.com\/tunisie\/#\/schema\/logo\/image\/"},"sameAs":["https:\/\/www.facebook.com\/KapitalisInfo\/","https:\/\/x.com\/KapitalisInfo","https:\/\/www.youtube.com\/channel\/UC-yDYrHyfFBWWZaOw3FPg9Q"]},{"@type":"Person","@id":"https:\/\/kapitalis.com\/tunisie\/#\/schema\/person\/74bbde0154d49d790a92aaeac5bc01d5","name":"Yusra NY","url":"https:\/\/kapitalis.com\/tunisie\/author\/yuza_adam\/"}]}},"_links":{"self":[{"href":"https:\/\/kapitalis.com\/tunisie\/wp-json\/wp\/v2\/posts\/1297897","targetHints":{"allow":["GET"]}}],"collection":[{"href":"https:\/\/kapitalis.com\/tunisie\/wp-json\/wp\/v2\/posts"}],"about":[{"href":"https:\/\/kapitalis.com\/tunisie\/wp-json\/wp\/v2\/types\/post"}],"author":[{"embeddable":true,"href":"https:\/\/kapitalis.com\/tunisie\/wp-json\/wp\/v2\/users\/6"}],"replies":[{"embeddable":true,"href":"https:\/\/kapitalis.com\/tunisie\/wp-json\/wp\/v2\/comments?post=1297897"}],"version-history":[{"count":0,"href":"https:\/\/kapitalis.com\/tunisie\/wp-json\/wp\/v2\/posts\/1297897\/revisions"}],"wp:featuredmedia":[{"embeddable":true,"href":"https:\/\/kapitalis.com\/tunisie\/wp-json\/wp\/v2\/media\/1297961"}],"wp:attachment":[{"href":"https:\/\/kapitalis.com\/tunisie\/wp-json\/wp\/v2\/media?parent=1297897"}],"wp:term":[{"taxonomy":"category","embeddable":true,"href":"https:\/\/kapitalis.com\/tunisie\/wp-json\/wp\/v2\/categories?post=1297897"},{"taxonomy":"post_tag","embeddable":true,"href":"https:\/\/kapitalis.com\/tunisie\/wp-json\/wp\/v2\/tags?post=1297897"}],"curies":[{"name":"wp","href":"https:\/\/api.w.org\/{rel}","templated":true}]}}