{"id":130016,"date":"2017-12-25T14:07:08","date_gmt":"2017-12-25T13:07:08","guid":{"rendered":"http:\/\/kapitalis.com\/tunisie\/?p=130016"},"modified":"2017-12-25T14:07:08","modified_gmt":"2017-12-25T13:07:08","slug":"2017-2018-luniversite-de-tunis-el-manar-classee-703e-monde","status":"publish","type":"post","link":"https:\/\/kapitalis.com\/tunisie\/2017\/12\/25\/2017-2018-luniversite-de-tunis-el-manar-classee-703e-monde\/","title":{"rendered":"2017-2018: L\u2019Universit\u00e9 de Tunis El-Manar class\u00e9e 703e dans le monde"},"content":{"rendered":"<p style=\"text-align: center;\"><img loading=\"lazy\" decoding=\"async\" class=\"alignnone size-full wp-image-130017\" src=\"http:\/\/kapitalis.com\/tunisie\/wp-content\/uploads\/2017\/12\/Universite-El-Manar.jpg\" alt=\"\" width=\"626\" height=\"380\" \/><\/p>\n<p><em><strong>L\u2019Universit\u00e9 de Tunis El-Manar (UTM) est class\u00e9e 1\u00e8re en Tunisie, 9e en Afrique et 703e dans le monde dans un classement qui en copte 800.<\/strong> <\/em><\/p>\n<p><!--more--><\/p>\n<p>Ce classement pour l\u2019ann\u00e9e 2017-2018 a \u00e9t\u00e9 r\u00e9alis\u00e9 par University Ranking by Academic Performance (URAP), un organisme international de classement des universit\u00e9s.<\/p>\n<p>Le classement de l\u2019URAP est bas\u00e9 sur la qualit\u00e9 et la quantit\u00e9 de recherche \u00e0 partir de la base <em>\u00abIncites\u00bb<\/em> de <em>\u00abWeb Of Science\u00bb<\/em>\u2026<\/p>\n<p>L\u2019UTM a progress\u00e9 de 327 places \u00e0 l&rsquo;\u00e9chelle mondiale et de 7 places au niveau africain en l\u2019espace d&rsquo;une ann\u00e9e.<\/p>\n<p><em>\u00abA noter aussi, que l\u2019UTM a \u00e9t\u00e9 mieux class\u00e9e que les universit\u00e9s de Lubeck (Allemagne), de Wroclaw (Pologne), d&rsquo;Angers, de Paris 13, de Cr\u00e9teil, de Paris-Dauphine, de Poitiers (France), du Missouri, du Texas, de l&rsquo;Arkansas, de Nevada, de Ohio, (Etats-Unis), etc.\u00bb<\/em>, note, dans un communiqu\u00e9 publi\u00e9 aujourd\u2019hui, lundi 25 d\u00e9cembre 2017, le pr\u00e9sident de l\u2019UTM, sign\u00e9 par Fethi Sellaouti.<\/p>\n<p><em>\u00abCette avanc\u00e9e est le fruit d\u2019un travail colossal, effectu\u00e9 par l\u2019UTM au profit de toutes les universit\u00e9s tunisiennes. Elle a r\u00e9ussi \u00e0 rattacher les publications de chaque institution \u00e0 son universit\u00e9 de tutelle. Ensuite, elle a fait la m\u00eame chose pour les publications des structures de recherche rattach\u00e9es aux centres hospitaliers universitaires (CHU) et dont les membres sont des enseignants dans les facult\u00e9s de m\u00e9decine\u00bb<\/em>, explique encore le communiqu\u00e9.<\/p>\n<p>L\u2019UTM a connu une progression continue depuis 2011-2012, gagnant 1095 places en 7 ans, passant de 1798e \u00e0 la 703e place.<\/p>\n<p style=\"text-align: right;\"><strong>I. B.<\/strong> (avec communiqu\u00e9).<\/p>\n<p><a href=\"http:\/\/www.urapcenter.org\/2017\/country.php?ccode=TN&amp;rank=all\"><em><strong>Classement tunisien<\/strong><\/em><\/a>.<\/p>\n<p><a href=\"http:\/\/www.urapcenter.org\/2017\/region.php?rcode=AF\"><em><strong>Classement africain.<\/strong><\/em><\/a><\/p>\n<p><a href=\"http:\/\/www.urapcenter.org\/2017\/world.php?q=MS0yNTAw\"><em><strong>Classement mondial.\u00a0<\/strong><\/em><\/a><\/p>\n","protected":false},"excerpt":{"rendered":"<p>L\u2019Universit\u00e9 de Tunis El-Manar (UTM) est class\u00e9e 1\u00e8re en Tunisie, 9e en Afrique et 703e dans le monde dans un classement qui en copte 800.<\/p>\n","protected":false},"author":8,"featured_media":130017,"comment_status":"open","ping_status":"open","sticky":false,"template":"","format":"standard","meta":{"footnotes":""},"categories":[998,2433],"tags":[],"class_list":["post-130016","post","type-post","status-publish","format-standard","has-post-thumbnail","hentry","category-societe","category-tunisie"],"yoast_head":"<!-- This site is optimized with the Yoast SEO plugin v26.6 - https:\/\/yoast.com\/wordpress\/plugins\/seo\/ -->\n<title>2017-2018: L\u2019Universit\u00e9 de Tunis El-Manar class\u00e9e 703e dans le monde - Kapitalis<\/title>\n<meta name=\"robots\" content=\"index, follow, max-snippet:-1, max-image-preview:large, max-video-preview:-1\" \/>\n<link rel=\"canonical\" href=\"https:\/\/kapitalis.com\/tunisie\/2017\/12\/25\/2017-2018-luniversite-de-tunis-el-manar-classee-703e-monde\/\" \/>\n<meta property=\"og:locale\" content=\"fr_FR\" \/>\n<meta property=\"og:type\" content=\"article\" \/>\n<meta property=\"og:title\" content=\"2017-2018: L\u2019Universit\u00e9 de Tunis El-Manar class\u00e9e 703e dans le monde - Kapitalis\" \/>\n<meta property=\"og:description\" content=\"L\u2019Universit\u00e9 de Tunis El-Manar (UTM) est class\u00e9e 1\u00e8re en Tunisie, 9e en Afrique et 703e dans le monde dans un classement qui en copte 800.\" \/>\n<meta property=\"og:url\" content=\"https:\/\/kapitalis.com\/tunisie\/2017\/12\/25\/2017-2018-luniversite-de-tunis-el-manar-classee-703e-monde\/\" \/>\n<meta property=\"og:site_name\" content=\"Kapitalis\" \/>\n<meta property=\"article:publisher\" content=\"https:\/\/www.facebook.com\/KapitalisInfo\/\" \/>\n<meta property=\"article:published_time\" content=\"2017-12-25T13:07:08+00:00\" \/>\n<meta property=\"og:image\" content=\"https:\/\/kapitalis.com\/tunisie\/wp-content\/uploads\/2022\/05\/kapitalis-logo-fb.png\" \/>\n\t<meta property=\"og:image:width\" content=\"1200\" \/>\n\t<meta property=\"og:image:height\" content=\"630\" \/>\n\t<meta property=\"og:image:type\" content=\"image\/png\" \/>\n<meta name=\"author\" content=\"webmaster kapitalis\" \/>\n<meta name=\"twitter:card\" content=\"summary_large_image\" \/>\n<meta name=\"twitter:creator\" content=\"@KapitalisInfo\" \/>\n<meta name=\"twitter:site\" content=\"@KapitalisInfo\" \/>\n<meta name=\"twitter:label1\" content=\"\u00c9crit par\" \/>\n\t<meta name=\"twitter:data1\" content=\"webmaster kapitalis\" \/>\n\t<meta name=\"twitter:label2\" content=\"Dur\u00e9e de lecture estim\u00e9e\" \/>\n\t<meta name=\"twitter:data2\" content=\"1 minute\" \/>\n<script type=\"application\/ld+json\" class=\"yoast-schema-graph\">{\"@context\":\"https:\/\/schema.org\",\"@graph\":[{\"@type\":\"Article\",\"@id\":\"https:\/\/kapitalis.com\/tunisie\/2017\/12\/25\/2017-2018-luniversite-de-tunis-el-manar-classee-703e-monde\/#article\",\"isPartOf\":{\"@id\":\"https:\/\/kapitalis.com\/tunisie\/2017\/12\/25\/2017-2018-luniversite-de-tunis-el-manar-classee-703e-monde\/\"},\"author\":{\"name\":\"webmaster kapitalis\",\"@id\":\"https:\/\/kapitalis.com\/tunisie\/#\/schema\/person\/d71f33a9ca44f7bad4698210b480c8e9\"},\"headline\":\"2017-2018: L\u2019Universit\u00e9 de Tunis El-Manar class\u00e9e 703e dans le monde\",\"datePublished\":\"2017-12-25T13:07:08+00:00\",\"mainEntityOfPage\":{\"@id\":\"https:\/\/kapitalis.com\/tunisie\/2017\/12\/25\/2017-2018-luniversite-de-tunis-el-manar-classee-703e-monde\/\"},\"wordCount\":278,\"commentCount\":1,\"publisher\":{\"@id\":\"https:\/\/kapitalis.com\/tunisie\/#organization\"},\"image\":{\"@id\":\"https:\/\/kapitalis.com\/tunisie\/2017\/12\/25\/2017-2018-luniversite-de-tunis-el-manar-classee-703e-monde\/#primaryimage\"},\"thumbnailUrl\":\"\",\"articleSection\":[\"SOCIETE\",\"Tunisie\"],\"inLanguage\":\"fr-FR\",\"potentialAction\":[{\"@type\":\"CommentAction\",\"name\":\"Comment\",\"target\":[\"https:\/\/kapitalis.com\/tunisie\/2017\/12\/25\/2017-2018-luniversite-de-tunis-el-manar-classee-703e-monde\/#respond\"]}]},{\"@type\":\"WebPage\",\"@id\":\"https:\/\/kapitalis.com\/tunisie\/2017\/12\/25\/2017-2018-luniversite-de-tunis-el-manar-classee-703e-monde\/\",\"url\":\"https:\/\/kapitalis.com\/tunisie\/2017\/12\/25\/2017-2018-luniversite-de-tunis-el-manar-classee-703e-monde\/\",\"name\":\"2017-2018: L\u2019Universit\u00e9 de Tunis El-Manar class\u00e9e 703e dans le monde - Kapitalis\",\"isPartOf\":{\"@id\":\"https:\/\/kapitalis.com\/tunisie\/#website\"},\"primaryImageOfPage\":{\"@id\":\"https:\/\/kapitalis.com\/tunisie\/2017\/12\/25\/2017-2018-luniversite-de-tunis-el-manar-classee-703e-monde\/#primaryimage\"},\"image\":{\"@id\":\"https:\/\/kapitalis.com\/tunisie\/2017\/12\/25\/2017-2018-luniversite-de-tunis-el-manar-classee-703e-monde\/#primaryimage\"},\"thumbnailUrl\":\"\",\"datePublished\":\"2017-12-25T13:07:08+00:00\",\"breadcrumb\":{\"@id\":\"https:\/\/kapitalis.com\/tunisie\/2017\/12\/25\/2017-2018-luniversite-de-tunis-el-manar-classee-703e-monde\/#breadcrumb\"},\"inLanguage\":\"fr-FR\",\"potentialAction\":[{\"@type\":\"ReadAction\",\"target\":[\"https:\/\/kapitalis.com\/tunisie\/2017\/12\/25\/2017-2018-luniversite-de-tunis-el-manar-classee-703e-monde\/\"]}]},{\"@type\":\"ImageObject\",\"inLanguage\":\"fr-FR\",\"@id\":\"https:\/\/kapitalis.com\/tunisie\/2017\/12\/25\/2017-2018-luniversite-de-tunis-el-manar-classee-703e-monde\/#primaryimage\",\"url\":\"\",\"contentUrl\":\"\"},{\"@type\":\"BreadcrumbList\",\"@id\":\"https:\/\/kapitalis.com\/tunisie\/2017\/12\/25\/2017-2018-luniversite-de-tunis-el-manar-classee-703e-monde\/#breadcrumb\",\"itemListElement\":[{\"@type\":\"ListItem\",\"position\":1,\"name\":\"Accueil\",\"item\":\"https:\/\/kapitalis.com\/tunisie\/\"},{\"@type\":\"ListItem\",\"position\":2,\"name\":\"2017-2018: L\u2019Universit\u00e9 de Tunis El-Manar class\u00e9e 703e dans le monde\"}]},{\"@type\":\"WebSite\",\"@id\":\"https:\/\/kapitalis.com\/tunisie\/#website\",\"url\":\"https:\/\/kapitalis.com\/tunisie\/\",\"name\":\"Kapitalis\",\"description\":\"L&#039;actualit\u00e9 en Tunisie et dans le monde\",\"publisher\":{\"@id\":\"https:\/\/kapitalis.com\/tunisie\/#organization\"},\"potentialAction\":[{\"@type\":\"SearchAction\",\"target\":{\"@type\":\"EntryPoint\",\"urlTemplate\":\"https:\/\/kapitalis.com\/tunisie\/?s={search_term_string}\"},\"query-input\":{\"@type\":\"PropertyValueSpecification\",\"valueRequired\":true,\"valueName\":\"search_term_string\"}}],\"inLanguage\":\"fr-FR\"},{\"@type\":\"Organization\",\"@id\":\"https:\/\/kapitalis.com\/tunisie\/#organization\",\"name\":\"Kapitalis\",\"url\":\"https:\/\/kapitalis.com\/tunisie\/\",\"logo\":{\"@type\":\"ImageObject\",\"inLanguage\":\"fr-FR\",\"@id\":\"https:\/\/kapitalis.com\/tunisie\/#\/schema\/logo\/image\/\",\"url\":\"https:\/\/kapitalis.com\/tunisie\/wp-content\/uploads\/2022\/05\/Kapitalis-big-size.png\",\"contentUrl\":\"https:\/\/kapitalis.com\/tunisie\/wp-content\/uploads\/2022\/05\/Kapitalis-big-size.png\",\"width\":5000,\"height\":1500,\"caption\":\"Kapitalis\"},\"image\":{\"@id\":\"https:\/\/kapitalis.com\/tunisie\/#\/schema\/logo\/image\/\"},\"sameAs\":[\"https:\/\/www.facebook.com\/KapitalisInfo\/\",\"https:\/\/x.com\/KapitalisInfo\",\"https:\/\/www.youtube.com\/channel\/UC-yDYrHyfFBWWZaOw3FPg9Q\"]},{\"@type\":\"Person\",\"@id\":\"https:\/\/kapitalis.com\/tunisie\/#\/schema\/person\/d71f33a9ca44f7bad4698210b480c8e9\",\"name\":\"webmaster kapitalis\",\"url\":\"https:\/\/kapitalis.com\/tunisie\/author\/webmaster-kapitalis\/\"}]}<\/script>\n<!-- \/ Yoast SEO plugin. -->","yoast_head_json":{"title":"2017-2018: L\u2019Universit\u00e9 de Tunis El-Manar class\u00e9e 703e dans le monde - Kapitalis","robots":{"index":"index","follow":"follow","max-snippet":"max-snippet:-1","max-image-preview":"max-image-preview:large","max-video-preview":"max-video-preview:-1"},"canonical":"https:\/\/kapitalis.com\/tunisie\/2017\/12\/25\/2017-2018-luniversite-de-tunis-el-manar-classee-703e-monde\/","og_locale":"fr_FR","og_type":"article","og_title":"2017-2018: L\u2019Universit\u00e9 de Tunis El-Manar class\u00e9e 703e dans le monde - Kapitalis","og_description":"L\u2019Universit\u00e9 de Tunis El-Manar (UTM) est class\u00e9e 1\u00e8re en Tunisie, 9e en Afrique et 703e dans le monde dans un classement qui en copte 800.","og_url":"https:\/\/kapitalis.com\/tunisie\/2017\/12\/25\/2017-2018-luniversite-de-tunis-el-manar-classee-703e-monde\/","og_site_name":"Kapitalis","article_publisher":"https:\/\/www.facebook.com\/KapitalisInfo\/","article_published_time":"2017-12-25T13:07:08+00:00","og_image":[{"width":1200,"height":630,"url":"https:\/\/kapitalis.com\/tunisie\/wp-content\/uploads\/2022\/05\/kapitalis-logo-fb.png","type":"image\/png"}],"author":"webmaster kapitalis","twitter_card":"summary_large_image","twitter_creator":"@KapitalisInfo","twitter_site":"@KapitalisInfo","twitter_misc":{"\u00c9crit par":"webmaster kapitalis","Dur\u00e9e de lecture estim\u00e9e":"1 minute"},"schema":{"@context":"https:\/\/schema.org","@graph":[{"@type":"Article","@id":"https:\/\/kapitalis.com\/tunisie\/2017\/12\/25\/2017-2018-luniversite-de-tunis-el-manar-classee-703e-monde\/#article","isPartOf":{"@id":"https:\/\/kapitalis.com\/tunisie\/2017\/12\/25\/2017-2018-luniversite-de-tunis-el-manar-classee-703e-monde\/"},"author":{"name":"webmaster kapitalis","@id":"https:\/\/kapitalis.com\/tunisie\/#\/schema\/person\/d71f33a9ca44f7bad4698210b480c8e9"},"headline":"2017-2018: L\u2019Universit\u00e9 de Tunis El-Manar class\u00e9e 703e dans le monde","datePublished":"2017-12-25T13:07:08+00:00","mainEntityOfPage":{"@id":"https:\/\/kapitalis.com\/tunisie\/2017\/12\/25\/2017-2018-luniversite-de-tunis-el-manar-classee-703e-monde\/"},"wordCount":278,"commentCount":1,"publisher":{"@id":"https:\/\/kapitalis.com\/tunisie\/#organization"},"image":{"@id":"https:\/\/kapitalis.com\/tunisie\/2017\/12\/25\/2017-2018-luniversite-de-tunis-el-manar-classee-703e-monde\/#primaryimage"},"thumbnailUrl":"","articleSection":["SOCIETE","Tunisie"],"inLanguage":"fr-FR","potentialAction":[{"@type":"CommentAction","name":"Comment","target":["https:\/\/kapitalis.com\/tunisie\/2017\/12\/25\/2017-2018-luniversite-de-tunis-el-manar-classee-703e-monde\/#respond"]}]},{"@type":"WebPage","@id":"https:\/\/kapitalis.com\/tunisie\/2017\/12\/25\/2017-2018-luniversite-de-tunis-el-manar-classee-703e-monde\/","url":"https:\/\/kapitalis.com\/tunisie\/2017\/12\/25\/2017-2018-luniversite-de-tunis-el-manar-classee-703e-monde\/","name":"2017-2018: L\u2019Universit\u00e9 de Tunis El-Manar class\u00e9e 703e dans le monde - Kapitalis","isPartOf":{"@id":"https:\/\/kapitalis.com\/tunisie\/#website"},"primaryImageOfPage":{"@id":"https:\/\/kapitalis.com\/tunisie\/2017\/12\/25\/2017-2018-luniversite-de-tunis-el-manar-classee-703e-monde\/#primaryimage"},"image":{"@id":"https:\/\/kapitalis.com\/tunisie\/2017\/12\/25\/2017-2018-luniversite-de-tunis-el-manar-classee-703e-monde\/#primaryimage"},"thumbnailUrl":"","datePublished":"2017-12-25T13:07:08+00:00","breadcrumb":{"@id":"https:\/\/kapitalis.com\/tunisie\/2017\/12\/25\/2017-2018-luniversite-de-tunis-el-manar-classee-703e-monde\/#breadcrumb"},"inLanguage":"fr-FR","potentialAction":[{"@type":"ReadAction","target":["https:\/\/kapitalis.com\/tunisie\/2017\/12\/25\/2017-2018-luniversite-de-tunis-el-manar-classee-703e-monde\/"]}]},{"@type":"ImageObject","inLanguage":"fr-FR","@id":"https:\/\/kapitalis.com\/tunisie\/2017\/12\/25\/2017-2018-luniversite-de-tunis-el-manar-classee-703e-monde\/#primaryimage","url":"","contentUrl":""},{"@type":"BreadcrumbList","@id":"https:\/\/kapitalis.com\/tunisie\/2017\/12\/25\/2017-2018-luniversite-de-tunis-el-manar-classee-703e-monde\/#breadcrumb","itemListElement":[{"@type":"ListItem","position":1,"name":"Accueil","item":"https:\/\/kapitalis.com\/tunisie\/"},{"@type":"ListItem","position":2,"name":"2017-2018: L\u2019Universit\u00e9 de Tunis El-Manar class\u00e9e 703e dans le monde"}]},{"@type":"WebSite","@id":"https:\/\/kapitalis.com\/tunisie\/#website","url":"https:\/\/kapitalis.com\/tunisie\/","name":"Kapitalis","description":"L&#039;actualit\u00e9 en Tunisie et dans le monde","publisher":{"@id":"https:\/\/kapitalis.com\/tunisie\/#organization"},"potentialAction":[{"@type":"SearchAction","target":{"@type":"EntryPoint","urlTemplate":"https:\/\/kapitalis.com\/tunisie\/?s={search_term_string}"},"query-input":{"@type":"PropertyValueSpecification","valueRequired":true,"valueName":"search_term_string"}}],"inLanguage":"fr-FR"},{"@type":"Organization","@id":"https:\/\/kapitalis.com\/tunisie\/#organization","name":"Kapitalis","url":"https:\/\/kapitalis.com\/tunisie\/","logo":{"@type":"ImageObject","inLanguage":"fr-FR","@id":"https:\/\/kapitalis.com\/tunisie\/#\/schema\/logo\/image\/","url":"https:\/\/kapitalis.com\/tunisie\/wp-content\/uploads\/2022\/05\/Kapitalis-big-size.png","contentUrl":"https:\/\/kapitalis.com\/tunisie\/wp-content\/uploads\/2022\/05\/Kapitalis-big-size.png","width":5000,"height":1500,"caption":"Kapitalis"},"image":{"@id":"https:\/\/kapitalis.com\/tunisie\/#\/schema\/logo\/image\/"},"sameAs":["https:\/\/www.facebook.com\/KapitalisInfo\/","https:\/\/x.com\/KapitalisInfo","https:\/\/www.youtube.com\/channel\/UC-yDYrHyfFBWWZaOw3FPg9Q"]},{"@type":"Person","@id":"https:\/\/kapitalis.com\/tunisie\/#\/schema\/person\/d71f33a9ca44f7bad4698210b480c8e9","name":"webmaster kapitalis","url":"https:\/\/kapitalis.com\/tunisie\/author\/webmaster-kapitalis\/"}]}},"_links":{"self":[{"href":"https:\/\/kapitalis.com\/tunisie\/wp-json\/wp\/v2\/posts\/130016","targetHints":{"allow":["GET"]}}],"collection":[{"href":"https:\/\/kapitalis.com\/tunisie\/wp-json\/wp\/v2\/posts"}],"about":[{"href":"https:\/\/kapitalis.com\/tunisie\/wp-json\/wp\/v2\/types\/post"}],"author":[{"embeddable":true,"href":"https:\/\/kapitalis.com\/tunisie\/wp-json\/wp\/v2\/users\/8"}],"replies":[{"embeddable":true,"href":"https:\/\/kapitalis.com\/tunisie\/wp-json\/wp\/v2\/comments?post=130016"}],"version-history":[{"count":0,"href":"https:\/\/kapitalis.com\/tunisie\/wp-json\/wp\/v2\/posts\/130016\/revisions"}],"wp:featuredmedia":[{"embeddable":true,"href":"https:\/\/kapitalis.com\/tunisie\/wp-json\/wp\/v2\/media\/130017"}],"wp:attachment":[{"href":"https:\/\/kapitalis.com\/tunisie\/wp-json\/wp\/v2\/media?parent=130016"}],"wp:term":[{"taxonomy":"category","embeddable":true,"href":"https:\/\/kapitalis.com\/tunisie\/wp-json\/wp\/v2\/categories?post=130016"},{"taxonomy":"post_tag","embeddable":true,"href":"https:\/\/kapitalis.com\/tunisie\/wp-json\/wp\/v2\/tags?post=130016"}],"curies":[{"name":"wp","href":"https:\/\/api.w.org\/{rel}","templated":true}]}}