{"id":130022,"date":"2017-12-25T16:38:05","date_gmt":"2017-12-25T15:38:05","guid":{"rendered":"http:\/\/kapitalis.com\/tunisie\/?p=130022"},"modified":"2017-12-25T16:38:05","modified_gmt":"2017-12-25T15:38:05","slug":"un-an-de-prison-ferme-pour-lagitateur-islamiste-imed-dghij","status":"publish","type":"post","link":"https:\/\/kapitalis.com\/tunisie\/2017\/12\/25\/un-an-de-prison-ferme-pour-lagitateur-islamiste-imed-dghij\/","title":{"rendered":"Un an de prison ferme pour l&rsquo;agitateur islamiste Imed Dghij"},"content":{"rendered":"<p style=\"text-align: center;\"><img loading=\"lazy\" decoding=\"async\" class=\"alignnone size-full wp-image-130028\" src=\"http:\/\/kapitalis.com\/tunisie\/wp-content\/uploads\/2017\/12\/Imed-Dghij.jpg\" alt=\"\" width=\"626\" height=\"381\" \/><\/p>\n<p><em><strong>L&rsquo;agitateur islamiste Imed Dghij a \u00e9t\u00e9 condamn\u00e9, par contumace, par le tribunal de 1<sup>\u00e8re<\/sup> instance de Tunis, \u00e0 un an de prison ferme.<\/strong><\/em><!--more--><\/p>\n<p>C\u2019est l\u2019int\u00e9ress\u00e9 lui-m\u00eame,\u00a0ex-membre de la Ligue de protection de la r\u00e9volution (LPR), milice violente au service du parti islamiste Ennahdha, qui a publi\u00e9, sur son compte Facebook, la sanction qui lui a \u00e9t\u00e9 inflig\u00e9e pour atteinte au pr\u00e9sident de la r\u00e9publique.<\/p>\n<p>Le verdict avait \u00e9t\u00e9 prononc\u00e9 en juin dernier, mais il n&rsquo;en a re\u00e7u la notification officielle que ce lundi 25 d\u00e9cembre 2017. Il\u00a0a pr\u00e9cis\u00e9 qu\u2019il fera appel de cette d\u00e9cision de justice.<\/p>\n<p style=\"text-align: center;\"><img loading=\"lazy\" decoding=\"async\" class=\"alignnone wp-image-130029\" src=\"http:\/\/kapitalis.com\/tunisie\/wp-content\/uploads\/2017\/12\/jugement-dghij.jpg\" alt=\"\" width=\"500\" height=\"304\" \/><\/p>\n<p style=\"text-align: center;\"><em>Fac-simil\u00e9 de la notification publi\u00e9 par Imed Dghij.<\/em><\/p>\n<p>Rappelons que Dghij avait \u00e9t\u00e9 arr\u00eat\u00e9, le 29 d\u00e9cembre 2016, et accus\u00e9 de complot contre la s\u00fbret\u00e9 de l\u2019Etat, suite \u00e0 un post Facebook, o\u00f9 il a appel\u00e9 \u00e0 manifester pour la dissolution de l\u2019Assembl\u00e9e et pour le renversement du pr\u00e9sident de la r\u00e9publique, B\u00e9ji Ca\u00efd Essebsi. Le 5 janvier 2017, il a b\u00e9n\u00e9fici\u00e9 d\u2019un non-lieu et a \u00e9t\u00e9 rel\u00e2ch\u00e9.<\/p>\n<p style=\"text-align: right;\"><strong>Y. N.<\/strong><\/p>\n","protected":false},"excerpt":{"rendered":"<p>L&rsquo;agitateur islamiste Imed Dghij a \u00e9t\u00e9 condamn\u00e9, par contumace, par le tribunal de 1\u00e8re instance de Tunis, \u00e0 un an de prison ferme.<\/p>\n","protected":false},"author":6,"featured_media":130028,"comment_status":"open","ping_status":"open","sticky":false,"template":"","format":"standard","meta":{"footnotes":""},"categories":[998,2433],"tags":[75,464,9023,1362,921],"class_list":["post-130022","post","type-post","status-publish","format-standard","has-post-thumbnail","hentry","category-societe","category-tunisie","tag-appel","tag-imed-dghij","tag-lpr","tag-president","tag-tribunal"],"yoast_head":"<!-- This site is optimized with the Yoast SEO plugin v26.6 - https:\/\/yoast.com\/wordpress\/plugins\/seo\/ -->\n<title>Un an de prison ferme pour l&#039;agitateur islamiste Imed Dghij - Kapitalis<\/title>\n<meta name=\"robots\" content=\"index, follow, max-snippet:-1, max-image-preview:large, max-video-preview:-1\" \/>\n<link rel=\"canonical\" href=\"https:\/\/kapitalis.com\/tunisie\/2017\/12\/25\/un-an-de-prison-ferme-pour-lagitateur-islamiste-imed-dghij\/\" \/>\n<meta property=\"og:locale\" content=\"fr_FR\" \/>\n<meta property=\"og:type\" content=\"article\" \/>\n<meta property=\"og:title\" content=\"Un an de prison ferme pour l&#039;agitateur islamiste Imed Dghij - Kapitalis\" \/>\n<meta property=\"og:description\" content=\"L&rsquo;agitateur islamiste Imed Dghij a \u00e9t\u00e9 condamn\u00e9, par contumace, par le tribunal de 1\u00e8re instance de Tunis, \u00e0 un an de prison ferme.\" \/>\n<meta property=\"og:url\" content=\"https:\/\/kapitalis.com\/tunisie\/2017\/12\/25\/un-an-de-prison-ferme-pour-lagitateur-islamiste-imed-dghij\/\" \/>\n<meta property=\"og:site_name\" content=\"Kapitalis\" \/>\n<meta property=\"article:publisher\" content=\"https:\/\/www.facebook.com\/KapitalisInfo\/\" \/>\n<meta property=\"article:published_time\" content=\"2017-12-25T15:38:05+00:00\" \/>\n<meta property=\"og:image\" content=\"https:\/\/kapitalis.com\/tunisie\/wp-content\/uploads\/2022\/05\/kapitalis-logo-fb.png\" \/>\n\t<meta property=\"og:image:width\" content=\"1200\" \/>\n\t<meta property=\"og:image:height\" content=\"630\" \/>\n\t<meta property=\"og:image:type\" content=\"image\/png\" \/>\n<meta name=\"author\" content=\"Yusra NY\" \/>\n<meta name=\"twitter:card\" content=\"summary_large_image\" \/>\n<meta name=\"twitter:creator\" content=\"@KapitalisInfo\" \/>\n<meta name=\"twitter:site\" content=\"@KapitalisInfo\" \/>\n<meta name=\"twitter:label1\" content=\"\u00c9crit par\" \/>\n\t<meta name=\"twitter:data1\" content=\"Yusra NY\" \/>\n\t<meta name=\"twitter:label2\" content=\"Dur\u00e9e de lecture estim\u00e9e\" \/>\n\t<meta name=\"twitter:data2\" content=\"1 minute\" \/>\n<script type=\"application\/ld+json\" class=\"yoast-schema-graph\">{\"@context\":\"https:\/\/schema.org\",\"@graph\":[{\"@type\":\"Article\",\"@id\":\"https:\/\/kapitalis.com\/tunisie\/2017\/12\/25\/un-an-de-prison-ferme-pour-lagitateur-islamiste-imed-dghij\/#article\",\"isPartOf\":{\"@id\":\"https:\/\/kapitalis.com\/tunisie\/2017\/12\/25\/un-an-de-prison-ferme-pour-lagitateur-islamiste-imed-dghij\/\"},\"author\":{\"name\":\"Yusra NY\",\"@id\":\"https:\/\/kapitalis.com\/tunisie\/#\/schema\/person\/74bbde0154d49d790a92aaeac5bc01d5\"},\"headline\":\"Un an de prison ferme pour l&rsquo;agitateur islamiste Imed Dghij\",\"datePublished\":\"2017-12-25T15:38:05+00:00\",\"mainEntityOfPage\":{\"@id\":\"https:\/\/kapitalis.com\/tunisie\/2017\/12\/25\/un-an-de-prison-ferme-pour-lagitateur-islamiste-imed-dghij\/\"},\"wordCount\":196,\"commentCount\":3,\"publisher\":{\"@id\":\"https:\/\/kapitalis.com\/tunisie\/#organization\"},\"image\":{\"@id\":\"https:\/\/kapitalis.com\/tunisie\/2017\/12\/25\/un-an-de-prison-ferme-pour-lagitateur-islamiste-imed-dghij\/#primaryimage\"},\"thumbnailUrl\":\"\",\"keywords\":[\"appel\",\"Imed Dghij\",\"LPR\",\"pr\u00e9sident\",\"tribunal\"],\"articleSection\":[\"SOCIETE\",\"Tunisie\"],\"inLanguage\":\"fr-FR\",\"potentialAction\":[{\"@type\":\"CommentAction\",\"name\":\"Comment\",\"target\":[\"https:\/\/kapitalis.com\/tunisie\/2017\/12\/25\/un-an-de-prison-ferme-pour-lagitateur-islamiste-imed-dghij\/#respond\"]}]},{\"@type\":\"WebPage\",\"@id\":\"https:\/\/kapitalis.com\/tunisie\/2017\/12\/25\/un-an-de-prison-ferme-pour-lagitateur-islamiste-imed-dghij\/\",\"url\":\"https:\/\/kapitalis.com\/tunisie\/2017\/12\/25\/un-an-de-prison-ferme-pour-lagitateur-islamiste-imed-dghij\/\",\"name\":\"Un an de prison ferme pour l'agitateur islamiste Imed Dghij - Kapitalis\",\"isPartOf\":{\"@id\":\"https:\/\/kapitalis.com\/tunisie\/#website\"},\"primaryImageOfPage\":{\"@id\":\"https:\/\/kapitalis.com\/tunisie\/2017\/12\/25\/un-an-de-prison-ferme-pour-lagitateur-islamiste-imed-dghij\/#primaryimage\"},\"image\":{\"@id\":\"https:\/\/kapitalis.com\/tunisie\/2017\/12\/25\/un-an-de-prison-ferme-pour-lagitateur-islamiste-imed-dghij\/#primaryimage\"},\"thumbnailUrl\":\"\",\"datePublished\":\"2017-12-25T15:38:05+00:00\",\"breadcrumb\":{\"@id\":\"https:\/\/kapitalis.com\/tunisie\/2017\/12\/25\/un-an-de-prison-ferme-pour-lagitateur-islamiste-imed-dghij\/#breadcrumb\"},\"inLanguage\":\"fr-FR\",\"potentialAction\":[{\"@type\":\"ReadAction\",\"target\":[\"https:\/\/kapitalis.com\/tunisie\/2017\/12\/25\/un-an-de-prison-ferme-pour-lagitateur-islamiste-imed-dghij\/\"]}]},{\"@type\":\"ImageObject\",\"inLanguage\":\"fr-FR\",\"@id\":\"https:\/\/kapitalis.com\/tunisie\/2017\/12\/25\/un-an-de-prison-ferme-pour-lagitateur-islamiste-imed-dghij\/#primaryimage\",\"url\":\"\",\"contentUrl\":\"\"},{\"@type\":\"BreadcrumbList\",\"@id\":\"https:\/\/kapitalis.com\/tunisie\/2017\/12\/25\/un-an-de-prison-ferme-pour-lagitateur-islamiste-imed-dghij\/#breadcrumb\",\"itemListElement\":[{\"@type\":\"ListItem\",\"position\":1,\"name\":\"Accueil\",\"item\":\"https:\/\/kapitalis.com\/tunisie\/\"},{\"@type\":\"ListItem\",\"position\":2,\"name\":\"Un an de prison ferme pour l&rsquo;agitateur islamiste Imed Dghij\"}]},{\"@type\":\"WebSite\",\"@id\":\"https:\/\/kapitalis.com\/tunisie\/#website\",\"url\":\"https:\/\/kapitalis.com\/tunisie\/\",\"name\":\"Kapitalis\",\"description\":\"L&#039;actualit\u00e9 en Tunisie et dans le monde\",\"publisher\":{\"@id\":\"https:\/\/kapitalis.com\/tunisie\/#organization\"},\"potentialAction\":[{\"@type\":\"SearchAction\",\"target\":{\"@type\":\"EntryPoint\",\"urlTemplate\":\"https:\/\/kapitalis.com\/tunisie\/?s={search_term_string}\"},\"query-input\":{\"@type\":\"PropertyValueSpecification\",\"valueRequired\":true,\"valueName\":\"search_term_string\"}}],\"inLanguage\":\"fr-FR\"},{\"@type\":\"Organization\",\"@id\":\"https:\/\/kapitalis.com\/tunisie\/#organization\",\"name\":\"Kapitalis\",\"url\":\"https:\/\/kapitalis.com\/tunisie\/\",\"logo\":{\"@type\":\"ImageObject\",\"inLanguage\":\"fr-FR\",\"@id\":\"https:\/\/kapitalis.com\/tunisie\/#\/schema\/logo\/image\/\",\"url\":\"https:\/\/kapitalis.com\/tunisie\/wp-content\/uploads\/2022\/05\/Kapitalis-big-size.png\",\"contentUrl\":\"https:\/\/kapitalis.com\/tunisie\/wp-content\/uploads\/2022\/05\/Kapitalis-big-size.png\",\"width\":5000,\"height\":1500,\"caption\":\"Kapitalis\"},\"image\":{\"@id\":\"https:\/\/kapitalis.com\/tunisie\/#\/schema\/logo\/image\/\"},\"sameAs\":[\"https:\/\/www.facebook.com\/KapitalisInfo\/\",\"https:\/\/x.com\/KapitalisInfo\",\"https:\/\/www.youtube.com\/channel\/UC-yDYrHyfFBWWZaOw3FPg9Q\"]},{\"@type\":\"Person\",\"@id\":\"https:\/\/kapitalis.com\/tunisie\/#\/schema\/person\/74bbde0154d49d790a92aaeac5bc01d5\",\"name\":\"Yusra NY\",\"url\":\"https:\/\/kapitalis.com\/tunisie\/author\/yuza_adam\/\"}]}<\/script>\n<!-- \/ Yoast SEO plugin. -->","yoast_head_json":{"title":"Un an de prison ferme pour l'agitateur islamiste Imed Dghij - Kapitalis","robots":{"index":"index","follow":"follow","max-snippet":"max-snippet:-1","max-image-preview":"max-image-preview:large","max-video-preview":"max-video-preview:-1"},"canonical":"https:\/\/kapitalis.com\/tunisie\/2017\/12\/25\/un-an-de-prison-ferme-pour-lagitateur-islamiste-imed-dghij\/","og_locale":"fr_FR","og_type":"article","og_title":"Un an de prison ferme pour l'agitateur islamiste Imed Dghij - Kapitalis","og_description":"L&rsquo;agitateur islamiste Imed Dghij a \u00e9t\u00e9 condamn\u00e9, par contumace, par le tribunal de 1\u00e8re instance de Tunis, \u00e0 un an de prison ferme.","og_url":"https:\/\/kapitalis.com\/tunisie\/2017\/12\/25\/un-an-de-prison-ferme-pour-lagitateur-islamiste-imed-dghij\/","og_site_name":"Kapitalis","article_publisher":"https:\/\/www.facebook.com\/KapitalisInfo\/","article_published_time":"2017-12-25T15:38:05+00:00","og_image":[{"width":1200,"height":630,"url":"https:\/\/kapitalis.com\/tunisie\/wp-content\/uploads\/2022\/05\/kapitalis-logo-fb.png","type":"image\/png"}],"author":"Yusra NY","twitter_card":"summary_large_image","twitter_creator":"@KapitalisInfo","twitter_site":"@KapitalisInfo","twitter_misc":{"\u00c9crit par":"Yusra NY","Dur\u00e9e de lecture estim\u00e9e":"1 minute"},"schema":{"@context":"https:\/\/schema.org","@graph":[{"@type":"Article","@id":"https:\/\/kapitalis.com\/tunisie\/2017\/12\/25\/un-an-de-prison-ferme-pour-lagitateur-islamiste-imed-dghij\/#article","isPartOf":{"@id":"https:\/\/kapitalis.com\/tunisie\/2017\/12\/25\/un-an-de-prison-ferme-pour-lagitateur-islamiste-imed-dghij\/"},"author":{"name":"Yusra NY","@id":"https:\/\/kapitalis.com\/tunisie\/#\/schema\/person\/74bbde0154d49d790a92aaeac5bc01d5"},"headline":"Un an de prison ferme pour l&rsquo;agitateur islamiste Imed Dghij","datePublished":"2017-12-25T15:38:05+00:00","mainEntityOfPage":{"@id":"https:\/\/kapitalis.com\/tunisie\/2017\/12\/25\/un-an-de-prison-ferme-pour-lagitateur-islamiste-imed-dghij\/"},"wordCount":196,"commentCount":3,"publisher":{"@id":"https:\/\/kapitalis.com\/tunisie\/#organization"},"image":{"@id":"https:\/\/kapitalis.com\/tunisie\/2017\/12\/25\/un-an-de-prison-ferme-pour-lagitateur-islamiste-imed-dghij\/#primaryimage"},"thumbnailUrl":"","keywords":["appel","Imed Dghij","LPR","pr\u00e9sident","tribunal"],"articleSection":["SOCIETE","Tunisie"],"inLanguage":"fr-FR","potentialAction":[{"@type":"CommentAction","name":"Comment","target":["https:\/\/kapitalis.com\/tunisie\/2017\/12\/25\/un-an-de-prison-ferme-pour-lagitateur-islamiste-imed-dghij\/#respond"]}]},{"@type":"WebPage","@id":"https:\/\/kapitalis.com\/tunisie\/2017\/12\/25\/un-an-de-prison-ferme-pour-lagitateur-islamiste-imed-dghij\/","url":"https:\/\/kapitalis.com\/tunisie\/2017\/12\/25\/un-an-de-prison-ferme-pour-lagitateur-islamiste-imed-dghij\/","name":"Un an de prison ferme pour l'agitateur islamiste Imed Dghij - Kapitalis","isPartOf":{"@id":"https:\/\/kapitalis.com\/tunisie\/#website"},"primaryImageOfPage":{"@id":"https:\/\/kapitalis.com\/tunisie\/2017\/12\/25\/un-an-de-prison-ferme-pour-lagitateur-islamiste-imed-dghij\/#primaryimage"},"image":{"@id":"https:\/\/kapitalis.com\/tunisie\/2017\/12\/25\/un-an-de-prison-ferme-pour-lagitateur-islamiste-imed-dghij\/#primaryimage"},"thumbnailUrl":"","datePublished":"2017-12-25T15:38:05+00:00","breadcrumb":{"@id":"https:\/\/kapitalis.com\/tunisie\/2017\/12\/25\/un-an-de-prison-ferme-pour-lagitateur-islamiste-imed-dghij\/#breadcrumb"},"inLanguage":"fr-FR","potentialAction":[{"@type":"ReadAction","target":["https:\/\/kapitalis.com\/tunisie\/2017\/12\/25\/un-an-de-prison-ferme-pour-lagitateur-islamiste-imed-dghij\/"]}]},{"@type":"ImageObject","inLanguage":"fr-FR","@id":"https:\/\/kapitalis.com\/tunisie\/2017\/12\/25\/un-an-de-prison-ferme-pour-lagitateur-islamiste-imed-dghij\/#primaryimage","url":"","contentUrl":""},{"@type":"BreadcrumbList","@id":"https:\/\/kapitalis.com\/tunisie\/2017\/12\/25\/un-an-de-prison-ferme-pour-lagitateur-islamiste-imed-dghij\/#breadcrumb","itemListElement":[{"@type":"ListItem","position":1,"name":"Accueil","item":"https:\/\/kapitalis.com\/tunisie\/"},{"@type":"ListItem","position":2,"name":"Un an de prison ferme pour l&rsquo;agitateur islamiste Imed Dghij"}]},{"@type":"WebSite","@id":"https:\/\/kapitalis.com\/tunisie\/#website","url":"https:\/\/kapitalis.com\/tunisie\/","name":"Kapitalis","description":"L&#039;actualit\u00e9 en Tunisie et dans le monde","publisher":{"@id":"https:\/\/kapitalis.com\/tunisie\/#organization"},"potentialAction":[{"@type":"SearchAction","target":{"@type":"EntryPoint","urlTemplate":"https:\/\/kapitalis.com\/tunisie\/?s={search_term_string}"},"query-input":{"@type":"PropertyValueSpecification","valueRequired":true,"valueName":"search_term_string"}}],"inLanguage":"fr-FR"},{"@type":"Organization","@id":"https:\/\/kapitalis.com\/tunisie\/#organization","name":"Kapitalis","url":"https:\/\/kapitalis.com\/tunisie\/","logo":{"@type":"ImageObject","inLanguage":"fr-FR","@id":"https:\/\/kapitalis.com\/tunisie\/#\/schema\/logo\/image\/","url":"https:\/\/kapitalis.com\/tunisie\/wp-content\/uploads\/2022\/05\/Kapitalis-big-size.png","contentUrl":"https:\/\/kapitalis.com\/tunisie\/wp-content\/uploads\/2022\/05\/Kapitalis-big-size.png","width":5000,"height":1500,"caption":"Kapitalis"},"image":{"@id":"https:\/\/kapitalis.com\/tunisie\/#\/schema\/logo\/image\/"},"sameAs":["https:\/\/www.facebook.com\/KapitalisInfo\/","https:\/\/x.com\/KapitalisInfo","https:\/\/www.youtube.com\/channel\/UC-yDYrHyfFBWWZaOw3FPg9Q"]},{"@type":"Person","@id":"https:\/\/kapitalis.com\/tunisie\/#\/schema\/person\/74bbde0154d49d790a92aaeac5bc01d5","name":"Yusra NY","url":"https:\/\/kapitalis.com\/tunisie\/author\/yuza_adam\/"}]}},"_links":{"self":[{"href":"https:\/\/kapitalis.com\/tunisie\/wp-json\/wp\/v2\/posts\/130022","targetHints":{"allow":["GET"]}}],"collection":[{"href":"https:\/\/kapitalis.com\/tunisie\/wp-json\/wp\/v2\/posts"}],"about":[{"href":"https:\/\/kapitalis.com\/tunisie\/wp-json\/wp\/v2\/types\/post"}],"author":[{"embeddable":true,"href":"https:\/\/kapitalis.com\/tunisie\/wp-json\/wp\/v2\/users\/6"}],"replies":[{"embeddable":true,"href":"https:\/\/kapitalis.com\/tunisie\/wp-json\/wp\/v2\/comments?post=130022"}],"version-history":[{"count":0,"href":"https:\/\/kapitalis.com\/tunisie\/wp-json\/wp\/v2\/posts\/130022\/revisions"}],"wp:featuredmedia":[{"embeddable":true,"href":"https:\/\/kapitalis.com\/tunisie\/wp-json\/wp\/v2\/media\/130028"}],"wp:attachment":[{"href":"https:\/\/kapitalis.com\/tunisie\/wp-json\/wp\/v2\/media?parent=130022"}],"wp:term":[{"taxonomy":"category","embeddable":true,"href":"https:\/\/kapitalis.com\/tunisie\/wp-json\/wp\/v2\/categories?post=130022"},{"taxonomy":"post_tag","embeddable":true,"href":"https:\/\/kapitalis.com\/tunisie\/wp-json\/wp\/v2\/tags?post=130022"}],"curies":[{"name":"wp","href":"https:\/\/api.w.org\/{rel}","templated":true}]}}