{"id":1300582,"date":"2022-06-07T07:31:52","date_gmt":"2022-06-07T06:31:52","guid":{"rendered":"https:\/\/kapitalis.com\/tunisie\/?p=1300582"},"modified":"2022-06-07T07:31:53","modified_gmt":"2022-06-07T06:31:53","slug":"tunisie-liace-deplore-le-faible-interet-du-pouvoir-pour-leconomie","status":"publish","type":"post","link":"https:\/\/kapitalis.com\/tunisie\/2022\/06\/07\/tunisie-liace-deplore-le-faible-interet-du-pouvoir-pour-leconomie\/","title":{"rendered":"Tunisie\u00a0: l&rsquo;IACE d\u00e9plore le faible int\u00e9r\u00eat du pouvoir pour l&rsquo;\u00e9conomie"},"content":{"rendered":"\n<p><strong><em>Un seul d\u00e9cret pr\u00e9sidentiel a \u00e9t\u00e9 publi\u00e9, en date du 23 mai 2022, sur un total de 42 mesures annonc\u00e9es, le 1er avril 2022, par le ministre de l\u2019Economie et de la Planification, indique l\u2019Institut arabe des chefs d\u2019entreprises (IACE). Y a-t-il un signe plus \u00e9loquent du faible int\u00e9r\u00eat que la pr\u00e9sidence de la r\u00e9publique accorde \u00e0 l&rsquo;\u00e9conomie, malgr\u00e9 les nombreuses urgences dans ce domaine\u00a0?<\/em><\/strong><\/p>\n\n\n\n<!--more-->\n\n\n\n<p>Dans un communiqu\u00e9 publi\u00e9 lundi 6 juin, l&rsquo;IACE rappelle qu&rsquo;elle a consacr\u00e9 une feuille de route aux mesures urgentes pour assurer la reprise de la \u00e9conomie, et ce dans le cadre du programme <em>\u00abNotre \u00e9conomie d&rsquo;abord\u00bb<\/em> sur le suivi de la port\u00e9e de l&rsquo;engagement du gouvernement \u00e0 prendre des mesures ayant un impact sur les citoyens et les entreprises.<\/p>\n\n\n\n<p>Cette feuille de route s&rsquo;articule autour de quatre axes relatifs au renforcement de la liquidit\u00e9 et \u00e0 la facilitation de l&rsquo;acc\u00e8s au financement pour les entreprises, mais aussi \u00e0 la dynamisation de l&rsquo;investissement et \u00e0 la simplification du cadre l\u00e9gal et l\u00e9gislatif du climat des affaires et de l&rsquo;impulsion \u00e0 l&rsquo;export. Pour l&rsquo;IACE, ces mesures peuvent \u00eatre appliqu\u00e9es avant fin 2022.<\/p>\n\n\n\n<p>Soixante jours apr\u00e8s la proclamation de ces mesures, un seul d\u00e9cret pr\u00e9sidentiel a \u00e9t\u00e9 pris, pr\u00e9cise la m\u00eame source, pr\u00e9cisant qu&rsquo;il s&rsquo;agit d&rsquo;un d\u00e9cret fixant les conditions et mesures de cession au dinar symbolique en faveur de l&rsquo;Agence fonci\u00e8re industrielle (AFI).<\/p>\n\n\n\n<p>L&rsquo;IACE a recommand\u00e9 d&rsquo;appliquer \u00e0 la lettre toutes les mesures annonc\u00e9es en faveur des entreprises, pr\u00e9cisant qu&rsquo;il s&rsquo;engage \u00e0 suivre la mise en \u0153uvre de toutes ces mesures, dans le cadre du programme <em>\u00abNotre \u00e9conomie d&rsquo;abord\u00bb<\/em>.<\/p>\n","protected":false},"excerpt":{"rendered":"<p>Un seul d\u00e9cret pr\u00e9sidentiel a \u00e9t\u00e9 publi\u00e9, en date du 23 mai 2022, sur un total de 42 mesures annonc\u00e9es, le 1er avril 2022, par le ministre de l\u2019Economie.<\/p>\n","protected":false},"author":8,"featured_media":1300639,"comment_status":"open","ping_status":"open","sticky":false,"template":"","format":"standard","meta":{"footnotes":""},"categories":[995,2433],"tags":[460,62643,100373],"class_list":["post-1300582","post","type-post","status-publish","format-standard","has-post-thumbnail","hentry","category-economie","category-tunisie","tag-iace","tag-tunisie","tag-urgences-economiques"],"yoast_head":"<!-- This site is optimized with the Yoast SEO plugin v26.6 - https:\/\/yoast.com\/wordpress\/plugins\/seo\/ -->\n<title>Tunisie\u00a0: l&#039;IACE d\u00e9plore le faible int\u00e9r\u00eat du pouvoir pour l&#039;\u00e9conomie - Kapitalis<\/title>\n<meta name=\"robots\" content=\"index, follow, max-snippet:-1, max-image-preview:large, max-video-preview:-1\" \/>\n<link rel=\"canonical\" href=\"https:\/\/kapitalis.com\/tunisie\/2022\/06\/07\/tunisie-liace-deplore-le-faible-interet-du-pouvoir-pour-leconomie\/\" \/>\n<meta property=\"og:locale\" content=\"fr_FR\" \/>\n<meta property=\"og:type\" content=\"article\" \/>\n<meta property=\"og:title\" content=\"Tunisie\u00a0: l&#039;IACE d\u00e9plore le faible int\u00e9r\u00eat du pouvoir pour l&#039;\u00e9conomie - Kapitalis\" \/>\n<meta property=\"og:description\" content=\"Un seul d\u00e9cret pr\u00e9sidentiel a \u00e9t\u00e9 publi\u00e9, en date du 23 mai 2022, sur un total de 42 mesures annonc\u00e9es, le 1er avril 2022, par le ministre de l\u2019Economie.\" \/>\n<meta property=\"og:url\" content=\"https:\/\/kapitalis.com\/tunisie\/2022\/06\/07\/tunisie-liace-deplore-le-faible-interet-du-pouvoir-pour-leconomie\/\" \/>\n<meta property=\"og:site_name\" content=\"Kapitalis\" \/>\n<meta property=\"article:publisher\" content=\"https:\/\/www.facebook.com\/KapitalisInfo\/\" \/>\n<meta property=\"article:published_time\" content=\"2022-06-07T06:31:52+00:00\" \/>\n<meta property=\"article:modified_time\" content=\"2022-06-07T06:31:53+00:00\" \/>\n<meta property=\"og:image\" content=\"https:\/\/kapitalis.com\/tunisie\/wp-content\/uploads\/2022\/06\/IACE.jpg\" \/>\n\t<meta property=\"og:image:width\" content=\"1200\" \/>\n\t<meta property=\"og:image:height\" content=\"630\" \/>\n\t<meta property=\"og:image:type\" content=\"image\/jpeg\" \/>\n<meta name=\"author\" content=\"webmaster kapitalis\" \/>\n<meta name=\"twitter:card\" content=\"summary_large_image\" \/>\n<meta name=\"twitter:creator\" content=\"@KapitalisInfo\" \/>\n<meta name=\"twitter:site\" content=\"@KapitalisInfo\" \/>\n<meta name=\"twitter:label1\" content=\"\u00c9crit par\" \/>\n\t<meta name=\"twitter:data1\" content=\"webmaster kapitalis\" \/>\n\t<meta name=\"twitter:label2\" content=\"Dur\u00e9e de lecture estim\u00e9e\" \/>\n\t<meta name=\"twitter:data2\" content=\"2 minutes\" \/>\n<script type=\"application\/ld+json\" class=\"yoast-schema-graph\">{\"@context\":\"https:\/\/schema.org\",\"@graph\":[{\"@type\":\"Article\",\"@id\":\"https:\/\/kapitalis.com\/tunisie\/2022\/06\/07\/tunisie-liace-deplore-le-faible-interet-du-pouvoir-pour-leconomie\/#article\",\"isPartOf\":{\"@id\":\"https:\/\/kapitalis.com\/tunisie\/2022\/06\/07\/tunisie-liace-deplore-le-faible-interet-du-pouvoir-pour-leconomie\/\"},\"author\":{\"name\":\"webmaster kapitalis\",\"@id\":\"https:\/\/kapitalis.com\/tunisie\/#\/schema\/person\/d71f33a9ca44f7bad4698210b480c8e9\"},\"headline\":\"Tunisie\u00a0: l&rsquo;IACE d\u00e9plore le faible int\u00e9r\u00eat du pouvoir pour l&rsquo;\u00e9conomie\",\"datePublished\":\"2022-06-07T06:31:52+00:00\",\"dateModified\":\"2022-06-07T06:31:53+00:00\",\"mainEntityOfPage\":{\"@id\":\"https:\/\/kapitalis.com\/tunisie\/2022\/06\/07\/tunisie-liace-deplore-le-faible-interet-du-pouvoir-pour-leconomie\/\"},\"wordCount\":288,\"commentCount\":1,\"publisher\":{\"@id\":\"https:\/\/kapitalis.com\/tunisie\/#organization\"},\"image\":{\"@id\":\"https:\/\/kapitalis.com\/tunisie\/2022\/06\/07\/tunisie-liace-deplore-le-faible-interet-du-pouvoir-pour-leconomie\/#primaryimage\"},\"thumbnailUrl\":\"https:\/\/kapitalis.com\/tunisie\/wp-content\/uploads\/2022\/06\/IACE.jpg\",\"keywords\":[\"IACE\",\"Tunisie\",\"urgences \u00e9conomiques\"],\"articleSection\":[\"ECONOMIE\",\"Tunisie\"],\"inLanguage\":\"fr-FR\",\"potentialAction\":[{\"@type\":\"CommentAction\",\"name\":\"Comment\",\"target\":[\"https:\/\/kapitalis.com\/tunisie\/2022\/06\/07\/tunisie-liace-deplore-le-faible-interet-du-pouvoir-pour-leconomie\/#respond\"]}]},{\"@type\":\"WebPage\",\"@id\":\"https:\/\/kapitalis.com\/tunisie\/2022\/06\/07\/tunisie-liace-deplore-le-faible-interet-du-pouvoir-pour-leconomie\/\",\"url\":\"https:\/\/kapitalis.com\/tunisie\/2022\/06\/07\/tunisie-liace-deplore-le-faible-interet-du-pouvoir-pour-leconomie\/\",\"name\":\"Tunisie\u00a0: l'IACE d\u00e9plore le faible int\u00e9r\u00eat du pouvoir pour l'\u00e9conomie - Kapitalis\",\"isPartOf\":{\"@id\":\"https:\/\/kapitalis.com\/tunisie\/#website\"},\"primaryImageOfPage\":{\"@id\":\"https:\/\/kapitalis.com\/tunisie\/2022\/06\/07\/tunisie-liace-deplore-le-faible-interet-du-pouvoir-pour-leconomie\/#primaryimage\"},\"image\":{\"@id\":\"https:\/\/kapitalis.com\/tunisie\/2022\/06\/07\/tunisie-liace-deplore-le-faible-interet-du-pouvoir-pour-leconomie\/#primaryimage\"},\"thumbnailUrl\":\"https:\/\/kapitalis.com\/tunisie\/wp-content\/uploads\/2022\/06\/IACE.jpg\",\"datePublished\":\"2022-06-07T06:31:52+00:00\",\"dateModified\":\"2022-06-07T06:31:53+00:00\",\"breadcrumb\":{\"@id\":\"https:\/\/kapitalis.com\/tunisie\/2022\/06\/07\/tunisie-liace-deplore-le-faible-interet-du-pouvoir-pour-leconomie\/#breadcrumb\"},\"inLanguage\":\"fr-FR\",\"potentialAction\":[{\"@type\":\"ReadAction\",\"target\":[\"https:\/\/kapitalis.com\/tunisie\/2022\/06\/07\/tunisie-liace-deplore-le-faible-interet-du-pouvoir-pour-leconomie\/\"]}]},{\"@type\":\"ImageObject\",\"inLanguage\":\"fr-FR\",\"@id\":\"https:\/\/kapitalis.com\/tunisie\/2022\/06\/07\/tunisie-liace-deplore-le-faible-interet-du-pouvoir-pour-leconomie\/#primaryimage\",\"url\":\"https:\/\/kapitalis.com\/tunisie\/wp-content\/uploads\/2022\/06\/IACE.jpg\",\"contentUrl\":\"https:\/\/kapitalis.com\/tunisie\/wp-content\/uploads\/2022\/06\/IACE.jpg\",\"width\":1200,\"height\":630},{\"@type\":\"BreadcrumbList\",\"@id\":\"https:\/\/kapitalis.com\/tunisie\/2022\/06\/07\/tunisie-liace-deplore-le-faible-interet-du-pouvoir-pour-leconomie\/#breadcrumb\",\"itemListElement\":[{\"@type\":\"ListItem\",\"position\":1,\"name\":\"Accueil\",\"item\":\"https:\/\/kapitalis.com\/tunisie\/\"},{\"@type\":\"ListItem\",\"position\":2,\"name\":\"Tunisie\u00a0: l&rsquo;IACE d\u00e9plore le faible int\u00e9r\u00eat du pouvoir pour l&rsquo;\u00e9conomie\"}]},{\"@type\":\"WebSite\",\"@id\":\"https:\/\/kapitalis.com\/tunisie\/#website\",\"url\":\"https:\/\/kapitalis.com\/tunisie\/\",\"name\":\"Kapitalis\",\"description\":\"L&#039;actualit\u00e9 en Tunisie et dans le monde\",\"publisher\":{\"@id\":\"https:\/\/kapitalis.com\/tunisie\/#organization\"},\"potentialAction\":[{\"@type\":\"SearchAction\",\"target\":{\"@type\":\"EntryPoint\",\"urlTemplate\":\"https:\/\/kapitalis.com\/tunisie\/?s={search_term_string}\"},\"query-input\":{\"@type\":\"PropertyValueSpecification\",\"valueRequired\":true,\"valueName\":\"search_term_string\"}}],\"inLanguage\":\"fr-FR\"},{\"@type\":\"Organization\",\"@id\":\"https:\/\/kapitalis.com\/tunisie\/#organization\",\"name\":\"Kapitalis\",\"url\":\"https:\/\/kapitalis.com\/tunisie\/\",\"logo\":{\"@type\":\"ImageObject\",\"inLanguage\":\"fr-FR\",\"@id\":\"https:\/\/kapitalis.com\/tunisie\/#\/schema\/logo\/image\/\",\"url\":\"https:\/\/kapitalis.com\/tunisie\/wp-content\/uploads\/2022\/05\/Kapitalis-big-size.png\",\"contentUrl\":\"https:\/\/kapitalis.com\/tunisie\/wp-content\/uploads\/2022\/05\/Kapitalis-big-size.png\",\"width\":5000,\"height\":1500,\"caption\":\"Kapitalis\"},\"image\":{\"@id\":\"https:\/\/kapitalis.com\/tunisie\/#\/schema\/logo\/image\/\"},\"sameAs\":[\"https:\/\/www.facebook.com\/KapitalisInfo\/\",\"https:\/\/x.com\/KapitalisInfo\",\"https:\/\/www.youtube.com\/channel\/UC-yDYrHyfFBWWZaOw3FPg9Q\"]},{\"@type\":\"Person\",\"@id\":\"https:\/\/kapitalis.com\/tunisie\/#\/schema\/person\/d71f33a9ca44f7bad4698210b480c8e9\",\"name\":\"webmaster kapitalis\",\"url\":\"https:\/\/kapitalis.com\/tunisie\/author\/webmaster-kapitalis\/\"}]}<\/script>\n<!-- \/ Yoast SEO plugin. -->","yoast_head_json":{"title":"Tunisie\u00a0: l'IACE d\u00e9plore le faible int\u00e9r\u00eat du pouvoir pour l'\u00e9conomie - Kapitalis","robots":{"index":"index","follow":"follow","max-snippet":"max-snippet:-1","max-image-preview":"max-image-preview:large","max-video-preview":"max-video-preview:-1"},"canonical":"https:\/\/kapitalis.com\/tunisie\/2022\/06\/07\/tunisie-liace-deplore-le-faible-interet-du-pouvoir-pour-leconomie\/","og_locale":"fr_FR","og_type":"article","og_title":"Tunisie\u00a0: l'IACE d\u00e9plore le faible int\u00e9r\u00eat du pouvoir pour l'\u00e9conomie - Kapitalis","og_description":"Un seul d\u00e9cret pr\u00e9sidentiel a \u00e9t\u00e9 publi\u00e9, en date du 23 mai 2022, sur un total de 42 mesures annonc\u00e9es, le 1er avril 2022, par le ministre de l\u2019Economie.","og_url":"https:\/\/kapitalis.com\/tunisie\/2022\/06\/07\/tunisie-liace-deplore-le-faible-interet-du-pouvoir-pour-leconomie\/","og_site_name":"Kapitalis","article_publisher":"https:\/\/www.facebook.com\/KapitalisInfo\/","article_published_time":"2022-06-07T06:31:52+00:00","article_modified_time":"2022-06-07T06:31:53+00:00","og_image":[{"width":1200,"height":630,"url":"https:\/\/kapitalis.com\/tunisie\/wp-content\/uploads\/2022\/06\/IACE.jpg","type":"image\/jpeg"}],"author":"webmaster kapitalis","twitter_card":"summary_large_image","twitter_creator":"@KapitalisInfo","twitter_site":"@KapitalisInfo","twitter_misc":{"\u00c9crit par":"webmaster kapitalis","Dur\u00e9e de lecture estim\u00e9e":"2 minutes"},"schema":{"@context":"https:\/\/schema.org","@graph":[{"@type":"Article","@id":"https:\/\/kapitalis.com\/tunisie\/2022\/06\/07\/tunisie-liace-deplore-le-faible-interet-du-pouvoir-pour-leconomie\/#article","isPartOf":{"@id":"https:\/\/kapitalis.com\/tunisie\/2022\/06\/07\/tunisie-liace-deplore-le-faible-interet-du-pouvoir-pour-leconomie\/"},"author":{"name":"webmaster kapitalis","@id":"https:\/\/kapitalis.com\/tunisie\/#\/schema\/person\/d71f33a9ca44f7bad4698210b480c8e9"},"headline":"Tunisie\u00a0: l&rsquo;IACE d\u00e9plore le faible int\u00e9r\u00eat du pouvoir pour l&rsquo;\u00e9conomie","datePublished":"2022-06-07T06:31:52+00:00","dateModified":"2022-06-07T06:31:53+00:00","mainEntityOfPage":{"@id":"https:\/\/kapitalis.com\/tunisie\/2022\/06\/07\/tunisie-liace-deplore-le-faible-interet-du-pouvoir-pour-leconomie\/"},"wordCount":288,"commentCount":1,"publisher":{"@id":"https:\/\/kapitalis.com\/tunisie\/#organization"},"image":{"@id":"https:\/\/kapitalis.com\/tunisie\/2022\/06\/07\/tunisie-liace-deplore-le-faible-interet-du-pouvoir-pour-leconomie\/#primaryimage"},"thumbnailUrl":"https:\/\/kapitalis.com\/tunisie\/wp-content\/uploads\/2022\/06\/IACE.jpg","keywords":["IACE","Tunisie","urgences \u00e9conomiques"],"articleSection":["ECONOMIE","Tunisie"],"inLanguage":"fr-FR","potentialAction":[{"@type":"CommentAction","name":"Comment","target":["https:\/\/kapitalis.com\/tunisie\/2022\/06\/07\/tunisie-liace-deplore-le-faible-interet-du-pouvoir-pour-leconomie\/#respond"]}]},{"@type":"WebPage","@id":"https:\/\/kapitalis.com\/tunisie\/2022\/06\/07\/tunisie-liace-deplore-le-faible-interet-du-pouvoir-pour-leconomie\/","url":"https:\/\/kapitalis.com\/tunisie\/2022\/06\/07\/tunisie-liace-deplore-le-faible-interet-du-pouvoir-pour-leconomie\/","name":"Tunisie\u00a0: l'IACE d\u00e9plore le faible int\u00e9r\u00eat du pouvoir pour l'\u00e9conomie - Kapitalis","isPartOf":{"@id":"https:\/\/kapitalis.com\/tunisie\/#website"},"primaryImageOfPage":{"@id":"https:\/\/kapitalis.com\/tunisie\/2022\/06\/07\/tunisie-liace-deplore-le-faible-interet-du-pouvoir-pour-leconomie\/#primaryimage"},"image":{"@id":"https:\/\/kapitalis.com\/tunisie\/2022\/06\/07\/tunisie-liace-deplore-le-faible-interet-du-pouvoir-pour-leconomie\/#primaryimage"},"thumbnailUrl":"https:\/\/kapitalis.com\/tunisie\/wp-content\/uploads\/2022\/06\/IACE.jpg","datePublished":"2022-06-07T06:31:52+00:00","dateModified":"2022-06-07T06:31:53+00:00","breadcrumb":{"@id":"https:\/\/kapitalis.com\/tunisie\/2022\/06\/07\/tunisie-liace-deplore-le-faible-interet-du-pouvoir-pour-leconomie\/#breadcrumb"},"inLanguage":"fr-FR","potentialAction":[{"@type":"ReadAction","target":["https:\/\/kapitalis.com\/tunisie\/2022\/06\/07\/tunisie-liace-deplore-le-faible-interet-du-pouvoir-pour-leconomie\/"]}]},{"@type":"ImageObject","inLanguage":"fr-FR","@id":"https:\/\/kapitalis.com\/tunisie\/2022\/06\/07\/tunisie-liace-deplore-le-faible-interet-du-pouvoir-pour-leconomie\/#primaryimage","url":"https:\/\/kapitalis.com\/tunisie\/wp-content\/uploads\/2022\/06\/IACE.jpg","contentUrl":"https:\/\/kapitalis.com\/tunisie\/wp-content\/uploads\/2022\/06\/IACE.jpg","width":1200,"height":630},{"@type":"BreadcrumbList","@id":"https:\/\/kapitalis.com\/tunisie\/2022\/06\/07\/tunisie-liace-deplore-le-faible-interet-du-pouvoir-pour-leconomie\/#breadcrumb","itemListElement":[{"@type":"ListItem","position":1,"name":"Accueil","item":"https:\/\/kapitalis.com\/tunisie\/"},{"@type":"ListItem","position":2,"name":"Tunisie\u00a0: l&rsquo;IACE d\u00e9plore le faible int\u00e9r\u00eat du pouvoir pour l&rsquo;\u00e9conomie"}]},{"@type":"WebSite","@id":"https:\/\/kapitalis.com\/tunisie\/#website","url":"https:\/\/kapitalis.com\/tunisie\/","name":"Kapitalis","description":"L&#039;actualit\u00e9 en Tunisie et dans le monde","publisher":{"@id":"https:\/\/kapitalis.com\/tunisie\/#organization"},"potentialAction":[{"@type":"SearchAction","target":{"@type":"EntryPoint","urlTemplate":"https:\/\/kapitalis.com\/tunisie\/?s={search_term_string}"},"query-input":{"@type":"PropertyValueSpecification","valueRequired":true,"valueName":"search_term_string"}}],"inLanguage":"fr-FR"},{"@type":"Organization","@id":"https:\/\/kapitalis.com\/tunisie\/#organization","name":"Kapitalis","url":"https:\/\/kapitalis.com\/tunisie\/","logo":{"@type":"ImageObject","inLanguage":"fr-FR","@id":"https:\/\/kapitalis.com\/tunisie\/#\/schema\/logo\/image\/","url":"https:\/\/kapitalis.com\/tunisie\/wp-content\/uploads\/2022\/05\/Kapitalis-big-size.png","contentUrl":"https:\/\/kapitalis.com\/tunisie\/wp-content\/uploads\/2022\/05\/Kapitalis-big-size.png","width":5000,"height":1500,"caption":"Kapitalis"},"image":{"@id":"https:\/\/kapitalis.com\/tunisie\/#\/schema\/logo\/image\/"},"sameAs":["https:\/\/www.facebook.com\/KapitalisInfo\/","https:\/\/x.com\/KapitalisInfo","https:\/\/www.youtube.com\/channel\/UC-yDYrHyfFBWWZaOw3FPg9Q"]},{"@type":"Person","@id":"https:\/\/kapitalis.com\/tunisie\/#\/schema\/person\/d71f33a9ca44f7bad4698210b480c8e9","name":"webmaster kapitalis","url":"https:\/\/kapitalis.com\/tunisie\/author\/webmaster-kapitalis\/"}]}},"_links":{"self":[{"href":"https:\/\/kapitalis.com\/tunisie\/wp-json\/wp\/v2\/posts\/1300582","targetHints":{"allow":["GET"]}}],"collection":[{"href":"https:\/\/kapitalis.com\/tunisie\/wp-json\/wp\/v2\/posts"}],"about":[{"href":"https:\/\/kapitalis.com\/tunisie\/wp-json\/wp\/v2\/types\/post"}],"author":[{"embeddable":true,"href":"https:\/\/kapitalis.com\/tunisie\/wp-json\/wp\/v2\/users\/8"}],"replies":[{"embeddable":true,"href":"https:\/\/kapitalis.com\/tunisie\/wp-json\/wp\/v2\/comments?post=1300582"}],"version-history":[{"count":0,"href":"https:\/\/kapitalis.com\/tunisie\/wp-json\/wp\/v2\/posts\/1300582\/revisions"}],"wp:featuredmedia":[{"embeddable":true,"href":"https:\/\/kapitalis.com\/tunisie\/wp-json\/wp\/v2\/media\/1300639"}],"wp:attachment":[{"href":"https:\/\/kapitalis.com\/tunisie\/wp-json\/wp\/v2\/media?parent=1300582"}],"wp:term":[{"taxonomy":"category","embeddable":true,"href":"https:\/\/kapitalis.com\/tunisie\/wp-json\/wp\/v2\/categories?post=1300582"},{"taxonomy":"post_tag","embeddable":true,"href":"https:\/\/kapitalis.com\/tunisie\/wp-json\/wp\/v2\/tags?post=1300582"}],"curies":[{"name":"wp","href":"https:\/\/api.w.org\/{rel}","templated":true}]}}